{"id":1363,"date":"2020-05-12T18:31:00","date_gmt":"2020-05-12T18:31:00","guid":{"rendered":"https:\/\/bozsogiattila.hu\/?p=1363"},"modified":"2024-01-10T18:32:26","modified_gmt":"2024-01-10T18:32:26","slug":"zizegnek-a-falevelek","status":"publish","type":"post","link":"https:\/\/bozsogiattila.hu\/?p=1363","title":{"rendered":"ZIZEGNEK A FALEVELEK"},"content":{"rendered":"\n<p class=\"wp-block-paragraph\">ZIZEGNEK A FALEVELEK<\/p>\n\n\n\n<p class=\"wp-block-paragraph\">Zizegnek a falevelek,<br>A magasban besz\u00e9lgetnek.<br>S\u00fcv\u00edt\u0151 sz\u00e9l t\u00e9pi \u0151ket,<br>Nem k\u00edm\u00e9li, szeg\u00e9nyeket.<\/p>\n\n\n\n<p class=\"wp-block-paragraph\">A fa\u00e1gak hajladoznak,<br>F\u00e1jdalmasan s\u00f3hajtoznak.<br>N\u00e9ha napj\u00e1n le is t\u0151rnek,<br>\u00c1rtatlanul \u00fagy szenvednek.<\/p>\n\n\n\n<p class=\"wp-block-paragraph\">Suttog\u00e1suk messze hallik,<br>Szomor\u00faak panaszaik,<br>De a sz\u00e9l, m\u00e9gsem hagy al\u00e1bb,<br>K\u00e9pes kid\u00f6nteni a f\u00e1t.<\/p>\n\n\n\n<p class=\"wp-block-paragraph\">Ez\u00fcstny\u00e1rfa koron\u00e1ja,<br>Ilyenkor meg van cib\u00e1lva.<br>\u00c1gaik k\u00f6zt mad\u00e1rf\u00e9szkek,<br>Fi\u00f3k\u00e1kat rejtegetnek.<\/p>\n\n\n\n<p class=\"wp-block-paragraph\">A fi\u00f3k\u00e1k ringadoznak,<br>F\u00e9lelm\u00fckben \u00f6sszeb\u00fajnak.<br>Nem \u00e9ltek m\u00e9g soha ilyet,<br>Tollpih\u00e9j\u00fckben remegnek.<\/p>\n\n\n\n<p class=\"wp-block-paragraph\">T\u00e9pd a f\u00e1t, harsogja a sz\u00e9l,<br>Kegyetlen\u00fcl arr\u00f3l besz\u00e9l.<br>Mi\u00e9rt \u00e1llnak az utunkba,<br>Ord\u00edt, tombol, \u00e1tkoz\u00f3dva.<\/p>\n\n\n\n<p class=\"wp-block-paragraph\">Az erd\u0151 lombkoron\u00e1ja,<br>Hajlik jobbra, hajlik balra.<br>\u00datj\u00e1t \u00e1llja a viharnak,<br>Megk\u00fczdenek, \u00fagy harcolnak.<\/p>\n\n\n\n<p class=\"wp-block-paragraph\">A fa\u00e1gak egyre t\u0151rnek,<br>Nagy vesz\u00e9ly az a f\u00e9szkeknek.<br>A sz\u00e9l felkapja azokat,<br>Nagy el\u00e1nnal, tovaszalad.<\/p>\n\n\n\n<p class=\"wp-block-paragraph\">A fi\u00f3k\u00e1k kiborulnak,<br>Szerte-sz\u00e9jjel sz\u00e9tsz\u00f3r\u00f3dnak.<br>A kicsik m\u00e9g alig \u00e9ltek,<br>\u00c1rtatlanul kiszenvedtek.<\/p>\n\n\n\n<p class=\"wp-block-paragraph\">Riadt anyjuk, apjuk, riog,<br>Hisz \u0151ket \u00e9rte a balsors.<br>R\u00f6pd\u00f6snek nagy zsibong\u00e1ssal,<br>\u0170z\u00f6tt vadhoz hasonl\u00f3an.<\/p>\n\n\n\n<p class=\"wp-block-paragraph\">Magukkal \u0151k nem t\u00f6r\u0151dnek,<br>Keresik az elt\u0171nt f\u00e9szket.<br>De hi\u00e1ba nyoma sincs m\u00e1r,<br>V\u00e9ge lett mindennek most m\u00e1r.<\/p>\n\n\n\n<p class=\"wp-block-paragraph\">A levelek egyre hullnak,<br>Vastagon mindent takarnak.<br>S\u00edrhant lesz a fi\u00f3k\u00e1knak,<br>Gy\u00e1szlepel a mad\u00e1rk\u00e1knak.<\/p>\n\n\n\n<p class=\"wp-block-paragraph\">A sz\u00e9l mintha elf\u00e1radna,<br>A magaslatot elhagyja.<br>Az avart kezdi p\u00e1szt\u00e1zni,<br>Elragadja, tov\u00e1bb viszi.<\/p>\n\n\n\n<p class=\"wp-block-paragraph\">A term\u00e9szet sz\u00e9p-, kegyetlen.<br>\u00c1lnok, k\u00e9t arca van egyben.<br>N\u00e9ha szell\u0151 alakj\u00e1ban,<br>Cik\u00e1zik lombkoron\u00e1kban.<\/p>\n\n\n\n<p class=\"wp-block-paragraph\">Egyszer mintegy esze-veszett,<br>Tombolni kezd-, fergeteges.<br>Zabol\u00e1tlan gonoszs\u00e1ggal,<br>Vihart sz\u00edt nagy haragj\u00e1val.<\/p>\n\n\n\n<p class=\"wp-block-paragraph\">Kezesb\u00e1r\u00e1nny\u00e1 lesz k\u00e9s\u0151bb,<br>Elfeledve a r\u00e9miszt\u0151t.<br>B\u00e9ke lesz \u00e9s nagy boldogs\u00e1g,<br>Vihar \u00e9s csend, v\u00e1ltj\u00e1k egym\u00e1st!<\/p>\n\n\n\n<p class=\"wp-block-paragraph\">Mak\u00f3, 2020-05-12<\/p>\n","protected":false},"excerpt":{"rendered":"<p>ZIZEGNEK A FALEVELEK Zizegnek a falevelek,A magasban besz\u00e9lgetnek.S\u00fcv\u00edt\u0151 sz\u00e9l t\u00e9pi \u0151ket,Nem k\u00edm\u00e9li, szeg\u00e9nyeket. A fa\u00e1gak hajladoznak,F\u00e1jdalmasan s\u00f3hajtoznak.N\u00e9ha napj\u00e1n le is t\u0151rnek,\u00c1rtatlanul \u00fagy szenvednek. Suttog\u00e1suk messze hallik,Szomor\u00faak panaszaik,De a sz\u00e9l, m\u00e9gsem hagy al\u00e1bb,K\u00e9pes kid\u00f6nteni a f\u00e1t. Ez\u00fcstny\u00e1rfa koron\u00e1ja,Ilyenkor meg van cib\u00e1lva.\u00c1gaik k\u00f6zt mad\u00e1rf\u00e9szkek,Fi\u00f3k\u00e1kat rejtegetnek. A fi\u00f3k\u00e1k ringadoznak,F\u00e9lelm\u00fckben \u00f6sszeb\u00fajnak.Nem \u00e9ltek m\u00e9g soha ilyet,Tollpih\u00e9j\u00fckben remegnek. T\u00e9pd a f\u00e1t, &#8230; <a title=\"ZIZEGNEK A FALEVELEK\" class=\"read-more\" href=\"https:\/\/bozsogiattila.hu\/?p=1363\" aria-label=\"Tov\u00e1bbiak ZIZEGNEK A FALEVELEK\">Olvass tov\u00e1bb<\/a><\/p>\n","protected":false},"author":3,"featured_media":0,"comment_status":"closed","ping_status":"open","sticky":false,"template":"","format":"standard","meta":{"footnotes":""},"categories":[4],"tags":[321,12],"class_list":["post-1363","post","type-post","status-publish","format-standard","hentry","category-versek","tag-321","tag-mako"],"yoast_head":"<!-- This site is optimized with the Yoast SEO plugin v21.8 - https:\/\/yoast.com\/wordpress\/plugins\/seo\/ -->\n<title>ZIZEGNEK A FALEVELEK - Bozsogi Attila<\/title>\n<meta name=\"robots\" content=\"index, follow, max-snippet:-1, max-image-preview:large, max-video-preview:-1\" \/>\n<link rel=\"canonical\" href=\"https:\/\/bozsogiattila.hu\/?p=1363\" \/>\n<meta property=\"og:locale\" content=\"hu_HU\" \/>\n<meta property=\"og:type\" content=\"article\" \/>\n<meta property=\"og:title\" content=\"ZIZEGNEK A FALEVELEK - Bozsogi Attila\" \/>\n<meta property=\"og:description\" content=\"ZIZEGNEK A FALEVELEK Zizegnek a falevelek,A magasban besz\u00e9lgetnek.S\u00fcv\u00edt\u0151 sz\u00e9l t\u00e9pi \u0151ket,Nem k\u00edm\u00e9li, szeg\u00e9nyeket. A fa\u00e1gak hajladoznak,F\u00e1jdalmasan s\u00f3hajtoznak.N\u00e9ha napj\u00e1n le is t\u0151rnek,\u00c1rtatlanul \u00fagy szenvednek. Suttog\u00e1suk messze hallik,Szomor\u00faak panaszaik,De a sz\u00e9l, m\u00e9gsem hagy al\u00e1bb,K\u00e9pes kid\u00f6nteni a f\u00e1t. Ez\u00fcstny\u00e1rfa koron\u00e1ja,Ilyenkor meg van cib\u00e1lva.\u00c1gaik k\u00f6zt mad\u00e1rf\u00e9szkek,Fi\u00f3k\u00e1kat rejtegetnek. A fi\u00f3k\u00e1k ringadoznak,F\u00e9lelm\u00fckben \u00f6sszeb\u00fajnak.Nem \u00e9ltek m\u00e9g soha ilyet,Tollpih\u00e9j\u00fckben remegnek. T\u00e9pd a f\u00e1t, ... Olvass tov\u00e1bb\" \/>\n<meta property=\"og:url\" content=\"https:\/\/bozsogiattila.hu\/?p=1363\" \/>\n<meta property=\"og:site_name\" content=\"Bozsogi Attila\" \/>\n<meta property=\"article:published_time\" content=\"2020-05-12T18:31:00+00:00\" \/>\n<meta property=\"article:modified_time\" content=\"2024-01-10T18:32:26+00:00\" \/>\n<meta name=\"author\" content=\"Bozsogi Attila\" \/>\n<meta name=\"twitter:card\" content=\"summary_large_image\" \/>\n<meta name=\"twitter:label1\" content=\"Szerz\u0151:\" \/>\n\t<meta name=\"twitter:data1\" content=\"Bozsogi Attila\" \/>\n\t<meta name=\"twitter:label2\" content=\"Becs\u00fclt olvas\u00e1si id\u0151\" \/>\n\t<meta name=\"twitter:data2\" content=\"2 perc\" \/>\n<script type=\"application\/ld+json\" class=\"yoast-schema-graph\">{\"@context\":\"https:\/\/schema.org\",\"@graph\":[{\"@type\":\"WebPage\",\"@id\":\"https:\/\/bozsogiattila.hu\/?p=1363\",\"url\":\"https:\/\/bozsogiattila.hu\/?p=1363\",\"name\":\"ZIZEGNEK A FALEVELEK - Bozsogi Attila\",\"isPartOf\":{\"@id\":\"https:\/\/bozsogiattila.hu\/#website\"},\"datePublished\":\"2020-05-12T18:31:00+00:00\",\"dateModified\":\"2024-01-10T18:32:26+00:00\",\"author\":{\"@id\":\"https:\/\/bozsogiattila.hu\/#\/schema\/person\/488c99f554a8c4039201260dd5eb795e\"},\"breadcrumb\":{\"@id\":\"https:\/\/bozsogiattila.hu\/?p=1363#breadcrumb\"},\"inLanguage\":\"hu\",\"potentialAction\":[{\"@type\":\"ReadAction\",\"target\":[\"https:\/\/bozsogiattila.hu\/?p=1363\"]}]},{\"@type\":\"BreadcrumbList\",\"@id\":\"https:\/\/bozsogiattila.hu\/?p=1363#breadcrumb\",\"itemListElement\":[{\"@type\":\"ListItem\",\"position\":1,\"name\":\"Kezd\u0151lap\",\"item\":\"https:\/\/bozsogiattila.hu\/\"},{\"@type\":\"ListItem\",\"position\":2,\"name\":\"ZIZEGNEK A FALEVELEK\"}]},{\"@type\":\"WebSite\",\"@id\":\"https:\/\/bozsogiattila.hu\/#website\",\"url\":\"https:\/\/bozsogiattila.hu\/\",\"name\":\"Bozsogi Attila\",\"description\":\"a zen\u00e9sz, \u00edr\u00f3 munk\u00e1ss\u00e1g\u00e1nak \u00e9s a mak\u00f3i muzsikusok eml\u00e9k\u00e9t \u0151rz\u0151 oldal\",\"potentialAction\":[{\"@type\":\"SearchAction\",\"target\":{\"@type\":\"EntryPoint\",\"urlTemplate\":\"https:\/\/bozsogiattila.hu\/?s={search_term_string}\"},\"query-input\":\"required name=search_term_string\"}],\"inLanguage\":\"hu\"},{\"@type\":\"Person\",\"@id\":\"https:\/\/bozsogiattila.hu\/#\/schema\/person\/488c99f554a8c4039201260dd5eb795e\",\"name\":\"Bozsogi Attila\",\"image\":{\"@type\":\"ImageObject\",\"inLanguage\":\"hu\",\"@id\":\"https:\/\/bozsogiattila.hu\/#\/schema\/person\/image\/\",\"url\":\"https:\/\/secure.gravatar.com\/avatar\/7da6b5985e34ed798d1670c54ce7d20e6a53b800bb0c07945c64b09392f3dbfd?s=96&d=mm&r=g\",\"contentUrl\":\"https:\/\/secure.gravatar.com\/avatar\/7da6b5985e34ed798d1670c54ce7d20e6a53b800bb0c07945c64b09392f3dbfd?s=96&d=mm&r=g\",\"caption\":\"Bozsogi Attila\"},\"sameAs\":[\"http:\/\/www.boszogiattila.hu\"],\"url\":\"https:\/\/bozsogiattila.hu\/?author=3\"}]}<\/script>\n<!-- \/ Yoast SEO plugin. -->","yoast_head_json":{"title":"ZIZEGNEK A FALEVELEK - Bozsogi Attila","robots":{"index":"index","follow":"follow","max-snippet":"max-snippet:-1","max-image-preview":"max-image-preview:large","max-video-preview":"max-video-preview:-1"},"canonical":"https:\/\/bozsogiattila.hu\/?p=1363","og_locale":"hu_HU","og_type":"article","og_title":"ZIZEGNEK A FALEVELEK - Bozsogi Attila","og_description":"ZIZEGNEK A FALEVELEK Zizegnek a falevelek,A magasban besz\u00e9lgetnek.S\u00fcv\u00edt\u0151 sz\u00e9l t\u00e9pi \u0151ket,Nem k\u00edm\u00e9li, szeg\u00e9nyeket. A fa\u00e1gak hajladoznak,F\u00e1jdalmasan s\u00f3hajtoznak.N\u00e9ha napj\u00e1n le is t\u0151rnek,\u00c1rtatlanul \u00fagy szenvednek. Suttog\u00e1suk messze hallik,Szomor\u00faak panaszaik,De a sz\u00e9l, m\u00e9gsem hagy al\u00e1bb,K\u00e9pes kid\u00f6nteni a f\u00e1t. Ez\u00fcstny\u00e1rfa koron\u00e1ja,Ilyenkor meg van cib\u00e1lva.\u00c1gaik k\u00f6zt mad\u00e1rf\u00e9szkek,Fi\u00f3k\u00e1kat rejtegetnek. A fi\u00f3k\u00e1k ringadoznak,F\u00e9lelm\u00fckben \u00f6sszeb\u00fajnak.Nem \u00e9ltek m\u00e9g soha ilyet,Tollpih\u00e9j\u00fckben remegnek. T\u00e9pd a f\u00e1t, ... Olvass tov\u00e1bb","og_url":"https:\/\/bozsogiattila.hu\/?p=1363","og_site_name":"Bozsogi Attila","article_published_time":"2020-05-12T18:31:00+00:00","article_modified_time":"2024-01-10T18:32:26+00:00","author":"Bozsogi Attila","twitter_card":"summary_large_image","twitter_misc":{"Szerz\u0151:":"Bozsogi Attila","Becs\u00fclt olvas\u00e1si id\u0151":"2 perc"},"schema":{"@context":"https:\/\/schema.org","@graph":[{"@type":"WebPage","@id":"https:\/\/bozsogiattila.hu\/?p=1363","url":"https:\/\/bozsogiattila.hu\/?p=1363","name":"ZIZEGNEK A FALEVELEK - Bozsogi Attila","isPartOf":{"@id":"https:\/\/bozsogiattila.hu\/#website"},"datePublished":"2020-05-12T18:31:00+00:00","dateModified":"2024-01-10T18:32:26+00:00","author":{"@id":"https:\/\/bozsogiattila.hu\/#\/schema\/person\/488c99f554a8c4039201260dd5eb795e"},"breadcrumb":{"@id":"https:\/\/bozsogiattila.hu\/?p=1363#breadcrumb"},"inLanguage":"hu","potentialAction":[{"@type":"ReadAction","target":["https:\/\/bozsogiattila.hu\/?p=1363"]}]},{"@type":"BreadcrumbList","@id":"https:\/\/bozsogiattila.hu\/?p=1363#breadcrumb","itemListElement":[{"@type":"ListItem","position":1,"name":"Kezd\u0151lap","item":"https:\/\/bozsogiattila.hu\/"},{"@type":"ListItem","position":2,"name":"ZIZEGNEK A FALEVELEK"}]},{"@type":"WebSite","@id":"https:\/\/bozsogiattila.hu\/#website","url":"https:\/\/bozsogiattila.hu\/","name":"Bozsogi Attila","description":"a zen\u00e9sz, \u00edr\u00f3 munk\u00e1ss\u00e1g\u00e1nak \u00e9s a mak\u00f3i muzsikusok eml\u00e9k\u00e9t \u0151rz\u0151 oldal","potentialAction":[{"@type":"SearchAction","target":{"@type":"EntryPoint","urlTemplate":"https:\/\/bozsogiattila.hu\/?s={search_term_string}"},"query-input":"required name=search_term_string"}],"inLanguage":"hu"},{"@type":"Person","@id":"https:\/\/bozsogiattila.hu\/#\/schema\/person\/488c99f554a8c4039201260dd5eb795e","name":"Bozsogi Attila","image":{"@type":"ImageObject","inLanguage":"hu","@id":"https:\/\/bozsogiattila.hu\/#\/schema\/person\/image\/","url":"https:\/\/secure.gravatar.com\/avatar\/7da6b5985e34ed798d1670c54ce7d20e6a53b800bb0c07945c64b09392f3dbfd?s=96&d=mm&r=g","contentUrl":"https:\/\/secure.gravatar.com\/avatar\/7da6b5985e34ed798d1670c54ce7d20e6a53b800bb0c07945c64b09392f3dbfd?s=96&d=mm&r=g","caption":"Bozsogi Attila"},"sameAs":["http:\/\/www.boszogiattila.hu"],"url":"https:\/\/bozsogiattila.hu\/?author=3"}]}},"jetpack_featured_media_url":"","_links":{"self":[{"href":"https:\/\/bozsogiattila.hu\/index.php?rest_route=\/wp\/v2\/posts\/1363","targetHints":{"allow":["GET"]}}],"collection":[{"href":"https:\/\/bozsogiattila.hu\/index.php?rest_route=\/wp\/v2\/posts"}],"about":[{"href":"https:\/\/bozsogiattila.hu\/index.php?rest_route=\/wp\/v2\/types\/post"}],"author":[{"embeddable":true,"href":"https:\/\/bozsogiattila.hu\/index.php?rest_route=\/wp\/v2\/users\/3"}],"replies":[{"embeddable":true,"href":"https:\/\/bozsogiattila.hu\/index.php?rest_route=%2Fwp%2Fv2%2Fcomments&post=1363"}],"version-history":[{"count":1,"href":"https:\/\/bozsogiattila.hu\/index.php?rest_route=\/wp\/v2\/posts\/1363\/revisions"}],"predecessor-version":[{"id":1364,"href":"https:\/\/bozsogiattila.hu\/index.php?rest_route=\/wp\/v2\/posts\/1363\/revisions\/1364"}],"wp:attachment":[{"href":"https:\/\/bozsogiattila.hu\/index.php?rest_route=%2Fwp%2Fv2%2Fmedia&parent=1363"}],"wp:term":[{"taxonomy":"category","embeddable":true,"href":"https:\/\/bozsogiattila.hu\/index.php?rest_route=%2Fwp%2Fv2%2Fcategories&post=1363"},{"taxonomy":"post_tag","embeddable":true,"href":"https:\/\/bozsogiattila.hu\/index.php?rest_route=%2Fwp%2Fv2%2Ftags&post=1363"}],"curies":[{"name":"wp","href":"https:\/\/api.w.org\/{rel}","templated":true}]}}