{"id":1379,"date":"2021-01-15T18:39:00","date_gmt":"2021-01-15T18:39:00","guid":{"rendered":"https:\/\/bozsogiattila.hu\/?p=1379"},"modified":"2024-01-10T18:40:16","modified_gmt":"2024-01-10T18:40:16","slug":"kolto-lettem","status":"publish","type":"post","link":"https:\/\/bozsogiattila.hu\/?p=1379","title":{"rendered":"K\u00d6LT\u0150 LETTEM\u2026"},"content":{"rendered":"\n<p class=\"wp-block-paragraph\">K\u00d6LT\u0150 LETTEM\u2026<\/p>\n\n\n\n<p class=\"wp-block-paragraph\">K\u00f6lt\u0151 lettem, s \u00edr\u00f3 vagyok,<br>Pihen\u00e9sk\u00e9nt zen\u00e9t \u00edrok.<br>Rangom adta-, k\u00f6lt\u00e9szetem,<br>Ord\u00f3 m\u00e9gsem j\u00e1rt \u00e9nnekem.<\/p>\n\n\n\n<p class=\"wp-block-paragraph\">Elismer\u00e9sem elmaradt,<br>Alkothatok-, az jutalmam.<br>T\u00f6bb mint ezer verset \u00edrtam,<br>K\u00f6nyveimben mind benne van.<\/p>\n\n\n\n<p class=\"wp-block-paragraph\">Sok gondolat van munk\u00e1mban,<br>Benn lakozik \u00e1lmaimban.<br>De m\u00e9g sokkal t\u00f6bb van bennem,<br>Ha elmegyek-, mind elviszem.<\/p>\n\n\n\n<p class=\"wp-block-paragraph\">M\u00f3ricz Zsigmond reg\u00e9nyeit,<br>R\u00f3zsa S\u00e1ndor eml\u00e9keit,<br>Versekk\u00e9 \u00e1tfabrik\u00e1ltam,<br>T\u00e1jsz\u00f3l\u00e1ssal \u00fajj\u00e1\u00edrtam.<\/p>\n\n\n\n<p class=\"wp-block-paragraph\">K\u00f6nyveimben ott lakoznak,<br>Egym\u00e1s mellett sorakoznak.<br>Reg\u00e9nyeim fant\u00e1zi\u00e1m,<br>Az is lehet, igaz tal\u00e1n.<\/p>\n\n\n\n<p class=\"wp-block-paragraph\">Fant\u00e1zi\u00e1m csapong\u00e1sa,<br>\u00c1br\u00e1ndjaim minden napja,<br>Versszakokban ott hevernek,<br>N\u00e9ha-n\u00e9ha visszat\u00e9rnek.<\/p>\n\n\n\n<p class=\"wp-block-paragraph\">Mes\u00e9ket is \u00edrogattam,<br>A h\u0151seit kital\u00e1ltam,<br>Messze f\u00f6ldre utaztattam,<br>Kalandokkal felruh\u00e1ztam.<\/p>\n\n\n\n<p class=\"wp-block-paragraph\">N\u00f3t\u00e1imnak a sz\u00f6vege,<br>Mind-mind le van az jegyezve.<br>\u201eFelmegyek az \u00daristenhez\u201d,<br>Els\u0151 n\u00f3t\u00e1m a kedvencem.<\/p>\n\n\n\n<p class=\"wp-block-paragraph\">R\u00e1di\u00f3kban n\u00e9ha j\u00e1tssz\u00e1k,<br>Cig\u00e1nyzenekarok, n\u00f3t\u00e1m.<br>H\u00edres \u00e9nekesek hangja,<br>Felhangzik az el\u0151adva.<\/p>\n\n\n\n<p class=\"wp-block-paragraph\">Sz\u00e9p szavak, sz\u00f3k, szerelmesek.<br>N\u00f3t\u00e1imban felcsengenek.<br>Persze vid\u00e1mak is vannak,<br>Amelyekre mulathatnak.<\/p>\n\n\n\n<p class=\"wp-block-paragraph\">Koncerteztem n\u00e9ha napj\u00e1n,<br>Vid\u00e1ms\u00e1got tolm\u00e1csolv\u00e1n.<br>Nem heny\u00e9ltem lustas\u00e1ggal<br>Ink\u00e1bb alkottam el\u00e1nnal.<\/p>\n\n\n\n<p class=\"wp-block-paragraph\">M\u00faltam, jelenem \u00e9s j\u00f6v\u0151m,<br>Ezekr\u0151l sz\u00f3l mind a t\u00edz k\u00f6nyv.<br>Megosztottam eml\u00e9keim,<br>Embert\u00e1rsaimmal azt mind.<\/p>\n\n\n\n<p class=\"wp-block-paragraph\">Visszat\u00e9rtem \u0151seimhez,<br>A m\u00faltamban eny\u00e9imhez.<br>S\u00edrjukn\u00e1l elbesz\u00e9lgettem,<br>N\u00e9ha k\u00f6nnyet is ejtettem.<\/p>\n\n\n\n<p class=\"wp-block-paragraph\">Jelenemben j\u00f6v\u0151t l\u00e1tok,<br>Unok\u00e1im utaznak ott.<br>V\u00e1gy\u00e1lmomnak h\u0151sei \u0151k,<br>R\u00f3luk \u00edrok, versekben h\u0151n.<\/p>\n\n\n\n<p class=\"wp-block-paragraph\">Br\u00fan\u00f3t sem felejthetem ki,<br>H\u0171s\u00e9g\u00e9\u00e9rt meg\u00e9rdemli.<br>Kedvenc kuty\u00e1m volt \u0151 nekem,<br>Versemben nevemre vettem.<\/p>\n\n\n\n<p class=\"wp-block-paragraph\">Minden, amit eddig \u00edrtam,<br>Tal\u00e1n kev\u00e9s, vagy sok is az.<br>M\u00e9gis \u00edrok rend\u00fcletlen,<br>Kevesebbet vigyek, majd el!<\/p>\n\n\n\n<p class=\"wp-block-paragraph\">Mak\u00f3, 2021-01-15<\/p>\n","protected":false},"excerpt":{"rendered":"<p>K\u00d6LT\u0150 LETTEM\u2026 K\u00f6lt\u0151 lettem, s \u00edr\u00f3 vagyok,Pihen\u00e9sk\u00e9nt zen\u00e9t \u00edrok.Rangom adta-, k\u00f6lt\u00e9szetem,Ord\u00f3 m\u00e9gsem j\u00e1rt \u00e9nnekem. Elismer\u00e9sem elmaradt,Alkothatok-, az jutalmam.T\u00f6bb mint ezer verset \u00edrtam,K\u00f6nyveimben mind benne van. Sok gondolat van munk\u00e1mban,Benn lakozik \u00e1lmaimban.De m\u00e9g sokkal t\u00f6bb van bennem,Ha elmegyek-, mind elviszem. M\u00f3ricz Zsigmond reg\u00e9nyeit,R\u00f3zsa S\u00e1ndor eml\u00e9keit,Versekk\u00e9 \u00e1tfabrik\u00e1ltam,T\u00e1jsz\u00f3l\u00e1ssal \u00fajj\u00e1\u00edrtam. K\u00f6nyveimben ott lakoznak,Egym\u00e1s mellett sorakoznak.Reg\u00e9nyeim fant\u00e1zi\u00e1m,Az is lehet, igaz &#8230; <a title=\"K\u00d6LT\u0150 LETTEM\u2026\" class=\"read-more\" href=\"https:\/\/bozsogiattila.hu\/?p=1379\" aria-label=\"Tov\u00e1bbiak K\u00d6LT\u0150 LETTEM\u2026\">Olvass tov\u00e1bb<\/a><\/p>\n","protected":false},"author":3,"featured_media":0,"comment_status":"closed","ping_status":"open","sticky":false,"template":"","format":"standard","meta":{"footnotes":""},"categories":[4],"tags":[314,12],"class_list":["post-1379","post","type-post","status-publish","format-standard","hentry","category-versek","tag-314","tag-mako"],"yoast_head":"<!-- This site is optimized with the Yoast SEO plugin v21.8 - https:\/\/yoast.com\/wordpress\/plugins\/seo\/ -->\n<title>K\u00d6LT\u0150 LETTEM\u2026 - Bozsogi Attila<\/title>\n<meta name=\"robots\" content=\"index, follow, max-snippet:-1, max-image-preview:large, max-video-preview:-1\" \/>\n<link rel=\"canonical\" href=\"https:\/\/bozsogiattila.hu\/?p=1379\" \/>\n<meta property=\"og:locale\" content=\"hu_HU\" \/>\n<meta property=\"og:type\" content=\"article\" \/>\n<meta property=\"og:title\" content=\"K\u00d6LT\u0150 LETTEM\u2026 - Bozsogi Attila\" \/>\n<meta property=\"og:description\" content=\"K\u00d6LT\u0150 LETTEM\u2026 K\u00f6lt\u0151 lettem, s \u00edr\u00f3 vagyok,Pihen\u00e9sk\u00e9nt zen\u00e9t \u00edrok.Rangom adta-, k\u00f6lt\u00e9szetem,Ord\u00f3 m\u00e9gsem j\u00e1rt \u00e9nnekem. Elismer\u00e9sem elmaradt,Alkothatok-, az jutalmam.T\u00f6bb mint ezer verset \u00edrtam,K\u00f6nyveimben mind benne van. Sok gondolat van munk\u00e1mban,Benn lakozik \u00e1lmaimban.De m\u00e9g sokkal t\u00f6bb van bennem,Ha elmegyek-, mind elviszem. M\u00f3ricz Zsigmond reg\u00e9nyeit,R\u00f3zsa S\u00e1ndor eml\u00e9keit,Versekk\u00e9 \u00e1tfabrik\u00e1ltam,T\u00e1jsz\u00f3l\u00e1ssal \u00fajj\u00e1\u00edrtam. K\u00f6nyveimben ott lakoznak,Egym\u00e1s mellett sorakoznak.Reg\u00e9nyeim fant\u00e1zi\u00e1m,Az is lehet, igaz ... Olvass tov\u00e1bb\" \/>\n<meta property=\"og:url\" content=\"https:\/\/bozsogiattila.hu\/?p=1379\" \/>\n<meta property=\"og:site_name\" content=\"Bozsogi Attila\" \/>\n<meta property=\"article:published_time\" content=\"2021-01-15T18:39:00+00:00\" \/>\n<meta property=\"article:modified_time\" content=\"2024-01-10T18:40:16+00:00\" \/>\n<meta name=\"author\" content=\"Bozsogi Attila\" \/>\n<meta name=\"twitter:card\" content=\"summary_large_image\" \/>\n<meta name=\"twitter:label1\" content=\"Szerz\u0151:\" \/>\n\t<meta name=\"twitter:data1\" content=\"Bozsogi Attila\" \/>\n\t<meta name=\"twitter:label2\" content=\"Becs\u00fclt olvas\u00e1si id\u0151\" \/>\n\t<meta name=\"twitter:data2\" content=\"2 perc\" \/>\n<script type=\"application\/ld+json\" class=\"yoast-schema-graph\">{\"@context\":\"https:\/\/schema.org\",\"@graph\":[{\"@type\":\"WebPage\",\"@id\":\"https:\/\/bozsogiattila.hu\/?p=1379\",\"url\":\"https:\/\/bozsogiattila.hu\/?p=1379\",\"name\":\"K\u00d6LT\u0150 LETTEM\u2026 - Bozsogi Attila\",\"isPartOf\":{\"@id\":\"https:\/\/bozsogiattila.hu\/#website\"},\"datePublished\":\"2021-01-15T18:39:00+00:00\",\"dateModified\":\"2024-01-10T18:40:16+00:00\",\"author\":{\"@id\":\"https:\/\/bozsogiattila.hu\/#\/schema\/person\/488c99f554a8c4039201260dd5eb795e\"},\"breadcrumb\":{\"@id\":\"https:\/\/bozsogiattila.hu\/?p=1379#breadcrumb\"},\"inLanguage\":\"hu\",\"potentialAction\":[{\"@type\":\"ReadAction\",\"target\":[\"https:\/\/bozsogiattila.hu\/?p=1379\"]}]},{\"@type\":\"BreadcrumbList\",\"@id\":\"https:\/\/bozsogiattila.hu\/?p=1379#breadcrumb\",\"itemListElement\":[{\"@type\":\"ListItem\",\"position\":1,\"name\":\"Kezd\u0151lap\",\"item\":\"https:\/\/bozsogiattila.hu\/\"},{\"@type\":\"ListItem\",\"position\":2,\"name\":\"K\u00d6LT\u0150 LETTEM\u2026\"}]},{\"@type\":\"WebSite\",\"@id\":\"https:\/\/bozsogiattila.hu\/#website\",\"url\":\"https:\/\/bozsogiattila.hu\/\",\"name\":\"Bozsogi Attila\",\"description\":\"a zen\u00e9sz, \u00edr\u00f3 munk\u00e1ss\u00e1g\u00e1nak \u00e9s a mak\u00f3i muzsikusok eml\u00e9k\u00e9t \u0151rz\u0151 oldal\",\"potentialAction\":[{\"@type\":\"SearchAction\",\"target\":{\"@type\":\"EntryPoint\",\"urlTemplate\":\"https:\/\/bozsogiattila.hu\/?s={search_term_string}\"},\"query-input\":\"required name=search_term_string\"}],\"inLanguage\":\"hu\"},{\"@type\":\"Person\",\"@id\":\"https:\/\/bozsogiattila.hu\/#\/schema\/person\/488c99f554a8c4039201260dd5eb795e\",\"name\":\"Bozsogi Attila\",\"image\":{\"@type\":\"ImageObject\",\"inLanguage\":\"hu\",\"@id\":\"https:\/\/bozsogiattila.hu\/#\/schema\/person\/image\/\",\"url\":\"https:\/\/secure.gravatar.com\/avatar\/7da6b5985e34ed798d1670c54ce7d20e6a53b800bb0c07945c64b09392f3dbfd?s=96&d=mm&r=g\",\"contentUrl\":\"https:\/\/secure.gravatar.com\/avatar\/7da6b5985e34ed798d1670c54ce7d20e6a53b800bb0c07945c64b09392f3dbfd?s=96&d=mm&r=g\",\"caption\":\"Bozsogi Attila\"},\"sameAs\":[\"http:\/\/www.boszogiattila.hu\"],\"url\":\"https:\/\/bozsogiattila.hu\/?author=3\"}]}<\/script>\n<!-- \/ Yoast SEO plugin. -->","yoast_head_json":{"title":"K\u00d6LT\u0150 LETTEM\u2026 - Bozsogi Attila","robots":{"index":"index","follow":"follow","max-snippet":"max-snippet:-1","max-image-preview":"max-image-preview:large","max-video-preview":"max-video-preview:-1"},"canonical":"https:\/\/bozsogiattila.hu\/?p=1379","og_locale":"hu_HU","og_type":"article","og_title":"K\u00d6LT\u0150 LETTEM\u2026 - Bozsogi Attila","og_description":"K\u00d6LT\u0150 LETTEM\u2026 K\u00f6lt\u0151 lettem, s \u00edr\u00f3 vagyok,Pihen\u00e9sk\u00e9nt zen\u00e9t \u00edrok.Rangom adta-, k\u00f6lt\u00e9szetem,Ord\u00f3 m\u00e9gsem j\u00e1rt \u00e9nnekem. Elismer\u00e9sem elmaradt,Alkothatok-, az jutalmam.T\u00f6bb mint ezer verset \u00edrtam,K\u00f6nyveimben mind benne van. Sok gondolat van munk\u00e1mban,Benn lakozik \u00e1lmaimban.De m\u00e9g sokkal t\u00f6bb van bennem,Ha elmegyek-, mind elviszem. M\u00f3ricz Zsigmond reg\u00e9nyeit,R\u00f3zsa S\u00e1ndor eml\u00e9keit,Versekk\u00e9 \u00e1tfabrik\u00e1ltam,T\u00e1jsz\u00f3l\u00e1ssal \u00fajj\u00e1\u00edrtam. K\u00f6nyveimben ott lakoznak,Egym\u00e1s mellett sorakoznak.Reg\u00e9nyeim fant\u00e1zi\u00e1m,Az is lehet, igaz ... Olvass tov\u00e1bb","og_url":"https:\/\/bozsogiattila.hu\/?p=1379","og_site_name":"Bozsogi Attila","article_published_time":"2021-01-15T18:39:00+00:00","article_modified_time":"2024-01-10T18:40:16+00:00","author":"Bozsogi Attila","twitter_card":"summary_large_image","twitter_misc":{"Szerz\u0151:":"Bozsogi Attila","Becs\u00fclt olvas\u00e1si id\u0151":"2 perc"},"schema":{"@context":"https:\/\/schema.org","@graph":[{"@type":"WebPage","@id":"https:\/\/bozsogiattila.hu\/?p=1379","url":"https:\/\/bozsogiattila.hu\/?p=1379","name":"K\u00d6LT\u0150 LETTEM\u2026 - Bozsogi Attila","isPartOf":{"@id":"https:\/\/bozsogiattila.hu\/#website"},"datePublished":"2021-01-15T18:39:00+00:00","dateModified":"2024-01-10T18:40:16+00:00","author":{"@id":"https:\/\/bozsogiattila.hu\/#\/schema\/person\/488c99f554a8c4039201260dd5eb795e"},"breadcrumb":{"@id":"https:\/\/bozsogiattila.hu\/?p=1379#breadcrumb"},"inLanguage":"hu","potentialAction":[{"@type":"ReadAction","target":["https:\/\/bozsogiattila.hu\/?p=1379"]}]},{"@type":"BreadcrumbList","@id":"https:\/\/bozsogiattila.hu\/?p=1379#breadcrumb","itemListElement":[{"@type":"ListItem","position":1,"name":"Kezd\u0151lap","item":"https:\/\/bozsogiattila.hu\/"},{"@type":"ListItem","position":2,"name":"K\u00d6LT\u0150 LETTEM\u2026"}]},{"@type":"WebSite","@id":"https:\/\/bozsogiattila.hu\/#website","url":"https:\/\/bozsogiattila.hu\/","name":"Bozsogi Attila","description":"a zen\u00e9sz, \u00edr\u00f3 munk\u00e1ss\u00e1g\u00e1nak \u00e9s a mak\u00f3i muzsikusok eml\u00e9k\u00e9t \u0151rz\u0151 oldal","potentialAction":[{"@type":"SearchAction","target":{"@type":"EntryPoint","urlTemplate":"https:\/\/bozsogiattila.hu\/?s={search_term_string}"},"query-input":"required name=search_term_string"}],"inLanguage":"hu"},{"@type":"Person","@id":"https:\/\/bozsogiattila.hu\/#\/schema\/person\/488c99f554a8c4039201260dd5eb795e","name":"Bozsogi Attila","image":{"@type":"ImageObject","inLanguage":"hu","@id":"https:\/\/bozsogiattila.hu\/#\/schema\/person\/image\/","url":"https:\/\/secure.gravatar.com\/avatar\/7da6b5985e34ed798d1670c54ce7d20e6a53b800bb0c07945c64b09392f3dbfd?s=96&d=mm&r=g","contentUrl":"https:\/\/secure.gravatar.com\/avatar\/7da6b5985e34ed798d1670c54ce7d20e6a53b800bb0c07945c64b09392f3dbfd?s=96&d=mm&r=g","caption":"Bozsogi Attila"},"sameAs":["http:\/\/www.boszogiattila.hu"],"url":"https:\/\/bozsogiattila.hu\/?author=3"}]}},"jetpack_featured_media_url":"","_links":{"self":[{"href":"https:\/\/bozsogiattila.hu\/index.php?rest_route=\/wp\/v2\/posts\/1379","targetHints":{"allow":["GET"]}}],"collection":[{"href":"https:\/\/bozsogiattila.hu\/index.php?rest_route=\/wp\/v2\/posts"}],"about":[{"href":"https:\/\/bozsogiattila.hu\/index.php?rest_route=\/wp\/v2\/types\/post"}],"author":[{"embeddable":true,"href":"https:\/\/bozsogiattila.hu\/index.php?rest_route=\/wp\/v2\/users\/3"}],"replies":[{"embeddable":true,"href":"https:\/\/bozsogiattila.hu\/index.php?rest_route=%2Fwp%2Fv2%2Fcomments&post=1379"}],"version-history":[{"count":1,"href":"https:\/\/bozsogiattila.hu\/index.php?rest_route=\/wp\/v2\/posts\/1379\/revisions"}],"predecessor-version":[{"id":1380,"href":"https:\/\/bozsogiattila.hu\/index.php?rest_route=\/wp\/v2\/posts\/1379\/revisions\/1380"}],"wp:attachment":[{"href":"https:\/\/bozsogiattila.hu\/index.php?rest_route=%2Fwp%2Fv2%2Fmedia&parent=1379"}],"wp:term":[{"taxonomy":"category","embeddable":true,"href":"https:\/\/bozsogiattila.hu\/index.php?rest_route=%2Fwp%2Fv2%2Fcategories&post=1379"},{"taxonomy":"post_tag","embeddable":true,"href":"https:\/\/bozsogiattila.hu\/index.php?rest_route=%2Fwp%2Fv2%2Ftags&post=1379"}],"curies":[{"name":"wp","href":"https:\/\/api.w.org\/{rel}","templated":true}]}}