{"id":1386,"date":"2021-02-02T19:12:00","date_gmt":"2021-02-02T19:12:00","guid":{"rendered":"https:\/\/bozsogiattila.hu\/?p=1386"},"modified":"2024-01-10T19:13:09","modified_gmt":"2024-01-10T19:13:09","slug":"regi-emlek","status":"publish","type":"post","link":"https:\/\/bozsogiattila.hu\/?p=1386","title":{"rendered":"R\u00c9GI EML\u00c9K"},"content":{"rendered":"\n<p class=\"wp-block-paragraph\">R\u00c9GI EML\u00c9K<\/p>\n\n\n\n<p class=\"wp-block-paragraph\">Mennyi mindent \u00edrtam,<br>Azon gondolkodom.<br>\u00d6tlet \u00e9s idea,<br>Lehet, hogy mind \u00e1lom?<\/p>\n\n\n\n<p class=\"wp-block-paragraph\">\u00c9bren \u00e1lmodoztam,<br>A val\u00f3t becsapva.<br>Azon t\u0171n\u0151d\u00f6m most,<br>Megold\u00e1st kutatva.<\/p>\n\n\n\n<p class=\"wp-block-paragraph\">\u00c9vek sokas\u00e1g\u00e1t,<br>Vetettem pap\u00edrra.<br>Szerelmes szavakat,<br>Rejtve a sorokba.<\/p>\n\n\n\n<p class=\"wp-block-paragraph\">Sz\u00e9ps\u00e9get dics\u00e9rve,<br>Sokszor szipork\u00e1ztam.<br>V\u00e1gy\u00e1lmokk\u00f6zt j\u00e1rtam,<br>Mindent h\u00e1tra hagyva.<\/p>\n\n\n\n<p class=\"wp-block-paragraph\">Mentem csak el\u0151re,<br>\u00d6szt\u00f6n\u00f6m vez\u00e9relt.<br>Nem l\u00e1ttam az erd\u0151t,<br>Csak egy f\u00e1t bel\u0151le.<\/p>\n\n\n\n<p class=\"wp-block-paragraph\">N\u00e9ztem megcsod\u00e1ltam,<br>K\u00e9s\u0151bb tov\u00e1bb\u00e1lltam.<br>\u00daj erd\u0151t kerestem,<br>Hol m\u00e1s f\u00e1t tal\u00e1ltam.<\/p>\n\n\n\n<p class=\"wp-block-paragraph\">Magamat k\u00e9rdeztem,<br>N\u00e9ha, megdorg\u00e1ltam.<br>Mi\u00e9rt vagyok \u00e9n m\u00e1s,<br>Arra v\u00e1laszt v\u00e1rtam.<\/p>\n\n\n\n<p class=\"wp-block-paragraph\">A k\u00e9t szemem csalfa,<br>Arra is gondoltam.<br>M\u00e9rt j\u00e1tszanak velem,<br>Mindig m\u00e1st mutatva.<\/p>\n\n\n\n<p class=\"wp-block-paragraph\">Fiatal \u00e9veim,<br>Zivatarban teltek.<br>Sodr\u00f3dtam sok\u00e1ig,<br>N\u00e9ha k\u00e9telyekben.<\/p>\n\n\n\n<p class=\"wp-block-paragraph\">K\u00f6z\u00e9pkor\u00fa lettem,<br>Nem v\u00e1ltoztam semmit.<br>Csak a sz\u00e9pet l\u00e1ttam,<br>Ig\u00e9zett mindegyik.<\/p>\n\n\n\n<p class=\"wp-block-paragraph\">M\u00e1gnes \u00e9s vasvonz\u00e1st,<br>Oly \u00e9rz\u00e9st \u00e9reztem.<br>Vonz\u00f3dtam, gy\u00f6tr\u0151dtem,<br>Szebbik nemet n\u00e9ztem.<\/p>\n\n\n\n<p class=\"wp-block-paragraph\">Tavasz \u00e9s ny\u00e1r, ha j\u00f6tt,<br>Ruh\u00e1k r\u00f6vid\u00fcltek.<br>Dekolt\u00e1zsok m\u00e9lye,<br>Minden nap m\u00e9lyebb lett.<\/p>\n\n\n\n<p class=\"wp-block-paragraph\">Szinte felk\u00edn\u00e1lt\u00e1k,<br>(A) h\u00f6lgyek b\u00e1jaikat.<br>Kac\u00e9rkodva mentek,<br>Cs\u00edp\u0151ket risz\u00e1lva.<\/p>\n\n\n\n<p class=\"wp-block-paragraph\">Most m\u00e1r \u00f6reg lettem,<br>De m\u00e9g j\u00f3 a szemem.<br>Hogyha mutogatj\u00e1k,<br>Mindig j\u00f3l megn\u00e9zem.<\/p>\n\n\n\n<p class=\"wp-block-paragraph\">Diszkr\u00e9ten, ha l\u00e1tom,<br>Felforr m\u00e9g a v\u00e9rem.<br>Agyam felid\u00e9zi,<br>Amit r\u00e9gen \u00e9ltem.<\/p>\n\n\n\n<p class=\"wp-block-paragraph\">Eltelt, elm\u00falt, v\u00e9ge,<br>Az jut az eszembe.<br>Aki aszk\u00e9ta volt,<br>Nincs annak eml\u00e9ke!<\/p>\n\n\n\n<p class=\"wp-block-paragraph\">Mak\u00f3, 2021-02-02<\/p>\n","protected":false},"excerpt":{"rendered":"<p>R\u00c9GI EML\u00c9K Mennyi mindent \u00edrtam,Azon gondolkodom.\u00d6tlet \u00e9s idea,Lehet, hogy mind \u00e1lom? \u00c9bren \u00e1lmodoztam,A val\u00f3t becsapva.Azon t\u0171n\u0151d\u00f6m most,Megold\u00e1st kutatva. \u00c9vek sokas\u00e1g\u00e1t,Vetettem pap\u00edrra.Szerelmes szavakat,Rejtve a sorokba. Sz\u00e9ps\u00e9get dics\u00e9rve,Sokszor szipork\u00e1ztam.V\u00e1gy\u00e1lmokk\u00f6zt j\u00e1rtam,Mindent h\u00e1tra hagyva. Mentem csak el\u0151re,\u00d6szt\u00f6n\u00f6m vez\u00e9relt.Nem l\u00e1ttam az erd\u0151t,Csak egy f\u00e1t bel\u0151le. N\u00e9ztem megcsod\u00e1ltam,K\u00e9s\u0151bb tov\u00e1bb\u00e1lltam.\u00daj erd\u0151t kerestem,Hol m\u00e1s f\u00e1t tal\u00e1ltam. Magamat k\u00e9rdeztem,N\u00e9ha, megdorg\u00e1ltam.Mi\u00e9rt vagyok \u00e9n m\u00e1s,Arra v\u00e1laszt &#8230; <a title=\"R\u00c9GI EML\u00c9K\" class=\"read-more\" href=\"https:\/\/bozsogiattila.hu\/?p=1386\" aria-label=\"Tov\u00e1bbiak R\u00c9GI EML\u00c9K\">Olvass tov\u00e1bb<\/a><\/p>\n","protected":false},"author":3,"featured_media":0,"comment_status":"closed","ping_status":"open","sticky":false,"template":"","format":"standard","meta":{"footnotes":""},"categories":[4],"tags":[314,12],"class_list":["post-1386","post","type-post","status-publish","format-standard","hentry","category-versek","tag-314","tag-mako"],"yoast_head":"<!-- This site is optimized with the Yoast SEO plugin v21.8 - https:\/\/yoast.com\/wordpress\/plugins\/seo\/ -->\n<title>R\u00c9GI EML\u00c9K - Bozsogi Attila<\/title>\n<meta name=\"robots\" content=\"index, follow, max-snippet:-1, max-image-preview:large, max-video-preview:-1\" \/>\n<link rel=\"canonical\" href=\"https:\/\/bozsogiattila.hu\/?p=1386\" \/>\n<meta property=\"og:locale\" content=\"hu_HU\" \/>\n<meta property=\"og:type\" content=\"article\" \/>\n<meta property=\"og:title\" content=\"R\u00c9GI EML\u00c9K - Bozsogi Attila\" \/>\n<meta property=\"og:description\" content=\"R\u00c9GI EML\u00c9K Mennyi mindent \u00edrtam,Azon gondolkodom.\u00d6tlet \u00e9s idea,Lehet, hogy mind \u00e1lom? \u00c9bren \u00e1lmodoztam,A val\u00f3t becsapva.Azon t\u0171n\u0151d\u00f6m most,Megold\u00e1st kutatva. \u00c9vek sokas\u00e1g\u00e1t,Vetettem pap\u00edrra.Szerelmes szavakat,Rejtve a sorokba. Sz\u00e9ps\u00e9get dics\u00e9rve,Sokszor szipork\u00e1ztam.V\u00e1gy\u00e1lmokk\u00f6zt j\u00e1rtam,Mindent h\u00e1tra hagyva. Mentem csak el\u0151re,\u00d6szt\u00f6n\u00f6m vez\u00e9relt.Nem l\u00e1ttam az erd\u0151t,Csak egy f\u00e1t bel\u0151le. N\u00e9ztem megcsod\u00e1ltam,K\u00e9s\u0151bb tov\u00e1bb\u00e1lltam.\u00daj erd\u0151t kerestem,Hol m\u00e1s f\u00e1t tal\u00e1ltam. Magamat k\u00e9rdeztem,N\u00e9ha, megdorg\u00e1ltam.Mi\u00e9rt vagyok \u00e9n m\u00e1s,Arra v\u00e1laszt ... Olvass tov\u00e1bb\" \/>\n<meta property=\"og:url\" content=\"https:\/\/bozsogiattila.hu\/?p=1386\" \/>\n<meta property=\"og:site_name\" content=\"Bozsogi Attila\" \/>\n<meta property=\"article:published_time\" content=\"2021-02-02T19:12:00+00:00\" \/>\n<meta property=\"article:modified_time\" content=\"2024-01-10T19:13:09+00:00\" \/>\n<meta name=\"author\" content=\"Bozsogi Attila\" \/>\n<meta name=\"twitter:card\" content=\"summary_large_image\" \/>\n<meta name=\"twitter:label1\" content=\"Szerz\u0151:\" \/>\n\t<meta name=\"twitter:data1\" content=\"Bozsogi Attila\" \/>\n\t<meta name=\"twitter:label2\" content=\"Becs\u00fclt olvas\u00e1si id\u0151\" \/>\n\t<meta name=\"twitter:data2\" content=\"1 perc\" \/>\n<script type=\"application\/ld+json\" class=\"yoast-schema-graph\">{\"@context\":\"https:\/\/schema.org\",\"@graph\":[{\"@type\":\"WebPage\",\"@id\":\"https:\/\/bozsogiattila.hu\/?p=1386\",\"url\":\"https:\/\/bozsogiattila.hu\/?p=1386\",\"name\":\"R\u00c9GI EML\u00c9K - Bozsogi Attila\",\"isPartOf\":{\"@id\":\"https:\/\/bozsogiattila.hu\/#website\"},\"datePublished\":\"2021-02-02T19:12:00+00:00\",\"dateModified\":\"2024-01-10T19:13:09+00:00\",\"author\":{\"@id\":\"https:\/\/bozsogiattila.hu\/#\/schema\/person\/488c99f554a8c4039201260dd5eb795e\"},\"breadcrumb\":{\"@id\":\"https:\/\/bozsogiattila.hu\/?p=1386#breadcrumb\"},\"inLanguage\":\"hu\",\"potentialAction\":[{\"@type\":\"ReadAction\",\"target\":[\"https:\/\/bozsogiattila.hu\/?p=1386\"]}]},{\"@type\":\"BreadcrumbList\",\"@id\":\"https:\/\/bozsogiattila.hu\/?p=1386#breadcrumb\",\"itemListElement\":[{\"@type\":\"ListItem\",\"position\":1,\"name\":\"Kezd\u0151lap\",\"item\":\"https:\/\/bozsogiattila.hu\/\"},{\"@type\":\"ListItem\",\"position\":2,\"name\":\"R\u00c9GI EML\u00c9K\"}]},{\"@type\":\"WebSite\",\"@id\":\"https:\/\/bozsogiattila.hu\/#website\",\"url\":\"https:\/\/bozsogiattila.hu\/\",\"name\":\"Bozsogi Attila\",\"description\":\"a zen\u00e9sz, \u00edr\u00f3 munk\u00e1ss\u00e1g\u00e1nak \u00e9s a mak\u00f3i muzsikusok eml\u00e9k\u00e9t \u0151rz\u0151 oldal\",\"potentialAction\":[{\"@type\":\"SearchAction\",\"target\":{\"@type\":\"EntryPoint\",\"urlTemplate\":\"https:\/\/bozsogiattila.hu\/?s={search_term_string}\"},\"query-input\":\"required name=search_term_string\"}],\"inLanguage\":\"hu\"},{\"@type\":\"Person\",\"@id\":\"https:\/\/bozsogiattila.hu\/#\/schema\/person\/488c99f554a8c4039201260dd5eb795e\",\"name\":\"Bozsogi Attila\",\"image\":{\"@type\":\"ImageObject\",\"inLanguage\":\"hu\",\"@id\":\"https:\/\/bozsogiattila.hu\/#\/schema\/person\/image\/\",\"url\":\"https:\/\/secure.gravatar.com\/avatar\/7da6b5985e34ed798d1670c54ce7d20e6a53b800bb0c07945c64b09392f3dbfd?s=96&d=mm&r=g\",\"contentUrl\":\"https:\/\/secure.gravatar.com\/avatar\/7da6b5985e34ed798d1670c54ce7d20e6a53b800bb0c07945c64b09392f3dbfd?s=96&d=mm&r=g\",\"caption\":\"Bozsogi Attila\"},\"sameAs\":[\"http:\/\/www.boszogiattila.hu\"],\"url\":\"https:\/\/bozsogiattila.hu\/?author=3\"}]}<\/script>\n<!-- \/ Yoast SEO plugin. -->","yoast_head_json":{"title":"R\u00c9GI EML\u00c9K - Bozsogi Attila","robots":{"index":"index","follow":"follow","max-snippet":"max-snippet:-1","max-image-preview":"max-image-preview:large","max-video-preview":"max-video-preview:-1"},"canonical":"https:\/\/bozsogiattila.hu\/?p=1386","og_locale":"hu_HU","og_type":"article","og_title":"R\u00c9GI EML\u00c9K - Bozsogi Attila","og_description":"R\u00c9GI EML\u00c9K Mennyi mindent \u00edrtam,Azon gondolkodom.\u00d6tlet \u00e9s idea,Lehet, hogy mind \u00e1lom? \u00c9bren \u00e1lmodoztam,A val\u00f3t becsapva.Azon t\u0171n\u0151d\u00f6m most,Megold\u00e1st kutatva. \u00c9vek sokas\u00e1g\u00e1t,Vetettem pap\u00edrra.Szerelmes szavakat,Rejtve a sorokba. Sz\u00e9ps\u00e9get dics\u00e9rve,Sokszor szipork\u00e1ztam.V\u00e1gy\u00e1lmokk\u00f6zt j\u00e1rtam,Mindent h\u00e1tra hagyva. Mentem csak el\u0151re,\u00d6szt\u00f6n\u00f6m vez\u00e9relt.Nem l\u00e1ttam az erd\u0151t,Csak egy f\u00e1t bel\u0151le. N\u00e9ztem megcsod\u00e1ltam,K\u00e9s\u0151bb tov\u00e1bb\u00e1lltam.\u00daj erd\u0151t kerestem,Hol m\u00e1s f\u00e1t tal\u00e1ltam. Magamat k\u00e9rdeztem,N\u00e9ha, megdorg\u00e1ltam.Mi\u00e9rt vagyok \u00e9n m\u00e1s,Arra v\u00e1laszt ... Olvass tov\u00e1bb","og_url":"https:\/\/bozsogiattila.hu\/?p=1386","og_site_name":"Bozsogi Attila","article_published_time":"2021-02-02T19:12:00+00:00","article_modified_time":"2024-01-10T19:13:09+00:00","author":"Bozsogi Attila","twitter_card":"summary_large_image","twitter_misc":{"Szerz\u0151:":"Bozsogi Attila","Becs\u00fclt olvas\u00e1si id\u0151":"1 perc"},"schema":{"@context":"https:\/\/schema.org","@graph":[{"@type":"WebPage","@id":"https:\/\/bozsogiattila.hu\/?p=1386","url":"https:\/\/bozsogiattila.hu\/?p=1386","name":"R\u00c9GI EML\u00c9K - Bozsogi Attila","isPartOf":{"@id":"https:\/\/bozsogiattila.hu\/#website"},"datePublished":"2021-02-02T19:12:00+00:00","dateModified":"2024-01-10T19:13:09+00:00","author":{"@id":"https:\/\/bozsogiattila.hu\/#\/schema\/person\/488c99f554a8c4039201260dd5eb795e"},"breadcrumb":{"@id":"https:\/\/bozsogiattila.hu\/?p=1386#breadcrumb"},"inLanguage":"hu","potentialAction":[{"@type":"ReadAction","target":["https:\/\/bozsogiattila.hu\/?p=1386"]}]},{"@type":"BreadcrumbList","@id":"https:\/\/bozsogiattila.hu\/?p=1386#breadcrumb","itemListElement":[{"@type":"ListItem","position":1,"name":"Kezd\u0151lap","item":"https:\/\/bozsogiattila.hu\/"},{"@type":"ListItem","position":2,"name":"R\u00c9GI EML\u00c9K"}]},{"@type":"WebSite","@id":"https:\/\/bozsogiattila.hu\/#website","url":"https:\/\/bozsogiattila.hu\/","name":"Bozsogi Attila","description":"a zen\u00e9sz, \u00edr\u00f3 munk\u00e1ss\u00e1g\u00e1nak \u00e9s a mak\u00f3i muzsikusok eml\u00e9k\u00e9t \u0151rz\u0151 oldal","potentialAction":[{"@type":"SearchAction","target":{"@type":"EntryPoint","urlTemplate":"https:\/\/bozsogiattila.hu\/?s={search_term_string}"},"query-input":"required name=search_term_string"}],"inLanguage":"hu"},{"@type":"Person","@id":"https:\/\/bozsogiattila.hu\/#\/schema\/person\/488c99f554a8c4039201260dd5eb795e","name":"Bozsogi Attila","image":{"@type":"ImageObject","inLanguage":"hu","@id":"https:\/\/bozsogiattila.hu\/#\/schema\/person\/image\/","url":"https:\/\/secure.gravatar.com\/avatar\/7da6b5985e34ed798d1670c54ce7d20e6a53b800bb0c07945c64b09392f3dbfd?s=96&d=mm&r=g","contentUrl":"https:\/\/secure.gravatar.com\/avatar\/7da6b5985e34ed798d1670c54ce7d20e6a53b800bb0c07945c64b09392f3dbfd?s=96&d=mm&r=g","caption":"Bozsogi Attila"},"sameAs":["http:\/\/www.boszogiattila.hu"],"url":"https:\/\/bozsogiattila.hu\/?author=3"}]}},"jetpack_featured_media_url":"","_links":{"self":[{"href":"https:\/\/bozsogiattila.hu\/index.php?rest_route=\/wp\/v2\/posts\/1386","targetHints":{"allow":["GET"]}}],"collection":[{"href":"https:\/\/bozsogiattila.hu\/index.php?rest_route=\/wp\/v2\/posts"}],"about":[{"href":"https:\/\/bozsogiattila.hu\/index.php?rest_route=\/wp\/v2\/types\/post"}],"author":[{"embeddable":true,"href":"https:\/\/bozsogiattila.hu\/index.php?rest_route=\/wp\/v2\/users\/3"}],"replies":[{"embeddable":true,"href":"https:\/\/bozsogiattila.hu\/index.php?rest_route=%2Fwp%2Fv2%2Fcomments&post=1386"}],"version-history":[{"count":1,"href":"https:\/\/bozsogiattila.hu\/index.php?rest_route=\/wp\/v2\/posts\/1386\/revisions"}],"predecessor-version":[{"id":1387,"href":"https:\/\/bozsogiattila.hu\/index.php?rest_route=\/wp\/v2\/posts\/1386\/revisions\/1387"}],"wp:attachment":[{"href":"https:\/\/bozsogiattila.hu\/index.php?rest_route=%2Fwp%2Fv2%2Fmedia&parent=1386"}],"wp:term":[{"taxonomy":"category","embeddable":true,"href":"https:\/\/bozsogiattila.hu\/index.php?rest_route=%2Fwp%2Fv2%2Fcategories&post=1386"},{"taxonomy":"post_tag","embeddable":true,"href":"https:\/\/bozsogiattila.hu\/index.php?rest_route=%2Fwp%2Fv2%2Ftags&post=1386"}],"curies":[{"name":"wp","href":"https:\/\/api.w.org\/{rel}","templated":true}]}}