{"id":1390,"date":"2021-02-13T19:14:00","date_gmt":"2021-02-13T19:14:00","guid":{"rendered":"https:\/\/bozsogiattila.hu\/?p=1390"},"modified":"2024-01-10T19:15:09","modified_gmt":"2024-01-10T19:15:09","slug":"talan-betegseg","status":"publish","type":"post","link":"https:\/\/bozsogiattila.hu\/?p=1390","title":{"rendered":"TAL\u00c1N BETEGS\u00c9G?\u2026"},"content":{"rendered":"\n<p class=\"wp-block-paragraph\">TAL\u00c1N BETEGS\u00c9G?\u2026<\/p>\n\n\n\n<p class=\"wp-block-paragraph\">Tal\u00e1n betegs\u00e9g, tal\u00e1n nem,<br>Hogy mi \u00f6szt\u00f6n\u00f6z, nem \u00e9rtem?<br>L\u00e9gb\u0151l kapott gondolatok,<br>Rabul ejtenek mind azok.<\/p>\n\n\n\n<p class=\"wp-block-paragraph\">Elhessegetni nem tudom,<br>B\u00e1rmennyire is akarom.<br>Visszat\u00e9rnek, visszaj\u00f6nnek,<br>Nyugtot nem hagynak \u00e9nnekem.<\/p>\n\n\n\n<p class=\"wp-block-paragraph\">T\u00e1n a k\u00f6rnyezetem hib\u00e1s,<br>K\u00f6r\u00fcl vesz sok atrocit\u00e1s?<br>Sz\u00e9p t\u00f6rt\u00e9net van rengeteg,<br>Po\u00e9nja mind f\u00f6ld\u00f6n hever.<\/p>\n\n\n\n<p class=\"wp-block-paragraph\">Vev\u0151 voltam mind azoknak,<br>Vicc, vagy tr\u00e9fa, vagy k\u00e1rhozat.<br>Boh\u00e9ms\u00e1g is elragadott,<br>Kocsmaszag is \u00e1tj\u00e1rt sokszor.<\/p>\n\n\n\n<p class=\"wp-block-paragraph\">Ott, \u201eokos\u201d emberek vannak,<br>N\u0151 az \u00e9sz, ha fogy az ital.<br>B\u00f6lcsess\u00e9gek ott sz\u00fcletnek,<br>Muzsik\u00e1ltam mindezeknek.<\/p>\n\n\n\n<p class=\"wp-block-paragraph\">M\u00edg zen\u00e9ltem nem t\u00f6r\u0151dtem,<br>Meghallgattam s tov\u00e1bb mentem.<br>\u00c9vtizedekig hordoztam,<br>Elfeledni m\u00e9g sem tudtam.<\/p>\n\n\n\n<p class=\"wp-block-paragraph\">Szerelem is akadt b\u0151ven,<br>Kopony\u00e1mnak rejtek\u00e9ben.<br>Mindig velem voltak, s j\u00f6ttek,<br>Az agyamban ott keringtek.<\/p>\n\n\n\n<p class=\"wp-block-paragraph\">Lassan gondolatt\u00e1 v\u00e1ltak,<br>Onnan, ki is k\u00edv\u00e1nkoztak.<br>\u00c9jszak\u00e1nk\u00e9nt ellen\u00e1lltam,<br>\u00c9szrev\u00e9tlen hagytam magam.<\/p>\n\n\n\n<p class=\"wp-block-paragraph\">Az \u00e9veim, ahogy teltek,<br>Egyre k\u00ednosabbak lettek.<br>Viaskodtak kopony\u00e1mban,<br>Nagy k\u00e1oszban kavarogtak.<\/p>\n\n\n\n<p class=\"wp-block-paragraph\">Amikor nyugd\u00edjba mentem,<br>Kac\u00e9rkodni kezdtek velem.<br>Nyilv\u00e1noss\u00e1gra, hogy v\u00e1gytak,<br>Egyre jobban moleszt\u00e1ltak.<\/p>\n\n\n\n<p class=\"wp-block-paragraph\">Haszontalan gondolatok,<br>B\u00edztam, hogy majd ellen\u00e1llok.<br>Bosszantott az \u00e9szj\u00e1r\u00e1som,<br>M\u00e9rt kell mindent rakt\u00e1roznom.<\/p>\n\n\n\n<p class=\"wp-block-paragraph\">N\u00e9melyek oly szemtelenek,<br>Vizu\u00e1lisan \u00e9rintnek.<br>El\u00e9m \u00e1llnak, vigyorognak,<br>Tudj\u00e1k, hogy b\u00e9k\u00e9n nem hagynak.<\/p>\n\n\n\n<p class=\"wp-block-paragraph\">Madarak, ha csivitelnek,<br>\u00daj gondolatra serkentnek.<br>Ha a mez\u0151n \u00fcrge szalad,<br>M\u00e1ris kutatni kezd az agy.<\/p>\n\n\n\n<p class=\"wp-block-paragraph\">Mi\u00e9rt fut, rohan v\u00e1gt\u00e1zva,<br>Mi \u0171zi szeg\u00e9nyt, mi baja.<br>Maros-vize, ha ki\u00e1rad,<br>Veszedelmet hoz mag\u00e1val.<\/p>\n\n\n\n<p class=\"wp-block-paragraph\">Ha viharok d\u00falnak vadul,<br>Nagy k\u00e1rt okoznak gal\u00e1dul.<br>Felh\u0151szakad\u00e1s r\u00e9ms\u00e9ge,<br>Katasztr\u00f3f\u00e1k id\u00e9z\u0151je.<\/p>\n\n\n\n<p class=\"wp-block-paragraph\">Tal\u00e1n betegs\u00e9g, tal\u00e1n nem,<br>Most m\u00e1r tudom, most m\u00e1r \u00e9rtem.<br>Ezek nekem \u00f6szt\u00f6nz\u0151im,<br>Err\u0151l sz\u00f3lnak a verseim.<\/p>\n\n\n\n<p class=\"wp-block-paragraph\">Mak\u00f3, 2021-02-13<\/p>\n","protected":false},"excerpt":{"rendered":"<p>TAL\u00c1N BETEGS\u00c9G?\u2026 Tal\u00e1n betegs\u00e9g, tal\u00e1n nem,Hogy mi \u00f6szt\u00f6n\u00f6z, nem \u00e9rtem?L\u00e9gb\u0151l kapott gondolatok,Rabul ejtenek mind azok. Elhessegetni nem tudom,B\u00e1rmennyire is akarom.Visszat\u00e9rnek, visszaj\u00f6nnek,Nyugtot nem hagynak \u00e9nnekem. T\u00e1n a k\u00f6rnyezetem hib\u00e1s,K\u00f6r\u00fcl vesz sok atrocit\u00e1s?Sz\u00e9p t\u00f6rt\u00e9net van rengeteg,Po\u00e9nja mind f\u00f6ld\u00f6n hever. Vev\u0151 voltam mind azoknak,Vicc, vagy tr\u00e9fa, vagy k\u00e1rhozat.Boh\u00e9ms\u00e1g is elragadott,Kocsmaszag is \u00e1tj\u00e1rt sokszor. Ott, \u201eokos\u201d emberek vannak,N\u0151 az &#8230; <a title=\"TAL\u00c1N BETEGS\u00c9G?\u2026\" class=\"read-more\" href=\"https:\/\/bozsogiattila.hu\/?p=1390\" aria-label=\"Tov\u00e1bbiak TAL\u00c1N BETEGS\u00c9G?\u2026\">Olvass tov\u00e1bb<\/a><\/p>\n","protected":false},"author":3,"featured_media":0,"comment_status":"closed","ping_status":"open","sticky":false,"template":"","format":"standard","meta":{"footnotes":""},"categories":[4],"tags":[314,12],"class_list":["post-1390","post","type-post","status-publish","format-standard","hentry","category-versek","tag-314","tag-mako"],"yoast_head":"<!-- This site is optimized with the Yoast SEO plugin v21.8 - https:\/\/yoast.com\/wordpress\/plugins\/seo\/ -->\n<title>TAL\u00c1N BETEGS\u00c9G?\u2026 - Bozsogi Attila<\/title>\n<meta name=\"robots\" content=\"index, follow, max-snippet:-1, max-image-preview:large, max-video-preview:-1\" \/>\n<link rel=\"canonical\" href=\"https:\/\/bozsogiattila.hu\/?p=1390\" \/>\n<meta property=\"og:locale\" content=\"hu_HU\" \/>\n<meta property=\"og:type\" content=\"article\" \/>\n<meta property=\"og:title\" content=\"TAL\u00c1N BETEGS\u00c9G?\u2026 - Bozsogi Attila\" \/>\n<meta property=\"og:description\" content=\"TAL\u00c1N BETEGS\u00c9G?\u2026 Tal\u00e1n betegs\u00e9g, tal\u00e1n nem,Hogy mi \u00f6szt\u00f6n\u00f6z, nem \u00e9rtem?L\u00e9gb\u0151l kapott gondolatok,Rabul ejtenek mind azok. Elhessegetni nem tudom,B\u00e1rmennyire is akarom.Visszat\u00e9rnek, visszaj\u00f6nnek,Nyugtot nem hagynak \u00e9nnekem. T\u00e1n a k\u00f6rnyezetem hib\u00e1s,K\u00f6r\u00fcl vesz sok atrocit\u00e1s?Sz\u00e9p t\u00f6rt\u00e9net van rengeteg,Po\u00e9nja mind f\u00f6ld\u00f6n hever. Vev\u0151 voltam mind azoknak,Vicc, vagy tr\u00e9fa, vagy k\u00e1rhozat.Boh\u00e9ms\u00e1g is elragadott,Kocsmaszag is \u00e1tj\u00e1rt sokszor. Ott, \u201eokos\u201d emberek vannak,N\u0151 az ... Olvass tov\u00e1bb\" \/>\n<meta property=\"og:url\" content=\"https:\/\/bozsogiattila.hu\/?p=1390\" \/>\n<meta property=\"og:site_name\" content=\"Bozsogi Attila\" \/>\n<meta property=\"article:published_time\" content=\"2021-02-13T19:14:00+00:00\" \/>\n<meta property=\"article:modified_time\" content=\"2024-01-10T19:15:09+00:00\" \/>\n<meta name=\"author\" content=\"Bozsogi Attila\" \/>\n<meta name=\"twitter:card\" content=\"summary_large_image\" \/>\n<meta name=\"twitter:label1\" content=\"Szerz\u0151:\" \/>\n\t<meta name=\"twitter:data1\" content=\"Bozsogi Attila\" \/>\n\t<meta name=\"twitter:label2\" content=\"Becs\u00fclt olvas\u00e1si id\u0151\" \/>\n\t<meta name=\"twitter:data2\" content=\"2 perc\" \/>\n<script type=\"application\/ld+json\" class=\"yoast-schema-graph\">{\"@context\":\"https:\/\/schema.org\",\"@graph\":[{\"@type\":\"WebPage\",\"@id\":\"https:\/\/bozsogiattila.hu\/?p=1390\",\"url\":\"https:\/\/bozsogiattila.hu\/?p=1390\",\"name\":\"TAL\u00c1N BETEGS\u00c9G?\u2026 - Bozsogi Attila\",\"isPartOf\":{\"@id\":\"https:\/\/bozsogiattila.hu\/#website\"},\"datePublished\":\"2021-02-13T19:14:00+00:00\",\"dateModified\":\"2024-01-10T19:15:09+00:00\",\"author\":{\"@id\":\"https:\/\/bozsogiattila.hu\/#\/schema\/person\/488c99f554a8c4039201260dd5eb795e\"},\"breadcrumb\":{\"@id\":\"https:\/\/bozsogiattila.hu\/?p=1390#breadcrumb\"},\"inLanguage\":\"hu\",\"potentialAction\":[{\"@type\":\"ReadAction\",\"target\":[\"https:\/\/bozsogiattila.hu\/?p=1390\"]}]},{\"@type\":\"BreadcrumbList\",\"@id\":\"https:\/\/bozsogiattila.hu\/?p=1390#breadcrumb\",\"itemListElement\":[{\"@type\":\"ListItem\",\"position\":1,\"name\":\"Kezd\u0151lap\",\"item\":\"https:\/\/bozsogiattila.hu\/\"},{\"@type\":\"ListItem\",\"position\":2,\"name\":\"TAL\u00c1N BETEGS\u00c9G?\u2026\"}]},{\"@type\":\"WebSite\",\"@id\":\"https:\/\/bozsogiattila.hu\/#website\",\"url\":\"https:\/\/bozsogiattila.hu\/\",\"name\":\"Bozsogi Attila\",\"description\":\"a zen\u00e9sz, \u00edr\u00f3 munk\u00e1ss\u00e1g\u00e1nak \u00e9s a mak\u00f3i muzsikusok eml\u00e9k\u00e9t \u0151rz\u0151 oldal\",\"potentialAction\":[{\"@type\":\"SearchAction\",\"target\":{\"@type\":\"EntryPoint\",\"urlTemplate\":\"https:\/\/bozsogiattila.hu\/?s={search_term_string}\"},\"query-input\":\"required name=search_term_string\"}],\"inLanguage\":\"hu\"},{\"@type\":\"Person\",\"@id\":\"https:\/\/bozsogiattila.hu\/#\/schema\/person\/488c99f554a8c4039201260dd5eb795e\",\"name\":\"Bozsogi Attila\",\"image\":{\"@type\":\"ImageObject\",\"inLanguage\":\"hu\",\"@id\":\"https:\/\/bozsogiattila.hu\/#\/schema\/person\/image\/\",\"url\":\"https:\/\/secure.gravatar.com\/avatar\/7da6b5985e34ed798d1670c54ce7d20e6a53b800bb0c07945c64b09392f3dbfd?s=96&d=mm&r=g\",\"contentUrl\":\"https:\/\/secure.gravatar.com\/avatar\/7da6b5985e34ed798d1670c54ce7d20e6a53b800bb0c07945c64b09392f3dbfd?s=96&d=mm&r=g\",\"caption\":\"Bozsogi Attila\"},\"sameAs\":[\"http:\/\/www.boszogiattila.hu\"],\"url\":\"https:\/\/bozsogiattila.hu\/?author=3\"}]}<\/script>\n<!-- \/ Yoast SEO plugin. -->","yoast_head_json":{"title":"TAL\u00c1N BETEGS\u00c9G?\u2026 - Bozsogi Attila","robots":{"index":"index","follow":"follow","max-snippet":"max-snippet:-1","max-image-preview":"max-image-preview:large","max-video-preview":"max-video-preview:-1"},"canonical":"https:\/\/bozsogiattila.hu\/?p=1390","og_locale":"hu_HU","og_type":"article","og_title":"TAL\u00c1N BETEGS\u00c9G?\u2026 - Bozsogi Attila","og_description":"TAL\u00c1N BETEGS\u00c9G?\u2026 Tal\u00e1n betegs\u00e9g, tal\u00e1n nem,Hogy mi \u00f6szt\u00f6n\u00f6z, nem \u00e9rtem?L\u00e9gb\u0151l kapott gondolatok,Rabul ejtenek mind azok. Elhessegetni nem tudom,B\u00e1rmennyire is akarom.Visszat\u00e9rnek, visszaj\u00f6nnek,Nyugtot nem hagynak \u00e9nnekem. T\u00e1n a k\u00f6rnyezetem hib\u00e1s,K\u00f6r\u00fcl vesz sok atrocit\u00e1s?Sz\u00e9p t\u00f6rt\u00e9net van rengeteg,Po\u00e9nja mind f\u00f6ld\u00f6n hever. Vev\u0151 voltam mind azoknak,Vicc, vagy tr\u00e9fa, vagy k\u00e1rhozat.Boh\u00e9ms\u00e1g is elragadott,Kocsmaszag is \u00e1tj\u00e1rt sokszor. Ott, \u201eokos\u201d emberek vannak,N\u0151 az ... Olvass tov\u00e1bb","og_url":"https:\/\/bozsogiattila.hu\/?p=1390","og_site_name":"Bozsogi Attila","article_published_time":"2021-02-13T19:14:00+00:00","article_modified_time":"2024-01-10T19:15:09+00:00","author":"Bozsogi Attila","twitter_card":"summary_large_image","twitter_misc":{"Szerz\u0151:":"Bozsogi Attila","Becs\u00fclt olvas\u00e1si id\u0151":"2 perc"},"schema":{"@context":"https:\/\/schema.org","@graph":[{"@type":"WebPage","@id":"https:\/\/bozsogiattila.hu\/?p=1390","url":"https:\/\/bozsogiattila.hu\/?p=1390","name":"TAL\u00c1N BETEGS\u00c9G?\u2026 - Bozsogi Attila","isPartOf":{"@id":"https:\/\/bozsogiattila.hu\/#website"},"datePublished":"2021-02-13T19:14:00+00:00","dateModified":"2024-01-10T19:15:09+00:00","author":{"@id":"https:\/\/bozsogiattila.hu\/#\/schema\/person\/488c99f554a8c4039201260dd5eb795e"},"breadcrumb":{"@id":"https:\/\/bozsogiattila.hu\/?p=1390#breadcrumb"},"inLanguage":"hu","potentialAction":[{"@type":"ReadAction","target":["https:\/\/bozsogiattila.hu\/?p=1390"]}]},{"@type":"BreadcrumbList","@id":"https:\/\/bozsogiattila.hu\/?p=1390#breadcrumb","itemListElement":[{"@type":"ListItem","position":1,"name":"Kezd\u0151lap","item":"https:\/\/bozsogiattila.hu\/"},{"@type":"ListItem","position":2,"name":"TAL\u00c1N BETEGS\u00c9G?\u2026"}]},{"@type":"WebSite","@id":"https:\/\/bozsogiattila.hu\/#website","url":"https:\/\/bozsogiattila.hu\/","name":"Bozsogi Attila","description":"a zen\u00e9sz, \u00edr\u00f3 munk\u00e1ss\u00e1g\u00e1nak \u00e9s a mak\u00f3i muzsikusok eml\u00e9k\u00e9t \u0151rz\u0151 oldal","potentialAction":[{"@type":"SearchAction","target":{"@type":"EntryPoint","urlTemplate":"https:\/\/bozsogiattila.hu\/?s={search_term_string}"},"query-input":"required name=search_term_string"}],"inLanguage":"hu"},{"@type":"Person","@id":"https:\/\/bozsogiattila.hu\/#\/schema\/person\/488c99f554a8c4039201260dd5eb795e","name":"Bozsogi Attila","image":{"@type":"ImageObject","inLanguage":"hu","@id":"https:\/\/bozsogiattila.hu\/#\/schema\/person\/image\/","url":"https:\/\/secure.gravatar.com\/avatar\/7da6b5985e34ed798d1670c54ce7d20e6a53b800bb0c07945c64b09392f3dbfd?s=96&d=mm&r=g","contentUrl":"https:\/\/secure.gravatar.com\/avatar\/7da6b5985e34ed798d1670c54ce7d20e6a53b800bb0c07945c64b09392f3dbfd?s=96&d=mm&r=g","caption":"Bozsogi Attila"},"sameAs":["http:\/\/www.boszogiattila.hu"],"url":"https:\/\/bozsogiattila.hu\/?author=3"}]}},"jetpack_featured_media_url":"","_links":{"self":[{"href":"https:\/\/bozsogiattila.hu\/index.php?rest_route=\/wp\/v2\/posts\/1390","targetHints":{"allow":["GET"]}}],"collection":[{"href":"https:\/\/bozsogiattila.hu\/index.php?rest_route=\/wp\/v2\/posts"}],"about":[{"href":"https:\/\/bozsogiattila.hu\/index.php?rest_route=\/wp\/v2\/types\/post"}],"author":[{"embeddable":true,"href":"https:\/\/bozsogiattila.hu\/index.php?rest_route=\/wp\/v2\/users\/3"}],"replies":[{"embeddable":true,"href":"https:\/\/bozsogiattila.hu\/index.php?rest_route=%2Fwp%2Fv2%2Fcomments&post=1390"}],"version-history":[{"count":1,"href":"https:\/\/bozsogiattila.hu\/index.php?rest_route=\/wp\/v2\/posts\/1390\/revisions"}],"predecessor-version":[{"id":1391,"href":"https:\/\/bozsogiattila.hu\/index.php?rest_route=\/wp\/v2\/posts\/1390\/revisions\/1391"}],"wp:attachment":[{"href":"https:\/\/bozsogiattila.hu\/index.php?rest_route=%2Fwp%2Fv2%2Fmedia&parent=1390"}],"wp:term":[{"taxonomy":"category","embeddable":true,"href":"https:\/\/bozsogiattila.hu\/index.php?rest_route=%2Fwp%2Fv2%2Fcategories&post=1390"},{"taxonomy":"post_tag","embeddable":true,"href":"https:\/\/bozsogiattila.hu\/index.php?rest_route=%2Fwp%2Fv2%2Ftags&post=1390"}],"curies":[{"name":"wp","href":"https:\/\/api.w.org\/{rel}","templated":true}]}}