{"id":1426,"date":"2024-01-14T14:12:30","date_gmt":"2024-01-14T14:12:30","guid":{"rendered":"https:\/\/bozsogiattila.hu\/?p=1426"},"modified":"2024-01-14T14:14:34","modified_gmt":"2024-01-14T14:14:34","slug":"az-elso-vilaghaboru-kitorese","status":"publish","type":"post","link":"https:\/\/bozsogiattila.hu\/?p=1426","title":{"rendered":"AZ ELS\u0150 VIL\u00c1GH\u00c1BOR\u00da KIT\u00d6R\u00c9SE"},"content":{"rendered":"\n<p class=\"wp-block-paragraph\">AZ ELS\u0150 VIL\u00c1GH\u00c1BOR\u00da KIT\u00d6R\u00c9SE<\/p>\n\n\n\n<ol class=\"wp-block-list\" start=\"1914\">\n<li>j\u00fanius 28-\u00e1n a tr\u00f3n\u00f6r\u00f6k\u00f6s \u00e9s feles\u00e9ge egy boszniai hadgyakorlat megtekint\u00e9s\u00e9re utazott Szarajev\u00f3ba. D\u00e9lel\u0151tt mer\u00e9nyletet k\u00eds\u00e9reltek meg ellen\u00fck, amit s\u00e9rtetlen\u00fcl t\u00fal\u00e9ltek, de a k\u00eds\u00e9rethez tartorz\u00f3 egyik tiszt megsebes\u00fclt. D\u00e9lut\u00e1n a megsebes\u00fclt tiszt l\u00e1togat\u00e1s\u00e1ra mentek, mik\u00f6zben a Fekete K\u00e9z nev\u0171 titkos szervezet tagja Gavrilo Princip k\u00f6zelr\u0151l pisztollyal hal\u00e1losan megsebes\u00edtette Ferenc Ferdin\u00e1ndot \u00e9s feles\u00e9g\u00e9t.<br>E mer\u00e9nylet hat\u00e1s\u00e1ra kit\u00f6rt az els\u0151 vil\u00e1gh\u00e1bor\u00fa, melyben t\u00f6bb mint 15milli\u00f3 civil \u00e9s katona vesztette \u00e9let\u00e9t.<\/li>\n<\/ol>\n\n\n\n<p class=\"wp-block-paragraph\">A vil\u00e1gh\u00e1bor\u00fa kit\u00f6r\u00e9se ut\u00e1ni \u00e1ltal\u00e1nos mozg\u00f3s\u00edt\u00e1s k\u00f6vetkezt\u00e9ben nagyap\u00e1m is beh\u00edv\u00f3t kapott, \u00e9s a h\u00e1bor\u00fa kezdet\u00e9t\u0151l a v\u00e9g\u00e9ig harct\u00e9ri szolg\u00e1latban \u00e1llt, \u00e9s a vil\u00e1gh\u00e1bor\u00fa hadm\u0171veleteiben a balk\u00e1ni ter\u00fcleten harcolt, mint lovas t\u0171z\u00e9r \u0151rmester, aki karcol\u00e1s n\u00e9lk\u00fcl meg\u00faszta a vil\u00e1gh\u00e1bor\u00fa kegyetlen gyilkol\u00e1sait.<br>Mikor v\u00e9gre letett\u00e9k a fegyvereket, helyre\u00e1llt a b\u00e9ke, leszerelt\u00e9k a kiszolg\u00e1lt katon\u00e1kat.<br>Boldogan t\u00e9rt haza csal\u00e1dj\u00e1hoz, \u00e9s hetek m\u00falva ism\u00e9t munk\u00e1ba \u00e1llt a post\u00e1n\u00e1l.<br>Mind\u00f6ssze p\u00e1r h\u00f3napot dolgozott, amikor felsz\u00f3l\u00edtott\u00e1k, hogy mondjon le a magyar \u00e1llampolg\u00e1rs\u00e1g\u00e1r\u00f3l, \u00e9s vegye fel a szerb \u00e1llampolg\u00e1rs\u00e1got.<br>Miut\u00e1n ennek a felsz\u00f3l\u00edt\u00e1snak nem tett eleget kiutas\u00edtott\u00e1k Pancsov\u00e1r\u00f3l a csal\u00e1dot.<br>H\u00e1romnapi \u00e9lelemmel bevagon\u00edrozt\u00e1k \u0151ket, \u00e9s mindazokat, akik hasonl\u00f3an visszautas\u00edtott\u00e1k a szerb \u00e1llampolg\u00e1rs\u00e1g felv\u00e9tel\u00e9t, \u00e9s visszatoloncolt\u00e1k az anyaorsz\u00e1gba mindny\u00e1jukat.<\/p>\n\n\n\n<p class=\"wp-block-paragraph\">Mak\u00f3n h\u00f3napokig laktak a Kis\u00e1llom\u00e1s holtv\u00e1g\u00e1ny\u00e1n a k\u00e9nyelmetlen vagonokban, m\u00edg v\u00e9gre kev\u00e9ske sp\u00f3rolt p\u00e9nz\u00fck\u00e9rt a v\u00e1rossz\u00e9li Perczel utc\u00e1ban megvettek egy kis paraszth\u00e1zat.<br>Bek\u00f6lt\u00f6ztek \u00faj otthonukba, \u00e9s lassank\u00e9nt fel\u00faj\u00edtott\u00e1k, otthonoss\u00e1 tett\u00e9k csal\u00e1di f\u00e9szk\u00fcket.<br>Nagyap\u00e1mat visszavett\u00e9k, mint altisztet a post\u00e1ra, ahol csomagkihord\u00f3 lett.<br>A csomagokat egy nagy z\u00f6ld lovas teherkocsival hordt\u00e1k, melynek h\u00e1tul volt az ajtaja. A kocsi k\u00eds\u00e9r\u0151je volt a fogat hajt\u00f3ja, aki kinn \u00fclt a bakon, m\u00edg tat\u00e1m kik\u00e9zbes\u00edtette a csomagot.<br>Eg\u00e9sz nap j\u00e1rt\u00e1k a v\u00e1rost, m\u00edg k\u00f6zben megszomjaztak, \u00e9s be-bet\u00e9rtek egy italra, valamelyik kocsm\u00e1ba. A tanul\u00e9kony postal\u00f3, egy id\u0151 ut\u00e1n m\u00e1r an\u00e9lk\u00fcl, hogy ir\u00e1ny\u00edtani kellett volna, a szokott kocsm\u00e1kn\u00e1l bekanyarodott, \u00e9s meg\u00e1llt az ajt\u00f3 el\u0151tt.<br>Ha szabads\u00e1gon voltak a szolg\u00e1lat\u00e1tad\u00e1skor elmondt\u00e1k, hogy hagyni kell a lovat, az mindig tuja hol kell meg\u00e1llni.<br>Nagymam\u00e1m soha nem dolgozott alkalmazottk\u00e9nt sehol, de a h\u00e1ztart\u00e1s vezet\u00e9se mellet varrt, t\u00e9szt\u00e1t gy\u00fart, tarhony\u00e1t k\u00e9sz\u00edtett elad\u00e1sra, \u00e9s nem ritk\u00e1n 60 diszn\u00f3 h\u00edzott az \u00f3lakban, melyeket \u0151 l\u00e1tott el.<br>Nagysz\u00fcleim, \u00edgy hangyaszorgalommal annyi p\u00e9nzre tettek szert, hogy kicsiny h\u00e1zukat eladva k\u00e9tezer peng\u0151\u00e9rt megv\u00e1s\u00e1rolt\u00e1k (abban az id\u0151ben ez \u00f3ri\u00e1si p\u00e9nz volt) a v\u00e1ros k\u00f6zep\u00e9n \u00e1ll\u00f3 Tulip\u00e1n u. 25 sz\u00e1m\u00fa h\u00e1zat, melyet \u00e9n \u00f6r\u00f6k\u00f6ltem, \u00e9s a mai napig is itt lakunk benne.<br>Nagysz\u00fcleim 1883-ban sz\u00fclettek, nagyap\u00e1m november 26-\u00e1n, nagymam\u00e1m november 19-\u00e9n.<br>Nagymam\u00e1m 88, nagyap\u00e1m 93 \u00e9vig \u00e9lt.<br>Soha nem hangzott el n\u00e1luk vita, veszeked\u00e9s, \u00e9s ismeretlen volt a k\u00e1romkod\u00e1s, goromba megnyilv\u00e1nul\u00e1s.<\/p>\n\n\n\n<p class=\"wp-block-paragraph\">APAI \u00c1G<\/p>\n\n\n\n<p class=\"wp-block-paragraph\">Apai \u00e1gon sem voltak esem\u00e9nytelenek ezek az \u00e9vek.<br>Nagyap\u00e1m papucsos mester volt Mak\u00f3n a Tulip\u00e1n u. 35 sz\u00e1m alatt \u00e9lt \u00e9s dolgozott. Sz\u00fcleit fiatalon vesz\u00edtette el. N\u0151tlen ember l\u00e9v\u00e9n h\u00e9tv\u00e9g\u00e9n elj\u00e1rt a bar\u00e1tokkal sz\u00f3rakozni. Nem volt italos ember, \u00edgy a kocsm\u00e1k hangulat\u00e1ban csup\u00e1n a bar\u00e1tok kedv\u00e9\u00e9rt t\u00f6lt\u00f6tte el pihen\u0151 napj\u00e1t. Egy alkalommal hazafel\u00e9 ment, amikor megl\u00e1tott egy nagyon sz\u00e9pl\u00e1nyt, aki egyed\u00fcl nyugodt l\u00e9ptekkel haladt k\u00f6zvetlen el\u0151tte. Nagyap\u00e1m k\u00f6vette \u0151t haz\u00e1ig. Mikor bement a l\u00e1ny a h\u00e1zukba, nagyap\u00e1m becsengetett az ismeretlen otthonba. Miut\u00e1n kaput nyitottak, bemutatkozott, elmondta, hogy egyed\u00fcl\u00e1ll\u00f3 papucsos kisiparos, \u00e9s szeretn\u00e9 megk\u00e9rni a l\u00e1nyuk kez\u00e9t. (Abban az id\u0151ben egy kisiparos tekint\u00e9lyes embernek sz\u00e1m\u00edtott)<br>A h\u00e1ziak meglepetten n\u00e9ztek a l\u00e1nyukra, majd nagyap\u00e1mra. V\u00e9g\u00fcl a l\u00e1ny apja annyit mondott: j\u00f6jj\u00f6n vissza m\u00e1hoz egy h\u00e9tre a v\u00e1lasz\u00e9rt.<br>Egy h\u00e9t m\u00falva megjelent nagyap\u00e1m, \u00e9s akkor tudta meg a l\u00e1ny nev\u00e9t: J\u00e1ks\u00f3 Vilma, aki sz\u00fcleivel egy\u00fctt beleegyezett a h\u00e1zass\u00e1gi aj\u00e1nlatba.<br>P\u00e1r h\u00e9t m\u00falva megesk\u00fcdtek, \u00e9s szer\u00e9ny kis lakodalmat \u00fcltek.<\/p>\n\n\n\n<p class=\"wp-block-paragraph\">E mes\u00e9be ill\u0151 t\u00f6rt\u00e9net val\u00f3s\u00e1g volt, hasonl\u00f3an ahhoz, hogy nagyon boldogan \u00e9ltek, \u00e9s nevelt\u00e9k egyetlen fiukat, ap\u00e1mat.<br>Ap\u00e1m 1908. janu\u00e1r 21-\u00e9n sz\u00fcletett. \u00cdgy mind\u00f6ssze 6 \u00e9ves volt mikor kit\u00f6rt az els\u0151 vil\u00e1gh\u00e1bor\u00fa \u00e9s nagyap\u00e1mnak be kellett vonulnia katonai szolg\u00e1latra.<br>A h\u00e1bor\u00faban teljes\u00edtett szolg\u00e1lata k\u00f6zben egy l\u00f6v\u00e9sz\u00e1rokban fek\u00fcdt t\u00e1rs\u00e1val, \u00e9s figyelt\u00e9k a harcok kimenetel\u00e9t. Szerencs\u00e9j\u00fckre kett\u0151j\u00fcknek mind\u00f6ssze csup\u00e1n egyetlen gyalogs\u00e1gi \u00e1s\u00f3juk volt.<br>Nem vett\u00e9k \u00e9szre, hogy az orosz katon\u00e1k beker\u00edtett\u00e9k csapatukat. Mivel fegyver\u00fck nem volt, nem l\u0151tt\u00e9k le \u0151ket, hanem fogs\u00e1g\u00e1ba estek annak a hatalmas termet\u0171 orosz katon\u00e1nak, aki kiparancsolta a l\u00f6v\u00e9sz\u00e1rokb\u00f3l a k\u00e9t fegyvertelen embert.<br>Oroszorsz\u00e1gi fogolyt\u00e1borba ker\u00fcltek ahonnan lefogyva ugyan, de \u00e9pen, eg\u00e9szs\u00e9gesen t\u00e9rtek haza h\u00e1rom \u00e9v m\u00falva csal\u00e1djaikhoz.<\/p>\n\n\n\n<p class=\"wp-block-paragraph\">Nagyap\u00e1m, ahol abbahagyta a h\u00e1bor\u00fa miatt a foglalkoz\u00e1s\u00e1t, ott folytatta, \u00e9s ism\u00e9t papucsos mester lett. \u00c9lete v\u00e9g\u00e9ig az is maradt, ahol e szakma legjobbjai k\u00f6z\u00f6tt tartott\u00e1k nyilv\u00e1n.<br>Vasszorgalommal k\u00e9sz\u00edtette a szebbn\u00e9l-szebb papucsokat, melyeket nagymam\u00e1m \u00e1rult otthon, \u00e9s hetipiacos napokon a v\u00e1rosban l\u00e9v\u0151, Kossuth utcai hatalmas piacon.<br>A sz\u00e9p papucsok nagyon kap\u00f3sak voltak, \u00e9s tat\u00e1m nem gy\u0151zte egyed\u00fcl kiel\u00e9g\u00edteni az ig\u00e9nyeket, ez\u00e9rt felvette tanul\u00f3nak Bitt\u00f3 Istv\u00e1nt, aki egykor\u00fa volt ap\u00e1mmal, akivel j\u00f3 bar\u00e1ti kapcsolat alakult ki k\u00f6z\u00f6tt\u00fck.<br>Nagyap\u00e1m birkat\u00fcrelemmel viseltetett a k\u00e9t siheder ir\u00e1nt, de egyszer elszakadt a h\u00far. Miut\u00e1n t\u00f6bbsz\u00f6r is r\u00e1sz\u00f3lt inas\u00e1ra eredm\u00e9nytelen\u00fcl, hozz\u00e1 akarta v\u00e1gni a kaptaf\u00e1t utols\u00f3 figyelmeztet\u00e9sk\u00e9nt. Ekkor l\u00e9pett be nagymam\u00e1m, \u00e9s a rep\u00fcl\u0151 kaptafa \u0151t tal\u00e1lta el. Nagyap\u00e1m feln\u00e9zett \u00e9s csak annyit mondott: \u00edgy is j\u00f3! (E t\u00f6rt\u00e9netet \u00e9vtizedekkel k\u00e9s\u0151bb nekem mes\u00e9lte el Bitt\u00f3 Pista b\u00e1csi egy velem folytatott besz\u00e9lget\u00e9s alkalm\u00e1val)<br>A kis ijedts\u00e9g ut\u00e1n zavartalanul tov\u00e1bb folyt a munka.<\/p>\n\n\n\n<p class=\"wp-block-paragraph\">Az \u00e9vek m\u00fal\u00e1s\u00e1val, mikor ap\u00e1m m\u00e1r Kereskedelmi Iskol\u00e1ba j\u00e1rt, neki is be kellett kapcsol\u00f3dnia a munk\u00e1ba, \u00e9s reggel iskol\u00e1ba menet \u0151 tolta ki a piacra a papucsokkal megrakott talicsk\u00e1t, (a mak\u00f3iak akkori leghaszn\u00e1latosabb sz\u00e1ll\u00edt\u00f3eszk\u00f6ze volt) melyet tan\u00edt\u00e1s ut\u00e1n haza is tolt.<br>Abban az id\u0151ben ez term\u00e9szetes volt, ami manaps\u00e1g sz\u00e9gyenletes volna egy k\u00f6z\u00e9piskol\u00e1s di\u00e1knak.<\/p>\n\n\n\n<p class=\"wp-block-paragraph\">Nagymam\u00e1m az akkori id\u0151k szok\u00e1sa szerint h\u00e1ztart\u00e1st vezetet, valamint az eml\u00edtett tev\u00e9kenys\u00e9get, a papucsok \u00e9rt\u00e9kes\u00edt\u00e9s\u00e9t v\u00e9gezte, m\u00e1s helyen soha nem dolgozott, mivel abban a korban ez sz\u00e9gyen lett volna egy kisiparosnak.<\/p>\n","protected":false},"excerpt":{"rendered":"<p>AZ ELS\u0150 VIL\u00c1GH\u00c1BOR\u00da KIT\u00d6R\u00c9SE A vil\u00e1gh\u00e1bor\u00fa kit\u00f6r\u00e9se ut\u00e1ni \u00e1ltal\u00e1nos mozg\u00f3s\u00edt\u00e1s k\u00f6vetkezt\u00e9ben nagyap\u00e1m is beh\u00edv\u00f3t kapott, \u00e9s a h\u00e1bor\u00fa kezdet\u00e9t\u0151l a v\u00e9g\u00e9ig harct\u00e9ri szolg\u00e1latban \u00e1llt, \u00e9s a vil\u00e1gh\u00e1bor\u00fa hadm\u0171veleteiben a balk\u00e1ni ter\u00fcleten harcolt, mint lovas t\u0171z\u00e9r \u0151rmester, aki karcol\u00e1s n\u00e9lk\u00fcl meg\u00faszta a vil\u00e1gh\u00e1bor\u00fa kegyetlen gyilkol\u00e1sait.Mikor v\u00e9gre letett\u00e9k a fegyvereket, helyre\u00e1llt a b\u00e9ke, leszerelt\u00e9k a kiszolg\u00e1lt katon\u00e1kat.Boldogan &#8230; <a title=\"AZ ELS\u0150 VIL\u00c1GH\u00c1BOR\u00da KIT\u00d6R\u00c9SE\" class=\"read-more\" href=\"https:\/\/bozsogiattila.hu\/?p=1426\" aria-label=\"Tov\u00e1bbiak AZ ELS\u0150 VIL\u00c1GH\u00c1BOR\u00da KIT\u00d6R\u00c9SE\">Olvass tov\u00e1bb<\/a><\/p>\n","protected":false},"author":3,"featured_media":0,"comment_status":"open","ping_status":"open","sticky":false,"template":"","format":"standard","meta":{"footnotes":""},"categories":[331],"tags":[],"class_list":["post-1426","post","type-post","status-publish","format-standard","hentry","category-emlkeim"],"yoast_head":"<!-- This site is optimized with the Yoast SEO plugin v21.8 - https:\/\/yoast.com\/wordpress\/plugins\/seo\/ -->\n<title>AZ ELS\u0150 VIL\u00c1GH\u00c1BOR\u00da KIT\u00d6R\u00c9SE - Bozsogi Attila<\/title>\n<meta name=\"robots\" content=\"index, follow, max-snippet:-1, max-image-preview:large, max-video-preview:-1\" \/>\n<link rel=\"canonical\" href=\"https:\/\/bozsogiattila.hu\/?p=1426\" \/>\n<meta property=\"og:locale\" content=\"hu_HU\" \/>\n<meta property=\"og:type\" content=\"article\" \/>\n<meta property=\"og:title\" content=\"AZ ELS\u0150 VIL\u00c1GH\u00c1BOR\u00da KIT\u00d6R\u00c9SE - Bozsogi Attila\" \/>\n<meta property=\"og:description\" content=\"AZ ELS\u0150 VIL\u00c1GH\u00c1BOR\u00da KIT\u00d6R\u00c9SE A vil\u00e1gh\u00e1bor\u00fa kit\u00f6r\u00e9se ut\u00e1ni \u00e1ltal\u00e1nos mozg\u00f3s\u00edt\u00e1s k\u00f6vetkezt\u00e9ben nagyap\u00e1m is beh\u00edv\u00f3t kapott, \u00e9s a h\u00e1bor\u00fa kezdet\u00e9t\u0151l a v\u00e9g\u00e9ig harct\u00e9ri szolg\u00e1latban \u00e1llt, \u00e9s a vil\u00e1gh\u00e1bor\u00fa hadm\u0171veleteiben a balk\u00e1ni ter\u00fcleten harcolt, mint lovas t\u0171z\u00e9r \u0151rmester, aki karcol\u00e1s n\u00e9lk\u00fcl meg\u00faszta a vil\u00e1gh\u00e1bor\u00fa kegyetlen gyilkol\u00e1sait.Mikor v\u00e9gre letett\u00e9k a fegyvereket, helyre\u00e1llt a b\u00e9ke, leszerelt\u00e9k a kiszolg\u00e1lt katon\u00e1kat.Boldogan ... Olvass tov\u00e1bb\" \/>\n<meta property=\"og:url\" content=\"https:\/\/bozsogiattila.hu\/?p=1426\" \/>\n<meta property=\"og:site_name\" content=\"Bozsogi Attila\" \/>\n<meta property=\"article:published_time\" content=\"2024-01-14T14:12:30+00:00\" \/>\n<meta property=\"article:modified_time\" content=\"2024-01-14T14:14:34+00:00\" \/>\n<meta name=\"author\" content=\"Bozsogi Attila\" \/>\n<meta name=\"twitter:card\" content=\"summary_large_image\" \/>\n<meta name=\"twitter:label1\" content=\"Szerz\u0151:\" \/>\n\t<meta name=\"twitter:data1\" content=\"Bozsogi Attila\" \/>\n\t<meta name=\"twitter:label2\" content=\"Becs\u00fclt olvas\u00e1si id\u0151\" \/>\n\t<meta name=\"twitter:data2\" content=\"7 perc\" \/>\n<script type=\"application\/ld+json\" class=\"yoast-schema-graph\">{\"@context\":\"https:\/\/schema.org\",\"@graph\":[{\"@type\":\"WebPage\",\"@id\":\"https:\/\/bozsogiattila.hu\/?p=1426\",\"url\":\"https:\/\/bozsogiattila.hu\/?p=1426\",\"name\":\"AZ ELS\u0150 VIL\u00c1GH\u00c1BOR\u00da KIT\u00d6R\u00c9SE - Bozsogi Attila\",\"isPartOf\":{\"@id\":\"https:\/\/bozsogiattila.hu\/#website\"},\"datePublished\":\"2024-01-14T14:12:30+00:00\",\"dateModified\":\"2024-01-14T14:14:34+00:00\",\"author\":{\"@id\":\"https:\/\/bozsogiattila.hu\/#\/schema\/person\/488c99f554a8c4039201260dd5eb795e\"},\"breadcrumb\":{\"@id\":\"https:\/\/bozsogiattila.hu\/?p=1426#breadcrumb\"},\"inLanguage\":\"hu\",\"potentialAction\":[{\"@type\":\"ReadAction\",\"target\":[\"https:\/\/bozsogiattila.hu\/?p=1426\"]}]},{\"@type\":\"BreadcrumbList\",\"@id\":\"https:\/\/bozsogiattila.hu\/?p=1426#breadcrumb\",\"itemListElement\":[{\"@type\":\"ListItem\",\"position\":1,\"name\":\"Kezd\u0151lap\",\"item\":\"https:\/\/bozsogiattila.hu\/\"},{\"@type\":\"ListItem\",\"position\":2,\"name\":\"AZ ELS\u0150 VIL\u00c1GH\u00c1BOR\u00da KIT\u00d6R\u00c9SE\"}]},{\"@type\":\"WebSite\",\"@id\":\"https:\/\/bozsogiattila.hu\/#website\",\"url\":\"https:\/\/bozsogiattila.hu\/\",\"name\":\"Bozsogi Attila\",\"description\":\"a zen\u00e9sz, \u00edr\u00f3 munk\u00e1ss\u00e1g\u00e1nak \u00e9s a mak\u00f3i muzsikusok eml\u00e9k\u00e9t \u0151rz\u0151 oldal\",\"potentialAction\":[{\"@type\":\"SearchAction\",\"target\":{\"@type\":\"EntryPoint\",\"urlTemplate\":\"https:\/\/bozsogiattila.hu\/?s={search_term_string}\"},\"query-input\":\"required name=search_term_string\"}],\"inLanguage\":\"hu\"},{\"@type\":\"Person\",\"@id\":\"https:\/\/bozsogiattila.hu\/#\/schema\/person\/488c99f554a8c4039201260dd5eb795e\",\"name\":\"Bozsogi Attila\",\"image\":{\"@type\":\"ImageObject\",\"inLanguage\":\"hu\",\"@id\":\"https:\/\/bozsogiattila.hu\/#\/schema\/person\/image\/\",\"url\":\"https:\/\/secure.gravatar.com\/avatar\/7da6b5985e34ed798d1670c54ce7d20e6a53b800bb0c07945c64b09392f3dbfd?s=96&d=mm&r=g\",\"contentUrl\":\"https:\/\/secure.gravatar.com\/avatar\/7da6b5985e34ed798d1670c54ce7d20e6a53b800bb0c07945c64b09392f3dbfd?s=96&d=mm&r=g\",\"caption\":\"Bozsogi Attila\"},\"sameAs\":[\"http:\/\/www.boszogiattila.hu\"],\"url\":\"https:\/\/bozsogiattila.hu\/?author=3\"}]}<\/script>\n<!-- \/ Yoast SEO plugin. -->","yoast_head_json":{"title":"AZ ELS\u0150 VIL\u00c1GH\u00c1BOR\u00da KIT\u00d6R\u00c9SE - Bozsogi Attila","robots":{"index":"index","follow":"follow","max-snippet":"max-snippet:-1","max-image-preview":"max-image-preview:large","max-video-preview":"max-video-preview:-1"},"canonical":"https:\/\/bozsogiattila.hu\/?p=1426","og_locale":"hu_HU","og_type":"article","og_title":"AZ ELS\u0150 VIL\u00c1GH\u00c1BOR\u00da KIT\u00d6R\u00c9SE - Bozsogi Attila","og_description":"AZ ELS\u0150 VIL\u00c1GH\u00c1BOR\u00da KIT\u00d6R\u00c9SE A vil\u00e1gh\u00e1bor\u00fa kit\u00f6r\u00e9se ut\u00e1ni \u00e1ltal\u00e1nos mozg\u00f3s\u00edt\u00e1s k\u00f6vetkezt\u00e9ben nagyap\u00e1m is beh\u00edv\u00f3t kapott, \u00e9s a h\u00e1bor\u00fa kezdet\u00e9t\u0151l a v\u00e9g\u00e9ig harct\u00e9ri szolg\u00e1latban \u00e1llt, \u00e9s a vil\u00e1gh\u00e1bor\u00fa hadm\u0171veleteiben a balk\u00e1ni ter\u00fcleten harcolt, mint lovas t\u0171z\u00e9r \u0151rmester, aki karcol\u00e1s n\u00e9lk\u00fcl meg\u00faszta a vil\u00e1gh\u00e1bor\u00fa kegyetlen gyilkol\u00e1sait.Mikor v\u00e9gre letett\u00e9k a fegyvereket, helyre\u00e1llt a b\u00e9ke, leszerelt\u00e9k a kiszolg\u00e1lt katon\u00e1kat.Boldogan ... Olvass tov\u00e1bb","og_url":"https:\/\/bozsogiattila.hu\/?p=1426","og_site_name":"Bozsogi Attila","article_published_time":"2024-01-14T14:12:30+00:00","article_modified_time":"2024-01-14T14:14:34+00:00","author":"Bozsogi Attila","twitter_card":"summary_large_image","twitter_misc":{"Szerz\u0151:":"Bozsogi Attila","Becs\u00fclt olvas\u00e1si id\u0151":"7 perc"},"schema":{"@context":"https:\/\/schema.org","@graph":[{"@type":"WebPage","@id":"https:\/\/bozsogiattila.hu\/?p=1426","url":"https:\/\/bozsogiattila.hu\/?p=1426","name":"AZ ELS\u0150 VIL\u00c1GH\u00c1BOR\u00da KIT\u00d6R\u00c9SE - Bozsogi Attila","isPartOf":{"@id":"https:\/\/bozsogiattila.hu\/#website"},"datePublished":"2024-01-14T14:12:30+00:00","dateModified":"2024-01-14T14:14:34+00:00","author":{"@id":"https:\/\/bozsogiattila.hu\/#\/schema\/person\/488c99f554a8c4039201260dd5eb795e"},"breadcrumb":{"@id":"https:\/\/bozsogiattila.hu\/?p=1426#breadcrumb"},"inLanguage":"hu","potentialAction":[{"@type":"ReadAction","target":["https:\/\/bozsogiattila.hu\/?p=1426"]}]},{"@type":"BreadcrumbList","@id":"https:\/\/bozsogiattila.hu\/?p=1426#breadcrumb","itemListElement":[{"@type":"ListItem","position":1,"name":"Kezd\u0151lap","item":"https:\/\/bozsogiattila.hu\/"},{"@type":"ListItem","position":2,"name":"AZ ELS\u0150 VIL\u00c1GH\u00c1BOR\u00da KIT\u00d6R\u00c9SE"}]},{"@type":"WebSite","@id":"https:\/\/bozsogiattila.hu\/#website","url":"https:\/\/bozsogiattila.hu\/","name":"Bozsogi Attila","description":"a zen\u00e9sz, \u00edr\u00f3 munk\u00e1ss\u00e1g\u00e1nak \u00e9s a mak\u00f3i muzsikusok eml\u00e9k\u00e9t \u0151rz\u0151 oldal","potentialAction":[{"@type":"SearchAction","target":{"@type":"EntryPoint","urlTemplate":"https:\/\/bozsogiattila.hu\/?s={search_term_string}"},"query-input":"required name=search_term_string"}],"inLanguage":"hu"},{"@type":"Person","@id":"https:\/\/bozsogiattila.hu\/#\/schema\/person\/488c99f554a8c4039201260dd5eb795e","name":"Bozsogi Attila","image":{"@type":"ImageObject","inLanguage":"hu","@id":"https:\/\/bozsogiattila.hu\/#\/schema\/person\/image\/","url":"https:\/\/secure.gravatar.com\/avatar\/7da6b5985e34ed798d1670c54ce7d20e6a53b800bb0c07945c64b09392f3dbfd?s=96&d=mm&r=g","contentUrl":"https:\/\/secure.gravatar.com\/avatar\/7da6b5985e34ed798d1670c54ce7d20e6a53b800bb0c07945c64b09392f3dbfd?s=96&d=mm&r=g","caption":"Bozsogi Attila"},"sameAs":["http:\/\/www.boszogiattila.hu"],"url":"https:\/\/bozsogiattila.hu\/?author=3"}]}},"jetpack_featured_media_url":"","_links":{"self":[{"href":"https:\/\/bozsogiattila.hu\/index.php?rest_route=\/wp\/v2\/posts\/1426","targetHints":{"allow":["GET"]}}],"collection":[{"href":"https:\/\/bozsogiattila.hu\/index.php?rest_route=\/wp\/v2\/posts"}],"about":[{"href":"https:\/\/bozsogiattila.hu\/index.php?rest_route=\/wp\/v2\/types\/post"}],"author":[{"embeddable":true,"href":"https:\/\/bozsogiattila.hu\/index.php?rest_route=\/wp\/v2\/users\/3"}],"replies":[{"embeddable":true,"href":"https:\/\/bozsogiattila.hu\/index.php?rest_route=%2Fwp%2Fv2%2Fcomments&post=1426"}],"version-history":[{"count":2,"href":"https:\/\/bozsogiattila.hu\/index.php?rest_route=\/wp\/v2\/posts\/1426\/revisions"}],"predecessor-version":[{"id":1429,"href":"https:\/\/bozsogiattila.hu\/index.php?rest_route=\/wp\/v2\/posts\/1426\/revisions\/1429"}],"wp:attachment":[{"href":"https:\/\/bozsogiattila.hu\/index.php?rest_route=%2Fwp%2Fv2%2Fmedia&parent=1426"}],"wp:term":[{"taxonomy":"category","embeddable":true,"href":"https:\/\/bozsogiattila.hu\/index.php?rest_route=%2Fwp%2Fv2%2Fcategories&post=1426"},{"taxonomy":"post_tag","embeddable":true,"href":"https:\/\/bozsogiattila.hu\/index.php?rest_route=%2Fwp%2Fv2%2Ftags&post=1426"}],"curies":[{"name":"wp","href":"https:\/\/api.w.org\/{rel}","templated":true}]}}