{"id":1430,"date":"2024-01-14T14:16:10","date_gmt":"2024-01-14T14:16:10","guid":{"rendered":"https:\/\/bozsogiattila.hu\/?p=1430"},"modified":"2024-01-14T14:16:10","modified_gmt":"2024-01-14T14:16:10","slug":"szuleim","status":"publish","type":"post","link":"https:\/\/bozsogiattila.hu\/?p=1430","title":{"rendered":"SZ\u00dcLEIM"},"content":{"rendered":"\n<p class=\"wp-block-paragraph\">SZ\u00dcLEIM<\/p>\n\n\n\n<p class=\"wp-block-paragraph\">Ap\u00e1m az elemi iskola elv\u00e9gz\u00e9se ut\u00e1n gimn\u00e1ziumban tanult tov\u00e1bb, majd amikor ott fels\u0151oszt\u00e1lyba ker\u00fclt volna, \u00e1tiratkozott az akkor indul\u00f3 Kereskedelmi Iskola els\u0151 \u00e9vfolyam\u00e1ba, \u00e9s ott \u00e9retts\u00e9gizett le, mint ennek az iskol\u00e1nak az els\u0151 v\u00e9gz\u0151s oszt\u00e1ly\u00e1nak tanul\u00f3ja. Egyetlen \u00e9vfolyamban 16-18 v\u00e9gz\u0151s volt mind\u00f6ssze. Ez a v\u00e9gzetts\u00e9g nagy elismer\u00e9snek \u00f6rvendett abban az id\u0151ben, \u00e9s a v\u00e9gzett \u00f6regdi\u00e1kok a polg\u00e1ri \u00e9letben k\u00e9m\u00e9nykalapot viseltek, \u00e9s az \u00f6lt\u00f6z\u00e9k\u00fck kieg\u00e9sz\u00edt\u0151je s\u00e9tap\u00e1lca volt, ami utalt a v\u00e9gzetts\u00e9g\u00fckre.<br>\u00c9retts\u00e9gi ut\u00e1n a papi p\u00e1ly\u00e1n szeretett volna tov\u00e1bbtanulni, amit any\u00e1mmal val\u00f3 megismerked\u00e9se szak\u00edtott f\u00e9lbe, oly annyira, hogy miut\u00e1n megszerett\u00e9k egym\u00e1s soha nem j\u00e1rt templomba t\u00f6bb\u00e9. Ez a szok\u00e1sa \u00e9lete v\u00e9g\u00e9ig elk\u00eds\u00e9rte.<\/p>\n\n\n\n<p class=\"wp-block-paragraph\">Any\u00e1m sugallat\u00e1ra, mint \u00e9retts\u00e9givel rendelkez\u0151 jelentkezett egy\u00e9ves \u00f6nk\u00e9ntesnek a katonas\u00e1gn\u00e1l, mely leszerel\u00e9skor tiszti rendfokozat adom\u00e1nyoz\u00e1s\u00e1val j\u00e1rt.<br>Ap\u00e1m a soroz\u00f3 helyen v\u00e1rakozott, \u00e9s amikor r\u00e1ker\u00fclt volna a sor l\u00e9lekszakadva rohant be Enyedi Istv\u00e1n, volt j\u00f3 bar\u00e1tja, aki Rom\u00e1ni\u00e1b\u00f3l sz\u00f6k\u00f6tt \u00e1t minden tan\u00e9v kezdet\u00e9n, \u00e9s sz\u00f6k\u00f6tt haza a tan\u00e9v v\u00e9g\u00e9n.<br>J\u00e1nosk\u00e1m, &#8211; mondta, soroz\u00e1s ut\u00e1n sz\u00f6kn\u00e9k haza, k\u00e9rlek, engedj el\u00e9bed, \u00e9s ha szerencs\u00e9m van, m\u00e9g el\u00e9rem a hat\u00e1rig men\u0151 vonatot.<br>Ap\u00e1m el\u0151reengedte bar\u00e1tj\u00e1t, (hadnagyk\u00e9nt szerelt le) aki miut\u00e1n v\u00e9gzett a soroz\u00e1son, bejelentette a soroz\u00f3 tiszt: Betelt a l\u00e9tsz\u00e1m.<br>\u00cdgy ap\u00e1m eleget tett any\u00e1m k\u00e9r\u00e9s\u00e9nek, de nem rajta m\u00falott, hogy nem volt szerencs\u00e9je a katonas\u00e1gn\u00e1l, \u00e9s a k\u00e9s\u0151bbiekben sem volt katona sohasem, amit jobb kez\u00e9nek k\u00f6sz\u00f6nhetett, ugyanis a mutat\u00f3, \u00e9s k\u00f6z\u00e9ps\u0151 ujja m\u00e9g egyszer olyan vastag volt, mint kellett volna lenni.<br>A r\u00f6ntgenfelv\u00e9telek szerint e k\u00e9t ujj\u00e1ban k\u00e9t-k\u00e9t csont volt, teh\u00e1t jobb kez\u00e9n h\u00e9t ujj volt.<br>Ez az eset egy \u00f6r\u00f6kl\u00e9stanilag is ismert \u201ebetegs\u00e9g\u201d \u00e9s \u00e1ltal\u00e1ban minden els\u0151sz\u00fcl\u00f6tt fi\u00fagyermek \u00f6r\u00f6kli ezt a k\u00f3rt. Egy orvosn\u0151 mikor megl\u00e1tta ap\u00e1m kez\u00e9t, megk\u00e9rt, hogy vessem al\u00e1 magam egy vizsg\u00e1latnak, \u00e9s j\u00e1ruljak hozz\u00e1, hogy tudom\u00e1nyos munk\u00e1j\u00e1ban felhaszn\u00e1lja az eredm\u00e9nyt.<br>Miel\u0151tt a vizsg\u00e1lat elkezd\u0151d\u00f6tt volna, ap\u00e1m felh\u00edvta a doktorn\u0151 figyelm\u00e9t, hogy nem \u00e9n vagyok az els\u0151 sz\u00fcl\u00f6tt fi\u00fa, de b\u00e1ty\u00e1mnak, aki p\u00e1r napot \u00e9lt csup\u00e1n, szint\u00e9n olyan volt a jobb keze, mint az \u00f6v\u00e9, \u00e9s nagyap\u00e1m kez\u00e9re is ez volt jellemz\u0151.<br>A doktorn\u0151 sajn\u00e1lkozva el\u00e1llt az \u00e9n kezem vizsg\u00e1lat\u00e1t\u00f3l, mivel nagyon ritka jelens\u00e9gr\u0151l volt sz\u00f3, amit szeretett volna tudom\u00e1nyosan igazolva publik\u00e1lni.<br>Jobb kez\u00e9nek k\u00f6sz\u00f6nhet\u0151en a II. vil\u00e1gh\u00e1bor\u00fa idej\u00e9n sem sorozt\u00e1k be ap\u00e1mat, mivel nem tudta volna haszn\u00e1lni a k\u00e9zifegyvereket.<\/p>\n\n\n\n<p class=\"wp-block-paragraph\">Ap\u00e1m miut\u00e1n \u00edgy \u00f6r\u00f6kre megszabadult a katonas\u00e1gt\u00f3l jelentkezett a V\u00e1rosh\u00e1z\u00e1n v\u00e9gzetts\u00e9g\u00e9nek megfelel\u0151 munk\u00e1ra, ahol felv\u00e9telt nyert a Sz\u00e1mvev\u0151s\u00e9gre egy\u00e9ves ingyenes munkaer\u0151nek. Ez azt jelentette, hogy fizet\u00e9s n\u00e9lk\u00fcl dolgozott minden nap, tal\u00e1n szorgalmasabban, mint a t\u00f6bbi alkalmazott, abban a rem\u00e9nyben, hogy a k\u00f6vetkez\u0151 \u00e9vben meghosszabb\u00edtj\u00e1k a megb\u00edzat\u00e1s\u00e1t egy \u00e9vre, de m\u00e1r f\u00e9l fizet\u00e9s\u00e9rt.<br>\u00cdgy is t\u00f6rt\u00e9nt, \u00e9s amikor letelt a f\u00e9l fizet\u00e9ssel j\u00e1r\u00f3 egy \u00e9v, teljes fizet\u00e9ssel v\u00e9gleges\u00edtett\u00e9k d\u00edjnoki kinevez\u00e9ssel.<br>Ezut\u00e1n 25 \u00e9vig dolgozott egy asztaln\u00e1l, \u00e9s \u00fclt ugyanazon a sz\u00e9ken.<\/p>\n\n\n\n<p class=\"wp-block-paragraph\">Miut\u00e1n ilyen biztos munk\u00e1ja lett 1931-ben \u00f6sszeh\u00e1zasodtak any\u00e1mmal, D\u00f6me Roz\u00e1li\u00e1val. 1932-ben megsz\u00fcletett a m\u00e1r eml\u00edtett b\u00e1ty\u00e1m J\u00e1nos, aki mind\u00f6ssze p\u00e1r napot \u00e9lt.<br>1933-ban sz\u00fcletett n\u0151v\u00e9rem Hajnalka, akinek sz\u00fclet\u00e9s\u00e9t v\u00e1rva-v\u00e1rta nagymam\u00e1m, de nem sok\u00e1ig \u00f6r\u00fclhetett unok\u00e1j\u00e1nak, mert m\u00e9g abban az \u00e9vben, r\u00e1kbetegs\u00e9gben elhunyt.<br>Sz\u00fcleim ez id\u0151 t\u00e1jt a Tisztvisel\u0151 telepen, majd a Batthy\u00e1nyi utc\u00e1ban \u00e9ltek alb\u00e9rletben.<br>1938-ban sz\u00fcletett meg n\u0151v\u00e9rem Emese, aki szint\u00e9n p\u00e1r napot \u00e9lt.<\/p>\n\n\n\n<p class=\"wp-block-paragraph\">Nagyap\u00e1m miut\u00e1n egyed\u00fcl maradt, nem tudta a munk\u00e1t \u00e9s a piacol\u00e1st egyed\u00fcl ell\u00e1tni, valamint nem b\u00edrta a mag\u00e1nyt, ez\u00e9rt h\u00e1zass\u00e1got k\u00f6t\u00f6tt Harcs\u00e1s S\u00e1ndorn\u00e9val, aki egy papucsos \u00f6zvegye volt, aki folytatta nagymam\u00e1m munk\u00e1j\u00e1t, \u00e9s ezek ut\u00e1n \u0151 l\u00e1tta el a h\u00e1ztart\u00e1st, illetve \u00e1rulta a papucsokat.<\/p>\n\n\n\n<p class=\"wp-block-paragraph\">Nagyap\u00e1m gyakran l\u00e1togatta apr\u00f3 kis aj\u00e1nd\u00e9kokkal az ekkor m\u00e1r \u00f6t\u00e9ves unok\u00e1j\u00e1t, Hajnalk\u00e1t, aki ha megl\u00e1tta k\u00f6zeledni a tat\u00e1t, rohanva futott be a lak\u00e1sba, \u00e9s hars\u00e1nyhangon kiab\u00e1lta, dugj\u00e1tok el a s\u00fctem\u00e9nyt, mert k\u00f6zeledik a tata, aki im\u00e1dta a s\u00fctem\u00e9nyt, \u00e9s k\u00e9pes volt megenni egy eg\u00e9sz t\u00e1ny\u00e9rral a finom csemeg\u00e9b\u0151l.<\/p>\n\n\n\n<p class=\"wp-block-paragraph\">Ezut\u00e1n k\u00f6lt\u00f6ztek sz\u00fcleim be a Tulip\u00e1n utca 25 sz\u00e1m alatti h\u00e1zba, melynek udvari lak\u00e1s\u00e1ban \u00e9ltek anyai nagysz\u00fcleim, az utcai lak\u00e1s pedig a sz\u00fcleim\u00e9 lett. 1939-ben itt sz\u00fclettem meg \u00e9n. (Otthoni sz\u00fcl\u00e9s volt)<br>Apai nagyap\u00e1m nekem m\u00e1r nem sok\u00e1ig \u00f6r\u00fclhetett, mivel 1940-ben (m\u00e9g egy\u00e9ves sem voltam) r\u00e1kbetegs\u00e9gben elhunyt.<\/p>\n\n\n\n<p class=\"wp-block-paragraph\">K\u00f6zben munk\u00e1j\u00e1nak megbecs\u00fcl\u00e9sek\u00e9nt ap\u00e1m Sz\u00e1mvev\u0151s\u00e9gi F\u0151tan\u00e1csos lett, mely c\u00edm m\u00e9lt\u00f3s\u00e1gos \u00fari megsz\u00f3l\u00edt\u00e1st vont maga ut\u00e1n. (Ennek a c\u00edmnek k\u00f6sz\u00f6nhet\u0151en lettem \u00e9n oszt\u00e1lyidegen, \u00e9s ennek k\u00f6sz\u00f6nhet\u0151en nem nyertem felv\u00e9telt egyetemre a sikeres felv\u00e9teli vizsg\u00e1m ellen\u00e9re sem, hogy ap\u00e1m egy egyszer\u0171 papucsos mester fi\u00e1b\u00f3l lett m\u00e9lt\u00f3s\u00e1gos \u00far)<\/p>\n\n\n\n<p class=\"wp-block-paragraph\">Any\u00e1m \u00f3v\u00f3n\u0151 szeretett volna lenni, de az akkori neh\u00e9z gazdas\u00e1gi helyzetben, nagysz\u00fcleim nem tudt\u00e1k finansz\u00edrozni a tan\u00edttat\u00e1s\u00e1t, \u00edgy a h\u00edres Bauer Zsuzsa kalapszalon tanul\u00f3ja lett a polg\u00e1ri iskola befejez\u00e9se ut\u00e1n. (ez a foglalkoz\u00e1s a legfelkapottabb n\u0151i szakma volt.)<br>A szakmunk\u00e1svizsga ut\u00e1n m\u00e9g \u00e9vekig dolgozott kalaposk\u00e9nt, \u00e9s k\u00f6zben elv\u00e9gzett egy kereskedelmi iskolai tanfolyamot, mely sz\u00fcks\u00e9ges volt, ahhoz, hogy \u00f6n\u00e1ll\u00f3 \u00fczletet nyithasson.<br>Sz\u00fclet\u00e9sem ut\u00e1n \u00e9vekig a h\u00e1ztat\u00e1st vezette, majd k\u00e9zimunka\u00fczletet nyitott a De\u00e1k Ferenc utcai Homonnai h\u00e1zban.<\/p>\n\n\n\n<p class=\"wp-block-paragraph\">Homonnai N\u00e1ndor a kor h\u00edres f\u00e9nyk\u00e9p\u00e9sze volt, \u00e9s a m\u0171terme az emeletes h\u00e1z udvar\u00e1ban \u00e1llt, melyet hal\u00e1la ut\u00e1n, H\u00e1rshegyi J\u00e1nos vezetett, Homonnai \u00f6zvegy\u00e9nek megb\u00edzat\u00e1s\u00e1b\u00f3l.)<br>Homonnai N\u00e1ndor fot\u00f3laborja 1904-36ig m\u0171k\u00f6d\u00f6tt a tulajdonos vezet\u00e9s\u00e9vel. Hal\u00e1la ut\u00e1ni hagyat\u00e9kban kb. 20ezer \u00fcvegnegat\u00edv maradt.<br>A f\u00e9nyk\u00e9p\u00e9sz m\u0171term\u00e9nek nyomtatott, rajzos c\u00e9gfelirat\u00e1nak eredeti \u00fcvegnegat\u00edvj\u00e1t a mak\u00f3i J\u00f3zsef Attila M\u00fazeum \u0151rzi.<br>A c\u00e9gt\u00e1bl\u00e1nak tudhat\u00f3an sok\u00e1ig \u00fagy tudtam, hogy ismertem a h\u00edres fot\u00f3st, csak amikor megjelent Homonnai N\u00e1ndorr\u00f3l \u00edrt \u00e9letrajzi k\u00f6nyv, mely sok eredeti f\u00e9nyk\u00e9pet tartalmazott, d\u00f6bbentem r\u00e1, hogy akinek fot\u00f3it l\u00e1ttam gyermekk\u00e9nt \u00e1zni az udvari k\u00fat melletti t\u00e1lakban, &#8211; H\u00e1rshegyi J\u00e1nos volt, hiszen sz\u00fclet\u00e9sem el\u0151tt h\u00e1rom \u00e9vvel m\u00e1r elhunyt a n\u00e9pszer\u0171 fot\u00f3m\u0171v\u00e9sz.<\/p>\n\n\n\n<p class=\"wp-block-paragraph\">A Homonnai h\u00e1z iker\u00fczlet\u00e9nek kapu fel\u00f6li r\u00e9sze volt any\u00e1m\u00e9, (b\u00e9rben) amely kapu, mintegy 15 m\u00e9ter hossz\u00fa, mak\u00f3iasan mondva sz\u00e1razkapu bej\u00e1rat volt, mellyel szemben a h\u00edres m\u0171terem pomp\u00e1zott. A kapu alatt volt a bej\u00e1rata a munkaszob\u00e1nak, ahol 10-12 asszony dolgozott naponta. Pul\u00f3vereket, keszty\u0171ket, der\u00e9kmeleg\u00edt\u0151ket, harisny\u00e1t stb. k\u00f6t\u00f6ttek.<br>A bolt el\u0151tti utcaszakaszon helyezkedett el a tejpiac, ahol hetipiacos napokon t\u00f6bb sz\u00e1z ember megfordult, akik k\u00f6z\u00fcl sokan bet\u00e9rtek az utca \u00fczleteibe is v\u00e1s\u00e1rolni.<\/p>\n\n\n\n<p class=\"wp-block-paragraph\">Any\u00e1m \u00fczlete mellett, &#8211; szint\u00e9n a Homonnai h\u00e1zban &#8211; H. Kov\u00e1cs Gy\u00f6rgy vegyesboltja \u00fczemelt, amely egy nagy forgalm\u00fa \u00fczlet volt, ez\u00e9rt a tulajdonoson \u00e9s feles\u00e9g\u00e9n k\u00edv\u00fcl dolgozott egy seg\u00e9d, \u00e9s egy inas, Miska is, aki kifut\u00f3k\u00e9nt hazasz\u00e1ll\u00edtotta a megrendelt \u00e1rukat. Egy ilyen \u00e1rusz\u00e1ll\u00edt\u00e1s alkalm\u00e1val kett\u00e9t\u00f6rt alatta az id\u0151 vasfoga \u00e1ltal kikezdet n\u0151i ker\u00e9kp\u00e1r, melyr\u0151l hatalmasat esett, de szerencs\u00e9sen meg\u00faszta a buk\u00e1st, csup\u00e1n az orra lett egy ideig olyan, mint az orangut\u00e1nok\u00e9. Gyurka bar\u00e1tommal, (A keresked\u0151 fi\u00e1val) el\u0151szeretettel cs\u00fafoltuk az orr\u00e1t, ami\u00e9rt be\u00edg\u00e9rt egy-egy nagy seggber\u00fag\u00e1st, de mint inas nem merte megtenni, f\u00e9lt a f\u0151n\u00f6k\u00e9t\u0151l.<\/p>\n\n\n\n<p class=\"wp-block-paragraph\">Bent az udvarban, a f\u00f6ldszinten a N\u00fcrnberg csal\u00e1d lakott, (Vilmos \u00e9s R\u00f3zsika) az emeleten Dr. Uray Vilmos f\u0151orvos \u00far \u00e9s csal\u00e1dja. Unok\u00e1juk Csemez \u00c1gnes, (Tunda) \u00e9s Tam\u00e1s, akik hasonl\u00f3 kor\u00faak voltak velem, akikr\u0151l soha t\u00f6bb\u00e9 nem hallottam Mak\u00f3r\u00f3l elker\u00fcl\u00e9s\u00fck ut\u00e1n.<br>1913-ban Dr. Uray Vilmos Igazgat\u00f3 F\u0151orvosi kinevez\u00e9se fordulatot hozott a mak\u00f3i k\u00f3rh\u00e1z \u00e9let\u00e9ben. Az akkori helyzet m\u00e9rlegel\u00e9se ut\u00e1n az ig\u00e9nyeknek megfelel\u0151en, k\u00e9t r\u00e9szre osztotta az addig egyben m\u0171k\u00f6d\u0151 k\u00f3rh\u00e1zat, \u00e9s belgy\u00f3gy\u00e1szati, valamint seb\u00e9szeti oszt\u00e1lyokra tagolta m\u0171k\u00f6d\u00e9s\u00e9nek tekintet\u00e9ben.<br>Ezek ut\u00e1n \u00faj felszerel\u00e9sekkel gazdagodtak, \u00e9s megindult a fellend\u00fcl\u00e9s id\u0151szaka. A megindul\u00f3 fejl\u0151d\u00e9snek az els\u0151 Vil\u00e1gh\u00e1bor\u00fa kit\u00f6r\u00e9se vetett v\u00e9get, \u00e9s Dr. Uray Vilmos katonai beh\u00edv\u00f3ja.<br>A sz\u00e9p rem\u00e9nyek el\u0151tt \u00e1ll\u00f3 K\u00f3rh\u00e1z a h\u00e1bor\u00fa \u00e9s a gazdas\u00e1gi vezet\u00e9s szakszer\u0171 ir\u00e1ny\u00edt\u00e1s\u00e1nak hi\u00e1ny\u00e1ban, teljesen lez\u00fcll\u00f6tt.<br>1920-ban Dr. Di\u00f3sszil\u00e1gyi S\u00e1muel lett az \u00faj Igazgat\u00f3 F\u0151orvos, aki igyekezett rendet teremteni a kaotikus helyzetben.<br>A fogs\u00e1gb\u00f3l visszat\u00e9r\u0151 Dr. Uray Vilmos a n\u00f6vekv\u0151 betegforgalom \u00e9rdek\u00e9ben teljes \u00e1tszervez\u00e9st k\u00f6vetelt.<br>1922-ben 16 szob\u00e1s sz\u00fcl\u00e9szeti oszt\u00e1lyt \u00e1ll\u00edtottak fel.<br>1928-ban orr \u2013 torok \u2013 f\u00fcl, rendel\u0151 f\u0151orvosi \u00e1ll\u00e1st szerveztek, Dr. B\u00e1lint Nagy Istv\u00e1n vezet\u00e9s\u00e9vel.<br>1934-t\u0151l 24 \u00e1gyas szem\u00e9szeti oszt\u00e1lyt l\u00e9tes\u00edtettek.<br>Ekkor 301 f\u0151s, \u00e1gykapacit\u00e1sa volt az int\u00e9zm\u00e9nynek.<br>1940-ben t\u00fcd\u0151oszt\u00e1lyt nyitottak 46 \u00e1ggyal, melyet 1949-ben 120 \u00e1gyra n\u00f6veltek.<br>1950-ig megyei K\u00f3rh\u00e1zk\u00e9nt m\u0171k\u00f6d\u00f6tt.<\/p>\n\n\n\n<p class=\"wp-block-paragraph\">(1730-1950-ig Arad \u2013 Csan\u00e1d &#8211; Toront\u00e1l v\u00e1rmegye sz\u00e9khelye volt Mak\u00f3. Nev\u00e9t Ajtony legy\u0151z\u0151j\u00e9r\u0151l, Csan\u00e1dr\u00f3l kapta. Ter\u00fclete a megalap\u00edt\u00e1s idej\u00e9n sokkal nagyobb volt, mag\u00e1ba foglalta: Temes, Toront\u00e1l, Arad, Krass\u00f3, Keve \u00e9s k\u00e9s\u0151bb Csan\u00e1d v\u00e1rmegy\u00e9ket.<br>A t\u00f6r\u00f6k h\u00f3dolts\u00e1g idej\u00e9t\u0151l eltekintve megszak\u00edt\u00e1s n\u00e9lk\u00fcl magyar fennhat\u00f3s\u00e1g alatt \u00e1llt.<br>1918-ban a v\u00e1rmegye eg\u00e9sze rom\u00e1n megsz\u00e1ll\u00e1s al\u00e1 ker\u00fclt, \u00e9s b\u00e1r a rom\u00e1nok az eg\u00e9sz v\u00e1rmegy\u00e9re ig\u00e9nyt form\u00e1ltak, csak Nagylak egy r\u00e9sze, \u00e9s k\u00f6rny\u00e9ke ker\u00fclt a trianoni b\u00e9keszerz\u0151d\u00e9s k\u00f6vetkezt\u00e9ben Rom\u00e1ni\u00e1hoz.<br>Az el nem csatolt r\u00e9sz 1923-ban egyes\u00fclt Toront\u00e1l v\u00e1rmegye, \u00e9s Arad v\u00e1rmegye Magyarorsz\u00e1gon maradt r\u00e9szeivel, \u00edgy j\u00f6tt l\u00e9tre Csan\u00e1d &#8211; Arad \u2013Toront\u00e1l v\u00e1rmegye, melynek neve 1945-ben Csan\u00e1dra egyszer\u0171s\u00f6d\u00f6tt, majd 1950-es megyerendez\u00e9skor ter\u00fclet\u00e9t felosztott\u00e1k B\u00e9k\u00e9s megye, \u00e9s Csongr\u00e1d megye k\u00f6z\u00f6tt.<br>A Rom\u00e1ni\u00e1hoz csatolt ter\u00fclet ma Arad v\u00e1rmegye r\u00e9sz\u00e9t k\u00e9pezi.<\/p>\n\n\n\n<p class=\"wp-block-paragraph\">1950-ben Csan\u00e1d-megye megsz\u00fcntet\u00e9se ut\u00e1n 1954-ig Mak\u00f3 V\u00e1rosi Tan\u00e1cs K\u00f3rh\u00e1za lett, amely 1990-ben a Csongr\u00e1d-megyei \u00d6nkorm\u00e1nyzat kezel\u00e9s\u00e9be ker\u00fclt \u00e1t.)<br>6-t\u00f3l 12 \u00e9ves koromig laktak any\u00e1m \u00fczlete felett Dr. Uray Vilmos f\u0151orvos \u00far\u00e9k, akiket szem\u00e9lyesen ismertem, \u00e9s t\u00f6bbsz\u00f6r is megfordultam lak\u00e1sukban.<br>Innen elk\u00f6lt\u00f6ztek az \u00dari utca 15 sz\u00e1m\u00fa h\u00e1zba, melyet ma k\u00e9t csal\u00e1d lakja.<br>Egy zord, hideg t\u00e9l ut\u00e1n kezemen, l\u00e1bamon fagy\u00e1si s\u00e9r\u00fcl\u00e9sek keletkeztek, melyek a f\u0151orvos \u00far \u00e1ltal k\u00e9sz\u00edtett cseppfoly\u00f3s gy\u00f3gyszert\u0151l, &#8211; melyet forr\u00f3 v\u00edzben kellett feloldani \u00e9s a s\u00e9r\u00fclt v\u00e9gtagjaimat naponta t\u00f6bbsz\u00f6r \u00e1ztatni, &#8211; r\u00f6vid id\u0151 alatt teljesen \u00e9s nyomtalanul elm\u00faltak.<br>A h\u00edres seb\u00e9sz kis alacsony ember volt, kecskeszak\u00e1llal, aki akkor m\u00e1r bottal j\u00e1rt, de ar\u00e1nylag \u00fagy is f\u00fcrg\u00e9n.<br>A betegs\u00e9g az orvosoknak sem kegyelmez, \u00edgy a f\u0151orvos \u00far is \u00e1ldozata lett, ami miatt m\u0171teni kellet. A m\u0171t\u00e9tkor sz\u00edve miatt nem lehetett m\u00e9lyaltat\u00e1st alkalmazni, \u00edgy a teljes \u00e9rz\u00e9stelen\u00edt\u00e9skor a mennyezeti t\u00fck\u00f6rben v\u00e9gign\u00e9zte saj\u00e1t m\u0171t\u00e9tj\u00e9t, mely ut\u00e1n megk\u00f6sz\u00f6nte a m\u0171t\u00e9tet v\u00e9gz\u0151 st\u00e1bnak a k\u00f6zrem\u0171k\u00f6d\u00e9s\u00e9t \u00e9s k\u00f6z\u00f6lte, hogy mindent megtettek, de menthetetlen az \u00e1llapota.<br>R\u00f6viddel ezek ut\u00e1n elhunyt.<\/p>\n\n\n\n<p class=\"wp-block-paragraph\">Hal\u00e1la ut\u00e1n \u00f6zvegye rohamosan roml\u00f3 anyagi k\u00f6r\u00fclm\u00e9nyei miatt nagy szeg\u00e9nys\u00e9gbe ker\u00fclt, amit a csal\u00e1di vagyon eladogat\u00e1s\u00e1val igyekezett m\u00e9rs\u00e9kelni.<br>Egy alkalommal felk\u00edn\u00e1lt any\u00e1mnak egy festm\u00e9nyt. Any\u00e1m annak ellen\u00e9re, hogy nem tetszett neki a k\u00e9p, l\u00e1tva a szeg\u00e9ny sors\u00e1t az \u00f6zvegynek, alkud\u00e1s n\u00e9lk\u00fcl megvette 800Ft-\u00e9rt.<br>A k\u00e9p k\u00f6zep\u00e9n volt egy lyuk, amely egy orosz katona pisztoly\u00e1t\u00f3l sz\u00e1rmazott. (barb\u00e1rk\u00e9nt belel\u0151tt)<br>\u00c9vekig ott l\u00f3gott a nagym\u00e9ret\u0171 meglehet\u0151sen s\u00f6t\u00e9t t\u00f3nus\u00fa cig\u00e1nykarav\u00e1nt \u00e1br\u00e1zol\u00f3 festm\u00e9ny szob\u00e1mban az \u00e1gyam felett. Mivel sem szak\u00e9rtelemmel nem rendelkezt\u00fcnk e t\u00e9ren, sem, nem tetszett a k\u00e9p a csal\u00e1dnak, any\u00e1m egy ismer\u0151s\u00e9nek \u00f6r\u00f6mmel eladta 1000Ft-\u00e9rt.<br>Ennek a csal\u00e1dnak sem nyerte meg tetsz\u00e9s\u00e9t a s\u00e9r\u00fclt festm\u00e9ny, \u00edgy nem sokkal a v\u00e1s\u00e1rl\u00e1sa ut\u00e1n, ism\u00e9t elkelt a k\u00e9p, ekkor m\u00e1r 1300Ft-\u00e9rt.<br>Ez ut\u00e1n, hogy mi lett a tov\u00e1bbi sorsa a festm\u00e9nynek, nem tudom?<br>Ha most meg volna, egy vagyont \u00e9rne, mivel egy eredeti Barcsay festm\u00e9ny volt.<br>Ha eszembe jut, mindig a r\u00e9gi mond\u00e1s elevenedik meg bennem:<br>\u201eAki nem tud arabusul, ne besz\u00e9ljen arabusul.\u201d<\/p>\n\n\n\n<p class=\"wp-block-paragraph\">Az Uray csal\u00e1d elk\u00f6lt\u00f6z\u00e9se ut\u00e1n T\u00edm\u00e1r \u00e1llatorvos \u00e9s feles\u00e9ge k\u00f6lt\u00f6z\u00f6tt be az emeleti r\u00e9szbe. A h\u00e1ztart\u00e1sbeli asszony r\u00f6vid id\u0151n bel\u00fcl j\u00f3 viszonyba ker\u00fclt any\u00e1mmal. N\u00e1lunk az \u00fcresen \u00e1ll\u00f3 diszn\u00f3\u00f3lban, diszn\u00f3kat neveltek, \u00edgy naponta t\u00f6bbsz\u00f6r is megfordultak h\u00e1zunkban, ahov\u00e1 saj\u00e1t kulcsukkal b\u00e1rmikor be tudtak menni a j\u00f3sz\u00e1g\u00e1llom\u00e1nyhoz.<br>Mintegy 5-6 \u00e9v m\u00falva sz\u00e1momra ismeretlen helyre k\u00f6lt\u00f6ztek.<\/p>\n\n\n\n<p class=\"wp-block-paragraph\">Tim\u00e1r doktor \u00far\u00e9k mellett lakott a H\u00e1l\u00f3 csal\u00e1d, az emeleten l\u00e9v\u0151 udvari r\u00e9szben: H\u00e1l\u00f3 Margit tan\u00e1rn\u0151, \u00f6ccse S\u00e1ndor, \u00e9s \u00e9desanyjuk.<br>A T\u00edm\u00e1r csal\u00e1d elk\u00f6lt\u00f6z\u00e9s\u00e9t k\u00f6vet\u0151en a Hirsch csal\u00e1d foglalta el a meg\u00fcresedett lak\u00e1st. R\u00f6vid id\u0151 eltelte ut\u00e1n igazi j\u00f3 szomsz\u00e9di viszony alakult ki k\u00f6z\u00f6tt\u00fck.<br>Forr\u00f3 ny\u00e1r l\u00e9v\u00e9n egy alkalommal S\u00e1ndor \u00e9s Hirsch Manyi le akartak menni, f\u00fcrdeni a Marosra, de a zsid\u00f3kn\u00e1l van egy r\u00e9gi ritu\u00e1lis szok\u00e1s, melynek \u00e9rtelm\u00e9ben az \u00e9v egy h\u00f3napj\u00e1ban nem f\u00fcr\u00f6dhetnek foly\u00f3v\u00edzben. Ez\u00e9rt Manyit nem engedte el \u00e9desanyja, \u00edgy a 16 \u00e9ves S\u00e1ndor egyed\u00fcl ment le a Marosra.<br>P\u00e1r \u00f3ra m\u00falva egy ismer\u0151s hozta a szomor\u00fa h\u00edrt: S\u00e1ndor v\u00edzbef\u00falt.<\/p>\n\n\n\n<p class=\"wp-block-paragraph\">Ez id\u0151 t\u00e1jt \u00fcresedett meg a f\u00f6ldszinti lak\u00e1s is, ahov\u00e1 Majoros L\u00e1szl\u00f3 rend\u0151r f\u0151t\u00f6rzs\u0151rmester \u00e9s csal\u00e1dja k\u00f6lt\u00f6z\u00f6tt be.<\/p>\n\n\n\n<p class=\"wp-block-paragraph\">A h\u00edres f\u00e9nyk\u00e9p\u00e9sz m\u0171termet bez\u00e1rt\u00e1k, \u00e9s j\u00e1t\u00e9kkaszin\u00f3 ny\u00edlt a hely\u00e9n.<br>A haz\u00e1rdj\u00e1t\u00e9kok tiltva voltak ebben az id\u0151ben, melyre a k\u00e1rty\u00e1sok mit sem vetettek, amit a rend\u0151rs\u00e9g nem n\u00e9zett j\u00f3 szemmel, s ez\u00e9rt megsz\u00fcntett\u00e9k a k\u00e9tes h\u00edr\u0171 k\u00e1rtyabarlangot.<\/p>\n\n\n\n<p class=\"wp-block-paragraph\">A f\u00e9nyk\u00e9p\u00e9sz m\u0171teremb\u0151l lett k\u00e1rtyabarlangb\u00f3l kis \u00e1talak\u00edt\u00e1ssal lak\u00e1st k\u00e9peztek ki, amelyet a fiatal h\u00e1zasp\u00e1rnak, R\u00e1cz G\u00e9z\u00e1nak \u00e9s csal\u00e1dj\u00e1nak utalta ki a v\u00e1ros illet\u00e9ke oszt\u00e1lya. (R\u00e1cz G\u00e9za \u2013 F\u00e1tyol Misi tercpr\u00edm\u00e1sa volt.) A lak\u00e1s kiutal\u00e1s\u00e1ban nagy szerepe volt F\u00e1tyol Misinek, akinek a m\u0171v\u00e9szet\u00e9t nagy tiszteletben tartotta a Tan\u00e1cs vezet\u0151s\u00e9ge.<\/p>\n\n\n\n<p class=\"wp-block-paragraph\">A m\u0171teremb\u0151l lett lak\u00e1s feletti emeleten Csala K\u00e1roly \u00e9s csal\u00e1dja \u00e9lt. A csal\u00e1df\u0151 volt a B\u00e9ke KTSZ eln\u00f6ke, amely c\u00e9g a V\u00e1s\u00e1rhelyi utc\u00e1ban volt. Ebben az \u00fczemben, nagyt\u00f6bbs\u00e9gben zsid\u00f3 emberek dolgoztak. Mack\u00f3\u00fczemnek is nevezt\u00e9k, mert j\u00e1t\u00e9kmacikat, \u00e9s k\u00fcl\u00f6nb\u00f6z\u0151 j\u00e1t\u00e9kokat varrtak.<br>Itt dolgozott Keller Erzs\u00e9bet t\u00e1nctan\u00e1rn\u0151, (vagy, ahogy a szakmabeliek neveztek: Keller B\u00f6ske) aki a dolgoz\u00f3knak szervezett egy t\u00e1nctanfolyamot, ahov\u00e1 a k\u00e9s\u0151bbiekben engem k\u00e9rt fel a zeneszolg\u00e1ltat\u00e1sra.<br>Eml\u00e9kk\u00e9nt a t\u00e1ncvizsg\u00e1n (vizsgab\u00e1l nem volt) megjutalmaztak egy j\u00e1t\u00e9kmacival.<\/p>\n\n\n\n<p class=\"wp-block-paragraph\">A f\u0151t\u00e9r fel\u00e9 haladva a Homonnai h\u00e1zzal \u00f6ssze\u00e9p\u00edtve \u00e1llt az Urb\u00e1n h\u00e1z, melynek a f\u00f6ldszinti r\u00e9sz\u00e9n l\u00e9v\u0151 \u00fczlethelys\u00e9gben rendezt\u00e9k be a csal\u00e1d r\u0151f\u00f6s keresked\u00e9s\u00e9t. Az emeleten Dr. T\u00f3th K\u00e1roly \u00e9s csal\u00e1dja \u00e9lt. T\u00f3th K\u00e1roly k\u00e9s\u0151bb a szegedi Orvostudom\u00e1nyi Egyetem Rektora lett.<\/p>\n\n\n\n<p class=\"wp-block-paragraph\">A sarokig m\u00e9g volt p\u00e1r h\u00e1z: Diamant \u00fcveges \u00e9s k\u00e9pkeretez\u0151, Piros B\u00e9la (Kolomp\u00e1r B\u00e9la) trafikos, aki a II. Vil\u00e1gh\u00e1bor\u00faban elvesztette az egyik l\u00e1b\u00e1t. Kiv\u00e1l\u00f3 cig\u00e1nypr\u00edm\u00e1s volt a h\u00e1bor\u00fa el\u0151tt, de mint rokkant zen\u00e9sz nem tudta folytatni h\u00edvat\u00e1s\u00e1t. Le\u00e1ny\u00e1val, Ilonk\u00e1val egy\u00fctt j\u00e1rtunk \u00e1ltal\u00e1nos iskol\u00e1ba.<\/p>\n\n\n\n<p class=\"wp-block-paragraph\">A sarkon \u00e1llt el\u0151sz\u00f6r egy vegyesbolt, k\u00e9s\u0151bb sport\u00fczlet, melynek kirakat\u00e1ban naponta s\u00f3v\u00e1rogva megn\u00e9ztem a gy\u00f6ny\u00f6r\u0171 l\u00e9gpusk\u00e1t, amit soha nem kaptam meg, mert sz\u00fcleim azt mondt\u00e1k, komolytalan vagyok egy fegyver haszn\u00e1lat\u00e1hoz. Oly annyira szerettem volna, hogy m\u00e9g ma is eml\u00e9kszem az \u00e1r\u00e1ra. 272Ft, ennyi v\u00e1lasztott el a f\u00e9ktelen l\u00f6v\u00f6ld\u00f6z\u00e9st\u0151l.<br>\u00c9letemben soha nem volt azut\u00e1n sem l\u00e9gpusk\u00e1m.<\/p>\n\n\n\n<p class=\"wp-block-paragraph\">A f\u0151t\u00e9rt\u0151l ellent\u00e9tes ir\u00e1nyba haladva a Homonnai h\u00e1zzal a felsorolt h\u00e1zak mind \u00f6ssze voltak \u00e9p\u00edtve. Any\u00e1m \u00fczlet\u00e9nek kapuja mellett L\u0151winger\u00e9k laktak, (cip\u0151keresked\u0151k) ahov\u00e1 szombatonk\u00e9nt gyakran beh\u00edvtak Gyurka bar\u00e1tommal villanyt gy\u00fajtani, mivel a zsid\u00f3vall\u00e1s megtiltotta szombaton az ilyen tev\u00e9kenys\u00e9get is a csillagok felj\u00f6vetel\u00e9ig. Az ilyen napokon, ha p\u00e9nzt kaptak valahonnan, azt is mi sz\u00e1moltuk meg, vett\u00fck \u00e1t, \u00e9s hagytuk ott az asztalom, am\u00edg fel nem j\u00f6ttek a csillagok, ekkor ugyanis v\u00e9ge lett a tilalomnak.<br>Szolg\u00e1lataink\u00e9rt bus\u00e1san megjutalmaztak mindig s\u00fctem\u00e9nnyel.<\/p>\n\n\n\n<p class=\"wp-block-paragraph\">K\u00f6vetkezett Iritz Gy\u00f6rgy h\u00e1za, mely mindig h\u00f3feh\u00e9rre volt meszelve, k\u00e9s\u0151bb K\u00f6teles szab\u00f3 vette meg. Iritz Gyurka b\u00e1csi \u00fcveges \u00e9s k\u00e9pkeretez\u0151 volt. \u00dczlete a mostani sz\u00f6k\u0151k\u00fattal szemben \u00e1llt, &#8211; csipkeh\u00e1z van a hely\u00e9n &#8211; szint\u00e9n az Iritz csal\u00e1d tulajdon\u00e1t k\u00e9pezte, ahol az udvarban a hatalmas eperfa alatt megpihent mak\u00f3i toborz\u00f3k\u00f6r\u00fatj\u00e1n a monda szerint Kossuth Lajos, ami nem fedte a val\u00f3s\u00e1got, mivel Kossuth soha nem volt Mak\u00f3n, csak a megb\u00edzottja.<br>Ezen k\u00edv\u00fcl a mostani nyomda szomsz\u00e9ds\u00e1g\u00e1ban l\u00e9v\u0151 lak\u00e1sok hely\u00e9n az Ezerj\u00f3 Vend\u00e9gl\u0151 is az Iritz csal\u00e1d\u00e9 volt. (Ritznek is nevezt\u00e9k) A nyomda \u00e9s a vir\u00e1g\u00fczlet k\u00f6z\u00f6tt l\u00e9v\u0151 hossz\u00fa \u00e9p\u00fclet k\u00f6zep\u00e9n volt a bej\u00e1rat.<\/p>\n\n\n\n<p class=\"wp-block-paragraph\">Gyurka b\u00e1csi rendk\u00edv\u00fcli m\u0171velts\u00e9ggel rendelkezett, aki olvasotts\u00e1ga, \u00e9s az irodalom ir\u00e1nti elk\u00f6telezetts\u00e9g\u00e9nek h\u00f3dolva, a r\u00e9gi Hagymah\u00e1z sz\u00ednj\u00e1tsz\u00f3 k\u00f6r\u00e9nek vezet\u0151jek\u00e9nt is tev\u00e9kenykedett, mely amat\u0151r sz\u00edn\u00e9szekkel j\u00e1rta a j\u00e1r\u00e1st, ahol a falvakban nagysiker\u0171 el\u0151ad\u00e1sokat tartottak sz\u00edndarabjaiknak bemutat\u00e1s\u00e1val. T\u00f6bb ilyen darab zenek\u00eds\u00e9r\u0151je is voltam.<br>Mak\u00f3n minden premierj\u00fck telth\u00e1z el\u0151tt zajlott le.<\/p>\n\n\n\n<p class=\"wp-block-paragraph\">Az \u00fcveges \u00fczletben ketten dolgoztak a n\u00e9pszer\u0171 focidrukkerrel Pisk\u00f3thi L\u00e1szl\u00f3 \u00fcvegessel, akit bar\u00e1ti k\u00f6rben Fantomnak neveztek.<br>Abban az id\u0151ben m\u00e9g 12 tal\u00e1latos volt a tot\u00f3. Egy alkalommal 12 egyes volt a telital\u00e1lat. El\u0151tte val\u00f3 h\u00e9ten is volt telital\u00e1lat, mely hatalmas \u00f6sszeggel \u00f6rvendeztette meg a boldog nyertest.<br>Mikor bemondta a r\u00e1di\u00f3 a nyer\u0151sz\u00e1mokat Fantom bez\u00e1rta a boltot \u00e1tment a kocsm\u00e1ba, ahol mindenki az \u0151 vend\u00e9gk\u00e9nt azt fogyasztott, amit akart. M\u00e1snap kider\u00fclt, hogy annyian eltal\u00e1lt\u00e1k mind a 12 sz\u00e1mot, hogy a f\u0151nyerem\u00e9ny mind\u00f6ssze 36Ft-t \u00e9rt.<br>Fantom az anyagi r\u00e1fizet\u00e9s mell\u00e9 kapott egy fegyelmit a c\u00e9gn\u00e9l, mely az \u00e9v v\u00e9gi nyeres\u00e9gmegvon\u00e1ssal is j\u00e1rt.<\/p>\n\n\n\n<p class=\"wp-block-paragraph\">A De\u00e1k Ferenc utcai Iritz h\u00e1z mellet l\u00e9v\u0151 h\u00e1zban 6-7 csal\u00e1d is lakott, \u00e9s erre a h\u00e1zra volt jellemz\u0151, hogy soha senki sem csukta be a kaput, \u00edgy az \u00e9jjel-nappal sarkig nyitva \u00e1llt.<br>Soha nem tudtam a h\u00e1zban lak\u00f3k nev\u00e9t, kiv\u00e9ve egy h\u00f6lgyet, aki S\u00e1ndor J\u00f3sk\u00e1nak a h\u00edres NB II-es mak\u00f3i focicsapat k\u00f6z\u00e9pcsat\u00e1r\u00e1nak volt a bar\u00e1tn\u0151je.<\/p>\n\n\n\n<p class=\"wp-block-paragraph\">L\u0151wenbach p\u00e9ks\u00e9g forgalmas \u00fczlete \u00e1llt a sarok el\u0151tti h\u00e1zk\u00e9nt.<br>A k\u00f6rny\u00e9ken k\u00e9t zsid\u00f3p\u00e9k is tev\u00e9kenykedett nagy n\u00e9pszer\u0171s\u00e9gnek \u00f6rvendve.<br>A m\u00e1sik Fodor p\u00e9k volt (magyaros\u00edtott n\u00e9v) az E\u00f6tv\u00f6s utca elej\u00e9n. Anni nev\u0171 gy\u00f6ny\u00f6r\u0171 l\u00e1nyuk el\u0151ttem j\u00e1rt gimibe. Miut\u00e1n le\u00e9retts\u00e9gizett elhagyt\u00e1k az orsz\u00e1got, \u00e9s az amerikai f\u00f6ldr\u00e9szen \u00e9l jelenleg valahol. Egy k\u00f6z\u00f6s ismer\u0151s\u00fcnkt\u0151l tudom, hogy kikeresztelkedett \u00e9s bigott katolikus lett. P\u00e1r \u00e9ve l\u00e1ttam az \u00f6tven\u00e9ves \u00e9retts\u00e9gi tal\u00e1lkoz\u00f3jukon. Szinte hihetetlen: \u00d6regasszonyk\u00e9nt is nagyon sz\u00e9passzony volt.<br>L\u0151wenbach p\u00e9k le\u00e1nya Ilona volt az iskolafog\u00e1sz, kinek rendel\u0151je a mai Bart\u00f3k B\u00e9la zeneiskola f\u00e9lemelet\u00e9n volt.<\/p>\n\n\n\n<p class=\"wp-block-paragraph\">A sarki h\u00e1zban M\u00fcnnich\u00e9k laktak. \u00c1gi \u00e1ltal\u00e1nos iskol\u00e1ban egy \u00e9vvel j\u00e1rt el\u0151ttem. Nem tudom mi lett a csal\u00e1ddal.<\/p>\n\n\n\n<p class=\"wp-block-paragraph\">A Sutuk\u00f6zben egy hatalmas zsid\u00f3templom \u00e1llt, melyet a felsorolt \u00e9p\u00fcletekkel egy\u00fctt lebontottak. Miut\u00e1n a zsid\u00f3k elhagyt\u00e1k Mak\u00f3t egy ideig m\u00e9g gabona, majd b\u00fatorrakt\u00e1rk\u00e9nt m\u0171k\u00f6d\u00f6tt.<\/p>\n\n\n\n<p class=\"wp-block-paragraph\">Visszat\u00e9rve gyermekkorom kedvenc j\u00e1tsz\u00f3ter\u00e9re a De\u00e1k Ferenc utca elej\u00e9re, m\u00e9g megeml\u00edten\u00e9m any\u00e1m \u00fczlet\u00e9vel szemben \u00e1ll\u00f3 \u00e9p\u00fcletsort.<\/p>\n\n\n\n<p class=\"wp-block-paragraph\">A Korona \u00e9p\u00fclet\u00e9ben m\u0171k\u00f6d\u00f6tt a Kiskorona kocsma, mely a v\u00e1ros sz\u00edv\u00e9nek rendk\u00edv\u00fcl nagy forgalm\u00fa \u00fczlete volt. A talpon\u00e1ll\u00f3 olcs\u00f3 \u00e1rainak k\u00f6sz\u00f6nhette rendk\u00edv\u00fcli forgalm\u00e1t. P\u00e1r \u00e1rat eml\u00edten\u00e9k meg: 2.70Ft\u2013 f\u00e9l kevert, 3Ft \u2013 kors\u00f3 s\u00f6r, 2.50 nagyfr\u00f6ccs, 1.30Ft \u2013 kisfr\u00f6ccs stb.<\/p>\n\n\n\n<p class=\"wp-block-paragraph\">K\u00f6vetkez\u0151 \u00e9p\u00fclet a Koron\u00e1val \u00f6ssze\u00e9p\u00edtve a Frank fodr\u00e1szat: &#8211; t\u00f6bb fodr\u00e1sszal, f\u00e9rfi-n\u0151i, \u00e9s manik\u0171r, pedik\u0171rszolg\u00e1ltat\u00e1ssal a v\u00e1ros legn\u00e9pszer\u0171bb fodr\u00e1sz-szalonjak\u00e9nt tartott\u00e1k sz\u00e1mon.<\/p>\n\n\n\n<p class=\"wp-block-paragraph\">Ezt k\u00f6vette egy \u00e9kszer\u00fczlet, valamint Kurusa baz\u00e1rja, ahol minden 1Ft. volt<br>Ez a baz\u00e1r a mai butiksor el\u0151tti \u00e1tj\u00e1r\u00f3 hely\u00e9n \u00e1llt, \u00e9s az \u00fagynevezett sz\u00e1razkapu bej\u00e1r\u00f3ban m\u0171k\u00f6d\u00f6tt, mivel akkor m\u00e9g nem volt meg a mostani \u00e1tj\u00e1r\u00f3.<\/p>\n\n\n\n<p class=\"wp-block-paragraph\">Kurusa mellett Dub\u00e1l b\u00e1dogos tev\u00e9kenykedett az udvari m\u0171hely\u00e9ben, az utcai \u00fczletben Farkas \u00f3r\u00e1s (Zsid\u00f3), mellette Cheppi (drukkol\u00f3, k\u00e9zimunk\u00e1k el\u0151rajzol\u00e1sa) r\u00f6vid\u00e1ru szak\u00fczlete, majd Korek Lajosn\u00e9 -, fonalat, k\u00f6t\u0151t\u0171ket stb. \u00e1rult. (Ez m\u00e1r a mai k\u00f6nyvt\u00e1r hely\u00e9n \u00e1llt.)<br>Any\u00e1m boltj\u00e1val szemben a h\u00edres Kofacs\u00e1rda \u00fczemelt, \u00e1lland\u00f3 telth\u00e1zzal. Ez egy igazi kocsma volt doh\u00e1nyf\u00fcsttel, izzadts\u00e1gszaggal f\u0171szerezve. Itt tany\u00e1ztak a v\u00e1ros napsz\u00e1mosai, zs\u00e1kosai, munk\u00e1ra v\u00e1r\u00f3 szeg\u00e9nyek.<br>Mikor nem volt munka, m\u00e9g most is elevenen \u00e9l eml\u00e9kezetemben az a k\u00f6zel k\u00e9tm\u00e9teres zs\u00e1kos, kinek a neve is st\u00edlusos volt: Hossz\u00fa J\u00e1nosnak h\u00edvt\u00e1k.<br>Ott \u00fclt k\u00f6zvetlen az ablak el\u0151tt, \u00e9s soha nem fogyott ki az ital el\u0151tte, \u00e9s bar\u00e1tja el\u0151tt, aki a legend\u00e1s egri v\u00e1rv\u00e9d\u0151 Dob\u00f3 Istv\u00e1n nev\u00e9t viselte. Dob\u00f3 Pista b\u00e1csi ott lakott a k\u00e9s\u0151bbi v\u00e1rosgazd\u00e1lkod\u00e1s egyik lak\u00e1s\u00e1ban.<br>\u0150k ketten voltak a zsid\u00f3 keresked\u0151k legn\u00e9pszer\u0171bb zs\u00e1kosai. Rengeteget dolgoztak, mivel a zsid\u00f3 keresked\u0151knek k\u00f6sz\u00f6nhet\u0151en, minden piacra sz\u00e1nt term\u00e9st eladtak, \u00e9s azt fel, \u00e9s le kellett pakolni a sz\u00e1ll\u00edt\u00f3 j\u00e1rm\u0171vekr\u0151l.<br>Dob\u00f3 Istv\u00e1nt mindenki \u00f6reg Dob\u00f3nak nevezett, pedig nem volt t\u00f6bb 50-55 \u00e9vesn\u00e9l.<br>Mikor kiss\u00e9 fel\u00f6nt\u00f6tt a garatra, hazafel\u00e9 menet v\u00e9gig\u00e9nekelte az utc\u00e1t, illetve id\u0151nk\u00e9nt fennhangon el\u0151adta h\u00edress\u00e9 v\u00e1lt szlogenj\u00e9t:<br>\u201d\u00c9n magyar kir\u00e1lyi kommunista vagyok, hol vagytok ti piszok zsid\u00f3k\u201d.<br>Mindezt a nagy zsid\u00f3 utc\u00e1ban adta el\u0151. Ez\u00e9rt t\u00f6bbsz\u00f6r kellemetlens\u00e9ge volt a hat\u00f3s\u00e1ggal, de a zsid\u00f3 keresked\u0151k mindig kimentett\u00e9k, illetve kifizett\u00e9k birs\u00e1gait, mivel tudt\u00e1k, hogy j\u00f3zanon a legmegb\u00edzhat\u00f3bb, \u00e9s nagyon becs\u00fcletes ember, aki felvehette az elsz\u00e1ll\u00edtott \u00e1ru ellen\u00e9rt\u00e9k\u00e9t, \u00e9s azzal marad\u00e9ktalanul el tudott sz\u00e1molni, annak ellen\u00e9re, hogy analfab\u00e9ta volt.<br>Amikor feles\u00e9ge megunta a f\u00e9rje kocsm\u00e1z\u00e1s\u00e1t, elment ut\u00e1na, \u00e9s sz\u00e9p sz\u00f3val h\u00edvta haza, de az \u00f6reg az\u00e9rt sem ment. Ilyenkor az asszony pofonv\u00e1gta \u00e9s kiszaladt a kocsm\u00e1b\u00f3l. Az \u00f6reg pedig d\u00fch\u00f6sen felugrott:\u201dmeg\u00fct\u00f6tt\u00e9l\u201d kiab\u00e1lta, \u00e9s egy ideig \u00fcld\u00f6zte feles\u00e9g\u00e9t, majd \u00e1tv\u00e1ltott az \u00e9nekl\u00e9sre. Haza\u00e9rve a vacsora m\u00e1r az asztalon v\u00e1rta, amit j\u00f3\u00edz\u0171en elfogyasztott, \u00e9s n\u00e9ha m\u00e9g meg is puszilta a feles\u00e9g\u00e9t a finoms\u00e1g\u00e9rt. A kor\u00e1bbi atrocit\u00e1sra egy\u00e1ltal\u00e1n nem eml\u00e9kezett.<br>Egyszer Budapestre vittek \u00e1rut, \u00e9s ott is kellett aludniuk a visszfuvar miatt.<br>Az \u00f6reg Dob\u00f3 bizony\u00e1ra leittasodott, \u00e9s ott is el\u0151adta a szlogenj\u00e9t, ami\u00e9rt elvitt\u00e9k a rend\u0151r\u00f6k.<br>A rend\u0151rs\u00e9gen nagyon megvert\u00e9k, \u00e9s k\u00e9t h\u00e9tig fogva tartott\u00e1k.<br>Miut\u00e1n hazaengedt\u00e9k soha t\u00f6bb\u00e9 nem ivott, annak ellen\u00e9re, hogy minden nap ott volt a kocsm\u00e1ban bar\u00e1taival, munk\u00e1ra v\u00e1rva.<br>Ezeket, az epiz\u00f3dokat any\u00e1m mes\u00e9lte el, akihez rendszeresen bej\u00e1rt a boltba Dob\u00f3 n\u00e9ni, aki panaszkodva, vagy n\u00e9ha b\u00fcszk\u00e9n mes\u00e9lte el h\u0151sies tett\u00e9t, ahogy hazatoloncolta f\u00e9rj\u00e9t a kocsm\u00e1b\u00f3l.<\/p>\n\n\n\n<p class=\"wp-block-paragraph\">A Kofacs\u00e1rda szomsz\u00e9ds\u00e1g\u00e1ban, Klein gumis tev\u00e9kenykedett, valamint Fodor b\u00e1csi z\u00f6lds\u00e9ges boltja k\u00edn\u00e1lta port\u00e9k\u00e1j\u00e1t, mellette Mark\u00f3 zs\u00e1k \u00e9s madzagszak\u00fczlet m\u0171k\u00f6d\u00f6tt.<br>A tulajdonos alacsony kis zsid\u00f3ember volt, aki hatalmas feh\u00e9r szak\u00e1ll\u00e1val a mes\u00e9k man\u00f3ira eml\u00e9keztetett.<br>A sk\u00e1la hely\u00e9n \u00e1llt ez a k\u00e9t \u00fczlet, melyeknek az emelet\u00e9n a zsid\u00f3iskola egy r\u00e9sz\u00e9ben tanultak a zsid\u00f3 gyerekek. Az iskola m\u00e1sik r\u00e9sze a gimn\u00e1ziummal szemben volt, &#8211; a k\u00e9t iskolar\u00e9sz k\u00f6z\u00f6tt hatalmas udvaron j\u00e1tszhattak sz\u00fcnetben a tanul\u00f3k &#8211; ami k\u00e9s\u0151bb a h\u00e1zipari KTSZ s\u00f6pr\u0171k\u00f6t\u0151 \u00fczeme lett. \u2013<\/p>\n\n\n\n<p class=\"wp-block-paragraph\">A De\u00e1k Ferenc utca arculat\u00e1hoz tartozott m\u00e9g a fav\u00e1g\u00f3 h\u00e1zasp\u00e1r, Az \u00f6ven \u00e9v k\u00f6r\u00fcli feles\u00e9g egy fejjel nagyobb volt apr\u00f3 termet\u0171 f\u00e9rj\u00e9n\u00e9l, akiknek volt egy \u00f6nj\u00e1r\u00f3 f\u0171r\u00e9sz\u00fck, melyet, mint egy talicsk\u00e1t \u00fagy lehetett tolni. Miut\u00e1n a helysz\u00ednre \u00e9rtek, ahol f\u00e1t kellett v\u00e1gni, a talicsk\u00e1n felhajtott\u00e1k a munkaasztalt, (ahol a v\u00e1gand\u00f3 fa volt) mely egy \u00fcgyes szerkezettel fel\u00e1ll\u00edtotta a f\u0171r\u00e9szt. \uf0a0<br>A felf\u00fcggesztett f\u0171r\u00e9szt egy csukl\u00f3s megold\u00e1snak k\u00f6sz\u00f6nhet\u0151en a fav\u00e1g\u00e1sn\u00e1l csak h\u00fazni kellett, mivel a f\u0171r\u00e9sz elej\u00e9n elhelyezett s\u00faly lefel\u00e9 h\u00fazta a munkaeszk\u00f6zt.<br>E megold\u00e1snak k\u00f6sz\u00f6nhet\u0151en \u00f3r\u00e1kig k\u00e9pes volt v\u00e1gni a f\u00e1t, az am\u00fagy gyenge fizikum\u00fa f\u00e9rfi.<br>Az asszony seg\u00edtett felrakni a has\u00e1bokat a munkaasztalra, \u00e9s a lev\u00e1gott r\u00f6nk\u00f6ket f\u00e9lre dob\u00e1lta az elm\u00e9s szerkezet al\u00f3l.<br>A teljes eg\u00e9sz\u00e9ben f\u00e1b\u00f3l k\u00e9sz\u00fclt konstrukci\u00f3 ar\u00e1nylag k\u00f6nny\u0171 volt, \u00edgy nem okozott gondot a sz\u00e1ll\u00edt\u00e1sa.<br>E masin\u00e1hoz hasonl\u00f3t soha \u00e9letemben nem l\u00e1ttam sehol. Ha saj\u00e1t tal\u00e1lm\u00e1nyuk volt, minden elismer\u00e9sem az \u00f6tletgazda h\u00e1zasp\u00e1r tal\u00e1l\u00e9konys\u00e1g\u00e1\u00e9rt!<br>Nagy k\u00e1r, hogy a m\u00falt id\u00e9z\u00e9s\u00e9nek egyik elm\u00e9s tal\u00e1lm\u00e1nya nem maradt meg a M\u00fazeumban, az ut\u00f3kor sz\u00e1m\u00e1ra, mintegy kuri\u00f3zum, amely megk\u00f6nny\u00edtette haszn\u00e1l\u00f3j\u00e1nak \u00e9let\u00e9t.<\/p>\n\n\n\n<p class=\"wp-block-paragraph\">A zsid\u00f3iskola megsz\u0171n\u00e9se ut\u00e1n az iskola De\u00e1k Ferenc utcai r\u00e9sz\u00e9t lak\u00e1ss\u00e1 alak\u00edtott\u00e1k \u00e1t, \u00e9s Gera S\u00e1ndor (Geb\u00fcrc) \u00e9s feles\u00e9ge k\u00f6lt\u00f6z\u00f6tt be az \u00faj lak\u00e1sba.<br>Gera S\u00e1ndor a Vend\u00e9gl\u00e1t\u00f3 V\u00e1llaltn\u00e1l volt port\u00e1s, feles\u00e9ge pedig szobaasszony.<br>A f\u0151port\u00e1s id\u0151nk\u00e9nt megk\u00e9rte F\u00e1tyol Misit \u00e9s zenekar\u00e1t, hogy \u00e9nekelhessen egy-egy forgalmas est\u00e9n magyar n\u00f3t\u00e1kat. Tal\u00e1n \u0151 volt az egyetlen zsid\u00f3 ember, aki ennek a m\u0171fajnak volt m\u0171vel\u0151je. Kellemes hang, \u00e9s sz\u00e9p el\u0151ad\u00e1s jellemezte fell\u00e9p\u00e9s\u00e9t.<br>Sokoldal\u00fas\u00e1g\u00e1ra volt jellemz\u0151, hogy akt\u00edv vad\u00e1szk\u00e9nt is megpr\u00f3b\u00e1lt jeleskedni.<br>Ennek a tev\u00e9kenys\u00e9g\u00e9nek k\u00f6sz\u00f6nhet\u0151en val\u00f3s\u00e1ggal im\u00e1dt\u00e1k az apr\u00f3 vadak, ugyanis soha sem, siker\u00fclt egyetlen egyet sem elejteni k\u00f6z\u00fcl\u00fck.<br>A vad\u00e1szatok v\u00e9gezt\u00e9vel vad\u00e1szt\u00e1rsai mindig megsz\u00e1nt\u00e1k, \u00e9s egy-k\u00e9t l\u0151tt vaddal megaj\u00e1nd\u00e9kozt\u00e1k, amelyet b\u00fcszk\u00e9n vitt haza a v\u00e1ros utc\u00e1in.<\/p>\n\n\n\n<p class=\"wp-block-paragraph\">A zsid\u00f3iskol\u00e1k mellett a De\u00e1k Ferenc utc\u00e1r\u00f3l egy \u00e1tj\u00e1r\u00f3 vezetett a gimn\u00e1zium el\u0151tti t\u00e9rre, \u00e9s az E\u00f6tv\u00f6s utc\u00e1ra. Ennek az utc\u00e1nak az elej\u00e9n \u00c1llt a hatvanas \u00e9vekben lebontott (1965) Zsinag\u00f3ga, melyet Eur\u00f3pa legszebb zsid\u00f3templomai k\u00f6z\u00f6tt tartottak nyilv\u00e1n.<\/p>\n\n\n\n<p class=\"wp-block-paragraph\">A templom kupol\u00e1ja egyszer az id\u0151j\u00e1r\u00e1s viszontags\u00e1g\u00e1nak k\u00f6sz\u00f6nhet\u0151en megs\u00e9r\u00fclt, \u00e9s felfeslett egy darabon a horganylemez burkolat. Sok\u00e1ig kerestek olyan szakembert, aki kijav\u00edtja. V\u00e9g\u00fcl Zablahovszki L\u00e1szl\u00f3 villanyszerel\u0151, (Feles\u00e9ge zsid\u00f3n\u0151 volt) \u00e9s egy bar\u00e1tja v\u00e1llalkoztak a munk\u00e1ra. V\u00e1s\u00e1roltak 5,70Ft-\u00e9rt egy doboz k\u00e1lyhaez\u00fcst fest\u00e9ket, egy csomag 0,75-\u0151s sz\u00f6get, kb. 10Ft-\u00e9rt.<br>A kupol\u00e1b\u00f3l k\u00f6t\u00e9len leereszkedett bar\u00e1tja seg\u00edts\u00e9g\u00e9vel Zablahovszki L\u00e1szl\u00f3, \u00e9s lesz\u00f6gelte a felfeslett b\u00e1dogot, majd az ez\u00fcstfest\u00e9kkel egy kb. 5cm-es cs\u00edkban lefestette a kijav\u00edtott r\u00e9szt, mely lentr\u0151l \u00fagy n\u00e9zett ki mintha friss forraszt\u00e1s lenne. Miut\u00e1n k\u00e9szen voltak, sz\u00f3ltak Schulmann Henrik \u00farnak, hogy menjen fel \u00e9s vegye \u00e1t a munk\u00e1t. Schulmann \u00far, &#8211; aki k\u00e1ntora \u00e9s gondnoka volt a templomnak- lentr\u0151l k\u00f6rben\u00e9zte az elv\u00e9gzett munk\u00e1t, \u00e9s megjegyezte: Nincs sz\u00fcks\u00e9g felmenni, innen is j\u00f3l l\u00e1tszik, hogy nagyon lelkiismeretesen elk\u00e9sz\u00edtett\u00e9k a jav\u00edt\u00e1st. Mindez\u00e9rt 6000Ft-t k\u00e9rtek, amit a gondnok \u00far \u00f6r\u00f6mmel kifizetett, mivel sokkal t\u00f6bbre sz\u00e1m\u00edtott. Abban az id\u0151ben 6-700Ft. volt egy munk\u00e1snak a havi fizet\u00e9se. (J\u00f3 p\u00e9lda ez arra, hogy a zsid\u00f3t is be lehetett csapni.)<\/p>\n\n\n\n<p class=\"wp-block-paragraph\">K\u00e9s\u0151bb az akkori p\u00e1rtbizotts\u00e1g vezet\u0151i szemet vetettek erre a telekre, \u00e9s r\u00e1fogt\u00e1k a Zsinag\u00f3g\u00e1ra, hogy \u00e9letvesz\u00e9lyes, ami\u00e9rt lebontatt\u00e1k. A bont\u00e1s folyam\u00e1n alig tudt\u00e1k sz\u00e9tverni a rendk\u00edv\u00fcl er\u0151s, \u00e9s stabil \u00e9p\u00fcletet.<br>Egyszer volt szerencs\u00e9m meghallgatni ebben a templomban: rabbiknak \u00e9s k\u00e1ntoroknak a hangverseny\u00e9t. Szenz\u00e1ci\u00f3s \u00e9lm\u00e9nyben volt r\u00e9szem, a gy\u00f6ny\u00f6r\u0171 zsid\u00f3\u00e9nekek interpret\u00e1l\u00e1sa mellett val\u00f3s\u00e1gos akusztikai csoda volt ez az egykor gy\u00f6ny\u00f6r\u0171 templom.<br>A templom E\u00f6tv\u00f6s utcai f\u0151bej\u00e1rata el\u0151tt volt a v\u00e1ros els\u0151 z\u00f6lds\u00e9ges pavilonja, melyet Csala K\u00e1roly \u00fczemeltetett.<br>A templom lebont\u00e1sa ut\u00e1n a hely\u00e9n \u00e9p\u00fclt fel a p\u00e1rtbizotts\u00e1g, mely \u00e9p\u00fcletben manaps\u00e1g a rend\u0151rs\u00e9g kapott helyet.<br>A templom m\u00f6g\u00f6tt a Demeter faiskola \u00e9kel\u0151d\u00f6tt be, a De\u00e1k Ferenc utca sark\u00e1n \u00e1ll\u00f3 Vas Mih\u00e1ly fodr\u00e1sz\u00fczlete k\u00f6z\u00e9, mely \u00fczlet bej\u00e1rata &#8211; kb. a nemr\u00e9g bez\u00e1rt &#8211; patyolat bej\u00e1rata hely\u00e9n volt. K\u00e9s\u0151bb Fodor B\u00e9la cip\u0151jav\u00edt\u00f3 \u00fczlete lett.<br>Szint\u00e9n a patyolat hely\u00e9n \u00e1llt Schulmann Henrik zsid\u00f3 k\u00e1ntor \u00e9s gondnok egyh\u00e1zi lak\u00f3\u00e9p\u00fclete.<\/p>\n\n\n\n<p class=\"wp-block-paragraph\">A megismertetett v\u00e1rosk\u00e9p gyermekkorom kedvenc j\u00e1tsz\u00f3terek\u00e9nt iv\u00f3dott be eml\u00e9kezetembe.<br>A korh\u0171 bemutat\u00e1s \u00e9rdek\u00e9ben kiss\u00e9 elkalandoztam id\u0151ben, ez\u00e9rt most t\u00e9rj\u00fcnk vissza a t\u00f6rt\u00e9nelmi id\u0151k akkori val\u00f3s\u00e1g\u00e1hoz, a harmincas \u00e9vek m\u00e1sodik fel\u00e9hez, amikor, ahogy mondani szok\u00e1s: valami l\u00f3gott a leveg\u0151ben.<\/p>\n","protected":false},"excerpt":{"rendered":"<p>SZ\u00dcLEIM Ap\u00e1m az elemi iskola elv\u00e9gz\u00e9se ut\u00e1n gimn\u00e1ziumban tanult tov\u00e1bb, majd amikor ott fels\u0151oszt\u00e1lyba ker\u00fclt volna, \u00e1tiratkozott az akkor indul\u00f3 Kereskedelmi Iskola els\u0151 \u00e9vfolyam\u00e1ba, \u00e9s ott \u00e9retts\u00e9gizett le, mint ennek az iskol\u00e1nak az els\u0151 v\u00e9gz\u0151s oszt\u00e1ly\u00e1nak tanul\u00f3ja. Egyetlen \u00e9vfolyamban 16-18 v\u00e9gz\u0151s volt mind\u00f6ssze. Ez a v\u00e9gzetts\u00e9g nagy elismer\u00e9snek \u00f6rvendett abban az id\u0151ben, \u00e9s a v\u00e9gzett &#8230; <a title=\"SZ\u00dcLEIM\" class=\"read-more\" href=\"https:\/\/bozsogiattila.hu\/?p=1430\" aria-label=\"Tov\u00e1bbiak SZ\u00dcLEIM\">Olvass tov\u00e1bb<\/a><\/p>\n","protected":false},"author":3,"featured_media":0,"comment_status":"open","ping_status":"open","sticky":false,"template":"","format":"standard","meta":{"footnotes":""},"categories":[331],"tags":[],"class_list":["post-1430","post","type-post","status-publish","format-standard","hentry","category-emlkeim"],"yoast_head":"<!-- This site is optimized with the Yoast SEO plugin v21.8 - https:\/\/yoast.com\/wordpress\/plugins\/seo\/ -->\n<title>SZ\u00dcLEIM - Bozsogi Attila<\/title>\n<meta name=\"robots\" content=\"index, follow, max-snippet:-1, max-image-preview:large, max-video-preview:-1\" \/>\n<link rel=\"canonical\" href=\"https:\/\/bozsogiattila.hu\/?p=1430\" \/>\n<meta property=\"og:locale\" content=\"hu_HU\" \/>\n<meta property=\"og:type\" content=\"article\" \/>\n<meta property=\"og:title\" content=\"SZ\u00dcLEIM - Bozsogi Attila\" \/>\n<meta property=\"og:description\" content=\"SZ\u00dcLEIM Ap\u00e1m az elemi iskola elv\u00e9gz\u00e9se ut\u00e1n gimn\u00e1ziumban tanult tov\u00e1bb, majd amikor ott fels\u0151oszt\u00e1lyba ker\u00fclt volna, \u00e1tiratkozott az akkor indul\u00f3 Kereskedelmi Iskola els\u0151 \u00e9vfolyam\u00e1ba, \u00e9s ott \u00e9retts\u00e9gizett le, mint ennek az iskol\u00e1nak az els\u0151 v\u00e9gz\u0151s oszt\u00e1ly\u00e1nak tanul\u00f3ja. Egyetlen \u00e9vfolyamban 16-18 v\u00e9gz\u0151s volt mind\u00f6ssze. Ez a v\u00e9gzetts\u00e9g nagy elismer\u00e9snek \u00f6rvendett abban az id\u0151ben, \u00e9s a v\u00e9gzett ... Olvass tov\u00e1bb\" \/>\n<meta property=\"og:url\" content=\"https:\/\/bozsogiattila.hu\/?p=1430\" \/>\n<meta property=\"og:site_name\" content=\"Bozsogi Attila\" \/>\n<meta property=\"article:published_time\" content=\"2024-01-14T14:16:10+00:00\" \/>\n<meta name=\"author\" content=\"Bozsogi Attila\" \/>\n<meta name=\"twitter:card\" content=\"summary_large_image\" \/>\n<meta name=\"twitter:label1\" content=\"Szerz\u0151:\" \/>\n\t<meta name=\"twitter:data1\" content=\"Bozsogi Attila\" \/>\n\t<meta name=\"twitter:label2\" content=\"Becs\u00fclt olvas\u00e1si id\u0151\" \/>\n\t<meta name=\"twitter:data2\" content=\"30 perc\" \/>\n<script type=\"application\/ld+json\" class=\"yoast-schema-graph\">{\"@context\":\"https:\/\/schema.org\",\"@graph\":[{\"@type\":\"WebPage\",\"@id\":\"https:\/\/bozsogiattila.hu\/?p=1430\",\"url\":\"https:\/\/bozsogiattila.hu\/?p=1430\",\"name\":\"SZ\u00dcLEIM - Bozsogi Attila\",\"isPartOf\":{\"@id\":\"https:\/\/bozsogiattila.hu\/#website\"},\"datePublished\":\"2024-01-14T14:16:10+00:00\",\"dateModified\":\"2024-01-14T14:16:10+00:00\",\"author\":{\"@id\":\"https:\/\/bozsogiattila.hu\/#\/schema\/person\/488c99f554a8c4039201260dd5eb795e\"},\"breadcrumb\":{\"@id\":\"https:\/\/bozsogiattila.hu\/?p=1430#breadcrumb\"},\"inLanguage\":\"hu\",\"potentialAction\":[{\"@type\":\"ReadAction\",\"target\":[\"https:\/\/bozsogiattila.hu\/?p=1430\"]}]},{\"@type\":\"BreadcrumbList\",\"@id\":\"https:\/\/bozsogiattila.hu\/?p=1430#breadcrumb\",\"itemListElement\":[{\"@type\":\"ListItem\",\"position\":1,\"name\":\"Kezd\u0151lap\",\"item\":\"https:\/\/bozsogiattila.hu\/\"},{\"@type\":\"ListItem\",\"position\":2,\"name\":\"SZ\u00dcLEIM\"}]},{\"@type\":\"WebSite\",\"@id\":\"https:\/\/bozsogiattila.hu\/#website\",\"url\":\"https:\/\/bozsogiattila.hu\/\",\"name\":\"Bozsogi Attila\",\"description\":\"a zen\u00e9sz, \u00edr\u00f3 munk\u00e1ss\u00e1g\u00e1nak \u00e9s a mak\u00f3i muzsikusok eml\u00e9k\u00e9t \u0151rz\u0151 oldal\",\"potentialAction\":[{\"@type\":\"SearchAction\",\"target\":{\"@type\":\"EntryPoint\",\"urlTemplate\":\"https:\/\/bozsogiattila.hu\/?s={search_term_string}\"},\"query-input\":\"required name=search_term_string\"}],\"inLanguage\":\"hu\"},{\"@type\":\"Person\",\"@id\":\"https:\/\/bozsogiattila.hu\/#\/schema\/person\/488c99f554a8c4039201260dd5eb795e\",\"name\":\"Bozsogi Attila\",\"image\":{\"@type\":\"ImageObject\",\"inLanguage\":\"hu\",\"@id\":\"https:\/\/bozsogiattila.hu\/#\/schema\/person\/image\/\",\"url\":\"https:\/\/secure.gravatar.com\/avatar\/7da6b5985e34ed798d1670c54ce7d20e6a53b800bb0c07945c64b09392f3dbfd?s=96&d=mm&r=g\",\"contentUrl\":\"https:\/\/secure.gravatar.com\/avatar\/7da6b5985e34ed798d1670c54ce7d20e6a53b800bb0c07945c64b09392f3dbfd?s=96&d=mm&r=g\",\"caption\":\"Bozsogi Attila\"},\"sameAs\":[\"http:\/\/www.boszogiattila.hu\"],\"url\":\"https:\/\/bozsogiattila.hu\/?author=3\"}]}<\/script>\n<!-- \/ Yoast SEO plugin. -->","yoast_head_json":{"title":"SZ\u00dcLEIM - Bozsogi Attila","robots":{"index":"index","follow":"follow","max-snippet":"max-snippet:-1","max-image-preview":"max-image-preview:large","max-video-preview":"max-video-preview:-1"},"canonical":"https:\/\/bozsogiattila.hu\/?p=1430","og_locale":"hu_HU","og_type":"article","og_title":"SZ\u00dcLEIM - Bozsogi Attila","og_description":"SZ\u00dcLEIM Ap\u00e1m az elemi iskola elv\u00e9gz\u00e9se ut\u00e1n gimn\u00e1ziumban tanult tov\u00e1bb, majd amikor ott fels\u0151oszt\u00e1lyba ker\u00fclt volna, \u00e1tiratkozott az akkor indul\u00f3 Kereskedelmi Iskola els\u0151 \u00e9vfolyam\u00e1ba, \u00e9s ott \u00e9retts\u00e9gizett le, mint ennek az iskol\u00e1nak az els\u0151 v\u00e9gz\u0151s oszt\u00e1ly\u00e1nak tanul\u00f3ja. Egyetlen \u00e9vfolyamban 16-18 v\u00e9gz\u0151s volt mind\u00f6ssze. Ez a v\u00e9gzetts\u00e9g nagy elismer\u00e9snek \u00f6rvendett abban az id\u0151ben, \u00e9s a v\u00e9gzett ... Olvass tov\u00e1bb","og_url":"https:\/\/bozsogiattila.hu\/?p=1430","og_site_name":"Bozsogi Attila","article_published_time":"2024-01-14T14:16:10+00:00","author":"Bozsogi Attila","twitter_card":"summary_large_image","twitter_misc":{"Szerz\u0151:":"Bozsogi Attila","Becs\u00fclt olvas\u00e1si id\u0151":"30 perc"},"schema":{"@context":"https:\/\/schema.org","@graph":[{"@type":"WebPage","@id":"https:\/\/bozsogiattila.hu\/?p=1430","url":"https:\/\/bozsogiattila.hu\/?p=1430","name":"SZ\u00dcLEIM - Bozsogi Attila","isPartOf":{"@id":"https:\/\/bozsogiattila.hu\/#website"},"datePublished":"2024-01-14T14:16:10+00:00","dateModified":"2024-01-14T14:16:10+00:00","author":{"@id":"https:\/\/bozsogiattila.hu\/#\/schema\/person\/488c99f554a8c4039201260dd5eb795e"},"breadcrumb":{"@id":"https:\/\/bozsogiattila.hu\/?p=1430#breadcrumb"},"inLanguage":"hu","potentialAction":[{"@type":"ReadAction","target":["https:\/\/bozsogiattila.hu\/?p=1430"]}]},{"@type":"BreadcrumbList","@id":"https:\/\/bozsogiattila.hu\/?p=1430#breadcrumb","itemListElement":[{"@type":"ListItem","position":1,"name":"Kezd\u0151lap","item":"https:\/\/bozsogiattila.hu\/"},{"@type":"ListItem","position":2,"name":"SZ\u00dcLEIM"}]},{"@type":"WebSite","@id":"https:\/\/bozsogiattila.hu\/#website","url":"https:\/\/bozsogiattila.hu\/","name":"Bozsogi Attila","description":"a zen\u00e9sz, \u00edr\u00f3 munk\u00e1ss\u00e1g\u00e1nak \u00e9s a mak\u00f3i muzsikusok eml\u00e9k\u00e9t \u0151rz\u0151 oldal","potentialAction":[{"@type":"SearchAction","target":{"@type":"EntryPoint","urlTemplate":"https:\/\/bozsogiattila.hu\/?s={search_term_string}"},"query-input":"required name=search_term_string"}],"inLanguage":"hu"},{"@type":"Person","@id":"https:\/\/bozsogiattila.hu\/#\/schema\/person\/488c99f554a8c4039201260dd5eb795e","name":"Bozsogi Attila","image":{"@type":"ImageObject","inLanguage":"hu","@id":"https:\/\/bozsogiattila.hu\/#\/schema\/person\/image\/","url":"https:\/\/secure.gravatar.com\/avatar\/7da6b5985e34ed798d1670c54ce7d20e6a53b800bb0c07945c64b09392f3dbfd?s=96&d=mm&r=g","contentUrl":"https:\/\/secure.gravatar.com\/avatar\/7da6b5985e34ed798d1670c54ce7d20e6a53b800bb0c07945c64b09392f3dbfd?s=96&d=mm&r=g","caption":"Bozsogi Attila"},"sameAs":["http:\/\/www.boszogiattila.hu"],"url":"https:\/\/bozsogiattila.hu\/?author=3"}]}},"jetpack_featured_media_url":"","_links":{"self":[{"href":"https:\/\/bozsogiattila.hu\/index.php?rest_route=\/wp\/v2\/posts\/1430","targetHints":{"allow":["GET"]}}],"collection":[{"href":"https:\/\/bozsogiattila.hu\/index.php?rest_route=\/wp\/v2\/posts"}],"about":[{"href":"https:\/\/bozsogiattila.hu\/index.php?rest_route=\/wp\/v2\/types\/post"}],"author":[{"embeddable":true,"href":"https:\/\/bozsogiattila.hu\/index.php?rest_route=\/wp\/v2\/users\/3"}],"replies":[{"embeddable":true,"href":"https:\/\/bozsogiattila.hu\/index.php?rest_route=%2Fwp%2Fv2%2Fcomments&post=1430"}],"version-history":[{"count":1,"href":"https:\/\/bozsogiattila.hu\/index.php?rest_route=\/wp\/v2\/posts\/1430\/revisions"}],"predecessor-version":[{"id":1431,"href":"https:\/\/bozsogiattila.hu\/index.php?rest_route=\/wp\/v2\/posts\/1430\/revisions\/1431"}],"wp:attachment":[{"href":"https:\/\/bozsogiattila.hu\/index.php?rest_route=%2Fwp%2Fv2%2Fmedia&parent=1430"}],"wp:term":[{"taxonomy":"category","embeddable":true,"href":"https:\/\/bozsogiattila.hu\/index.php?rest_route=%2Fwp%2Fv2%2Fcategories&post=1430"},{"taxonomy":"post_tag","embeddable":true,"href":"https:\/\/bozsogiattila.hu\/index.php?rest_route=%2Fwp%2Fv2%2Ftags&post=1430"}],"curies":[{"name":"wp","href":"https:\/\/api.w.org\/{rel}","templated":true}]}}