{"id":1433,"date":"2024-01-14T14:17:57","date_gmt":"2024-01-14T14:17:57","guid":{"rendered":"https:\/\/bozsogiattila.hu\/?p=1433"},"modified":"2024-01-14T14:17:58","modified_gmt":"2024-01-14T14:17:58","slug":"a-ii-vilaghaboru-elozmenyei","status":"publish","type":"post","link":"https:\/\/bozsogiattila.hu\/?p=1433","title":{"rendered":"A II. VIL\u00c1GH\u00c1BOR\u00da EL\u0150ZM\u00c9NYEI"},"content":{"rendered":"\n<p class=\"wp-block-paragraph\">A II. VIL\u00c1GH\u00c1BOR\u00da EL\u0150ZM\u00c9NYEI<\/p>\n\n\n\n<p class=\"wp-block-paragraph\">K\u00f6zismert t\u00e9ny, hogy a vulk\u00e1nok kit\u00f6r\u00e9se el\u0151tt r\u00f6videbb-hosszabb id\u0151vel el\u0151re \u00e9szlelhet\u0151 a katasztr\u00f3fa bek\u00f6vetkez\u00e9se, ahogy mondani szok\u00e1s zuborog a hegy gyomra.<\/p>\n\n\n\n<p class=\"wp-block-paragraph\">A harmincas \u00e9vek m\u00e1sodik fel\u00e9re, ehhez hasonl\u00f3 \u201ezuborg\u00e1sra\u201d eml\u00e9kezhet\u00fcnk vissza, amikor elkezd\u0151d\u00f6tt a kor vil\u00e1g\u00e9g\u00e9se, melynek k\u00e9t \u0151r\u00fclt volt a meghat\u00e1roz\u00f3 szem\u00e9lye: Adolf Hitler \u00e9s Joszif Visszaironovics Szt\u00e1lin. (Dzsugaszvili)<br>E vil\u00e1guralmi t\u00f6rekv\u00e9sek robbantott\u00e1k ki a vil\u00e1gt\u00f6rt\u00e9nelem legnagyobb \u00f6ld\u00f6kl\u0151 h\u00e1bor\u00faj\u00e1t, amelybe 70 nemzet kapcsol\u00f3dott be, \u00e9s civilek valamint katon\u00e1k t\u00f6bb mint 62 milli\u00f3an vesztett\u00e9k \u00e9let\u00fcket a harcok folyam\u00e1n.<br>\u00c1zsi\u00e1ban 1937. j\u00falius 7-\u00e9n kezd\u0151dtek a harcok, \u00e9s Jap\u00e1n kapitul\u00e1ci\u00f3j\u00e1nak k\u00f6vetkezt\u00e9ben 1945. szeptember 2-\u00e1n \u00e9rtek v\u00e9get.<br>Eur\u00f3p\u00e1ban: 1939. szeptember elsej\u00e9n N\u00e9metorsz\u00e1g hadat \u00fczent Lengyelorsz\u00e1gnak, \u00e9s ezzel vil\u00e1gm\u00e9ret\u0171v\u00e9 v\u00e1ltak az akkor m\u00e1r \u00c1zsi\u00e1ban d\u00fal\u00f3 harcok, \u00e9s kit\u00f6rt a II. Vil\u00e1gh\u00e1bor\u00fa, amely 1945. m\u00e1jus 08-\u00e1n \u00e9rt v\u00e9get. A h\u00e1bor\u00fa befejez\u00e9se ut\u00e1n egy ideig m\u00e9g voltak kisebb jelent\u00e9ktelen harcok a vil\u00e1gon, de ezek v\u00e9g\u00fcl saj\u00e1t zugukba d\u0151ltek.<\/p>\n\n\n\n<p class=\"wp-block-paragraph\">A II. Vil\u00e1gh\u00e1bor\u00fa kit\u00f6r\u00e9se ut\u00e1n rohamosan, kiterjedtek a harcok eg\u00e9sz Eur\u00f3p\u00e1ban. 1944-ben el\u00e9rkezett Mak\u00f3ra is a h\u00e1bor\u00fa szele. Sz\u00fcleim ekkor\u00e1ra kitakar\u00edtott\u00e1k nagyap\u00e1m\u00e9k lak\u00e1sa alatti pinc\u00e9t, \u00e9s \u00e1gyakat vittek le, hogy sz\u00fcks\u00e9g eset\u00e9n k\u00e9nyelmesen tudjunk ott lakni. (Szenes pince volt.)<br>Ismer\u0151s\u00f6k, szomsz\u00e9dok mintegy harmincan h\u00fazt\u00e1k meg magukat a kritikus id\u0151pontban, a pinc\u00e9nkben.<br>El\u0151sz\u00f6r a n\u00e9met seregek \u00f6z\u00f6nl\u00f6tt\u00e9k el v\u00e1rosunkat. A De\u00e1k Ferenc utc\u00e1ban, a N\u00e1vay T\u00e9ren, majd a kb. 40-50 m\u00e9ter sz\u00e9les Tulip\u00e1n utc\u00e1nkban \u00fct\u00f6ttek t\u00e1bort.<br>A h\u00e1zunk el\u0151tt is teheraut\u00f3k \u00e1lltak katon\u00e1s sorban. A leparkol\u00e1suk ut\u00e1n az els\u0151 teend\u0151j\u00fck volt a katon\u00e1knak a tiszt\u00e1lkod\u00e1s. Ez\u00e9rt becsengettek a h\u00e1zakba vizet k\u00e9rni. Hozz\u00e1nk k\u00e9t n\u00e9met katona j\u00f6tt be.<br>Nagysz\u00fcleim, \u00e9s any\u00e1m besz\u00e9lt\u00e9k a n\u00e9met nyelvet, \u00edgy t\u00e1rsalg\u00e1s alakult ki a katon\u00e1kkal, akiket megh\u00edvtak vacsor\u00e1ra.<br>Nagymam\u00e1m kolb\u00e1szt, szalonn\u00e1t, savany\u00fas\u00e1got, kenyeret tett az asztalra \u00e9s j\u00f3 \u00e9tv\u00e1gyat k\u00edv\u00e1nt. K\u00f6r\u00fcl\u00fclt\u00fck az asztalt, de a katon\u00e1k nem ny\u00faltak az \u00e9telhez, \u00e9s azt mond\u00e1k a kolb\u00e1szra mutatva \u201eEgyen el\u0151sz\u00f6r a kisfi\u00fa\u201d. Nagymam\u00e1m mosolyogva egy p\u00e1r szeletet v\u00e1gott a kolb\u00e1szb\u00f3l, \u00e9s mondta, hogy egyek.<br>\u00c9n \u00f6t\u00e9ves voltam ekkor, \u00e9s j\u00f3\u00edz\u0171en falatozni kezdtem a kiss\u00e9 cs\u00edp\u0151s kolb\u00e1szt.<br>Erre a katon\u00e1k is hozz\u00e1l\u00e1ttak, de az els\u0151 falatok ut\u00e1n kellemetlen \u00e9lm\u00e9nyben volt r\u00e9sz\u00fck, mert nem voltak hozz\u00e1szokva a magyarok cs\u00edp\u0151s, er\u0151s \u00e9teleihez. V\u00e9g\u00fcl kis falat kolb\u00e1szt nagy falat kenyeret vettek a sz\u00e1jukba, \u00e9s \u00fagy ett\u00e9k, de ink\u00e1bb szalonn\u00e1t, kenyeret, \u00e9s savany\u00fas\u00e1got fogyasztottak. Vacsora ut\u00e1n kedvesen simogatt\u00e1k a fejemet, \u00e9s kis h\u0151snek neveztek.<br>Miut\u00e1n t\u00e1voztak, kiss\u00e9 k\u00e9s\u0151bb \u00fajra csengettek, \u00e9s p\u00e1r doboz szappannal, Schmoll cip\u0151paszt\u00e1val, \u00e9s sok konzervvel viszonozt\u00e1k a vacsor\u00e1t.<br>Nekem pedig mindk\u00e9t kezembe egy-egy nagy csomag cukork\u00e1t nyomtak.<\/p>\n\n\n\n<p class=\"wp-block-paragraph\">M\u00e1snap nagy riadalom t\u00e1madt az utc\u00e1n, \u00e9s siet\u0151sen elt\u00e1voztak a n\u00e9met katon\u00e1k, ugyanis az orosz seregek kiszor\u00edtott\u00e1k \u0151ket a v\u00e1rosb\u00f3l.<br>Az oroszseregek rossz h\u00edre megel\u0151zte az \u00e9rkez\u00e9s\u00fcket, \u00e9s a kertek v\u00e9g\u00e9ben a ker\u00edt\u00e9sek ki voltak bontva, menek\u00fcl\u0151 \u00fatvonalat biztos\u00edtva. A kert\u00fcnk v\u00e9g\u00e9ben ap\u00e1m\u00e9k \u00e1stak egy bunkert, amely t\u00f6k\u00e9letesen \u00e1lc\u00e1zva volt, melyet a n\u0151k b\u00fav\u00f3hely\u00e9nek sz\u00e1ntak, arra az esetre, ha m\u00e1r nem volna id\u0151 a kerteken \u00e1t menek\u00fclni.<br>Az utc\u00e1nk f\u00f6ldes volt, teh\u00e1t es\u0151 eset\u00e9n nagy s\u00e1r lett a lez\u00fadul\u00f3 v\u00edz hat\u00e1s\u00e1ra. Mikor az oroszok j\u00f6ttek sz\u00e1razs\u00e1g volt, \u00edgy a szomsz\u00e9dunk kertj\u00e9be be akartak telep\u00edteni egy nagy \u00e1gy\u00fat.<br>Szomsz\u00e9dunk B\u00f6jti Bandi b\u00e1csi az els\u0151 Vil\u00e1gh\u00e1bor\u00fa idej\u00e9n hossz\u00fa ideig orosz fogs\u00e1gban volt, \u00edgy j\u00f3l besz\u00e9lt oroszul. Hosszas magyar\u00e1zkod\u00e1s ut\u00e1n siker\u00fclt meggy\u0151znie a katon\u00e1kat, \u00e9s v\u00e9g\u00fcl el\u00e1lltak terv\u00fckt\u0151l, \u00e9s valahov\u00e1 m\u00e1shov\u00e1 vitt\u00e9k el az \u00e1gy\u00fajukat. \u00cdgy meg\u00fasztuk a k\u00f6zvetlen harcok \u00e1ltal kialakult vesz\u00e9lyeket.<\/p>\n","protected":false},"excerpt":{"rendered":"<p>A II. VIL\u00c1GH\u00c1BOR\u00da EL\u0150ZM\u00c9NYEI K\u00f6zismert t\u00e9ny, hogy a vulk\u00e1nok kit\u00f6r\u00e9se el\u0151tt r\u00f6videbb-hosszabb id\u0151vel el\u0151re \u00e9szlelhet\u0151 a katasztr\u00f3fa bek\u00f6vetkez\u00e9se, ahogy mondani szok\u00e1s zuborog a hegy gyomra. A harmincas \u00e9vek m\u00e1sodik fel\u00e9re, ehhez hasonl\u00f3 \u201ezuborg\u00e1sra\u201d eml\u00e9kezhet\u00fcnk vissza, amikor elkezd\u0151d\u00f6tt a kor vil\u00e1g\u00e9g\u00e9se, melynek k\u00e9t \u0151r\u00fclt volt a meghat\u00e1roz\u00f3 szem\u00e9lye: Adolf Hitler \u00e9s Joszif Visszaironovics Szt\u00e1lin. (Dzsugaszvili)E vil\u00e1guralmi &#8230; <a title=\"A II. VIL\u00c1GH\u00c1BOR\u00da EL\u0150ZM\u00c9NYEI\" class=\"read-more\" href=\"https:\/\/bozsogiattila.hu\/?p=1433\" aria-label=\"Tov\u00e1bbiak A II. VIL\u00c1GH\u00c1BOR\u00da EL\u0150ZM\u00c9NYEI\">Olvass tov\u00e1bb<\/a><\/p>\n","protected":false},"author":3,"featured_media":0,"comment_status":"open","ping_status":"open","sticky":false,"template":"","format":"standard","meta":{"footnotes":""},"categories":[331],"tags":[],"class_list":["post-1433","post","type-post","status-publish","format-standard","hentry","category-emlkeim"],"yoast_head":"<!-- This site is optimized with the Yoast SEO plugin v21.8 - https:\/\/yoast.com\/wordpress\/plugins\/seo\/ -->\n<title>A II. VIL\u00c1GH\u00c1BOR\u00da EL\u0150ZM\u00c9NYEI - Bozsogi Attila<\/title>\n<meta name=\"robots\" content=\"index, follow, max-snippet:-1, max-image-preview:large, max-video-preview:-1\" \/>\n<link rel=\"canonical\" href=\"https:\/\/bozsogiattila.hu\/?p=1433\" \/>\n<meta property=\"og:locale\" content=\"hu_HU\" \/>\n<meta property=\"og:type\" content=\"article\" \/>\n<meta property=\"og:title\" content=\"A II. VIL\u00c1GH\u00c1BOR\u00da EL\u0150ZM\u00c9NYEI - Bozsogi Attila\" \/>\n<meta property=\"og:description\" content=\"A II. VIL\u00c1GH\u00c1BOR\u00da EL\u0150ZM\u00c9NYEI K\u00f6zismert t\u00e9ny, hogy a vulk\u00e1nok kit\u00f6r\u00e9se el\u0151tt r\u00f6videbb-hosszabb id\u0151vel el\u0151re \u00e9szlelhet\u0151 a katasztr\u00f3fa bek\u00f6vetkez\u00e9se, ahogy mondani szok\u00e1s zuborog a hegy gyomra. A harmincas \u00e9vek m\u00e1sodik fel\u00e9re, ehhez hasonl\u00f3 \u201ezuborg\u00e1sra\u201d eml\u00e9kezhet\u00fcnk vissza, amikor elkezd\u0151d\u00f6tt a kor vil\u00e1g\u00e9g\u00e9se, melynek k\u00e9t \u0151r\u00fclt volt a meghat\u00e1roz\u00f3 szem\u00e9lye: Adolf Hitler \u00e9s Joszif Visszaironovics Szt\u00e1lin. (Dzsugaszvili)E vil\u00e1guralmi ... Olvass tov\u00e1bb\" \/>\n<meta property=\"og:url\" content=\"https:\/\/bozsogiattila.hu\/?p=1433\" \/>\n<meta property=\"og:site_name\" content=\"Bozsogi Attila\" \/>\n<meta property=\"article:published_time\" content=\"2024-01-14T14:17:57+00:00\" \/>\n<meta property=\"article:modified_time\" content=\"2024-01-14T14:17:58+00:00\" \/>\n<meta name=\"author\" content=\"Bozsogi Attila\" \/>\n<meta name=\"twitter:card\" content=\"summary_large_image\" \/>\n<meta name=\"twitter:label1\" content=\"Szerz\u0151:\" \/>\n\t<meta name=\"twitter:data1\" content=\"Bozsogi Attila\" \/>\n\t<meta name=\"twitter:label2\" content=\"Becs\u00fclt olvas\u00e1si id\u0151\" \/>\n\t<meta name=\"twitter:data2\" content=\"4 perc\" \/>\n<script type=\"application\/ld+json\" class=\"yoast-schema-graph\">{\"@context\":\"https:\/\/schema.org\",\"@graph\":[{\"@type\":\"WebPage\",\"@id\":\"https:\/\/bozsogiattila.hu\/?p=1433\",\"url\":\"https:\/\/bozsogiattila.hu\/?p=1433\",\"name\":\"A II. VIL\u00c1GH\u00c1BOR\u00da EL\u0150ZM\u00c9NYEI - Bozsogi Attila\",\"isPartOf\":{\"@id\":\"https:\/\/bozsogiattila.hu\/#website\"},\"datePublished\":\"2024-01-14T14:17:57+00:00\",\"dateModified\":\"2024-01-14T14:17:58+00:00\",\"author\":{\"@id\":\"https:\/\/bozsogiattila.hu\/#\/schema\/person\/488c99f554a8c4039201260dd5eb795e\"},\"breadcrumb\":{\"@id\":\"https:\/\/bozsogiattila.hu\/?p=1433#breadcrumb\"},\"inLanguage\":\"hu\",\"potentialAction\":[{\"@type\":\"ReadAction\",\"target\":[\"https:\/\/bozsogiattila.hu\/?p=1433\"]}]},{\"@type\":\"BreadcrumbList\",\"@id\":\"https:\/\/bozsogiattila.hu\/?p=1433#breadcrumb\",\"itemListElement\":[{\"@type\":\"ListItem\",\"position\":1,\"name\":\"Kezd\u0151lap\",\"item\":\"https:\/\/bozsogiattila.hu\/\"},{\"@type\":\"ListItem\",\"position\":2,\"name\":\"A II. VIL\u00c1GH\u00c1BOR\u00da EL\u0150ZM\u00c9NYEI\"}]},{\"@type\":\"WebSite\",\"@id\":\"https:\/\/bozsogiattila.hu\/#website\",\"url\":\"https:\/\/bozsogiattila.hu\/\",\"name\":\"Bozsogi Attila\",\"description\":\"a zen\u00e9sz, \u00edr\u00f3 munk\u00e1ss\u00e1g\u00e1nak \u00e9s a mak\u00f3i muzsikusok eml\u00e9k\u00e9t \u0151rz\u0151 oldal\",\"potentialAction\":[{\"@type\":\"SearchAction\",\"target\":{\"@type\":\"EntryPoint\",\"urlTemplate\":\"https:\/\/bozsogiattila.hu\/?s={search_term_string}\"},\"query-input\":\"required name=search_term_string\"}],\"inLanguage\":\"hu\"},{\"@type\":\"Person\",\"@id\":\"https:\/\/bozsogiattila.hu\/#\/schema\/person\/488c99f554a8c4039201260dd5eb795e\",\"name\":\"Bozsogi Attila\",\"image\":{\"@type\":\"ImageObject\",\"inLanguage\":\"hu\",\"@id\":\"https:\/\/bozsogiattila.hu\/#\/schema\/person\/image\/\",\"url\":\"https:\/\/secure.gravatar.com\/avatar\/7da6b5985e34ed798d1670c54ce7d20e6a53b800bb0c07945c64b09392f3dbfd?s=96&d=mm&r=g\",\"contentUrl\":\"https:\/\/secure.gravatar.com\/avatar\/7da6b5985e34ed798d1670c54ce7d20e6a53b800bb0c07945c64b09392f3dbfd?s=96&d=mm&r=g\",\"caption\":\"Bozsogi Attila\"},\"sameAs\":[\"http:\/\/www.boszogiattila.hu\"],\"url\":\"https:\/\/bozsogiattila.hu\/?author=3\"}]}<\/script>\n<!-- \/ Yoast SEO plugin. -->","yoast_head_json":{"title":"A II. VIL\u00c1GH\u00c1BOR\u00da EL\u0150ZM\u00c9NYEI - Bozsogi Attila","robots":{"index":"index","follow":"follow","max-snippet":"max-snippet:-1","max-image-preview":"max-image-preview:large","max-video-preview":"max-video-preview:-1"},"canonical":"https:\/\/bozsogiattila.hu\/?p=1433","og_locale":"hu_HU","og_type":"article","og_title":"A II. VIL\u00c1GH\u00c1BOR\u00da EL\u0150ZM\u00c9NYEI - Bozsogi Attila","og_description":"A II. VIL\u00c1GH\u00c1BOR\u00da EL\u0150ZM\u00c9NYEI K\u00f6zismert t\u00e9ny, hogy a vulk\u00e1nok kit\u00f6r\u00e9se el\u0151tt r\u00f6videbb-hosszabb id\u0151vel el\u0151re \u00e9szlelhet\u0151 a katasztr\u00f3fa bek\u00f6vetkez\u00e9se, ahogy mondani szok\u00e1s zuborog a hegy gyomra. A harmincas \u00e9vek m\u00e1sodik fel\u00e9re, ehhez hasonl\u00f3 \u201ezuborg\u00e1sra\u201d eml\u00e9kezhet\u00fcnk vissza, amikor elkezd\u0151d\u00f6tt a kor vil\u00e1g\u00e9g\u00e9se, melynek k\u00e9t \u0151r\u00fclt volt a meghat\u00e1roz\u00f3 szem\u00e9lye: Adolf Hitler \u00e9s Joszif Visszaironovics Szt\u00e1lin. (Dzsugaszvili)E vil\u00e1guralmi ... Olvass tov\u00e1bb","og_url":"https:\/\/bozsogiattila.hu\/?p=1433","og_site_name":"Bozsogi Attila","article_published_time":"2024-01-14T14:17:57+00:00","article_modified_time":"2024-01-14T14:17:58+00:00","author":"Bozsogi Attila","twitter_card":"summary_large_image","twitter_misc":{"Szerz\u0151:":"Bozsogi Attila","Becs\u00fclt olvas\u00e1si id\u0151":"4 perc"},"schema":{"@context":"https:\/\/schema.org","@graph":[{"@type":"WebPage","@id":"https:\/\/bozsogiattila.hu\/?p=1433","url":"https:\/\/bozsogiattila.hu\/?p=1433","name":"A II. VIL\u00c1GH\u00c1BOR\u00da EL\u0150ZM\u00c9NYEI - Bozsogi Attila","isPartOf":{"@id":"https:\/\/bozsogiattila.hu\/#website"},"datePublished":"2024-01-14T14:17:57+00:00","dateModified":"2024-01-14T14:17:58+00:00","author":{"@id":"https:\/\/bozsogiattila.hu\/#\/schema\/person\/488c99f554a8c4039201260dd5eb795e"},"breadcrumb":{"@id":"https:\/\/bozsogiattila.hu\/?p=1433#breadcrumb"},"inLanguage":"hu","potentialAction":[{"@type":"ReadAction","target":["https:\/\/bozsogiattila.hu\/?p=1433"]}]},{"@type":"BreadcrumbList","@id":"https:\/\/bozsogiattila.hu\/?p=1433#breadcrumb","itemListElement":[{"@type":"ListItem","position":1,"name":"Kezd\u0151lap","item":"https:\/\/bozsogiattila.hu\/"},{"@type":"ListItem","position":2,"name":"A II. VIL\u00c1GH\u00c1BOR\u00da EL\u0150ZM\u00c9NYEI"}]},{"@type":"WebSite","@id":"https:\/\/bozsogiattila.hu\/#website","url":"https:\/\/bozsogiattila.hu\/","name":"Bozsogi Attila","description":"a zen\u00e9sz, \u00edr\u00f3 munk\u00e1ss\u00e1g\u00e1nak \u00e9s a mak\u00f3i muzsikusok eml\u00e9k\u00e9t \u0151rz\u0151 oldal","potentialAction":[{"@type":"SearchAction","target":{"@type":"EntryPoint","urlTemplate":"https:\/\/bozsogiattila.hu\/?s={search_term_string}"},"query-input":"required name=search_term_string"}],"inLanguage":"hu"},{"@type":"Person","@id":"https:\/\/bozsogiattila.hu\/#\/schema\/person\/488c99f554a8c4039201260dd5eb795e","name":"Bozsogi Attila","image":{"@type":"ImageObject","inLanguage":"hu","@id":"https:\/\/bozsogiattila.hu\/#\/schema\/person\/image\/","url":"https:\/\/secure.gravatar.com\/avatar\/7da6b5985e34ed798d1670c54ce7d20e6a53b800bb0c07945c64b09392f3dbfd?s=96&d=mm&r=g","contentUrl":"https:\/\/secure.gravatar.com\/avatar\/7da6b5985e34ed798d1670c54ce7d20e6a53b800bb0c07945c64b09392f3dbfd?s=96&d=mm&r=g","caption":"Bozsogi Attila"},"sameAs":["http:\/\/www.boszogiattila.hu"],"url":"https:\/\/bozsogiattila.hu\/?author=3"}]}},"jetpack_featured_media_url":"","_links":{"self":[{"href":"https:\/\/bozsogiattila.hu\/index.php?rest_route=\/wp\/v2\/posts\/1433","targetHints":{"allow":["GET"]}}],"collection":[{"href":"https:\/\/bozsogiattila.hu\/index.php?rest_route=\/wp\/v2\/posts"}],"about":[{"href":"https:\/\/bozsogiattila.hu\/index.php?rest_route=\/wp\/v2\/types\/post"}],"author":[{"embeddable":true,"href":"https:\/\/bozsogiattila.hu\/index.php?rest_route=\/wp\/v2\/users\/3"}],"replies":[{"embeddable":true,"href":"https:\/\/bozsogiattila.hu\/index.php?rest_route=%2Fwp%2Fv2%2Fcomments&post=1433"}],"version-history":[{"count":1,"href":"https:\/\/bozsogiattila.hu\/index.php?rest_route=\/wp\/v2\/posts\/1433\/revisions"}],"predecessor-version":[{"id":1434,"href":"https:\/\/bozsogiattila.hu\/index.php?rest_route=\/wp\/v2\/posts\/1433\/revisions\/1434"}],"wp:attachment":[{"href":"https:\/\/bozsogiattila.hu\/index.php?rest_route=%2Fwp%2Fv2%2Fmedia&parent=1433"}],"wp:term":[{"taxonomy":"category","embeddable":true,"href":"https:\/\/bozsogiattila.hu\/index.php?rest_route=%2Fwp%2Fv2%2Fcategories&post=1433"},{"taxonomy":"post_tag","embeddable":true,"href":"https:\/\/bozsogiattila.hu\/index.php?rest_route=%2Fwp%2Fv2%2Ftags&post=1433"}],"curies":[{"name":"wp","href":"https:\/\/api.w.org\/{rel}","templated":true}]}}