{"id":1437,"date":"2012-03-29T14:19:00","date_gmt":"2012-03-29T14:19:00","guid":{"rendered":"https:\/\/bozsogiattila.hu\/?p=1437"},"modified":"2024-01-14T14:20:08","modified_gmt":"2024-01-14T14:20:08","slug":"milyen-is-volt-1944-ben-makon-a-haboru-kimenetele","status":"publish","type":"post","link":"https:\/\/bozsogiattila.hu\/?p=1437","title":{"rendered":"MILYEN IS VOLT 1944-BEN MAK\u00d3N A H\u00c1BOR\u00da KIMENETELE?"},"content":{"rendered":"\n<p class=\"wp-block-paragraph\">MILYEN IS VOLT 1944-BEN MAK\u00d3N A H\u00c1BOR\u00da KIMENETELE?<\/p>\n\n\n\n<p class=\"wp-block-paragraph\">A 85 \u00e9ves M\u00e1gori Istv\u00e1n bar\u00e1tom, aki fiatal leventekor\u00fak\u00e9nt \u00e9lte \u00e1t a mak\u00f3i harcokat, megosztotta velem egy \u00e9letre sz\u00f3l\u00f3 sz\u00f6rny\u0171 esem\u00e9nyeknek eml\u00e9keit, melyek az akkor mintegy 40 ezer f\u0151t sz\u00e1ml\u00e1l\u00f3 v\u00e1rosunkban foly\u00f3 harcok \u00e1ldozatair\u00f3l, \u00e9s a retteg\u0151 v\u00e1roslak\u00f3kr\u00f3l sz\u00f3lnak.<\/p>\n\n\n\n<p class=\"wp-block-paragraph\">Id\u00e9zem az eml\u00e9kez\u00e9st: \u201eCsepk\u00f3 Berci bar\u00e1tommal a mai Bart\u00f3k B\u00e9la zeneiskol\u00e1val szemben l\u00e9v\u0151 Lipt\u00e1k G\u00e9pm\u0171helyben dolgoztunk, (Ma a Szegedi utcai \u00c1BC, \u00e9s t\u00f6bbemeletes h\u00e1zak \u00e1llnak a hely\u00e9n) mint ifj\u00fa seg\u00e9dek. Az akkori n\u00e9pr\u00e1di\u00f3 haditud\u00f3s\u00edt\u00e1sait, \u00e9s a sajt\u00f3 k\u00f6zlem\u00e9nyeit \u00e1lland\u00f3an figyelemmel k\u00eds\u00e9rt\u00fck, mint ahogy azt minden Mak\u00f3n maradt ember tette abban az id\u0151ben, hiszen nem volt egyetlen csal\u00e1d sem a v\u00e1rosban, amelyet a h\u00e1bor\u00fa kimenetele nem \u00e9rintette volna valamilyen form\u00e1ban.<\/p>\n\n\n\n<ol class=\"wp-block-list\" start=\"1944\">\n<li>szeptember 24-\u00e9n vas\u00e1rnap a kora reggeli \u00f3r\u00e1kban a szipork\u00e1z\u00f3 naps\u00fct\u00e9s igyekezett felsz\u00e1r\u00edtani a f\u00e1k s\u00e1rgul\u00f3 falevelein l\u00e9v\u0151 harmatcseppeket, mik\u00f6zben a madarak csivitel\u00e9se szolg\u00e1ltatta a zen\u00e9t, a b\u00e9k\u00e9s \u00e1lmaikb\u00f3l \u00e9bred\u0151 embereknek, akik bizakodtak abban, hogy az \u00f6t \u00e9ve tart\u00f3 h\u00e1bor\u00fa szele elker\u00fcli a v\u00e1rost.<br>Az idilli hangulatot bar\u00e1tom cs\u00f6rtet\u00e9se zavarta meg, ahogy berohant Honv\u00e9d utcai h\u00e1zunk kapuj\u00e1n. Leveg\u0151 ut\u00e1n kapkodva mondta: Most hallottam, hogy a Leventeparancsnoks\u00e1g el\u0151tt a levent\u00e9knek kispusk\u00e1t osztanak. Mint ifj\u00fa tit\u00e1nok rohanva ment\u00fcnk a f\u0151t\u00e9rre, hogy meggy\u0151z\u0151dj\u00fcnk a hozz\u00e1nk eljutott h\u00edr val\u00f3dis\u00e1g\u00e1r\u00f3l.<br>M\u00e1r messzir\u0151l l\u00e1ttuk, hogy egy csend\u0151r fel\u00fcgyelete mellet tal\u00e1lnak gazd\u00e1kra a kispusk\u00e1k.<br>A felfegyverzett levent\u00e9k kettes\u00e9vel elindultak hat\u00e1rszeml\u00e9re, ahonnan kora d\u00e9lut\u00e1n sietve j\u00f6ttek vissza, mert Kov\u00e1cs Miska elmond\u00e1sa szerint r\u00e1juk l\u0151ttek.<br>Amint ott n\u00e9zel\u0151dt\u00fcnk csikorogva f\u00e9kezett egy teheraut\u00f3, majd meg\u00e1llt. A plat\u00f3n k\u00e9t csend\u0151r volt, az egyik fek\u00fcdt, a m\u00e1sik t\u00e9rdelt, kez\u00e9ben fegyver\u00e9t szorongatva. A vezet\u0151f\u00fclk\u00e9ben egy bek\u00f6t\u00f6tt fej\u0171 csend\u0151r \u00fclt a sof\u0151r mellett. A Battonya felirattal ell\u00e1tott j\u00e1rm\u0171 vezet\u0151je idegesen k\u00e9rdezte: Merre van a K\u00f3rh\u00e1z?<br>Miut\u00e1n \u00fatbaigaz\u00edtottuk nagy sebesen elhajtottak.<br>Mi is elindultunk haza, mivel eg\u00e9sz nap nem ett\u00fcnk semmit.<\/li>\n<\/ol>\n\n\n\n<p class=\"wp-block-paragraph\">M\u00e1snap szeptember 25-\u00e9n h\u00e9tf\u0151n munk\u00e1ba \u00e1lltunk, de sehogyan sem akart menni a dolog, mivel a t\u00e1volb\u00f3l eg\u00e9sz nap, robban\u00e1sok, l\u00f6v\u00e9sek hangja volt hallhat\u00f3. Mindenki tudta, hogy k\u00f6zelednek az orosz csapatok el\u0151\u0151rsei.<br>D\u00e9lben k\u00e9t\u00f3r\u00e1s eb\u00e9dsz\u00fcnet volt, s ekkor hazamentem eb\u00e9delni. Mik\u00f6zben elfogyasztottuk \u00e9desany\u00e1m szeg\u00e9nyes f\u0151ztj\u00e9t, egyre er\u0151sebben hallottuk a fegyverek f\u00fclsiket\u00edt\u0151 ropog\u00e1s\u00e1t. Kiment\u00fcnk az udvarra, ahol felett\u00fcnk s\u00fcv\u00edt\u0151 l\u00f6ved\u00e9kek sz\u00e1lltak, \u00e9s p\u00e1r pillanat m\u00falva sz\u00f6rny\u0171 robban\u00e1s ut\u00e1n, tet\u0151cserepek hulltak al\u00e1 minden fel\u00e9.<\/p>\n\n\n\n<p class=\"wp-block-paragraph\">Tan\u00e1cstalanok voltunk, hogy mit tegy\u00fcnk, de b\u00fav\u00f3hely sehol sem volt. Ekkor kiment\u00fcnk az utc\u00e1ra, ahol \u00e9letem els\u0151 h\u00e1bor\u00fas \u00e9lm\u00e9ny\u00e9vel szembes\u00fcltem:<br>A k\u00f6zeli Kiss Feri\u00e9k h\u00e1z\u00e1n \u00f3ri\u00e1si lyuk t\u00e1tongott, melyb\u0151l f\u00fcstfelh\u0151 sz\u00e1llt a magasba. M\u00e9g fel sem ocs\u00fadtunk a nagy ijedts\u00e9gb\u0151l, amikor egy \u00fajabb tal\u00e1lat meg\u00f6lte a szomsz\u00e9dba igyekv\u0151 Nagy J\u00f3zsi bar\u00e1tom sz\u00fcleit.<br>Az utca lak\u00f3i igyekeztek fedez\u00e9ket keresni, amikor felb\u00fagott egy rep\u00fcl\u0151 motorj\u00e1nak hangja, \u00e9s egyenesen a Kis\u00e1llom\u00e1s fel\u00e9 tartott, ahov\u00e1 az el\u0151z\u0151 nap sok magyar katona \u00e9rkezett.<br>A pil\u00f3ta c\u00e9lt t\u00e9vesztett, \u00e9s nem az \u00e1llom\u00e1sra dobta le a h\u00e1rom bomb\u00e1t, hanem a Justh Gyula utca felett oldotta ki azokat. Hat\u00e1sukra egy h\u00e1z teljesen romba d\u0151lt.<\/p>\n\n\n\n<p class=\"wp-block-paragraph\">A Kis\u00e1llom\u00e1sr\u00f3l a magyar katon\u00e1k er\u0151ltetett menetben haladtak el el\u0151tt\u00fcnk az Aradi utca fel\u00e9, ahol elkanyarodtak Ap\u00e1tfalva ir\u00e1ny\u00e1ba. A gyalogos sereget egy lovon \u00fcl\u0151 sz\u00e1zados vezette, kez\u00e9ben g\u00e9ppisztollyal. A menetet tr\u00e9n kocsi k\u00f6vette, amelyen egy remeg\u0151 n\u00e9metjuh\u00e1sz kutya fek\u00fcdt meghuny\u00e1szkodva.<br>A hirtelen t\u00e1mad\u00e1st ar\u00e1nylag csendes d\u00e9lut\u00e1n k\u00f6vetett.<\/p>\n\n\n\n<p class=\"wp-block-paragraph\">M\u00e1snap hallottuk csak, hogy a v\u00e1ros m\u00e1sik r\u00e9sz\u00e9ben tov\u00e1bb folytat\u00f3dtak a harcok, \u00e9s amint a t\u0171zolt\u00f3parancsnok csal\u00e1dj\u00e1val, t\u0171zolt\u00f3aut\u00f3n F\u00f6lde\u00e1k fel\u00e9 menek\u00fclt, a partiz\u00e1nok feltart\u00f3ztatt\u00e1k \u0151ket, \u00e9s amikor a parancsnok el\u0151r\u00e1ntotta pisztoly\u00e1t, lel\u0151tt\u00e9k.<\/p>\n\n\n\n<p class=\"wp-block-paragraph\">A viszonylag csendes d\u00e9lut\u00e1nt f\u00e9lelmes \u00e9jszakai harcok k\u00f6vett\u00e9k, amikor a r\u00e9gi Tisztvisel\u0151telepet (Ambil szikvizes k\u00f6rny\u00e9k\u00e9t) \u00e9s a K\u00eds\u00e9rleti Gazdas\u00e1g k\u00f6r\u00fcli r\u00e9szeket is bomb\u00e1zt\u00e1k az oroszok, mely bomb\u00e1kb\u00f3l egy t\u00f6bbm\u00e1zs\u00e1s fel nem robbant bomb\u00e1t \u00e9vtizedekkel a h\u00e1bor\u00fa ut\u00e1n tal\u00e1ltak meg \u00e9p\u00edtkez\u00e9s k\u00f6zben.<\/p>\n\n\n\n<p class=\"wp-block-paragraph\">A Honv\u00e9d utca, Mak\u00f3 legsz\u00e9ls\u0151 utc\u00e1ja, ez\u00e9rt \u00e9desany\u00e1mmal az utcai szob\u00e1b\u00f3l \u00e1tk\u00f6lt\u00f6zt\u00fcnk a bels\u0151 helys\u00e9gbe, a nagyobb biztons\u00e1g \u00e9rdek\u00e9ben. \u00c9desany\u00e1m, b\u00e1ty\u00e1m katonal\u00e1d\u00e1j\u00e1n \u00fclt \u00e9s s\u00edrt eg\u00e9sz \u00e9jjel, mivel mindk\u00e9t b\u00e1ty\u00e1m, \u00e9s a s\u00f3gora is a fronton volt, akikr\u0151l semmit sem tudott.<br>\u00c9n egy \u00e1gyon pr\u00f3b\u00e1ltam aludni valamelyest, hogy er\u0151t gy\u0171jtsek m\u00e1snapra.<br>Amikor kivil\u00e1gosodott kin\u00e9ztem az ablakon, \u00e9s mivel semmit sem l\u00e1ttam, kimer\u00e9szkedtem az utc\u00e1ra. Nagy meglepet\u00e9semre k\u00e9t h\u00e1zzal od\u00e9bb Berci bar\u00e1tom \u00e9s apja (aki az els\u0151 Vil\u00e1gh\u00e1bor\u00faban oroszfogs\u00e1gba esett, \u00e9s ott megtanul oroszul) b\u00e9k\u00e9sen besz\u00e9lgettek az \u0151ket k\u00f6r\u00fclvev\u0151 orosz katon\u00e1kkal.<br>Nem sokkal az orosz katon\u00e1k t\u00e1voz\u00e1sa ut\u00e1n rohant hozz\u00e1nk egy m\u00e1sik szomsz\u00e9d, az \u00f6reg G\u00e1l Imre b\u00e1csi bossz\u00fasan, \u00f6kl\u00e9t r\u00e1zva az oroszok ut\u00e1n, \u00e9s b\u00e1natosan mondta: \u201eAz egyik orosz bej\u00f6tt hozz\u00e1nk, \u00e9s ellopta a konyh\u00e1b\u00f3l az \u00f3r\u00e1mat, a bicsk\u00e1mat, valamint az udvaron l\u00e9v\u0151 ker\u00e9kp\u00e1romat.\u201d<\/p>\n\n\n\n<p class=\"wp-block-paragraph\">Ez id\u0151 alatt a f\u0151t\u00e9ren kem\u00e9ny harcok voltak, mindk\u00e9t oldalon sok halottal. Amikor a harcok elcsendesedtek, val\u00f3s\u00e1gos szabadrabl\u00e1s alakult ki.<br>Felt\u00f6rt\u00e9k az \u00fczleteket, \u00e9s mindenki vitt a k\u00e9szletekb\u0151l annyit, amennyit elb\u00edrt.<br>Amikor az oroszok kiszor\u00edtott\u00e1k a fosztogat\u00f3kat a f\u0151t\u00e9rr\u0151l, behatoltak a temetkez\u00e9si v\u00e1llalat helys\u00e9g\u00e9be, ahonnan a kopors\u00f3kat kihordt\u00e1k az utc\u00e1ra, \u00e9s halottaikat a H\u0151s\u00f6k Szobr\u00e1nak a kertj\u00e9ben eltemett\u00e9k.<br>A magyar foglyokat pedig Rom\u00e1nia legkegyetlenebb l\u00e1ger\u00e9be Fogs\u00e1niba hajtott\u00e1k az Aradi \u00faton.<br>Ezut\u00e1n egy ideig \u00e1ll\u00f3harc alakult ki a Szegedi utc\u00e1n, de v\u00e9g\u00fcl a t\u00faler\u0151 ellen k\u00e9nytelenek voltak a magyar katon\u00e1k h\u00e1tr\u00e1lva Kiszombor fel\u00e9 \u00e1tmenni a h\u00eddon. Miut\u00e1n \u00e1t\u00e9rtek, r\u00f6vid id\u0151 m\u00falva \u00f3ri\u00e1si deton\u00e1ci\u00f3 r\u00e1zta meg a leveg\u0151t, mely robban\u00e1st\u00f3l a k\u00e9t Maros-h\u00edd megsemmis\u00fclt.<\/p>\n\n\n\n<p class=\"wp-block-paragraph\">Berci bar\u00e1tom apja cs\u0151sz volt az ugari hat\u00e1rban. T\u0151le hallottuk, hogy milyen komoly harc volt a k\u00fclter\u00fcleti t\u00e9rs\u00e9gben is. Berci ekkor 18, \u00e9n 19 \u00e9ves voltam.<br>Elindultunk a Gyilkos-t\u00f3 ment\u00e9n a Mik\u00f3csad\u00fcll\u0151i cs\u0151szh\u00e1zhoz, hogy szemrev\u00e9telezz\u00fck a harcok sz\u00ednter\u00e9t, ahol ism\u00e9t tal\u00e1lkoztunk a h\u00e1bor\u00fa borzalm\u00e1val.<br>A vas\u00fatt\u00f6lt\u00e9s mellett 6 magyar katona holtteste volt l\u00e1that\u00f3, k\u00fcl\u00f6nleges testtart\u00e1sban, kez\u00fckben fegyver\u00fckkel. Pusk\u00e1jukb\u00f3l a zom\u00e1ncozott vash\u00fcvelyt szerett\u00e9k volna kiverni a cs\u0151pucol\u00f3 vessz\u0151vel, hogy \u00fczemk\u00e9pess\u00e9 tegy\u00e9k fegyver\u00fcket, mik\u00f6zben az oroszok t\u00e1mad\u00e1s\u00e1nak estek \u00e1ldozatul.<\/p>\n\n\n\n<p class=\"wp-block-paragraph\">Tov\u00e1bbhaladtunk, \u00e9s r\u00f6videsen el\u00e9rt\u00fck a cs\u0151szh\u00e1zat, melynek ajtaja fel volt t\u00f6rve. Amint bel\u00e9pt\u00fcnk r\u00e1nk mordult az a n\u00e9metjuh\u00e1sz kutya, amelyiket az el\u0151tt\u00fcnk elhalad\u00f3 magyar katon\u00e1k tr\u00e9n kocsij\u00e1n l\u00e1ttunk. Ahogy k\u00f6zelebb mentem hozz\u00e1 l\u00e1ttam, hogy az egyik els\u0151 l\u00e1ba megsebes\u00fclt. Bizony\u00e1ra fut\u00e1s k\u00f6zben tal\u00e1lat \u00e9rte. Bar\u00e1ts\u00e1gosan vit\u00e9z\u00farnak sz\u00f3l\u00edtottam, minek hat\u00e1s\u00e1ra megenyh\u00fclt a bizalmatlans\u00e1ga, \u00e9s megengedte, hogy megsimogassam a fej\u00e9t.<br>H\u00e1l\u00e1s tekintettel n\u00e9zett r\u00e1m, majd megnyalta a kezemet, jelezve, hogy bizalm\u00e1ba fogadott. Bek\u00f6t\u00f6zt\u00fck a l\u00e1b\u00e1t, de nem t\u0171rte a k\u00f6t\u00e9st \u00e9s let\u00e9pte azt. Mikor elindultunk kifel\u00e9 a kunyh\u00f3b\u00f3l, bicegve vel\u00fcnk j\u00f6tt. A seb\u00e9t nyalogatva r\u00f6videsen meggy\u00f3gyult. Haza\u00e9rve Berci apja vette p\u00e1rtfog\u00e1sba, \u00e9s olyan h\u0171s\u00e9ges \u00e1llat v\u00e1lt bel\u0151le, hogy nem volt tan\u00e1csos kezet ny\u00fajtani sem az \u00f6reg cs\u0151sz fel\u00e9, mert vit\u00e9z\u00far azonnal r\u00e1ugrott a bizalmaskod\u00f3ra, de nem harapta meg, csak fogva tartotta, \u00e9s v\u00e1rta a parancsot.<br>Katona gazd\u00e1it soha nem felejtette el, \u00e9s ha valahol katon\u00e1kat l\u00e1tott, farkcs\u00f3v\u00e1lva jelezte bar\u00e1ts\u00e1gos sz\u00e1nd\u00e9k\u00e1t. Tal\u00e1n b\u00edzott benne, hogy egyszer r\u00e1tal\u00e1l az igazi gazd\u00e1j\u00e1ra.<br>Amikor Albert b\u00e1csi nyugd\u00edjba ment, az \u00faj cs\u0151szt\u0151l t\u00f6bb m\u00e1zsa b\u00faz\u00e1t kapott vit\u00e9z\u00far\u00e9rt.<\/p>\n\n\n\n<p class=\"wp-block-paragraph\">A cs\u0151szh\u00e1zt\u00f3l mire haza\u00e9rt\u00fcnk, delet harangoztak az \u00fajv\u00e1rosi templom harangjai. \u00c9desany\u00e1m finom csirkepaprik\u00e1ssal v\u00e1rt. Asztalhoz \u00fclt\u00fcnk, de miel\u0151tt elhangzott volna az asztali \u00e1ld\u00e1s, rettenetes, eddig m\u00e9g soha nem hallott f\u00fclsiket\u00edt\u0151 robaj lett hallhat\u00f3, amely olyan \u00e9rz\u00e9st v\u00e1ltott ki bel\u0151l\u00fcnk, mintha elj\u00f6tt volna a vil\u00e1g v\u00e9ge.<br>Az asztalon g\u0151z\u00f6lg\u0151 csirkepaprik\u00e1sr\u00f3l elfeledkezve kirohantam az utc\u00e1ra, ahol egy h\u00e1bor\u00fas csodaszerkezet volt l\u00e1that\u00f3, egy hatalmas monstrum a \u201eKatyusa\u201d m\u00e1s n\u00e9ven Szt\u00e1linorgona, amely egyszerre mintegy negyven akn\u00e1t ind\u00edtott \u00f3ri\u00e1si robajjal.<br>A f\u00e9lelmetes gyilkol\u00f3 g\u00e9p F\u00f6lde\u00e1k fel\u00e9 volt ir\u00e1ny\u00edtva, ahol a visszavonul\u00f3 magyar katon\u00e1k meneteltek.<\/p>\n\n\n\n<p class=\"wp-block-paragraph\">Szerd\u00e1n szeptember 27-\u00e9n Berci kom\u00e1mmal bement\u00fcnk a m\u0171helybe, amelyet h\u00e1rom utca hat\u00e1rolt k\u00f6r\u00fcl. A hatalmas udvaron oroszok voltak bekv\u00e1rt\u00e9lyozva, \u00e9s az itt fel\u00e1ll\u00edtott t\u00e1bori konyh\u00e1ban k\u00e9sz\u00fclt az \u00e1tvonul\u00f3 sereg\u00fck \u00e1lland\u00f3, de kiad\u00f3s \u00e9tke.<br>A katon\u00e1kkal hamar bar\u00e1ts\u00e1got k\u00f6t\u00f6tt\u00fcnk, oly annyira, hogy meginvit\u00e1ltak benn\u00fcnket \u00e9tkez\u00e9s\u00fckkor. Csemeg\u00e9nek sz\u00e1m\u00edtott a B\u00e9rpalot\u00e1ban l\u00e9v\u0151 L\u00e9lekcukr\u00e1szd\u00e1b\u00f3l elorzott m\u00e9z, baracklekv\u00e1r, \u00e9s egy\u00e9b nyal\u00e1nks\u00e1gok.<br>Am\u00edg ott lakm\u00e1roztunk, a katon\u00e1k p\u00e1r lovas kocsival meg\u00e9rkeztek a rekvir\u00e1l\u00e1sb\u00f3l: sz\u00e9n\u00e1t, zabot, kukoric\u00e1t, \u00e9s egy\u00e9b \u00e9lelmet hoztak a lovaiknak.<\/p>\n\n\n\n<p class=\"wp-block-paragraph\">Az orosz katon\u00e1k a Maros t\u00f6lt\u00e9sn\u00e9l be\u00e1st\u00e1k magukat, ahonnan l\u0151tt\u00e9k a Kiszombor k\u00f6zel\u00e9ben l\u00e9v\u0151 magyarokat, akik visszat\u00fczeltek, de n\u00e9ha t\u00fal hossz\u00fara siker\u00fclt egy-egy l\u00f6v\u00e9s, \u00edgy a magyar katon\u00e1k l\u00f6ved\u00e9keinek hat\u00e1s\u00e1ra, mak\u00f3i \u00e1ldozatai is voltak ism\u00e9t e t\u0171zp\u00e1rbajnak.<\/p>\n\n\n\n<p class=\"wp-block-paragraph\">Bercivel naponta bej\u00e1rtunk a m\u0171helybe, \u00edgy k\u00f6zvetlen l\u00e1ttuk az oroszok szervezked\u00e9s\u00e9t.<br>H\u00e9t v\u00e9g\u00e9n megjelent egy tiszt, \u00e9s a rakt\u00e1rban l\u00e9v\u0151 hord\u00f3kat felnyittatta vel\u00fcnk, \u00e9s \u00faj\u00e1t beledugva az olajba ellen\u0151rizte a viszkozit\u00e1s\u00e1t. Haras\u00f3 sz\u00f3val bez\u00e1rtatta a hord\u00f3kat, \u00e9s kigur\u00edttatta vel\u00fcnk az udvarra, nek\u00fcnk pedig jelezte, hogy maradjunk a hord\u00f3k mellett.<br>Kis id\u0151 m\u00falva j\u00f6tt egy parasztember lovas kocsival, a bakon mellette az orosztiszttel, aki intett, hogy rakjuk fel a hord\u00f3kat.<br>Mikor elk\u00e9sz\u00fclt\u00fcnk a pakol\u00e1ssal, jelezte, hogy mi is \u00fclj\u00fcnk fel. A kocsi elindult a t\u00f6lt\u00e9s fel\u00e9, \u00e9s mikor oda\u00e9rt\u00fcnk l\u00e1ttuk, hogy rengeteg orosz katona \u00e1sta be mag\u00e1t a t\u00f6lt\u00e9s v\u00e9delm\u00e9ben.<br>A t\u00f6lt\u00e9sen \u00e1thaladva, ahogy az \u00faton d\u00f6c\u00f6g\u00f6tt a szek\u00e9r, nem messze az \u00fatt\u00f3l egy halott katona fek\u00fcdt, de az egyenruh\u00e1ja nem volt rajta. Kiss\u00e9 t\u00e1volabb egy ki\u00e9gett szem\u00e9lykocsi v\u00e1lt l\u00e1that\u00f3v\u00e1, melynek vol\u00e1nj\u00e1n\u00e1l egy felismerhetetlens\u00e9gig \u00f6ssze\u00e9gett holttest volt.<br>Mikor el\u00e9rt\u00fck a Marost, a tiszt \u00e1tki\u00e1ltott a t\u00falpartra, ahonnan egy nagy ladikkal \u00e1teveztek a katon\u00e1k, melyre felraktuk a hord\u00f3kat, majd a tiszt intett, hogy engedjenek szabadon benn\u00fcnket.<br>T\u0151l\u00fcnk kiss\u00e9 t\u00e1volabb a Maros-parton kiv\u00e1gott hatalmas f\u00e1kb\u00f3l hidat eszk\u00e1b\u00e1ltak a m\u0171szakiak, melyen k\u00e9s\u0151bb \u00e1tvonult az orosz sereg g\u00e9pkocsikkal, tankokkal egy\u00fctt.<\/p>\n\n\n\n<p class=\"wp-block-paragraph\">Berci bar\u00e1tommal boldogan indultunk vissza, mivel m\u00e1r att\u00f3l f\u00e9lt\u00fcnk, hogy elvisznek minket is, valamelyik fogolyt\u00e1borba.<br>A parasztot is elengedt\u00e9k, aki k\u00f6zz\u00e9 v\u00e1gott a pejk\u00f3knak, \u00e9s v\u00e1gtatva elt\u0171nt, mint a k\u00e1mfor, minket magunkra hagyva.<br>A Maros \u00e9s a t\u00f6lt\u00e9s k\u00f6z\u00f6tt f\u00e9l\u00faton j\u00e1rtunk, amikor Berci egy elhagyottnak hitt sz\u00e9p hossz\u00fa, piros vezet\u00e9ket fedezett fel, melyet azonnal h\u00fazni kezdett maga fel\u00e9. A leshelyb\u0151l kiugrott a r\u00e1di\u00f3s katona, \u00e9s fegyver\u00e9t r\u00e1nk fogva pasli, pasli ki\u00e1ltotta.<br>Ijedten tov\u00e1bb \u00e1lltunk.<br>A f\u0171ben minden fel\u00e9 t\u00f6lt\u00e9nyh\u00fcvelyek hevertek. Felvettem egy h\u00fcvelyt, \u00e9s egy gazd\u00e1tlan t\u00e1rt a mak\u00f3i h\u00e1bor\u00fa eml\u00e9k\u00e9k\u00e9nt.<br>Mikor oda\u00e9rt\u00fcnk a ki\u00e9gett g\u00e9pkocsihoz, felnyitottam a jobboldali ajt\u00f3t, \u00e9s az \u00fcl\u00e9sr\u0151l magamhoz vettem egy nagy franciakulcsot.<br>Mindh\u00e1rom erekly\u00e9m a mai napig f\u00e9ltett eml\u00e9kem<\/p>\n\n\n\n<p class=\"wp-block-paragraph\">A h\u00e1bor\u00fa befejez\u00e9se ut\u00e1n, a v\u00e1rosban eltemetett hull\u00e1kat felszedt\u00e9k, azonos\u00edtott\u00e1k, (Hogy ki azonos\u00edtotta, nem tudom) \u00e9s az orosz katon\u00e1kat a G\u00f6r\u00f6g Katolikus Temet\u0151ben katonai tiszteletad\u00e1ssal eltemett\u00e9k. Sok s\u00edron csak rendfokozat olvashat\u00f3. Az egyik fejf\u00e1n egy j\u00f3k\u00e9p\u0171 tiszt f\u00e9nyk\u00e9pe l\u00e1that\u00f3, akihez hossz\u00fa \u00e9veken \u00e1t elj\u00e1rt l\u00e1togat\u00f3ba az \u00e9desanyja.<br>Mak\u00f3 v\u00e1ros \u00f6nkorm\u00e1nyzata p\u00e9lda\u00e9rt\u00e9k\u0171en gondoztatja a s\u00edrokat.<\/p>\n\n\n\n<p class=\"wp-block-paragraph\">A magyar katon\u00e1k holttestei a Sz\u00e9chenyi t\u00e9ren a Kossuth Szoborral szembeni sarkon voltak eltemetve, akiket felszed\u00e9s\u00fck ut\u00e1n a R\u00f3mai Katolikus Temet\u0151ben temett\u00e9k el, hasonl\u00f3 katonai tiszteletad\u00e1ssal.<br>A gimn\u00e1zium el\u0151tti II. Vil\u00e1gh\u00e1bor\u00fas Eml\u00e9km\u0171v\u00f6n fel van \u00edrva az elesett h\u0151s\u00f6k neve.<br>A t\u00f6rt\u00e9net befejez\u00e9se ut\u00e1n, m\u00e9g annyit mondott bar\u00e1tom:<br>Nem sz\u00e9p eml\u00e9k, de m\u00e9gis meg\u0151riztem.<br>Megk\u00f6sz\u00f6ntem, hogy megosztotta velem egy \u00e9leten \u00e1t mag\u00e1ba fojtott, szinte gyermekfejjel \u00e1t\u00e9lt borzalmakat.<br>Ahogy kezet ny\u00fajtott, m\u00e9lyen a szemembe n\u00e9zett, \u00e9s tal\u00e1n \u00e9szre sem vette, hogy egy k\u00f6nnycsepp lass\u00fa araszol\u00e1ssal leg\u00f6rd\u00fclt becs\u00fcletes \u00f6reg arc\u00e1n!<\/p>\n\n\n\n<p class=\"wp-block-paragraph\">A t\u00f6rt\u00e9netet M\u00e1gori Istv\u00e1n tan\u00e1r elmond\u00e1sa alapj\u00e1n jegyeztem le, 2012-03-29-\u00e9n, Mak\u00f3n.<\/p>\n","protected":false},"excerpt":{"rendered":"<p>MILYEN IS VOLT 1944-BEN MAK\u00d3N A H\u00c1BOR\u00da KIMENETELE? A 85 \u00e9ves M\u00e1gori Istv\u00e1n bar\u00e1tom, aki fiatal leventekor\u00fak\u00e9nt \u00e9lte \u00e1t a mak\u00f3i harcokat, megosztotta velem egy \u00e9letre sz\u00f3l\u00f3 sz\u00f6rny\u0171 esem\u00e9nyeknek eml\u00e9keit, melyek az akkor mintegy 40 ezer f\u0151t sz\u00e1ml\u00e1l\u00f3 v\u00e1rosunkban foly\u00f3 harcok \u00e1ldozatair\u00f3l, \u00e9s a retteg\u0151 v\u00e1roslak\u00f3kr\u00f3l sz\u00f3lnak. Id\u00e9zem az eml\u00e9kez\u00e9st: \u201eCsepk\u00f3 Berci bar\u00e1tommal a mai &#8230; <a title=\"MILYEN IS VOLT 1944-BEN MAK\u00d3N A H\u00c1BOR\u00da KIMENETELE?\" class=\"read-more\" href=\"https:\/\/bozsogiattila.hu\/?p=1437\" aria-label=\"Tov\u00e1bbiak MILYEN IS VOLT 1944-BEN MAK\u00d3N A H\u00c1BOR\u00da KIMENETELE?\">Olvass tov\u00e1bb<\/a><\/p>\n","protected":false},"author":3,"featured_media":0,"comment_status":"open","ping_status":"open","sticky":false,"template":"","format":"standard","meta":{"footnotes":""},"categories":[331],"tags":[],"class_list":["post-1437","post","type-post","status-publish","format-standard","hentry","category-emlkeim"],"yoast_head":"<!-- This site is optimized with the Yoast SEO plugin v21.8 - https:\/\/yoast.com\/wordpress\/plugins\/seo\/ -->\n<title>MILYEN IS VOLT 1944-BEN MAK\u00d3N A H\u00c1BOR\u00da KIMENETELE? - Bozsogi Attila<\/title>\n<meta name=\"robots\" content=\"index, follow, max-snippet:-1, max-image-preview:large, max-video-preview:-1\" \/>\n<link rel=\"canonical\" href=\"https:\/\/bozsogiattila.hu\/?p=1437\" \/>\n<meta property=\"og:locale\" content=\"hu_HU\" \/>\n<meta property=\"og:type\" content=\"article\" \/>\n<meta property=\"og:title\" content=\"MILYEN IS VOLT 1944-BEN MAK\u00d3N A H\u00c1BOR\u00da KIMENETELE? - Bozsogi Attila\" \/>\n<meta property=\"og:description\" content=\"MILYEN IS VOLT 1944-BEN MAK\u00d3N A H\u00c1BOR\u00da KIMENETELE? A 85 \u00e9ves M\u00e1gori Istv\u00e1n bar\u00e1tom, aki fiatal leventekor\u00fak\u00e9nt \u00e9lte \u00e1t a mak\u00f3i harcokat, megosztotta velem egy \u00e9letre sz\u00f3l\u00f3 sz\u00f6rny\u0171 esem\u00e9nyeknek eml\u00e9keit, melyek az akkor mintegy 40 ezer f\u0151t sz\u00e1ml\u00e1l\u00f3 v\u00e1rosunkban foly\u00f3 harcok \u00e1ldozatair\u00f3l, \u00e9s a retteg\u0151 v\u00e1roslak\u00f3kr\u00f3l sz\u00f3lnak. Id\u00e9zem az eml\u00e9kez\u00e9st: \u201eCsepk\u00f3 Berci bar\u00e1tommal a mai ... Olvass tov\u00e1bb\" \/>\n<meta property=\"og:url\" content=\"https:\/\/bozsogiattila.hu\/?p=1437\" \/>\n<meta property=\"og:site_name\" content=\"Bozsogi Attila\" \/>\n<meta property=\"article:published_time\" content=\"2012-03-29T14:19:00+00:00\" \/>\n<meta property=\"article:modified_time\" content=\"2024-01-14T14:20:08+00:00\" \/>\n<meta name=\"author\" content=\"Bozsogi Attila\" \/>\n<meta name=\"twitter:card\" content=\"summary_large_image\" \/>\n<meta name=\"twitter:label1\" content=\"Szerz\u0151:\" \/>\n\t<meta name=\"twitter:data1\" content=\"Bozsogi Attila\" \/>\n\t<meta name=\"twitter:label2\" content=\"Becs\u00fclt olvas\u00e1si id\u0151\" \/>\n\t<meta name=\"twitter:data2\" content=\"13 perc\" \/>\n<script type=\"application\/ld+json\" class=\"yoast-schema-graph\">{\"@context\":\"https:\/\/schema.org\",\"@graph\":[{\"@type\":\"WebPage\",\"@id\":\"https:\/\/bozsogiattila.hu\/?p=1437\",\"url\":\"https:\/\/bozsogiattila.hu\/?p=1437\",\"name\":\"MILYEN IS VOLT 1944-BEN MAK\u00d3N A H\u00c1BOR\u00da KIMENETELE? - Bozsogi Attila\",\"isPartOf\":{\"@id\":\"https:\/\/bozsogiattila.hu\/#website\"},\"datePublished\":\"2012-03-29T14:19:00+00:00\",\"dateModified\":\"2024-01-14T14:20:08+00:00\",\"author\":{\"@id\":\"https:\/\/bozsogiattila.hu\/#\/schema\/person\/488c99f554a8c4039201260dd5eb795e\"},\"breadcrumb\":{\"@id\":\"https:\/\/bozsogiattila.hu\/?p=1437#breadcrumb\"},\"inLanguage\":\"hu\",\"potentialAction\":[{\"@type\":\"ReadAction\",\"target\":[\"https:\/\/bozsogiattila.hu\/?p=1437\"]}]},{\"@type\":\"BreadcrumbList\",\"@id\":\"https:\/\/bozsogiattila.hu\/?p=1437#breadcrumb\",\"itemListElement\":[{\"@type\":\"ListItem\",\"position\":1,\"name\":\"Kezd\u0151lap\",\"item\":\"https:\/\/bozsogiattila.hu\/\"},{\"@type\":\"ListItem\",\"position\":2,\"name\":\"MILYEN IS VOLT 1944-BEN MAK\u00d3N A H\u00c1BOR\u00da KIMENETELE?\"}]},{\"@type\":\"WebSite\",\"@id\":\"https:\/\/bozsogiattila.hu\/#website\",\"url\":\"https:\/\/bozsogiattila.hu\/\",\"name\":\"Bozsogi Attila\",\"description\":\"a zen\u00e9sz, \u00edr\u00f3 munk\u00e1ss\u00e1g\u00e1nak \u00e9s a mak\u00f3i muzsikusok eml\u00e9k\u00e9t \u0151rz\u0151 oldal\",\"potentialAction\":[{\"@type\":\"SearchAction\",\"target\":{\"@type\":\"EntryPoint\",\"urlTemplate\":\"https:\/\/bozsogiattila.hu\/?s={search_term_string}\"},\"query-input\":\"required name=search_term_string\"}],\"inLanguage\":\"hu\"},{\"@type\":\"Person\",\"@id\":\"https:\/\/bozsogiattila.hu\/#\/schema\/person\/488c99f554a8c4039201260dd5eb795e\",\"name\":\"Bozsogi Attila\",\"image\":{\"@type\":\"ImageObject\",\"inLanguage\":\"hu\",\"@id\":\"https:\/\/bozsogiattila.hu\/#\/schema\/person\/image\/\",\"url\":\"https:\/\/secure.gravatar.com\/avatar\/7da6b5985e34ed798d1670c54ce7d20e6a53b800bb0c07945c64b09392f3dbfd?s=96&d=mm&r=g\",\"contentUrl\":\"https:\/\/secure.gravatar.com\/avatar\/7da6b5985e34ed798d1670c54ce7d20e6a53b800bb0c07945c64b09392f3dbfd?s=96&d=mm&r=g\",\"caption\":\"Bozsogi Attila\"},\"sameAs\":[\"http:\/\/www.boszogiattila.hu\"],\"url\":\"https:\/\/bozsogiattila.hu\/?author=3\"}]}<\/script>\n<!-- \/ Yoast SEO plugin. -->","yoast_head_json":{"title":"MILYEN IS VOLT 1944-BEN MAK\u00d3N A H\u00c1BOR\u00da KIMENETELE? - Bozsogi Attila","robots":{"index":"index","follow":"follow","max-snippet":"max-snippet:-1","max-image-preview":"max-image-preview:large","max-video-preview":"max-video-preview:-1"},"canonical":"https:\/\/bozsogiattila.hu\/?p=1437","og_locale":"hu_HU","og_type":"article","og_title":"MILYEN IS VOLT 1944-BEN MAK\u00d3N A H\u00c1BOR\u00da KIMENETELE? - Bozsogi Attila","og_description":"MILYEN IS VOLT 1944-BEN MAK\u00d3N A H\u00c1BOR\u00da KIMENETELE? A 85 \u00e9ves M\u00e1gori Istv\u00e1n bar\u00e1tom, aki fiatal leventekor\u00fak\u00e9nt \u00e9lte \u00e1t a mak\u00f3i harcokat, megosztotta velem egy \u00e9letre sz\u00f3l\u00f3 sz\u00f6rny\u0171 esem\u00e9nyeknek eml\u00e9keit, melyek az akkor mintegy 40 ezer f\u0151t sz\u00e1ml\u00e1l\u00f3 v\u00e1rosunkban foly\u00f3 harcok \u00e1ldozatair\u00f3l, \u00e9s a retteg\u0151 v\u00e1roslak\u00f3kr\u00f3l sz\u00f3lnak. Id\u00e9zem az eml\u00e9kez\u00e9st: \u201eCsepk\u00f3 Berci bar\u00e1tommal a mai ... Olvass tov\u00e1bb","og_url":"https:\/\/bozsogiattila.hu\/?p=1437","og_site_name":"Bozsogi Attila","article_published_time":"2012-03-29T14:19:00+00:00","article_modified_time":"2024-01-14T14:20:08+00:00","author":"Bozsogi Attila","twitter_card":"summary_large_image","twitter_misc":{"Szerz\u0151:":"Bozsogi Attila","Becs\u00fclt olvas\u00e1si id\u0151":"13 perc"},"schema":{"@context":"https:\/\/schema.org","@graph":[{"@type":"WebPage","@id":"https:\/\/bozsogiattila.hu\/?p=1437","url":"https:\/\/bozsogiattila.hu\/?p=1437","name":"MILYEN IS VOLT 1944-BEN MAK\u00d3N A H\u00c1BOR\u00da KIMENETELE? - Bozsogi Attila","isPartOf":{"@id":"https:\/\/bozsogiattila.hu\/#website"},"datePublished":"2012-03-29T14:19:00+00:00","dateModified":"2024-01-14T14:20:08+00:00","author":{"@id":"https:\/\/bozsogiattila.hu\/#\/schema\/person\/488c99f554a8c4039201260dd5eb795e"},"breadcrumb":{"@id":"https:\/\/bozsogiattila.hu\/?p=1437#breadcrumb"},"inLanguage":"hu","potentialAction":[{"@type":"ReadAction","target":["https:\/\/bozsogiattila.hu\/?p=1437"]}]},{"@type":"BreadcrumbList","@id":"https:\/\/bozsogiattila.hu\/?p=1437#breadcrumb","itemListElement":[{"@type":"ListItem","position":1,"name":"Kezd\u0151lap","item":"https:\/\/bozsogiattila.hu\/"},{"@type":"ListItem","position":2,"name":"MILYEN IS VOLT 1944-BEN MAK\u00d3N A H\u00c1BOR\u00da KIMENETELE?"}]},{"@type":"WebSite","@id":"https:\/\/bozsogiattila.hu\/#website","url":"https:\/\/bozsogiattila.hu\/","name":"Bozsogi Attila","description":"a zen\u00e9sz, \u00edr\u00f3 munk\u00e1ss\u00e1g\u00e1nak \u00e9s a mak\u00f3i muzsikusok eml\u00e9k\u00e9t \u0151rz\u0151 oldal","potentialAction":[{"@type":"SearchAction","target":{"@type":"EntryPoint","urlTemplate":"https:\/\/bozsogiattila.hu\/?s={search_term_string}"},"query-input":"required name=search_term_string"}],"inLanguage":"hu"},{"@type":"Person","@id":"https:\/\/bozsogiattila.hu\/#\/schema\/person\/488c99f554a8c4039201260dd5eb795e","name":"Bozsogi Attila","image":{"@type":"ImageObject","inLanguage":"hu","@id":"https:\/\/bozsogiattila.hu\/#\/schema\/person\/image\/","url":"https:\/\/secure.gravatar.com\/avatar\/7da6b5985e34ed798d1670c54ce7d20e6a53b800bb0c07945c64b09392f3dbfd?s=96&d=mm&r=g","contentUrl":"https:\/\/secure.gravatar.com\/avatar\/7da6b5985e34ed798d1670c54ce7d20e6a53b800bb0c07945c64b09392f3dbfd?s=96&d=mm&r=g","caption":"Bozsogi Attila"},"sameAs":["http:\/\/www.boszogiattila.hu"],"url":"https:\/\/bozsogiattila.hu\/?author=3"}]}},"jetpack_featured_media_url":"","_links":{"self":[{"href":"https:\/\/bozsogiattila.hu\/index.php?rest_route=\/wp\/v2\/posts\/1437","targetHints":{"allow":["GET"]}}],"collection":[{"href":"https:\/\/bozsogiattila.hu\/index.php?rest_route=\/wp\/v2\/posts"}],"about":[{"href":"https:\/\/bozsogiattila.hu\/index.php?rest_route=\/wp\/v2\/types\/post"}],"author":[{"embeddable":true,"href":"https:\/\/bozsogiattila.hu\/index.php?rest_route=\/wp\/v2\/users\/3"}],"replies":[{"embeddable":true,"href":"https:\/\/bozsogiattila.hu\/index.php?rest_route=%2Fwp%2Fv2%2Fcomments&post=1437"}],"version-history":[{"count":1,"href":"https:\/\/bozsogiattila.hu\/index.php?rest_route=\/wp\/v2\/posts\/1437\/revisions"}],"predecessor-version":[{"id":1438,"href":"https:\/\/bozsogiattila.hu\/index.php?rest_route=\/wp\/v2\/posts\/1437\/revisions\/1438"}],"wp:attachment":[{"href":"https:\/\/bozsogiattila.hu\/index.php?rest_route=%2Fwp%2Fv2%2Fmedia&parent=1437"}],"wp:term":[{"taxonomy":"category","embeddable":true,"href":"https:\/\/bozsogiattila.hu\/index.php?rest_route=%2Fwp%2Fv2%2Fcategories&post=1437"},{"taxonomy":"post_tag","embeddable":true,"href":"https:\/\/bozsogiattila.hu\/index.php?rest_route=%2Fwp%2Fv2%2Ftags&post=1437"}],"curies":[{"name":"wp","href":"https:\/\/api.w.org\/{rel}","templated":true}]}}