{"id":1440,"date":"2024-01-14T14:21:04","date_gmt":"2024-01-14T14:21:04","guid":{"rendered":"https:\/\/bozsogiattila.hu\/?p=1440"},"modified":"2024-01-14T14:21:05","modified_gmt":"2024-01-14T14:21:05","slug":"a-makoi-zsidok","status":"publish","type":"post","link":"https:\/\/bozsogiattila.hu\/?p=1440","title":{"rendered":"A MAK\u00d3I ZSID\u00d3K"},"content":{"rendered":"\n<p class=\"wp-block-paragraph\">A MAK\u00d3I ZSID\u00d3K<\/p>\n\n\n\n<p class=\"wp-block-paragraph\">A II. Vil\u00e1gh\u00e1bor\u00fa borzalmaihoz tartozott a mak\u00f3i zsid\u00f3s\u00e1g embertelen k\u00f6r\u00fclm\u00e9nyeihez juttat\u00e1sa, \u00e9s emberi m\u00e9lt\u00f3s\u00e1gukt\u00f3l val\u00f3 megfoszt\u00e1sa, majd sokak meggyilkol\u00e1sa.<br>Kis gyermekkoromt\u00f3l fogva kapcsolatban \u00e1lltam a zsid\u00f3 csal\u00e1dokkal, \u00e9s azok gyermekeivel.<br>A zsid\u00f3iskol\u00e1k felsz\u00e1mol\u00e1sa ut\u00e1n, az \u00c1ltal\u00e1nos Iskola fels\u0151 oszt\u00e1lyaiban a k\u00f6vetkez\u0151 zsid\u00f3 oszt\u00e1lyt\u00e1rsaim voltak:<br>Kr\u00f6mer Robert, Gomb\u00f3 Man\u00f3, Arsch Arnold, Guttmann Ott\u00f3, Geigner Vera, Rorzemberg Judit, Tettembaum M\u00f3r. A felsorolt zsid\u00f3 oszt\u00e1lyt\u00e1rsaink t\u00f6k\u00e9letesen beilleszkedtek az oszt\u00e1ly, \u00e9s az iskola k\u00f6z\u00f6ss\u00e9g\u00e9be, \u00e9s egyenrang\u00fa kapcsolat alakult ki vel\u00fck.<br>Az \u00c1ltal\u00e1nos Iskola elv\u00e9gz\u00e9se ut\u00e1n sz\u00fcleikkel kiv\u00e1ndoroltak Mak\u00f3r\u00f3l, \u00e9s az\u00f3ta semmit sem tudok r\u00f3luk.<\/p>\n\n\n\n<p class=\"wp-block-paragraph\">Mak\u00f3n k\u00f6zel hatezer zsid\u00f3 \u00e9lt a negyvenes \u00e9vekben.<br>Staniszlavich Mikl\u00f3s Mak\u00f3 (Csan\u00e1di) p\u00fcsp\u00f6k f\u00f6ldesura 1743 k\u00f6r\u00fcl telep\u00edtette le az els\u0151 zsid\u00f3 csal\u00e1dokat a v\u00e1ros k\u00f6zpontj\u00e1ban l\u00e9v\u0151 Nagy-zsid\u00f3, (De\u00e1k Ferenc) \u00e9s Kis-zsid\u00f3 (E\u00f6tv\u00f6s) utc\u00e1kban<br>1920-ban 2380f\u0151 \u00e9lt a v\u00e1rosban.<br>Felekezeti hovatartoz\u00e1suk \u00e9rtelm\u00e9ben: neol\u00f3g, ortodox, chszid tagolts\u00e1g alakult ki k\u00f6z\u00f6tt\u00fck.<br>Ekkor adott a P\u00fcsp\u00f6k enged\u00e9lyt a g\u00f6r\u00f6g katolikus rut\u00e9nok leteleped\u00e9s\u00e9re is.<br>1747-ben 224 z\u00f6mmel ruszin (rut\u00e9n) csal\u00e1d 150 zsell\u00e9rh\u00e1zban lakott.<br>A helybeliek oroszoknak nevezt\u00e9k \u0151ket, ennek k\u00f6vetkezt\u00e9ben a G\u00f6r\u00f6g Katolikus Temet\u0151t m\u00e9g ma is sokan orosz temet\u0151nek nevezik.<\/p>\n\n\n\n<p class=\"wp-block-paragraph\">Zsinag\u00f3g\u00e1k: Az E\u00f6tv\u00f6s utcai Ortodox templom 1895-ben \u00e9p\u00fclt.<br>A f\u00e9rfiak imaterm\u00e9t\u0151l far\u00e1ccsal elv\u00e1lasztott k\u00e9tszintes n\u0151i karzat v\u00e1lasztja el a f\u00e9rfiakat, \u00e9s n\u0151ket.<br>Az udvarban ritu\u00e1lis f\u00fcrd\u0151 kapott helyet.<br>Szint\u00e9n az udvaron van a holokauszt \u00e1ldozatainak eml\u00e9khelye.<\/p>\n\n\n\n<p class=\"wp-block-paragraph\">Neol\u00f3g zsinag\u00f3ga m\u00f3r-szecesszi\u00f3s st\u00edlusban \u00e9p\u00fclt 1911-14 \u00e9vekben, Bauhom Lip\u00f3t terve alapj\u00e1n. 1965-ben lebontott\u00e1k. MSZMP sz\u00e9kh\u00e1z \u00e9p\u00fclt a hely\u00e9re.<br>Sutuk\u00f6zi chszid templom, mely szint\u00e9n lebont\u00e1sra ker\u00fclt.<\/p>\n\n\n\n<p class=\"wp-block-paragraph\">Temet\u0151k: 1740-1810-ig a Kossuth &#8211; S\u00edrkert utcasarkon l\u00e9v\u0151 lez\u00e1rt kegyhely, ahol a s\u00edrk\u00f6vek \u00e1ltal\u00e1ban, homokk\u0151b\u0151l k\u00e9sz\u00fcltek.<\/p>\n\n\n\n<p class=\"wp-block-paragraph\">H\u00e1rsfa utcai temet\u0151t 1810-1856-ban l\u00e9tes\u00edtett\u00e9k, h\u00e1romhekt\u00e1ros ter\u00fcleten.<br>Ma egyetlen eml\u00e9km\u0171 l\u00e9tezik, a t\u00f6bbit ellopt\u00e1k, elhordt\u00e1k.<br>J\u00e1ngori temet\u0151t 1856-ban hozt\u00e1k l\u00e9tre Mak\u00f3t\u00f3l h\u00e1rom kilom\u00e9terre.<br>A bej\u00e1rattal szemben a m\u00e1rt\u00edrhal\u00e1lt halt f\u0151rabbi c\u00e1ddik\u00e9nt tisztelt: Mose Vorhandnak (1880-1944) s\u00edrja l\u00e1that\u00f3.<br>A h\u00e1bor\u00fa ut\u00e1n zar\u00e1ndokhelly\u00e9 v\u00e1lt. 2002-ben fel\u00faj\u00edtott\u00e1k a s\u00edreml\u00e9ket.<\/p>\n\n\n\n<ol class=\"wp-block-list\" start=\"1944\">\n<li>m\u00e1rcius 19-\u00e9n a n\u00e9met megsz\u00e1ll\u00e1st k\u00f6vet\u0151en a magyar hat\u00f3s\u00e1gok a zsid\u00f3t\u00f6rv\u00e9nyn\u00e9l is, s\u00falyosabb korl\u00e1tokat l\u00e9ptettek \u00e9letbe.<br>Mak\u00f3n B\u00e9csy Bertalan polg\u00e1rmester saj\u00e1t hat\u00e1sk\u00f6r\u00e9ben szab\u00e1lyozta a zsid\u00f3 tisztvisel\u0151k, \u00e9s az \u00fcgyfelek kapcsolat\u00e1t, valamint kitiltotta a zsid\u00f3kat a Horthy Parkb\u00f3l (Pet\u0151fi Park)<br>K\u00e9s\u0151bb Ferenczy B\u00e9la alisp\u00e1n gett\u00f3t jel\u00f6lt ki a zsid\u00f3k r\u00e9sz\u00e9re.<br>El\u0151sz\u00f6r a Honv\u00e9d v\u00e1rosr\u00e9szben, majd v\u00e9glegesen a belv\u00e1rosban a r\u00e9gi zsid\u00f3 fert\u00e1ly ter\u00fclet\u00e9n.<br>A t\u00f6rt\u00e9nelmi gett\u00f3ban Mak\u00f3r\u00f3l, \u00e9s k\u00f6rny\u00e9k\u00e9r\u0151l 1600 f\u0151t tartottak fogva.<br>A ker\u00edt\u00e9s n\u00e9lk\u00fcli gett\u00f3t, rend\u0151r\u00f6k, \u00e9s csend\u0151r\u00f6k \u0151rizt\u00e9k.<br>1944-ben felsz\u00e1molt\u00e1k ezt a gett\u00f3t, \u00e9s az \u00fajszegedi futballp\u00e1ly\u00e1ra hajtott\u00e1k a fogvatartottakat, ahol s\u00e1trakban sz\u00e1ll\u00e1solt\u00e1k el \u0151ket.<br>Akiknek nem jutott s\u00e1tor, azok a szabad \u00e9g alatt lakhattak.<br>Innen a szegedi t\u00e9glagy\u00e1ri gy\u0171jt\u0151j\u00e9be ker\u00fcltek.<br>Az ide koncentr\u00e1lt 8000 zsid\u00f3t h\u00e1rom szakaszban sz\u00e1ll\u00edtott\u00e1k el.<\/li>\n<\/ol>\n\n\n\n<p class=\"wp-block-paragraph\">Az els\u0151 transzport Auschwitzba ment, ahol a szelekt\u00e1l\u00e1s ut\u00e1n a gyermekeket, \u00e9s az \u00f6regeket azonnal meggyilkolt\u00e1k, a t\u00f6bbieket rabszolgak\u00e9nt dolgoztatt\u00e1k, a t\u00fal\u00e9l\u00e9s\u00fck es\u00e9lytelen volt.<\/p>\n\n\n\n<p class=\"wp-block-paragraph\">A m\u00e1sodik transzport a B\u00e9cshez k\u00f6zeli strasshofi \u00e1tmen\u0151 t\u00e1borba ker\u00fclt, ahonnan az ausztriai fi\u00f3k-t\u00e1borokba vitt\u00e9k \u0151ket. Ezekben a t\u00e1borokban rossz k\u00f6r\u00fclm\u00e9nyek k\u00f6z\u00f6tt dolgoztatt\u00e1k a zsid\u00f3 foglyokat, de volt es\u00e9ly\u00fck a t\u00fal\u00e9l\u00e9sre.<br>A holokauszt idej\u00e9n 1200 mak\u00f3i zsid\u00f3t gyilkoltak meg!<\/p>\n","protected":false},"excerpt":{"rendered":"<p>A MAK\u00d3I ZSID\u00d3K A II. Vil\u00e1gh\u00e1bor\u00fa borzalmaihoz tartozott a mak\u00f3i zsid\u00f3s\u00e1g embertelen k\u00f6r\u00fclm\u00e9nyeihez juttat\u00e1sa, \u00e9s emberi m\u00e9lt\u00f3s\u00e1gukt\u00f3l val\u00f3 megfoszt\u00e1sa, majd sokak meggyilkol\u00e1sa.Kis gyermekkoromt\u00f3l fogva kapcsolatban \u00e1lltam a zsid\u00f3 csal\u00e1dokkal, \u00e9s azok gyermekeivel.A zsid\u00f3iskol\u00e1k felsz\u00e1mol\u00e1sa ut\u00e1n, az \u00c1ltal\u00e1nos Iskola fels\u0151 oszt\u00e1lyaiban a k\u00f6vetkez\u0151 zsid\u00f3 oszt\u00e1lyt\u00e1rsaim voltak:Kr\u00f6mer Robert, Gomb\u00f3 Man\u00f3, Arsch Arnold, Guttmann Ott\u00f3, Geigner Vera, Rorzemberg &#8230; <a title=\"A MAK\u00d3I ZSID\u00d3K\" class=\"read-more\" href=\"https:\/\/bozsogiattila.hu\/?p=1440\" aria-label=\"Tov\u00e1bbiak A MAK\u00d3I ZSID\u00d3K\">Olvass tov\u00e1bb<\/a><\/p>\n","protected":false},"author":3,"featured_media":0,"comment_status":"open","ping_status":"open","sticky":false,"template":"","format":"standard","meta":{"footnotes":""},"categories":[331],"tags":[],"class_list":["post-1440","post","type-post","status-publish","format-standard","hentry","category-emlkeim"],"yoast_head":"<!-- This site is optimized with the Yoast SEO plugin v21.8 - https:\/\/yoast.com\/wordpress\/plugins\/seo\/ -->\n<title>A MAK\u00d3I ZSID\u00d3K - Bozsogi Attila<\/title>\n<meta name=\"robots\" content=\"index, follow, max-snippet:-1, max-image-preview:large, max-video-preview:-1\" \/>\n<link rel=\"canonical\" href=\"https:\/\/bozsogiattila.hu\/?p=1440\" \/>\n<meta property=\"og:locale\" content=\"hu_HU\" \/>\n<meta property=\"og:type\" content=\"article\" \/>\n<meta property=\"og:title\" content=\"A MAK\u00d3I ZSID\u00d3K - Bozsogi Attila\" \/>\n<meta property=\"og:description\" content=\"A MAK\u00d3I ZSID\u00d3K A II. Vil\u00e1gh\u00e1bor\u00fa borzalmaihoz tartozott a mak\u00f3i zsid\u00f3s\u00e1g embertelen k\u00f6r\u00fclm\u00e9nyeihez juttat\u00e1sa, \u00e9s emberi m\u00e9lt\u00f3s\u00e1gukt\u00f3l val\u00f3 megfoszt\u00e1sa, majd sokak meggyilkol\u00e1sa.Kis gyermekkoromt\u00f3l fogva kapcsolatban \u00e1lltam a zsid\u00f3 csal\u00e1dokkal, \u00e9s azok gyermekeivel.A zsid\u00f3iskol\u00e1k felsz\u00e1mol\u00e1sa ut\u00e1n, az \u00c1ltal\u00e1nos Iskola fels\u0151 oszt\u00e1lyaiban a k\u00f6vetkez\u0151 zsid\u00f3 oszt\u00e1lyt\u00e1rsaim voltak:Kr\u00f6mer Robert, Gomb\u00f3 Man\u00f3, Arsch Arnold, Guttmann Ott\u00f3, Geigner Vera, Rorzemberg ... Olvass tov\u00e1bb\" \/>\n<meta property=\"og:url\" content=\"https:\/\/bozsogiattila.hu\/?p=1440\" \/>\n<meta property=\"og:site_name\" content=\"Bozsogi Attila\" \/>\n<meta property=\"article:published_time\" content=\"2024-01-14T14:21:04+00:00\" \/>\n<meta property=\"article:modified_time\" content=\"2024-01-14T14:21:05+00:00\" \/>\n<meta name=\"author\" content=\"Bozsogi Attila\" \/>\n<meta name=\"twitter:card\" content=\"summary_large_image\" \/>\n<meta name=\"twitter:label1\" content=\"Szerz\u0151:\" \/>\n\t<meta name=\"twitter:data1\" content=\"Bozsogi Attila\" \/>\n\t<meta name=\"twitter:label2\" content=\"Becs\u00fclt olvas\u00e1si id\u0151\" \/>\n\t<meta name=\"twitter:data2\" content=\"4 perc\" \/>\n<script type=\"application\/ld+json\" class=\"yoast-schema-graph\">{\"@context\":\"https:\/\/schema.org\",\"@graph\":[{\"@type\":\"WebPage\",\"@id\":\"https:\/\/bozsogiattila.hu\/?p=1440\",\"url\":\"https:\/\/bozsogiattila.hu\/?p=1440\",\"name\":\"A MAK\u00d3I ZSID\u00d3K - Bozsogi Attila\",\"isPartOf\":{\"@id\":\"https:\/\/bozsogiattila.hu\/#website\"},\"datePublished\":\"2024-01-14T14:21:04+00:00\",\"dateModified\":\"2024-01-14T14:21:05+00:00\",\"author\":{\"@id\":\"https:\/\/bozsogiattila.hu\/#\/schema\/person\/488c99f554a8c4039201260dd5eb795e\"},\"breadcrumb\":{\"@id\":\"https:\/\/bozsogiattila.hu\/?p=1440#breadcrumb\"},\"inLanguage\":\"hu\",\"potentialAction\":[{\"@type\":\"ReadAction\",\"target\":[\"https:\/\/bozsogiattila.hu\/?p=1440\"]}]},{\"@type\":\"BreadcrumbList\",\"@id\":\"https:\/\/bozsogiattila.hu\/?p=1440#breadcrumb\",\"itemListElement\":[{\"@type\":\"ListItem\",\"position\":1,\"name\":\"Kezd\u0151lap\",\"item\":\"https:\/\/bozsogiattila.hu\/\"},{\"@type\":\"ListItem\",\"position\":2,\"name\":\"A MAK\u00d3I ZSID\u00d3K\"}]},{\"@type\":\"WebSite\",\"@id\":\"https:\/\/bozsogiattila.hu\/#website\",\"url\":\"https:\/\/bozsogiattila.hu\/\",\"name\":\"Bozsogi Attila\",\"description\":\"a zen\u00e9sz, \u00edr\u00f3 munk\u00e1ss\u00e1g\u00e1nak \u00e9s a mak\u00f3i muzsikusok eml\u00e9k\u00e9t \u0151rz\u0151 oldal\",\"potentialAction\":[{\"@type\":\"SearchAction\",\"target\":{\"@type\":\"EntryPoint\",\"urlTemplate\":\"https:\/\/bozsogiattila.hu\/?s={search_term_string}\"},\"query-input\":\"required name=search_term_string\"}],\"inLanguage\":\"hu\"},{\"@type\":\"Person\",\"@id\":\"https:\/\/bozsogiattila.hu\/#\/schema\/person\/488c99f554a8c4039201260dd5eb795e\",\"name\":\"Bozsogi Attila\",\"image\":{\"@type\":\"ImageObject\",\"inLanguage\":\"hu\",\"@id\":\"https:\/\/bozsogiattila.hu\/#\/schema\/person\/image\/\",\"url\":\"https:\/\/secure.gravatar.com\/avatar\/7da6b5985e34ed798d1670c54ce7d20e6a53b800bb0c07945c64b09392f3dbfd?s=96&d=mm&r=g\",\"contentUrl\":\"https:\/\/secure.gravatar.com\/avatar\/7da6b5985e34ed798d1670c54ce7d20e6a53b800bb0c07945c64b09392f3dbfd?s=96&d=mm&r=g\",\"caption\":\"Bozsogi Attila\"},\"sameAs\":[\"http:\/\/www.boszogiattila.hu\"],\"url\":\"https:\/\/bozsogiattila.hu\/?author=3\"}]}<\/script>\n<!-- \/ Yoast SEO plugin. -->","yoast_head_json":{"title":"A MAK\u00d3I ZSID\u00d3K - Bozsogi Attila","robots":{"index":"index","follow":"follow","max-snippet":"max-snippet:-1","max-image-preview":"max-image-preview:large","max-video-preview":"max-video-preview:-1"},"canonical":"https:\/\/bozsogiattila.hu\/?p=1440","og_locale":"hu_HU","og_type":"article","og_title":"A MAK\u00d3I ZSID\u00d3K - Bozsogi Attila","og_description":"A MAK\u00d3I ZSID\u00d3K A II. Vil\u00e1gh\u00e1bor\u00fa borzalmaihoz tartozott a mak\u00f3i zsid\u00f3s\u00e1g embertelen k\u00f6r\u00fclm\u00e9nyeihez juttat\u00e1sa, \u00e9s emberi m\u00e9lt\u00f3s\u00e1gukt\u00f3l val\u00f3 megfoszt\u00e1sa, majd sokak meggyilkol\u00e1sa.Kis gyermekkoromt\u00f3l fogva kapcsolatban \u00e1lltam a zsid\u00f3 csal\u00e1dokkal, \u00e9s azok gyermekeivel.A zsid\u00f3iskol\u00e1k felsz\u00e1mol\u00e1sa ut\u00e1n, az \u00c1ltal\u00e1nos Iskola fels\u0151 oszt\u00e1lyaiban a k\u00f6vetkez\u0151 zsid\u00f3 oszt\u00e1lyt\u00e1rsaim voltak:Kr\u00f6mer Robert, Gomb\u00f3 Man\u00f3, Arsch Arnold, Guttmann Ott\u00f3, Geigner Vera, Rorzemberg ... Olvass tov\u00e1bb","og_url":"https:\/\/bozsogiattila.hu\/?p=1440","og_site_name":"Bozsogi Attila","article_published_time":"2024-01-14T14:21:04+00:00","article_modified_time":"2024-01-14T14:21:05+00:00","author":"Bozsogi Attila","twitter_card":"summary_large_image","twitter_misc":{"Szerz\u0151:":"Bozsogi Attila","Becs\u00fclt olvas\u00e1si id\u0151":"4 perc"},"schema":{"@context":"https:\/\/schema.org","@graph":[{"@type":"WebPage","@id":"https:\/\/bozsogiattila.hu\/?p=1440","url":"https:\/\/bozsogiattila.hu\/?p=1440","name":"A MAK\u00d3I ZSID\u00d3K - Bozsogi Attila","isPartOf":{"@id":"https:\/\/bozsogiattila.hu\/#website"},"datePublished":"2024-01-14T14:21:04+00:00","dateModified":"2024-01-14T14:21:05+00:00","author":{"@id":"https:\/\/bozsogiattila.hu\/#\/schema\/person\/488c99f554a8c4039201260dd5eb795e"},"breadcrumb":{"@id":"https:\/\/bozsogiattila.hu\/?p=1440#breadcrumb"},"inLanguage":"hu","potentialAction":[{"@type":"ReadAction","target":["https:\/\/bozsogiattila.hu\/?p=1440"]}]},{"@type":"BreadcrumbList","@id":"https:\/\/bozsogiattila.hu\/?p=1440#breadcrumb","itemListElement":[{"@type":"ListItem","position":1,"name":"Kezd\u0151lap","item":"https:\/\/bozsogiattila.hu\/"},{"@type":"ListItem","position":2,"name":"A MAK\u00d3I ZSID\u00d3K"}]},{"@type":"WebSite","@id":"https:\/\/bozsogiattila.hu\/#website","url":"https:\/\/bozsogiattila.hu\/","name":"Bozsogi Attila","description":"a zen\u00e9sz, \u00edr\u00f3 munk\u00e1ss\u00e1g\u00e1nak \u00e9s a mak\u00f3i muzsikusok eml\u00e9k\u00e9t \u0151rz\u0151 oldal","potentialAction":[{"@type":"SearchAction","target":{"@type":"EntryPoint","urlTemplate":"https:\/\/bozsogiattila.hu\/?s={search_term_string}"},"query-input":"required name=search_term_string"}],"inLanguage":"hu"},{"@type":"Person","@id":"https:\/\/bozsogiattila.hu\/#\/schema\/person\/488c99f554a8c4039201260dd5eb795e","name":"Bozsogi Attila","image":{"@type":"ImageObject","inLanguage":"hu","@id":"https:\/\/bozsogiattila.hu\/#\/schema\/person\/image\/","url":"https:\/\/secure.gravatar.com\/avatar\/7da6b5985e34ed798d1670c54ce7d20e6a53b800bb0c07945c64b09392f3dbfd?s=96&d=mm&r=g","contentUrl":"https:\/\/secure.gravatar.com\/avatar\/7da6b5985e34ed798d1670c54ce7d20e6a53b800bb0c07945c64b09392f3dbfd?s=96&d=mm&r=g","caption":"Bozsogi Attila"},"sameAs":["http:\/\/www.boszogiattila.hu"],"url":"https:\/\/bozsogiattila.hu\/?author=3"}]}},"jetpack_featured_media_url":"","_links":{"self":[{"href":"https:\/\/bozsogiattila.hu\/index.php?rest_route=\/wp\/v2\/posts\/1440","targetHints":{"allow":["GET"]}}],"collection":[{"href":"https:\/\/bozsogiattila.hu\/index.php?rest_route=\/wp\/v2\/posts"}],"about":[{"href":"https:\/\/bozsogiattila.hu\/index.php?rest_route=\/wp\/v2\/types\/post"}],"author":[{"embeddable":true,"href":"https:\/\/bozsogiattila.hu\/index.php?rest_route=\/wp\/v2\/users\/3"}],"replies":[{"embeddable":true,"href":"https:\/\/bozsogiattila.hu\/index.php?rest_route=%2Fwp%2Fv2%2Fcomments&post=1440"}],"version-history":[{"count":1,"href":"https:\/\/bozsogiattila.hu\/index.php?rest_route=\/wp\/v2\/posts\/1440\/revisions"}],"predecessor-version":[{"id":1441,"href":"https:\/\/bozsogiattila.hu\/index.php?rest_route=\/wp\/v2\/posts\/1440\/revisions\/1441"}],"wp:attachment":[{"href":"https:\/\/bozsogiattila.hu\/index.php?rest_route=%2Fwp%2Fv2%2Fmedia&parent=1440"}],"wp:term":[{"taxonomy":"category","embeddable":true,"href":"https:\/\/bozsogiattila.hu\/index.php?rest_route=%2Fwp%2Fv2%2Fcategories&post=1440"},{"taxonomy":"post_tag","embeddable":true,"href":"https:\/\/bozsogiattila.hu\/index.php?rest_route=%2Fwp%2Fv2%2Ftags&post=1440"}],"curies":[{"name":"wp","href":"https:\/\/api.w.org\/{rel}","templated":true}]}}