{"id":1448,"date":"2024-01-14T14:24:55","date_gmt":"2024-01-14T14:24:55","guid":{"rendered":"https:\/\/bozsogiattila.hu\/?p=1448"},"modified":"2024-01-14T14:24:56","modified_gmt":"2024-01-14T14:24:56","slug":"rakosi-matyas-kora","status":"publish","type":"post","link":"https:\/\/bozsogiattila.hu\/?p=1448","title":{"rendered":"R\u00c1KOSI M\u00c1TY\u00c1S KORA"},"content":{"rendered":"\n<p class=\"wp-block-paragraph\">R\u00c1KOSI M\u00c1TY\u00c1S KORA<\/p>\n\n\n\n<p class=\"wp-block-paragraph\">A II. Vil\u00e1gh\u00e1bor\u00fa befejez\u00e9se ut\u00e1n a R\u00e1kosi rendszer k\u00f6vetkezett, mely id\u0151szak eg\u00e9sz iskol\u00e1skori \u00e9letemre r\u00e1nyomta a b\u00e9lyeg\u00e9t. A szem\u00e9lyi kultusz hat\u00e1s\u00e1ra a magyar emberek sokas\u00e1ga ellen pert ind\u00edtottak, vagyonukt\u00f3l megfosztott\u00e1k, sokakat kiv\u00e9geztek, b\u00f6rt\u00f6nbe z\u00e1rtak jogtalanul.<br>Jellemz\u0151ek voltak a radik\u00e1lis perek, vallat\u00e1sok, megal\u00e1z\u00e1sok, k\u00ednz\u00e1sok.<br>Budapesten jelenleg is meg lehet tekinteni a Terror H\u00e1zat, ahol a legbrut\u00e1lisabb k\u00ednz\u00e1sokkal t\u00f6rt\u00e9ntek a vallat\u00e1sok, nagyon sok esetben \u00e1rtatlan embereket k\u00ednoztak hal\u00e1lra. A k\u00ednz\u00f3eszk\u00f6z\u00f6k, ki\u00e1ll\u00edt\u00e1sa tan\u00faskodik a let\u0171nt kor t\u00falkap\u00e1sair\u00f3l.<br>Kialakult az \u00f6nk\u00e9nyuralom, melyet a szt\u00e1lini kor magyarorsz\u00e1gi v\u00e9rengz\u00e9s\u00e9nek is lehet tekinteni.<br>E sajn\u00e1latos kornak R\u00e1kosi M\u00e1ty\u00e1s volt a v\u00e9grehajt\u00f3ja, mint a Magyar Kommunista P\u00e1rt, majd a Magyar Dolgoz\u00f3k P\u00e1rtj\u00e1nak f\u0151titk\u00e1ra, minisztereln\u00f6k.<br>Az id\u0151sebbek m\u00e9g eml\u00e9kezhetnek a mak\u00f3i esem\u00e9nyekre: (melyek orsz\u00e1gosak is voltak) Kul\u00e1kperek, \u00e1llamos\u00edt\u00e1s, a paraszts\u00e1g f\u00f6ldtulajdon\u00e1t\u00f3l val\u00f3 megfoszt\u00e1sa, TSZ-ek szervez\u00e9se, mag\u00e1n \u00fczemek felsz\u00e1mol\u00e1sa stb. ak\u00e1r ver\u00e9s \u00e1r\u00e1n is.<\/p>\n\n\n\n<p class=\"wp-block-paragraph\">A t\u00falkap\u00e1sokra k\u00e9t p\u00e9ld\u00e1t eml\u00edten\u00e9k meg, mely csal\u00e1dunkat is s\u00fajtotta: Any\u00e1m \u00fczlet\u00e9t bez\u00e1rt\u00e1k, elvett\u00e9k, \u00e9s felker\u00fclt a kul\u00e1klist\u00e1ra, holott szeg\u00e9ny sorb\u00f3l torn\u00e1zta fel mag\u00e1t od\u00e1ig, hogy sok munka \u00e1r\u00e1n az \u00e1tlagn\u00e1l valamivel jobb k\u00f6r\u00fclm\u00e9nyeket tudott biztos\u00edtani a csal\u00e1dnak, \u00e9s a n\u00e1la dolgoz\u00f3 szeg\u00e9nyeknek.<br>Tat\u00e1m, mint post\u00e1s az \u00e9vek sor\u00e1n az \u00f6sszekuporgatott kev\u00e9ske j\u00f6vedelm\u00fckb\u0151l v\u00e1s\u00e1rolt k\u00e9t hold f\u00f6ldet, hogy \u00f6reg napjaikra legyen meg\u00e9lhet\u00e9s\u00fckh\u00f6z egy kis seg\u00edts\u00e9g.<br>Elkobozt\u00e1k, minden k\u00e1rt\u00e9r\u00edt\u00e9s n\u00e9lk\u00fcl.<\/p>\n\n\n\n<p class=\"wp-block-paragraph\">Kul\u00e1knak ki\u00e1ltott\u00e1k ki m\u00e1r az \u00f6t, t\u00edz hold f\u00f6lddel rendelkez\u0151 egyszer\u0171 parasztembereket is.<br>A legt\u00f6bbj\u00fcket szinte teljes vagyonelkobz\u00e1sra \u00edt\u00e9lt\u00e9k. Kocsij\u00e1t\u00f3l, lovaikt\u00f3l, f\u00f6ldm\u0171vel\u0151 g\u00e9peikt\u0151l megfosztott\u00e1k.<\/p>\n\n\n\n<p class=\"wp-block-paragraph\">\u00c9retts\u00e9gi ut\u00e1n h\u00e1rom napig voltam a mak\u00f3i tan\u00e1cs ad\u00f3csoportj\u00e1nak v\u00e9grehajt\u00f3ja. Mint \u00faj dolgoz\u00f3t beosztottak egy r\u00e9gi h\u00f6lgymunkat\u00e1rsuk mell\u00e9, betanul\u00e1s c\u00e9lj\u00e1b\u00f3l.<br>Egyetlen foglal\u00e1son vettem r\u00e9szt: Egy kul\u00e1knak nyilv\u00e1n\u00edtott id\u0151s h\u00e1zasp\u00e1rhoz ment\u00fcnk ki foglalni, mivel nem tudt\u00e1k az ad\u00f3jukat befizetni. Miut\u00e1n beengedtek lak\u00e1sukba elszomor\u00edt\u00f3 l\u00e1tv\u00e1ny t\u00e1rult a szemem el\u00e9. A kis paraszth\u00e1zban, az utcai szob\u00e1ban volt berendez\u00e9s a t\u00f6bbi teljesen \u00fcresen \u00e1llt. Az utcai szoba berendez\u00e9se: egy asztal, k\u00e9t sz\u00e9k, k\u00e9t \u00e1gy, egy k\u00e9tajt\u00f3s szekr\u00e9ny \u00e9s egy k\u00e1lyha. A konyh\u00e1ban egy sparhelt, \u00e9s egy polc kev\u00e9ske ed\u00e9nnyel.<\/p>\n\n\n\n<p class=\"wp-block-paragraph\">Miut\u00e1n szemrev\u00e9telezt\u00fck a l\u00e1tottakat, elk\u00f6sz\u00f6nt\u00fcnk \u00e9s t\u00e1voztunk. Az udvaron volt egy g\u00f3r\u00e9, amelyben kb. \u00f6t m\u00e1zsa kukorica volt l\u00e1that\u00f3. Miut\u00e1n ki\u00e9rt\u00fcnk az utc\u00e1ra, t\u00e1rsam elk\u00e9sz\u00edtett egy jegyz\u0151k\u00f6nyvet, amelyben lefoglalta az \u00f6tm\u00e1zs\u00e1nyi kukoric\u00e1t, (melyet p\u00e1r nap m\u00falva elsz\u00e1ll\u00edtottak) \u00e9s k\u00e9rte, hogy \u00edrjam al\u00e1. Miut\u00e1n megtagadtam az al\u00e1\u00edr\u00e1st, kijelentettem, hogy ez gazembers\u00e9g, hisz enn\u00e9l nagyobb nyomorban m\u00e1r nem lehet \u00e9lni. Ebb\u0151l a kijelent\u00e9semb\u0151l vita lett k\u00f6z\u00f6tt\u00fcnk, amit azzal z\u00e1rtam, hogy fel\u00fcltem a ker\u00e9kp\u00e1romra otthagyva a t\u00e1rsamat, \u00e9s m\u00e1snap kil\u00e9ptem az ad\u00f3hivatal k\u00f6tel\u00e9kl\u00e9k\u00e9b\u0151l. A jegyz\u0151k\u00f6nyvet egyed\u00fcli al\u00e1\u00edr\u00e1ssal nem lehetett \u00e9rv\u00e9nyes\u00edteni, ez\u00e9rt benn az irod\u00e1ban valaki al\u00e1\u00edrta \u00edgy a rekvir\u00e1l\u00e1s ut\u00e1n megfosztott\u00e1k a k\u00e9t \u00f6reget az utols\u00f3 vagyonukt\u00f3l is. Ezt onnan tudom, hogy p\u00e1r nap m\u00falva visszamentem az \u00f6regekhez, \u00e9s elmes\u00e9ltem a t\u00f6rt\u00e9nteket, miut\u00e1n s\u00edrva mondt\u00e1k, hogy elvitt\u00e9k a kev\u00e9ske kukoric\u00e1jukat is.<\/p>\n\n\n\n<p class=\"wp-block-paragraph\">E nyomor el\u0151id\u00e9z\u0151j\u00e9t, R\u00e1kosi M\u00e1ty\u00e1st \u00e9ltetni, \u00fcnnepelni voltak k\u00f6telesek \u00fcnneps\u00e9gek, \u00f6sszej\u00f6vetelek, politikai el\u0151ad\u00e1sok, felvonul\u00e1sok alkalm\u00e1val.<br>Mint \u00e1ltal\u00e1nos iskol\u00e1sok kitett\u00fcnk magunk\u00e9rt, \u00e9s az iskolai \u00fcnneps\u00e9gen lest\u00fck, hogy mikor hangzik el R\u00e1kosi elvt\u00e1rs neve. Ha ez megt\u00f6rt\u00e9nt olyan sz\u0171nni nem akar\u00f3 \u00e9ljenz\u00e9st, hangork\u00e1nt, tapsot produk\u00e1ltunk, hogy sokszor majdnem botr\u00e1nyba fulladt a rendezv\u00e9ny.<br>A tan\u00e1rok tehetetlenek voltak, mert ha felel\u0151ss\u00e9gre vontak volna benn\u00fcnket, ak\u00e1r komoly elj\u00e1r\u00e1s is indulhatott volna ellen\u00fck.<\/p>\n\n\n\n<p class=\"wp-block-paragraph\">Egy, m\u00e1jus elsejei felvonul\u00e1s alkalm\u00e1val a felvonul\u00f3kat pontozt\u00e1k, \u00e9rt\u00e9kelt\u00e9k.<br>Az iskol\u00e1k k\u00f6z\u00f6tti felvonul\u00e1st nyolcadikos csapatvezet\u0151nk Fedor Attila elm\u00e9s jelmondat\u00e1val nyert\u00fck meg, (Aki k\u00e9s\u0151bb a megyei B\u00edr\u00f3s\u00e1gi Kamara eln\u00f6ke lett) amit a zs\u0171ri el\u0151tt ork\u00e1nszer\u0171en elord\u00edtottuk: \u201eV\u00f6r\u00f6s z\u00e1szl\u00f3 gy\u0151zni fog, Tit\u00f3 pedig l\u00f3gni fog\u201d. Hurr\u00e1! (Ehhez annyit szeretn\u00e9k hozz\u00e1f\u0171zni: Fedor Attila nagysz\u00fcleit, mint kul\u00e1kokat szint\u00e9n kifosztott\u00e1k minden\u00fckb\u0151l)<\/p>\n\n\n\n<p class=\"wp-block-paragraph\">Ugyan ekkor a v\u00e1llalati felvonul\u00e1s gy\u0151ztese egy csasztusk\u00e1nak k\u00f6sz\u00f6nhette az el\u0151kel\u0151 d\u00edjaz\u00e1st.<br>K\u00e9t dolgoz\u00f3juk be\u00f6lt\u00f6z\u00f6tt Tit\u00f3nak, (L\u00e1ncos kutya) \u00e9s Frank\u00f3nak, majd el\u00e9nekelt\u00e9k a zs\u0171ri el\u0151tt: \u201e\u00c9n vagyok a Tit\u00f3 marsall, te pedig a Frank\u00f3, Eur\u00f3p\u00e1ban nincsen m\u00e9g k\u00e9t ilyen fajank\u00f3\u201d.<br>Ezt k\u00f6vette a csoport ov\u00e1ci\u00f3ja.<\/p>\n\n\n\n<p class=\"wp-block-paragraph\">Ehhez hasonl\u00f3 \u00fcnnepl\u00e9sbe kellett r\u00e9szes\u00edteni a nagy dikt\u00e1tort, aki nyomorba d\u00f6nt\u00f6tte az orsz\u00e1got, megsz\u00fcntette a mag\u00e1ntulajdont, \u00e9s retteg\u00e9sbe tartotta az emberis\u00e9get.<br>Ki is volt R\u00e1kosi M\u00e1ty\u00e1s?<\/p>\n\n\n\n<p class=\"wp-block-paragraph\">Id\u00e9zet a magyar \u00e9letrajzi lexikonb\u00f3l!<\/p>\n\n\n\n<p class=\"wp-block-paragraph\">R\u00e1kosi (R\u00f3th) M\u00e1ty\u00e1s egy Adai zsid\u00f3 szat\u00f3cs sokadik gyermekek\u00e9nt l\u00e1tta meg a napvil\u00e1got, 1892. m\u00e1rcius 9-\u00e9n. K\u00e9s\u0151bb a Magyar Kommunista P\u00e1rt, majd a Magyar Dolgoz\u00f3k P\u00e1rtj\u00e1nak f\u0151titk\u00e1ra, minisztereln\u00f6k.<br>Elv\u00e9gezte a Keleti Akad\u00e9mi\u00e1t, mely ut\u00e1n tisztvisel\u0151 lett.<br>1910-ben bel\u00e9pett az SZDP-be, tagja lett a Galilei K\u00f6rnek.<br>1912-1914 k\u00f6z\u00f6tt N\u00e9metorsz\u00e1gban, majd Angli\u00e1ban dolgozott.<br>Az els\u0151 Vil\u00e1gh\u00e1bor\u00faban, mint katona, orosz fogs\u00e1gba esett, ahol bekapcsol\u00f3dott a magyar hadifoglyok forradalmi szervezked\u00e9s\u00e9be.<br>1918 m\u00e1jus\u00e1ban t\u00e9rt haza, novemberben csatlakozott a KMP-hez, \u00e9s vid\u00e9ki titk\u00e1ra lett.<\/p>\n\n\n\n<ol class=\"wp-block-list\" start=\"1919\">\n<li>febru\u00e1r 20-\u00e1n a KMP vezet\u0151ivel egy\u00fctt letart\u00f3ztatt\u00e1k.<br>A Tan\u00e1csk\u00f6zt\u00e1rsas\u00e1g idej\u00e9n kereskedelmi n\u00e9pbiztos helyettes (m\u00e1rc. 21 \u2013 \u00e1pr. 3.), majd a szoci\u00e1lis termel\u00e9s n\u00e9pbiztosa. (\u00e1pr.3-t\u00f3l \u2013 j\u00fan. 24-ig)<br>R\u00e9sz vett a V\u00f6r\u00f6s Hadseregnek cseh intervenci\u00f3 harcaiban; a V\u00f6r\u00f6s \u0150rs\u00e9g orsz\u00e1gos parancsnoka (j\u00fal. 3- 31-ig) volt.<br>A Tan\u00e1csk\u00f6zt\u00e1rsas\u00e1g buk\u00e1sa ut\u00e1n Ausztri\u00e1ba emigr\u00e1lt (aug. 1.), ahol intern\u00e1lt\u00e1k, majd kiutas\u00edtott\u00e1k.<br>1920-t\u00f3l a Szovjetuni\u00f3ban a Kommunista Internacion\u00e1l\u00e9 (Komitern) v\u00e9grehajt\u00f3 bizotts\u00e1g\u00e1nak munkat\u00e1rsa, 1921-t\u0151l titk\u00e1ra.<br>A komiter II. kongresszus\u00e1n (Moszkva, 1920. j\u00fal. 23. \u2013aug. 7) s besz\u00e1molt a Tan\u00e1csk\u00f6zt\u00e1rsas\u00e1g tapasztalatair\u00f3l.<br>1924 v\u00e9g\u00e9n Magyarorsz\u00e1gra k\u00fcldt\u00e9k illeg\u00e1lis p\u00e1rtmunk\u00e1ra.<br>A KMP b\u00e9csi I. kongresszusa (1925. aug. 18-25.) a k\u00f6zponti bizotts\u00e1g tagjaiv\u00e1 v\u00e1lasztotta.<\/li>\n\n\n\n<li>szeptemberben letart\u00f3ztatt\u00e1k, el\u0151bb stat\u00e1ri\u00e1lis, majd nemzetk\u00f6zi tiltakoz\u00f3 mozgalom hat\u00e1s\u00e1ra polg\u00e1ri b\u00edr\u00f3s\u00e1g el\u00e9 \u00e1ll\u00edtott\u00e1k, amely 8 \u00e9s f\u00e9l\u00e9vi fegyh\u00e1zra \u00edt\u00e9lte. (1926. aug. 4.)<br>B\u00fcntet\u00e9s\u00e9nek letelte ut\u00e1n (1934. \u00e1pr. 24) nem engedt\u00e9k szabadon, a Tan\u00e1csk\u00f6zt\u00e1rsas\u00e1g idej\u00e9n folytatott n\u00e9pbiztosi tev\u00e9kenys\u00e9g\u00e9\u00e9rt ism\u00e9t b\u00edr\u00f3s\u00e1g el\u00e9 \u00e1ll\u00edtott\u00e1k. (1935. jan. 21.)<br>\u00c9let\u00e9t a nemzetk\u00f6zi tiltakoz\u00f3 mozgalom mentette meg, s \u00e9letfogytiglani fegyh\u00e1zra \u00edt\u00e9lt\u00e9k. (1935. febr. 8.)<br>A szovjet korm\u00e1ny kezdem\u00e9nyez\u00e9s\u00e9re a c\u00e1ri csapatok \u00e1ltal zs\u00e1km\u00e1nyolt 1848-1849-es honv\u00e9d z\u00e1szl\u00f3\u00e9rt cser\u00e9be kiadt\u00e1k a Szovjetuni\u00f3nak. (1940. okt. 31.)<br>1941-44-ben, a Szovjetuni\u00f3ban \u00e9l\u0151 kommunista emigr\u00e1ci\u00f3 vezet\u0151je lett, \u00e9s a magyar hadifoglyok k\u00f6z\u00f6tt foly\u00f3 antifasiszta politikai munk\u00e1t ir\u00e1ny\u00edtotta, \u00e9s szerkesztette a moszkvai Kossuth R\u00e1di\u00f3 ad\u00e1sait.<\/li>\n\n\n\n<li>janu\u00e1rban hazat\u00e9rt \u00e9s a MKP kommunista p\u00e1rt f\u0151titk\u00e1ra lett.<br>A nemzeti f\u0151tan\u00e1cs tagja (1945 nov. 2. \u2013 dec. 7.) minisztereln\u00f6k helyettes \u2013 \u00e1llamtitk\u00e1r.(1945. nov. 15 \u2013 1949. szept. 5.)<br>A minisztereln\u00f6ki teend\u0151ket ideiglenesen ell\u00e1t\u00f3 \u00e1llamminiszter (1946. febr. 1. \u2013 febr.4.)<br>A minisztereln\u00f6ki teend\u0151ket ell\u00e1t\u00f3 minisztereln\u00f6k helyettes (1947. m\u00e1jus 13. \u2013 m\u00e1j. 31.) volt.<br>Az MKP-MSZMP egyes\u00fcl\u00e9se (1948. j\u00fan. 13.) ut\u00e1n az MDP f\u0151titk\u00e1ra, majd 1953. j\u00fan.-t\u00f3l a p\u00e1rt els\u0151 titk\u00e1ra.<br>A minisztertan\u00e1cs eln\u00f6ke (1952. aug. 4. \u2013 1953. j\u00fal. 4.)<br>A n\u00e9pi demokratikus forradalom gy\u0151zelm\u00e9\u00e9rt, a prolet\u00e1rdiktat\u00fara kiv\u00edv\u00e1s\u00e1\u00e9rt, a szocialista \u00e9p\u00edt\u00e9s megkezd\u00e9s\u00e9\u00e9rt foly\u00f3 harc id\u0151szakasz\u00e1ban a p\u00e1rt n\u00e9pszer\u0171 vezet\u0151je volt. A munk\u00e1smozgalom megteremt\u00e9se ut\u00e1n szem\u00e9lye k\u00f6r\u00fcl kultuszt alak\u00edtott ki, s\u00falyos politikai hib\u00e1kat k\u00f6vetett el. Szekt\u00e1s ir\u00e1nyvonala a politik\u00e1ban, dogmatikus \u00e1ll\u00e1sfoglal\u00e1sai az ideol\u00f3gi\u00e1ban, gazdas\u00e1gpolitikai voluntarizmusa katasztrof\u00e1lis k\u00e1rokat okoztak, megrontott\u00e1k a p\u00e1rt \u00e9s a t\u00f6megek kapcsolat\u00e1t. D\u00f6nt\u0151 felel\u0151ss\u00e9g terheli a t\u00f6rv\u00e9nys\u00e9rt\u0151 perek\u00e9rt, amelyeket kezdem\u00e9nyezett, \u00e9s amelyeknek \u00e1rtatlan emberek t\u00f6megei, k\u00f6zt\u00fck a munk\u00e1smozgalom harcosai sorra estek \u00e1ldozatul, \u00e1rtatlanul. A szocialista \u00e9p\u00edt\u00e9ssor\u00e1n elk\u00f6vetett hib\u00e1it az MDP K\u00f6zponti Vezet\u0151s\u00e9g\u00e9nek 1953. j\u00fan. 27-28-i \u00fcl\u00e9se b\u00edr\u00e1lta meg. A jobboldali elhajl\u00e1s elleni harcra val\u00f3 hivatkoz\u00e1ssal megk\u00eds\u00e9relte a szekt\u00e1s-dogmatikus politika vissza\u00e1ll\u00edt\u00e1s\u00e1t. (1955. m\u00e1rc.)<br>Mivel g\u00e1tolta a t\u00f6rv\u00e9nys\u00e9rt\u0151 b\u00edr\u00f3s\u00e1gi elj\u00e1r\u00e1sok fel\u00fclvizsg\u00e1lat\u00e1t, igazolni igyekezett kor\u00e1bbi hib\u00e1s cselekedeteit, \u00fatj\u00e1t \u00e1llta a szekt\u00e1s-dogmatikus politikai k\u00f6vetkezm\u00e9nyei felsz\u00e1mol\u00e1s\u00e1nak, az MDP K\u00f6zponti Vezet\u0151s\u00e9g\u00e9nek 1956. j\u00fal. 1-2-i \u00fcl\u00e9se lev\u00e1ltotta els\u0151 titk\u00e1ri tiszts\u00e9g\u00e9b\u0151l, \u00e9s kiz\u00e1rta a Politikai Bizotts\u00e1gb\u00f3l.<\/li>\n\n\n\n<li>j\u00fal.-t\u00f3l hal\u00e1l\u00e1ig a Szovjetuni\u00f3ban \u00e9lt.<br>A forradalom ut\u00e1n p\u00e1rttags\u00e1gi jogait felf\u00fcggesztett\u00e9k.<br>Az MSZMP K\u00f6zponti Bizotts\u00e1g\u00e1nak 1962. aug. 14-16-i \u00fcl\u00e9se tev\u00e9kenys\u00e9g\u00e9nek, magatart\u00e1s\u00e1nak m\u00e9lyrehat\u00f3 b\u00edr\u00e1lata alapj\u00e1n kiz\u00e1rta a p\u00e1rt tagjai sor\u00e1b\u00f3l.<\/li>\n<\/ol>\n\n\n\n<p class=\"wp-block-paragraph\">R\u00e1kosi M\u00e1ty\u00e1s 1971. febru\u00e1r 5-\u00e9n halt meg hosszantart\u00f3 s\u00falyos betegs\u00e9gben a Szovjetuni\u00f3 moszkvai Gorkij k\u00f3rh\u00e1z\u00e1ban. Hamvait a Farkasr\u00e9ti temet\u0151ben helyezt\u00e9k \u00f6r\u00f6k nyugalomra.<br>Feles\u00e9ge a Jakut sz\u00e1rmaz\u00e1s\u00fa szovjet \u00e1llampolg\u00e1r Fenya Kornyilova Moszkv\u00e1ban maradt, \u00e9s ott is halt meg.<\/p>\n","protected":false},"excerpt":{"rendered":"<p>R\u00c1KOSI M\u00c1TY\u00c1S KORA A II. Vil\u00e1gh\u00e1bor\u00fa befejez\u00e9se ut\u00e1n a R\u00e1kosi rendszer k\u00f6vetkezett, mely id\u0151szak eg\u00e9sz iskol\u00e1skori \u00e9letemre r\u00e1nyomta a b\u00e9lyeg\u00e9t. A szem\u00e9lyi kultusz hat\u00e1s\u00e1ra a magyar emberek sokas\u00e1ga ellen pert ind\u00edtottak, vagyonukt\u00f3l megfosztott\u00e1k, sokakat kiv\u00e9geztek, b\u00f6rt\u00f6nbe z\u00e1rtak jogtalanul.Jellemz\u0151ek voltak a radik\u00e1lis perek, vallat\u00e1sok, megal\u00e1z\u00e1sok, k\u00ednz\u00e1sok.Budapesten jelenleg is meg lehet tekinteni a Terror H\u00e1zat, ahol a &#8230; <a title=\"R\u00c1KOSI M\u00c1TY\u00c1S KORA\" class=\"read-more\" href=\"https:\/\/bozsogiattila.hu\/?p=1448\" aria-label=\"Tov\u00e1bbiak R\u00c1KOSI M\u00c1TY\u00c1S KORA\">Olvass tov\u00e1bb<\/a><\/p>\n","protected":false},"author":3,"featured_media":0,"comment_status":"open","ping_status":"open","sticky":false,"template":"","format":"standard","meta":{"footnotes":""},"categories":[331],"tags":[],"class_list":["post-1448","post","type-post","status-publish","format-standard","hentry","category-emlkeim"],"yoast_head":"<!-- This site is optimized with the Yoast SEO plugin v21.8 - https:\/\/yoast.com\/wordpress\/plugins\/seo\/ -->\n<title>R\u00c1KOSI M\u00c1TY\u00c1S KORA - Bozsogi Attila<\/title>\n<meta name=\"robots\" content=\"index, follow, max-snippet:-1, max-image-preview:large, max-video-preview:-1\" \/>\n<link rel=\"canonical\" href=\"https:\/\/bozsogiattila.hu\/?p=1448\" \/>\n<meta property=\"og:locale\" content=\"hu_HU\" \/>\n<meta property=\"og:type\" content=\"article\" \/>\n<meta property=\"og:title\" content=\"R\u00c1KOSI M\u00c1TY\u00c1S KORA - Bozsogi Attila\" \/>\n<meta property=\"og:description\" content=\"R\u00c1KOSI M\u00c1TY\u00c1S KORA A II. Vil\u00e1gh\u00e1bor\u00fa befejez\u00e9se ut\u00e1n a R\u00e1kosi rendszer k\u00f6vetkezett, mely id\u0151szak eg\u00e9sz iskol\u00e1skori \u00e9letemre r\u00e1nyomta a b\u00e9lyeg\u00e9t. A szem\u00e9lyi kultusz hat\u00e1s\u00e1ra a magyar emberek sokas\u00e1ga ellen pert ind\u00edtottak, vagyonukt\u00f3l megfosztott\u00e1k, sokakat kiv\u00e9geztek, b\u00f6rt\u00f6nbe z\u00e1rtak jogtalanul.Jellemz\u0151ek voltak a radik\u00e1lis perek, vallat\u00e1sok, megal\u00e1z\u00e1sok, k\u00ednz\u00e1sok.Budapesten jelenleg is meg lehet tekinteni a Terror H\u00e1zat, ahol a ... Olvass tov\u00e1bb\" \/>\n<meta property=\"og:url\" content=\"https:\/\/bozsogiattila.hu\/?p=1448\" \/>\n<meta property=\"og:site_name\" content=\"Bozsogi Attila\" \/>\n<meta property=\"article:published_time\" content=\"2024-01-14T14:24:55+00:00\" \/>\n<meta property=\"article:modified_time\" content=\"2024-01-14T14:24:56+00:00\" \/>\n<meta name=\"author\" content=\"Bozsogi Attila\" \/>\n<meta name=\"twitter:card\" content=\"summary_large_image\" \/>\n<meta name=\"twitter:label1\" content=\"Szerz\u0151:\" \/>\n\t<meta name=\"twitter:data1\" content=\"Bozsogi Attila\" \/>\n\t<meta name=\"twitter:label2\" content=\"Becs\u00fclt olvas\u00e1si id\u0151\" \/>\n\t<meta name=\"twitter:data2\" content=\"10 perc\" \/>\n<script type=\"application\/ld+json\" class=\"yoast-schema-graph\">{\"@context\":\"https:\/\/schema.org\",\"@graph\":[{\"@type\":\"WebPage\",\"@id\":\"https:\/\/bozsogiattila.hu\/?p=1448\",\"url\":\"https:\/\/bozsogiattila.hu\/?p=1448\",\"name\":\"R\u00c1KOSI M\u00c1TY\u00c1S KORA - Bozsogi Attila\",\"isPartOf\":{\"@id\":\"https:\/\/bozsogiattila.hu\/#website\"},\"datePublished\":\"2024-01-14T14:24:55+00:00\",\"dateModified\":\"2024-01-14T14:24:56+00:00\",\"author\":{\"@id\":\"https:\/\/bozsogiattila.hu\/#\/schema\/person\/488c99f554a8c4039201260dd5eb795e\"},\"breadcrumb\":{\"@id\":\"https:\/\/bozsogiattila.hu\/?p=1448#breadcrumb\"},\"inLanguage\":\"hu\",\"potentialAction\":[{\"@type\":\"ReadAction\",\"target\":[\"https:\/\/bozsogiattila.hu\/?p=1448\"]}]},{\"@type\":\"BreadcrumbList\",\"@id\":\"https:\/\/bozsogiattila.hu\/?p=1448#breadcrumb\",\"itemListElement\":[{\"@type\":\"ListItem\",\"position\":1,\"name\":\"Kezd\u0151lap\",\"item\":\"https:\/\/bozsogiattila.hu\/\"},{\"@type\":\"ListItem\",\"position\":2,\"name\":\"R\u00c1KOSI M\u00c1TY\u00c1S KORA\"}]},{\"@type\":\"WebSite\",\"@id\":\"https:\/\/bozsogiattila.hu\/#website\",\"url\":\"https:\/\/bozsogiattila.hu\/\",\"name\":\"Bozsogi Attila\",\"description\":\"a zen\u00e9sz, \u00edr\u00f3 munk\u00e1ss\u00e1g\u00e1nak \u00e9s a mak\u00f3i muzsikusok eml\u00e9k\u00e9t \u0151rz\u0151 oldal\",\"potentialAction\":[{\"@type\":\"SearchAction\",\"target\":{\"@type\":\"EntryPoint\",\"urlTemplate\":\"https:\/\/bozsogiattila.hu\/?s={search_term_string}\"},\"query-input\":\"required name=search_term_string\"}],\"inLanguage\":\"hu\"},{\"@type\":\"Person\",\"@id\":\"https:\/\/bozsogiattila.hu\/#\/schema\/person\/488c99f554a8c4039201260dd5eb795e\",\"name\":\"Bozsogi Attila\",\"image\":{\"@type\":\"ImageObject\",\"inLanguage\":\"hu\",\"@id\":\"https:\/\/bozsogiattila.hu\/#\/schema\/person\/image\/\",\"url\":\"https:\/\/secure.gravatar.com\/avatar\/7da6b5985e34ed798d1670c54ce7d20e6a53b800bb0c07945c64b09392f3dbfd?s=96&d=mm&r=g\",\"contentUrl\":\"https:\/\/secure.gravatar.com\/avatar\/7da6b5985e34ed798d1670c54ce7d20e6a53b800bb0c07945c64b09392f3dbfd?s=96&d=mm&r=g\",\"caption\":\"Bozsogi Attila\"},\"sameAs\":[\"http:\/\/www.boszogiattila.hu\"],\"url\":\"https:\/\/bozsogiattila.hu\/?author=3\"}]}<\/script>\n<!-- \/ Yoast SEO plugin. -->","yoast_head_json":{"title":"R\u00c1KOSI M\u00c1TY\u00c1S KORA - Bozsogi Attila","robots":{"index":"index","follow":"follow","max-snippet":"max-snippet:-1","max-image-preview":"max-image-preview:large","max-video-preview":"max-video-preview:-1"},"canonical":"https:\/\/bozsogiattila.hu\/?p=1448","og_locale":"hu_HU","og_type":"article","og_title":"R\u00c1KOSI M\u00c1TY\u00c1S KORA - Bozsogi Attila","og_description":"R\u00c1KOSI M\u00c1TY\u00c1S KORA A II. Vil\u00e1gh\u00e1bor\u00fa befejez\u00e9se ut\u00e1n a R\u00e1kosi rendszer k\u00f6vetkezett, mely id\u0151szak eg\u00e9sz iskol\u00e1skori \u00e9letemre r\u00e1nyomta a b\u00e9lyeg\u00e9t. A szem\u00e9lyi kultusz hat\u00e1s\u00e1ra a magyar emberek sokas\u00e1ga ellen pert ind\u00edtottak, vagyonukt\u00f3l megfosztott\u00e1k, sokakat kiv\u00e9geztek, b\u00f6rt\u00f6nbe z\u00e1rtak jogtalanul.Jellemz\u0151ek voltak a radik\u00e1lis perek, vallat\u00e1sok, megal\u00e1z\u00e1sok, k\u00ednz\u00e1sok.Budapesten jelenleg is meg lehet tekinteni a Terror H\u00e1zat, ahol a ... Olvass tov\u00e1bb","og_url":"https:\/\/bozsogiattila.hu\/?p=1448","og_site_name":"Bozsogi Attila","article_published_time":"2024-01-14T14:24:55+00:00","article_modified_time":"2024-01-14T14:24:56+00:00","author":"Bozsogi Attila","twitter_card":"summary_large_image","twitter_misc":{"Szerz\u0151:":"Bozsogi Attila","Becs\u00fclt olvas\u00e1si id\u0151":"10 perc"},"schema":{"@context":"https:\/\/schema.org","@graph":[{"@type":"WebPage","@id":"https:\/\/bozsogiattila.hu\/?p=1448","url":"https:\/\/bozsogiattila.hu\/?p=1448","name":"R\u00c1KOSI M\u00c1TY\u00c1S KORA - Bozsogi Attila","isPartOf":{"@id":"https:\/\/bozsogiattila.hu\/#website"},"datePublished":"2024-01-14T14:24:55+00:00","dateModified":"2024-01-14T14:24:56+00:00","author":{"@id":"https:\/\/bozsogiattila.hu\/#\/schema\/person\/488c99f554a8c4039201260dd5eb795e"},"breadcrumb":{"@id":"https:\/\/bozsogiattila.hu\/?p=1448#breadcrumb"},"inLanguage":"hu","potentialAction":[{"@type":"ReadAction","target":["https:\/\/bozsogiattila.hu\/?p=1448"]}]},{"@type":"BreadcrumbList","@id":"https:\/\/bozsogiattila.hu\/?p=1448#breadcrumb","itemListElement":[{"@type":"ListItem","position":1,"name":"Kezd\u0151lap","item":"https:\/\/bozsogiattila.hu\/"},{"@type":"ListItem","position":2,"name":"R\u00c1KOSI M\u00c1TY\u00c1S KORA"}]},{"@type":"WebSite","@id":"https:\/\/bozsogiattila.hu\/#website","url":"https:\/\/bozsogiattila.hu\/","name":"Bozsogi Attila","description":"a zen\u00e9sz, \u00edr\u00f3 munk\u00e1ss\u00e1g\u00e1nak \u00e9s a mak\u00f3i muzsikusok eml\u00e9k\u00e9t \u0151rz\u0151 oldal","potentialAction":[{"@type":"SearchAction","target":{"@type":"EntryPoint","urlTemplate":"https:\/\/bozsogiattila.hu\/?s={search_term_string}"},"query-input":"required name=search_term_string"}],"inLanguage":"hu"},{"@type":"Person","@id":"https:\/\/bozsogiattila.hu\/#\/schema\/person\/488c99f554a8c4039201260dd5eb795e","name":"Bozsogi Attila","image":{"@type":"ImageObject","inLanguage":"hu","@id":"https:\/\/bozsogiattila.hu\/#\/schema\/person\/image\/","url":"https:\/\/secure.gravatar.com\/avatar\/7da6b5985e34ed798d1670c54ce7d20e6a53b800bb0c07945c64b09392f3dbfd?s=96&d=mm&r=g","contentUrl":"https:\/\/secure.gravatar.com\/avatar\/7da6b5985e34ed798d1670c54ce7d20e6a53b800bb0c07945c64b09392f3dbfd?s=96&d=mm&r=g","caption":"Bozsogi Attila"},"sameAs":["http:\/\/www.boszogiattila.hu"],"url":"https:\/\/bozsogiattila.hu\/?author=3"}]}},"jetpack_featured_media_url":"","_links":{"self":[{"href":"https:\/\/bozsogiattila.hu\/index.php?rest_route=\/wp\/v2\/posts\/1448","targetHints":{"allow":["GET"]}}],"collection":[{"href":"https:\/\/bozsogiattila.hu\/index.php?rest_route=\/wp\/v2\/posts"}],"about":[{"href":"https:\/\/bozsogiattila.hu\/index.php?rest_route=\/wp\/v2\/types\/post"}],"author":[{"embeddable":true,"href":"https:\/\/bozsogiattila.hu\/index.php?rest_route=\/wp\/v2\/users\/3"}],"replies":[{"embeddable":true,"href":"https:\/\/bozsogiattila.hu\/index.php?rest_route=%2Fwp%2Fv2%2Fcomments&post=1448"}],"version-history":[{"count":1,"href":"https:\/\/bozsogiattila.hu\/index.php?rest_route=\/wp\/v2\/posts\/1448\/revisions"}],"predecessor-version":[{"id":1450,"href":"https:\/\/bozsogiattila.hu\/index.php?rest_route=\/wp\/v2\/posts\/1448\/revisions\/1450"}],"wp:attachment":[{"href":"https:\/\/bozsogiattila.hu\/index.php?rest_route=%2Fwp%2Fv2%2Fmedia&parent=1448"}],"wp:term":[{"taxonomy":"category","embeddable":true,"href":"https:\/\/bozsogiattila.hu\/index.php?rest_route=%2Fwp%2Fv2%2Fcategories&post=1448"},{"taxonomy":"post_tag","embeddable":true,"href":"https:\/\/bozsogiattila.hu\/index.php?rest_route=%2Fwp%2Fv2%2Ftags&post=1448"}],"curies":[{"name":"wp","href":"https:\/\/api.w.org\/{rel}","templated":true}]}}