{"id":1451,"date":"2024-01-14T14:25:55","date_gmt":"2024-01-14T14:25:55","guid":{"rendered":"https:\/\/bozsogiattila.hu\/?p=1451"},"modified":"2024-01-14T14:25:55","modified_gmt":"2024-01-14T14:25:55","slug":"ii-vilaghaboru-vege","status":"publish","type":"post","link":"https:\/\/bozsogiattila.hu\/?p=1451","title":{"rendered":"II. VIL\u00c1GH\u00c1BOR\u00da V\u00c9GE"},"content":{"rendered":"\n<p class=\"wp-block-paragraph\">II. VIL\u00c1GH\u00c1BOR\u00da V\u00c9GE<\/p>\n\n\n\n<p class=\"wp-block-paragraph\">Az \u0151szi naps\u00fct\u00e9sben egy d\u00e9lel\u0151tt bel\u00e9pett az \u00fczletbe egy orosz alezredes, aki az Arad-Csan\u00e1di Bank (A k\u00e9s\u0151bbi Keri koll\u00e9gium, a B\u00e9rpalota mellett) hely\u00e9n berendezett Oroszparancsnoks\u00e1g egyik parancsnoka volt.<br>Valamit mondott oroszul, de any\u00e1m nem \u00e9rtette.<br>Ekkor n\u00e9met\u00fcl kezdett besz\u00e9lni, \u00e9s felcsillant a szeme mikor n\u00e9met feleletet kapott.<br>Az \u00fczletek el\u0151tt volt a tejpiac, ahov\u00e1 nagyon sok ember j\u00e1rt, \u00e9s tekintettel arra, hogy ezt csoportosul\u00e1snak tekintett\u00e9k, \u00edgy rendszeresen ellen\u0151rizt\u00e9k az orosz j\u00e1r\u0151r\u00f6k, akik \u0151t f\u0151s csoportokban p\u00e1szt\u00e1zt\u00e1k az el\u00e1rus\u00edt\u00f3 helyet.<br>Id\u0151nk\u00e9nt jelent\u00e9st kellett tenni\u00fck a l\u00e1tottakr\u00f3l.<br>Az ideiglenes parancsnoks\u00e1gra a t\u00e1vols\u00e1g miatt nem mehettek el minden alkalommal, ez\u00e9rt azt k\u00e9rte a tiszt, hogy engedje meg any\u00e1m, hogy ott az egyik sarokban foglaljon helyet, \u00e9s ide bej\u00e1rhasson a jelent\u00e9st ad\u00f3 katona.<br>Any\u00e1mnak felt\u0171nt, hogy nagyon s\u00e1padt, beteges k\u00fclleme volt a tisztnek.<br>Tudok seg\u00edteni valamiben, l\u00e1tom, hogy nem \u00e9rzi j\u00f3l mag\u00e1t, &#8211; mondta?<br>Erre az alezredes elmondta, hogy nem r\u00e9gen megsebes\u00fclt, de nincs semmi baj, lassan gy\u00f3gyul a sebe.<br>Az idegen katona l\u00e1tt\u00e1n, el sem mozdultan any\u00e1m mell\u0151l.<br>Ekkor a tiszt el\u0151vett a t\u00e1rc\u00e1j\u00e1b\u00f3l egy f\u00e9nyk\u00e9pet, melyen egy hozz\u00e1m hasonl\u00f3 kisfi\u00fa volt. Megmutatva any\u00e1mnak hozz\u00e1f\u0171zte, hogy a kisfia, akit vagy fog l\u00e1tni m\u00e9g valaha, vagy sem.<br>Kiss\u00e9 elszomorodott, \u00e9s hossz\u00fa ideig csendben \u00fclt szenvtelen arccal.<br>Id\u0151nk\u00e9nt bej\u00f6tt az \u00fczletbe egy katona, aki katon\u00e1san jelentett valamit oroszul, amit senki sem \u00e9rtett.<br>\u00cdgy volt ez m\u00e1r t\u00f6bb mint egy hete, amikor egy hetipiacos napon, vereked\u00e9s t\u00f6rt ki az el\u00e1rus\u00edt\u00f3k \u00e9s a vev\u0151k k\u00f6z\u00f6tt.<br>Rep\u00fcltek az ed\u00e9nyek, majd cs\u00f6r\u00f6mp\u00f6lve t\u00f6rtek \u00f6ssze.<br>Az alezredes kil\u00e9pett a boltb\u00f3l, pisztoly\u00e1val a leveg\u0151be l\u0151tt, mire pillanatok alatt ott teremtek a j\u00e1r\u0151r\u00f6k. Parancsnokuk valamit mondott nekik, mire leh\u00fazt\u00e1k a kirakat red\u0151nyeit, \u00e9s kordont k\u00e9pezve el\u00e1llt\u00e1k a bej\u00e1rat ajtaj\u00e1t, mik\u00f6zben futva j\u00f6tt az er\u0151s\u00edt\u00e9s, \u00e9s rendet teremtettek a vereked\u0151k k\u00f6z\u00f6tt.<br>A katonatiszt m\u00e9g hetekig ott \u00fclt a m\u00e1r megszokott hely\u00e9n, \u00e9lvezve a k\u00e1lyha meleg\u00e9t.<br>K\u00f6zben bar\u00e1ts\u00e1got k\u00f6t\u00f6tt velem, \u00e9s minden nap valami finom nyal\u00e1nks\u00e1ggal l\u00e1tott el.<br>Mak\u00f3n tal\u00e1n nekem volt a legt\u00f6bb cukork\u00e1m abban az id\u0151ben.<br>Any\u00e1mmal is egyre t\u00f6bbet besz\u00e9lgettek, mikor nem volt vev\u0151 a boltban.<br>Elmondta, hogy Kijevben van a csal\u00e1dja, \u00e9s ha meg\u00e9ri oda fog visszamenni, ahol egy gy\u00e1r f\u0151m\u00e9rn\u00f6ke volt, mint g\u00e9p\u00e9szm\u00e9rn\u00f6k.<br>Egy reggel bej\u00f6tt elk\u00f6sz\u00f6nni, any\u00e1mnak kezet cs\u00f3kolt, nekem megsimogatta a fejemet, meghajolt, \u00e9s elment.<br>Soha t\u00f6bb\u00e9 nem hallottunk r\u00f3la!<br>A boltba j\u00e1r\u00f3 vev\u0151k sok\u00e1ig m\u00e9g \u00e9rdekl\u0151dtek ut\u00e1na.<br>Hozz\u00e1szoktak szimpatikus megjelen\u00e9s\u00e9hez, \u00e9s nem mindennapi j\u00f3 modor\u00e1hoz.<\/p>\n","protected":false},"excerpt":{"rendered":"<p>II. VIL\u00c1GH\u00c1BOR\u00da V\u00c9GE Az \u0151szi naps\u00fct\u00e9sben egy d\u00e9lel\u0151tt bel\u00e9pett az \u00fczletbe egy orosz alezredes, aki az Arad-Csan\u00e1di Bank (A k\u00e9s\u0151bbi Keri koll\u00e9gium, a B\u00e9rpalota mellett) hely\u00e9n berendezett Oroszparancsnoks\u00e1g egyik parancsnoka volt.Valamit mondott oroszul, de any\u00e1m nem \u00e9rtette.Ekkor n\u00e9met\u00fcl kezdett besz\u00e9lni, \u00e9s felcsillant a szeme mikor n\u00e9met feleletet kapott.Az \u00fczletek el\u0151tt volt a tejpiac, ahov\u00e1 nagyon &#8230; <a title=\"II. VIL\u00c1GH\u00c1BOR\u00da V\u00c9GE\" class=\"read-more\" href=\"https:\/\/bozsogiattila.hu\/?p=1451\" aria-label=\"Tov\u00e1bbiak II. VIL\u00c1GH\u00c1BOR\u00da V\u00c9GE\">Olvass tov\u00e1bb<\/a><\/p>\n","protected":false},"author":3,"featured_media":0,"comment_status":"open","ping_status":"open","sticky":false,"template":"","format":"standard","meta":{"footnotes":""},"categories":[331],"tags":[],"class_list":["post-1451","post","type-post","status-publish","format-standard","hentry","category-emlkeim"],"yoast_head":"<!-- This site is optimized with the Yoast SEO plugin v21.8 - https:\/\/yoast.com\/wordpress\/plugins\/seo\/ -->\n<title>II. VIL\u00c1GH\u00c1BOR\u00da V\u00c9GE - Bozsogi Attila<\/title>\n<meta name=\"robots\" content=\"index, follow, max-snippet:-1, max-image-preview:large, max-video-preview:-1\" \/>\n<link rel=\"canonical\" href=\"https:\/\/bozsogiattila.hu\/?p=1451\" \/>\n<meta property=\"og:locale\" content=\"hu_HU\" \/>\n<meta property=\"og:type\" content=\"article\" \/>\n<meta property=\"og:title\" content=\"II. VIL\u00c1GH\u00c1BOR\u00da V\u00c9GE - Bozsogi Attila\" \/>\n<meta property=\"og:description\" content=\"II. VIL\u00c1GH\u00c1BOR\u00da V\u00c9GE Az \u0151szi naps\u00fct\u00e9sben egy d\u00e9lel\u0151tt bel\u00e9pett az \u00fczletbe egy orosz alezredes, aki az Arad-Csan\u00e1di Bank (A k\u00e9s\u0151bbi Keri koll\u00e9gium, a B\u00e9rpalota mellett) hely\u00e9n berendezett Oroszparancsnoks\u00e1g egyik parancsnoka volt.Valamit mondott oroszul, de any\u00e1m nem \u00e9rtette.Ekkor n\u00e9met\u00fcl kezdett besz\u00e9lni, \u00e9s felcsillant a szeme mikor n\u00e9met feleletet kapott.Az \u00fczletek el\u0151tt volt a tejpiac, ahov\u00e1 nagyon ... Olvass tov\u00e1bb\" \/>\n<meta property=\"og:url\" content=\"https:\/\/bozsogiattila.hu\/?p=1451\" \/>\n<meta property=\"og:site_name\" content=\"Bozsogi Attila\" \/>\n<meta property=\"article:published_time\" content=\"2024-01-14T14:25:55+00:00\" \/>\n<meta name=\"author\" content=\"Bozsogi Attila\" \/>\n<meta name=\"twitter:card\" content=\"summary_large_image\" \/>\n<meta name=\"twitter:label1\" content=\"Szerz\u0151:\" \/>\n\t<meta name=\"twitter:data1\" content=\"Bozsogi Attila\" \/>\n\t<meta name=\"twitter:label2\" content=\"Becs\u00fclt olvas\u00e1si id\u0151\" \/>\n\t<meta name=\"twitter:data2\" content=\"3 perc\" \/>\n<script type=\"application\/ld+json\" class=\"yoast-schema-graph\">{\"@context\":\"https:\/\/schema.org\",\"@graph\":[{\"@type\":\"WebPage\",\"@id\":\"https:\/\/bozsogiattila.hu\/?p=1451\",\"url\":\"https:\/\/bozsogiattila.hu\/?p=1451\",\"name\":\"II. VIL\u00c1GH\u00c1BOR\u00da V\u00c9GE - Bozsogi Attila\",\"isPartOf\":{\"@id\":\"https:\/\/bozsogiattila.hu\/#website\"},\"datePublished\":\"2024-01-14T14:25:55+00:00\",\"dateModified\":\"2024-01-14T14:25:55+00:00\",\"author\":{\"@id\":\"https:\/\/bozsogiattila.hu\/#\/schema\/person\/488c99f554a8c4039201260dd5eb795e\"},\"breadcrumb\":{\"@id\":\"https:\/\/bozsogiattila.hu\/?p=1451#breadcrumb\"},\"inLanguage\":\"hu\",\"potentialAction\":[{\"@type\":\"ReadAction\",\"target\":[\"https:\/\/bozsogiattila.hu\/?p=1451\"]}]},{\"@type\":\"BreadcrumbList\",\"@id\":\"https:\/\/bozsogiattila.hu\/?p=1451#breadcrumb\",\"itemListElement\":[{\"@type\":\"ListItem\",\"position\":1,\"name\":\"Kezd\u0151lap\",\"item\":\"https:\/\/bozsogiattila.hu\/\"},{\"@type\":\"ListItem\",\"position\":2,\"name\":\"II. VIL\u00c1GH\u00c1BOR\u00da V\u00c9GE\"}]},{\"@type\":\"WebSite\",\"@id\":\"https:\/\/bozsogiattila.hu\/#website\",\"url\":\"https:\/\/bozsogiattila.hu\/\",\"name\":\"Bozsogi Attila\",\"description\":\"a zen\u00e9sz, \u00edr\u00f3 munk\u00e1ss\u00e1g\u00e1nak \u00e9s a mak\u00f3i muzsikusok eml\u00e9k\u00e9t \u0151rz\u0151 oldal\",\"potentialAction\":[{\"@type\":\"SearchAction\",\"target\":{\"@type\":\"EntryPoint\",\"urlTemplate\":\"https:\/\/bozsogiattila.hu\/?s={search_term_string}\"},\"query-input\":\"required name=search_term_string\"}],\"inLanguage\":\"hu\"},{\"@type\":\"Person\",\"@id\":\"https:\/\/bozsogiattila.hu\/#\/schema\/person\/488c99f554a8c4039201260dd5eb795e\",\"name\":\"Bozsogi Attila\",\"image\":{\"@type\":\"ImageObject\",\"inLanguage\":\"hu\",\"@id\":\"https:\/\/bozsogiattila.hu\/#\/schema\/person\/image\/\",\"url\":\"https:\/\/secure.gravatar.com\/avatar\/7da6b5985e34ed798d1670c54ce7d20e6a53b800bb0c07945c64b09392f3dbfd?s=96&d=mm&r=g\",\"contentUrl\":\"https:\/\/secure.gravatar.com\/avatar\/7da6b5985e34ed798d1670c54ce7d20e6a53b800bb0c07945c64b09392f3dbfd?s=96&d=mm&r=g\",\"caption\":\"Bozsogi Attila\"},\"sameAs\":[\"http:\/\/www.boszogiattila.hu\"],\"url\":\"https:\/\/bozsogiattila.hu\/?author=3\"}]}<\/script>\n<!-- \/ Yoast SEO plugin. -->","yoast_head_json":{"title":"II. VIL\u00c1GH\u00c1BOR\u00da V\u00c9GE - Bozsogi Attila","robots":{"index":"index","follow":"follow","max-snippet":"max-snippet:-1","max-image-preview":"max-image-preview:large","max-video-preview":"max-video-preview:-1"},"canonical":"https:\/\/bozsogiattila.hu\/?p=1451","og_locale":"hu_HU","og_type":"article","og_title":"II. VIL\u00c1GH\u00c1BOR\u00da V\u00c9GE - Bozsogi Attila","og_description":"II. VIL\u00c1GH\u00c1BOR\u00da V\u00c9GE Az \u0151szi naps\u00fct\u00e9sben egy d\u00e9lel\u0151tt bel\u00e9pett az \u00fczletbe egy orosz alezredes, aki az Arad-Csan\u00e1di Bank (A k\u00e9s\u0151bbi Keri koll\u00e9gium, a B\u00e9rpalota mellett) hely\u00e9n berendezett Oroszparancsnoks\u00e1g egyik parancsnoka volt.Valamit mondott oroszul, de any\u00e1m nem \u00e9rtette.Ekkor n\u00e9met\u00fcl kezdett besz\u00e9lni, \u00e9s felcsillant a szeme mikor n\u00e9met feleletet kapott.Az \u00fczletek el\u0151tt volt a tejpiac, ahov\u00e1 nagyon ... Olvass tov\u00e1bb","og_url":"https:\/\/bozsogiattila.hu\/?p=1451","og_site_name":"Bozsogi Attila","article_published_time":"2024-01-14T14:25:55+00:00","author":"Bozsogi Attila","twitter_card":"summary_large_image","twitter_misc":{"Szerz\u0151:":"Bozsogi Attila","Becs\u00fclt olvas\u00e1si id\u0151":"3 perc"},"schema":{"@context":"https:\/\/schema.org","@graph":[{"@type":"WebPage","@id":"https:\/\/bozsogiattila.hu\/?p=1451","url":"https:\/\/bozsogiattila.hu\/?p=1451","name":"II. VIL\u00c1GH\u00c1BOR\u00da V\u00c9GE - Bozsogi Attila","isPartOf":{"@id":"https:\/\/bozsogiattila.hu\/#website"},"datePublished":"2024-01-14T14:25:55+00:00","dateModified":"2024-01-14T14:25:55+00:00","author":{"@id":"https:\/\/bozsogiattila.hu\/#\/schema\/person\/488c99f554a8c4039201260dd5eb795e"},"breadcrumb":{"@id":"https:\/\/bozsogiattila.hu\/?p=1451#breadcrumb"},"inLanguage":"hu","potentialAction":[{"@type":"ReadAction","target":["https:\/\/bozsogiattila.hu\/?p=1451"]}]},{"@type":"BreadcrumbList","@id":"https:\/\/bozsogiattila.hu\/?p=1451#breadcrumb","itemListElement":[{"@type":"ListItem","position":1,"name":"Kezd\u0151lap","item":"https:\/\/bozsogiattila.hu\/"},{"@type":"ListItem","position":2,"name":"II. VIL\u00c1GH\u00c1BOR\u00da V\u00c9GE"}]},{"@type":"WebSite","@id":"https:\/\/bozsogiattila.hu\/#website","url":"https:\/\/bozsogiattila.hu\/","name":"Bozsogi Attila","description":"a zen\u00e9sz, \u00edr\u00f3 munk\u00e1ss\u00e1g\u00e1nak \u00e9s a mak\u00f3i muzsikusok eml\u00e9k\u00e9t \u0151rz\u0151 oldal","potentialAction":[{"@type":"SearchAction","target":{"@type":"EntryPoint","urlTemplate":"https:\/\/bozsogiattila.hu\/?s={search_term_string}"},"query-input":"required name=search_term_string"}],"inLanguage":"hu"},{"@type":"Person","@id":"https:\/\/bozsogiattila.hu\/#\/schema\/person\/488c99f554a8c4039201260dd5eb795e","name":"Bozsogi Attila","image":{"@type":"ImageObject","inLanguage":"hu","@id":"https:\/\/bozsogiattila.hu\/#\/schema\/person\/image\/","url":"https:\/\/secure.gravatar.com\/avatar\/7da6b5985e34ed798d1670c54ce7d20e6a53b800bb0c07945c64b09392f3dbfd?s=96&d=mm&r=g","contentUrl":"https:\/\/secure.gravatar.com\/avatar\/7da6b5985e34ed798d1670c54ce7d20e6a53b800bb0c07945c64b09392f3dbfd?s=96&d=mm&r=g","caption":"Bozsogi Attila"},"sameAs":["http:\/\/www.boszogiattila.hu"],"url":"https:\/\/bozsogiattila.hu\/?author=3"}]}},"jetpack_featured_media_url":"","_links":{"self":[{"href":"https:\/\/bozsogiattila.hu\/index.php?rest_route=\/wp\/v2\/posts\/1451","targetHints":{"allow":["GET"]}}],"collection":[{"href":"https:\/\/bozsogiattila.hu\/index.php?rest_route=\/wp\/v2\/posts"}],"about":[{"href":"https:\/\/bozsogiattila.hu\/index.php?rest_route=\/wp\/v2\/types\/post"}],"author":[{"embeddable":true,"href":"https:\/\/bozsogiattila.hu\/index.php?rest_route=\/wp\/v2\/users\/3"}],"replies":[{"embeddable":true,"href":"https:\/\/bozsogiattila.hu\/index.php?rest_route=%2Fwp%2Fv2%2Fcomments&post=1451"}],"version-history":[{"count":1,"href":"https:\/\/bozsogiattila.hu\/index.php?rest_route=\/wp\/v2\/posts\/1451\/revisions"}],"predecessor-version":[{"id":1453,"href":"https:\/\/bozsogiattila.hu\/index.php?rest_route=\/wp\/v2\/posts\/1451\/revisions\/1453"}],"wp:attachment":[{"href":"https:\/\/bozsogiattila.hu\/index.php?rest_route=%2Fwp%2Fv2%2Fmedia&parent=1451"}],"wp:term":[{"taxonomy":"category","embeddable":true,"href":"https:\/\/bozsogiattila.hu\/index.php?rest_route=%2Fwp%2Fv2%2Fcategories&post=1451"},{"taxonomy":"post_tag","embeddable":true,"href":"https:\/\/bozsogiattila.hu\/index.php?rest_route=%2Fwp%2Fv2%2Ftags&post=1451"}],"curies":[{"name":"wp","href":"https:\/\/api.w.org\/{rel}","templated":true}]}}