{"id":1454,"date":"2024-01-14T14:27:45","date_gmt":"2024-01-14T14:27:45","guid":{"rendered":"https:\/\/bozsogiattila.hu\/?p=1454"},"modified":"2024-01-14T14:27:45","modified_gmt":"2024-01-14T14:27:45","slug":"allamositas","status":"publish","type":"post","link":"https:\/\/bozsogiattila.hu\/?p=1454","title":{"rendered":"\u00c1LLAMOS\u00cdT\u00c1S"},"content":{"rendered":"\n<p class=\"wp-block-paragraph\">\u00c1LLAMOS\u00cdT\u00c1S<\/p>\n\n\n\n<p class=\"wp-block-paragraph\">A R\u00e1kosi rendszer \u00e1ltal kiv\u00e1ltott p\u00e9nz\u00fcgyi fogalom a II. Vil\u00e1gh\u00e1bor\u00fat k\u00f6vet\u0151en kezd\u0151d\u00f6tt Magyarorsz\u00e1gon, amit kollektiviz\u00e1l\u00e1snak, vagy m\u00e1s n\u00e9ven \u00e1llamos\u00edt\u00e1snak neveztek.<br>Az \u00e1llamos\u00edt\u00e1s a mag\u00e1ntulajdonban l\u00e9v\u0151 javak \u00e1llami tulajdonba v\u00e9tel\u00e9t jelentette.<br>Az \u00e1llamos\u00edt\u00e1s ellent\u00e9te a privatiz\u00e1ci\u00f3. Politikai berendezked\u00e9st\u0151l f\u00fcgg\u0151en az \u00e1llamos\u00edt\u00e1s t\u00f6rt\u00e9nhet k\u00e1rp\u00f3tl\u00e1ssal, vagy k\u00e1rp\u00f3tl\u00e1s n\u00e9lk\u00fcl. A demokratikus berendezked\u00e9s\u0171 orsz\u00e1gok est\u00e9ben t\u00f6rv\u00e9nyben meghat\u00e1rozott m\u00f3don, k\u00e1rp\u00f3tl\u00e1ssal t\u00f6rt\u00e9nhet csak az \u00e1llamos\u00edt\u00e1s.<br>A legt\u00f6bb orsz\u00e1gban a vasutak, az energiaszektor \u00e9s a k\u00f6zszolg\u00e1lati m\u00e9dia rendszerint \u00e1llami tulajdonban van.<br>Sz\u00e9ls\u0151s\u00e9gesen nagy \u00e1llamos\u00edt\u00e1s zajlott le a volt szocialista blokk orsz\u00e1gaiban.<br>Magyarorsz\u00e1gon 1945 ut\u00e1n indult meg egy nagym\u00e9ret\u0171 \u00e1llamos\u00edt\u00e1s, amely eleinte csak a b\u00e1ny\u00e1kat \u00e9s a neh\u00e9zipari v\u00e1llalatokat \u00e9rintette.<br>1948-ra \u00e1llamos\u00edtott\u00e1k az egyh\u00e1zi iskol\u00e1kat, bankokat, villamosm\u0171veket, t\u00e1vvezet\u00e9keket, \u00e9s a sz\u00e1z munk\u00e1sn\u00e1l t\u00f6bbet foglalkoztat\u00f3 ipari v\u00e1llalatokat.<br>1949-ben pedig minden t\u00edz munk\u00e1sn\u00e1l t\u00f6bbet foglalkoztat\u00f3 v\u00e1llalkoz\u00e1st kollektiviz\u00e1ltak.<br>Az 1960-as \u00e9vekig a mag\u00e1nk\u00e9zben l\u00e9v\u0151 f\u00f6ldeket is \u00e1llamos\u00edtott\u00e1k, gyakran er\u0151szakos m\u00f3dszerekkel.<br>Any\u00e1m v\u00e1llalkoz\u00e1sa is ennek a t\u00f6rv\u00e9nynek esett \u00e1ldozatul, \u00e9s miut\u00e1n bez\u00e1ratt\u00e1k a boltj\u00e1t, ahol 10-12 asszony dolgozott rendszeresen, a Vend\u00e9gl\u00e1t\u00f3 V\u00e1llalat mak\u00f3i kirendelts\u00e9g\u00e9n\u00e9l helyezkedett el irodai munkak\u00f6rben. Majd az irodai munkak\u00f6r\u00f6k le\u00e9p\u00edt\u00e9sekor a cukr\u00e1szm\u0171helyben kapott \u00e1ll\u00e1st. (Ekkor m\u00e9g a nagynev\u0171 L\u00e9lek P\u00e9ter cukr\u00e1sz vezette m\u0171helyben).<br>A cukr\u00e1szm\u0171hely \u00e1tszervez\u00e9se ut\u00e1n a Mak\u00f3i H\u00e1zipari Sz\u00f6vetkezetn\u00e9l dolgozott 55 \u00e9ves kor\u00e1ig, nyugd\u00edjaz\u00e1s\u00e1ig.<\/p>\n\n\n\n<ol class=\"wp-block-list\" start=\"2000\">\n<li>november 18-\u00e1n 92 \u00e9ves kor\u00e1ban hunyt el.<\/li>\n<\/ol>\n\n\n\n<p class=\"wp-block-paragraph\">Ap\u00e1mat 1949-ben, mint sz\u00e1mvev\u0151s\u00e9gi f\u0151tan\u00e1csost oszt\u00e1lyidegennek nyilv\u00e1n\u00edtott\u00e1k, \u00e9s \u00e1ll\u00e1s\u00e1b\u00f3l felf\u00fcggesztett\u00e9k. Kilenc h\u00f3napig \u00e1ll\u00e1s n\u00e9lk\u00fcl volt, amikor szakmai tud\u00e1s\u00e1t elismerve felk\u00e9rt\u00e9k az 1950-ben alakult D\u00e9l-magyarorsz\u00e1gi MTH p\u00e9nz\u00fcgyi f\u0151el\u0151ad\u00f3i munkak\u00f6r\u00e9nek ell\u00e1t\u00e1s\u00e1ra, ahol k\u00e9t \u00e9vig dolgozott.<br>Az MTH (Munkaer\u0151 Tartal\u00e9k Hivatal) f\u0151 feladata az orsz\u00e1gos szocialista iparosod\u00e1s megfelel\u0151 sz\u00e1m\u00fa szakmunk\u00e1s k\u00e9pz\u00e9se, \u00e9s az orsz\u00e1gos munkaer\u0151 gazd\u00e1lkod\u00e1s ell\u00e1t\u00e1sa, szervez\u00e9se volt.<br>Ez az int\u00e9zm\u00e9ny 1952 \u00e9s 1957 k\u00f6z\u00f6tt \u00e9lte f\u00e9nykor\u00e1t.<br>Az id\u0151sebbek bizony\u00e1ra eml\u00e9keznek r\u00e1, fekete t\u00e1ny\u00e9rsapk\u00e1s egyenruh\u00e1ban k\u00e9nyszer\u00fcltek j\u00e1rni, akiket \u201evarj\u00fa\u201d- nak nevezett a k\u00f6zn\u00e9p.<\/p>\n\n\n\n<p class=\"wp-block-paragraph\">Mak\u00f3 v\u00e1ros 1730-1950-ig megyesz\u00e9khely volt. (Arad, Csan\u00e1d, Toront\u00e1l v\u00e1rmegye) 1950-ben miut\u00e1n megsz\u0171nt Csan\u00e1d v\u00e1rmegye, a r\u00e9gi V\u00e1rosh\u00e1z\u00e1t (Ma F\u00f6ldhivatal, Lev\u00e9lt\u00e1r, Gyermekk\u00f6nyvt\u00e1r, \u00e9s a mak\u00f3i TV \u00fczemel e helys\u00e9gben) V\u00e1rosi Tan\u00e1csk\u00e9nt \u00e1thelyezt\u00e9k a V\u00e1rmegyeh\u00e1za hely\u00e9re, (Mai \u00f6nkorm\u00e1nyzat) \u00e9s a r\u00e9gi V\u00e1rosh\u00e1za \u00e9p\u00fclet\u00e9ben l\u00e9trej\u00f6tt a J\u00e1r\u00e1si Tan\u00e1cs.<br>Ap\u00e1mat az MTH \u2013 t\u00f3l visszah\u00edvt\u00e1k \u00e9rdemei elismer\u00e9sek\u00e9nt a V\u00e1rosi Tan\u00e1cs p\u00e9nz\u00fcgyi oszt\u00e1ly\u00e1ra f\u0151el\u0151ad\u00f3nak, ahol \u00e9lete v\u00e9g\u00e9ig dolgozott.<br>K\u00f6zben 1954-ben felsz\u00f3l\u00edtott\u00e1k, hogy tekintettel a beoszt\u00e1s\u00e1ra k\u00e9rje a tagjel\u00f6lts\u00e9get az MSZMP helyi szervezet\u00e9be. Ap\u00e1m eleget tett a k\u00e9r\u00e9snek, \u00e9s 1964-ig volt tagjel\u00f6lt, amikor \u00e9rtes\u00edtett\u00e9k, hogyha eddig nem l\u00e9pett annak \u00e9rdek\u00e9ben, hogy p\u00e1rttag legyen, most m\u00e1r ne tegye meg, mert nem tartj\u00e1k ideol\u00f3giailag \u00e9rettnek a p\u00e1rttags\u00e1gra. \u00cdgy \u00e9let\u00e9ben soha nem volt egyetlen p\u00e1rtnak sem tagja.<br>1965 \u2013 ben 57 \u00e9ves kor\u00e1ban egyh\u00f3napos szenved\u00e9s ut\u00e1n hunyt el.<\/p>\n\n\n\n<p class=\"wp-block-paragraph\">N\u0151v\u00e9rem, Hajnalka a mak\u00f3i L\u00e1nypolg\u00e1ri elv\u00e9gz\u00e9se ut\u00e1n H\u00f3dmez\u0151v\u00e1s\u00e1rhelyre ker\u00fclt Z\u00e1rd\u00e1ba, ahol sokr\u00e9t\u0171 k\u00e9pz\u00e9s volt, ap\u00e1c\u00e1k fel\u00fcgyelete mellett. (Gasztron\u00f3mi\u00e1t\u00f3l, szab\u00e1s \u2013 varr\u00e1st\u00f3l az agr\u00e1riumig)<br>1950 \u2013 ben a z\u00e1rd\u00e1t felsz\u00e1molt\u00e1k, \u00e9s megsz\u0171nt mindenf\u00e9le k\u00e9pz\u00e9s az int\u00e9zm\u00e9nyben.<br>Ekkor visszat\u00e9rt Mak\u00f3ra, ahol le\u00e9retts\u00e9gizett, majd keresztapja Alm\u00e1si Gyula B\u00e9la fest\u0151m\u0171v\u00e9sz H\u00f3dmez\u0151v\u00e1s\u00e1rhelyen elhelyezte a V\u00e1rosi Tan\u00e1cs p\u00e9nz\u00fcgyi oszt\u00e1ly\u00e1n, melynek vezet\u0151je volt.<br>Alm\u00e1si Gyula B\u00e9la a h\u00edres Tornyai f\u00e9le fest\u0151m\u0171v\u00e9szk\u00f6r tagjak\u00e9nt v\u00e1lt ismert m\u0171v\u00e9sz\u00e9.<br>Ezut\u00e1n n\u0151v\u00e9rem hossz\u00fa \u00e9vekig a H\u00f3dmez\u0151v\u00e1s\u00e1rhelyen dolgozott, \u00e9s k\u00f6t\u00f6tt h\u00e1zass\u00e1got Varga T\u00f3th L\u00e1szl\u00f3val az egykori NB II-es h\u00f3dmez\u0151v\u00e1s\u00e1rhelyi futballkapussal, akivel Budapestre k\u00f6lt\u00f6ztek, \u00e9s nyugd\u00edjaz\u00e1sukig ott dolgoztak.<br>Hajnalka a F\u0151v\u00e1rosi Tan\u00e1csn\u00e1l, mint p\u00e9nz\u00fcgyes, s\u00f3gorom pedig vas\u00fati tisztk\u00e9nt.<br>Egyetlen l\u00e1nyuk Bod\u00f3 Zolt\u00e1nn\u00e9 (Varga T\u00f3th Andrea) a F\u0151v\u00e1rosi Vas\u00fatn\u00e1l dolgozik, \u00e9s Pilisen \u00e9lnek.<br>F\u00e9rje Bod\u00f3 Zolt\u00e1n Bud\u00e1n rakt\u00e1ros egy \u00e9p\u00edt\u0151ipari v\u00e1llalatn\u00e1l.<br>Gyermek\u00fck nincs.<\/p>\n\n\n\n<p class=\"wp-block-paragraph\">S\u00f3gorom\u00e9k nyugd\u00edjaz\u00e1suk ut\u00e1n eladt\u00e1k Budapesti lak\u00e1sukat, \u00e9s G\u00e1rdonyban telepedtek le, ahol n\u0151v\u00e9rem jelenleg is \u00e9l.<br>F\u00e9rje: 2004-ben 76 \u00e9ves kor\u00e1ban r\u00f6vid betegs\u00e9g ut\u00e1n halt meg. &#8211;<\/p>\n","protected":false},"excerpt":{"rendered":"<p>\u00c1LLAMOS\u00cdT\u00c1S A R\u00e1kosi rendszer \u00e1ltal kiv\u00e1ltott p\u00e9nz\u00fcgyi fogalom a II. Vil\u00e1gh\u00e1bor\u00fat k\u00f6vet\u0151en kezd\u0151d\u00f6tt Magyarorsz\u00e1gon, amit kollektiviz\u00e1l\u00e1snak, vagy m\u00e1s n\u00e9ven \u00e1llamos\u00edt\u00e1snak neveztek.Az \u00e1llamos\u00edt\u00e1s a mag\u00e1ntulajdonban l\u00e9v\u0151 javak \u00e1llami tulajdonba v\u00e9tel\u00e9t jelentette.Az \u00e1llamos\u00edt\u00e1s ellent\u00e9te a privatiz\u00e1ci\u00f3. Politikai berendezked\u00e9st\u0151l f\u00fcgg\u0151en az \u00e1llamos\u00edt\u00e1s t\u00f6rt\u00e9nhet k\u00e1rp\u00f3tl\u00e1ssal, vagy k\u00e1rp\u00f3tl\u00e1s n\u00e9lk\u00fcl. A demokratikus berendezked\u00e9s\u0171 orsz\u00e1gok est\u00e9ben t\u00f6rv\u00e9nyben meghat\u00e1rozott m\u00f3don, k\u00e1rp\u00f3tl\u00e1ssal t\u00f6rt\u00e9nhet csak &#8230; <a title=\"\u00c1LLAMOS\u00cdT\u00c1S\" class=\"read-more\" href=\"https:\/\/bozsogiattila.hu\/?p=1454\" aria-label=\"Tov\u00e1bbiak \u00c1LLAMOS\u00cdT\u00c1S\">Olvass tov\u00e1bb<\/a><\/p>\n","protected":false},"author":3,"featured_media":0,"comment_status":"open","ping_status":"open","sticky":false,"template":"","format":"standard","meta":{"footnotes":""},"categories":[331],"tags":[],"class_list":["post-1454","post","type-post","status-publish","format-standard","hentry","category-emlkeim"],"yoast_head":"<!-- This site is optimized with the Yoast SEO plugin v21.8 - https:\/\/yoast.com\/wordpress\/plugins\/seo\/ -->\n<title>\u00c1LLAMOS\u00cdT\u00c1S - Bozsogi Attila<\/title>\n<meta name=\"robots\" content=\"index, follow, max-snippet:-1, max-image-preview:large, max-video-preview:-1\" \/>\n<link rel=\"canonical\" href=\"https:\/\/bozsogiattila.hu\/?p=1454\" \/>\n<meta property=\"og:locale\" content=\"hu_HU\" \/>\n<meta property=\"og:type\" content=\"article\" \/>\n<meta property=\"og:title\" content=\"\u00c1LLAMOS\u00cdT\u00c1S - Bozsogi Attila\" \/>\n<meta property=\"og:description\" content=\"\u00c1LLAMOS\u00cdT\u00c1S A R\u00e1kosi rendszer \u00e1ltal kiv\u00e1ltott p\u00e9nz\u00fcgyi fogalom a II. Vil\u00e1gh\u00e1bor\u00fat k\u00f6vet\u0151en kezd\u0151d\u00f6tt Magyarorsz\u00e1gon, amit kollektiviz\u00e1l\u00e1snak, vagy m\u00e1s n\u00e9ven \u00e1llamos\u00edt\u00e1snak neveztek.Az \u00e1llamos\u00edt\u00e1s a mag\u00e1ntulajdonban l\u00e9v\u0151 javak \u00e1llami tulajdonba v\u00e9tel\u00e9t jelentette.Az \u00e1llamos\u00edt\u00e1s ellent\u00e9te a privatiz\u00e1ci\u00f3. Politikai berendezked\u00e9st\u0151l f\u00fcgg\u0151en az \u00e1llamos\u00edt\u00e1s t\u00f6rt\u00e9nhet k\u00e1rp\u00f3tl\u00e1ssal, vagy k\u00e1rp\u00f3tl\u00e1s n\u00e9lk\u00fcl. A demokratikus berendezked\u00e9s\u0171 orsz\u00e1gok est\u00e9ben t\u00f6rv\u00e9nyben meghat\u00e1rozott m\u00f3don, k\u00e1rp\u00f3tl\u00e1ssal t\u00f6rt\u00e9nhet csak ... Olvass tov\u00e1bb\" \/>\n<meta property=\"og:url\" content=\"https:\/\/bozsogiattila.hu\/?p=1454\" \/>\n<meta property=\"og:site_name\" content=\"Bozsogi Attila\" \/>\n<meta property=\"article:published_time\" content=\"2024-01-14T14:27:45+00:00\" \/>\n<meta name=\"author\" content=\"Bozsogi Attila\" \/>\n<meta name=\"twitter:card\" content=\"summary_large_image\" \/>\n<meta name=\"twitter:label1\" content=\"Szerz\u0151:\" \/>\n\t<meta name=\"twitter:data1\" content=\"Bozsogi Attila\" \/>\n\t<meta name=\"twitter:label2\" content=\"Becs\u00fclt olvas\u00e1si id\u0151\" \/>\n\t<meta name=\"twitter:data2\" content=\"5 perc\" \/>\n<script type=\"application\/ld+json\" class=\"yoast-schema-graph\">{\"@context\":\"https:\/\/schema.org\",\"@graph\":[{\"@type\":\"WebPage\",\"@id\":\"https:\/\/bozsogiattila.hu\/?p=1454\",\"url\":\"https:\/\/bozsogiattila.hu\/?p=1454\",\"name\":\"\u00c1LLAMOS\u00cdT\u00c1S - Bozsogi Attila\",\"isPartOf\":{\"@id\":\"https:\/\/bozsogiattila.hu\/#website\"},\"datePublished\":\"2024-01-14T14:27:45+00:00\",\"dateModified\":\"2024-01-14T14:27:45+00:00\",\"author\":{\"@id\":\"https:\/\/bozsogiattila.hu\/#\/schema\/person\/488c99f554a8c4039201260dd5eb795e\"},\"breadcrumb\":{\"@id\":\"https:\/\/bozsogiattila.hu\/?p=1454#breadcrumb\"},\"inLanguage\":\"hu\",\"potentialAction\":[{\"@type\":\"ReadAction\",\"target\":[\"https:\/\/bozsogiattila.hu\/?p=1454\"]}]},{\"@type\":\"BreadcrumbList\",\"@id\":\"https:\/\/bozsogiattila.hu\/?p=1454#breadcrumb\",\"itemListElement\":[{\"@type\":\"ListItem\",\"position\":1,\"name\":\"Kezd\u0151lap\",\"item\":\"https:\/\/bozsogiattila.hu\/\"},{\"@type\":\"ListItem\",\"position\":2,\"name\":\"\u00c1LLAMOS\u00cdT\u00c1S\"}]},{\"@type\":\"WebSite\",\"@id\":\"https:\/\/bozsogiattila.hu\/#website\",\"url\":\"https:\/\/bozsogiattila.hu\/\",\"name\":\"Bozsogi Attila\",\"description\":\"a zen\u00e9sz, \u00edr\u00f3 munk\u00e1ss\u00e1g\u00e1nak \u00e9s a mak\u00f3i muzsikusok eml\u00e9k\u00e9t \u0151rz\u0151 oldal\",\"potentialAction\":[{\"@type\":\"SearchAction\",\"target\":{\"@type\":\"EntryPoint\",\"urlTemplate\":\"https:\/\/bozsogiattila.hu\/?s={search_term_string}\"},\"query-input\":\"required name=search_term_string\"}],\"inLanguage\":\"hu\"},{\"@type\":\"Person\",\"@id\":\"https:\/\/bozsogiattila.hu\/#\/schema\/person\/488c99f554a8c4039201260dd5eb795e\",\"name\":\"Bozsogi Attila\",\"image\":{\"@type\":\"ImageObject\",\"inLanguage\":\"hu\",\"@id\":\"https:\/\/bozsogiattila.hu\/#\/schema\/person\/image\/\",\"url\":\"https:\/\/secure.gravatar.com\/avatar\/7da6b5985e34ed798d1670c54ce7d20e6a53b800bb0c07945c64b09392f3dbfd?s=96&d=mm&r=g\",\"contentUrl\":\"https:\/\/secure.gravatar.com\/avatar\/7da6b5985e34ed798d1670c54ce7d20e6a53b800bb0c07945c64b09392f3dbfd?s=96&d=mm&r=g\",\"caption\":\"Bozsogi Attila\"},\"sameAs\":[\"http:\/\/www.boszogiattila.hu\"],\"url\":\"https:\/\/bozsogiattila.hu\/?author=3\"}]}<\/script>\n<!-- \/ Yoast SEO plugin. -->","yoast_head_json":{"title":"\u00c1LLAMOS\u00cdT\u00c1S - Bozsogi Attila","robots":{"index":"index","follow":"follow","max-snippet":"max-snippet:-1","max-image-preview":"max-image-preview:large","max-video-preview":"max-video-preview:-1"},"canonical":"https:\/\/bozsogiattila.hu\/?p=1454","og_locale":"hu_HU","og_type":"article","og_title":"\u00c1LLAMOS\u00cdT\u00c1S - Bozsogi Attila","og_description":"\u00c1LLAMOS\u00cdT\u00c1S A R\u00e1kosi rendszer \u00e1ltal kiv\u00e1ltott p\u00e9nz\u00fcgyi fogalom a II. Vil\u00e1gh\u00e1bor\u00fat k\u00f6vet\u0151en kezd\u0151d\u00f6tt Magyarorsz\u00e1gon, amit kollektiviz\u00e1l\u00e1snak, vagy m\u00e1s n\u00e9ven \u00e1llamos\u00edt\u00e1snak neveztek.Az \u00e1llamos\u00edt\u00e1s a mag\u00e1ntulajdonban l\u00e9v\u0151 javak \u00e1llami tulajdonba v\u00e9tel\u00e9t jelentette.Az \u00e1llamos\u00edt\u00e1s ellent\u00e9te a privatiz\u00e1ci\u00f3. Politikai berendezked\u00e9st\u0151l f\u00fcgg\u0151en az \u00e1llamos\u00edt\u00e1s t\u00f6rt\u00e9nhet k\u00e1rp\u00f3tl\u00e1ssal, vagy k\u00e1rp\u00f3tl\u00e1s n\u00e9lk\u00fcl. A demokratikus berendezked\u00e9s\u0171 orsz\u00e1gok est\u00e9ben t\u00f6rv\u00e9nyben meghat\u00e1rozott m\u00f3don, k\u00e1rp\u00f3tl\u00e1ssal t\u00f6rt\u00e9nhet csak ... Olvass tov\u00e1bb","og_url":"https:\/\/bozsogiattila.hu\/?p=1454","og_site_name":"Bozsogi Attila","article_published_time":"2024-01-14T14:27:45+00:00","author":"Bozsogi Attila","twitter_card":"summary_large_image","twitter_misc":{"Szerz\u0151:":"Bozsogi Attila","Becs\u00fclt olvas\u00e1si id\u0151":"5 perc"},"schema":{"@context":"https:\/\/schema.org","@graph":[{"@type":"WebPage","@id":"https:\/\/bozsogiattila.hu\/?p=1454","url":"https:\/\/bozsogiattila.hu\/?p=1454","name":"\u00c1LLAMOS\u00cdT\u00c1S - Bozsogi Attila","isPartOf":{"@id":"https:\/\/bozsogiattila.hu\/#website"},"datePublished":"2024-01-14T14:27:45+00:00","dateModified":"2024-01-14T14:27:45+00:00","author":{"@id":"https:\/\/bozsogiattila.hu\/#\/schema\/person\/488c99f554a8c4039201260dd5eb795e"},"breadcrumb":{"@id":"https:\/\/bozsogiattila.hu\/?p=1454#breadcrumb"},"inLanguage":"hu","potentialAction":[{"@type":"ReadAction","target":["https:\/\/bozsogiattila.hu\/?p=1454"]}]},{"@type":"BreadcrumbList","@id":"https:\/\/bozsogiattila.hu\/?p=1454#breadcrumb","itemListElement":[{"@type":"ListItem","position":1,"name":"Kezd\u0151lap","item":"https:\/\/bozsogiattila.hu\/"},{"@type":"ListItem","position":2,"name":"\u00c1LLAMOS\u00cdT\u00c1S"}]},{"@type":"WebSite","@id":"https:\/\/bozsogiattila.hu\/#website","url":"https:\/\/bozsogiattila.hu\/","name":"Bozsogi Attila","description":"a zen\u00e9sz, \u00edr\u00f3 munk\u00e1ss\u00e1g\u00e1nak \u00e9s a mak\u00f3i muzsikusok eml\u00e9k\u00e9t \u0151rz\u0151 oldal","potentialAction":[{"@type":"SearchAction","target":{"@type":"EntryPoint","urlTemplate":"https:\/\/bozsogiattila.hu\/?s={search_term_string}"},"query-input":"required name=search_term_string"}],"inLanguage":"hu"},{"@type":"Person","@id":"https:\/\/bozsogiattila.hu\/#\/schema\/person\/488c99f554a8c4039201260dd5eb795e","name":"Bozsogi Attila","image":{"@type":"ImageObject","inLanguage":"hu","@id":"https:\/\/bozsogiattila.hu\/#\/schema\/person\/image\/","url":"https:\/\/secure.gravatar.com\/avatar\/7da6b5985e34ed798d1670c54ce7d20e6a53b800bb0c07945c64b09392f3dbfd?s=96&d=mm&r=g","contentUrl":"https:\/\/secure.gravatar.com\/avatar\/7da6b5985e34ed798d1670c54ce7d20e6a53b800bb0c07945c64b09392f3dbfd?s=96&d=mm&r=g","caption":"Bozsogi Attila"},"sameAs":["http:\/\/www.boszogiattila.hu"],"url":"https:\/\/bozsogiattila.hu\/?author=3"}]}},"jetpack_featured_media_url":"","_links":{"self":[{"href":"https:\/\/bozsogiattila.hu\/index.php?rest_route=\/wp\/v2\/posts\/1454","targetHints":{"allow":["GET"]}}],"collection":[{"href":"https:\/\/bozsogiattila.hu\/index.php?rest_route=\/wp\/v2\/posts"}],"about":[{"href":"https:\/\/bozsogiattila.hu\/index.php?rest_route=\/wp\/v2\/types\/post"}],"author":[{"embeddable":true,"href":"https:\/\/bozsogiattila.hu\/index.php?rest_route=\/wp\/v2\/users\/3"}],"replies":[{"embeddable":true,"href":"https:\/\/bozsogiattila.hu\/index.php?rest_route=%2Fwp%2Fv2%2Fcomments&post=1454"}],"version-history":[{"count":1,"href":"https:\/\/bozsogiattila.hu\/index.php?rest_route=\/wp\/v2\/posts\/1454\/revisions"}],"predecessor-version":[{"id":1455,"href":"https:\/\/bozsogiattila.hu\/index.php?rest_route=\/wp\/v2\/posts\/1454\/revisions\/1455"}],"wp:attachment":[{"href":"https:\/\/bozsogiattila.hu\/index.php?rest_route=%2Fwp%2Fv2%2Fmedia&parent=1454"}],"wp:term":[{"taxonomy":"category","embeddable":true,"href":"https:\/\/bozsogiattila.hu\/index.php?rest_route=%2Fwp%2Fv2%2Fcategories&post=1454"},{"taxonomy":"post_tag","embeddable":true,"href":"https:\/\/bozsogiattila.hu\/index.php?rest_route=%2Fwp%2Fv2%2Ftags&post=1454"}],"curies":[{"name":"wp","href":"https:\/\/api.w.org\/{rel}","templated":true}]}}