{"id":1456,"date":"2024-01-14T14:28:42","date_gmt":"2024-01-14T14:28:42","guid":{"rendered":"https:\/\/bozsogiattila.hu\/?p=1456"},"modified":"2024-01-14T14:28:43","modified_gmt":"2024-01-14T14:28:43","slug":"iskolas-korom-kezdete","status":"publish","type":"post","link":"https:\/\/bozsogiattila.hu\/?p=1456","title":{"rendered":"ISKOL\u00c1S KOROM KEZDETE"},"content":{"rendered":"\n<p class=\"wp-block-paragraph\">ISKOL\u00c1S KOROM KEZDETE<\/p>\n\n\n\n<ol class=\"wp-block-list\" start=\"1946\">\n<li>szeptember elsej\u00e9n v\u00e9get \u00e9rt a boldog gyermekkorom zavartalan id\u0151szaka, \u00e9s sz\u00fcleim be\u00edrattak a mak\u00f3i De\u00e1k Ferenc \u00c1llami \u00c1ltal\u00e1nos Iskol\u00e1ba.<br>N\u0151v\u00e9rem (Hajnalka) ekkor m\u00e1r l\u00e1nypolg\u00e1riba j\u00e1rt, \u00edgy mint nagyl\u00e1ny \u00faj t\u00e1sk\u00e1t kapott, \u00e9s \u00e9n meg\u00f6r\u00f6k\u00f6ltem a b\u0151r h\u00e1tit\u00e1sk\u00e1j\u00e1t. Fels\u0151bb oszt\u00e1lyban elt\u00e1vol\u00edtott\u00e1k a h\u00e1ti \u00e9szr\u0151l a hordoz\u00f3 sz\u00edjakat, \u00e9s egy foganty\u00fa felszerel\u00e9s\u00e9vel aktat\u00e1ska lett bel\u0151le. Ezzel a t\u00e1sk\u00e1val \u00e9retts\u00e9giztem le, \u00e9s a katonas\u00e1ghoz is elk\u00eds\u00e9rt, ahol k\u00f6lcs\u00f6nadtam egy t\u00e1rsamnak, akit\u0151l a vonaton ellopt\u00e1k.<br>Az \u201e\u00faj\u201d t\u00e1sk\u00e1mba kiss\u00e9 k\u00e9nyszeredetten pakoltam be egy olvas\u00f3k\u00f6nyvet, egy sz\u00e1mtank\u00f6nyvet, \u00e9s egy hittank\u00f6nyvet, h\u00e1rom f\u00fczetet \u00e9s egy sz\u00e1mt\u00e1bl\u00e1t, amelyen t\u00edz sorban 10-10 goly\u00f3 volt, 5-5 k\u00e9k, \u00e9s piros valamint palat\u00e1bl\u00e1t, v\u00e9g\u00fcl ceruz\u00e1t, rad\u00edrt \u00e9s hegyez\u0151t egy fatolltart\u00f3ban.<br>Mai gyerekek tal\u00e1n el sem hiszik, hogy mi palat\u00e1bl\u00e1n kezdt\u00fcnk tanulni \u00edrni, mely t\u00e1bla valamivel nagyobb volt a f\u00fczeteinkn\u00e9l, \u00e9s egy kis madzagon l\u00f3g\u00f3 szivacs volt a kieg\u00e9sz\u00edt\u0151je.<br>Ezekb\u0151l, a kell\u00e9kekb\u0151l \u00e1llt a felszerel\u00e9s\u00fcnk.<br>Az eml\u00edtett sz\u00e1mol\u00f3g\u00e9p\u00e9n megtanultuk a n\u00e9gy alapm\u0171veletet, \u00e9s felel\u00e9skor a t\u00e1bla mellett \u00e1ll\u00f3 hatalmas sz\u00e1mol\u00f3 t\u00e1bl\u00e1n adhattunk sz\u00e1mot kialakul\u00f3 tudom\u00e1nyunkr\u00f3l.<br>Manaps\u00e1g a gyerekek zs\u00fafol\u00e1sig megpakolt t\u00e1sk\u00e1t k\u00e9nytelenek cipelni m\u00e1r az els\u0151 elemiben is, amely s\u00falya vetekszi egy katonai h\u00e1tizs\u00e1k\u00e9val.<\/li>\n<\/ol>\n\n\n\n<p class=\"wp-block-paragraph\">Az kezdeti izgalom elm\u00fal\u00e1sa ut\u00e1n az \u00e9vnyit\u00f3t k\u00f6vet\u0151en bevonultunk az oszt\u00e1lyterembe, ahol kellemetlen iskolaszag uralkodott, ugyanis ebben az id\u0151ben g\u00e1zolajjal voltak felkenve a termek padozatos burkolatai. Takar\u00edt\u00e1s szempontj\u00e1b\u00f3l ez k\u00e9nyelmes volt, mert el\u00e9g volt csup\u00e1n fels\u00f6p\u00f6rni, \u00e9s m\u00e1r \u201d tisztas\u00e1g\u201d uralkodott a teremben.<br>A m\u00e1sik kellemetlen meglepet\u00e9s a WC-ben \u00e9rt benn\u00fcnket, ahol a k\u00e1tr\u00e1nyos fal olyan er\u0151s szagot \u00e1rasztott, hogy k\u00f6nnybe l\u00e1badt a szem\u00fcnk t\u0151le.<br>Ha valami\u00e9rt bet\u00e9rek egy mai modern \u00e9s val\u00f3ban tiszta iskol\u00e1ba, a r\u00e9gi pszichikai hat\u00e1s eml\u00e9kek\u00e9nt, m\u00e9g most is hajlamos vagyok r\u00e1, hogy az egykori iskolaszag legyen \u00farr\u00e1 rajtam, legal\u00e1bb is k\u00e9pzeletemben.<\/p>\n\n\n\n<p class=\"wp-block-paragraph\">A 35 f\u0151s oszt\u00e1ly mindenhat\u00f3 \u201eura\u201d Sz\u00e1sz Ern\u0151n\u00e9 tan\u00edt\u00f3 n\u00e9ni lett, n\u00e9gy \u00e9ven kereszt\u00fcl, aki kis alacsony k\u00f6v\u00e9r, sz\u00e1munkra \u00f6regasszony volt.<br>Tekint\u00e9ly\u00e9t vonalz\u00f3j\u00e1val igyekezett fenntartani nem t\u00fal v\u00e1ltozatos k\u00f6r\u00fclm\u00e9nyek k\u00f6z\u00f6tt: k\u00f6rm\u00f6sb\u0151l \u00e9s fenekesb\u0151l \u00e1ll\u00f3 reperto\u00e1rj\u00e1val.<br>Egyszer meg\u00fct\u00f6ttem a k\u00f6rm\u00f6m, \u00e9s kiss\u00e9 megfeketedett, de szerencs\u00e9re nem esett le.<br>Otthon bepanaszoltam tan\u00edt\u00f3 n\u00e9nit, ami\u00e9rt olyan nagy k\u00f6rm\u00f6st adott, hogy att\u00f3l megfeketedett a k\u00f6rm\u00f6m. (Persze ebb\u0151l semmi sem volt igaz)<br>Any\u00e1m m\u00e1snap bek\u00eds\u00e9rt az iskol\u00e1ba, panasszal \u00e9lve a feny\u00edt\u00e9s m\u00f3dja ellen.<br>Tan\u00edt\u00f3 n\u00e9ni szabadkozott, hogy ez lehetetlen, hiszen ilyen nem fordult el\u0151 p\u00e1lyafut\u00e1sa alatt.<br>Azt elismerte, hogy val\u00f3ban kaptam k\u00f6rm\u00f6st, de \u00e1ll\u00edtotta, hogy ahhoz komoly \u00fct\u00e9s kell, hogy \u00edgy megfeketedjen a k\u00f6rm\u00f6m.<br>Eln\u00e9z\u00e9st k\u00e9rt any\u00e1mt\u00f3l, \u00e9n meg b\u00fcszke voltam magamra, hogy bossz\u00fat \u00e1lltam a szadistahajlam\u00fa tan\u00edt\u00f3 n\u00e9nin.<br>Ezek ut\u00e1n abban a kegyben r\u00e9szes\u00fcltem, hogy \u00e9n kiv\u00e9tel n\u00e9lk\u00fcl n\u00e9gy \u00e9vig csak fenekest kaptam, azt viszont b\u0151s\u00e9gesen, de ezeket otthon b\u00f6lcsen letagadtam, mivel el\u0151fordulhatott volna, hogy hazai k\u00f6rnyezetben p\u00e1rja is lett volna a d\u00e9lel\u0151tti feny\u00edt\u00e9snek.<\/p>\n\n\n\n<p class=\"wp-block-paragraph\">M\u00e9g k\u00e9t h\u00e9t sem telt el, amikor padt\u00e1rsammal, Kov\u00e1cs Jancsival, valamin \u00f6sszekaptunk, ami vereked\u00e9ss\u00e9 fajult. Jav\u00e1ban fojtogattam, mikor bel\u00e9pett tan\u00edt\u00f3 n\u00e9ni, aki k\u00e9t-k\u00e9t nyaklevessel b\u00e9k\u00e9t teremtet k\u00f6z\u00f6tt\u00fcnk, miut\u00e1n felt\u00e1p\u00e1szkodtunk az olajos padl\u00f3r\u00f3l. Makarenko elm\u00e9lete szerint egy id\u0151ben elhelyezett pofon nevel\u0151 hat\u00e1s\u00fa lehet. Ut\u00f3lag m\u00e1r sokszor r\u00e1j\u00f6ttem, hogy milyen b\u00f6lcs meg\u00e1llap\u00edt\u00e1sa volt ez Makarenk\u00f3nak, ugyanis egy \u00e9ltre sz\u00f3l\u00f3 bar\u00e1ts\u00e1g alakult ki ezut\u00e1n Kov\u00e1cs Jancsival, mely \u00f6tven \u00e9vesen bek\u00f6vetkezett hal\u00e1l\u00e1ig tartott.<br>Mindkett\u0151nknek ebb\u0151l az esetb\u0151l lett az els\u0151 ellen\u0151rz\u0151i be\u00edr\u00e1sa, amit otthon hiteles\u00edtettek.<\/p>\n\n\n\n<p class=\"wp-block-paragraph\">Tan\u00edt\u00f3 n\u00e9ni csal\u00e1dja Erd\u00e9lyb\u0151l ker\u00fclt Magyarorsz\u00e1gra. Sz\u00e1rmaz\u00e1s\u00e1nak mivolt\u00e1t soha nem tudta levetk\u0151zni, \u00e9s m\u00e9g ma is f\u00fclembe csengnek az id\u0151j\u00e1r\u00e1s okozta megnyilv\u00e1nul\u00e1sai: Gy\u00falok meg, fagyok meg.<br>Az iskol\u00e1t\u00f3l nem messze laktak, ma a De\u00e1k Ferenc utc\u00e1ban p\u00e9ks\u00e9g van a h\u00e1zuk hely\u00e9n.<br>F\u00e9rje fest\u0151m\u0171v\u00e9sz, rajztan\u00e1r volt, aki a k\u00e9s\u0151bbiekben nagy tud\u00e1sa ellen\u00e9re sem tudott megtan\u00edtani: rajzolni, festeni.<br>A m\u0171v\u00e9szeteknek ez az \u00e1ga olyan magas volt nekem, mint a v\u00e1laszt\u00e1si malacnak a kamatsz\u00e1m\u00edt\u00e1s.<br>Teljesen \u00e9rz\u00e9ketlen voltam hozz\u00e1, aminek most \u00e9rzem igaz\u00e1n a hi\u00e1ny\u00e1t, mikor unok\u00e1im k\u00e9rik, hogy rajzoljak valamit nekik.<br>Ha elker\u00fclhetetlen a rajzol\u00e1s, mindig r\u00e1\u00edrom, hogy mit \u00e1br\u00e1zol m\u0171alkot\u00e1som, \u00edgy a k\u00e9s\u0151bbiekben, ha valamelyik cs\u00f6pps\u00e9g v\u00e9letlen megk\u00e9rdezi, hogy mi van a k\u00e9pen, elolvasom a feliratot, majd hat\u00e1rozottan mondom v\u00e1laszomat, \u00e9s \u00edgy sohasem t\u00e9vedek.<\/p>\n\n\n\n<p class=\"wp-block-paragraph\">El\u0151fordul, hogy valamelyik oszt\u00e1lyt\u00e1rsammal tal\u00e1lkozva feleleven\u00edtj\u00fck a r\u00e9gm\u00falt eml\u00e9keit, \u00e9s \u00e9rdekes m\u00f3don m\u00e9g ma is \u00fagy emlegetj\u00fck els\u0151 tan\u00edt\u00f3 n\u00e9ninket: tan\u00edt\u00f3 n\u00e9ni! \uf0a0<br>Sokszor megfigyeltem, a t\u00edz, tizenk\u00e9t \u00e9ves gyerekek m\u00e1r elhagyj\u00e1k ezt a titulust, \u00e9s ha a tan\u00edt\u00f3jukr\u00f3l, tan\u00e1rukr\u00f3l besz\u00e9lnek, egyszer\u0171en: Kissn\u00e9, B\u00e1lintn\u00e9, vagy Kov\u00e1cs, Jenei a nev\u00fck a pedag\u00f3gusaiknak.<br>Ezek\u00e9rt, a tiszteletlen megnyilv\u00e1nul\u00e1sok\u00e9rt nagyr\u00e9szt a m\u00e9dia is felel\u0151s: hisz a huszon\u00e9ves riporterek a 90 \u00e9ves riportalanyt J\u00e1nosnak sz\u00f3l\u00edtj\u00e1k, nehez\u00fckre esik hozz\u00e1tenni a b\u00e1csi jelz\u0151t.<br>Nem nagy b\u00fcszkes\u00e9g \u00f6reg b\u00e1csinak lenni, de a t\u00e9nyek, t\u00e9nyek, melyek visszaford\u00edthatatlanok.<\/p>\n\n\n\n<p class=\"wp-block-paragraph\">K\u00f6zeledve a Kremat\u00f3rium els\u0151 l\u00e9pcs\u0151je fel\u00e9, m\u00e9g mindig b\u00fcszkes\u00e9g t\u00f6lt el, ha gyermekkorom megelevenedik el\u0151ttem, \u00e9s visszagondolok a m\u00falt sz\u00e9p eml\u00e9keire: nagyon eleven, csintalan gyerekek voltunk, de sohasem neveletlenek!<br>A most feln\u00f6v\u0151 gener\u00e1ci\u00f3b\u00f3l sajnos kevesen fognak ilyen eml\u00e9kekb\u0151l t\u00e1pl\u00e1lkozni.<\/p>\n","protected":false},"excerpt":{"rendered":"<p>ISKOL\u00c1S KOROM KEZDETE Az kezdeti izgalom elm\u00fal\u00e1sa ut\u00e1n az \u00e9vnyit\u00f3t k\u00f6vet\u0151en bevonultunk az oszt\u00e1lyterembe, ahol kellemetlen iskolaszag uralkodott, ugyanis ebben az id\u0151ben g\u00e1zolajjal voltak felkenve a termek padozatos burkolatai. Takar\u00edt\u00e1s szempontj\u00e1b\u00f3l ez k\u00e9nyelmes volt, mert el\u00e9g volt csup\u00e1n fels\u00f6p\u00f6rni, \u00e9s m\u00e1r \u201d tisztas\u00e1g\u201d uralkodott a teremben.A m\u00e1sik kellemetlen meglepet\u00e9s a WC-ben \u00e9rt benn\u00fcnket, ahol a &#8230; <a title=\"ISKOL\u00c1S KOROM KEZDETE\" class=\"read-more\" href=\"https:\/\/bozsogiattila.hu\/?p=1456\" aria-label=\"Tov\u00e1bbiak ISKOL\u00c1S KOROM KEZDETE\">Olvass tov\u00e1bb<\/a><\/p>\n","protected":false},"author":3,"featured_media":0,"comment_status":"open","ping_status":"open","sticky":false,"template":"","format":"standard","meta":{"footnotes":""},"categories":[331],"tags":[],"class_list":["post-1456","post","type-post","status-publish","format-standard","hentry","category-emlkeim"],"yoast_head":"<!-- This site is optimized with the Yoast SEO plugin v21.8 - https:\/\/yoast.com\/wordpress\/plugins\/seo\/ -->\n<title>ISKOL\u00c1S KOROM KEZDETE - Bozsogi Attila<\/title>\n<meta name=\"robots\" content=\"index, follow, max-snippet:-1, max-image-preview:large, max-video-preview:-1\" \/>\n<link rel=\"canonical\" href=\"https:\/\/bozsogiattila.hu\/?p=1456\" \/>\n<meta property=\"og:locale\" content=\"hu_HU\" \/>\n<meta property=\"og:type\" content=\"article\" \/>\n<meta property=\"og:title\" content=\"ISKOL\u00c1S KOROM KEZDETE - Bozsogi Attila\" \/>\n<meta property=\"og:description\" content=\"ISKOL\u00c1S KOROM KEZDETE Az kezdeti izgalom elm\u00fal\u00e1sa ut\u00e1n az \u00e9vnyit\u00f3t k\u00f6vet\u0151en bevonultunk az oszt\u00e1lyterembe, ahol kellemetlen iskolaszag uralkodott, ugyanis ebben az id\u0151ben g\u00e1zolajjal voltak felkenve a termek padozatos burkolatai. Takar\u00edt\u00e1s szempontj\u00e1b\u00f3l ez k\u00e9nyelmes volt, mert el\u00e9g volt csup\u00e1n fels\u00f6p\u00f6rni, \u00e9s m\u00e1r \u201d tisztas\u00e1g\u201d uralkodott a teremben.A m\u00e1sik kellemetlen meglepet\u00e9s a WC-ben \u00e9rt benn\u00fcnket, ahol a ... Olvass tov\u00e1bb\" \/>\n<meta property=\"og:url\" content=\"https:\/\/bozsogiattila.hu\/?p=1456\" \/>\n<meta property=\"og:site_name\" content=\"Bozsogi Attila\" \/>\n<meta property=\"article:published_time\" content=\"2024-01-14T14:28:42+00:00\" \/>\n<meta property=\"article:modified_time\" content=\"2024-01-14T14:28:43+00:00\" \/>\n<meta name=\"author\" content=\"Bozsogi Attila\" \/>\n<meta name=\"twitter:card\" content=\"summary_large_image\" \/>\n<meta name=\"twitter:label1\" content=\"Szerz\u0151:\" \/>\n\t<meta name=\"twitter:data1\" content=\"Bozsogi Attila\" \/>\n\t<meta name=\"twitter:label2\" content=\"Becs\u00fclt olvas\u00e1si id\u0151\" \/>\n\t<meta name=\"twitter:data2\" content=\"6 perc\" \/>\n<script type=\"application\/ld+json\" class=\"yoast-schema-graph\">{\"@context\":\"https:\/\/schema.org\",\"@graph\":[{\"@type\":\"WebPage\",\"@id\":\"https:\/\/bozsogiattila.hu\/?p=1456\",\"url\":\"https:\/\/bozsogiattila.hu\/?p=1456\",\"name\":\"ISKOL\u00c1S KOROM KEZDETE - Bozsogi Attila\",\"isPartOf\":{\"@id\":\"https:\/\/bozsogiattila.hu\/#website\"},\"datePublished\":\"2024-01-14T14:28:42+00:00\",\"dateModified\":\"2024-01-14T14:28:43+00:00\",\"author\":{\"@id\":\"https:\/\/bozsogiattila.hu\/#\/schema\/person\/488c99f554a8c4039201260dd5eb795e\"},\"breadcrumb\":{\"@id\":\"https:\/\/bozsogiattila.hu\/?p=1456#breadcrumb\"},\"inLanguage\":\"hu\",\"potentialAction\":[{\"@type\":\"ReadAction\",\"target\":[\"https:\/\/bozsogiattila.hu\/?p=1456\"]}]},{\"@type\":\"BreadcrumbList\",\"@id\":\"https:\/\/bozsogiattila.hu\/?p=1456#breadcrumb\",\"itemListElement\":[{\"@type\":\"ListItem\",\"position\":1,\"name\":\"Kezd\u0151lap\",\"item\":\"https:\/\/bozsogiattila.hu\/\"},{\"@type\":\"ListItem\",\"position\":2,\"name\":\"ISKOL\u00c1S KOROM KEZDETE\"}]},{\"@type\":\"WebSite\",\"@id\":\"https:\/\/bozsogiattila.hu\/#website\",\"url\":\"https:\/\/bozsogiattila.hu\/\",\"name\":\"Bozsogi Attila\",\"description\":\"a zen\u00e9sz, \u00edr\u00f3 munk\u00e1ss\u00e1g\u00e1nak \u00e9s a mak\u00f3i muzsikusok eml\u00e9k\u00e9t \u0151rz\u0151 oldal\",\"potentialAction\":[{\"@type\":\"SearchAction\",\"target\":{\"@type\":\"EntryPoint\",\"urlTemplate\":\"https:\/\/bozsogiattila.hu\/?s={search_term_string}\"},\"query-input\":\"required name=search_term_string\"}],\"inLanguage\":\"hu\"},{\"@type\":\"Person\",\"@id\":\"https:\/\/bozsogiattila.hu\/#\/schema\/person\/488c99f554a8c4039201260dd5eb795e\",\"name\":\"Bozsogi Attila\",\"image\":{\"@type\":\"ImageObject\",\"inLanguage\":\"hu\",\"@id\":\"https:\/\/bozsogiattila.hu\/#\/schema\/person\/image\/\",\"url\":\"https:\/\/secure.gravatar.com\/avatar\/7da6b5985e34ed798d1670c54ce7d20e6a53b800bb0c07945c64b09392f3dbfd?s=96&d=mm&r=g\",\"contentUrl\":\"https:\/\/secure.gravatar.com\/avatar\/7da6b5985e34ed798d1670c54ce7d20e6a53b800bb0c07945c64b09392f3dbfd?s=96&d=mm&r=g\",\"caption\":\"Bozsogi Attila\"},\"sameAs\":[\"http:\/\/www.boszogiattila.hu\"],\"url\":\"https:\/\/bozsogiattila.hu\/?author=3\"}]}<\/script>\n<!-- \/ Yoast SEO plugin. -->","yoast_head_json":{"title":"ISKOL\u00c1S KOROM KEZDETE - Bozsogi Attila","robots":{"index":"index","follow":"follow","max-snippet":"max-snippet:-1","max-image-preview":"max-image-preview:large","max-video-preview":"max-video-preview:-1"},"canonical":"https:\/\/bozsogiattila.hu\/?p=1456","og_locale":"hu_HU","og_type":"article","og_title":"ISKOL\u00c1S KOROM KEZDETE - Bozsogi Attila","og_description":"ISKOL\u00c1S KOROM KEZDETE Az kezdeti izgalom elm\u00fal\u00e1sa ut\u00e1n az \u00e9vnyit\u00f3t k\u00f6vet\u0151en bevonultunk az oszt\u00e1lyterembe, ahol kellemetlen iskolaszag uralkodott, ugyanis ebben az id\u0151ben g\u00e1zolajjal voltak felkenve a termek padozatos burkolatai. Takar\u00edt\u00e1s szempontj\u00e1b\u00f3l ez k\u00e9nyelmes volt, mert el\u00e9g volt csup\u00e1n fels\u00f6p\u00f6rni, \u00e9s m\u00e1r \u201d tisztas\u00e1g\u201d uralkodott a teremben.A m\u00e1sik kellemetlen meglepet\u00e9s a WC-ben \u00e9rt benn\u00fcnket, ahol a ... Olvass tov\u00e1bb","og_url":"https:\/\/bozsogiattila.hu\/?p=1456","og_site_name":"Bozsogi Attila","article_published_time":"2024-01-14T14:28:42+00:00","article_modified_time":"2024-01-14T14:28:43+00:00","author":"Bozsogi Attila","twitter_card":"summary_large_image","twitter_misc":{"Szerz\u0151:":"Bozsogi Attila","Becs\u00fclt olvas\u00e1si id\u0151":"6 perc"},"schema":{"@context":"https:\/\/schema.org","@graph":[{"@type":"WebPage","@id":"https:\/\/bozsogiattila.hu\/?p=1456","url":"https:\/\/bozsogiattila.hu\/?p=1456","name":"ISKOL\u00c1S KOROM KEZDETE - Bozsogi Attila","isPartOf":{"@id":"https:\/\/bozsogiattila.hu\/#website"},"datePublished":"2024-01-14T14:28:42+00:00","dateModified":"2024-01-14T14:28:43+00:00","author":{"@id":"https:\/\/bozsogiattila.hu\/#\/schema\/person\/488c99f554a8c4039201260dd5eb795e"},"breadcrumb":{"@id":"https:\/\/bozsogiattila.hu\/?p=1456#breadcrumb"},"inLanguage":"hu","potentialAction":[{"@type":"ReadAction","target":["https:\/\/bozsogiattila.hu\/?p=1456"]}]},{"@type":"BreadcrumbList","@id":"https:\/\/bozsogiattila.hu\/?p=1456#breadcrumb","itemListElement":[{"@type":"ListItem","position":1,"name":"Kezd\u0151lap","item":"https:\/\/bozsogiattila.hu\/"},{"@type":"ListItem","position":2,"name":"ISKOL\u00c1S KOROM KEZDETE"}]},{"@type":"WebSite","@id":"https:\/\/bozsogiattila.hu\/#website","url":"https:\/\/bozsogiattila.hu\/","name":"Bozsogi Attila","description":"a zen\u00e9sz, \u00edr\u00f3 munk\u00e1ss\u00e1g\u00e1nak \u00e9s a mak\u00f3i muzsikusok eml\u00e9k\u00e9t \u0151rz\u0151 oldal","potentialAction":[{"@type":"SearchAction","target":{"@type":"EntryPoint","urlTemplate":"https:\/\/bozsogiattila.hu\/?s={search_term_string}"},"query-input":"required name=search_term_string"}],"inLanguage":"hu"},{"@type":"Person","@id":"https:\/\/bozsogiattila.hu\/#\/schema\/person\/488c99f554a8c4039201260dd5eb795e","name":"Bozsogi Attila","image":{"@type":"ImageObject","inLanguage":"hu","@id":"https:\/\/bozsogiattila.hu\/#\/schema\/person\/image\/","url":"https:\/\/secure.gravatar.com\/avatar\/7da6b5985e34ed798d1670c54ce7d20e6a53b800bb0c07945c64b09392f3dbfd?s=96&d=mm&r=g","contentUrl":"https:\/\/secure.gravatar.com\/avatar\/7da6b5985e34ed798d1670c54ce7d20e6a53b800bb0c07945c64b09392f3dbfd?s=96&d=mm&r=g","caption":"Bozsogi Attila"},"sameAs":["http:\/\/www.boszogiattila.hu"],"url":"https:\/\/bozsogiattila.hu\/?author=3"}]}},"jetpack_featured_media_url":"","_links":{"self":[{"href":"https:\/\/bozsogiattila.hu\/index.php?rest_route=\/wp\/v2\/posts\/1456","targetHints":{"allow":["GET"]}}],"collection":[{"href":"https:\/\/bozsogiattila.hu\/index.php?rest_route=\/wp\/v2\/posts"}],"about":[{"href":"https:\/\/bozsogiattila.hu\/index.php?rest_route=\/wp\/v2\/types\/post"}],"author":[{"embeddable":true,"href":"https:\/\/bozsogiattila.hu\/index.php?rest_route=\/wp\/v2\/users\/3"}],"replies":[{"embeddable":true,"href":"https:\/\/bozsogiattila.hu\/index.php?rest_route=%2Fwp%2Fv2%2Fcomments&post=1456"}],"version-history":[{"count":1,"href":"https:\/\/bozsogiattila.hu\/index.php?rest_route=\/wp\/v2\/posts\/1456\/revisions"}],"predecessor-version":[{"id":1458,"href":"https:\/\/bozsogiattila.hu\/index.php?rest_route=\/wp\/v2\/posts\/1456\/revisions\/1458"}],"wp:attachment":[{"href":"https:\/\/bozsogiattila.hu\/index.php?rest_route=%2Fwp%2Fv2%2Fmedia&parent=1456"}],"wp:term":[{"taxonomy":"category","embeddable":true,"href":"https:\/\/bozsogiattila.hu\/index.php?rest_route=%2Fwp%2Fv2%2Fcategories&post=1456"},{"taxonomy":"post_tag","embeddable":true,"href":"https:\/\/bozsogiattila.hu\/index.php?rest_route=%2Fwp%2Fv2%2Ftags&post=1456"}],"curies":[{"name":"wp","href":"https:\/\/api.w.org\/{rel}","templated":true}]}}