{"id":1472,"date":"2024-01-14T14:41:59","date_gmt":"2024-01-14T14:41:59","guid":{"rendered":"https:\/\/bozsogiattila.hu\/?p=1472"},"modified":"2024-01-14T14:41:59","modified_gmt":"2024-01-14T14:41:59","slug":"a-zene-es-a-torna","status":"publish","type":"post","link":"https:\/\/bozsogiattila.hu\/?p=1472","title":{"rendered":"A ZENE \u00c9S A TORNA"},"content":{"rendered":"\n<p class=\"wp-block-paragraph\">A ZENE \u00c9S A TORNA<\/p>\n\n\n\n<p class=\"wp-block-paragraph\">A ny\u00e1ri sz\u00fcnetekben minden \u00e9vben, felt\u00f6lt\u0151dnek energi\u00e1val a j\u00f6v\u0151 nemzed\u00e9k\u00e9hez tartoz\u00f3 gyermekek, akik, ha n\u00e9ha f\u00e1j\u00f3sz\u00edvvel, de m\u00e9gis \u00faj rem\u00e9nyekkel \u00fclnek be az iskol\u00e1k padjaiba, hogy tud\u00e1suk gyarap\u00edt\u00e1s\u00e1val felk\u00e9sz\u00fcljenek a feln\u0151ttkori \u00e9let megpr\u00f3b\u00e1ltat\u00e1saira. \uf0a0<br>Az elemi iskol\u00e1k els\u0151oszt\u00e1lyos gyermekeib\u0151l az \u00e9vek m\u00fal\u00e1s\u00e1val komoly, gondolkoz\u00f3 nagy di\u00e1kok lesznek, akiknek a tov\u00e1bbi \u00e9let\u00fck, ott az iskolapadokban d\u0151l el, \u00e9s p\u00e1lyav\u00e1laszt\u00e1suk alapja az \u00fajabbn\u00e1l-\u00fajabb tant\u00e1rgyak bevezet\u00e9s\u00e9nek k\u00f6sz\u00f6nhet\u0151, amikor kisz\u00e9lesedik l\u00e1t\u00f3k\u00f6r\u00fck, \u00e9s kialakul egy elk\u00e9pzel\u00e9s a j\u00f6v\u0151t illet\u0151en.<br>Kilenc\u00e9vesen m\u00e9g senki sem tudja, hogy mit hoz a j\u00f6v\u0151.<\/p>\n\n\n\n<p class=\"wp-block-paragraph\">N\u0151v\u00e9rem \u00e9vekig tanult zongor\u00e1zni, de tehets\u00e9g hi\u00e1ny\u00e1ban er\u0151sen mag\u00e1z\u00f3 viszonyban maradt e csod\u00e1latos hangszerrel a szorgalmas gyakorl\u00e1sok ut\u00e1n is.<br>Ez\u00e9rt egy napon eljutott od\u00e1ig a csal\u00e1d, hogy ami nem megy, azt nem szabad er\u0151ltetni alapon befejez\u0151d\u00f6tt a zongoratanul\u00e1s\u00e1nak t\u00f6bb\u00e9ves hi\u00e1baval\u00f3 sanyargat\u00e1sa.<br>A lak\u00e1sunkban ott volt a zongora, amire kilenc\u00e9ves koromig r\u00e1 sem n\u00e9ztem, tudom\u00e1sul vettem, hogy l\u00e9tezik, &#8211; de nem \u00e9rdekelt.<br>Any\u00e1m ekkor gondolt egy nagyot, \u00e9s mer\u00e9szet, majd k\u00e9zen fogva kicsi fi\u00e1t elvitt Urb\u00e1n G\u00e1bor tan\u00e1r \u00farhoz \u00e9s be\u00edratott zongora\u00f3r\u00e1ra.<br>A kezdeti neh\u00e9zs\u00e9gek ut\u00e1n, p\u00e1r h\u00f3nap eltelt\u00e9vel kisebb zongoradarabokat kezdtem tanulni.<br>Eleinte nem tetszettek az unalmas sk\u00e1l\u00e1z\u00e1sok, dallamtalan gyakorlatok, de mikor kis et\u0171d\u00f6kkel gazdagodott az oktat\u00e1som, kezdtem \u00f6r\u00f6m\u00f6met lelni a gyakorl\u00e1sban.<\/p>\n\n\n\n<p class=\"wp-block-paragraph\">Egy alkalommal kit\u00f6rt bel\u0151lem a r\u00e9gi cs\u00ednytev\u0151 gyerek, \u00e9s miut\u00e1n a gyakorl\u00e1s helyett j\u00e1tsz\u00f3t\u00e1rsaimat helyeztem el\u0151t\u00e9rbe nem maradt id\u0151m megtanulni a feladott leck\u00e9t, \u00e9s k\u00e9sz\u00fcletlen\u00fcl mentem \u00f3r\u00e1ra.<br>A tan\u00e1r \u00far eleinte t\u00fcrelmesen jav\u00edtgatta a meglehet\u0151sen sok hib\u00e1t, mell\u00e9\u00fct\u00e9st, majd t\u00fcrelme fogyt\u00e1n \u0151 nem \u00fct\u00f6tt mell\u00e9, \u00e9s megpofozott.<br>Az oktat\u00e1snak ez a v\u00e1ltozata nem nyerte meg a tetsz\u00e9semet, \u00e9s amikor feles\u00e9ge kih\u00edvta valami\u00e9rt a szob\u00e1b\u00f3l, \u00f6sszecsomagoltam a kott\u00e1imat, \u00e9s k\u00f6sz\u00f6n\u00e9s n\u00e9lk\u00fcl t\u00e1voztam.<br>Mind\u00f6ssze f\u00e9l \u00e9v telt el, amikor otthon bejelentettem, hogy soha t\u00f6bb\u00e9 nem megyek a tan\u00e1r \u00farhoz zongora\u00f3r\u00e1ra.<br>Any\u00e1m, aki hallotta, hogy kezdek \u00fcgyesen zongor\u00e1zni, nem adta fel, \u00e9s keresett m\u00e1sik zongoratan\u00e1rt, rem\u00e9nykedve abban, ha m\u00e1r a n\u0151v\u00e9rem cserbenhagyta, \u00e9n nem k\u00f6vetem el szint\u00e9n v\u00e1gyinak megcs\u00fafol\u00e1s\u00e1t, hisz minden \u00e1lma az volt, hogy megtanuljunk, zongor\u00e1zni.<\/p>\n\n\n\n<p class=\"wp-block-paragraph\">Egy h\u00e9t kihagy\u00e1s ut\u00e1n Dr. Szir\u00e1nyi Mikl\u00f3sn\u00e9 (Dr. Fabricius M\u00e1rta, aki zenei doktor volt) lett az \u00faj zongoratan\u00e1rom.<br>Mindent el\u0151r\u00f6l kellett kezdenem, mivel Urb\u00e1n G\u00e1bor nem zongoratan\u00e1r volt, (csak tudott zongor\u00e1zni) \u00edgy nem a kell\u0151 alapokat tan\u00edtotta meg, teh\u00e1t nem volt mire fel\u00e9p\u00edteni az oktat\u00e1somat.<br>M\u00e1rta n\u00e9ninek k\u00f6sz\u00f6nhet\u0151en k\u00e9t \u00e9v alatt n\u00e9gy \u00e9v anyag\u00e1t saj\u00e1t\u00edtottam el.<\/p>\n\n\n\n<p class=\"wp-block-paragraph\">Ekkor \u00f6t\u00f6dik oszt\u00e1lyba j\u00e1rtam m\u00e1r, amikor \u00faj testnevel\u0151 tan\u00e1rt kaptunk V\u00e9kony Istv\u00e1n szem\u00e9ly\u00e9ben. A tan\u00e1r \u00far kor\u00e1bban olimpiai kerettag volt, mint torn\u00e1sz, de egy sajn\u00e1latos esem\u00e9ny miatt abba kellett hagynia a sportol\u00e1st.<br>T\u00f6rt\u00e9n ugyanis, hogy l\u00f3h\u00e1ton a t\u00f6lt\u00e9sr\u0151l j\u00f6tt le, amikor egy asszony ker\u00e9kp\u00e1rral el\u00e9be hajtott, akit lov\u00e1val el\u00fct\u00f6tt, \u00e9s felbukott a l\u00f3 is, a tan\u00e1r \u00farnak pedig olyan szerencs\u00e9tlen\u00fcl t\u00f6rt el a v\u00e1lla, hogy karrierj\u00e9nek v\u00e9ge lett.<br>Kimaradt a magyar v\u00e1logatott torn\u00e1szcsapatb\u00f3l, \u00e9s tan\u00edtani kezdett, mint testnevel\u0151 tan\u00e1r, aki egy\u00e9nis\u00e9g\u00e9nek k\u00f6sz\u00f6nhet\u0151en egy val\u00f3s\u00e1gos m\u00e1gus volt.<br>Ez az adotts\u00e1ga a zongoratanul\u00e1som v\u00e9g\u00e9t jelentette, \u00e9s bejelentettem otthon, hogy abbahagyom a zongor\u00e1z\u00e1st.<br>Teh\u00e1t a torna miatt befejeztem a zongor\u00e1z\u00e1st.<\/p>\n\n\n\n<p class=\"wp-block-paragraph\">M\u00e1rta n\u00e9ni k\u00e9rlelte any\u00e1mat, hogy besz\u00e9ljen r\u00e1 a folytat\u00e1sra, mert tehets\u00e9gem nem szabadna kiakn\u00e1zatlanul hagyni. Hajthatatlan maradtam, mire M\u00e1rta n\u00e9ni ism\u00e9t felkereste any\u00e1mat, \u00e9s felaj\u00e1nlotta, hogy amennyiben anyagiak miatt nem j\u00e1rok \u00f3r\u00e1ra, akkor tan\u00edt ingyen addig, am\u00edg nem tudjuk fizetni a tand\u00edjat. Any\u00e1m elmondta, hogy sajnos nem err\u0151l van sz\u00f3!<\/p>\n\n\n\n<p class=\"wp-block-paragraph\">Teh\u00e1t a zenetanul\u00e1sommal elkezd\u0151d\u00f6tt valami, ami abbamaradt, de mint a k\u00e9s\u0151bbiekb\u0151l majd kider\u00fcl, l\u00e9nyembe bet\u00e1pl\u00e1l\u00f3dott, akkor m\u00e9g tudatomon k\u00edv\u00fcl a zene szeretete, mely egy be\u00e9p\u00edtett felt\u00e9teles reflexk\u00e9nt tov\u00e1bb \u00e9rlel\u0151d\u00f6tt bennem.<br>K\u00e9t \u00e9s f\u00e9l \u00e9v zongoratanul\u00e1s, ennyi volt, azaz id\u0151, amit tan\u00e1ri ir\u00e1ny\u00edt\u00e1s mellet elt\u00f6lt\u00f6ttem eg\u00e9sz \u00e9letemben. Soha t\u00f6bb\u00e9 nem tanultam semmilyen tan\u00e1rn\u00e1l zongor\u00e1zni.<br>Szolf\u00e9zs\u00f3r\u00e1ra sem j\u00e1rtam sohasem.<br>Egy id\u0151re itt meg\u00e1llt az \u00e9let a zenetanul\u00e1s ter\u00e9n.<\/p>\n\n\n\n<p class=\"wp-block-paragraph\">Mintegy \u00e1lomk\u00e9p a torna lett az eszm\u00e9nyk\u00e9pem, \u00e9s hasonl\u00f3an t\u00f6bb iskolat\u00e1rsam\u00e9 is. Egym\u00e1s ut\u00e1n nyert\u00fck meg a v\u00e1rosi, j\u00e1r\u00e1si, megyei torn\u00e1szbajnoks\u00e1gokat \u00e1ltal\u00e1nos iskolai szinten, annak ellen\u00e9re, hogy nek\u00fcnk nem volt tornaterm\u00fcnk.<br>A versenyekre, am\u00edg le nem esett a h\u00f3, a v\u00edztorony el\u0151tti t\u00e9ren (akkor m\u00e9g nem volt meg a v\u00edztorony) k\u00e9sz\u00fclt\u00fcnk fel.<br>El\u00e9rkezett a megm\u00e9rettet\u00e9s\u00fcnk legmagasabb szintje: Az orsz\u00e1gos bajnoks\u00e1g.<br>Tan\u00e1runk lelkes\u00edt\u0151 b\u00edztat\u00e1sa mellett utaztunk fel Budapestre, m\u00e1r, mint nyolcadikos gyerekek a versenyre, ahol hatodikak lett\u00fcnk a 19 csapat k\u00f6z\u00f6tt.<br>A verseny rendez\u0151i nem hitt\u00e9k el, hogy tornaterem n\u00e9lk\u00fcl az utc\u00e1n k\u00e9sz\u00fclt\u00fcnk fel e rangos megm\u00e9rettet\u00e9sre.<br>A mi iskol\u00e1nk volt az egyetlen a megyei bajnoks\u00e1got nyert csapatok k\u00f6z\u00f6tt, akik r\u00e9szt vehett\u00fcnk az orsz\u00e1gos bajnoks\u00e1gon, \u00fagy, hogy tornaterm\u00fcnk nem volt.<br>A t\u00f6bbi iskol\u00e1k mind j\u00f3l felszerelt tornateremmel rendelkeztek.<br>Ez az orsz\u00e1gos bajnoks\u00e1g volt az utols\u00f3 \u00e1ltal\u00e1nos iskolai verseny\u00fcnk.<\/p>\n\n\n\n<p class=\"wp-block-paragraph\">Tov\u00e1bbtanul\u00e1si k\u00e9relmem a debreceni Vegyipari Technikumba adtam be, melyet az iskola el sem k\u00fcld\u00f6tt, mivel Mak\u00f3n a gimn\u00e1ziumban nagy hagyom\u00e1nya volt a torn\u00e1nak, \u00e9s Tarj\u00e1nyi L\u00e1szl\u00f3 Testnevel\u0151 tan\u00e1r, aki sokszor pontozott az \u00e1ltal\u00e1nos iskolai versenyeken, ig\u00e9nyt tartott r\u00e1m, mint tehets\u00e9ges sportol\u00f3ra.<\/p>\n","protected":false},"excerpt":{"rendered":"<p>A ZENE \u00c9S A TORNA A ny\u00e1ri sz\u00fcnetekben minden \u00e9vben, felt\u00f6lt\u0151dnek energi\u00e1val a j\u00f6v\u0151 nemzed\u00e9k\u00e9hez tartoz\u00f3 gyermekek, akik, ha n\u00e9ha f\u00e1j\u00f3sz\u00edvvel, de m\u00e9gis \u00faj rem\u00e9nyekkel \u00fclnek be az iskol\u00e1k padjaiba, hogy tud\u00e1suk gyarap\u00edt\u00e1s\u00e1val felk\u00e9sz\u00fcljenek a feln\u0151ttkori \u00e9let megpr\u00f3b\u00e1ltat\u00e1saira. \uf0a0Az elemi iskol\u00e1k els\u0151oszt\u00e1lyos gyermekeib\u0151l az \u00e9vek m\u00fal\u00e1s\u00e1val komoly, gondolkoz\u00f3 nagy di\u00e1kok lesznek, akiknek a tov\u00e1bbi \u00e9let\u00fck, &#8230; <a title=\"A ZENE \u00c9S A TORNA\" class=\"read-more\" href=\"https:\/\/bozsogiattila.hu\/?p=1472\" aria-label=\"Tov\u00e1bbiak A ZENE \u00c9S A TORNA\">Olvass tov\u00e1bb<\/a><\/p>\n","protected":false},"author":3,"featured_media":0,"comment_status":"open","ping_status":"open","sticky":false,"template":"","format":"standard","meta":{"footnotes":""},"categories":[331],"tags":[],"class_list":["post-1472","post","type-post","status-publish","format-standard","hentry","category-emlkeim"],"yoast_head":"<!-- This site is optimized with the Yoast SEO plugin v21.8 - https:\/\/yoast.com\/wordpress\/plugins\/seo\/ -->\n<title>A ZENE \u00c9S A TORNA - Bozsogi Attila<\/title>\n<meta name=\"robots\" content=\"index, follow, max-snippet:-1, max-image-preview:large, max-video-preview:-1\" \/>\n<link rel=\"canonical\" href=\"https:\/\/bozsogiattila.hu\/?p=1472\" \/>\n<meta property=\"og:locale\" content=\"hu_HU\" \/>\n<meta property=\"og:type\" content=\"article\" \/>\n<meta property=\"og:title\" content=\"A ZENE \u00c9S A TORNA - Bozsogi Attila\" \/>\n<meta property=\"og:description\" content=\"A ZENE \u00c9S A TORNA A ny\u00e1ri sz\u00fcnetekben minden \u00e9vben, felt\u00f6lt\u0151dnek energi\u00e1val a j\u00f6v\u0151 nemzed\u00e9k\u00e9hez tartoz\u00f3 gyermekek, akik, ha n\u00e9ha f\u00e1j\u00f3sz\u00edvvel, de m\u00e9gis \u00faj rem\u00e9nyekkel \u00fclnek be az iskol\u00e1k padjaiba, hogy tud\u00e1suk gyarap\u00edt\u00e1s\u00e1val felk\u00e9sz\u00fcljenek a feln\u0151ttkori \u00e9let megpr\u00f3b\u00e1ltat\u00e1saira. \uf0a0Az elemi iskol\u00e1k els\u0151oszt\u00e1lyos gyermekeib\u0151l az \u00e9vek m\u00fal\u00e1s\u00e1val komoly, gondolkoz\u00f3 nagy di\u00e1kok lesznek, akiknek a tov\u00e1bbi \u00e9let\u00fck, ... Olvass tov\u00e1bb\" \/>\n<meta property=\"og:url\" content=\"https:\/\/bozsogiattila.hu\/?p=1472\" \/>\n<meta property=\"og:site_name\" content=\"Bozsogi Attila\" \/>\n<meta property=\"article:published_time\" content=\"2024-01-14T14:41:59+00:00\" \/>\n<meta name=\"author\" content=\"Bozsogi Attila\" \/>\n<meta name=\"twitter:card\" content=\"summary_large_image\" \/>\n<meta name=\"twitter:label1\" content=\"Szerz\u0151:\" \/>\n\t<meta name=\"twitter:data1\" content=\"Bozsogi Attila\" \/>\n\t<meta name=\"twitter:label2\" content=\"Becs\u00fclt olvas\u00e1si id\u0151\" \/>\n\t<meta name=\"twitter:data2\" content=\"6 perc\" \/>\n<script type=\"application\/ld+json\" class=\"yoast-schema-graph\">{\"@context\":\"https:\/\/schema.org\",\"@graph\":[{\"@type\":\"WebPage\",\"@id\":\"https:\/\/bozsogiattila.hu\/?p=1472\",\"url\":\"https:\/\/bozsogiattila.hu\/?p=1472\",\"name\":\"A ZENE \u00c9S A TORNA - Bozsogi Attila\",\"isPartOf\":{\"@id\":\"https:\/\/bozsogiattila.hu\/#website\"},\"datePublished\":\"2024-01-14T14:41:59+00:00\",\"dateModified\":\"2024-01-14T14:41:59+00:00\",\"author\":{\"@id\":\"https:\/\/bozsogiattila.hu\/#\/schema\/person\/488c99f554a8c4039201260dd5eb795e\"},\"breadcrumb\":{\"@id\":\"https:\/\/bozsogiattila.hu\/?p=1472#breadcrumb\"},\"inLanguage\":\"hu\",\"potentialAction\":[{\"@type\":\"ReadAction\",\"target\":[\"https:\/\/bozsogiattila.hu\/?p=1472\"]}]},{\"@type\":\"BreadcrumbList\",\"@id\":\"https:\/\/bozsogiattila.hu\/?p=1472#breadcrumb\",\"itemListElement\":[{\"@type\":\"ListItem\",\"position\":1,\"name\":\"Kezd\u0151lap\",\"item\":\"https:\/\/bozsogiattila.hu\/\"},{\"@type\":\"ListItem\",\"position\":2,\"name\":\"A ZENE \u00c9S A TORNA\"}]},{\"@type\":\"WebSite\",\"@id\":\"https:\/\/bozsogiattila.hu\/#website\",\"url\":\"https:\/\/bozsogiattila.hu\/\",\"name\":\"Bozsogi Attila\",\"description\":\"a zen\u00e9sz, \u00edr\u00f3 munk\u00e1ss\u00e1g\u00e1nak \u00e9s a mak\u00f3i muzsikusok eml\u00e9k\u00e9t \u0151rz\u0151 oldal\",\"potentialAction\":[{\"@type\":\"SearchAction\",\"target\":{\"@type\":\"EntryPoint\",\"urlTemplate\":\"https:\/\/bozsogiattila.hu\/?s={search_term_string}\"},\"query-input\":\"required name=search_term_string\"}],\"inLanguage\":\"hu\"},{\"@type\":\"Person\",\"@id\":\"https:\/\/bozsogiattila.hu\/#\/schema\/person\/488c99f554a8c4039201260dd5eb795e\",\"name\":\"Bozsogi Attila\",\"image\":{\"@type\":\"ImageObject\",\"inLanguage\":\"hu\",\"@id\":\"https:\/\/bozsogiattila.hu\/#\/schema\/person\/image\/\",\"url\":\"https:\/\/secure.gravatar.com\/avatar\/7da6b5985e34ed798d1670c54ce7d20e6a53b800bb0c07945c64b09392f3dbfd?s=96&d=mm&r=g\",\"contentUrl\":\"https:\/\/secure.gravatar.com\/avatar\/7da6b5985e34ed798d1670c54ce7d20e6a53b800bb0c07945c64b09392f3dbfd?s=96&d=mm&r=g\",\"caption\":\"Bozsogi Attila\"},\"sameAs\":[\"http:\/\/www.boszogiattila.hu\"],\"url\":\"https:\/\/bozsogiattila.hu\/?author=3\"}]}<\/script>\n<!-- \/ Yoast SEO plugin. -->","yoast_head_json":{"title":"A ZENE \u00c9S A TORNA - Bozsogi Attila","robots":{"index":"index","follow":"follow","max-snippet":"max-snippet:-1","max-image-preview":"max-image-preview:large","max-video-preview":"max-video-preview:-1"},"canonical":"https:\/\/bozsogiattila.hu\/?p=1472","og_locale":"hu_HU","og_type":"article","og_title":"A ZENE \u00c9S A TORNA - Bozsogi Attila","og_description":"A ZENE \u00c9S A TORNA A ny\u00e1ri sz\u00fcnetekben minden \u00e9vben, felt\u00f6lt\u0151dnek energi\u00e1val a j\u00f6v\u0151 nemzed\u00e9k\u00e9hez tartoz\u00f3 gyermekek, akik, ha n\u00e9ha f\u00e1j\u00f3sz\u00edvvel, de m\u00e9gis \u00faj rem\u00e9nyekkel \u00fclnek be az iskol\u00e1k padjaiba, hogy tud\u00e1suk gyarap\u00edt\u00e1s\u00e1val felk\u00e9sz\u00fcljenek a feln\u0151ttkori \u00e9let megpr\u00f3b\u00e1ltat\u00e1saira. \uf0a0Az elemi iskol\u00e1k els\u0151oszt\u00e1lyos gyermekeib\u0151l az \u00e9vek m\u00fal\u00e1s\u00e1val komoly, gondolkoz\u00f3 nagy di\u00e1kok lesznek, akiknek a tov\u00e1bbi \u00e9let\u00fck, ... Olvass tov\u00e1bb","og_url":"https:\/\/bozsogiattila.hu\/?p=1472","og_site_name":"Bozsogi Attila","article_published_time":"2024-01-14T14:41:59+00:00","author":"Bozsogi Attila","twitter_card":"summary_large_image","twitter_misc":{"Szerz\u0151:":"Bozsogi Attila","Becs\u00fclt olvas\u00e1si id\u0151":"6 perc"},"schema":{"@context":"https:\/\/schema.org","@graph":[{"@type":"WebPage","@id":"https:\/\/bozsogiattila.hu\/?p=1472","url":"https:\/\/bozsogiattila.hu\/?p=1472","name":"A ZENE \u00c9S A TORNA - Bozsogi Attila","isPartOf":{"@id":"https:\/\/bozsogiattila.hu\/#website"},"datePublished":"2024-01-14T14:41:59+00:00","dateModified":"2024-01-14T14:41:59+00:00","author":{"@id":"https:\/\/bozsogiattila.hu\/#\/schema\/person\/488c99f554a8c4039201260dd5eb795e"},"breadcrumb":{"@id":"https:\/\/bozsogiattila.hu\/?p=1472#breadcrumb"},"inLanguage":"hu","potentialAction":[{"@type":"ReadAction","target":["https:\/\/bozsogiattila.hu\/?p=1472"]}]},{"@type":"BreadcrumbList","@id":"https:\/\/bozsogiattila.hu\/?p=1472#breadcrumb","itemListElement":[{"@type":"ListItem","position":1,"name":"Kezd\u0151lap","item":"https:\/\/bozsogiattila.hu\/"},{"@type":"ListItem","position":2,"name":"A ZENE \u00c9S A TORNA"}]},{"@type":"WebSite","@id":"https:\/\/bozsogiattila.hu\/#website","url":"https:\/\/bozsogiattila.hu\/","name":"Bozsogi Attila","description":"a zen\u00e9sz, \u00edr\u00f3 munk\u00e1ss\u00e1g\u00e1nak \u00e9s a mak\u00f3i muzsikusok eml\u00e9k\u00e9t \u0151rz\u0151 oldal","potentialAction":[{"@type":"SearchAction","target":{"@type":"EntryPoint","urlTemplate":"https:\/\/bozsogiattila.hu\/?s={search_term_string}"},"query-input":"required name=search_term_string"}],"inLanguage":"hu"},{"@type":"Person","@id":"https:\/\/bozsogiattila.hu\/#\/schema\/person\/488c99f554a8c4039201260dd5eb795e","name":"Bozsogi Attila","image":{"@type":"ImageObject","inLanguage":"hu","@id":"https:\/\/bozsogiattila.hu\/#\/schema\/person\/image\/","url":"https:\/\/secure.gravatar.com\/avatar\/7da6b5985e34ed798d1670c54ce7d20e6a53b800bb0c07945c64b09392f3dbfd?s=96&d=mm&r=g","contentUrl":"https:\/\/secure.gravatar.com\/avatar\/7da6b5985e34ed798d1670c54ce7d20e6a53b800bb0c07945c64b09392f3dbfd?s=96&d=mm&r=g","caption":"Bozsogi Attila"},"sameAs":["http:\/\/www.boszogiattila.hu"],"url":"https:\/\/bozsogiattila.hu\/?author=3"}]}},"jetpack_featured_media_url":"","_links":{"self":[{"href":"https:\/\/bozsogiattila.hu\/index.php?rest_route=\/wp\/v2\/posts\/1472","targetHints":{"allow":["GET"]}}],"collection":[{"href":"https:\/\/bozsogiattila.hu\/index.php?rest_route=\/wp\/v2\/posts"}],"about":[{"href":"https:\/\/bozsogiattila.hu\/index.php?rest_route=\/wp\/v2\/types\/post"}],"author":[{"embeddable":true,"href":"https:\/\/bozsogiattila.hu\/index.php?rest_route=\/wp\/v2\/users\/3"}],"replies":[{"embeddable":true,"href":"https:\/\/bozsogiattila.hu\/index.php?rest_route=%2Fwp%2Fv2%2Fcomments&post=1472"}],"version-history":[{"count":1,"href":"https:\/\/bozsogiattila.hu\/index.php?rest_route=\/wp\/v2\/posts\/1472\/revisions"}],"predecessor-version":[{"id":1473,"href":"https:\/\/bozsogiattila.hu\/index.php?rest_route=\/wp\/v2\/posts\/1472\/revisions\/1473"}],"wp:attachment":[{"href":"https:\/\/bozsogiattila.hu\/index.php?rest_route=%2Fwp%2Fv2%2Fmedia&parent=1472"}],"wp:term":[{"taxonomy":"category","embeddable":true,"href":"https:\/\/bozsogiattila.hu\/index.php?rest_route=%2Fwp%2Fv2%2Fcategories&post=1472"},{"taxonomy":"post_tag","embeddable":true,"href":"https:\/\/bozsogiattila.hu\/index.php?rest_route=%2Fwp%2Fv2%2Ftags&post=1472"}],"curies":[{"name":"wp","href":"https:\/\/api.w.org\/{rel}","templated":true}]}}