{"id":1483,"date":"2024-01-14T14:46:44","date_gmt":"2024-01-14T14:46:44","guid":{"rendered":"https:\/\/bozsogiattila.hu\/?p=1483"},"modified":"2024-01-14T14:46:44","modified_gmt":"2024-01-14T14:46:44","slug":"mindszenty-pehm-jozsef","status":"publish","type":"post","link":"https:\/\/bozsogiattila.hu\/?p=1483","title":{"rendered":"MINDSZENTY (PEHM) J\u00d3ZSEF"},"content":{"rendered":"\n<p class=\"wp-block-paragraph\">MINDSZENTY (PEHM) J\u00d3ZSEF<\/p>\n\n\n\n<p class=\"wp-block-paragraph\">Mindszenty J\u00f3zsef (1892-1975) b\u00edboros, esztergomi \u00e9rsek, Magyarorsz\u00e1g els\u0151 hercegpr\u00edm\u00e1sa, aki t\u00f6bbsz\u00f6r felemelte a szav\u00e1t a vall\u00e1suk, anyanyelv\u00fck, nemzetis\u00e9gi hovatartoz\u00e1suk miatt \u00fcld\u00f6z\u00f6ttek \u00e9rdek\u00e9ben.<br>Felh\u00edvta a figyelm\u00e9t az Ideiglenes Nemzeti Korm\u00e1ny minisztereln\u00f6k\u00e9nek a N\u00e9metorsz\u00e1gba t\u00f6rt\u00e9n\u0151 deport\u00e1l\u00e1sokra, a szovjet fogolyt\u00e1borokban uralkod\u00f3 \u00e1llapotokra, \u00e9s a letart\u00f3ztatott papokkal val\u00f3 rossz b\u00e1n\u00e1sm\u00f3dra.<br>1945-47 k\u00f6z\u00f6tt t\u00f6bbsz\u00f6r fell\u00e9pett a felvid\u00e9ki magyarok jogfoszt\u00e1sa, \u00e9s kitelep\u00edt\u00e9se ellen.<\/p>\n\n\n\n<p class=\"wp-block-paragraph\">Eredeti neve Pehm J\u00f3zsef volt, amelyet 1942-ben v\u00e1ltoztatott Mindszentyre.<br>Paraszt csal\u00e1d gyermeke. K\u00f6z\u00e9piskol\u00e1it \u00e9s a teol\u00f3gi\u00e1t Szombathelyen v\u00e9gezte.<br>1915-ben szentelt\u00e9k papp\u00e1.<\/p>\n\n\n\n<ol class=\"wp-block-list\" start=\"1917\">\n<li>janu\u00e1r 26-t\u00f3l a zalaegerszegi F\u0151gimn\u00e1ziumban hittan\u00e1r.<br>A Tan\u00e1csk\u00f6zt\u00e1rsas\u00e1g idej\u00e9n intern\u00e1lt\u00e1k.<br>1919-1944-ig a zalaegerszegi M\u00e1ria Magdolna pl\u00e9b\u00e1nia vezet\u0151je.<br>Meghat\u00e1roz\u00f3 egy\u00e9nis\u00e9ge volt a v\u00e1ros k\u00f6z\u00e9let\u00e9nek.<br>Ferences Kolostort, \u00e9s templomot \u00e9p\u00edttetett.<br>Notre Dame ap\u00e1carend anyah\u00e1zat, papi otthont, pl\u00e9b\u00e1ni\u00e1kat, elemi \u00e9s polg\u00e1ri iskol\u00e1t, \u00e9s tan\u00edt\u00f3k\u00e9pz\u0151t hozott l\u00e9tre.<br>1921-t\u0151l ker\u00fcleti esperes, 1927.t\u0151l p\u00fcsp\u00f6ki biztos.<\/li>\n\n\n\n<li>m\u00e1rciusban 27 \u00e9v ut\u00e1n hagyta el a v\u00e1rost.<br>Ser\u00e9di Jusztin veszpr\u00e9mi p\u00fcsp\u00f6kk\u00e9 szentelte.<\/li>\n\n\n\n<li>m\u00e1jus 23-\u00e1n a Maros-menti M\u00e1ria-napok rendezv\u00e9nye miatt a Mak\u00f3ra \u00e9rkez\u0151 Mindszenty J\u00f3zsef megl\u00e1togatta a megy\u00e9be telep\u00edtett felvid\u00e9kieket.<\/li>\n<\/ol>\n\n\n\n<p class=\"wp-block-paragraph\">Mak\u00f3i szentmis\u00e9j\u00e9n t\u00f6bb sz\u00e1z Pitvarosra telep\u00edtett vett r\u00e9szt.<br>Ennek hat\u00e1s\u00e1ra ell\u00e1togatott Pitvarosra, ahol t\u00f6bb mint 700-an fogadt\u00e1k a f\u0151papot.<br>Besz\u00e9d\u00e9ben a magyar egyh\u00e1z \u00e1ltal el\u00edt\u00e9lt hitleri zsid\u00f3\u00fcld\u00f6z\u00e9sekhez hasonl\u00edtotta a kitelep\u00edt\u00e9seket, a csehszlov\u00e1kiai magyarok\u00e9t \u00e9pp\u00fagy, mint a magyarorsz\u00e1gi n\u00e9metek\u00e9t.<br>Sz\u00f3v\u00e1 tette, hogy Csehszlov\u00e1ki\u00e1ban deport\u00e1lj\u00e1k, vagy ki\u0171zik a kereken 700ezer l\u00e9tsz\u00e1m\u00fa magyars\u00e1got, arr\u00f3l a helyr\u0151l, ahol \u0151sei m\u00e1r k\u00f6zel ezer esztendeje \u00e9ltek z\u00e1rt t\u00f6mbben.<br>Ezen felh\u00edv\u00e1sa 1947. okt\u00f3ber 2-\u00e1n kiadott p\u00e1sztori k\u00f6rlev\u00e9lben lett k\u00f6zz\u00e9t\u00e9ve a h\u00edveknek.<br>M\u00e9g ebben az \u00e9vben memorandumot ny\u00fajtott be a nyilas korm\u00e1nyhoz, amely t\u00f6bb dun\u00e1nt\u00fali f\u0151p\u00e1sztor nev\u00e9ben k\u00e9rt\u00e9k, hogy a Dun\u00e1nt\u00falt ne tegy\u00e9k a harcok sz\u00ednter\u00e9v\u00e9.<\/p>\n\n\n\n<ol class=\"wp-block-list\" start=\"1944\">\n<li>november 27-\u00e9n, 26 papj\u00e1val egy\u00fctt letart\u00f3ztatt\u00e1k.<br>Kiszabadul\u00e1sa ut\u00e1n 1945. okt\u00f3ber 2-\u00e1n XII. Pius p\u00e1pa esztergomi \u00e9rsekk\u00e9 nevezte ki.<\/li>\n\n\n\n<li>december 26-\u00e1n a K\u00f6zt\u00e1rsas\u00e1g megd\u00f6nt\u00e9s\u00e9re ir\u00e1nyul\u00f3 b\u0171ncselekm\u00e9ny v\u00e1dj\u00e1val letart\u00f3ztatt\u00e1k, \u00e9s \u00e9letfogytiglani fegyh\u00e1zra \u00edt\u00e9lt\u00e9k.<br>Fels\u0151pet\u00e9nyben volt h\u00e1zi \u0151rizetben.<\/li>\n<\/ol>\n\n\n\n<p class=\"wp-block-paragraph\">1956-os forradalom kiszabad\u00edtotta, de november 4-\u00e9n az Amerikai Egyes\u00fclt \u00c1llamok nagyk\u00f6vets\u00e9g\u00e9re k\u00e9nyszer\u00fclt menek\u00fclni.<\/p>\n\n\n\n<ol class=\"wp-block-list\" start=\"1971\">\n<li>szeptember 28-\u00e1n elhagyta Magyarorsz\u00e1got, \u00e9s B\u00e9csben telepedett le.<br>1974-ben hivatalisan is felmentett\u00e9k az egyh\u00e1zmegye korm\u00e1nyz\u00e1sa al\u00f3l.<br>B\u00e9csben hunyt el, 1975-ben, \u00e9s M\u00e1riazellben temett\u00e9k el.<br>V\u00e9gakarata \u00e9rtelm\u00e9ben 1991. m\u00e1rcius 4-\u00e9n helyezt\u00e9k el hamvait az esztergomi Bazilika K\u00e1poln\u00e1ban<\/li>\n<\/ol>\n\n\n\n<p class=\"wp-block-paragraph\">Mikor el\u00e9rkezett a nagy nap t\u00f6bb mint sz\u00e1z lovas k\u00eds\u00e9ret\u00e9ben megjelent Mindszenty hercegpr\u00edm\u00e1s hintaja. A kocsi\u00fat sz\u00e9l\u00e9n rengetek ember \u00e1llt \u00e9s tapssal fogadt\u00e1k a f\u0151papot.<br>Sem azel\u0151tt, sem az\u00f3ta Mak\u00f3n annyi ember m\u00e9g nem vett r\u00e9szt valamilyen \u00fcnnepl\u00e9sen.<br>A r\u00e9gi m\u00e1jus elsejei felvonul\u00e1sok sem k\u00f6zel\u00edtett\u00e9k meg l\u00e9tsz\u00e1mban az egyh\u00e1zi \u00f6sszej\u00f6vetelt.<br>A katolikus templomban mis\u00e9t tartott azoknak, akik bef\u00e9rtek a templomba.<br>Mikorra a mis\u00e9nek v\u00e9ge lett, felsorakozott a bej\u00e1rat k\u00e9t oldal\u00e1n a Sz\u00edvtest\u0151r G\u00e1rda, \u00e9s kez\u00fcnket im\u00e1ra kulcsolva n\u00e9zt\u00fck, ahogy elhaladt el\u0151tt\u00fcnk, majd kocsij\u00e1ba \u00fclve folytat\u00f3dott a menet Szeged fel\u00e9.<br>Sok\u00e1ig nem \u00e9rtettem, hogy mi\u00e9rt \u00fcnneplik ennyire, mivel nagyon cs\u00fanya ember volt.<br>Feln\u0151tt koromban hallottam egyszer, hogy a pr\u00edm\u00e1snak mindenre kiterjedt a figyelme, m\u00e9g az \u00e1ld\u00e1soszt\u00e1s k\u00f6zepette is.<br>Az \u00e1ld\u00e1soszt\u00e1st olyan j\u00f3l osztotta be, hogy az MSZMP sz\u00e9kh\u00e1za el\u0151tt haladt\u00e1ban, pont a m\u00e1sik oldalt \u00e1ldotta meg, nem pedig a p\u00e1rth\u00e1zat, amely valamikor a nyilasvez\u00e9r Sz\u0151ll\u0151si gy\u00f3gyszer\u00e9sz patik\u00e1ja volt<br>Mindszenti hercegpr\u00edm\u00e1s mak\u00f3i l\u00e1togat\u00e1s\u00e1r\u00f3l, m\u00e9g \u00e9vek m\u00falt\u00e1val is besz\u00e9ltek.<\/p>\n","protected":false},"excerpt":{"rendered":"<p>MINDSZENTY (PEHM) J\u00d3ZSEF Mindszenty J\u00f3zsef (1892-1975) b\u00edboros, esztergomi \u00e9rsek, Magyarorsz\u00e1g els\u0151 hercegpr\u00edm\u00e1sa, aki t\u00f6bbsz\u00f6r felemelte a szav\u00e1t a vall\u00e1suk, anyanyelv\u00fck, nemzetis\u00e9gi hovatartoz\u00e1suk miatt \u00fcld\u00f6z\u00f6ttek \u00e9rdek\u00e9ben.Felh\u00edvta a figyelm\u00e9t az Ideiglenes Nemzeti Korm\u00e1ny minisztereln\u00f6k\u00e9nek a N\u00e9metorsz\u00e1gba t\u00f6rt\u00e9n\u0151 deport\u00e1l\u00e1sokra, a szovjet fogolyt\u00e1borokban uralkod\u00f3 \u00e1llapotokra, \u00e9s a letart\u00f3ztatott papokkal val\u00f3 rossz b\u00e1n\u00e1sm\u00f3dra.1945-47 k\u00f6z\u00f6tt t\u00f6bbsz\u00f6r fell\u00e9pett a felvid\u00e9ki magyarok jogfoszt\u00e1sa, &#8230; <a title=\"MINDSZENTY (PEHM) J\u00d3ZSEF\" class=\"read-more\" href=\"https:\/\/bozsogiattila.hu\/?p=1483\" aria-label=\"Tov\u00e1bbiak MINDSZENTY (PEHM) J\u00d3ZSEF\">Olvass tov\u00e1bb<\/a><\/p>\n","protected":false},"author":3,"featured_media":0,"comment_status":"open","ping_status":"open","sticky":false,"template":"","format":"standard","meta":{"footnotes":""},"categories":[331],"tags":[],"class_list":["post-1483","post","type-post","status-publish","format-standard","hentry","category-emlkeim"],"yoast_head":"<!-- This site is optimized with the Yoast SEO plugin v21.8 - https:\/\/yoast.com\/wordpress\/plugins\/seo\/ -->\n<title>MINDSZENTY (PEHM) J\u00d3ZSEF - Bozsogi Attila<\/title>\n<meta name=\"robots\" content=\"index, follow, max-snippet:-1, max-image-preview:large, max-video-preview:-1\" \/>\n<link rel=\"canonical\" href=\"https:\/\/bozsogiattila.hu\/?p=1483\" \/>\n<meta property=\"og:locale\" content=\"hu_HU\" \/>\n<meta property=\"og:type\" content=\"article\" \/>\n<meta property=\"og:title\" content=\"MINDSZENTY (PEHM) J\u00d3ZSEF - Bozsogi Attila\" \/>\n<meta property=\"og:description\" content=\"MINDSZENTY (PEHM) J\u00d3ZSEF Mindszenty J\u00f3zsef (1892-1975) b\u00edboros, esztergomi \u00e9rsek, Magyarorsz\u00e1g els\u0151 hercegpr\u00edm\u00e1sa, aki t\u00f6bbsz\u00f6r felemelte a szav\u00e1t a vall\u00e1suk, anyanyelv\u00fck, nemzetis\u00e9gi hovatartoz\u00e1suk miatt \u00fcld\u00f6z\u00f6ttek \u00e9rdek\u00e9ben.Felh\u00edvta a figyelm\u00e9t az Ideiglenes Nemzeti Korm\u00e1ny minisztereln\u00f6k\u00e9nek a N\u00e9metorsz\u00e1gba t\u00f6rt\u00e9n\u0151 deport\u00e1l\u00e1sokra, a szovjet fogolyt\u00e1borokban uralkod\u00f3 \u00e1llapotokra, \u00e9s a letart\u00f3ztatott papokkal val\u00f3 rossz b\u00e1n\u00e1sm\u00f3dra.1945-47 k\u00f6z\u00f6tt t\u00f6bbsz\u00f6r fell\u00e9pett a felvid\u00e9ki magyarok jogfoszt\u00e1sa, ... Olvass tov\u00e1bb\" \/>\n<meta property=\"og:url\" content=\"https:\/\/bozsogiattila.hu\/?p=1483\" \/>\n<meta property=\"og:site_name\" content=\"Bozsogi Attila\" \/>\n<meta property=\"article:published_time\" content=\"2024-01-14T14:46:44+00:00\" \/>\n<meta name=\"author\" content=\"Bozsogi Attila\" \/>\n<meta name=\"twitter:card\" content=\"summary_large_image\" \/>\n<meta name=\"twitter:label1\" content=\"Szerz\u0151:\" \/>\n\t<meta name=\"twitter:data1\" content=\"Bozsogi Attila\" \/>\n\t<meta name=\"twitter:label2\" content=\"Becs\u00fclt olvas\u00e1si id\u0151\" \/>\n\t<meta name=\"twitter:data2\" content=\"4 perc\" \/>\n<script type=\"application\/ld+json\" class=\"yoast-schema-graph\">{\"@context\":\"https:\/\/schema.org\",\"@graph\":[{\"@type\":\"WebPage\",\"@id\":\"https:\/\/bozsogiattila.hu\/?p=1483\",\"url\":\"https:\/\/bozsogiattila.hu\/?p=1483\",\"name\":\"MINDSZENTY (PEHM) J\u00d3ZSEF - Bozsogi Attila\",\"isPartOf\":{\"@id\":\"https:\/\/bozsogiattila.hu\/#website\"},\"datePublished\":\"2024-01-14T14:46:44+00:00\",\"dateModified\":\"2024-01-14T14:46:44+00:00\",\"author\":{\"@id\":\"https:\/\/bozsogiattila.hu\/#\/schema\/person\/488c99f554a8c4039201260dd5eb795e\"},\"breadcrumb\":{\"@id\":\"https:\/\/bozsogiattila.hu\/?p=1483#breadcrumb\"},\"inLanguage\":\"hu\",\"potentialAction\":[{\"@type\":\"ReadAction\",\"target\":[\"https:\/\/bozsogiattila.hu\/?p=1483\"]}]},{\"@type\":\"BreadcrumbList\",\"@id\":\"https:\/\/bozsogiattila.hu\/?p=1483#breadcrumb\",\"itemListElement\":[{\"@type\":\"ListItem\",\"position\":1,\"name\":\"Kezd\u0151lap\",\"item\":\"https:\/\/bozsogiattila.hu\/\"},{\"@type\":\"ListItem\",\"position\":2,\"name\":\"MINDSZENTY (PEHM) J\u00d3ZSEF\"}]},{\"@type\":\"WebSite\",\"@id\":\"https:\/\/bozsogiattila.hu\/#website\",\"url\":\"https:\/\/bozsogiattila.hu\/\",\"name\":\"Bozsogi Attila\",\"description\":\"a zen\u00e9sz, \u00edr\u00f3 munk\u00e1ss\u00e1g\u00e1nak \u00e9s a mak\u00f3i muzsikusok eml\u00e9k\u00e9t \u0151rz\u0151 oldal\",\"potentialAction\":[{\"@type\":\"SearchAction\",\"target\":{\"@type\":\"EntryPoint\",\"urlTemplate\":\"https:\/\/bozsogiattila.hu\/?s={search_term_string}\"},\"query-input\":\"required name=search_term_string\"}],\"inLanguage\":\"hu\"},{\"@type\":\"Person\",\"@id\":\"https:\/\/bozsogiattila.hu\/#\/schema\/person\/488c99f554a8c4039201260dd5eb795e\",\"name\":\"Bozsogi Attila\",\"image\":{\"@type\":\"ImageObject\",\"inLanguage\":\"hu\",\"@id\":\"https:\/\/bozsogiattila.hu\/#\/schema\/person\/image\/\",\"url\":\"https:\/\/secure.gravatar.com\/avatar\/7da6b5985e34ed798d1670c54ce7d20e6a53b800bb0c07945c64b09392f3dbfd?s=96&d=mm&r=g\",\"contentUrl\":\"https:\/\/secure.gravatar.com\/avatar\/7da6b5985e34ed798d1670c54ce7d20e6a53b800bb0c07945c64b09392f3dbfd?s=96&d=mm&r=g\",\"caption\":\"Bozsogi Attila\"},\"sameAs\":[\"http:\/\/www.boszogiattila.hu\"],\"url\":\"https:\/\/bozsogiattila.hu\/?author=3\"}]}<\/script>\n<!-- \/ Yoast SEO plugin. -->","yoast_head_json":{"title":"MINDSZENTY (PEHM) J\u00d3ZSEF - Bozsogi Attila","robots":{"index":"index","follow":"follow","max-snippet":"max-snippet:-1","max-image-preview":"max-image-preview:large","max-video-preview":"max-video-preview:-1"},"canonical":"https:\/\/bozsogiattila.hu\/?p=1483","og_locale":"hu_HU","og_type":"article","og_title":"MINDSZENTY (PEHM) J\u00d3ZSEF - Bozsogi Attila","og_description":"MINDSZENTY (PEHM) J\u00d3ZSEF Mindszenty J\u00f3zsef (1892-1975) b\u00edboros, esztergomi \u00e9rsek, Magyarorsz\u00e1g els\u0151 hercegpr\u00edm\u00e1sa, aki t\u00f6bbsz\u00f6r felemelte a szav\u00e1t a vall\u00e1suk, anyanyelv\u00fck, nemzetis\u00e9gi hovatartoz\u00e1suk miatt \u00fcld\u00f6z\u00f6ttek \u00e9rdek\u00e9ben.Felh\u00edvta a figyelm\u00e9t az Ideiglenes Nemzeti Korm\u00e1ny minisztereln\u00f6k\u00e9nek a N\u00e9metorsz\u00e1gba t\u00f6rt\u00e9n\u0151 deport\u00e1l\u00e1sokra, a szovjet fogolyt\u00e1borokban uralkod\u00f3 \u00e1llapotokra, \u00e9s a letart\u00f3ztatott papokkal val\u00f3 rossz b\u00e1n\u00e1sm\u00f3dra.1945-47 k\u00f6z\u00f6tt t\u00f6bbsz\u00f6r fell\u00e9pett a felvid\u00e9ki magyarok jogfoszt\u00e1sa, ... Olvass tov\u00e1bb","og_url":"https:\/\/bozsogiattila.hu\/?p=1483","og_site_name":"Bozsogi Attila","article_published_time":"2024-01-14T14:46:44+00:00","author":"Bozsogi Attila","twitter_card":"summary_large_image","twitter_misc":{"Szerz\u0151:":"Bozsogi Attila","Becs\u00fclt olvas\u00e1si id\u0151":"4 perc"},"schema":{"@context":"https:\/\/schema.org","@graph":[{"@type":"WebPage","@id":"https:\/\/bozsogiattila.hu\/?p=1483","url":"https:\/\/bozsogiattila.hu\/?p=1483","name":"MINDSZENTY (PEHM) J\u00d3ZSEF - Bozsogi Attila","isPartOf":{"@id":"https:\/\/bozsogiattila.hu\/#website"},"datePublished":"2024-01-14T14:46:44+00:00","dateModified":"2024-01-14T14:46:44+00:00","author":{"@id":"https:\/\/bozsogiattila.hu\/#\/schema\/person\/488c99f554a8c4039201260dd5eb795e"},"breadcrumb":{"@id":"https:\/\/bozsogiattila.hu\/?p=1483#breadcrumb"},"inLanguage":"hu","potentialAction":[{"@type":"ReadAction","target":["https:\/\/bozsogiattila.hu\/?p=1483"]}]},{"@type":"BreadcrumbList","@id":"https:\/\/bozsogiattila.hu\/?p=1483#breadcrumb","itemListElement":[{"@type":"ListItem","position":1,"name":"Kezd\u0151lap","item":"https:\/\/bozsogiattila.hu\/"},{"@type":"ListItem","position":2,"name":"MINDSZENTY (PEHM) J\u00d3ZSEF"}]},{"@type":"WebSite","@id":"https:\/\/bozsogiattila.hu\/#website","url":"https:\/\/bozsogiattila.hu\/","name":"Bozsogi Attila","description":"a zen\u00e9sz, \u00edr\u00f3 munk\u00e1ss\u00e1g\u00e1nak \u00e9s a mak\u00f3i muzsikusok eml\u00e9k\u00e9t \u0151rz\u0151 oldal","potentialAction":[{"@type":"SearchAction","target":{"@type":"EntryPoint","urlTemplate":"https:\/\/bozsogiattila.hu\/?s={search_term_string}"},"query-input":"required name=search_term_string"}],"inLanguage":"hu"},{"@type":"Person","@id":"https:\/\/bozsogiattila.hu\/#\/schema\/person\/488c99f554a8c4039201260dd5eb795e","name":"Bozsogi Attila","image":{"@type":"ImageObject","inLanguage":"hu","@id":"https:\/\/bozsogiattila.hu\/#\/schema\/person\/image\/","url":"https:\/\/secure.gravatar.com\/avatar\/7da6b5985e34ed798d1670c54ce7d20e6a53b800bb0c07945c64b09392f3dbfd?s=96&d=mm&r=g","contentUrl":"https:\/\/secure.gravatar.com\/avatar\/7da6b5985e34ed798d1670c54ce7d20e6a53b800bb0c07945c64b09392f3dbfd?s=96&d=mm&r=g","caption":"Bozsogi Attila"},"sameAs":["http:\/\/www.boszogiattila.hu"],"url":"https:\/\/bozsogiattila.hu\/?author=3"}]}},"jetpack_featured_media_url":"","_links":{"self":[{"href":"https:\/\/bozsogiattila.hu\/index.php?rest_route=\/wp\/v2\/posts\/1483","targetHints":{"allow":["GET"]}}],"collection":[{"href":"https:\/\/bozsogiattila.hu\/index.php?rest_route=\/wp\/v2\/posts"}],"about":[{"href":"https:\/\/bozsogiattila.hu\/index.php?rest_route=\/wp\/v2\/types\/post"}],"author":[{"embeddable":true,"href":"https:\/\/bozsogiattila.hu\/index.php?rest_route=\/wp\/v2\/users\/3"}],"replies":[{"embeddable":true,"href":"https:\/\/bozsogiattila.hu\/index.php?rest_route=%2Fwp%2Fv2%2Fcomments&post=1483"}],"version-history":[{"count":1,"href":"https:\/\/bozsogiattila.hu\/index.php?rest_route=\/wp\/v2\/posts\/1483\/revisions"}],"predecessor-version":[{"id":1484,"href":"https:\/\/bozsogiattila.hu\/index.php?rest_route=\/wp\/v2\/posts\/1483\/revisions\/1484"}],"wp:attachment":[{"href":"https:\/\/bozsogiattila.hu\/index.php?rest_route=%2Fwp%2Fv2%2Fmedia&parent=1483"}],"wp:term":[{"taxonomy":"category","embeddable":true,"href":"https:\/\/bozsogiattila.hu\/index.php?rest_route=%2Fwp%2Fv2%2Fcategories&post=1483"},{"taxonomy":"post_tag","embeddable":true,"href":"https:\/\/bozsogiattila.hu\/index.php?rest_route=%2Fwp%2Fv2%2Ftags&post=1483"}],"curies":[{"name":"wp","href":"https:\/\/api.w.org\/{rel}","templated":true}]}}