{"id":1486,"date":"2024-01-14T14:50:40","date_gmt":"2024-01-14T14:50:40","guid":{"rendered":"https:\/\/bozsogiattila.hu\/?p=1486"},"modified":"2024-01-14T14:50:40","modified_gmt":"2024-01-14T14:50:40","slug":"szollosi-jeno-1893-1946","status":"publish","type":"post","link":"https:\/\/bozsogiattila.hu\/?p=1486","title":{"rendered":"SZ\u0150LL\u0150SI JEN\u0150 (1893-1946)"},"content":{"rendered":"\n<p class=\"wp-block-paragraph\"><strong>SZ\u0150LL\u0150SI JEN\u0150 (1893-1946)<\/strong><\/p>\n\n\n\n<p class=\"wp-block-paragraph\"><em>A politikai \u00e9let ismert alakja volt orsz\u00e1gosan is annak ellen\u00e9re, hogy Mak\u00f3r\u00f3l, mint vid\u00e9ki politikus kapcsol\u00f3dott be a Nyilas p\u00e1rt tev\u00e9kenys\u00e9g\u00e9be.<\/em><\/p>\n\n\n\n<p class=\"wp-block-paragraph\"><em>Politikus, gy\u00f3gyszer\u00e9sz volt, aki Karlsruh\u00e9ben vegy\u00e9szm\u00e9rn\u00f6ki, Budapesten gy\u00f3gyszer\u00e9szi, \u00e9s jogi v\u00e9gbizony\u00edtv\u00e1nyt szerzett.<\/em><\/p>\n\n\n\n<p class=\"wp-block-paragraph\"><em>Mint mak\u00f3i gy\u00f3gyszer\u00e9sz, gy\u00f3gyszert\u00e1r tulajdonos, a Csongr\u00e1d v\u00e1rmegyei t\u00f6rv\u00e9nyhat\u00f3s\u00e1gi bizotts\u00e1g tagja.<\/em><\/p>\n\n\n\n<p class=\"wp-block-paragraph\"><em>1939-ben a mak\u00f3i v\u00e1laszt\u00f3ker\u00fclet orsz\u00e1ggy\u0171l\u00e9si k\u00e9pvisel\u0151je lett p\u00e1rton k\u00edv\u00fcli programmal.<\/em><\/p>\n\n\n\n<p class=\"wp-block-paragraph\"><em>1941-t\u0151l a Nyilaskeresztes P\u00e1rt k\u00e9pvisel\u0151csoportj\u00e1nak vezet\u0151je volt.<\/em><\/p>\n\n\n\n<p class=\"wp-block-paragraph\"><em>1943-ban az \u00d6sszetart\u00e1s c. nyilas napilapot szerkeszti.<\/em><\/p>\n\n\n\n<p class=\"wp-block-paragraph\"><em>1944. okt. 12-t\u0151l a jobboldali orsz\u00e1ggy\u0171l\u00e9si k\u00e9pvisel\u0151ket t\u00f6m\u00f6r\u00edt\u0151 T\u00f6rv\u00e9nyhoz\u00f3k Nemzeti Sz\u00f6vets\u00e9g\u00e9nek egyik szervez\u0151je \u00e9s aleln\u00f6ke.<\/em><\/p>\n\n\n\n<p class=\"wp-block-paragraph\"><em>Mak\u00f3n, 1941-ben tev\u00e9kenys\u00e9g\u00e9nek hat\u00e1s\u00e1ra n\u00f6vekszik a Nyilaskeresztes P\u00e1rt tagl\u00e9tsz\u00e1ma. A v\u00e1ros legvagyonosabb embere, mint gy\u00f3gyszer\u00e9sz, \u00e9s s\u00f6r-bor nagykeresked\u0151. A legt\u00f6bb ad\u00f3t fizet\u0151k list\u00e1j\u00e1n a v\u00e1rosban mindig az els\u0151 helyen \u00e1llt. 1941 szeptember\u00e9ben m\u00e1r t\u00f6bben is megel\u0151zt\u00e9k, \u00e9s ad\u00f3j\u00e1nak \u00f6sszege is kevesebb lett. Az els\u0151 helyen szerepl\u0151 dr. Galambos Emil\u00e9 11.353, az \u00f6v\u00e9 viszont 5382peng\u0151 lett.<\/em><\/p>\n\n\n\n<p class=\"wp-block-paragraph\"><em>Vagyona egy r\u00e9sz\u00e9t teh\u00e1t fel\u00e1ldozta a magyar nemzet j\u00f6v\u0151je \u00e9rdek\u00e9ben.<\/em><\/p>\n\n\n\n<p class=\"wp-block-paragraph\"><em>Miut\u00e1n 1941 szeptember\u00e9ben 11 k\u00e9pvisel\u0151 kil\u00e9pett a p\u00e1rtb\u00f3l, \u00e9s a p\u00e1rt vezet\u0151s\u00e9g\u00e9b\u0151l fokozatosan elt\u00e1voztak a z\u00f6m\u00e9ben k\u00f6z\u00e9poszt\u00e1lybeli dzsentrisz\u00e1rmaz\u00e1s\u00faak, Sz\u00e1lasi Ferenc a vezet\u00e9si v\u00e1ls\u00e1got \u00fagy oldotta meg, hogy f\u0151leg vid\u00e9ki \u00e9rtelmis\u00e9gieket vont be a vezet\u00e9sbe.<\/em><\/p>\n\n\n\n<p class=\"wp-block-paragraph\"><em>\u00cdgy lett Gera J\u00f3zsef a p\u00e1rt orsz\u00e1gos sajt\u00f3- \u00e9s propagandafelel\u0151se, m\u00edg Sz\u0151ll\u0151si Jen\u0151 a k\u00e9pvisel\u0151csoport vezet\u0151je.<\/em><\/p>\n\n\n\n<p class=\"wp-block-paragraph\"><em>A Nyilas hatalom\u00e1tv\u00e9tel ut\u00e1n minisztereln\u00f6k helyettes. (1944. okt. 16 \u2013 1945. m\u00e1rc. 27.)<\/em><\/p>\n\n\n\n<p class=\"wp-block-paragraph\"><em>A k\u00e9pvisel\u0151h\u00e1z el\u00e9 terjesztette Sz\u00e1lasi \u00e1llamf\u0151i megb\u00edz\u00e1s\u00e1nak t\u00f6rv\u00e9nyjavaslat\u00e1t.<\/em><\/p>\n\n\n\n<p class=\"wp-block-paragraph\"><em>Mikor meghallotta, hogy a bolsevista gyilkosok a hungarista korm\u00e1ny tagjait v\u00e9rb\u00edr\u00f3s\u00e1g el\u00e9 \u00e1ll\u00edtj\u00e1k, \u00f6nk\u00e9nt hazaj\u00f6tt N\u00e9metorsz\u00e1gb\u00f3l. (1945. okt. 3.)<\/em><\/p>\n\n\n\n<p class=\"wp-block-paragraph\"><em>A n\u00e9pb\u00edr\u00f3s\u00e1g a \u201eh\u00e1bor\u00fas f\u0151b\u0171n\u00f6s\u00f6k\u201d per\u00e9ben (1946. febr. \u2013m\u00e1rc.) k\u00f6t\u00e9l \u00e1ltali hal\u00e1lra \u00edt\u00e9lt\u00e9k, \u00e9s az \u00edt\u00e9letet v\u00e9grehajtott\u00e1k.<\/em><\/p>\n","protected":false},"excerpt":{"rendered":"<p>SZ\u0150LL\u0150SI JEN\u0150 (1893-1946) A politikai \u00e9let ismert alakja volt orsz\u00e1gosan is annak ellen\u00e9re, hogy Mak\u00f3r\u00f3l, mint vid\u00e9ki politikus kapcsol\u00f3dott be a Nyilas p\u00e1rt tev\u00e9kenys\u00e9g\u00e9be. Politikus, gy\u00f3gyszer\u00e9sz volt, aki Karlsruh\u00e9ben vegy\u00e9szm\u00e9rn\u00f6ki, Budapesten gy\u00f3gyszer\u00e9szi, \u00e9s jogi v\u00e9gbizony\u00edtv\u00e1nyt szerzett. Mint mak\u00f3i gy\u00f3gyszer\u00e9sz, gy\u00f3gyszert\u00e1r tulajdonos, a Csongr\u00e1d v\u00e1rmegyei t\u00f6rv\u00e9nyhat\u00f3s\u00e1gi bizotts\u00e1g tagja. 1939-ben a mak\u00f3i v\u00e1laszt\u00f3ker\u00fclet orsz\u00e1ggy\u0171l\u00e9si k\u00e9pvisel\u0151je lett p\u00e1rton &#8230; <a title=\"SZ\u0150LL\u0150SI JEN\u0150 (1893-1946)\" class=\"read-more\" href=\"https:\/\/bozsogiattila.hu\/?p=1486\" aria-label=\"Tov\u00e1bbiak SZ\u0150LL\u0150SI JEN\u0150 (1893-1946)\">Olvass tov\u00e1bb<\/a><\/p>\n","protected":false},"author":1,"featured_media":0,"comment_status":"open","ping_status":"open","sticky":false,"template":"","format":"standard","meta":{"footnotes":""},"categories":[331],"tags":[],"class_list":["post-1486","post","type-post","status-publish","format-standard","hentry","category-emlkeim"],"yoast_head":"<!-- This site is optimized with the Yoast SEO plugin v21.8 - https:\/\/yoast.com\/wordpress\/plugins\/seo\/ -->\n<title>SZ\u0150LL\u0150SI JEN\u0150 (1893-1946) - Bozsogi Attila<\/title>\n<meta name=\"robots\" content=\"index, follow, max-snippet:-1, max-image-preview:large, max-video-preview:-1\" \/>\n<link rel=\"canonical\" href=\"https:\/\/bozsogiattila.hu\/?p=1486\" \/>\n<meta property=\"og:locale\" content=\"hu_HU\" \/>\n<meta property=\"og:type\" content=\"article\" \/>\n<meta property=\"og:title\" content=\"SZ\u0150LL\u0150SI JEN\u0150 (1893-1946) - Bozsogi Attila\" \/>\n<meta property=\"og:description\" content=\"SZ\u0150LL\u0150SI JEN\u0150 (1893-1946) A politikai \u00e9let ismert alakja volt orsz\u00e1gosan is annak ellen\u00e9re, hogy Mak\u00f3r\u00f3l, mint vid\u00e9ki politikus kapcsol\u00f3dott be a Nyilas p\u00e1rt tev\u00e9kenys\u00e9g\u00e9be. Politikus, gy\u00f3gyszer\u00e9sz volt, aki Karlsruh\u00e9ben vegy\u00e9szm\u00e9rn\u00f6ki, Budapesten gy\u00f3gyszer\u00e9szi, \u00e9s jogi v\u00e9gbizony\u00edtv\u00e1nyt szerzett. Mint mak\u00f3i gy\u00f3gyszer\u00e9sz, gy\u00f3gyszert\u00e1r tulajdonos, a Csongr\u00e1d v\u00e1rmegyei t\u00f6rv\u00e9nyhat\u00f3s\u00e1gi bizotts\u00e1g tagja. 1939-ben a mak\u00f3i v\u00e1laszt\u00f3ker\u00fclet orsz\u00e1ggy\u0171l\u00e9si k\u00e9pvisel\u0151je lett p\u00e1rton ... Olvass tov\u00e1bb\" \/>\n<meta property=\"og:url\" content=\"https:\/\/bozsogiattila.hu\/?p=1486\" \/>\n<meta property=\"og:site_name\" content=\"Bozsogi Attila\" \/>\n<meta property=\"article:published_time\" content=\"2024-01-14T14:50:40+00:00\" \/>\n<meta name=\"author\" content=\"admin\" \/>\n<meta name=\"twitter:card\" content=\"summary_large_image\" \/>\n<meta name=\"twitter:label1\" content=\"Szerz\u0151:\" \/>\n\t<meta name=\"twitter:data1\" content=\"admin\" \/>\n\t<meta name=\"twitter:label2\" content=\"Becs\u00fclt olvas\u00e1si id\u0151\" \/>\n\t<meta name=\"twitter:data2\" content=\"2 perc\" \/>\n<script type=\"application\/ld+json\" class=\"yoast-schema-graph\">{\"@context\":\"https:\/\/schema.org\",\"@graph\":[{\"@type\":\"WebPage\",\"@id\":\"https:\/\/bozsogiattila.hu\/?p=1486\",\"url\":\"https:\/\/bozsogiattila.hu\/?p=1486\",\"name\":\"SZ\u0150LL\u0150SI JEN\u0150 (1893-1946) - Bozsogi Attila\",\"isPartOf\":{\"@id\":\"https:\/\/bozsogiattila.hu\/#website\"},\"datePublished\":\"2024-01-14T14:50:40+00:00\",\"dateModified\":\"2024-01-14T14:50:40+00:00\",\"author\":{\"@id\":\"https:\/\/bozsogiattila.hu\/#\/schema\/person\/23ed6e4fde912e3fbbff3c94fd70af93\"},\"breadcrumb\":{\"@id\":\"https:\/\/bozsogiattila.hu\/?p=1486#breadcrumb\"},\"inLanguage\":\"hu\",\"potentialAction\":[{\"@type\":\"ReadAction\",\"target\":[\"https:\/\/bozsogiattila.hu\/?p=1486\"]}]},{\"@type\":\"BreadcrumbList\",\"@id\":\"https:\/\/bozsogiattila.hu\/?p=1486#breadcrumb\",\"itemListElement\":[{\"@type\":\"ListItem\",\"position\":1,\"name\":\"Kezd\u0151lap\",\"item\":\"https:\/\/bozsogiattila.hu\/\"},{\"@type\":\"ListItem\",\"position\":2,\"name\":\"SZ\u0150LL\u0150SI JEN\u0150 (1893-1946)\"}]},{\"@type\":\"WebSite\",\"@id\":\"https:\/\/bozsogiattila.hu\/#website\",\"url\":\"https:\/\/bozsogiattila.hu\/\",\"name\":\"Bozsogi Attila\",\"description\":\"a zen\u00e9sz, \u00edr\u00f3 munk\u00e1ss\u00e1g\u00e1nak \u00e9s a mak\u00f3i muzsikusok eml\u00e9k\u00e9t \u0151rz\u0151 oldal\",\"potentialAction\":[{\"@type\":\"SearchAction\",\"target\":{\"@type\":\"EntryPoint\",\"urlTemplate\":\"https:\/\/bozsogiattila.hu\/?s={search_term_string}\"},\"query-input\":\"required name=search_term_string\"}],\"inLanguage\":\"hu\"},{\"@type\":\"Person\",\"@id\":\"https:\/\/bozsogiattila.hu\/#\/schema\/person\/23ed6e4fde912e3fbbff3c94fd70af93\",\"name\":\"admin\",\"image\":{\"@type\":\"ImageObject\",\"inLanguage\":\"hu\",\"@id\":\"https:\/\/bozsogiattila.hu\/#\/schema\/person\/image\/\",\"url\":\"https:\/\/secure.gravatar.com\/avatar\/01d71e133a8c6a1366fe0a61fc157ff2dfc21ab658d4999a2c9ed8ae8b7ecafd?s=96&d=mm&r=g\",\"contentUrl\":\"https:\/\/secure.gravatar.com\/avatar\/01d71e133a8c6a1366fe0a61fc157ff2dfc21ab658d4999a2c9ed8ae8b7ecafd?s=96&d=mm&r=g\",\"caption\":\"admin\"},\"sameAs\":[\"https:\/\/bozsogiattila.hu\"],\"url\":\"https:\/\/bozsogiattila.hu\/?author=1\"}]}<\/script>\n<!-- \/ Yoast SEO plugin. -->","yoast_head_json":{"title":"SZ\u0150LL\u0150SI JEN\u0150 (1893-1946) - Bozsogi Attila","robots":{"index":"index","follow":"follow","max-snippet":"max-snippet:-1","max-image-preview":"max-image-preview:large","max-video-preview":"max-video-preview:-1"},"canonical":"https:\/\/bozsogiattila.hu\/?p=1486","og_locale":"hu_HU","og_type":"article","og_title":"SZ\u0150LL\u0150SI JEN\u0150 (1893-1946) - Bozsogi Attila","og_description":"SZ\u0150LL\u0150SI JEN\u0150 (1893-1946) A politikai \u00e9let ismert alakja volt orsz\u00e1gosan is annak ellen\u00e9re, hogy Mak\u00f3r\u00f3l, mint vid\u00e9ki politikus kapcsol\u00f3dott be a Nyilas p\u00e1rt tev\u00e9kenys\u00e9g\u00e9be. Politikus, gy\u00f3gyszer\u00e9sz volt, aki Karlsruh\u00e9ben vegy\u00e9szm\u00e9rn\u00f6ki, Budapesten gy\u00f3gyszer\u00e9szi, \u00e9s jogi v\u00e9gbizony\u00edtv\u00e1nyt szerzett. Mint mak\u00f3i gy\u00f3gyszer\u00e9sz, gy\u00f3gyszert\u00e1r tulajdonos, a Csongr\u00e1d v\u00e1rmegyei t\u00f6rv\u00e9nyhat\u00f3s\u00e1gi bizotts\u00e1g tagja. 1939-ben a mak\u00f3i v\u00e1laszt\u00f3ker\u00fclet orsz\u00e1ggy\u0171l\u00e9si k\u00e9pvisel\u0151je lett p\u00e1rton ... Olvass tov\u00e1bb","og_url":"https:\/\/bozsogiattila.hu\/?p=1486","og_site_name":"Bozsogi Attila","article_published_time":"2024-01-14T14:50:40+00:00","author":"admin","twitter_card":"summary_large_image","twitter_misc":{"Szerz\u0151:":"admin","Becs\u00fclt olvas\u00e1si id\u0151":"2 perc"},"schema":{"@context":"https:\/\/schema.org","@graph":[{"@type":"WebPage","@id":"https:\/\/bozsogiattila.hu\/?p=1486","url":"https:\/\/bozsogiattila.hu\/?p=1486","name":"SZ\u0150LL\u0150SI JEN\u0150 (1893-1946) - Bozsogi Attila","isPartOf":{"@id":"https:\/\/bozsogiattila.hu\/#website"},"datePublished":"2024-01-14T14:50:40+00:00","dateModified":"2024-01-14T14:50:40+00:00","author":{"@id":"https:\/\/bozsogiattila.hu\/#\/schema\/person\/23ed6e4fde912e3fbbff3c94fd70af93"},"breadcrumb":{"@id":"https:\/\/bozsogiattila.hu\/?p=1486#breadcrumb"},"inLanguage":"hu","potentialAction":[{"@type":"ReadAction","target":["https:\/\/bozsogiattila.hu\/?p=1486"]}]},{"@type":"BreadcrumbList","@id":"https:\/\/bozsogiattila.hu\/?p=1486#breadcrumb","itemListElement":[{"@type":"ListItem","position":1,"name":"Kezd\u0151lap","item":"https:\/\/bozsogiattila.hu\/"},{"@type":"ListItem","position":2,"name":"SZ\u0150LL\u0150SI JEN\u0150 (1893-1946)"}]},{"@type":"WebSite","@id":"https:\/\/bozsogiattila.hu\/#website","url":"https:\/\/bozsogiattila.hu\/","name":"Bozsogi Attila","description":"a zen\u00e9sz, \u00edr\u00f3 munk\u00e1ss\u00e1g\u00e1nak \u00e9s a mak\u00f3i muzsikusok eml\u00e9k\u00e9t \u0151rz\u0151 oldal","potentialAction":[{"@type":"SearchAction","target":{"@type":"EntryPoint","urlTemplate":"https:\/\/bozsogiattila.hu\/?s={search_term_string}"},"query-input":"required name=search_term_string"}],"inLanguage":"hu"},{"@type":"Person","@id":"https:\/\/bozsogiattila.hu\/#\/schema\/person\/23ed6e4fde912e3fbbff3c94fd70af93","name":"admin","image":{"@type":"ImageObject","inLanguage":"hu","@id":"https:\/\/bozsogiattila.hu\/#\/schema\/person\/image\/","url":"https:\/\/secure.gravatar.com\/avatar\/01d71e133a8c6a1366fe0a61fc157ff2dfc21ab658d4999a2c9ed8ae8b7ecafd?s=96&d=mm&r=g","contentUrl":"https:\/\/secure.gravatar.com\/avatar\/01d71e133a8c6a1366fe0a61fc157ff2dfc21ab658d4999a2c9ed8ae8b7ecafd?s=96&d=mm&r=g","caption":"admin"},"sameAs":["https:\/\/bozsogiattila.hu"],"url":"https:\/\/bozsogiattila.hu\/?author=1"}]}},"jetpack_featured_media_url":"","_links":{"self":[{"href":"https:\/\/bozsogiattila.hu\/index.php?rest_route=\/wp\/v2\/posts\/1486","targetHints":{"allow":["GET"]}}],"collection":[{"href":"https:\/\/bozsogiattila.hu\/index.php?rest_route=\/wp\/v2\/posts"}],"about":[{"href":"https:\/\/bozsogiattila.hu\/index.php?rest_route=\/wp\/v2\/types\/post"}],"author":[{"embeddable":true,"href":"https:\/\/bozsogiattila.hu\/index.php?rest_route=\/wp\/v2\/users\/1"}],"replies":[{"embeddable":true,"href":"https:\/\/bozsogiattila.hu\/index.php?rest_route=%2Fwp%2Fv2%2Fcomments&post=1486"}],"version-history":[{"count":1,"href":"https:\/\/bozsogiattila.hu\/index.php?rest_route=\/wp\/v2\/posts\/1486\/revisions"}],"predecessor-version":[{"id":1487,"href":"https:\/\/bozsogiattila.hu\/index.php?rest_route=\/wp\/v2\/posts\/1486\/revisions\/1487"}],"wp:attachment":[{"href":"https:\/\/bozsogiattila.hu\/index.php?rest_route=%2Fwp%2Fv2%2Fmedia&parent=1486"}],"wp:term":[{"taxonomy":"category","embeddable":true,"href":"https:\/\/bozsogiattila.hu\/index.php?rest_route=%2Fwp%2Fv2%2Fcategories&post=1486"},{"taxonomy":"post_tag","embeddable":true,"href":"https:\/\/bozsogiattila.hu\/index.php?rest_route=%2Fwp%2Fv2%2Ftags&post=1486"}],"curies":[{"name":"wp","href":"https:\/\/api.w.org\/{rel}","templated":true}]}}