{"id":1488,"date":"2024-01-14T14:51:38","date_gmt":"2024-01-14T14:51:38","guid":{"rendered":"https:\/\/bozsogiattila.hu\/?p=1488"},"modified":"2024-01-14T14:51:39","modified_gmt":"2024-01-14T14:51:39","slug":"az-altalanos-iskola-befejezese","status":"publish","type":"post","link":"https:\/\/bozsogiattila.hu\/?p=1488","title":{"rendered":"AZ \u00c1LTAL\u00c1NOS ISKOLA BEFEJEZ\u00c9SE"},"content":{"rendered":"\n<p class=\"wp-block-paragraph\">AZ \u00c1LTAL\u00c1NOS ISKOLA BEFEJEZ\u00c9SE<\/p>\n\n\n\n<p class=\"wp-block-paragraph\">Miel\u0151tt elk\u00f6sz\u00f6nn\u00e9k az \u00e1ltal\u00e1nos iskolai \u00e9let\u00fcnkt\u0151l \u00e9s azokt\u00f3l az oszt\u00e1lyt\u00e1rsakt\u00f3l, akikkel lehet, hogy soha t\u00f6bb\u00e9 nem fogunk tal\u00e1lkozni, m\u00e9g p\u00e1r t\u00f6rt\u00e9netet eleven\u00edtek meg, melyeknek m\u00e9g szerepl\u0151i, tan\u00fai voltak oszt\u00e1lyt\u00e1rsaim.<br>Ahogy teltek az \u00e9vek egyre jobban kezdtek tan\u00e1raink feln\u0151ttk\u00e9nt kezelni benn\u00fcnket, \u00e9s olyan dolgokkal megb\u00edzni, melyek bizonyos m\u00e9rt\u00e9kben felel\u0151ss\u00e9ggel j\u00e1tak.<br>Ilyen volt a K\u00e1lvin utcai reform\u00e1tus templomban (Feh\u00e9r templom) teljes\u00edtett t\u0171z\u0151rs\u00e9g, ahol kettes vagy n\u00e9gyes csoportokban l\u00e1ttuk el a szolg\u00e1latot.<br>A torony s\u00e9t\u00e1l\u00f3folyos\u00f3j\u00e1n a mintegy hatvan cm. sz\u00e9les falon fel volt festve az \u00e9gt\u00e1jak szerint a v\u00e1rost k\u00f6r\u00fclvev\u0151 f\u00f6ldter\u00fcletek, telep\u00fcl\u00e9sek, \u00e9s ha t\u00fczet \u00e9szleltek a szolg\u00e1latban l\u00e9v\u0151 di\u00e1kok, telefonon jelezt\u00e9k a t\u0171zolt\u00f3s\u00e1gnak a koordin\u00e1t\u00e1k beolvas\u00e1s\u00e1val a jelzett ir\u00e1nyt.<br>\u00c1ltal\u00e1ban bar\u00e1tokb\u00f3l \u00e1ll\u00f3 \u00f6nk\u00e9ntes csoportok l\u00e1tt\u00e1k el alkalmank\u00e9nt ezt a feladatot.<br>Sz\u00edvesen jelentkezett mindenki szolg\u00e1latra, mivel tiszta id\u0151ben a szolg\u00e1lati t\u00e1vcs\u0151vel Szeged l\u00e1tk\u00e9pe is l\u00e1that\u00f3 volt.<\/p>\n\n\n\n<p class=\"wp-block-paragraph\">H\u00e1rom bar\u00e1tommal Cimbivel, Kov\u00e1cs Jancsival, Varga Tomival voltunk szolg\u00e1latban. Mindh\u00e1rman megb\u00edzhat\u00f3, de t\u00fal sok fant\u00e1zi\u00e1val felruh\u00e1zott di\u00e1kok voltak, akik e tulajdons\u00e1guk miatt m\u00e1r sok kellemetlens\u00e9gnek voltak el\u0151id\u00e9z\u0151i.<br>Az eltelt hossz\u00fa id\u0151 miatt m\u00e1r nem tudom, hogy kinek az agy\u00e1ban sz\u00fcletett meg a rendk\u00edv\u00fcl vesz\u00e9lyes \u00f6tlet, mely val\u00f3s\u00e1gg\u00e1 v\u00e1lt r\u00f6vid id\u0151 m\u00falva.<br>Elhangzott a k\u00e9rd\u00e9s: Ki mer a v\u00e9d\u0151korl\u00e1tk\u00e9nt alkalmazott falon k\u00f6rbe menni, a sz\u00e9d\u00edt\u0151 magass\u00e1gban?<\/p>\n\n\n\n<p class=\"wp-block-paragraph\">Varga Tomi soha nem szerette az ilyen virtuskod\u00e1st, \u00e9s ellenezte a k\u00e9ptelen \u00f6tletet, melyet mi h\u00e1rman komoly kih\u00edv\u00e1snak tekintett\u00fck, elfeledkezve a velej\u00e1r\u00f3 vesz\u00e9lyr\u0151l.<br>V\u00e9g\u00fcl Tomi k\u00f6z\u00f6lte: Ha megcsin\u00e1lj\u00e1tok, \u00e9n m\u00e1r itt sem vagyok. Akkor, szia, mondtuk neki, &#8211;miut\u00e1n Tomi val\u00f3ban otthagyott benn\u00fcnket.<br>A huzavon\u00e1t v\u00e9g\u00fcl Cimbi t\u00f6rte meg, \u00e9s felugorva a falra elindult k\u00f6rbe nem t\u00f6r\u0151dve a magass\u00e1ggal. P\u00e1r l\u00e9p\u00e9st mehetett, mikor k\u00f6vettem a s\u00e9t\u00e1l\u00e1sban, majd Jancsi is r\u00e9szese lett az esztelen j\u00e1t\u00e9knak.<br>A n\u00e9gy sarkon a b\u00e1styaszer\u0171 magaslatokat kiker\u00fclve, v\u00e9g\u00fcl minden baj n\u00e9lk\u00fcl k\u00f6rbe \u00e9rt\u00fcnk, \u00e9s mint akik h\u0151stettet hajtottak v\u00e9gre, kezet fogtunk.<br>A szolg\u00e1lat letelte ut\u00e1n az esem\u00e9nynapl\u00f3ba be\u00edrtuk: Szolg\u00e1lati id\u0151nk alatt semmi k\u00fcl\u00f6nleges esem\u00e9ny nem t\u00f6rt\u00e9nt. Majd al\u00e1\u00edr\u00e1sunkkal hiteles\u00edtett\u00fck \u00e1ll\u00edt\u00e1sunkat.<br>Ezut\u00e1n \u00e1tadtuk a szolg\u00e1latot az \u00e9jszakai \u00fcgyel\u0151knek, akik feln\u0151ttek voltak.<\/p>\n\n\n\n<p class=\"wp-block-paragraph\">M\u00e1snap d\u00e9lel\u0151tt egyik \u00f3r\u00e1n megjelent az oszt\u00e1lyf\u0151n\u00f6k\u00fcnk, \u00e9s megk\u00e9rdezte: kik voltak azok az \u0151r\u00fcltek, akik tegnap t\u0171z\u0151rs\u00e9get l\u00e1ttak el?<br>Fel\u00e1lltunk mind a n\u00e9gyen, mintha semmi sem t\u00f6rt\u00e9nt volna.<br>Volt valami rendk\u00edv\u00fcli esem\u00e9ny a szolg\u00e1lat ideje alatt, &#8211; hangzott el a k\u00f6vetkez\u0151 k\u00e9rd\u00e9s?<br>Szinte egyszerre mondtuk, hogy nem.<br>Ekkor ny\u00edlt az ajt\u00f3, \u00e9s bel\u00e9pett Buz\u00e1s tan\u00edt\u00f3 n\u00e9ni, akinek a kertje a torony alatt volt, \u00e9s onnan mindent l\u00e1tott, csak nem ismert fel benn\u00fcnket.<br>Miut\u00e1n bevallottuk \u201eh\u0151stett\u00fcnket\u201d egy-egy szigor\u00fa igazgat\u00f3i megrov\u00e1ssal gazdagodott, az am\u00fagy is sz\u00ednes be\u00edr\u00e1sokkal tark\u00edtott ellen\u0151rz\u0151nk.<br>Tomi is hasonl\u00f3 jutalomban r\u00e9szes\u00fclt, mert nem tett semmit a terv meghi\u00fas\u00edt\u00e1sa \u00e9rdek\u00e9ben.<br>V\u00e9g\u00fcl, mind a n\u00e9gy\u00fcnket \u00f6r\u00f6kre eltiltottak az ilyen szolg\u00e1latok ell\u00e1t\u00e1s\u00e1t\u00f3l!<\/p>\n\n\n\n<p class=\"wp-block-paragraph\"><\/p>\n","protected":false},"excerpt":{"rendered":"<p>AZ \u00c1LTAL\u00c1NOS ISKOLA BEFEJEZ\u00c9SE Miel\u0151tt elk\u00f6sz\u00f6nn\u00e9k az \u00e1ltal\u00e1nos iskolai \u00e9let\u00fcnkt\u0151l \u00e9s azokt\u00f3l az oszt\u00e1lyt\u00e1rsakt\u00f3l, akikkel lehet, hogy soha t\u00f6bb\u00e9 nem fogunk tal\u00e1lkozni, m\u00e9g p\u00e1r t\u00f6rt\u00e9netet eleven\u00edtek meg, melyeknek m\u00e9g szerepl\u0151i, tan\u00fai voltak oszt\u00e1lyt\u00e1rsaim.Ahogy teltek az \u00e9vek egyre jobban kezdtek tan\u00e1raink feln\u0151ttk\u00e9nt kezelni benn\u00fcnket, \u00e9s olyan dolgokkal megb\u00edzni, melyek bizonyos m\u00e9rt\u00e9kben felel\u0151ss\u00e9ggel j\u00e1tak.Ilyen volt a K\u00e1lvin &#8230; <a title=\"AZ \u00c1LTAL\u00c1NOS ISKOLA BEFEJEZ\u00c9SE\" class=\"read-more\" href=\"https:\/\/bozsogiattila.hu\/?p=1488\" aria-label=\"Tov\u00e1bbiak AZ \u00c1LTAL\u00c1NOS ISKOLA BEFEJEZ\u00c9SE\">Olvass tov\u00e1bb<\/a><\/p>\n","protected":false},"author":3,"featured_media":0,"comment_status":"open","ping_status":"open","sticky":false,"template":"","format":"standard","meta":{"footnotes":""},"categories":[331],"tags":[],"class_list":["post-1488","post","type-post","status-publish","format-standard","hentry","category-emlkeim"],"yoast_head":"<!-- This site is optimized with the Yoast SEO plugin v21.8 - https:\/\/yoast.com\/wordpress\/plugins\/seo\/ -->\n<title>AZ \u00c1LTAL\u00c1NOS ISKOLA BEFEJEZ\u00c9SE - Bozsogi Attila<\/title>\n<meta name=\"robots\" content=\"index, follow, max-snippet:-1, max-image-preview:large, max-video-preview:-1\" \/>\n<link rel=\"canonical\" href=\"https:\/\/bozsogiattila.hu\/?p=1488\" \/>\n<meta property=\"og:locale\" content=\"hu_HU\" \/>\n<meta property=\"og:type\" content=\"article\" \/>\n<meta property=\"og:title\" content=\"AZ \u00c1LTAL\u00c1NOS ISKOLA BEFEJEZ\u00c9SE - Bozsogi Attila\" \/>\n<meta property=\"og:description\" content=\"AZ \u00c1LTAL\u00c1NOS ISKOLA BEFEJEZ\u00c9SE Miel\u0151tt elk\u00f6sz\u00f6nn\u00e9k az \u00e1ltal\u00e1nos iskolai \u00e9let\u00fcnkt\u0151l \u00e9s azokt\u00f3l az oszt\u00e1lyt\u00e1rsakt\u00f3l, akikkel lehet, hogy soha t\u00f6bb\u00e9 nem fogunk tal\u00e1lkozni, m\u00e9g p\u00e1r t\u00f6rt\u00e9netet eleven\u00edtek meg, melyeknek m\u00e9g szerepl\u0151i, tan\u00fai voltak oszt\u00e1lyt\u00e1rsaim.Ahogy teltek az \u00e9vek egyre jobban kezdtek tan\u00e1raink feln\u0151ttk\u00e9nt kezelni benn\u00fcnket, \u00e9s olyan dolgokkal megb\u00edzni, melyek bizonyos m\u00e9rt\u00e9kben felel\u0151ss\u00e9ggel j\u00e1tak.Ilyen volt a K\u00e1lvin ... Olvass tov\u00e1bb\" \/>\n<meta property=\"og:url\" content=\"https:\/\/bozsogiattila.hu\/?p=1488\" \/>\n<meta property=\"og:site_name\" content=\"Bozsogi Attila\" \/>\n<meta property=\"article:published_time\" content=\"2024-01-14T14:51:38+00:00\" \/>\n<meta property=\"article:modified_time\" content=\"2024-01-14T14:51:39+00:00\" \/>\n<meta name=\"author\" content=\"Bozsogi Attila\" \/>\n<meta name=\"twitter:card\" content=\"summary_large_image\" \/>\n<meta name=\"twitter:label1\" content=\"Szerz\u0151:\" \/>\n\t<meta name=\"twitter:data1\" content=\"Bozsogi Attila\" \/>\n\t<meta name=\"twitter:label2\" content=\"Becs\u00fclt olvas\u00e1si id\u0151\" \/>\n\t<meta name=\"twitter:data2\" content=\"3 perc\" \/>\n<script type=\"application\/ld+json\" class=\"yoast-schema-graph\">{\"@context\":\"https:\/\/schema.org\",\"@graph\":[{\"@type\":\"WebPage\",\"@id\":\"https:\/\/bozsogiattila.hu\/?p=1488\",\"url\":\"https:\/\/bozsogiattila.hu\/?p=1488\",\"name\":\"AZ \u00c1LTAL\u00c1NOS ISKOLA BEFEJEZ\u00c9SE - Bozsogi Attila\",\"isPartOf\":{\"@id\":\"https:\/\/bozsogiattila.hu\/#website\"},\"datePublished\":\"2024-01-14T14:51:38+00:00\",\"dateModified\":\"2024-01-14T14:51:39+00:00\",\"author\":{\"@id\":\"https:\/\/bozsogiattila.hu\/#\/schema\/person\/488c99f554a8c4039201260dd5eb795e\"},\"breadcrumb\":{\"@id\":\"https:\/\/bozsogiattila.hu\/?p=1488#breadcrumb\"},\"inLanguage\":\"hu\",\"potentialAction\":[{\"@type\":\"ReadAction\",\"target\":[\"https:\/\/bozsogiattila.hu\/?p=1488\"]}]},{\"@type\":\"BreadcrumbList\",\"@id\":\"https:\/\/bozsogiattila.hu\/?p=1488#breadcrumb\",\"itemListElement\":[{\"@type\":\"ListItem\",\"position\":1,\"name\":\"Kezd\u0151lap\",\"item\":\"https:\/\/bozsogiattila.hu\/\"},{\"@type\":\"ListItem\",\"position\":2,\"name\":\"AZ \u00c1LTAL\u00c1NOS ISKOLA BEFEJEZ\u00c9SE\"}]},{\"@type\":\"WebSite\",\"@id\":\"https:\/\/bozsogiattila.hu\/#website\",\"url\":\"https:\/\/bozsogiattila.hu\/\",\"name\":\"Bozsogi Attila\",\"description\":\"a zen\u00e9sz, \u00edr\u00f3 munk\u00e1ss\u00e1g\u00e1nak \u00e9s a mak\u00f3i muzsikusok eml\u00e9k\u00e9t \u0151rz\u0151 oldal\",\"potentialAction\":[{\"@type\":\"SearchAction\",\"target\":{\"@type\":\"EntryPoint\",\"urlTemplate\":\"https:\/\/bozsogiattila.hu\/?s={search_term_string}\"},\"query-input\":\"required name=search_term_string\"}],\"inLanguage\":\"hu\"},{\"@type\":\"Person\",\"@id\":\"https:\/\/bozsogiattila.hu\/#\/schema\/person\/488c99f554a8c4039201260dd5eb795e\",\"name\":\"Bozsogi Attila\",\"image\":{\"@type\":\"ImageObject\",\"inLanguage\":\"hu\",\"@id\":\"https:\/\/bozsogiattila.hu\/#\/schema\/person\/image\/\",\"url\":\"https:\/\/secure.gravatar.com\/avatar\/7da6b5985e34ed798d1670c54ce7d20e6a53b800bb0c07945c64b09392f3dbfd?s=96&d=mm&r=g\",\"contentUrl\":\"https:\/\/secure.gravatar.com\/avatar\/7da6b5985e34ed798d1670c54ce7d20e6a53b800bb0c07945c64b09392f3dbfd?s=96&d=mm&r=g\",\"caption\":\"Bozsogi Attila\"},\"sameAs\":[\"http:\/\/www.boszogiattila.hu\"],\"url\":\"https:\/\/bozsogiattila.hu\/?author=3\"}]}<\/script>\n<!-- \/ Yoast SEO plugin. -->","yoast_head_json":{"title":"AZ \u00c1LTAL\u00c1NOS ISKOLA BEFEJEZ\u00c9SE - Bozsogi Attila","robots":{"index":"index","follow":"follow","max-snippet":"max-snippet:-1","max-image-preview":"max-image-preview:large","max-video-preview":"max-video-preview:-1"},"canonical":"https:\/\/bozsogiattila.hu\/?p=1488","og_locale":"hu_HU","og_type":"article","og_title":"AZ \u00c1LTAL\u00c1NOS ISKOLA BEFEJEZ\u00c9SE - Bozsogi Attila","og_description":"AZ \u00c1LTAL\u00c1NOS ISKOLA BEFEJEZ\u00c9SE Miel\u0151tt elk\u00f6sz\u00f6nn\u00e9k az \u00e1ltal\u00e1nos iskolai \u00e9let\u00fcnkt\u0151l \u00e9s azokt\u00f3l az oszt\u00e1lyt\u00e1rsakt\u00f3l, akikkel lehet, hogy soha t\u00f6bb\u00e9 nem fogunk tal\u00e1lkozni, m\u00e9g p\u00e1r t\u00f6rt\u00e9netet eleven\u00edtek meg, melyeknek m\u00e9g szerepl\u0151i, tan\u00fai voltak oszt\u00e1lyt\u00e1rsaim.Ahogy teltek az \u00e9vek egyre jobban kezdtek tan\u00e1raink feln\u0151ttk\u00e9nt kezelni benn\u00fcnket, \u00e9s olyan dolgokkal megb\u00edzni, melyek bizonyos m\u00e9rt\u00e9kben felel\u0151ss\u00e9ggel j\u00e1tak.Ilyen volt a K\u00e1lvin ... Olvass tov\u00e1bb","og_url":"https:\/\/bozsogiattila.hu\/?p=1488","og_site_name":"Bozsogi Attila","article_published_time":"2024-01-14T14:51:38+00:00","article_modified_time":"2024-01-14T14:51:39+00:00","author":"Bozsogi Attila","twitter_card":"summary_large_image","twitter_misc":{"Szerz\u0151:":"Bozsogi Attila","Becs\u00fclt olvas\u00e1si id\u0151":"3 perc"},"schema":{"@context":"https:\/\/schema.org","@graph":[{"@type":"WebPage","@id":"https:\/\/bozsogiattila.hu\/?p=1488","url":"https:\/\/bozsogiattila.hu\/?p=1488","name":"AZ \u00c1LTAL\u00c1NOS ISKOLA BEFEJEZ\u00c9SE - Bozsogi Attila","isPartOf":{"@id":"https:\/\/bozsogiattila.hu\/#website"},"datePublished":"2024-01-14T14:51:38+00:00","dateModified":"2024-01-14T14:51:39+00:00","author":{"@id":"https:\/\/bozsogiattila.hu\/#\/schema\/person\/488c99f554a8c4039201260dd5eb795e"},"breadcrumb":{"@id":"https:\/\/bozsogiattila.hu\/?p=1488#breadcrumb"},"inLanguage":"hu","potentialAction":[{"@type":"ReadAction","target":["https:\/\/bozsogiattila.hu\/?p=1488"]}]},{"@type":"BreadcrumbList","@id":"https:\/\/bozsogiattila.hu\/?p=1488#breadcrumb","itemListElement":[{"@type":"ListItem","position":1,"name":"Kezd\u0151lap","item":"https:\/\/bozsogiattila.hu\/"},{"@type":"ListItem","position":2,"name":"AZ \u00c1LTAL\u00c1NOS ISKOLA BEFEJEZ\u00c9SE"}]},{"@type":"WebSite","@id":"https:\/\/bozsogiattila.hu\/#website","url":"https:\/\/bozsogiattila.hu\/","name":"Bozsogi Attila","description":"a zen\u00e9sz, \u00edr\u00f3 munk\u00e1ss\u00e1g\u00e1nak \u00e9s a mak\u00f3i muzsikusok eml\u00e9k\u00e9t \u0151rz\u0151 oldal","potentialAction":[{"@type":"SearchAction","target":{"@type":"EntryPoint","urlTemplate":"https:\/\/bozsogiattila.hu\/?s={search_term_string}"},"query-input":"required name=search_term_string"}],"inLanguage":"hu"},{"@type":"Person","@id":"https:\/\/bozsogiattila.hu\/#\/schema\/person\/488c99f554a8c4039201260dd5eb795e","name":"Bozsogi Attila","image":{"@type":"ImageObject","inLanguage":"hu","@id":"https:\/\/bozsogiattila.hu\/#\/schema\/person\/image\/","url":"https:\/\/secure.gravatar.com\/avatar\/7da6b5985e34ed798d1670c54ce7d20e6a53b800bb0c07945c64b09392f3dbfd?s=96&d=mm&r=g","contentUrl":"https:\/\/secure.gravatar.com\/avatar\/7da6b5985e34ed798d1670c54ce7d20e6a53b800bb0c07945c64b09392f3dbfd?s=96&d=mm&r=g","caption":"Bozsogi Attila"},"sameAs":["http:\/\/www.boszogiattila.hu"],"url":"https:\/\/bozsogiattila.hu\/?author=3"}]}},"jetpack_featured_media_url":"","_links":{"self":[{"href":"https:\/\/bozsogiattila.hu\/index.php?rest_route=\/wp\/v2\/posts\/1488","targetHints":{"allow":["GET"]}}],"collection":[{"href":"https:\/\/bozsogiattila.hu\/index.php?rest_route=\/wp\/v2\/posts"}],"about":[{"href":"https:\/\/bozsogiattila.hu\/index.php?rest_route=\/wp\/v2\/types\/post"}],"author":[{"embeddable":true,"href":"https:\/\/bozsogiattila.hu\/index.php?rest_route=\/wp\/v2\/users\/3"}],"replies":[{"embeddable":true,"href":"https:\/\/bozsogiattila.hu\/index.php?rest_route=%2Fwp%2Fv2%2Fcomments&post=1488"}],"version-history":[{"count":1,"href":"https:\/\/bozsogiattila.hu\/index.php?rest_route=\/wp\/v2\/posts\/1488\/revisions"}],"predecessor-version":[{"id":1490,"href":"https:\/\/bozsogiattila.hu\/index.php?rest_route=\/wp\/v2\/posts\/1488\/revisions\/1490"}],"wp:attachment":[{"href":"https:\/\/bozsogiattila.hu\/index.php?rest_route=%2Fwp%2Fv2%2Fmedia&parent=1488"}],"wp:term":[{"taxonomy":"category","embeddable":true,"href":"https:\/\/bozsogiattila.hu\/index.php?rest_route=%2Fwp%2Fv2%2Fcategories&post=1488"},{"taxonomy":"post_tag","embeddable":true,"href":"https:\/\/bozsogiattila.hu\/index.php?rest_route=%2Fwp%2Fv2%2Ftags&post=1488"}],"curies":[{"name":"wp","href":"https:\/\/api.w.org\/{rel}","templated":true}]}}