{"id":1491,"date":"2024-01-14T14:52:24","date_gmt":"2024-01-14T14:52:24","guid":{"rendered":"https:\/\/bozsogiattila.hu\/?p=1491"},"modified":"2024-01-14T14:52:24","modified_gmt":"2024-01-14T14:52:24","slug":"a-belvarosi-reformatus-templom","status":"publish","type":"post","link":"https:\/\/bozsogiattila.hu\/?p=1491","title":{"rendered":"A BELV\u00c1ROSI REFORM\u00c1TUS TEMPLOM"},"content":{"rendered":"\n<p class=\"wp-block-paragraph\">A BELV\u00c1ROSI REFORM\u00c1TUS TEMPLOM<\/p>\n\n\n\n<p class=\"wp-block-paragraph\">A templom Mak\u00f3 kiemelked\u0151 l\u00e1tv\u00e1nyoss\u00e1ga, mely h\u0171en t\u00fckr\u00f6zi a r\u00e9gi alf\u00f6ldi v\u00e1rosok hangulat\u00e1t.<br>Nagy terei, vastag falai, er\u0151s homlokzata v\u00e9delmet, er\u0151t, m\u00e9lt\u00f3s\u00e1gteljess\u00e9get sug\u00e1roznak<br>A k\u00e9s\u0151barokk \u00e9p\u00fclet, a K\u00e1lvin t\u00e9ren kelet-nyugat tengelyben \u00e1ll.<br>Az \u00e9p\u00fclet f\u0151hangs\u00faly\u00e1t a homlokzat el\u0151tti, kelet fel\u00e9 t\u00e1jolt 35 m\u00e9ter magas torony jellemzi, melynek sz\u00e9less\u00e9ge szokatlanul nagy, \u00e9s ez adja a templomer\u0151d jelleg\u00e9t.<br>A torony ablakai szegmens\u00edvesek, sisakja egyedi kik\u00e9pz\u00e9s\u0171, ugyanis k\u0151b\u0151l k\u00e9sz\u00fclt, benne a t\u0171z\u0151r szoba helyezkedik el.<br>\u00d3rap\u00e1rk\u00e1nya felett k\u0151korl\u00e1tos t\u0171z\u0151erk\u00e9ly l\u00e1that\u00f3.<br>A k\u00e9t oldalhaj\u00f3 egyszer\u0171 kik\u00e9pz\u00e9s\u0171, ablakai szegmens\u00edvesek.<br>Az \u00e9szaki kereszthaj\u00f3, oromzatos z\u00e1r\u00f3d\u00e1s\u00fa, \u00e9s magass\u00e1ga megegyezik a f\u0151haj\u00f3 magass\u00e1g\u00e1val.<br>A toronnyal \u00e1tellenes oldalon a karzatra vezet\u0151 l\u00e9pcs\u0151h\u00e1z \u00e1ll.<br>A d\u00e9li oldalon pedig a cinterem (el\u0151csarnok) h\u00faz\u00f3dik. A templomot 1778-ban szentelt\u00e9k fel, de m\u00e1r 1774-ben is tartottak istentiszteletet benne.<\/p>\n","protected":false},"excerpt":{"rendered":"<p>A BELV\u00c1ROSI REFORM\u00c1TUS TEMPLOM A templom Mak\u00f3 kiemelked\u0151 l\u00e1tv\u00e1nyoss\u00e1ga, mely h\u0171en t\u00fckr\u00f6zi a r\u00e9gi alf\u00f6ldi v\u00e1rosok hangulat\u00e1t.Nagy terei, vastag falai, er\u0151s homlokzata v\u00e9delmet, er\u0151t, m\u00e9lt\u00f3s\u00e1gteljess\u00e9get sug\u00e1roznakA k\u00e9s\u0151barokk \u00e9p\u00fclet, a K\u00e1lvin t\u00e9ren kelet-nyugat tengelyben \u00e1ll.Az \u00e9p\u00fclet f\u0151hangs\u00faly\u00e1t a homlokzat el\u0151tti, kelet fel\u00e9 t\u00e1jolt 35 m\u00e9ter magas torony jellemzi, melynek sz\u00e9less\u00e9ge szokatlanul nagy, \u00e9s ez adja a &#8230; <a title=\"A BELV\u00c1ROSI REFORM\u00c1TUS TEMPLOM\" class=\"read-more\" href=\"https:\/\/bozsogiattila.hu\/?p=1491\" aria-label=\"Tov\u00e1bbiak A BELV\u00c1ROSI REFORM\u00c1TUS TEMPLOM\">Olvass tov\u00e1bb<\/a><\/p>\n","protected":false},"author":3,"featured_media":0,"comment_status":"open","ping_status":"open","sticky":false,"template":"","format":"standard","meta":{"footnotes":""},"categories":[331],"tags":[],"class_list":["post-1491","post","type-post","status-publish","format-standard","hentry","category-emlkeim"],"yoast_head":"<!-- This site is optimized with the Yoast SEO plugin v21.8 - https:\/\/yoast.com\/wordpress\/plugins\/seo\/ -->\n<title>A BELV\u00c1ROSI REFORM\u00c1TUS TEMPLOM - Bozsogi Attila<\/title>\n<meta name=\"robots\" content=\"index, follow, max-snippet:-1, max-image-preview:large, max-video-preview:-1\" \/>\n<link rel=\"canonical\" href=\"https:\/\/bozsogiattila.hu\/?p=1491\" \/>\n<meta property=\"og:locale\" content=\"hu_HU\" \/>\n<meta property=\"og:type\" content=\"article\" \/>\n<meta property=\"og:title\" content=\"A BELV\u00c1ROSI REFORM\u00c1TUS TEMPLOM - Bozsogi Attila\" \/>\n<meta property=\"og:description\" content=\"A BELV\u00c1ROSI REFORM\u00c1TUS TEMPLOM A templom Mak\u00f3 kiemelked\u0151 l\u00e1tv\u00e1nyoss\u00e1ga, mely h\u0171en t\u00fckr\u00f6zi a r\u00e9gi alf\u00f6ldi v\u00e1rosok hangulat\u00e1t.Nagy terei, vastag falai, er\u0151s homlokzata v\u00e9delmet, er\u0151t, m\u00e9lt\u00f3s\u00e1gteljess\u00e9get sug\u00e1roznakA k\u00e9s\u0151barokk \u00e9p\u00fclet, a K\u00e1lvin t\u00e9ren kelet-nyugat tengelyben \u00e1ll.Az \u00e9p\u00fclet f\u0151hangs\u00faly\u00e1t a homlokzat el\u0151tti, kelet fel\u00e9 t\u00e1jolt 35 m\u00e9ter magas torony jellemzi, melynek sz\u00e9less\u00e9ge szokatlanul nagy, \u00e9s ez adja a ... Olvass tov\u00e1bb\" \/>\n<meta property=\"og:url\" content=\"https:\/\/bozsogiattila.hu\/?p=1491\" \/>\n<meta property=\"og:site_name\" content=\"Bozsogi Attila\" \/>\n<meta property=\"article:published_time\" content=\"2024-01-14T14:52:24+00:00\" \/>\n<meta name=\"author\" content=\"Bozsogi Attila\" \/>\n<meta name=\"twitter:card\" content=\"summary_large_image\" \/>\n<meta name=\"twitter:label1\" content=\"Szerz\u0151:\" \/>\n\t<meta name=\"twitter:data1\" content=\"Bozsogi Attila\" \/>\n\t<meta name=\"twitter:label2\" content=\"Becs\u00fclt olvas\u00e1si id\u0151\" \/>\n\t<meta name=\"twitter:data2\" content=\"1 perc\" \/>\n<script type=\"application\/ld+json\" class=\"yoast-schema-graph\">{\"@context\":\"https:\/\/schema.org\",\"@graph\":[{\"@type\":\"WebPage\",\"@id\":\"https:\/\/bozsogiattila.hu\/?p=1491\",\"url\":\"https:\/\/bozsogiattila.hu\/?p=1491\",\"name\":\"A BELV\u00c1ROSI REFORM\u00c1TUS TEMPLOM - Bozsogi Attila\",\"isPartOf\":{\"@id\":\"https:\/\/bozsogiattila.hu\/#website\"},\"datePublished\":\"2024-01-14T14:52:24+00:00\",\"dateModified\":\"2024-01-14T14:52:24+00:00\",\"author\":{\"@id\":\"https:\/\/bozsogiattila.hu\/#\/schema\/person\/488c99f554a8c4039201260dd5eb795e\"},\"breadcrumb\":{\"@id\":\"https:\/\/bozsogiattila.hu\/?p=1491#breadcrumb\"},\"inLanguage\":\"hu\",\"potentialAction\":[{\"@type\":\"ReadAction\",\"target\":[\"https:\/\/bozsogiattila.hu\/?p=1491\"]}]},{\"@type\":\"BreadcrumbList\",\"@id\":\"https:\/\/bozsogiattila.hu\/?p=1491#breadcrumb\",\"itemListElement\":[{\"@type\":\"ListItem\",\"position\":1,\"name\":\"Kezd\u0151lap\",\"item\":\"https:\/\/bozsogiattila.hu\/\"},{\"@type\":\"ListItem\",\"position\":2,\"name\":\"A BELV\u00c1ROSI REFORM\u00c1TUS TEMPLOM\"}]},{\"@type\":\"WebSite\",\"@id\":\"https:\/\/bozsogiattila.hu\/#website\",\"url\":\"https:\/\/bozsogiattila.hu\/\",\"name\":\"Bozsogi Attila\",\"description\":\"a zen\u00e9sz, \u00edr\u00f3 munk\u00e1ss\u00e1g\u00e1nak \u00e9s a mak\u00f3i muzsikusok eml\u00e9k\u00e9t \u0151rz\u0151 oldal\",\"potentialAction\":[{\"@type\":\"SearchAction\",\"target\":{\"@type\":\"EntryPoint\",\"urlTemplate\":\"https:\/\/bozsogiattila.hu\/?s={search_term_string}\"},\"query-input\":\"required name=search_term_string\"}],\"inLanguage\":\"hu\"},{\"@type\":\"Person\",\"@id\":\"https:\/\/bozsogiattila.hu\/#\/schema\/person\/488c99f554a8c4039201260dd5eb795e\",\"name\":\"Bozsogi Attila\",\"image\":{\"@type\":\"ImageObject\",\"inLanguage\":\"hu\",\"@id\":\"https:\/\/bozsogiattila.hu\/#\/schema\/person\/image\/\",\"url\":\"https:\/\/secure.gravatar.com\/avatar\/7da6b5985e34ed798d1670c54ce7d20e6a53b800bb0c07945c64b09392f3dbfd?s=96&d=mm&r=g\",\"contentUrl\":\"https:\/\/secure.gravatar.com\/avatar\/7da6b5985e34ed798d1670c54ce7d20e6a53b800bb0c07945c64b09392f3dbfd?s=96&d=mm&r=g\",\"caption\":\"Bozsogi Attila\"},\"sameAs\":[\"http:\/\/www.boszogiattila.hu\"],\"url\":\"https:\/\/bozsogiattila.hu\/?author=3\"}]}<\/script>\n<!-- \/ Yoast SEO plugin. -->","yoast_head_json":{"title":"A BELV\u00c1ROSI REFORM\u00c1TUS TEMPLOM - Bozsogi Attila","robots":{"index":"index","follow":"follow","max-snippet":"max-snippet:-1","max-image-preview":"max-image-preview:large","max-video-preview":"max-video-preview:-1"},"canonical":"https:\/\/bozsogiattila.hu\/?p=1491","og_locale":"hu_HU","og_type":"article","og_title":"A BELV\u00c1ROSI REFORM\u00c1TUS TEMPLOM - Bozsogi Attila","og_description":"A BELV\u00c1ROSI REFORM\u00c1TUS TEMPLOM A templom Mak\u00f3 kiemelked\u0151 l\u00e1tv\u00e1nyoss\u00e1ga, mely h\u0171en t\u00fckr\u00f6zi a r\u00e9gi alf\u00f6ldi v\u00e1rosok hangulat\u00e1t.Nagy terei, vastag falai, er\u0151s homlokzata v\u00e9delmet, er\u0151t, m\u00e9lt\u00f3s\u00e1gteljess\u00e9get sug\u00e1roznakA k\u00e9s\u0151barokk \u00e9p\u00fclet, a K\u00e1lvin t\u00e9ren kelet-nyugat tengelyben \u00e1ll.Az \u00e9p\u00fclet f\u0151hangs\u00faly\u00e1t a homlokzat el\u0151tti, kelet fel\u00e9 t\u00e1jolt 35 m\u00e9ter magas torony jellemzi, melynek sz\u00e9less\u00e9ge szokatlanul nagy, \u00e9s ez adja a ... Olvass tov\u00e1bb","og_url":"https:\/\/bozsogiattila.hu\/?p=1491","og_site_name":"Bozsogi Attila","article_published_time":"2024-01-14T14:52:24+00:00","author":"Bozsogi Attila","twitter_card":"summary_large_image","twitter_misc":{"Szerz\u0151:":"Bozsogi Attila","Becs\u00fclt olvas\u00e1si id\u0151":"1 perc"},"schema":{"@context":"https:\/\/schema.org","@graph":[{"@type":"WebPage","@id":"https:\/\/bozsogiattila.hu\/?p=1491","url":"https:\/\/bozsogiattila.hu\/?p=1491","name":"A BELV\u00c1ROSI REFORM\u00c1TUS TEMPLOM - Bozsogi Attila","isPartOf":{"@id":"https:\/\/bozsogiattila.hu\/#website"},"datePublished":"2024-01-14T14:52:24+00:00","dateModified":"2024-01-14T14:52:24+00:00","author":{"@id":"https:\/\/bozsogiattila.hu\/#\/schema\/person\/488c99f554a8c4039201260dd5eb795e"},"breadcrumb":{"@id":"https:\/\/bozsogiattila.hu\/?p=1491#breadcrumb"},"inLanguage":"hu","potentialAction":[{"@type":"ReadAction","target":["https:\/\/bozsogiattila.hu\/?p=1491"]}]},{"@type":"BreadcrumbList","@id":"https:\/\/bozsogiattila.hu\/?p=1491#breadcrumb","itemListElement":[{"@type":"ListItem","position":1,"name":"Kezd\u0151lap","item":"https:\/\/bozsogiattila.hu\/"},{"@type":"ListItem","position":2,"name":"A BELV\u00c1ROSI REFORM\u00c1TUS TEMPLOM"}]},{"@type":"WebSite","@id":"https:\/\/bozsogiattila.hu\/#website","url":"https:\/\/bozsogiattila.hu\/","name":"Bozsogi Attila","description":"a zen\u00e9sz, \u00edr\u00f3 munk\u00e1ss\u00e1g\u00e1nak \u00e9s a mak\u00f3i muzsikusok eml\u00e9k\u00e9t \u0151rz\u0151 oldal","potentialAction":[{"@type":"SearchAction","target":{"@type":"EntryPoint","urlTemplate":"https:\/\/bozsogiattila.hu\/?s={search_term_string}"},"query-input":"required name=search_term_string"}],"inLanguage":"hu"},{"@type":"Person","@id":"https:\/\/bozsogiattila.hu\/#\/schema\/person\/488c99f554a8c4039201260dd5eb795e","name":"Bozsogi Attila","image":{"@type":"ImageObject","inLanguage":"hu","@id":"https:\/\/bozsogiattila.hu\/#\/schema\/person\/image\/","url":"https:\/\/secure.gravatar.com\/avatar\/7da6b5985e34ed798d1670c54ce7d20e6a53b800bb0c07945c64b09392f3dbfd?s=96&d=mm&r=g","contentUrl":"https:\/\/secure.gravatar.com\/avatar\/7da6b5985e34ed798d1670c54ce7d20e6a53b800bb0c07945c64b09392f3dbfd?s=96&d=mm&r=g","caption":"Bozsogi Attila"},"sameAs":["http:\/\/www.boszogiattila.hu"],"url":"https:\/\/bozsogiattila.hu\/?author=3"}]}},"jetpack_featured_media_url":"","_links":{"self":[{"href":"https:\/\/bozsogiattila.hu\/index.php?rest_route=\/wp\/v2\/posts\/1491","targetHints":{"allow":["GET"]}}],"collection":[{"href":"https:\/\/bozsogiattila.hu\/index.php?rest_route=\/wp\/v2\/posts"}],"about":[{"href":"https:\/\/bozsogiattila.hu\/index.php?rest_route=\/wp\/v2\/types\/post"}],"author":[{"embeddable":true,"href":"https:\/\/bozsogiattila.hu\/index.php?rest_route=\/wp\/v2\/users\/3"}],"replies":[{"embeddable":true,"href":"https:\/\/bozsogiattila.hu\/index.php?rest_route=%2Fwp%2Fv2%2Fcomments&post=1491"}],"version-history":[{"count":1,"href":"https:\/\/bozsogiattila.hu\/index.php?rest_route=\/wp\/v2\/posts\/1491\/revisions"}],"predecessor-version":[{"id":1492,"href":"https:\/\/bozsogiattila.hu\/index.php?rest_route=\/wp\/v2\/posts\/1491\/revisions\/1492"}],"wp:attachment":[{"href":"https:\/\/bozsogiattila.hu\/index.php?rest_route=%2Fwp%2Fv2%2Fmedia&parent=1491"}],"wp:term":[{"taxonomy":"category","embeddable":true,"href":"https:\/\/bozsogiattila.hu\/index.php?rest_route=%2Fwp%2Fv2%2Fcategories&post=1491"},{"taxonomy":"post_tag","embeddable":true,"href":"https:\/\/bozsogiattila.hu\/index.php?rest_route=%2Fwp%2Fv2%2Ftags&post=1491"}],"curies":[{"name":"wp","href":"https:\/\/api.w.org\/{rel}","templated":true}]}}