{"id":1498,"date":"2024-01-14T15:00:21","date_gmt":"2024-01-14T15:00:21","guid":{"rendered":"https:\/\/bozsogiattila.hu\/?p=1498"},"modified":"2024-01-14T15:00:22","modified_gmt":"2024-01-14T15:00:22","slug":"ballagas-a-nyolcadik-osztalybol","status":"publish","type":"post","link":"https:\/\/bozsogiattila.hu\/?p=1498","title":{"rendered":"BALLAG\u00c1S A NYOLCADIK OSZT\u00c1LYB\u00d3L"},"content":{"rendered":"\n<p class=\"wp-block-paragraph\">BALLAG\u00c1S A NYOLCADIK OSZT\u00c1LYB\u00d3L<\/p>\n\n\n\n<p class=\"wp-block-paragraph\">A nyolcadik oszt\u00e1ly elv\u00e9gz\u00e9se lez\u00e1rta gyermekkorunk boldog szakasz\u00e1t, \u00e9s teret adott mindny\u00e1juknak a feln\u0151ttkorunk el\u0151k\u00e9sz\u00edt\u00e9s\u00e9hez, \u00e9s megnyitotta azt a fejezetet, amikor \u00e9let\u00fcnk els\u0151 14-15 \u00e9ve m\u00e1r csup\u00e1n eml\u00e9kk\u00e9 v\u00e1lik.<br>Els\u0151 oszt\u00e1lytal\u00e1lkoz\u00f3nk 46 \u00e9v m\u00falva lett megrendezve, Varga Tomi j\u00f3volt\u00e1b\u00f3l, aki mintha \u00e9rezte volna, hogy elj\u00f6tt tal\u00e1n utolj\u00e1ra az a lehet\u0151s\u00e9g, amikor m\u00e9g egyszer l\u00e1thatjuk egym\u00e1st.<br>Tomi is azok k\u00f6z\u00e9 tartozott, akikkel a nyolcadikos ballag\u00e1s ut\u00e1n csak ezen a tal\u00e1lkoz\u00f3n tal\u00e1lkoztunk el\u0151sz\u00f6r. Volt t\u00f6bb oszt\u00e1lyt\u00e1rsunk, akik ekkor sem j\u00f6ttek el, \u00e9s az\u00f3ta sem l\u00e1ttam \u0151ket.<br>Tomi a tal\u00e1lkoz\u00f3t k\u00f6vet\u0151 \u00e9vben \u00f6r\u00f6kre elment, \u00e9s csak az eml\u00e9kez\u00e9s maradt ut\u00e1na, mely szomor\u00fa val\u00f3s\u00e1gg\u00e1 v\u00e1ltozott.<br>Soha nem szerettem az ilyen tal\u00e1lkoz\u00f3kat, mert ut\u00e1na hossz\u00fa ideig szomor\u00fas\u00e1g t\u00f6lt el, hiszen az egykori csintalan, n\u00e9ha cinikusan komisz gyerekekb\u0151l, komoly, megfontolt emberek lettek, akik m\u00e1r nem partnerek a viccel\u0151d\u00e9sre, tr\u00e9f\u00e1lkoz\u00e1sra, hanem gondok, bajok, hal\u00e1lesetek, szomor\u00fas\u00e1g l\u00e9pett az egykor szertelen \u00e9let\u00fck hely\u00e9re, \u00e9s ilyenkor \u00fagy \u00e9rzem, hogy \u00e9let\u00fcnkb\u0151l meghalt egy kis r\u00e9sz.<br>R\u00e9gi mond\u00e1s: \u201eCsak azok halnak meg igaz\u00e1n, akikre m\u00e1r nem eml\u00e9keznek\u201d.<\/p>\n\n\n\n<p class=\"wp-block-paragraph\">Szomor\u00faan kell meg\u00e1llap\u00edtanunk minden ballag\u00e1s ut\u00e1n, hogy megtett\u00fck az els\u0151 l\u00e9p\u00e9st az eml\u00e9kez\u00e9s fel\u00e9, amikor m\u00e9g \u00e9l\u00fcnk, \u00e9s m\u00e9gis egy kiss\u00e9 meghaltunk egym\u00e1s sz\u00e1m\u00e1ra, hisz elj\u00f6n, azaz id\u0151, amikor elmegy\u00fcnk majd egym\u00e1s mellett, \u00e9s nem ismerj\u00fck meg egym\u00e1st, (megv\u00e1ltoztunk) pedig valaha j\u00f3 bar\u00e1tok voltunk.<br>\u00c9vtizedek m\u00falva, ha felcsend\u00fcl a \u201eBallag m\u00e1r a v\u00e9n di\u00e1k\u201d c\u00edm\u0171 dal, minden bizonnyal mindenkiben visszap\u00f6r\u00f6g, azaz id\u0151, amikor vir\u00e1gokkal elhalmozva r\u00f3ttuk utols\u00f3 utunkat az iskol\u00e1nk foly\u00f3s\u00f3ly\u00e1n, oszt\u00e1lytermeiben, mintha az utols\u00f3 eml\u00e9keket szerett\u00fck volna \u00f6r\u00f6kre sz\u00edv\u00fcnkbe z\u00e1rni.<\/p>\n\n\n\n<p class=\"wp-block-paragraph\">Ekkor m\u00e9g boldog szomor\u00fas\u00e1g vett er\u0151t rajtunk, amikor a k\u00f6nnyes szemek nemcsak \u00f6r\u00f6mk\u00f6nnyeket takartak, &#8211; hogy v\u00e9gezt\u00fcnk &#8211; hanem tudatunkon k\u00edv\u00fcl m\u00e1r megjelent el\u0151tt\u00fcnk az a t\u00e9ny, ami az els\u0151 v\u00e9g\u00e1llom\u00e1st jelenti.<br>Most mikor eml\u00e9kezem, \u00e9s a bet\u0171k gl\u00e9d\u00e1kba rendez\u0151dnek, melyek fejezetekk\u00e9, \u00f6r\u00f6kk\u00e9val\u00f3s\u00e1gg\u00e1 v\u00e1lnak, az egyik szemem s\u00edr, a m\u00e1sik nevet. S\u00edr, mert sokak m\u00e1r csak eml\u00e9kemben \u00e9lnek, &#8211; nevet, mert felid\u00e9z\u0151dnek azok az arcok, melyek gyermekkorom boldog korszak\u00e1t jelentett\u00e9k, azokkal a remek emberekkel, akik ma m\u00e1r a vizu\u00e1lis k\u00e9pess\u00e9gemnek k\u00f6sz\u00f6nhet\u0151en jelennek meg eml\u00e9kezetemben!<\/p>\n","protected":false},"excerpt":{"rendered":"<p>BALLAG\u00c1S A NYOLCADIK OSZT\u00c1LYB\u00d3L A nyolcadik oszt\u00e1ly elv\u00e9gz\u00e9se lez\u00e1rta gyermekkorunk boldog szakasz\u00e1t, \u00e9s teret adott mindny\u00e1juknak a feln\u0151ttkorunk el\u0151k\u00e9sz\u00edt\u00e9s\u00e9hez, \u00e9s megnyitotta azt a fejezetet, amikor \u00e9let\u00fcnk els\u0151 14-15 \u00e9ve m\u00e1r csup\u00e1n eml\u00e9kk\u00e9 v\u00e1lik.Els\u0151 oszt\u00e1lytal\u00e1lkoz\u00f3nk 46 \u00e9v m\u00falva lett megrendezve, Varga Tomi j\u00f3volt\u00e1b\u00f3l, aki mintha \u00e9rezte volna, hogy elj\u00f6tt tal\u00e1n utolj\u00e1ra az a lehet\u0151s\u00e9g, amikor m\u00e9g &#8230; <a title=\"BALLAG\u00c1S A NYOLCADIK OSZT\u00c1LYB\u00d3L\" class=\"read-more\" href=\"https:\/\/bozsogiattila.hu\/?p=1498\" aria-label=\"Tov\u00e1bbiak BALLAG\u00c1S A NYOLCADIK OSZT\u00c1LYB\u00d3L\">Olvass tov\u00e1bb<\/a><\/p>\n","protected":false},"author":3,"featured_media":0,"comment_status":"open","ping_status":"open","sticky":false,"template":"","format":"standard","meta":{"footnotes":""},"categories":[331],"tags":[],"class_list":["post-1498","post","type-post","status-publish","format-standard","hentry","category-emlkeim"],"yoast_head":"<!-- This site is optimized with the Yoast SEO plugin v21.8 - https:\/\/yoast.com\/wordpress\/plugins\/seo\/ -->\n<title>BALLAG\u00c1S A NYOLCADIK OSZT\u00c1LYB\u00d3L - Bozsogi Attila<\/title>\n<meta name=\"robots\" content=\"index, follow, max-snippet:-1, max-image-preview:large, max-video-preview:-1\" \/>\n<link rel=\"canonical\" href=\"https:\/\/bozsogiattila.hu\/?p=1498\" \/>\n<meta property=\"og:locale\" content=\"hu_HU\" \/>\n<meta property=\"og:type\" content=\"article\" \/>\n<meta property=\"og:title\" content=\"BALLAG\u00c1S A NYOLCADIK OSZT\u00c1LYB\u00d3L - Bozsogi Attila\" \/>\n<meta property=\"og:description\" content=\"BALLAG\u00c1S A NYOLCADIK OSZT\u00c1LYB\u00d3L A nyolcadik oszt\u00e1ly elv\u00e9gz\u00e9se lez\u00e1rta gyermekkorunk boldog szakasz\u00e1t, \u00e9s teret adott mindny\u00e1juknak a feln\u0151ttkorunk el\u0151k\u00e9sz\u00edt\u00e9s\u00e9hez, \u00e9s megnyitotta azt a fejezetet, amikor \u00e9let\u00fcnk els\u0151 14-15 \u00e9ve m\u00e1r csup\u00e1n eml\u00e9kk\u00e9 v\u00e1lik.Els\u0151 oszt\u00e1lytal\u00e1lkoz\u00f3nk 46 \u00e9v m\u00falva lett megrendezve, Varga Tomi j\u00f3volt\u00e1b\u00f3l, aki mintha \u00e9rezte volna, hogy elj\u00f6tt tal\u00e1n utolj\u00e1ra az a lehet\u0151s\u00e9g, amikor m\u00e9g ... Olvass tov\u00e1bb\" \/>\n<meta property=\"og:url\" content=\"https:\/\/bozsogiattila.hu\/?p=1498\" \/>\n<meta property=\"og:site_name\" content=\"Bozsogi Attila\" \/>\n<meta property=\"article:published_time\" content=\"2024-01-14T15:00:21+00:00\" \/>\n<meta property=\"article:modified_time\" content=\"2024-01-14T15:00:22+00:00\" \/>\n<meta name=\"author\" content=\"Bozsogi Attila\" \/>\n<meta name=\"twitter:card\" content=\"summary_large_image\" \/>\n<meta name=\"twitter:label1\" content=\"Szerz\u0151:\" \/>\n\t<meta name=\"twitter:data1\" content=\"Bozsogi Attila\" \/>\n\t<meta name=\"twitter:label2\" content=\"Becs\u00fclt olvas\u00e1si id\u0151\" \/>\n\t<meta name=\"twitter:data2\" content=\"3 perc\" \/>\n<script type=\"application\/ld+json\" class=\"yoast-schema-graph\">{\"@context\":\"https:\/\/schema.org\",\"@graph\":[{\"@type\":\"WebPage\",\"@id\":\"https:\/\/bozsogiattila.hu\/?p=1498\",\"url\":\"https:\/\/bozsogiattila.hu\/?p=1498\",\"name\":\"BALLAG\u00c1S A NYOLCADIK OSZT\u00c1LYB\u00d3L - Bozsogi Attila\",\"isPartOf\":{\"@id\":\"https:\/\/bozsogiattila.hu\/#website\"},\"datePublished\":\"2024-01-14T15:00:21+00:00\",\"dateModified\":\"2024-01-14T15:00:22+00:00\",\"author\":{\"@id\":\"https:\/\/bozsogiattila.hu\/#\/schema\/person\/488c99f554a8c4039201260dd5eb795e\"},\"breadcrumb\":{\"@id\":\"https:\/\/bozsogiattila.hu\/?p=1498#breadcrumb\"},\"inLanguage\":\"hu\",\"potentialAction\":[{\"@type\":\"ReadAction\",\"target\":[\"https:\/\/bozsogiattila.hu\/?p=1498\"]}]},{\"@type\":\"BreadcrumbList\",\"@id\":\"https:\/\/bozsogiattila.hu\/?p=1498#breadcrumb\",\"itemListElement\":[{\"@type\":\"ListItem\",\"position\":1,\"name\":\"Kezd\u0151lap\",\"item\":\"https:\/\/bozsogiattila.hu\/\"},{\"@type\":\"ListItem\",\"position\":2,\"name\":\"BALLAG\u00c1S A NYOLCADIK OSZT\u00c1LYB\u00d3L\"}]},{\"@type\":\"WebSite\",\"@id\":\"https:\/\/bozsogiattila.hu\/#website\",\"url\":\"https:\/\/bozsogiattila.hu\/\",\"name\":\"Bozsogi Attila\",\"description\":\"a zen\u00e9sz, \u00edr\u00f3 munk\u00e1ss\u00e1g\u00e1nak \u00e9s a mak\u00f3i muzsikusok eml\u00e9k\u00e9t \u0151rz\u0151 oldal\",\"potentialAction\":[{\"@type\":\"SearchAction\",\"target\":{\"@type\":\"EntryPoint\",\"urlTemplate\":\"https:\/\/bozsogiattila.hu\/?s={search_term_string}\"},\"query-input\":\"required name=search_term_string\"}],\"inLanguage\":\"hu\"},{\"@type\":\"Person\",\"@id\":\"https:\/\/bozsogiattila.hu\/#\/schema\/person\/488c99f554a8c4039201260dd5eb795e\",\"name\":\"Bozsogi Attila\",\"image\":{\"@type\":\"ImageObject\",\"inLanguage\":\"hu\",\"@id\":\"https:\/\/bozsogiattila.hu\/#\/schema\/person\/image\/\",\"url\":\"https:\/\/secure.gravatar.com\/avatar\/7da6b5985e34ed798d1670c54ce7d20e6a53b800bb0c07945c64b09392f3dbfd?s=96&d=mm&r=g\",\"contentUrl\":\"https:\/\/secure.gravatar.com\/avatar\/7da6b5985e34ed798d1670c54ce7d20e6a53b800bb0c07945c64b09392f3dbfd?s=96&d=mm&r=g\",\"caption\":\"Bozsogi Attila\"},\"sameAs\":[\"http:\/\/www.boszogiattila.hu\"],\"url\":\"https:\/\/bozsogiattila.hu\/?author=3\"}]}<\/script>\n<!-- \/ Yoast SEO plugin. -->","yoast_head_json":{"title":"BALLAG\u00c1S A NYOLCADIK OSZT\u00c1LYB\u00d3L - Bozsogi Attila","robots":{"index":"index","follow":"follow","max-snippet":"max-snippet:-1","max-image-preview":"max-image-preview:large","max-video-preview":"max-video-preview:-1"},"canonical":"https:\/\/bozsogiattila.hu\/?p=1498","og_locale":"hu_HU","og_type":"article","og_title":"BALLAG\u00c1S A NYOLCADIK OSZT\u00c1LYB\u00d3L - Bozsogi Attila","og_description":"BALLAG\u00c1S A NYOLCADIK OSZT\u00c1LYB\u00d3L A nyolcadik oszt\u00e1ly elv\u00e9gz\u00e9se lez\u00e1rta gyermekkorunk boldog szakasz\u00e1t, \u00e9s teret adott mindny\u00e1juknak a feln\u0151ttkorunk el\u0151k\u00e9sz\u00edt\u00e9s\u00e9hez, \u00e9s megnyitotta azt a fejezetet, amikor \u00e9let\u00fcnk els\u0151 14-15 \u00e9ve m\u00e1r csup\u00e1n eml\u00e9kk\u00e9 v\u00e1lik.Els\u0151 oszt\u00e1lytal\u00e1lkoz\u00f3nk 46 \u00e9v m\u00falva lett megrendezve, Varga Tomi j\u00f3volt\u00e1b\u00f3l, aki mintha \u00e9rezte volna, hogy elj\u00f6tt tal\u00e1n utolj\u00e1ra az a lehet\u0151s\u00e9g, amikor m\u00e9g ... Olvass tov\u00e1bb","og_url":"https:\/\/bozsogiattila.hu\/?p=1498","og_site_name":"Bozsogi Attila","article_published_time":"2024-01-14T15:00:21+00:00","article_modified_time":"2024-01-14T15:00:22+00:00","author":"Bozsogi Attila","twitter_card":"summary_large_image","twitter_misc":{"Szerz\u0151:":"Bozsogi Attila","Becs\u00fclt olvas\u00e1si id\u0151":"3 perc"},"schema":{"@context":"https:\/\/schema.org","@graph":[{"@type":"WebPage","@id":"https:\/\/bozsogiattila.hu\/?p=1498","url":"https:\/\/bozsogiattila.hu\/?p=1498","name":"BALLAG\u00c1S A NYOLCADIK OSZT\u00c1LYB\u00d3L - Bozsogi Attila","isPartOf":{"@id":"https:\/\/bozsogiattila.hu\/#website"},"datePublished":"2024-01-14T15:00:21+00:00","dateModified":"2024-01-14T15:00:22+00:00","author":{"@id":"https:\/\/bozsogiattila.hu\/#\/schema\/person\/488c99f554a8c4039201260dd5eb795e"},"breadcrumb":{"@id":"https:\/\/bozsogiattila.hu\/?p=1498#breadcrumb"},"inLanguage":"hu","potentialAction":[{"@type":"ReadAction","target":["https:\/\/bozsogiattila.hu\/?p=1498"]}]},{"@type":"BreadcrumbList","@id":"https:\/\/bozsogiattila.hu\/?p=1498#breadcrumb","itemListElement":[{"@type":"ListItem","position":1,"name":"Kezd\u0151lap","item":"https:\/\/bozsogiattila.hu\/"},{"@type":"ListItem","position":2,"name":"BALLAG\u00c1S A NYOLCADIK OSZT\u00c1LYB\u00d3L"}]},{"@type":"WebSite","@id":"https:\/\/bozsogiattila.hu\/#website","url":"https:\/\/bozsogiattila.hu\/","name":"Bozsogi Attila","description":"a zen\u00e9sz, \u00edr\u00f3 munk\u00e1ss\u00e1g\u00e1nak \u00e9s a mak\u00f3i muzsikusok eml\u00e9k\u00e9t \u0151rz\u0151 oldal","potentialAction":[{"@type":"SearchAction","target":{"@type":"EntryPoint","urlTemplate":"https:\/\/bozsogiattila.hu\/?s={search_term_string}"},"query-input":"required name=search_term_string"}],"inLanguage":"hu"},{"@type":"Person","@id":"https:\/\/bozsogiattila.hu\/#\/schema\/person\/488c99f554a8c4039201260dd5eb795e","name":"Bozsogi Attila","image":{"@type":"ImageObject","inLanguage":"hu","@id":"https:\/\/bozsogiattila.hu\/#\/schema\/person\/image\/","url":"https:\/\/secure.gravatar.com\/avatar\/7da6b5985e34ed798d1670c54ce7d20e6a53b800bb0c07945c64b09392f3dbfd?s=96&d=mm&r=g","contentUrl":"https:\/\/secure.gravatar.com\/avatar\/7da6b5985e34ed798d1670c54ce7d20e6a53b800bb0c07945c64b09392f3dbfd?s=96&d=mm&r=g","caption":"Bozsogi Attila"},"sameAs":["http:\/\/www.boszogiattila.hu"],"url":"https:\/\/bozsogiattila.hu\/?author=3"}]}},"jetpack_featured_media_url":"","_links":{"self":[{"href":"https:\/\/bozsogiattila.hu\/index.php?rest_route=\/wp\/v2\/posts\/1498","targetHints":{"allow":["GET"]}}],"collection":[{"href":"https:\/\/bozsogiattila.hu\/index.php?rest_route=\/wp\/v2\/posts"}],"about":[{"href":"https:\/\/bozsogiattila.hu\/index.php?rest_route=\/wp\/v2\/types\/post"}],"author":[{"embeddable":true,"href":"https:\/\/bozsogiattila.hu\/index.php?rest_route=\/wp\/v2\/users\/3"}],"replies":[{"embeddable":true,"href":"https:\/\/bozsogiattila.hu\/index.php?rest_route=%2Fwp%2Fv2%2Fcomments&post=1498"}],"version-history":[{"count":1,"href":"https:\/\/bozsogiattila.hu\/index.php?rest_route=\/wp\/v2\/posts\/1498\/revisions"}],"predecessor-version":[{"id":1500,"href":"https:\/\/bozsogiattila.hu\/index.php?rest_route=\/wp\/v2\/posts\/1498\/revisions\/1500"}],"wp:attachment":[{"href":"https:\/\/bozsogiattila.hu\/index.php?rest_route=%2Fwp%2Fv2%2Fmedia&parent=1498"}],"wp:term":[{"taxonomy":"category","embeddable":true,"href":"https:\/\/bozsogiattila.hu\/index.php?rest_route=%2Fwp%2Fv2%2Fcategories&post=1498"},{"taxonomy":"post_tag","embeddable":true,"href":"https:\/\/bozsogiattila.hu\/index.php?rest_route=%2Fwp%2Fv2%2Ftags&post=1498"}],"curies":[{"name":"wp","href":"https:\/\/api.w.org\/{rel}","templated":true}]}}