{"id":1501,"date":"2024-01-14T15:01:38","date_gmt":"2024-01-14T15:01:38","guid":{"rendered":"https:\/\/bozsogiattila.hu\/?p=1501"},"modified":"2024-01-14T15:01:38","modified_gmt":"2024-01-14T15:01:38","slug":"ballag-az-orszag","status":"publish","type":"post","link":"https:\/\/bozsogiattila.hu\/?p=1501","title":{"rendered":"BALLAG AZ ORSZ\u00c1G"},"content":{"rendered":"\n<p class=\"wp-block-paragraph\">BALLAG AZ ORSZ\u00c1G<\/p>\n\n\n\n<p class=\"wp-block-paragraph\">Napjainkban nagy csal\u00e1di \u00fcnnepnek sz\u00e1m\u00edtanak a k\u00fcl\u00f6nb\u00f6z\u0151 korcsoportok ballag\u00e1si szok\u00e1saik. Elgondolkoztam azon, hogy mit is jelent az a sz\u00f3, hogy ballag vagy ballag\u00e1s. Gondolataimat pap\u00edrra vetettem \u00e9s most megosztom \u00f6n\u00f6kkel az eredm\u00e9nyt.<br>Ha fellapozzuk a Magyar \u00c9rtelmez\u0151 K\u00e9zisz\u00f3t\u00e1rt, a ballag c\u00edmsz\u00f3 alatt a k\u00f6vetkez\u0151 meghat\u00e1roz\u00e1st: olvashatjuk:<br>A ballag szavunk ige, teh\u00e1t cselekv\u00e9st fejez ki.<br>Jelent\u00e9se: lassan, r\u00e1\u00e9r\u0151sen megy.<br>De a ballag ig\u00e9nk, azt is jelenti, hogy iskolai ballag\u00e1son vesz r\u00e9szt a v\u00e9gz\u0151s di\u00e1k.<br>A ballag\u00e1s c\u00edmsz\u00f3 jelent\u00e9se: lass\u00fa, r\u00e1\u00e9r\u0151s j\u00e1r\u00e1s, de a ballag\u00e1s az iskola, v\u00e9gz\u0151s di\u00e1kjainak \u00fcnnep\u00e9lyes b\u00facs\u00faj\u00e1t is jelenti az iskol\u00e1t\u00f3l.<\/p>\n\n\n\n<p class=\"wp-block-paragraph\">A k\u00e9zisz\u00f3t\u00e1r szerkeszt\u0151i az \u00f6ssze\u00e1ll\u00edt\u00e1suk elk\u00e9sz\u00edt\u00e9sekor m\u00e9g nem tudhatt\u00e1k, hogy a magyar n\u00e9p egy ballag\u00f3 nemzet lesz, \u00e9s ez\u00e9rt nem szerepelnek a sz\u00f3t\u00e1rban a b\u00f6lcs\u0151d\u00e9sek \u00e9s az \u00f3vod\u00e1sok, pedig m\u00e1r \u0151k is ballagnak.<br>De ballagnak a nyugd\u00edjasok is, mert r\u00e1\u00e9rnek nem siet\u0151s a dolguk, k\u00fcl\u00f6nben is a kev\u00e9s nyugd\u00edjjal hov\u00e1 sietn\u00e9nek.<br>Haz\u00e1nkb\u00f3l az oroszok is ballagva t\u00e1voztak, mert lassan r\u00e1\u00e9r\u0151sen mentek haza.<br>Ballagtak a k\u00f6tetlen munkaid\u0151ben dolgoz\u00f3 vezet\u0151k is, az igazgat\u00f3k, vez\u00e9rigazgat\u00f3k, akiknek nem volt siet\u0151s a dolguk, \u00e9s ennek hat\u00e1s\u00e1ra t\u00f6nkrementek a gy\u00e1rak, \u00fczemek, \u00e9s egy\u00e9b int\u00e9zm\u00e9nyek, ahonnan r\u00e1\u00e9r\u0151sen hazaballagtak a volt dolgoz\u00f3k.<\/p>\n\n\n\n<p class=\"wp-block-paragraph\">Ballagnak az \u00f6regek is, mert m\u00e1r nincs erej\u00fck sietni.<br>Ballagnak a fiatalok is, mert minek siessenek, ha nincs hol dolgozni.<br>A kocsm\u00e1kba viszont reggel az alkoholist\u00e1k sietve mennek, mert az elvon\u00e1si t\u00fcnetek \u00f6szt\u00f6nzik \u0151ket, de z\u00e1r\u00f3rakor ballagva hagyj\u00e1k el az \u00e9ltet\u0151 kocsm\u00e1kat, mert \u00edgy biztons\u00e1gosabb a j\u00e1r\u00e1suk.<\/p>\n\n\n\n<p class=\"wp-block-paragraph\">Ballagnak a t\u00fcrelmi-z\u00f3n\u00e1kban az \u00f6r\u00f6ml\u00e1nyok is, mert ha sietn\u00e9nek, lehet, hogy nem volna kap\u00e1s.<br>Ballagnak a katon\u00e1k is, mert m\u00e1r r\u00e1juk sem lesz sz\u00fcks\u00e9g. Teh\u00e1t nyugodtan kijelenthetem, hogy ballag az eg\u00e9sz orsz\u00e1g, csup\u00e1n az aut\u00f3sok sz\u00e1guldoznak a vil\u00e1gviszonylatban is dr\u00e1ga \u00fczemanyaggal.<br>Rohaml\u00e9p\u00e9sben n\u00f6vekszik a b\u0171n\u00f6z\u00e9s, \u00e9s a munkan\u00e9lk\u00fclis\u00e9g, mely a demokr\u00e1cia velej\u00e1r\u00f3ja lett, pedig ezen a k\u00e9t ter\u00fcleten kellene nagyon lassan ballagni.<br>Csup\u00e1n egy sz\u00f3: ballag\u00e1s, \u00e9s ilyen sok jelent\u00e9s rejt\u0151zik m\u00f6g\u00f6tte, pedig a ballag\u00e1s nem is rokon \u00e9rtelm\u0171 sz\u00f3, \u00e9s m\u00e9gis rokonjelens\u00e9g az eg\u00e9sz orsz\u00e1gban, ahol lassan, r\u00e1\u00e9r\u0151sen ballagunk az Eur\u00f3pai Uni\u00f3ba, de m\u00edg oda nem \u00e9r\u00fcnk, akinek aranyfoga van, \u0151 k\u00f6zter\u00fcleten ne \u00e1s\u00edtson, mert lehet, hogy kilopj\u00e1k a sz\u00e1j\u00e1b\u00f3l.<\/p>\n\n\n\n<p class=\"wp-block-paragraph\">Aki viszont teheti, \u00e9s olyan beoszt\u00e1sban van, hogy m\u00f3dj\u00e1ban \u00e1ll har\u00e1csolni, vagyon\u00e1t gyarap\u00edtani az nem ballag, mert a c\u00e9l szentes\u00edti az eszk\u00f6zt jelig\u00e9vel, mindent megtesz annak \u00e9rdek\u00e9ben, hogy a \u201enagy kalapb\u00f3l\u201d min\u00e9l t\u00f6bbet markoljon, ellent\u00e9tben azokkal, akiknek szinte semmi sem jut, \u00e9s r\u00e1\u00e9rnek ballagni az elszeg\u00e9nyed\u00e9s fel\u00e9.<\/p>\n\n\n\n<p class=\"wp-block-paragraph\">Ha m\u00e1sban nem is, de szavakban, \u00e9s \u00edg\u00e9retekben gazdagok vagyunk. Melyik nemzet b\u00fcszk\u00e9lkedhet azzal, hogy egy sz\u00f3r\u00f3l ennyi minden juthat esz\u00e9be annak, aki egy kicsit sz\u00e9lesebb l\u00e1t\u00f3k\u00f6r\u0171bb az \u00e1tlagosn\u00e1l, \u00e9s a k\u00f6r\u00fclm\u00e9nyek sokszor ballag\u00e1sra k\u00e9nyszer\u00edtik?<br>Mak\u00f3, 2002. 05. 10.<\/p>\n\n\n\n<p class=\"wp-block-paragraph\">Amikor ballag\u00e1sainkon vett\u00fcnk r\u00e9szt, esz\u00fcnkbe sem jutott, hogy ballag\u00e1s t\u00e9nye mit takar. \u00c9n sem voltam k\u00fcl\u00f6nb, mint ballag\u00f3 t\u00e1rsaim, csak k\u00e9s\u0151bb \u00f6tl\u00f6tt fel bennem, hogy egykor, mikor alig v\u00e1rtuk a ballag\u00e1st, esz\u00fcnkben sem jutottak azok a meztelen igazs\u00e1gok, amiket le\u00edrtam a Ballag az orsz\u00e1g c\u00edm\u0171 elm\u00e9lked\u00e9semben<\/p>\n","protected":false},"excerpt":{"rendered":"<p>BALLAG AZ ORSZ\u00c1G Napjainkban nagy csal\u00e1di \u00fcnnepnek sz\u00e1m\u00edtanak a k\u00fcl\u00f6nb\u00f6z\u0151 korcsoportok ballag\u00e1si szok\u00e1saik. Elgondolkoztam azon, hogy mit is jelent az a sz\u00f3, hogy ballag vagy ballag\u00e1s. Gondolataimat pap\u00edrra vetettem \u00e9s most megosztom \u00f6n\u00f6kkel az eredm\u00e9nyt.Ha fellapozzuk a Magyar \u00c9rtelmez\u0151 K\u00e9zisz\u00f3t\u00e1rt, a ballag c\u00edmsz\u00f3 alatt a k\u00f6vetkez\u0151 meghat\u00e1roz\u00e1st: olvashatjuk:A ballag szavunk ige, teh\u00e1t cselekv\u00e9st fejez ki.Jelent\u00e9se: &#8230; <a title=\"BALLAG AZ ORSZ\u00c1G\" class=\"read-more\" href=\"https:\/\/bozsogiattila.hu\/?p=1501\" aria-label=\"Tov\u00e1bbiak BALLAG AZ ORSZ\u00c1G\">Olvass tov\u00e1bb<\/a><\/p>\n","protected":false},"author":3,"featured_media":0,"comment_status":"open","ping_status":"open","sticky":false,"template":"","format":"standard","meta":{"footnotes":""},"categories":[331],"tags":[],"class_list":["post-1501","post","type-post","status-publish","format-standard","hentry","category-emlkeim"],"yoast_head":"<!-- This site is optimized with the Yoast SEO plugin v21.8 - https:\/\/yoast.com\/wordpress\/plugins\/seo\/ -->\n<title>BALLAG AZ ORSZ\u00c1G - Bozsogi Attila<\/title>\n<meta name=\"robots\" content=\"index, follow, max-snippet:-1, max-image-preview:large, max-video-preview:-1\" \/>\n<link rel=\"canonical\" href=\"https:\/\/bozsogiattila.hu\/?p=1501\" \/>\n<meta property=\"og:locale\" content=\"hu_HU\" \/>\n<meta property=\"og:type\" content=\"article\" \/>\n<meta property=\"og:title\" content=\"BALLAG AZ ORSZ\u00c1G - Bozsogi Attila\" \/>\n<meta property=\"og:description\" content=\"BALLAG AZ ORSZ\u00c1G Napjainkban nagy csal\u00e1di \u00fcnnepnek sz\u00e1m\u00edtanak a k\u00fcl\u00f6nb\u00f6z\u0151 korcsoportok ballag\u00e1si szok\u00e1saik. Elgondolkoztam azon, hogy mit is jelent az a sz\u00f3, hogy ballag vagy ballag\u00e1s. Gondolataimat pap\u00edrra vetettem \u00e9s most megosztom \u00f6n\u00f6kkel az eredm\u00e9nyt.Ha fellapozzuk a Magyar \u00c9rtelmez\u0151 K\u00e9zisz\u00f3t\u00e1rt, a ballag c\u00edmsz\u00f3 alatt a k\u00f6vetkez\u0151 meghat\u00e1roz\u00e1st: olvashatjuk:A ballag szavunk ige, teh\u00e1t cselekv\u00e9st fejez ki.Jelent\u00e9se: ... Olvass tov\u00e1bb\" \/>\n<meta property=\"og:url\" content=\"https:\/\/bozsogiattila.hu\/?p=1501\" \/>\n<meta property=\"og:site_name\" content=\"Bozsogi Attila\" \/>\n<meta property=\"article:published_time\" content=\"2024-01-14T15:01:38+00:00\" \/>\n<meta name=\"author\" content=\"Bozsogi Attila\" \/>\n<meta name=\"twitter:card\" content=\"summary_large_image\" \/>\n<meta name=\"twitter:label1\" content=\"Szerz\u0151:\" \/>\n\t<meta name=\"twitter:data1\" content=\"Bozsogi Attila\" \/>\n\t<meta name=\"twitter:label2\" content=\"Becs\u00fclt olvas\u00e1si id\u0151\" \/>\n\t<meta name=\"twitter:data2\" content=\"4 perc\" \/>\n<script type=\"application\/ld+json\" class=\"yoast-schema-graph\">{\"@context\":\"https:\/\/schema.org\",\"@graph\":[{\"@type\":\"WebPage\",\"@id\":\"https:\/\/bozsogiattila.hu\/?p=1501\",\"url\":\"https:\/\/bozsogiattila.hu\/?p=1501\",\"name\":\"BALLAG AZ ORSZ\u00c1G - Bozsogi Attila\",\"isPartOf\":{\"@id\":\"https:\/\/bozsogiattila.hu\/#website\"},\"datePublished\":\"2024-01-14T15:01:38+00:00\",\"dateModified\":\"2024-01-14T15:01:38+00:00\",\"author\":{\"@id\":\"https:\/\/bozsogiattila.hu\/#\/schema\/person\/488c99f554a8c4039201260dd5eb795e\"},\"breadcrumb\":{\"@id\":\"https:\/\/bozsogiattila.hu\/?p=1501#breadcrumb\"},\"inLanguage\":\"hu\",\"potentialAction\":[{\"@type\":\"ReadAction\",\"target\":[\"https:\/\/bozsogiattila.hu\/?p=1501\"]}]},{\"@type\":\"BreadcrumbList\",\"@id\":\"https:\/\/bozsogiattila.hu\/?p=1501#breadcrumb\",\"itemListElement\":[{\"@type\":\"ListItem\",\"position\":1,\"name\":\"Kezd\u0151lap\",\"item\":\"https:\/\/bozsogiattila.hu\/\"},{\"@type\":\"ListItem\",\"position\":2,\"name\":\"BALLAG AZ ORSZ\u00c1G\"}]},{\"@type\":\"WebSite\",\"@id\":\"https:\/\/bozsogiattila.hu\/#website\",\"url\":\"https:\/\/bozsogiattila.hu\/\",\"name\":\"Bozsogi Attila\",\"description\":\"a zen\u00e9sz, \u00edr\u00f3 munk\u00e1ss\u00e1g\u00e1nak \u00e9s a mak\u00f3i muzsikusok eml\u00e9k\u00e9t \u0151rz\u0151 oldal\",\"potentialAction\":[{\"@type\":\"SearchAction\",\"target\":{\"@type\":\"EntryPoint\",\"urlTemplate\":\"https:\/\/bozsogiattila.hu\/?s={search_term_string}\"},\"query-input\":\"required name=search_term_string\"}],\"inLanguage\":\"hu\"},{\"@type\":\"Person\",\"@id\":\"https:\/\/bozsogiattila.hu\/#\/schema\/person\/488c99f554a8c4039201260dd5eb795e\",\"name\":\"Bozsogi Attila\",\"image\":{\"@type\":\"ImageObject\",\"inLanguage\":\"hu\",\"@id\":\"https:\/\/bozsogiattila.hu\/#\/schema\/person\/image\/\",\"url\":\"https:\/\/secure.gravatar.com\/avatar\/7da6b5985e34ed798d1670c54ce7d20e6a53b800bb0c07945c64b09392f3dbfd?s=96&d=mm&r=g\",\"contentUrl\":\"https:\/\/secure.gravatar.com\/avatar\/7da6b5985e34ed798d1670c54ce7d20e6a53b800bb0c07945c64b09392f3dbfd?s=96&d=mm&r=g\",\"caption\":\"Bozsogi Attila\"},\"sameAs\":[\"http:\/\/www.boszogiattila.hu\"],\"url\":\"https:\/\/bozsogiattila.hu\/?author=3\"}]}<\/script>\n<!-- \/ Yoast SEO plugin. -->","yoast_head_json":{"title":"BALLAG AZ ORSZ\u00c1G - Bozsogi Attila","robots":{"index":"index","follow":"follow","max-snippet":"max-snippet:-1","max-image-preview":"max-image-preview:large","max-video-preview":"max-video-preview:-1"},"canonical":"https:\/\/bozsogiattila.hu\/?p=1501","og_locale":"hu_HU","og_type":"article","og_title":"BALLAG AZ ORSZ\u00c1G - Bozsogi Attila","og_description":"BALLAG AZ ORSZ\u00c1G Napjainkban nagy csal\u00e1di \u00fcnnepnek sz\u00e1m\u00edtanak a k\u00fcl\u00f6nb\u00f6z\u0151 korcsoportok ballag\u00e1si szok\u00e1saik. Elgondolkoztam azon, hogy mit is jelent az a sz\u00f3, hogy ballag vagy ballag\u00e1s. Gondolataimat pap\u00edrra vetettem \u00e9s most megosztom \u00f6n\u00f6kkel az eredm\u00e9nyt.Ha fellapozzuk a Magyar \u00c9rtelmez\u0151 K\u00e9zisz\u00f3t\u00e1rt, a ballag c\u00edmsz\u00f3 alatt a k\u00f6vetkez\u0151 meghat\u00e1roz\u00e1st: olvashatjuk:A ballag szavunk ige, teh\u00e1t cselekv\u00e9st fejez ki.Jelent\u00e9se: ... Olvass tov\u00e1bb","og_url":"https:\/\/bozsogiattila.hu\/?p=1501","og_site_name":"Bozsogi Attila","article_published_time":"2024-01-14T15:01:38+00:00","author":"Bozsogi Attila","twitter_card":"summary_large_image","twitter_misc":{"Szerz\u0151:":"Bozsogi Attila","Becs\u00fclt olvas\u00e1si id\u0151":"4 perc"},"schema":{"@context":"https:\/\/schema.org","@graph":[{"@type":"WebPage","@id":"https:\/\/bozsogiattila.hu\/?p=1501","url":"https:\/\/bozsogiattila.hu\/?p=1501","name":"BALLAG AZ ORSZ\u00c1G - Bozsogi Attila","isPartOf":{"@id":"https:\/\/bozsogiattila.hu\/#website"},"datePublished":"2024-01-14T15:01:38+00:00","dateModified":"2024-01-14T15:01:38+00:00","author":{"@id":"https:\/\/bozsogiattila.hu\/#\/schema\/person\/488c99f554a8c4039201260dd5eb795e"},"breadcrumb":{"@id":"https:\/\/bozsogiattila.hu\/?p=1501#breadcrumb"},"inLanguage":"hu","potentialAction":[{"@type":"ReadAction","target":["https:\/\/bozsogiattila.hu\/?p=1501"]}]},{"@type":"BreadcrumbList","@id":"https:\/\/bozsogiattila.hu\/?p=1501#breadcrumb","itemListElement":[{"@type":"ListItem","position":1,"name":"Kezd\u0151lap","item":"https:\/\/bozsogiattila.hu\/"},{"@type":"ListItem","position":2,"name":"BALLAG AZ ORSZ\u00c1G"}]},{"@type":"WebSite","@id":"https:\/\/bozsogiattila.hu\/#website","url":"https:\/\/bozsogiattila.hu\/","name":"Bozsogi Attila","description":"a zen\u00e9sz, \u00edr\u00f3 munk\u00e1ss\u00e1g\u00e1nak \u00e9s a mak\u00f3i muzsikusok eml\u00e9k\u00e9t \u0151rz\u0151 oldal","potentialAction":[{"@type":"SearchAction","target":{"@type":"EntryPoint","urlTemplate":"https:\/\/bozsogiattila.hu\/?s={search_term_string}"},"query-input":"required name=search_term_string"}],"inLanguage":"hu"},{"@type":"Person","@id":"https:\/\/bozsogiattila.hu\/#\/schema\/person\/488c99f554a8c4039201260dd5eb795e","name":"Bozsogi Attila","image":{"@type":"ImageObject","inLanguage":"hu","@id":"https:\/\/bozsogiattila.hu\/#\/schema\/person\/image\/","url":"https:\/\/secure.gravatar.com\/avatar\/7da6b5985e34ed798d1670c54ce7d20e6a53b800bb0c07945c64b09392f3dbfd?s=96&d=mm&r=g","contentUrl":"https:\/\/secure.gravatar.com\/avatar\/7da6b5985e34ed798d1670c54ce7d20e6a53b800bb0c07945c64b09392f3dbfd?s=96&d=mm&r=g","caption":"Bozsogi Attila"},"sameAs":["http:\/\/www.boszogiattila.hu"],"url":"https:\/\/bozsogiattila.hu\/?author=3"}]}},"jetpack_featured_media_url":"","_links":{"self":[{"href":"https:\/\/bozsogiattila.hu\/index.php?rest_route=\/wp\/v2\/posts\/1501","targetHints":{"allow":["GET"]}}],"collection":[{"href":"https:\/\/bozsogiattila.hu\/index.php?rest_route=\/wp\/v2\/posts"}],"about":[{"href":"https:\/\/bozsogiattila.hu\/index.php?rest_route=\/wp\/v2\/types\/post"}],"author":[{"embeddable":true,"href":"https:\/\/bozsogiattila.hu\/index.php?rest_route=\/wp\/v2\/users\/3"}],"replies":[{"embeddable":true,"href":"https:\/\/bozsogiattila.hu\/index.php?rest_route=%2Fwp%2Fv2%2Fcomments&post=1501"}],"version-history":[{"count":1,"href":"https:\/\/bozsogiattila.hu\/index.php?rest_route=\/wp\/v2\/posts\/1501\/revisions"}],"predecessor-version":[{"id":1502,"href":"https:\/\/bozsogiattila.hu\/index.php?rest_route=\/wp\/v2\/posts\/1501\/revisions\/1502"}],"wp:attachment":[{"href":"https:\/\/bozsogiattila.hu\/index.php?rest_route=%2Fwp%2Fv2%2Fmedia&parent=1501"}],"wp:term":[{"taxonomy":"category","embeddable":true,"href":"https:\/\/bozsogiattila.hu\/index.php?rest_route=%2Fwp%2Fv2%2Fcategories&post=1501"},{"taxonomy":"post_tag","embeddable":true,"href":"https:\/\/bozsogiattila.hu\/index.php?rest_route=%2Fwp%2Fv2%2Ftags&post=1501"}],"curies":[{"name":"wp","href":"https:\/\/api.w.org\/{rel}","templated":true}]}}