{"id":1513,"date":"2024-01-15T18:37:04","date_gmt":"2024-01-15T18:37:04","guid":{"rendered":"https:\/\/bozsogiattila.hu\/?p=1513"},"modified":"2024-01-15T18:37:05","modified_gmt":"2024-01-15T18:37:05","slug":"torna-a-gimiben","status":"publish","type":"post","link":"https:\/\/bozsogiattila.hu\/?p=1513","title":{"rendered":"TORNA A GIMIBEN"},"content":{"rendered":"\n<p class=\"wp-block-paragraph\">TORNA A GIMIBEN<\/p>\n\n\n\n<p class=\"wp-block-paragraph\">V\u00e9kony Istv\u00e1n \u00e1ltal\u00e1nos iskolai testnevel\u0151 tan\u00e1runk kifog\u00e1stalan alappal ind\u00edtott \u00fatnak benn\u00fcnket a torna sportban, melynek hat\u00e1s\u00e1ra Sonkodi Istv\u00e1n, Kov\u00e1cs J\u00e1nos \u00e9s Bozsogi Attila (j\u00f3 magam) p\u00e1r h\u00f3nap eltelt\u00e9vel tagjai lett\u00fcnk a gimn\u00e1zium csapat\u00e1nak. A negyedik els\u0151s csapattag a Bajza J\u00f3zsef \u00c1ltal\u00e1nos Iskol\u00e1b\u00f3l \u00e9rkezett Siket S\u00e1ndor szem\u00e9ly\u00e9ben.<br>A n\u00e9gy tehets\u00e9ges torn\u00e1szpal\u00e1nt\u00e1val Tarj\u00e1nyi L\u00e1szl\u00f3 testnevel\u0151 tan\u00e1runk &#8211; \u00e9s egyben a Vasas Sportk\u00f6r edz\u0151je &#8211; l\u00e1tva benn\u00fcnk a j\u00f6v\u0151 csapat\u00e1t, rengeteget foglalkozott vel\u00fcnk, akiknek a testnevel\u00e9si \u00f3r\u00e1kon sem kellett r\u00e9szt venn\u00fcnk a foglalkoz\u00e1sokon, hanem kiv\u00e1lva az oszt\u00e1lyb\u00f3l k\u00fcl\u00f6n gyakorolhattuk a versenygyakorlatok egyes elemeit.<br>Ennek a megk\u00fcl\u00f6nb\u00f6ztetett elb\u00edr\u00e1l\u00e1snak meglett az eredm\u00e9nye, mert m\u00e1r az els\u0151 megyei k\u00f6z\u00e9piskol\u00e1s versenyen legy\u0151zt\u00fck a nagy riv\u00e1lis csapat\u00e1t, a szegedi Radn\u00f3ti Gimn\u00e1zium torn\u00e1szait.<br>A megyebajnoks\u00e1g megnyer\u00e9s\u00e9nek hat\u00e1s\u00e1ra jogot form\u00e1lhattunk a Budapesten megrendez\u00e9sre ker\u00fcl\u0151 orsz\u00e1gos bajnoks\u00e1gra.<\/p>\n\n\n\n<p class=\"wp-block-paragraph\">A tan\u00e9v megkezd\u00e9se ut\u00e1n, mivel sok bar\u00e1tom lakott a gimn\u00e1ziumi koll\u00e9giumban, addig k\u00e9rleltem sz\u00fcleimet, hogy ap\u00e1mra val\u00f3 tekintettel (\u0150 volt az iskola \u00e9s koll\u00e9gium p\u00e9nz\u00fcgyi revizora) felv\u00e9telt nyertem az int\u00e9zm\u00e9nybe, ahov\u00e1 azonnal be is k\u00f6lt\u00f6ztem. A m\u00e1r bentlak\u00f3 bar\u00e1taim k\u00e9r\u00e9s\u00e9re a koll\u00e9gium kulcs\u00e1r\u00f3l k\u00e9sz\u00edttetett m\u00e1solattal \u00e9rkeztem meg, mely kulcsnak a k\u00e9s\u0151bbiekben fontos szerepe volt a bar\u00e1ti k\u00f6r\u00f6mnek, egy-egy tiltott kiruccan\u00e1s alkalm\u00e1val.<\/p>\n\n\n\n<p class=\"wp-block-paragraph\">Visszat\u00e9rve a torn\u00e1sz mivoltomhoz, valamint a koll\u00e9giumigazgat\u00f3 hozz\u00e1\u00e1ll\u00e1s\u00e1hoz az orsz\u00e1gos bajnoks\u00e1gra val\u00f3 felk\u00e9sz\u00fcl\u00e9ssel kapcsolatosan, megjegyezn\u00e9m, hogy a verseny k\u00f6zeledt\u00e9vel a k\u00f6telez\u0151 st\u00fadiumi felk\u00e9sz\u00fcl\u00e9sekr\u0151l egy \u00f3r\u00e1val kor\u00e1bban t\u00e1vozhattam, mely id\u0151t pihen\u00e9sre haszn\u00e1lhattam fel, \u00e9s ezzel az egy \u00f3r\u00e1val megn\u00f6vekedett az \u00e9jszakai pihen\u00e9s ideje.<br>Ebben az id\u0151ben a mostani buszp\u00e1lyaudvar hely\u00e9n l\u00e9v\u0151 piact\u00e9ren m\u0171k\u00f6d\u00f6tt minden este 5 \u2013 8-ig egy zenei st\u00fadi\u00f3, melyet rengeteg fiatal \u00e1llt k\u00f6r\u00fcl hallgatva a leg\u00fajabb lemezek sikersz\u00e1mait. Egyik legh\u00edresebb lemezszt\u00e1rnak sz\u00e1m\u00edtott a vil\u00e1gh\u00edr\u0171v\u00e9 v\u00e1lt Tab\u00e1nyi Mih\u00e1ly harmonikam\u0171v\u00e9sz \u00e9s zenekar\u00e1nak felv\u00e9telei.<br>Ki tudja m\u00e1r, hogy h\u00e1nyadszor hallgattuk meg e csod\u00e1latos zenekar lemezeit, mikor rekl\u00e1mozni kezdt\u00e9k a Tab\u00e1nyi zenekar mak\u00f3i koncertj\u00e9t?<br>Minden \u00e1ron szerettem volna \u00e9l\u0151ben hallgatni a zenekart, de es\u00e9lyem sem volt arra, hogy kiengedjenek e koncertre, mivel az \u00e9jszakai \u00f3r\u00e1kban \u00e9rt v\u00e9get, nekem pedig biztos\u00edtott\u00e1k a pihen\u00e9st az orsz\u00e1gos bajnoks\u00e1gra.<br>\u201eAz \u00f6rd\u00f6g nem alszik\u201d, ahogy mondani szok\u00e1s, \u00e9s ennek hat\u00e1s\u00e1ra elhat\u00e1roztam, hogy minden \u00e1ron meg fogom n\u00e9zni e kuri\u00f3zumnak tekinthet\u0151 el\u0151ad\u00e1st.<\/p>\n\n\n\n<p class=\"wp-block-paragraph\">Az el\u0151ad\u00e1s est\u00e9j\u00e9n meg\u00e1gyaztam az \u00e1gyamat, \u00e9s az egyik gyeng\u00e9lked\u0151n alv\u00f3 t\u00e1rsam p\u00e1rn\u00e1j\u00e1t olyanform\u00e1n helyeztem el takar\u00f3m alatt, mintha az \u00e1gyban aludn\u00e9k.<br>A koll\u00e9giumot a koll\u00e9giumigazgat\u00f3 lak\u00e1sa el\u0151tt lehetett elhagyni, ez\u00e9rt l\u00e1b\u00fajhegyen igyekeztem kiosonni a folyos\u00f3r\u00f3l.<br>Igazgat\u00f3nk id\u0151nk\u00e9nt szeretett kimaradozni bar\u00e1taival, ez\u00e9rt, feles\u00e9ge mindig r\u00e9sen volt.<br>Ahogy becsuktam a folyos\u00f3 ajtaj\u00e1t, kiss\u00e9 megnyikordult. \u00c9n az esti sz\u00fcrk\u00fcletben \u00e9ppen a kaput z\u00e1rtam ki, (Saj\u00e1t kulcsommal) mikor kiv\u00e1g\u00f3dott a folyos\u00f3 ajtaja, \u00e9s hars\u00e1nyhangon r\u00e1m rivallt az igazgat\u00f3 feles\u00e9ge: \u201eGyere vissza te piszkos csavarg\u00f3\u201d. K\u00e9nyszeredetten megfordultam, \u00e9s mikor megl\u00e1tott, \u201eBocs\u00e1sson meg azt hittem a f\u00e9rjem\u201d &#8211; mondta, \u00e9s visszament a lak\u00e1sukba.<br>Szerencs\u00e9re az igazgat\u00f3 \u00far nem hallhatta meg feles\u00e9ge mag\u00e1nsz\u00e1m\u00e1t, \u00edgy zavartalanul t\u00e1vozhattam.<\/p>\n\n\n\n<p class=\"wp-block-paragraph\">V\u00e9gre kint voltam a koll\u00e9giumb\u00f3l, \u00e9s Cimbi bar\u00e1tom v\u00e1rt a megbesz\u00e9lt helyen. Ezut\u00e1n m\u00e1r csak az volt a nagy k\u00e9rd\u00e9s, hogyan jutunk be a koncertre jegy n\u00e9lk\u00fcl?<br>A r\u00e9gi Hagymah\u00e1z sz\u00ednh\u00e1zterm\u00e9nek emeleti r\u00e9sz\u00e9n volt egy terasz, ahol a sz\u00fcnetben r\u00e1gy\u00fajthattak a n\u00e9z\u0151k. J\u00f3l ismerve a szok\u00e1sokat tudtuk, hogy az el\u0151ad\u00e1s megkezd\u00e9sekor a becsenget\u00e9st k\u00f6vet\u0151en eloltj\u00e1k a villanyokat.<br>Az udvari bej\u00e1rati kaput k\u00e9t nagym\u00e9ret\u0171 t\u00e9glaoszlop tartotta, amelynek tetej\u00e9r\u0151l, Cimbi v\u00e1llair\u00f3l, mint j\u00f3 torn\u00e1sz k\u00f6nnyed\u00e9n felm\u00e1sztam a teraszra, majd felseg\u00edtettem Cimbit is.<br>A teraszr\u00f3l a legnagyobb nyugalommal bes\u00e9t\u00e1ltunk, mivel tudtuk, hogy a m\u0171sor kezdete el\u0151tt Pusk\u00e1s n\u00e9ni (Jegyszed\u0151) k\u00edv\u00fcl \u00e1ll egy ideig az ajt\u00f3 el\u0151tt, az esetlegesen elk\u00e9s\u0151k elkalauzol\u00e1sa \u00e9rdek\u00e9ben.<br>Az erk\u00e9lyen k\u00e9t sor \u00fcl\u0151hely volt, melyek m\u00f6g\u00f6tt az \u00e9rdekesnek k\u00edn\u00e1lkoz\u00f3 el\u0151ad\u00e1sokon, sokan \u00e1lltak a h\u00e1z aktivist\u00e1i k\u00f6z\u00fcl. \u00cdgy nem t\u0171nt fel senkinek a k\u00e9t illeg\u00e1lisan bejutott l\u00e1togat\u00f3.<br>Mi a terasz fel\u00f6li fal mellett \u00e1lltunk meg a jegyszed\u0151t\u0151l t\u00e1vol. El\u0151tt\u00fcnk egy \u00fcresen maradt sz\u00e9k \u00e1llt. Mikor m\u00e1r egy ideje ment a m\u0171sor, \u00f3vatosan h\u00e1trah\u00faztuk a sz\u00e9ket, \u00e9s megosztva ketten \u00fclt\u00fcnk r\u00e1.<br>Kiss\u00e9 k\u00e9nyelmetlen\u00fcl, de m\u00e9gis \u00fcl\u0151vend\u00e9gk\u00e9nt n\u00e9zhett\u00fck, hallhattuk a vil\u00e1gh\u00edr\u0171 zenekart. (Tab\u00e1nyi Mih\u00e1ly harmonika, Tur\u00e1n L\u00e1szl\u00f3 zongora, Balogh G\u00e9za git\u00e1r \u2013 Hawaii &#8211; git\u00e1r, Kov\u00e1cs Gyula dob, Pege Alad\u00e1r b\u0151g\u0151, Gerard Laboch \u00e9nek)<\/p>\n","protected":false},"excerpt":{"rendered":"<p>TORNA A GIMIBEN V\u00e9kony Istv\u00e1n \u00e1ltal\u00e1nos iskolai testnevel\u0151 tan\u00e1runk kifog\u00e1stalan alappal ind\u00edtott \u00fatnak benn\u00fcnket a torna sportban, melynek hat\u00e1s\u00e1ra Sonkodi Istv\u00e1n, Kov\u00e1cs J\u00e1nos \u00e9s Bozsogi Attila (j\u00f3 magam) p\u00e1r h\u00f3nap eltelt\u00e9vel tagjai lett\u00fcnk a gimn\u00e1zium csapat\u00e1nak. A negyedik els\u0151s csapattag a Bajza J\u00f3zsef \u00c1ltal\u00e1nos Iskol\u00e1b\u00f3l \u00e9rkezett Siket S\u00e1ndor szem\u00e9ly\u00e9ben.A n\u00e9gy tehets\u00e9ges torn\u00e1szpal\u00e1nt\u00e1val Tarj\u00e1nyi L\u00e1szl\u00f3 testnevel\u0151 &#8230; <a title=\"TORNA A GIMIBEN\" class=\"read-more\" href=\"https:\/\/bozsogiattila.hu\/?p=1513\" aria-label=\"Tov\u00e1bbiak TORNA A GIMIBEN\">Olvass tov\u00e1bb<\/a><\/p>\n","protected":false},"author":3,"featured_media":0,"comment_status":"open","ping_status":"open","sticky":false,"template":"","format":"standard","meta":{"footnotes":""},"categories":[331],"tags":[],"class_list":["post-1513","post","type-post","status-publish","format-standard","hentry","category-emlkeim"],"yoast_head":"<!-- This site is optimized with the Yoast SEO plugin v21.8 - https:\/\/yoast.com\/wordpress\/plugins\/seo\/ -->\n<title>TORNA A GIMIBEN - Bozsogi Attila<\/title>\n<meta name=\"robots\" content=\"index, follow, max-snippet:-1, max-image-preview:large, max-video-preview:-1\" \/>\n<link rel=\"canonical\" href=\"https:\/\/bozsogiattila.hu\/?p=1513\" \/>\n<meta property=\"og:locale\" content=\"hu_HU\" \/>\n<meta property=\"og:type\" content=\"article\" \/>\n<meta property=\"og:title\" content=\"TORNA A GIMIBEN - Bozsogi Attila\" \/>\n<meta property=\"og:description\" content=\"TORNA A GIMIBEN V\u00e9kony Istv\u00e1n \u00e1ltal\u00e1nos iskolai testnevel\u0151 tan\u00e1runk kifog\u00e1stalan alappal ind\u00edtott \u00fatnak benn\u00fcnket a torna sportban, melynek hat\u00e1s\u00e1ra Sonkodi Istv\u00e1n, Kov\u00e1cs J\u00e1nos \u00e9s Bozsogi Attila (j\u00f3 magam) p\u00e1r h\u00f3nap eltelt\u00e9vel tagjai lett\u00fcnk a gimn\u00e1zium csapat\u00e1nak. A negyedik els\u0151s csapattag a Bajza J\u00f3zsef \u00c1ltal\u00e1nos Iskol\u00e1b\u00f3l \u00e9rkezett Siket S\u00e1ndor szem\u00e9ly\u00e9ben.A n\u00e9gy tehets\u00e9ges torn\u00e1szpal\u00e1nt\u00e1val Tarj\u00e1nyi L\u00e1szl\u00f3 testnevel\u0151 ... Olvass tov\u00e1bb\" \/>\n<meta property=\"og:url\" content=\"https:\/\/bozsogiattila.hu\/?p=1513\" \/>\n<meta property=\"og:site_name\" content=\"Bozsogi Attila\" \/>\n<meta property=\"article:published_time\" content=\"2024-01-15T18:37:04+00:00\" \/>\n<meta property=\"article:modified_time\" content=\"2024-01-15T18:37:05+00:00\" \/>\n<meta name=\"author\" content=\"Bozsogi Attila\" \/>\n<meta name=\"twitter:card\" content=\"summary_large_image\" \/>\n<meta name=\"twitter:label1\" content=\"Szerz\u0151:\" \/>\n\t<meta name=\"twitter:data1\" content=\"Bozsogi Attila\" \/>\n\t<meta name=\"twitter:label2\" content=\"Becs\u00fclt olvas\u00e1si id\u0151\" \/>\n\t<meta name=\"twitter:data2\" content=\"5 perc\" \/>\n<script type=\"application\/ld+json\" class=\"yoast-schema-graph\">{\"@context\":\"https:\/\/schema.org\",\"@graph\":[{\"@type\":\"WebPage\",\"@id\":\"https:\/\/bozsogiattila.hu\/?p=1513\",\"url\":\"https:\/\/bozsogiattila.hu\/?p=1513\",\"name\":\"TORNA A GIMIBEN - Bozsogi Attila\",\"isPartOf\":{\"@id\":\"https:\/\/bozsogiattila.hu\/#website\"},\"datePublished\":\"2024-01-15T18:37:04+00:00\",\"dateModified\":\"2024-01-15T18:37:05+00:00\",\"author\":{\"@id\":\"https:\/\/bozsogiattila.hu\/#\/schema\/person\/488c99f554a8c4039201260dd5eb795e\"},\"breadcrumb\":{\"@id\":\"https:\/\/bozsogiattila.hu\/?p=1513#breadcrumb\"},\"inLanguage\":\"hu\",\"potentialAction\":[{\"@type\":\"ReadAction\",\"target\":[\"https:\/\/bozsogiattila.hu\/?p=1513\"]}]},{\"@type\":\"BreadcrumbList\",\"@id\":\"https:\/\/bozsogiattila.hu\/?p=1513#breadcrumb\",\"itemListElement\":[{\"@type\":\"ListItem\",\"position\":1,\"name\":\"Kezd\u0151lap\",\"item\":\"https:\/\/bozsogiattila.hu\/\"},{\"@type\":\"ListItem\",\"position\":2,\"name\":\"TORNA A GIMIBEN\"}]},{\"@type\":\"WebSite\",\"@id\":\"https:\/\/bozsogiattila.hu\/#website\",\"url\":\"https:\/\/bozsogiattila.hu\/\",\"name\":\"Bozsogi Attila\",\"description\":\"a zen\u00e9sz, \u00edr\u00f3 munk\u00e1ss\u00e1g\u00e1nak \u00e9s a mak\u00f3i muzsikusok eml\u00e9k\u00e9t \u0151rz\u0151 oldal\",\"potentialAction\":[{\"@type\":\"SearchAction\",\"target\":{\"@type\":\"EntryPoint\",\"urlTemplate\":\"https:\/\/bozsogiattila.hu\/?s={search_term_string}\"},\"query-input\":\"required name=search_term_string\"}],\"inLanguage\":\"hu\"},{\"@type\":\"Person\",\"@id\":\"https:\/\/bozsogiattila.hu\/#\/schema\/person\/488c99f554a8c4039201260dd5eb795e\",\"name\":\"Bozsogi Attila\",\"image\":{\"@type\":\"ImageObject\",\"inLanguage\":\"hu\",\"@id\":\"https:\/\/bozsogiattila.hu\/#\/schema\/person\/image\/\",\"url\":\"https:\/\/secure.gravatar.com\/avatar\/7da6b5985e34ed798d1670c54ce7d20e6a53b800bb0c07945c64b09392f3dbfd?s=96&d=mm&r=g\",\"contentUrl\":\"https:\/\/secure.gravatar.com\/avatar\/7da6b5985e34ed798d1670c54ce7d20e6a53b800bb0c07945c64b09392f3dbfd?s=96&d=mm&r=g\",\"caption\":\"Bozsogi Attila\"},\"sameAs\":[\"http:\/\/www.boszogiattila.hu\"],\"url\":\"https:\/\/bozsogiattila.hu\/?author=3\"}]}<\/script>\n<!-- \/ Yoast SEO plugin. -->","yoast_head_json":{"title":"TORNA A GIMIBEN - Bozsogi Attila","robots":{"index":"index","follow":"follow","max-snippet":"max-snippet:-1","max-image-preview":"max-image-preview:large","max-video-preview":"max-video-preview:-1"},"canonical":"https:\/\/bozsogiattila.hu\/?p=1513","og_locale":"hu_HU","og_type":"article","og_title":"TORNA A GIMIBEN - Bozsogi Attila","og_description":"TORNA A GIMIBEN V\u00e9kony Istv\u00e1n \u00e1ltal\u00e1nos iskolai testnevel\u0151 tan\u00e1runk kifog\u00e1stalan alappal ind\u00edtott \u00fatnak benn\u00fcnket a torna sportban, melynek hat\u00e1s\u00e1ra Sonkodi Istv\u00e1n, Kov\u00e1cs J\u00e1nos \u00e9s Bozsogi Attila (j\u00f3 magam) p\u00e1r h\u00f3nap eltelt\u00e9vel tagjai lett\u00fcnk a gimn\u00e1zium csapat\u00e1nak. A negyedik els\u0151s csapattag a Bajza J\u00f3zsef \u00c1ltal\u00e1nos Iskol\u00e1b\u00f3l \u00e9rkezett Siket S\u00e1ndor szem\u00e9ly\u00e9ben.A n\u00e9gy tehets\u00e9ges torn\u00e1szpal\u00e1nt\u00e1val Tarj\u00e1nyi L\u00e1szl\u00f3 testnevel\u0151 ... Olvass tov\u00e1bb","og_url":"https:\/\/bozsogiattila.hu\/?p=1513","og_site_name":"Bozsogi Attila","article_published_time":"2024-01-15T18:37:04+00:00","article_modified_time":"2024-01-15T18:37:05+00:00","author":"Bozsogi Attila","twitter_card":"summary_large_image","twitter_misc":{"Szerz\u0151:":"Bozsogi Attila","Becs\u00fclt olvas\u00e1si id\u0151":"5 perc"},"schema":{"@context":"https:\/\/schema.org","@graph":[{"@type":"WebPage","@id":"https:\/\/bozsogiattila.hu\/?p=1513","url":"https:\/\/bozsogiattila.hu\/?p=1513","name":"TORNA A GIMIBEN - Bozsogi Attila","isPartOf":{"@id":"https:\/\/bozsogiattila.hu\/#website"},"datePublished":"2024-01-15T18:37:04+00:00","dateModified":"2024-01-15T18:37:05+00:00","author":{"@id":"https:\/\/bozsogiattila.hu\/#\/schema\/person\/488c99f554a8c4039201260dd5eb795e"},"breadcrumb":{"@id":"https:\/\/bozsogiattila.hu\/?p=1513#breadcrumb"},"inLanguage":"hu","potentialAction":[{"@type":"ReadAction","target":["https:\/\/bozsogiattila.hu\/?p=1513"]}]},{"@type":"BreadcrumbList","@id":"https:\/\/bozsogiattila.hu\/?p=1513#breadcrumb","itemListElement":[{"@type":"ListItem","position":1,"name":"Kezd\u0151lap","item":"https:\/\/bozsogiattila.hu\/"},{"@type":"ListItem","position":2,"name":"TORNA A GIMIBEN"}]},{"@type":"WebSite","@id":"https:\/\/bozsogiattila.hu\/#website","url":"https:\/\/bozsogiattila.hu\/","name":"Bozsogi Attila","description":"a zen\u00e9sz, \u00edr\u00f3 munk\u00e1ss\u00e1g\u00e1nak \u00e9s a mak\u00f3i muzsikusok eml\u00e9k\u00e9t \u0151rz\u0151 oldal","potentialAction":[{"@type":"SearchAction","target":{"@type":"EntryPoint","urlTemplate":"https:\/\/bozsogiattila.hu\/?s={search_term_string}"},"query-input":"required name=search_term_string"}],"inLanguage":"hu"},{"@type":"Person","@id":"https:\/\/bozsogiattila.hu\/#\/schema\/person\/488c99f554a8c4039201260dd5eb795e","name":"Bozsogi Attila","image":{"@type":"ImageObject","inLanguage":"hu","@id":"https:\/\/bozsogiattila.hu\/#\/schema\/person\/image\/","url":"https:\/\/secure.gravatar.com\/avatar\/7da6b5985e34ed798d1670c54ce7d20e6a53b800bb0c07945c64b09392f3dbfd?s=96&d=mm&r=g","contentUrl":"https:\/\/secure.gravatar.com\/avatar\/7da6b5985e34ed798d1670c54ce7d20e6a53b800bb0c07945c64b09392f3dbfd?s=96&d=mm&r=g","caption":"Bozsogi Attila"},"sameAs":["http:\/\/www.boszogiattila.hu"],"url":"https:\/\/bozsogiattila.hu\/?author=3"}]}},"jetpack_featured_media_url":"","_links":{"self":[{"href":"https:\/\/bozsogiattila.hu\/index.php?rest_route=\/wp\/v2\/posts\/1513","targetHints":{"allow":["GET"]}}],"collection":[{"href":"https:\/\/bozsogiattila.hu\/index.php?rest_route=\/wp\/v2\/posts"}],"about":[{"href":"https:\/\/bozsogiattila.hu\/index.php?rest_route=\/wp\/v2\/types\/post"}],"author":[{"embeddable":true,"href":"https:\/\/bozsogiattila.hu\/index.php?rest_route=\/wp\/v2\/users\/3"}],"replies":[{"embeddable":true,"href":"https:\/\/bozsogiattila.hu\/index.php?rest_route=%2Fwp%2Fv2%2Fcomments&post=1513"}],"version-history":[{"count":1,"href":"https:\/\/bozsogiattila.hu\/index.php?rest_route=\/wp\/v2\/posts\/1513\/revisions"}],"predecessor-version":[{"id":1515,"href":"https:\/\/bozsogiattila.hu\/index.php?rest_route=\/wp\/v2\/posts\/1513\/revisions\/1515"}],"wp:attachment":[{"href":"https:\/\/bozsogiattila.hu\/index.php?rest_route=%2Fwp%2Fv2%2Fmedia&parent=1513"}],"wp:term":[{"taxonomy":"category","embeddable":true,"href":"https:\/\/bozsogiattila.hu\/index.php?rest_route=%2Fwp%2Fv2%2Fcategories&post=1513"},{"taxonomy":"post_tag","embeddable":true,"href":"https:\/\/bozsogiattila.hu\/index.php?rest_route=%2Fwp%2Fv2%2Ftags&post=1513"}],"curies":[{"name":"wp","href":"https:\/\/api.w.org\/{rel}","templated":true}]}}