{"id":1516,"date":"2024-01-15T18:38:59","date_gmt":"2024-01-15T18:38:59","guid":{"rendered":"https:\/\/bozsogiattila.hu\/?p=1516"},"modified":"2024-01-15T18:39:00","modified_gmt":"2024-01-15T18:39:00","slug":"tabanyi-mihaly-pilis-1921-februar-1-magyar-harmonikamuvesz-es-dzsesszzenesz","status":"publish","type":"post","link":"https:\/\/bozsogiattila.hu\/?p=1516","title":{"rendered":"Tab\u00e1nyi Mih\u00e1ly (Pilis, 1921. febru\u00e1r 1.) magyar harmonikam\u0171v\u00e9sz \u00e9s dzsesszzen\u00e9sz"},"content":{"rendered":"\n<p class=\"wp-block-paragraph\">Tab\u00e1nyi Mih\u00e1ly (Pilis, 1921. febru\u00e1r 1.) magyar harmonikam\u0171v\u00e9sz \u00e9s dzsesszzen\u00e9sz, az 1940-es \u00e9s &#8217;50-es \u00e9vek legn\u00e9pszer\u0171bb tang\u00f3harmonik\u00e1sa volt. Saj\u00e1t zenekar\u00e1val sz\u00e1mtalan orsz\u00e1gban adott koncertet, s n\u00e9ha m\u00e9g ma is fell\u00e9p. 2006-ban A Magyar K\u00f6zt\u00e1rsas\u00e1gi \u00c9rdemrend lovagkeresztje \u00e9s 2012. m\u00e1rcius 15. alkalm\u00e1val A Magyar K\u00f6zt\u00e1rsas\u00e1gi \u00c9rdemrend Tisztikeresztje \u00c1llami kit\u00fcntet\u00e9sben r\u00e9szes\u00fclt.<br>\u201e Ha Tab\u00e1nyi j\u00e1tszik a tang\u00f3harmonik\u00e1n, akkor az nagyon j\u00f3. \u201d<br>\u2013 Kod\u00e1ly Zolt\u00e1n[1]<\/p>\n\n\n\n<p class=\"wp-block-paragraph\">Tab\u00e1nyi Mih\u00e1ly 1921. febru\u00e1r 1-j\u00e9n sz\u00fcletett Pilisen. \u00d6t \u00e9ves kor\u00e1t\u00f3l kezdett el zen\u00e9lni heged\u0171n, majd nyolc \u00e9vesen zongor\u00e1n. Miut\u00e1n felv\u00e9telt nyert a Zeneakad\u00e9mi\u00e1ra, orgona \u00e9s gordon szakon v\u00e9gzett.<br>1940-ben megnyerte az Orsz\u00e1gos harmonikaverseny hivat\u00e1sos els\u0151 hely\u00e9t, majd k\u00e9t \u00e9vvel r\u00e1 az Orsz\u00e1gos harmonika kir\u00e1lly\u00e1 v\u00e1laszt\u00e1si versenyt, s m\u00e9g ebben az \u00e9vben elnyerte az Tang\u00f3harmonika Olimpi\u00e1szt. K\u00e9s\u0151bb elk\u00e9sz\u00edtette els\u0151 dzsessz-felv\u00e9teleit a Radiola Electro Record kiad\u00f3n\u00e1l.[2] 1945 el\u0151tt f\u0151leg tri\u00f3kban l\u00e9pett fel, t\u00f6bbek k\u00f6z\u00f6tt Cziffra Gy\u00f6rggyel, akivel a Bristol Hall zenekarban j\u00e1tszott egy\u00fctt, majd megalap\u00edtotta saj\u00e1t zenekar\u00e1t Pinocchio n\u00e9ven, amellyel sz\u00e1mos orsz\u00e1gban fell\u00e9pett. A form\u00e1ci\u00f3ban k\u00e9t git\u00e1ros, Bacsik Elek \u00e9s Zoller Attila szerepeltek.[2] 1946-ban Sv\u00e1jcban egy szerz\u0151d\u00e9st kapott, k\u00e9t \u00e9vvel r\u00e1 pedig megalap\u00edtotta harmonika iskol\u00e1j\u00e1t, amit a mai napig m\u0171k\u00f6dtet. 1949-t\u0151l h\u00e9t \u00e9ven kereszt\u00fcl az Emke K\u00e1v\u00e9h\u00e1zban muzsik\u00e1lt zenekar\u00e1val, majd 1956-ban az egy\u00fcttes feloszlott.<br>1950-ben elnyeri az orsz\u00e1g legn\u00e9pszer\u0171bb jazz muzsikusa c\u00edmet. 1956-ban Pr\u00e1g\u00e1ban k\u00f6zel egy \u00e9vig vend\u00e9gszerepel \u00e9s Karlovy Varyban a nemzetk\u00f6zi filmfesztiv\u00e1l zenekara lesz, majd a Szovjetuni\u00f3ba t\u00e9r \u00e1t vend\u00e9gszerepl\u0151nek. 1957 szeptember\u00e9ben elk\u00e9sz\u00edtette az els\u0151 magyar west coast felv\u00e9tel\u00e9t a Qualiton kiad\u00f3 r\u00e9sz\u00e9re.[2]<br>1960-t\u00f3l \u00e9veket t\u00f6lt Nyugat-N\u00e9metorsz\u00e1gban \u00e9s koncerteket ad Eur\u00f3pa sz\u00e1mos orsz\u00e1g\u00e1ban, s ekkor m\u00e1r vil\u00e1g szerte elismert m\u0171v\u00e9szk\u00e9nt tartj\u00e1k sz\u00e1mon. 1962 febru\u00e1rj\u00e1t\u00f3l m\u00e1jusig Tab\u00e1nyi nagyobb form\u00e1ci\u00f3kkal k\u00e9sz\u00edtett lemezfelv\u00e9teleket, t\u00f6bbek k\u00f6z\u00f6tt Bergendy Istv\u00e1n, Bergendy P\u00e9ter, Dud\u00e1s Lajos, \u201eAblakos\u201d Lakatos Dezs\u0151, Mittai Attila, V\u00e1radi Gy\u00f6rgy, Wirth Rudolf, K\u00e1ldor P\u00e9ter, Tihanyi P\u00e9ter, Kov\u00e1cs Andor, Pege Alad\u00e1r \u00e9s Kov\u00e1cs Gyula k\u00f6zrem\u0171k\u00f6d\u00e9s\u00e9vel.<br>1976-ban megh\u00edv\u00e1st kap az Amerikai Egyes\u00fclt \u00c1llamok 200-\u00e9ves fenn\u00e1ll\u00e1s\u00e1nak \u00fcnnepi rendezv\u00e9ny-sorozat\u00e1ra, ahol olyan n\u00e9pszer\u0171 zen\u00e9szekkel egy\u00fctt koncertezik, mint p\u00e9ld\u00e1ul Les Paul, Doris Day, Art Vandam, Dean Martin \u00e9s Frank Sinatra.<br>1993-ban Palermo Boogie Gang-gel l\u00e9pett fel \u00e9s k\u00e9sz\u00edtett lemezeket.<\/p>\n\n\n\n<ol class=\"wp-block-list\" start=\"2009\">\n<li>okt\u00f3ber 17-\u00e9n a zen\u00e9sz 70. \u00e9vfordul\u00f3j\u00e1ra koncertet szerveztek a Vas\u00fatt\u00f6rt\u00e9neti Parkban, ahol Zs\u00e9da, Miller Zolt\u00e1n, Payer Andr\u00e1s, G\u00e9czi Dorottya, Ullmann Ott\u00f3 \u00e9s k\u00e9t tan\u00edtv\u00e1nya, Babicsek Bern\u00e1t \u00e9s Kov\u00e1cs D\u00e1niel is fell\u00e9ptek.[3]<br>Mestere Bobula Lajos volt, s sok \u2013 egykor h\u00edres \u2013 \u00e9nekessel dolgozott egy\u00fctt: Ferrari Violetta, F\u00e9nyes Kat\u00f3, Kar\u00e1dy Katalin, V\u00e1mosi J\u00e1nos, Z\u00e1ray M\u00e1rta lemezei is meg\u00f6r\u00f6k\u00edtett\u00e9k j\u00e1t\u00e9k\u00e1t.<br>D\u00edjak<br>1942 \u2013 Tang\u00f3harmonika Olimpi\u00e1sz<br>\u2022 1995 \u2013 Nemzetk\u00f6zi L\u00edra-d\u00edj<br>\u2022 1998 \u2013 Albertirsa d\u00edszpolg\u00e1ra<br>\u2022 2000 \u2013 EMeRTon \u00c9letm\u0171-d\u00edj<br>\u2022 2002 \u2013 Pilis d\u00edszpolg\u00e1ra<br>\u2022 2006 \u2013 A Magyar K\u00f6zt\u00e1rsas\u00e1gi \u00c9rdemrend lovagkeresztje<br>\u2022 2007 &#8211; Budapest d\u00edszpolg\u00e1ra<br>\u2022 2012 &#8211; A Magyar K\u00f6zt\u00e1rsas\u00e1gi \u00c9rdemrend tisztikeresztje<br>Diszkogr\u00e1fia<br>\u2022 1986 \u2013 Csillog\u00f3 harmonika, Qualiton<br>\u2022 2000 \u2013 Tea kettesben, Hungaroton<br>\u2022 2002 \u2013 La Cumparsita, Hungaroton<br>\u2022 2006 \u2013 Sz\u00e9p id\u0151k!, Hungaroton<br>\u2022 Harmonikashow 1940-1950<\/li>\n<\/ol>\n\n\n\n<p class=\"wp-block-paragraph\">Sz\u00fcnetben, m\u00e1r teljesen otthonosan kiment\u00fcnk a teraszra, ahol az ismer\u0151s\u00f6kkel m\u00e9ltattuk a hallottakat. Miut\u00e1n Cimbi is elsz\u00edvta a cigarett\u00e1j\u00e1t, (\u00e9n soha nem doh\u00e1nyoztam) visszament\u00fcnk a n\u00e9z\u0151t\u00e9rre, \u00e9s elfoglaltuk a hely\u00fcnket.<br>A sz\u00ednpadon egyik brav\u00farsz\u00e1m a m\u00e1sikat k\u00f6vette, mikor egy harmonika k\u00e1dencia k\u00f6vetkezett. Tab\u00e1nyi el\u0151rej\u00f6tt a sz\u00ednpad sz\u00e9l\u00e9ig, \u00e9s a k\u00f6z\u00f6ns\u00e9g n\u00e9ma csendben hallgatta a zenekari k\u00eds\u00e9ret n\u00e9lk\u00fcli sz\u00f3l\u00f3t, amikor a sz\u00e9k\u00fcnk megreccsent, \u00e9s \u00f3ri\u00e1si robajjal hanyatt est\u00fcnk.<br>A k\u00f6z\u00f6ns\u00e9g nem t\u00f6r\u0151dve Tab\u00e1nyival h\u00e1trafordulva pr\u00f3b\u00e1lt meggy\u0151z\u0151dni a zaj ok\u00e1r\u00f3l.<br>A k\u00ednos pillanatok ut\u00e1n felt\u00e1p\u00e1szkodtunk, \u00f6sszeszedt\u00fck a sz\u00e9k roncsait, \u00e9s f\u00e9lreraktuk, majd \u00e1llva figyelt\u00fck tov\u00e1bb az el\u0151ad\u00e1st, amikor a jegyszed\u0151 bocs\u00e1natk\u00e9r\u0151en hozott egy m\u00e1sik sz\u00e9ket.<br>A koncert ut\u00e1n a f\u0151bej\u00e1raton t\u00e1voztunk, (Vesztemre) ahol tal\u00e1lkoztam a koll\u00e9giumigazgat\u00f3val \u00e9s feles\u00e9g\u00e9vel, akik szint\u00e9n jelen voltak az el\u0151ad\u00e1son.<\/p>\n\n\n\n<p class=\"wp-block-paragraph\">M\u00e1snap az igazgat\u00f3 \u00far k\u00f6z\u00f6lte velem: \u201eAp\u00e1dra val\u00f3 tekintettel nem r\u00faglak ki, de minden kedvezm\u00e9nyt visszavonok.\u201d<br>Megs\u00e9rt\u0151dve az igazgat\u00f3 \u00far p\u00f3rias megnyilv\u00e1nul\u00e1s\u00e1n, \u00f6sszecsomagoltam, \u00e9s hazak\u00f6lt\u00f6ztem. A direktor \u00far napokkal k\u00e9s\u0151bb ellen\u0151rz\u00e9sekor megk\u00e9rdezte a t\u00f6bbieket, hogy hol vagyok m\u00e1r megint?<br>Volt t\u00e1rsaim nevetve k\u00f6z\u00f6lt\u00e9k, hogy napokkal kor\u00e1bban elhagytam a koll\u00e9giumot.<\/p>\n\n\n\n<p class=\"wp-block-paragraph\">\u00c9vtizedekkel k\u00e9s\u0151bb egy poharazgat\u00e1s k\u00f6zepette megk\u00e9rdezte Koczk\u00e1s Imre volt koll\u00e9giumigazgat\u00f3m:<br>\u201eValaha megpofoztalak m\u00e9g di\u00e1kkorodban?<br>Mondtam, hogy nem!<br>\u2013 Mire \u0150!<br>\u201eTal\u00e1n p\u00e1lyafut\u00e1som legnagyobb hib\u00e1j\u00e1t k\u00f6vettem el\u201d!<\/p>\n\n\n\n<p class=\"wp-block-paragraph\">A k\u00f6vetkez\u0151 edz\u00e9sen Tarj\u00e1nyi tan\u00e1r \u00far, bejelentette, hogy a tantest\u00fclet eltiltott az orsz\u00e1gos bajnoks\u00e1gr\u00f3l, \u00e9s kal\u00f3zkod\u00e1somat igazgat\u00f3i megrov\u00e1ssal jutalmazza.<br>R\u00f6viddel ezek ut\u00e1n a csapat elutazott a versenyre, ahol nem lettek helyezettek.<br>Sz\u00fcnetekben rengetegen k\u00e9rdezt\u00e9k, hogy mi\u00e9rt nem vagyok a bajnoks\u00e1gon, mire egy mondattal cinikusan v\u00e1laszoltam: \u201ePihentetnek a k\u00f6zeled\u0151 pekingi vil\u00e1gbajnoks\u00e1gra\u201d.<br>Ezen j\u00f3t nevettek, \u00e9s ha rosszul is esett, de v\u00e9get \u00e9rt els\u0151 komoly vessz\u0151fut\u00e1sos megpr\u00f3b\u00e1ltat\u00e1som a tornasportban.<\/p>\n\n\n\n<p class=\"wp-block-paragraph\">\u00cdgy ut\u00f3lag, ha visszagondolok \u00e9letem alakul\u00e1s\u00e1ra, eszembe jut mindig, amit \u00edr\u00e1som elej\u00e9n megfogalmaztam:<br>\u201eSokszor voltam rossz id\u0151ben, rossz helyen\u201d<br>A tisztes \u00f6regkort jelent\u0151 \u0151sz haj hi\u00e1ny\u00e1ban, kopaszfejjel is sz\u00e1mtalanszor felvet\u0151dik \u00e9nemben:<br>\u201eLehet, hogy bennem is volt hiba\u201d?<br>A h\u00e1tral\u00e9v\u0151 kis id\u0151ben m\u00e1r nem pr\u00f3b\u00e1lkozom meg a lehetetlennel, hogy megfejtsem a szem\u00e9lyemet \u00e9rt atrocit\u00e1sokat, ink\u00e1bb elfogadom Stenger Gizella volt tan\u00e1rn\u0151m meg\u00e1llap\u00edt\u00e1s\u00e1t:<br>\u201eHa nem v\u00e1ltoztat a cinizmus\u00e1n az \u00e9letben sok kellemetlens\u00e9ge lesz e miatt\u201d.<\/p>\n\n\n\n<p class=\"wp-block-paragraph\">A torn\u00e1szkarrierem els\u0151 eltilt\u00e1sos kudarc\u00e1t, cinikusan fogtam fel, \u00e9s a bar\u00e1tok \u00e9rdekl\u0151d\u00e9s\u00e9nek is e jegy\u00e9ben adtam v\u00e1laszt, akik \u00fagy fogadt\u00e1k v\u00e1laszom, hogy e jelens\u00e9g az \u00e9nem velej\u00e1r\u00f3ja.<br>\u00dagy \u00e9rzem:<br>\u201eInk\u00e1bb legyek cinikus, ami sokkal jobb, mint a depresszi\u00f3s \u00f6nmarcangol\u00e1s, mely lelki s\u00e9r\u00fcl\u00e9shez vezet\u201d.<\/p>\n\n\n\n<p class=\"wp-block-paragraph\">Egy \u00e9vvel k\u00e9s\u0151bb elvesz\u00edtett\u00fck az orsz\u00e1gos bajnoks\u00e1got, \u00e9s ez\u00fcst\u00e9remmel t\u00e9rt\u00fcnk vissza Budapestr\u0151l iskol\u00e1nkba.<br>Sonkodi S\u00e1ndort a verseny el\u0151tti h\u00e9ten egy kiz\u00e1r\u00f3dott s\u00e9rvvel megm\u0171t\u00f6tt\u00e9k, \u00edgy kimaradt a csapatb\u00f3l, \u00e9s az \u0151t helyettes\u00edt\u0151 tartal\u00e9k Szab\u00f3 Gy\u00f6rgy t\u00f6bb mint egy \u00e9g\u00e9sz ponttal tudott kevesebbet adni a csapat \u00f6ssz. pontj\u00e1hoz.<br>Az els\u0151 helyhez h\u00e1rom tized el\u00e9g lett volna.<br>Ez\u00e9rt nem volt vita, veszeked\u00e9s k\u00f6z\u00f6tt\u00fcnk, mivel j\u00f3 bar\u00e1tok voltunk, \u00e9s mindenki tudta, hogy Gyuri tehets\u00e9ge ennyire volt el\u00e9g.<br>Sanyi \u00e9s Gyuri k\u00e9s\u0151bb orvosprofesszorok lettek.<br>Gyuri el\u0151ttem j\u00e1rt egy \u00e9vvel, \u00e9s miut\u00e1n le\u00e9retts\u00e9gizett soha t\u00f6bb\u00e9 nem tal\u00e1lkoztam vele.<br>T\u00f6bb orsz\u00e1gos k\u00f6z\u00e9piskol\u00e1s bajnoks\u00e1gon nem vettem r\u00e9szt, mert ez\u00fattal a torn\u00e1t hagytam abba a zene miatt, de ez m\u00e1r az utols\u00f3 v\u00e1lt\u00e1s volt az \u00e9letemben.<\/p>\n\n\n\n<p class=\"wp-block-paragraph\">P\u00e1rhuzamosan a k\u00f6z\u00e9piskolai torn\u00e1szviadalokkal t\u00f6bb orsz\u00e1gos szint\u0171 egyes\u00fcleti versenyen v\u00e9gezt\u00fcnk az els\u0151, \u00e9s harmadik hely k\u00f6z\u00f6tt.<br>Ezek a versenyek kateg\u00f3ri\u00e1j\u00e1t tekintve ifj\u00fas\u00e1gi els\u0151 oszt\u00e1lyban zajlottak le, amelyek f\u00e9rfi m\u00e1sodoszt\u00e1lynak voltak tekinthet\u0151k.<br>Az orsz\u00e1gos torn\u00e1sz bajnoks\u00e1goks\u00e1goknak mindig a tornasport fellegv\u00e1r\u00e1ban Budapesten a sportcsarnokban adtak helyet. (Ritk\u00e1n a csepeli csarnokban)<br>Egy alkalommal d\u00e9lel\u0151tt volt a mi verseny\u00fcnk, ahol d\u00e9lut\u00e1n pedig nemzetk\u00f6zi g\u00e1l\u00e1t rendeztek, melyen, mint orsz\u00e1gos vasas bajnoks\u00e1got nyert csapatunk tiszteletjeggyel n\u00e9z\u0151k\u00e9nt vehett\u00fcnk r\u00e9szt.<br>A tengerent\u00fali torn\u00e1szokon k\u00edv\u00fcl a vil\u00e1g \u00e9lvonal\u00e1hoz tartoz\u00f3 klasszisok m\u00e9rt\u00e9k \u00f6ssze tud\u00e1sukat.<br>A diadalmaskod\u00f3k k\u00f6z\u00fcl n\u00e9gy nevet eml\u00edten\u00e9k, akik kiv\u00edvt\u00e1k a k\u00f6z\u00f6ns\u00e9g maxim\u00e1lis elismer\u00e9s\u00e9t, ov\u00e1ci\u00f3j\u00e1t, tapsork\u00e1nj\u00e1t.<br>A G\u00e1la n\u00e9gy egy\u00e9ni gy\u0151ztese a szovjet tornasport kiv\u00e1l\u00f3s\u00e1gai lettek:<br>Sahlin, Csukarin, Muratov, \u00e9s Azarj\u00e1n a gy\u0171r\u0171kir\u00e1ly.<br>A gr\u00faz sz\u00e1rmaz\u00e1s\u00fa Azarj\u00e1nt a verseny ut\u00e1n megk\u00e9rte egy riporter, hogy mutasson be egy keresztf\u00fcgg\u00e9st (Krisztus) a sajt\u00f3 riportereinek. Az\u00e1rj\u00e1n k\u00e9szs\u00e9gesen felugrott a gy\u0171r\u0171re, \u00e9s megcsin\u00e1lta a gyakorlatot, amit a riporter csak m\u00e1sodj\u00e1ra tudott lef\u00e9nyk\u00e9pezni, &#8211; valami vakuhiba miatt.<br>Az\u00e1rj\u00e1n v\u00e1rta a villan\u00f3f\u00e9nyt, \u00e9s 19 m\u00e1sodpercig tartotta a fantasztikusan neh\u00e9z gyakorlatot, (Versenyen h\u00e1rom m\u00e1sodperc a k\u00f6telez\u0151 szint) mikorra elk\u00e9sz\u00fclt az \u00f3hajtott k\u00e9p.<br>Ezzel a produkci\u00f3j\u00e1val tele volt akkoriban a vil\u00e1gsajt\u00f3.<\/p>\n\n\n\n<p class=\"wp-block-paragraph\">Visszat\u00e9rve a vasas bajnoks\u00e1gunkra egy verseny ut\u00e1ni sztorit eml\u00edten\u00e9k meg, amellyel komoly kellemetlens\u00e9get okoztunk a versenyz\u0151k vezet\u0151inek, edz\u0151inek, egyar\u00e1nt, \u00e9s amelyet a torn\u00e1szl\u00e1nyoknak k\u00f6sz\u00f6nhet\u0151en szerencs\u00e9sen meg\u00fasztunk.<\/p>\n\n\n\n<p class=\"wp-block-paragraph\">Az elsz\u00e1ll\u00e1sol\u00e1sunk n\u0151i, \u00e9s f\u00e9rfi csapatok r\u00e9sz\u00e9re egys\u00e9gesen a Royal sz\u00e1ll\u00f3 negyedik emelet\u00e9n volt.<br>Annak \u00e9rdek\u00e9ben, hogy ne legyen gond e k\u00f6z\u00f6s sz\u00e1ll\u00e1s miatt, a foly\u00f3son \u00e1lland\u00f3 \u00fcgyeletet tartottak a vezet\u0151k, hogy a fi\u00fak ne mehessenek \u00e1t a l\u00e1nyok szob\u00e1j\u00e1ba, \u00e9s ford\u00edtva.<br>A mellett\u00fcnk l\u00e9v\u0151 szob\u00e1ban l\u00e1nyok laktak. Az ablakon kihajolva besz\u00e9lgett\u00fcnk vel\u00fck, akik komiszkodva megjegyezt\u00e9k: \u201eMi\u00e9rt nem j\u00f6tt\u00f6k \u00e1t, mi\u00e9rt az ablakb\u00f3k kiab\u00e1lunk egym\u00e1snak?\u201d<br>Az ablakon jobban kihajolva l\u00e1thattam, hogy mintegy hatvan centim\u00e9teres p\u00e1rk\u00e1ny van k\u00f6zvetlen az ablak alatt. Az ablakban kapaszkodva kil\u00e9ptem a p\u00e1rk\u00e1nyra, melyen egy kiss\u00e9 ugr\u00e1lva meggy\u0151z\u0151dtem r\u00f3la, hogy elb\u00edrja-e a s\u00falyomat. Mikor l\u00e1ttam, hogy t\u00f6k\u00e9letesen stabil, a fal fel\u00e9 fordulva oldalaz\u00f3 l\u00e9p\u00e9sekkel \u00e1tmentem a l\u00e1nyokhoz. Alighogy \u00e1t\u00e9rtem, mikor meg\u00e9rkezett ut\u00e1nam Kov\u00e1cs Jancsi is.<br>A l\u00e1nyok, mint k\u00e9t h\u0151sre, \u00fagy tekintettek r\u00e1nk.<br>A p\u00e9ld\u00e1nk nem bizonyult j\u00f3nak, mert nem sokkal ut\u00e1nunk a kiskunf\u00e9legyh\u00e1zi torn\u00e1szok is k\u00f6vett\u00e9k az \u00e9szn\u00e9lk\u00fcli mutatv\u00e1nyt.<\/p>\n\n\n\n<p class=\"wp-block-paragraph\">M\u00edg alpinista produkci\u00f3nkkal tev\u00e9kenykedt\u00fcnk, esz\u00fcnkbe sem jutott, hogy valaki, vagy valakik sz\u00f3v\u00e1 fogj\u00e1k tenni esztelens\u00e9g\u00fcnket.<br>Alattunk a sz\u00e1lloda kerthelys\u00e9g\u00e9ben b\u00e9k\u00e9sen vacsor\u00e1z\u00f3 vend\u00e9gek \u00fcltek, \u00e9s hallgatt\u00e1k a kiv\u00e1l\u00f3 Hol\u00e9czi \u00c1kos zenekar\u00e1nak m\u0171sor\u00e1t.<br>Az egyik vend\u00e9g valami\u00e9rt feln\u00e9zett, \u00e9s megl\u00e1tta, ahogy fenn a magasban k\u00f6zlekedt\u00fcnk a p\u00e1rk\u00e1nyon.<br>Sz\u00f3lt a f\u0151pinc\u00e9rnek, \u00e9s k\u00e9rte, hogy int\u00e9zkedjen, mert nem szeretn\u00e9, ha valaki beleesne a vacsor\u00e1jukba.<\/p>\n\n\n\n<p class=\"wp-block-paragraph\">Mi err\u0151l term\u00e9szetesen semmit sem tudtunk, csak azt hallottuk, hogy kopogtatnak az ajt\u00f3n, \u00e9s nyiss\u00e1k ki hangzott k\u00edv\u00fclr\u0151l Tarj\u00e1nyi tan\u00e1r \u00far hangja.<br>Kil\u00e9pve az ablakon pillanatok alatt visszat\u00e9rtem szob\u00e1nkba, Jancsi meg bebujt az egyik szekr\u00e9nybe. A l\u00e1nyok pihen\u00e9st sz\u00ednlelve fek\u00fcdtek az \u00e1gyaikon, m\u00edg az egyik l\u00e1ny beengedte a tan\u00e1r urat, aki sz\u00e9tn\u00e9zett, \u00e9s eln\u00e9z\u00e9st k\u00e9rve kiment.<br>Ahogy becsuk\u00f3dott m\u00f6g\u00f6tte az ajt\u00f3, Jancsi k\u00f6vette a p\u00e9ld\u00e1mat, \u00e9s mikor n\u00e1lunk is l\u00e9tsz\u00e1mellen\u0151rz\u00e9st tartott edz\u0151nk, minden a legnagyobb rendben tal\u00e1lt.<\/p>\n\n\n\n<p class=\"wp-block-paragraph\">Mi meg\u00fasztuk, \u00edgy m\u00e1snap a N\u00e9pstadionban r\u00e9szt vehett\u00fcnk (Szint\u00e9n jutalomb\u00f3l) a Honv\u00e9d \u2013 Fradi, \u00e9s Vasas \u2013 D\u00f3zsa kett\u0151s \u00f6r\u00f6k rangad\u00f3n, \u00e9s drukkolhattunk Iharos, R\u00f3zsav\u00f6lgyi, T\u00e1bori, Kov\u00e1cs nemzetk\u00f6zi fut\u00f3verseny\u00e9n, melyet a meccsek idej\u00e9n p\u00e1rhuzamosan rendeztek meg.<br>Ezekr\u0151l az \u00e9lm\u00e9nyekr\u0151l viszont m\u00e1r lemaradt, az a Kiskunf\u00e9legyh\u00e1zi torn\u00e1sz, akit a l\u00e1nyok szob\u00e1j\u00e1ban \u00e9rt az ellen\u0151rz\u00e9s, \u00e9s akit azonnal hazak\u00fcldtek, majd k\u00e9s\u0151bb fegyelmi elj\u00e1r\u00e1st ind\u00edtottak ellene sportszer\u0171tlen viselked\u00e9se miatt.<br>A k\u00e9s\u0151bbiekben edz\u0151nk mes\u00e9lte el, kieg\u00e9sz\u00edtve azzal, hogy b\u00edzott benn\u00fcnk, \u00e9s j\u00f3lesett neki, hogy k\u00f6z\u00f6tt\u00fcnk nem voltak renitensked\u0151k.<\/p>\n\n\n\n<p class=\"wp-block-paragraph\">\u00c9vtizedekkel k\u00e9s\u0151bb a \u201dB\u00e1r\u201d f\u00e9lhom\u00e1ly\u00e1ban (Ahol zongor\u00e1ztam) felt\u00e1rtam volt edz\u0151m el\u0151tt a titokban tartott t\u00e9nyeket, \u00e9s felvil\u00e1gos\u00edtottam, hogy akkor ott a Roy\u00e1l sz\u00e1ll\u00f3ban mi is \u00e1tment\u00fcnk a p\u00e1rk\u00e1nyon a l\u00e1nyokhoz, csak \u00fcgyesebbek voltunk, mint az a szerencs\u00e9tlen, aki lebukott.<br>Tudhattam volna, &#8211; mondta keserny\u00e9s mosollyal \u2013 hisz p\u00e1lyafut\u00e1som legkezelhetetlenebb di\u00e1kja volt\u00e1l, \u00e9s m\u00e9gis itt \u00fcl\u00f6k n\u00e1lad ebben az erk\u00f6lcss\u00fcllyeszt\u0151ben.<br>Majd koccintottunk \u00e9s \u00f6r\u00f6kre f\u00e1tyol borult a m\u00faltbeli kisikl\u00e1sra.<\/p>\n\n\n\n<p class=\"wp-block-paragraph\">Tarj\u00e1nyi L\u00e1szl\u00f3 Testnevel\u0151 tan\u00e1r egyetlen munkahely\u00e9n, &#8211; a Mak\u00f3i J\u00f3zsef Attila Gimn\u00e1ziumban &#8211; az iskola t\u00f6rt\u00e9net\u00e9nek leghosszabb ideig tan\u00edt\u00f3 tan\u00e1ra volt.<br>Mak\u00f3n a Barcsai utc\u00e1ban lakott saj\u00e1t h\u00e1z\u00e1ban, melyben valamikor mak\u00f3i tart\u00f3zkod\u00e1sa idej\u00e9n, a magyar sz\u00edn\u00e9szlegenda P\u00e1ger Antal \u00e9lt \u00e9desanyj\u00e1val, az egykori fasz\u00ednh\u00e1z jegyszed\u0151j\u00e9vel.<br>P\u00e1ger Antal Mak\u00f3n sz\u00fcletett, \u00e9s lelki j\u00f3 bar\u00e1tja volt Gerzanich Elem\u00e9rnek, aki szem\u00e9lyes ismer\u0151s\u00f6m volt, \u00e9s \u0151 mes\u00e9lte el, hogy minden v\u00e1gya a sz\u00edn\u00e9szet volt, P\u00e1ger Antal pedig tisztvisel\u0151 szeretett volna lenni.<br>Elem\u00e9r b\u00e1csinak az \u00e9desapja azt mondta: \u201eAm\u00edg az \u00e9n kenyerem eszed, nem leszel kom\u00e9di\u00e1s\u201d.<br>K\u00e9rd\u00e9s\u00e9re, hogy mi\u00e9rt nem?<br>A v\u00e1lasz csup\u00e1n annyi volt: \u201eAz\u00e9rt mert a sz\u00edn\u00e9sz nem v\u00e1g soha diszn\u00f3t!\u201d<br>Ezzel a mindent megmagyar\u00e1z\u00f3 felelettel eld\u0151lt Elem\u00e9r b\u00e1csi sorsa, \u00e9s \u00e9vtizedekig a v\u00e1ros anyak\u00f6nyvvezet\u0151je lett, a v\u00e9letlen pedig az egyik legnagyobb magyar sz\u00edn\u00e9sz\u00e9v\u00e9 tette P\u00e1ger Antalt.<br>P\u00e1ger Antal kiv\u00e1l\u00f3 fest\u0151 is volt.<\/p>\n","protected":false},"excerpt":{"rendered":"<p>Tab\u00e1nyi Mih\u00e1ly (Pilis, 1921. febru\u00e1r 1.) magyar harmonikam\u0171v\u00e9sz \u00e9s dzsesszzen\u00e9sz, az 1940-es \u00e9s &#8217;50-es \u00e9vek legn\u00e9pszer\u0171bb tang\u00f3harmonik\u00e1sa volt. Saj\u00e1t zenekar\u00e1val sz\u00e1mtalan orsz\u00e1gban adott koncertet, s n\u00e9ha m\u00e9g ma is fell\u00e9p. 2006-ban A Magyar K\u00f6zt\u00e1rsas\u00e1gi \u00c9rdemrend lovagkeresztje \u00e9s 2012. m\u00e1rcius 15. alkalm\u00e1val A Magyar K\u00f6zt\u00e1rsas\u00e1gi \u00c9rdemrend Tisztikeresztje \u00c1llami kit\u00fcntet\u00e9sben r\u00e9szes\u00fclt.\u201e Ha Tab\u00e1nyi j\u00e1tszik a tang\u00f3harmonik\u00e1n, akkor &#8230; <a title=\"Tab\u00e1nyi Mih\u00e1ly (Pilis, 1921. febru\u00e1r 1.) magyar harmonikam\u0171v\u00e9sz \u00e9s dzsesszzen\u00e9sz\" class=\"read-more\" href=\"https:\/\/bozsogiattila.hu\/?p=1516\" aria-label=\"Tov\u00e1bbiak Tab\u00e1nyi Mih\u00e1ly (Pilis, 1921. febru\u00e1r 1.) magyar harmonikam\u0171v\u00e9sz \u00e9s dzsesszzen\u00e9sz\">Olvass tov\u00e1bb<\/a><\/p>\n","protected":false},"author":3,"featured_media":0,"comment_status":"open","ping_status":"open","sticky":false,"template":"","format":"standard","meta":{"footnotes":""},"categories":[331],"tags":[],"class_list":["post-1516","post","type-post","status-publish","format-standard","hentry","category-emlkeim"],"yoast_head":"<!-- This site is optimized with the Yoast SEO plugin v21.8 - https:\/\/yoast.com\/wordpress\/plugins\/seo\/ -->\n<title>Tab\u00e1nyi Mih\u00e1ly (Pilis, 1921. febru\u00e1r 1.) magyar harmonikam\u0171v\u00e9sz \u00e9s dzsesszzen\u00e9sz - Bozsogi Attila<\/title>\n<meta name=\"robots\" content=\"index, follow, max-snippet:-1, max-image-preview:large, max-video-preview:-1\" \/>\n<link rel=\"canonical\" href=\"https:\/\/bozsogiattila.hu\/?p=1516\" \/>\n<meta property=\"og:locale\" content=\"hu_HU\" \/>\n<meta property=\"og:type\" content=\"article\" \/>\n<meta property=\"og:title\" content=\"Tab\u00e1nyi Mih\u00e1ly (Pilis, 1921. febru\u00e1r 1.) magyar harmonikam\u0171v\u00e9sz \u00e9s dzsesszzen\u00e9sz - Bozsogi Attila\" \/>\n<meta property=\"og:description\" content=\"Tab\u00e1nyi Mih\u00e1ly (Pilis, 1921. febru\u00e1r 1.) magyar harmonikam\u0171v\u00e9sz \u00e9s dzsesszzen\u00e9sz, az 1940-es \u00e9s &#8217;50-es \u00e9vek legn\u00e9pszer\u0171bb tang\u00f3harmonik\u00e1sa volt. Saj\u00e1t zenekar\u00e1val sz\u00e1mtalan orsz\u00e1gban adott koncertet, s n\u00e9ha m\u00e9g ma is fell\u00e9p. 2006-ban A Magyar K\u00f6zt\u00e1rsas\u00e1gi \u00c9rdemrend lovagkeresztje \u00e9s 2012. m\u00e1rcius 15. alkalm\u00e1val A Magyar K\u00f6zt\u00e1rsas\u00e1gi \u00c9rdemrend Tisztikeresztje \u00c1llami kit\u00fcntet\u00e9sben r\u00e9szes\u00fclt.\u201e Ha Tab\u00e1nyi j\u00e1tszik a tang\u00f3harmonik\u00e1n, akkor ... Olvass tov\u00e1bb\" \/>\n<meta property=\"og:url\" content=\"https:\/\/bozsogiattila.hu\/?p=1516\" \/>\n<meta property=\"og:site_name\" content=\"Bozsogi Attila\" \/>\n<meta property=\"article:published_time\" content=\"2024-01-15T18:38:59+00:00\" \/>\n<meta property=\"article:modified_time\" content=\"2024-01-15T18:39:00+00:00\" \/>\n<meta name=\"author\" content=\"Bozsogi Attila\" \/>\n<meta name=\"twitter:card\" content=\"summary_large_image\" \/>\n<meta name=\"twitter:label1\" content=\"Szerz\u0151:\" \/>\n\t<meta name=\"twitter:data1\" content=\"Bozsogi Attila\" \/>\n\t<meta name=\"twitter:label2\" content=\"Becs\u00fclt olvas\u00e1si id\u0151\" \/>\n\t<meta name=\"twitter:data2\" content=\"13 perc\" \/>\n<script type=\"application\/ld+json\" class=\"yoast-schema-graph\">{\"@context\":\"https:\/\/schema.org\",\"@graph\":[{\"@type\":\"WebPage\",\"@id\":\"https:\/\/bozsogiattila.hu\/?p=1516\",\"url\":\"https:\/\/bozsogiattila.hu\/?p=1516\",\"name\":\"Tab\u00e1nyi Mih\u00e1ly (Pilis, 1921. febru\u00e1r 1.) magyar harmonikam\u0171v\u00e9sz \u00e9s dzsesszzen\u00e9sz - Bozsogi Attila\",\"isPartOf\":{\"@id\":\"https:\/\/bozsogiattila.hu\/#website\"},\"datePublished\":\"2024-01-15T18:38:59+00:00\",\"dateModified\":\"2024-01-15T18:39:00+00:00\",\"author\":{\"@id\":\"https:\/\/bozsogiattila.hu\/#\/schema\/person\/488c99f554a8c4039201260dd5eb795e\"},\"breadcrumb\":{\"@id\":\"https:\/\/bozsogiattila.hu\/?p=1516#breadcrumb\"},\"inLanguage\":\"hu\",\"potentialAction\":[{\"@type\":\"ReadAction\",\"target\":[\"https:\/\/bozsogiattila.hu\/?p=1516\"]}]},{\"@type\":\"BreadcrumbList\",\"@id\":\"https:\/\/bozsogiattila.hu\/?p=1516#breadcrumb\",\"itemListElement\":[{\"@type\":\"ListItem\",\"position\":1,\"name\":\"Kezd\u0151lap\",\"item\":\"https:\/\/bozsogiattila.hu\/\"},{\"@type\":\"ListItem\",\"position\":2,\"name\":\"Tab\u00e1nyi Mih\u00e1ly (Pilis, 1921. febru\u00e1r 1.) magyar harmonikam\u0171v\u00e9sz \u00e9s dzsesszzen\u00e9sz\"}]},{\"@type\":\"WebSite\",\"@id\":\"https:\/\/bozsogiattila.hu\/#website\",\"url\":\"https:\/\/bozsogiattila.hu\/\",\"name\":\"Bozsogi Attila\",\"description\":\"a zen\u00e9sz, \u00edr\u00f3 munk\u00e1ss\u00e1g\u00e1nak \u00e9s a mak\u00f3i muzsikusok eml\u00e9k\u00e9t \u0151rz\u0151 oldal\",\"potentialAction\":[{\"@type\":\"SearchAction\",\"target\":{\"@type\":\"EntryPoint\",\"urlTemplate\":\"https:\/\/bozsogiattila.hu\/?s={search_term_string}\"},\"query-input\":\"required name=search_term_string\"}],\"inLanguage\":\"hu\"},{\"@type\":\"Person\",\"@id\":\"https:\/\/bozsogiattila.hu\/#\/schema\/person\/488c99f554a8c4039201260dd5eb795e\",\"name\":\"Bozsogi Attila\",\"image\":{\"@type\":\"ImageObject\",\"inLanguage\":\"hu\",\"@id\":\"https:\/\/bozsogiattila.hu\/#\/schema\/person\/image\/\",\"url\":\"https:\/\/secure.gravatar.com\/avatar\/7da6b5985e34ed798d1670c54ce7d20e6a53b800bb0c07945c64b09392f3dbfd?s=96&d=mm&r=g\",\"contentUrl\":\"https:\/\/secure.gravatar.com\/avatar\/7da6b5985e34ed798d1670c54ce7d20e6a53b800bb0c07945c64b09392f3dbfd?s=96&d=mm&r=g\",\"caption\":\"Bozsogi Attila\"},\"sameAs\":[\"http:\/\/www.boszogiattila.hu\"],\"url\":\"https:\/\/bozsogiattila.hu\/?author=3\"}]}<\/script>\n<!-- \/ Yoast SEO plugin. -->","yoast_head_json":{"title":"Tab\u00e1nyi Mih\u00e1ly (Pilis, 1921. febru\u00e1r 1.) magyar harmonikam\u0171v\u00e9sz \u00e9s dzsesszzen\u00e9sz - Bozsogi Attila","robots":{"index":"index","follow":"follow","max-snippet":"max-snippet:-1","max-image-preview":"max-image-preview:large","max-video-preview":"max-video-preview:-1"},"canonical":"https:\/\/bozsogiattila.hu\/?p=1516","og_locale":"hu_HU","og_type":"article","og_title":"Tab\u00e1nyi Mih\u00e1ly (Pilis, 1921. febru\u00e1r 1.) magyar harmonikam\u0171v\u00e9sz \u00e9s dzsesszzen\u00e9sz - Bozsogi Attila","og_description":"Tab\u00e1nyi Mih\u00e1ly (Pilis, 1921. febru\u00e1r 1.) magyar harmonikam\u0171v\u00e9sz \u00e9s dzsesszzen\u00e9sz, az 1940-es \u00e9s &#8217;50-es \u00e9vek legn\u00e9pszer\u0171bb tang\u00f3harmonik\u00e1sa volt. Saj\u00e1t zenekar\u00e1val sz\u00e1mtalan orsz\u00e1gban adott koncertet, s n\u00e9ha m\u00e9g ma is fell\u00e9p. 2006-ban A Magyar K\u00f6zt\u00e1rsas\u00e1gi \u00c9rdemrend lovagkeresztje \u00e9s 2012. m\u00e1rcius 15. alkalm\u00e1val A Magyar K\u00f6zt\u00e1rsas\u00e1gi \u00c9rdemrend Tisztikeresztje \u00c1llami kit\u00fcntet\u00e9sben r\u00e9szes\u00fclt.\u201e Ha Tab\u00e1nyi j\u00e1tszik a tang\u00f3harmonik\u00e1n, akkor ... Olvass tov\u00e1bb","og_url":"https:\/\/bozsogiattila.hu\/?p=1516","og_site_name":"Bozsogi Attila","article_published_time":"2024-01-15T18:38:59+00:00","article_modified_time":"2024-01-15T18:39:00+00:00","author":"Bozsogi Attila","twitter_card":"summary_large_image","twitter_misc":{"Szerz\u0151:":"Bozsogi Attila","Becs\u00fclt olvas\u00e1si id\u0151":"13 perc"},"schema":{"@context":"https:\/\/schema.org","@graph":[{"@type":"WebPage","@id":"https:\/\/bozsogiattila.hu\/?p=1516","url":"https:\/\/bozsogiattila.hu\/?p=1516","name":"Tab\u00e1nyi Mih\u00e1ly (Pilis, 1921. febru\u00e1r 1.) magyar harmonikam\u0171v\u00e9sz \u00e9s dzsesszzen\u00e9sz - Bozsogi Attila","isPartOf":{"@id":"https:\/\/bozsogiattila.hu\/#website"},"datePublished":"2024-01-15T18:38:59+00:00","dateModified":"2024-01-15T18:39:00+00:00","author":{"@id":"https:\/\/bozsogiattila.hu\/#\/schema\/person\/488c99f554a8c4039201260dd5eb795e"},"breadcrumb":{"@id":"https:\/\/bozsogiattila.hu\/?p=1516#breadcrumb"},"inLanguage":"hu","potentialAction":[{"@type":"ReadAction","target":["https:\/\/bozsogiattila.hu\/?p=1516"]}]},{"@type":"BreadcrumbList","@id":"https:\/\/bozsogiattila.hu\/?p=1516#breadcrumb","itemListElement":[{"@type":"ListItem","position":1,"name":"Kezd\u0151lap","item":"https:\/\/bozsogiattila.hu\/"},{"@type":"ListItem","position":2,"name":"Tab\u00e1nyi Mih\u00e1ly (Pilis, 1921. febru\u00e1r 1.) magyar harmonikam\u0171v\u00e9sz \u00e9s dzsesszzen\u00e9sz"}]},{"@type":"WebSite","@id":"https:\/\/bozsogiattila.hu\/#website","url":"https:\/\/bozsogiattila.hu\/","name":"Bozsogi Attila","description":"a zen\u00e9sz, \u00edr\u00f3 munk\u00e1ss\u00e1g\u00e1nak \u00e9s a mak\u00f3i muzsikusok eml\u00e9k\u00e9t \u0151rz\u0151 oldal","potentialAction":[{"@type":"SearchAction","target":{"@type":"EntryPoint","urlTemplate":"https:\/\/bozsogiattila.hu\/?s={search_term_string}"},"query-input":"required name=search_term_string"}],"inLanguage":"hu"},{"@type":"Person","@id":"https:\/\/bozsogiattila.hu\/#\/schema\/person\/488c99f554a8c4039201260dd5eb795e","name":"Bozsogi Attila","image":{"@type":"ImageObject","inLanguage":"hu","@id":"https:\/\/bozsogiattila.hu\/#\/schema\/person\/image\/","url":"https:\/\/secure.gravatar.com\/avatar\/7da6b5985e34ed798d1670c54ce7d20e6a53b800bb0c07945c64b09392f3dbfd?s=96&d=mm&r=g","contentUrl":"https:\/\/secure.gravatar.com\/avatar\/7da6b5985e34ed798d1670c54ce7d20e6a53b800bb0c07945c64b09392f3dbfd?s=96&d=mm&r=g","caption":"Bozsogi Attila"},"sameAs":["http:\/\/www.boszogiattila.hu"],"url":"https:\/\/bozsogiattila.hu\/?author=3"}]}},"jetpack_featured_media_url":"","_links":{"self":[{"href":"https:\/\/bozsogiattila.hu\/index.php?rest_route=\/wp\/v2\/posts\/1516","targetHints":{"allow":["GET"]}}],"collection":[{"href":"https:\/\/bozsogiattila.hu\/index.php?rest_route=\/wp\/v2\/posts"}],"about":[{"href":"https:\/\/bozsogiattila.hu\/index.php?rest_route=\/wp\/v2\/types\/post"}],"author":[{"embeddable":true,"href":"https:\/\/bozsogiattila.hu\/index.php?rest_route=\/wp\/v2\/users\/3"}],"replies":[{"embeddable":true,"href":"https:\/\/bozsogiattila.hu\/index.php?rest_route=%2Fwp%2Fv2%2Fcomments&post=1516"}],"version-history":[{"count":1,"href":"https:\/\/bozsogiattila.hu\/index.php?rest_route=\/wp\/v2\/posts\/1516\/revisions"}],"predecessor-version":[{"id":1518,"href":"https:\/\/bozsogiattila.hu\/index.php?rest_route=\/wp\/v2\/posts\/1516\/revisions\/1518"}],"wp:attachment":[{"href":"https:\/\/bozsogiattila.hu\/index.php?rest_route=%2Fwp%2Fv2%2Fmedia&parent=1516"}],"wp:term":[{"taxonomy":"category","embeddable":true,"href":"https:\/\/bozsogiattila.hu\/index.php?rest_route=%2Fwp%2Fv2%2Fcategories&post=1516"},{"taxonomy":"post_tag","embeddable":true,"href":"https:\/\/bozsogiattila.hu\/index.php?rest_route=%2Fwp%2Fv2%2Ftags&post=1516"}],"curies":[{"name":"wp","href":"https:\/\/api.w.org\/{rel}","templated":true}]}}