{"id":1528,"date":"2024-01-15T18:44:08","date_gmt":"2024-01-15T18:44:08","guid":{"rendered":"https:\/\/bozsogiattila.hu\/?p=1528"},"modified":"2024-01-15T18:44:08","modified_gmt":"2024-01-15T18:44:08","slug":"gimi-zenekar-alakitasa","status":"publish","type":"post","link":"https:\/\/bozsogiattila.hu\/?p=1528","title":{"rendered":"GIMI ZENEKAR ALAK\u00cdT\u00c1SA"},"content":{"rendered":"\n<p class=\"wp-block-paragraph\">GIMI ZENEKAR ALAK\u00cdT\u00c1SA<\/p>\n\n\n\n<p class=\"wp-block-paragraph\">Miut\u00e1n harmonikatulajdonos lettem \u00f3ri\u00e1si el\u00e1nnal, \u00e9s vasszorgalommal vetettem magam a t\u00e1nczene tanul\u00e1s\u00e1ba.<br>A gimn\u00e1ziumban Domokos G\u00e9za matematika \u2013 fizika tan\u00e1r vezet\u00e9s\u00e9vel m\u0171k\u00f6d\u00f6tt egy szimfonikus zenekar.<br>Jelentkeztem a zenekarba, ahol olyan sz\u00f3lamokat j\u00e1tszottam harmonik\u00e1n, ami hi\u00e1nyhangszer volt, pl. harm\u00f3nium, fuvola stb.<br>Egyetlen harmonikasz\u00f3l\u00f3m volt csup\u00e1n, &#8211; ami st\u00edlszer\u0171en illett a zenekarba &#8211; egy oroszegyveleg.<br>Ebben a zenekarban ismertem meg Marosv\u00e1ri Imre trombit\u00e1st, Varga Andor klarin\u00e9tost, akiket siker\u00fclt megnyernem zenekaromba.<br>K\u00f6z\u00f6sen tanultunk, s \u00e1ll\u00edtottuk \u00f6ssze m\u0171sorunkat, \u00e9s hetente 2-3 napon is pr\u00f3b\u00e1ltunk.<br>El\u0151sz\u00f6r csak h\u00e1rmasban. Marosv\u00e1ri Imre \u00edrta az \u00e1ltalam dikt\u00e1lt sz\u00f3lamokat, (olvashat\u00f3 sz\u00e9p \u00edr\u00e1sa volt) teh\u00e1t m\u00e1r a kezdet-kezdet\u00e9n sem unisz\u00f3n\u00f3ban sz\u00f3lt az egy\u00fcttes.<br>R\u00f6vid id\u0151 eltelt\u00e9vel m\u00e1r mintegy 35-40 k\u00f6zismert sl\u00e1gerb\u0151l \u00e1llt \u00f6ssze a reperto\u00e1runk.<br>Ekkor kapcsol\u00f3dott be, volt zongoratan\u00e1rn\u0151m fia Szir\u00e1nyi Istv\u00e1n dobosk\u00e9nt, \u00e9s ezzel a zenekarral muzsik\u00e1ltuk az els\u0151 szilveszteri mulats\u00e1got, a Mak\u00f3i Cip\u00e9sz KTSZ-ben.<\/p>\n\n\n\n<p class=\"wp-block-paragraph\">Varga Bandi k\u00e9thangszeresk\u00e9nt, hogy v\u00e1ltozatosabb hangz\u00e1st tudjunk produk\u00e1lni, id\u0151nk\u00e9nt el\u0151adott egy-egy t\u00e1rogat\u00f3sz\u00f3l\u00f3t is.<br>A t\u00e1rogat\u00f3, mint \u0151sr\u00e9gi kuruc hangszer nem illett a zenekarba, de valamelyest hasonl\u00edtott \u00f6bl\u00f6s hangja a szaxofonhoz, \u00edgy el\u0151szeretettel alkalmaztuk.<br>Szir\u00e1nyi Pista, mint a r\u00e9gi Hagymah\u00e1z sz\u00ednj\u00e1tsz\u00f3ja, elkapta a k\u00f6lcs\u00f6n a dobfelszerel\u00e9s\u00fcket, k\u00fcl\u00f6nben nem tudtunk volna fell\u00e9pni az eml\u00edtett vacsor\u00e1n.<br>El\u0151fordult, hogy cs\u00e1rd\u00e1st k\u00e9rtek a vend\u00e9gek, ami nem volt a zenekar er\u0151ss\u00e9ge, mivel a f\u00fav\u00f3sok nem tudtak egyet sem.<br>Ilyenkor harmonika, dob sz\u00f3lt, de a hangulat tet\u0151fok\u00e1n m\u00e1r senki sem figyelt arra, hogy h\u00e1nyan j\u00e1tszunk.<br>R\u00f6videsen p\u00f3toltuk ezt a hi\u00e1nyoss\u00e1got, \u00e9s t\u00f6bb cs\u00e1rd\u00e1st betanultunk \u00fagy, hogy a cs\u00e1rd\u00e1s egyik fel\u00e9t az egyik, a m\u00e1sik fel\u00e9t a m\u00e1sik f\u00fav\u00f3s j\u00e1tszotta.<br>\u00cdgy kevesebbet kellett kott\u00e1zniuk, \u00e9s t\u00f6bb cs\u00e1rd\u00e1st tudtunk betanulni r\u00f6vid id\u0151 alatt.<br>Ezen a vacsor\u00e1val \u00f6sszek\u00f6t\u00f6tt szilveszteri mulats\u00e1gon vend\u00e9gk\u00e9nt ott volt Lengyel J\u00e1nos is, a Mak\u00f3i G\u00e9pgy\u00e1r P\u00e1rttitk\u00e1ra, akinek kedvenc hangszere volt a harmonika. Gondolom nem \u00e9nmiattam, hanem Tab\u00e1nyinak k\u00f6sz\u00f6nhet\u0151en.<\/p>\n\n\n\n<p class=\"wp-block-paragraph\">N\u0151napi mulats\u00e1got szerveztek a G\u00e9pgy\u00e1rban, de nem kaptak zenekart sehol. Ekkor el\u0151\u00e1llt Lengyel J\u00e1nos az \u00f6tlet\u00e9vel, hogy h\u00edvjanak el benn\u00fcnket.<br>Igaz, hogy fiatal gyerekekb\u0151l \u00e1ll a zenekar, (Mondta a szervez\u0151knek) de j\u00f3 hangulatot csin\u00e1lnak.<br>Egyes sz\u00e1mokban a harmonika, dob mell\u00e9 rumbat\u00f6k\u00f6t \u00e9s teakf\u00e1t is alkalmaztunk, mely akkor \u00fajdons\u00e1g volt, \u00e9s feldobta a zenekar hangulatkelt\u00e9s\u00e9t.<\/p>\n\n\n\n<p class=\"wp-block-paragraph\">Ennek a fell\u00e9p\u00e9snek k\u00f6sz\u00f6nhet\u0151en m\u00e1r\u00f3l-holnapra megv\u00e1ltozott a zenekar k\u00f6r\u00fclm\u00e9nye, mivel a g\u00e9pgy\u00e1rnak volt, egy \u201eEsz\u201d, \u00e9s egy \u201eB\u201d szaxofonja, dobfelszerel\u00e9se, \u00e9s b\u0151g\u0151je, amit a p\u00e1rttitk\u00e1r k\u00f6zbenj\u00e1r\u00e1s\u00e1nak k\u00f6sz\u00f6nhet\u0151en Gyulai Antal \u0170B titk\u00e1r k\u00f6lcs\u00f6nadott zenekarunknak folyamatos haszn\u00e1latra, \u00fagy, hogy nem kellett visszavinni, teh\u00e1t \u00e1lland\u00f3an n\u00e1lunk volt, mindaddig, m\u00edg fel nem oszlott a zenekarunk.<br>Annyira megb\u00edztak benn\u00fcnk, hogy \u00e1tv\u00e9teli elismerv\u00e9nyeket sem kellett al\u00e1\u00edrni a hangszerek haszn\u00e1l\u00f3inak.<br>Mikor ilyen \u201egazdagok\u201d lett\u00fcnk hangszerileg, kib\u0151v\u00edtettem a zenekart, Juhari L\u00e1szl\u00f3 \u201eB\u201d szaxofonossal, klarin\u00e9tossal, Kiss Istv\u00e1n b\u0151g\u0151ssel, \u00e9s Varga Bandi a t\u00e1rogat\u00f3t lecser\u00e9lte \u201eSZ\u201d szaxofonra.<br>Ahogy mondani szok\u00e1s \u201eEv\u00e9s k\u00f6zben j\u00f6n meg az ember \u00e9tv\u00e1gya\u201d.<br>Mivel abban az id\u0151ben minden kult\u00farh\u00e1zban volt zongora, \u00edgy gondoltam egy mer\u00e9szet, \u00e9s megh\u00edvtam a zenekarba hetediknek a m\u00e1r akkor is remek\u00fcl zongor\u00e1z\u00f3 H\u00e1ry Ferencet, \u00e9s ez a zenekar b\u00e1r sok munk\u00e1val ugyan, de egy \u00fct\u0151k\u00e9pes egy\u00fcttes\u00e9 v\u00e1lt, minek k\u00f6sz\u00f6nhet\u0151en egyre t\u00f6bb fell\u00e9p\u00e9s\u00fcnk lett, di\u00e1kb\u00e1lok, t\u00e1ncvizsg\u00e1k stb. r\u00e9v\u00e9n.<\/p>\n\n\n\n<p class=\"wp-block-paragraph\">A legels\u0151 fell\u00e9p\u00e9s a h\u00e9ttag\u00fa zenekarral tragikusan v\u00e9gz\u0151d\u00f6tt, ugyanis az \u00dajszegedi Tan\u00edt\u00f3k\u00e9pz\u0151ig eljutott a h\u00edr\u00fcnk, \u00e9s megh\u00edvt\u00e1k az egy\u00fcttest az iskola b\u00e1lj\u00e1ba zen\u00e9lni.<br>Pontos id\u0151ben megjelent\u00fcnk, kipakoltuk a hangszereket, \u00e9s v\u00e1rtuk a kezd\u00e9s id\u0151pontj\u00e1t.<br>A b\u00e1l el\u0151tt r\u00f6vid \u00fcnneps\u00e9g volt, ahol az iskola \u00e9nekkara \u00e9nekelte a Himnuszt, amikor nagy d\u00f6rejre figyelt fel mindenki, mely a karzatr\u00f3l j\u00f6tt, ahol elhelyezt\u00e9k az dal\u00e1rd\u00e1t.<br>Az \u00e9nekkar abbahagyta az \u00e9nekl\u00e9st, mivel tan\u00e1ruk, karmester\u00fck vez\u00e9nyl\u00e9s k\u00f6zben holtan esett \u00f6ssze.<br>E tragikus kezdet ut\u00e1n, szerencs\u00e9re a sors kegyeibe fogata egy\u00fcttes\u00fcnket, melynek k\u00f6vetkezt\u00e9ben 16 \u00e9ves koromt\u00f3l soha nem k\u00e9rtem otthonr\u00f3l zsebp\u00e9nzt, mivel mindig megkerest\u00fck a sz\u00f3rakoz\u00e1sra val\u00f3t, s\u0151t egy-egy ruhadarabot, cip\u0151t is tudtam magamnak v\u00e1s\u00e1rolni.<br>Ez a szer\u00e9ny kis zenekarunk \u00fagy gondolom, hogy H\u00e1ry Ferinek, \u00e9s nekem meghat\u00e1rozta a tov\u00e1bbi j\u00f6v\u0151nket.<\/p>\n\n\n\n<p class=\"wp-block-paragraph\">Marosv\u00e1ri Imre g\u00e9p\u00e9szm\u00e9rn\u00f6k, Juhari L\u00e1szl\u00f3 tan\u00e1r, iskolaigazgat\u00f3, Szir\u00e1nyi Istv\u00e1n jog\u00e1sz, (\u00fcgyv\u00e9d) Varga Andor tan\u00e1r, iskolaigazgat\u00f3, Kiss Istv\u00e1n kult\u00farh\u00e1z igazgat\u00f3 lett Bal\u00e1sty\u00e1n, H\u00e1ry Ferenc zongoram\u0171v\u00e9sz, zeneszerz\u0151, szolf\u00e9zs \u00e9s b\u0151g\u0151tan\u00e1r lett. J\u00f3 magam harmonik\u00e1s, zongorista lettem, \u00e9s unalom ellen kb. 500 n\u00f3t\u00e1t, cs\u00e1rd\u00e1st, t\u00e1ncdalt, el\u0151ad\u00e1si darabot \u00edrtam, melyeknek nagy r\u00e9sz\u00e9nek a sz\u00f6veg\u00e9t is \u00e9n k\u00f6vettem el.<br>A \u201eJ\u00e1t\u00e9kos H\u00f3ra\u201d c\u00edm\u0171 el\u0151ad\u00e1si darabomat a Baranya-megyei nemzetis\u00e9gi tank\u00f6nyvben ezer p\u00e9ld\u00e1nyban kiadt\u00e1k.<\/p>\n\n\n\n<p class=\"wp-block-paragraph\">Mak\u00f3i Varga Anna nyolcadik lemez\u00e9n hat szerzem\u00e9nyem szerepel, k\u00eds\u00e9r\u0151 egy\u00fcttes az \u00e9letm\u0171 d\u00edjas Ol\u00e1h K\u00e1lm\u00e1n \u00e9s zenekara.<br>A \u201eVir\u00e1gok k\u00f6zt \u00e9lek\u201d c\u00edm\u0171 n\u00f3t\u00e1m Mak\u00f3i Varga Anna kilencedik lemez\u00e9nek c\u00edmad\u00f3 dala lett, mely lemezen Puka K\u00e1roly pr\u00edm\u00e1s, az 1984. \u00e9vi Von\u00f3p\u00e1rbaj\u00e1nak gy\u0151ztese, \u00e9s a Magyar K\u00f6zt\u00e1rsas\u00e1gi \u00c9rdem\u00e9rem Aranykereszt kit\u00fcntetettje \u00e9s zenekara muzsik\u00e1l.<br>Ezen a lemezen h\u00e9t szerzem\u00e9nyem lett kiadva.<br>A \u201eFelmegyek, az \u00daristenhez panaszt teszek\u201d c\u00edm\u0171 szerzem\u00e9nyemet a Muzsika TV c\u00edm\u0171 m\u0171sor\u00e1ban: \u00dajv\u00e1ri Marika \u00e9nekli sikerrel.<\/p>\n\n\n\n<p class=\"wp-block-paragraph\">\u00d6sszegezve a le\u00edrtakat, \u00fagy gondolom, ha annak idej\u00e9n nem sz\u00f6k\u00f6k ki a koll\u00e9giumb\u00f3l meghallgatni Tab\u00e1nyi Mih\u00e1lyt \u00e9s sz\u00f3list\u00e1it, lehet, hogy soha nem lettem volna zen\u00e9sz, \u00e9s ap\u00e1m szavait id\u00e9zve, elk\u00e9pzelhet\u0151, hogy valami \u201eTisztess\u00e9ges foglalkoz\u00e1st\u201d v\u00e1lasztottam volna, \u00e9s akkor a le\u00edrtak nagy r\u00e9sze nem val\u00f3sult volna meg!<br>Ap\u00e1m soha nem bocs\u00e1totta meg a foglalkoz\u00e1som, de hal\u00e1los \u00e1gy\u00e1n elismerte a zen\u00e9sz mivoltom, \u00e9s megjegyezte:<br>\u201e\u00dagy l\u00e1tom a zen\u00e9b\u0151l is rendesen meg lehet \u00e9lni\u201d<\/p>\n\n\n\n<p class=\"wp-block-paragraph\">Az \u00fajszegedi Tan\u00edt\u00f3 K\u00e9pz\u0151 tragikus esem\u00e9nye miatt nem kedvetlenedt\u00fcnk el, \u00e9s tov\u00e1bb gyakoroltunk, gyarap\u00edtottuk reperto\u00e1runkat, \u00e9s r\u00f6videsen t\u00f6bb helyen is fell\u00e9pt\u00fcnk.<br>T\u00f6bbek k\u00f6z\u00f6tt Pitvarosra is megh\u00edv\u00e1st kaptunk b\u00e1lat muzsik\u00e1lni, ami kis h\u00edj\u00e1n \u00fajabb kudarcot hozott sz\u00e1munkra.<br>Az el\u0151rejelz\u00e9seknek k\u00f6sz\u00f6nhet\u0151en a zenekarba nyolcadiknak megh\u00edvtam R\u00e1cz G\u00e9z\u00e1t git\u00e1rozni, heged\u00fclni, (F\u00e1tyol Misi zenekar\u00e1nak tagj\u00e1t) mivel rendk\u00edv\u00fcl sok vend\u00e9gre sz\u00e1m\u00edtottak a falu nemzetis\u00e9gi napj\u00e1n.<br>Abban az id\u0151ben m\u00e9g vonattal kellett k\u00f6zlekedni, \u00e9s cipelni a neh\u00e9z hangszereket.<br>Szerencs\u00e9sen meg\u00e9rkezt\u00fcnk, az \u00e1llom\u00e1sr\u00f3l becib\u00e1ltuk a hangszereket, \u00e9s berendezkedt\u00fcnk a sz\u00ednpadon.<\/p>\n\n\n\n<p class=\"wp-block-paragraph\">Miel\u0151tt elkezdt\u00fcnk volna muzsik\u00e1lni Varga Andr\u00e1s a kult\u00faros k\u00e9ts\u00e9gbeesve j\u00f6tt hozz\u00e1nk, mondva, hogy meg\u00e9rkezett Steiner B\u00e9la zeneszerz\u0151, (Pitvarosi volt, \u00e9s gyermekoper\u00e1j\u00e1val v\u00e1lt ismertt\u00e9) az akkori megyei Atyaisten, \u00e9s nem j\u00e1rul hozz\u00e1 a b\u00e1l elkezd\u00e9s\u00e9hez, am\u00edg nem l\u00e1tta a M\u0171k\u00f6d\u00e9si Enged\u00e9ly\u00fcnket.<\/p>\n\n\n\n<p class=\"wp-block-paragraph\">Korunkn\u00e1l fogva mi m\u00e9g nem tehett\u00fcnk zen\u00e9szvizsg\u00e1t, \u00edgy semmif\u00e9le enged\u00e9ly\u00fcnk nem volt, azaz R\u00e1cz G\u00e9za tudta igazolni mag\u00e1t.<br>Steiner B\u00e9la m\u00e1r reggel haza\u00e9rt H\u00f3dmez\u0151v\u00e1s\u00e1rhelyr\u0151l faluj\u00e1ba, \u00e9s mint ritk\u00e1n l\u00e1tott vend\u00e9get, mindenfel\u00e9 itallal k\u00edn\u00e1lgatt\u00e1k.<br>Amikorra mi meg\u00e9rkezt\u00fcnk, \u00f6 m\u00e1r kiss\u00e9 illumin\u00e1lt \u00e1llapotban volt.<br>Sz\u00f3, sz\u00f3t k\u00f6vetett, \u00e9s v\u00e9g\u00fcl Varga Bandi, mint a zeneszerz\u0151 vend\u00e9gl\u00e1t\u00f3ja, egy f\u00e9l deci p\u00e1linka k\u00eds\u00e9ret\u00e9ben el\u00e9rte azt, hogy legal\u00e1bb egy sz\u00e1mot j\u00e1tszhassunk, \u00e9s hallgassa meg, hogy \u00e9rdemesek vagyunk-e a b\u00e1l muzsik\u00e1l\u00e1s\u00e1ra.<br>Steiner B\u00e9la eleinte nem akarta elfogadni a javaslatot, arra hivatkozva, hogy minden fel\u0151l \u00e9rkeznek a bejelent\u00e9sek az enged\u00e9ly n\u00e9lk\u00fcli zenekarunkr\u00f3l, \u00e9s ennek egyszer s mindenkorra v\u00e9get kell vetni.<\/p>\n\n\n\n<p class=\"wp-block-paragraph\">V\u00e9g\u00fcl k\u00f6t\u00e9lnek \u00e1llt, \u00e9s elj\u00e1tszhattunk egy sz\u00e1mot.<br>Mire a sz\u00e1m v\u00e9g\u00e9hez \u00e9rt\u00fcnk zs\u00fafol\u00e1sig megtelt a b\u00e1lterem, \u00e9s mikor befejezt\u00fck az enged\u00e9lyezett dalt, d\u00f6rg\u0151 vastapssal jutalmazott benn\u00fcnket a k\u00f6z\u00f6ns\u00e9g.<br>Ennek hat\u00e1s\u00e1ra megkaptuk az enged\u00e9lyt, \u00e9s hajnal n\u00e9gy \u00f3r\u00e1ig h\u00faztuk a talpal\u00e1val\u00f3t.<\/p>\n\n\n\n<p class=\"wp-block-paragraph\">Miut\u00e1n kimuzsik\u00e1ltunk, \u00f6sszecsomagoltuk a hangszereket, \u00e9s indulni akartunk az \u00e1llom\u00e1sra, mikor j\u00f6tt a kult\u00faros k\u00f6z\u00f6lve, hogy az iv\u00f3ban v\u00e1r benn\u00fcnket Steiner elvt\u00e1rs. (Akkoriban m\u00e9g az Isten is elvt\u00e1rs volt)<br>A k\u00e9r\u00e9snek eleget t\u00e9ve megjelent\u00fcnk, \u00e9s legnagyobb meglepet\u00e9sre Steiner elvt\u00e1rs, egy t\u00e1lca p\u00e1link\u00e1val v\u00e1rt benn\u00fcnket.<br>Gratul\u00e1lt a zenekarnak, majd koccintottunk, miut\u00e1n intett a pinc\u00e9rnek, hogy m\u00e9g egy k\u00f6rt k\u00e9r, \u00e9s ezek ut\u00e1n soha t\u00f6bb\u00e9 nem akad\u00e9koskodott az enged\u00e9lyn\u00e9lk\u00fcli fell\u00e9p\u00e9seink miatt.<br>(Steiner B\u00e9la \u00e9vekkel k\u00e9s\u0151bb H\u00e1ry Feri mentora lett, minden bizonnyal elfedte az egykori p\u00e1linkak\u00far\u00e1nkat)<br>Olyan sikeresen elpoharazgattunk, hogy csak a d\u00e9li vonattal \u00e9rkezt\u00fcnk Mak\u00f3ra, \u00e9s az els\u0151 utunk a Kiskoron\u00e1ba vezetett, ahol m\u00e9g r\u00e1fejelt\u00fcnk a Pitvarosi tivorny\u00e1nkra.<\/p>\n\n\n\n<p class=\"wp-block-paragraph\">A f\u0151t\u00e9ri talpon\u00e1ll\u00f3ban Szir\u00e1nyi Pista m\u00e1r nem b\u00edrta meginni a kik\u00e9rt s\u00f6rt, ez\u00e9rt arra hivatkozva, hogy por van az iv\u00f3ban locsolni kezdte a k\u00f6vezetet, amikor besz\u00f3lt a nyitott ajt\u00f3n \u00e9desapja, &#8211; aki v\u00e9letlen ott ment el &#8211; \u201ePisti hazafel\u00e9\u201d!<br>Pista k\u00e9nyszeredetten elk\u00f6sz\u00f6nt t\u0151l\u00fcnk, \u00e9s csak annyit mondott:<br>\u201eMennem kell a b\u00edr\u00f3 \u00far meghozta az \u00edt\u00e9letet\u201d. (Pista apja J\u00e1r\u00e1sb\u00edr\u00f3 volt)<\/p>\n\n\n\n<p class=\"wp-block-paragraph\">A Kiskoron\u00e1ban okosabbnak tal\u00e1ltuk, ha a hangszereket biztons\u00e1gba helyezz\u00fck, ez\u00e9t a szomsz\u00e9dban lak\u00f3 R\u00e1cz G\u00e9za lak\u00e1s\u00e1ba vitt\u00fck \u00e1t.<br>G\u00e9za feles\u00e9ge elutazott kisl\u00e1nyukkal sz\u00fcleihez, \u00edgy bar\u00e1tunk zavartalanul fogadott benn\u00fcnket otthonukban.<br>Alig pakoltuk be hangszereinket, mikor megjelent egy f\u00e9l liter p\u00e1link\u00e1val D\u00f6m\u00f6t\u00f6r J\u00f3zsi, (D\u00f6nci) aki mint j\u00f3 bar\u00e1t a Kiskoron\u00e1b\u00f3l j\u00f6tt ut\u00e1nunk.<br>H\u00e1ry Feri bar\u00e1tunk ekkor m\u00e1r \u00e9des \u00e1lm\u00e1t aludta G\u00e9za feles\u00e9g\u00e9nek az \u00e1gy\u00e1ban, ruh\u00e1st\u00f3l, cip\u0151st\u0151l.<br>V\u00e9gre d\u00e9lut\u00e1n \u0151t \u00f3ra k\u00f6r\u00fcl feloszlott a zenekar, \u00e9s miel\u0151tt hazat\u00e9rt\u00fcnk volna, mint j\u00f3l nevelt vend\u00e9gek, rendet raktunk vend\u00e9gl\u00e1t\u00f3nkn\u00e1l, gondosan meg\u00e1gyazva G\u00e9za feles\u00e9g\u00e9nek az \u00e1gy\u00e1t, \u00e9s elk\u00f6sz\u00f6nt\u00fcnk.<br>A di\u00e1kzenekarunknak ez volt az egyetlen ilyen g\u00f6rbe napja, mely \u00f6r\u00f6kre felejthetetlen maradt.<br>Tudni kell azt, hogy a gimn\u00e1ziumban olyan szigor volt abban az id\u0151ben, hogy a hat \u00f3rakor kezd\u0151d\u0151 moziel\u0151ad\u00e1sra &#8211; a sz\u00fcl\u0151 k\u00e9r\u00e9s\u00e9re \u2013 csak oszt\u00e1lyf\u0151n\u00f6ki enged\u00e9llyel mehett\u00fcnk el. A nyolc\u00f3rai el\u0151ad\u00e1son m\u00e9g sz\u00fcl\u0151i k\u00eds\u00e9rettel sem vehett\u00fcnk r\u00e9szt.<br>\u00dagy gondolom, hogy egy ilyen kocsmajelenet nem ragadtatta volna vastapsra Marczis Vilmos igazgat\u00f3 urat, (Jezsuita pap volt) \u00e9s a Tan\u00e1ri Test\u00fcletet.<\/p>\n\n\n\n<p class=\"wp-block-paragraph\">Az igazi cirkusz csak m\u00e1snap este t\u00f6rt ki, mikor G\u00e9za feles\u00e9gi\u00e9k hazat\u00e9rtek, \u00e9s lefekv\u00e9shez k\u00e9sz\u00fcltek.<br>Ilusk\u00e1nak az \u00e1gya Feri cip\u0151j\u00e9t\u0151l csupa s\u00e1r volt, amit senki sem vett \u00e9szre, mikor meg\u00e1gyaztuk.<br>A felajzott asszony soha nem hitte el az igazs\u00e1got, \u00e9s m\u00e9g hetek m\u00falva is, ha tal\u00e1lkoztunk, mindig megk\u00e9rt, hogy mondjam el \u0151szint\u00e9n, hogy mi zajlott le b\u00e9k\u00e9s csal\u00e1di f\u00e9szk\u00fckben.<br>A bizalmatlan asszony el\u0151tt kegyvesztett lettem, \u00e9s ez\u00e9rt egy ideig nem j\u00e1rtam hozz\u00e1juk, holott kor\u00e1bban gyakran megfordultam ott, amikor egy-egy \u00faj sz\u00e1mot G\u00e9z\u00e1val k\u00f6z\u00f6sen lekott\u00e1ztunk.<\/p>\n\n\n\n<p class=\"wp-block-paragraph\">\u00c9vekkel k\u00e9s\u0151bb a forgalom n\u00f6vel\u00e9s\u00e9nek \u00e9rdek\u00e9ben egy h\u00f3napra a Korona zenekar\u00e1t \u00e1thelyezt\u00e9k H\u00f3dmez\u0151v\u00e1s\u00e1rhelyre a Fekete Sasba, az ottani zenekart pedig a mak\u00f3i Koron\u00e1ba.<br>Mikor v\u00e9ge lett a csereakci\u00f3nak \u00e9s helyre \u00e1llt a rend, egy este G\u00e9za odaj\u00f6tt hozz\u00e1m, \u00e9s t\u00f6redelmesen elmondta, hogy H\u00f3dmez\u0151v\u00e1s\u00e1rhelyen beh\u00e1l\u00f3zta egy katonatiszt feles\u00e9ge, akinek az \u00e9n c\u00edmemet adta meg, hogy ilyen m\u00f3don lev\u00e9lben tudjanak kapcsolatot tartani. (Kor\u00e1bban \u00edrtam m\u00e1r, hogy milyen neh\u00e9z a zen\u00e9sz \u00e9let, \u00e9s mennyi vesz\u00e9lynek vannak kit\u00e9ve az \u00e1rtatlan muzsikusok)<br>Napokkal k\u00e9s\u0151bb meg\u00e9rkezett a lev\u00e9l, k\u00e9t bor\u00edt\u00e9kban, \u00e9s mikor l\u00e1ttam, hogy a bels\u0151 bor\u00edt\u00e9k G\u00e9z\u00e1nak van c\u00edmezve, visszaraktam nekem c\u00edmezett bor\u00edt\u00e9kba \u00e9s este bevittem bar\u00e1tomnak a Koron\u00e1ba.<br>G\u00e9za miut\u00e1n elolvasta zsebre v\u00e1gta, \u00e9s otthon elfelejtette biztons\u00e1gba helyezni.<\/p>\n\n\n\n<p class=\"wp-block-paragraph\">Feles\u00e9ge m\u00e1snap ki akarta vasalni f\u00e9rje nadr\u00e1gj\u00e1t, \u00e9s annak farzseb\u00e9ben megtal\u00e1lta az omin\u00f3zus levelet. L\u00e1tva, hogy nekem volt c\u00edmezve, el\u0151sz\u00f6r f\u00e9lretette, de miut\u00e1n fel\u00f6tl\u00f6tt benne a k\u00e9rd\u00e9s, hogy mi\u00e9rt van az \u00e9n levelem G\u00e9za zseb\u00e9ben, \u00fajb\u00f3l el\u0151vette, \u00e9s elolvasta?<\/p>\n\n\n\n<p class=\"wp-block-paragraph\">Mikor legk\u00f6zelebb tal\u00e1lkoztam Ilusk\u00e1val, meg\u00e1ll\u00edtott, \u00e9s minden bevezet\u00e9s n\u00e9lk\u00fcl r\u00e1t\u00e9rt a t\u00e1rgyra:<br>\u201eNem gondoltam, hogy te is ilyen vagy, \u00e9s egy csal\u00e1d boldogs\u00e1g\u00e1ra t\u00f6rsz.\u201d<br>\u2013 Mondta! \u2013<br>Eszembe sem jutott a lev\u00e9l, ez\u00e9rt k\u00e9rd\u0151en n\u00e9ztem az elkeseredett asszonyra.<br>Melyik csal\u00e1dr\u00f3l van sz\u00f3?<br>Tudod te az nagyon j\u00f3l! \u2013 Felelte!<br>Majd elmes\u00e9lte a lev\u00e9l t\u00f6rt\u00e9net\u00e9t, hogy mik\u00e9nt ker\u00fclt hozz\u00e1?<br>Ahogy mondani szok\u00e1s \u201eSem k\u00f6pni, sem nyelni nem tudtam\u201d, s \u00fagy \u00e1lltam el\u0151tte, mint egy tolvaj, akit lop\u00e1son \u00e9rtek.<br>Olvasd, ny\u00fajtotta \u00e1t a levelet, melyet mag\u00e1n\u00e1l tartott, gondolom a szembes\u00edt\u00e9s v\u00e9get.<br>\u201eDr\u00e1ga Fekete Gy\u00e9m\u00e1ntom\u201d, sz\u00f3lt a megsz\u00f3l\u00edt\u00e1s. (\u00c9n sz\u0151ke voltam)<br>Tov\u00e1bb nem olvastam, \u00e9s hebegve-habogva visszaadtam a haszontalan \u00edr\u00e1st, \u00e9s s\u0171r\u0171 bocs\u00e1natk\u00e9r\u00e9sek k\u00f6zepette t\u00e1voztam.<\/p>\n\n\n\n<p class=\"wp-block-paragraph\">Ezek ut\u00e1n hossz\u00fa ideig elker\u00fcltem lak\u00e1sukat, de a sors k\u00f6zbesz\u00f3lt, ami\u00e9rt ism\u00e9t naponta vend\u00e9geskednem kellett bar\u00e1tomn\u00e1l. (Erre majd k\u00e9s\u0151bbiekben visszat\u00e9rek.)<\/p>\n\n\n\n<p class=\"wp-block-paragraph\">Egy biztos, szeg\u00e9ny Iluska ar\u00e1nylag fiatalon, \u00fagy halt meg, hogy soha nem bocs\u00e1totta meg nekem a k\u00f6zrem\u0171k\u00f6d\u00e9sem, amiben ez egyszer \u00e1rtatlan voltam.<br>\u00c9vtizedek t\u00e1vlat\u00e1b\u00f3l visszagondolva a t\u00f6rt\u00e9netre, k\u00e9nytelen vagyok azt a konzekvenci\u00e1t levonni: Lehet, hogy ez a lev\u00e9l volt h\u00e1zass\u00e1guk s\u00edrba ereszt\u0151 k\u00f6tele, \u00e9s v\u00e1l\u00e1suk el\u0151id\u00e9z\u0151je is?<br>Az \u00e9rintetlenek \u00e1ltal sokszor humorosan felfogott paradox helyzetek n\u00e9ha komoly trag\u00e9di\u00e1khoz vezethetnek, mivel az asszonyok szinte mindent meg tudnak bocs\u00e1tani, de a megcsal\u00e1st, a becs\u00fclet\u00fck\u00f6n esett csorb\u00e1t soha nem felejtik el, \u00e9s legt\u00f6bbsz\u00f6r igyekeznek vissza is adni.<br>Ebb\u0151l alakul ki az \u0151sr\u00e9gi k\u00e9rd\u00e9s: \u201eMelyik volt el\u0151bb, a ty\u00fak, vagy a toj\u00e1s\u201d.<br>Lehet, hogy az olvas\u00f3k sokan neheztelnek majd a v\u00e9lem\u00e9nyem\u00e9rt:<br>\u201eA legt\u00f6bb asszony legal\u00e1bb egyszer megcsalja a f\u00e9rj\u00e9t, mely megcsal\u00e1s k\u00e9t es\u00e9lyes, vagy kider\u00fcl, vagy sem\u201d?<br>Egy biztos: mindig az \u00e9rintett tudja meg legutolj\u00e1ra.<br>Eszmefuttat\u00e1som azzal z\u00e1rn\u00e1m:<br>\u201eCsak a t\u00f6lt\u00f6tt k\u00e1poszta j\u00f3 meleg\u00edtve\u201d! A h\u00e1zass\u00e1g sohasem!<\/p>\n\n\n\n<p class=\"wp-block-paragraph\">E kis kit\u00e9r\u0151 ut\u00e1n elmondan\u00e1m, hogy gimn\u00e1ziumi zenekarunk, amilyen gyorsan n\u00e9pszer\u0171v\u00e9 v\u00e1lt a megy\u00e9ben, olyan gyorsan fel is oszlott, amikor v\u00e9geztek a fels\u0151bb oszt\u00e1lyba j\u00e1r\u00f3k.<br>T\u00f6bb mint f\u00e9l\u00e9vsz\u00e1zad ut\u00e1n is, m\u00e9g gyakorta el\u0151fordul, hogy sz\u00f3ba ker\u00fcl r\u00e9gi bar\u00e1tokkal val\u00f3 besz\u00e9lget\u00e9s alkalm\u00e1val, \u00e9s m\u00e9g most is elismer\u0151en nyilatkoznak egykori egy\u00fcttes\u00fcnkr\u0151l, mely a fiatals\u00e1gukat is jelentette.<br>A gimn\u00e1zium t\u00f6rt\u00e9net\u00e9nek mi voltunk az egyetlen gimn\u00e1ziumi tanul\u00f3kb\u00f3l \u00e1ll\u00f3 t\u00e1nczenekara.<br>Ezzel a zenekarral fenn\u00e1ll\u00e1sunk idej\u00e9n, mi muzsik\u00e1ltunk az akkori \u00f6sszes di\u00e1kb\u00e1lokban, \u00e9s sok m\u00e1s v\u00e1llalati mulats\u00e1gon.<\/p>\n\n\n\n<p class=\"wp-block-paragraph\">K\u00f6zvetlen el\u0151tt\u00fcnk, Pint\u00e9r Feri\u00e9knek is volt zenekaruk, de abban a zenekarban k\u00fcltagok is szerepeltek, akik soha nem voltak a gimn\u00e1zium tanul\u00f3i.<br>Illusztris p\u00e9lda erre, az ap\u00e1tfalvi Borb\u00e9ly Bandi, aki k\u00e9s\u0151bb az Operah\u00e1z, \u00e9s a Magyar \u00c1llami Hangverseny Zenekar els\u0151 klarin\u00e9tosa lett.<br>Egy-egy nagy b\u00e1l muzsik\u00e1l\u00e1sakor helyt kapott a zenekarban Pint\u00e9r Gyuri is Feri b\u00e1tyja, aki sokkal \u00f6regebb volt a zenekar tagjain\u00e1l.<\/p>\n\n\n\n<p class=\"wp-block-paragraph\">Ezzel nem sz\u00e1nd\u00e9kozom az \u0151 \u00e9rdemeiket elmarasztalni, \u00e9s a mi szakmai tekint\u00e9ly\u00fcnket emelni, csup\u00e1n a realit\u00e1s talaj\u00e1n haladva eml\u00edtettem meg a val\u00f3s t\u00e9nyeket.<br>Pint\u00e9r Feri j\u00f3 bar\u00e1tom volt, akivel hossz\u00fa \u00e9vekig egy\u00fctt muzsik\u00e1ltunk, \u00e9s nagyon sok k\u00f6z\u00f6s \u00e9lm\u00e9nyben volt r\u00e9sz\u00fcnk, amelyek \u00fagy gondolom, ebben az \u00edr\u00e1sban nem aktu\u00e1lisak, \u00e9s nem k\u00edv\u00e1natosan publikusak.<\/p>\n\n\n\n<p class=\"wp-block-paragraph\">K\u00e9t okb\u00f3l kifoly\u00f3lag eml\u00edtettem meg az \u0151 zenekarukat is:<\/p>\n\n\n\n<ol class=\"wp-block-list\">\n<li>Kifog\u00e1stalanul muzsik\u00e1ltak<\/li>\n\n\n\n<li>Az \u0150 zenekaruk \u00e9s a mi zenekarunk \u00edrta be mag\u00e1t, e t\u00f6bb mint sz\u00e1z\u00e9ves, patin\u00e1s int\u00e9zm\u00e9ny k\u00e9pzeletbeli nagyk\u00f6nyv\u00e9be.<\/li>\n<\/ol>\n","protected":false},"excerpt":{"rendered":"<p>GIMI ZENEKAR ALAK\u00cdT\u00c1SA Miut\u00e1n harmonikatulajdonos lettem \u00f3ri\u00e1si el\u00e1nnal, \u00e9s vasszorgalommal vetettem magam a t\u00e1nczene tanul\u00e1s\u00e1ba.A gimn\u00e1ziumban Domokos G\u00e9za matematika \u2013 fizika tan\u00e1r vezet\u00e9s\u00e9vel m\u0171k\u00f6d\u00f6tt egy szimfonikus zenekar.Jelentkeztem a zenekarba, ahol olyan sz\u00f3lamokat j\u00e1tszottam harmonik\u00e1n, ami hi\u00e1nyhangszer volt, pl. harm\u00f3nium, fuvola stb.Egyetlen harmonikasz\u00f3l\u00f3m volt csup\u00e1n, &#8211; ami st\u00edlszer\u0171en illett a zenekarba &#8211; egy oroszegyveleg.Ebben a zenekarban &#8230; <a title=\"GIMI ZENEKAR ALAK\u00cdT\u00c1SA\" class=\"read-more\" href=\"https:\/\/bozsogiattila.hu\/?p=1528\" aria-label=\"Tov\u00e1bbiak GIMI ZENEKAR ALAK\u00cdT\u00c1SA\">Olvass tov\u00e1bb<\/a><\/p>\n","protected":false},"author":3,"featured_media":0,"comment_status":"open","ping_status":"open","sticky":false,"template":"","format":"standard","meta":{"footnotes":""},"categories":[331],"tags":[],"class_list":["post-1528","post","type-post","status-publish","format-standard","hentry","category-emlkeim"],"yoast_head":"<!-- This site is optimized with the Yoast SEO plugin v21.8 - https:\/\/yoast.com\/wordpress\/plugins\/seo\/ -->\n<title>GIMI ZENEKAR ALAK\u00cdT\u00c1SA - Bozsogi Attila<\/title>\n<meta name=\"robots\" content=\"index, follow, max-snippet:-1, max-image-preview:large, max-video-preview:-1\" \/>\n<link rel=\"canonical\" href=\"https:\/\/bozsogiattila.hu\/?p=1528\" \/>\n<meta property=\"og:locale\" content=\"hu_HU\" \/>\n<meta property=\"og:type\" content=\"article\" \/>\n<meta property=\"og:title\" content=\"GIMI ZENEKAR ALAK\u00cdT\u00c1SA - Bozsogi Attila\" \/>\n<meta property=\"og:description\" content=\"GIMI ZENEKAR ALAK\u00cdT\u00c1SA Miut\u00e1n harmonikatulajdonos lettem \u00f3ri\u00e1si el\u00e1nnal, \u00e9s vasszorgalommal vetettem magam a t\u00e1nczene tanul\u00e1s\u00e1ba.A gimn\u00e1ziumban Domokos G\u00e9za matematika \u2013 fizika tan\u00e1r vezet\u00e9s\u00e9vel m\u0171k\u00f6d\u00f6tt egy szimfonikus zenekar.Jelentkeztem a zenekarba, ahol olyan sz\u00f3lamokat j\u00e1tszottam harmonik\u00e1n, ami hi\u00e1nyhangszer volt, pl. harm\u00f3nium, fuvola stb.Egyetlen harmonikasz\u00f3l\u00f3m volt csup\u00e1n, &#8211; ami st\u00edlszer\u0171en illett a zenekarba &#8211; egy oroszegyveleg.Ebben a zenekarban ... Olvass tov\u00e1bb\" \/>\n<meta property=\"og:url\" content=\"https:\/\/bozsogiattila.hu\/?p=1528\" \/>\n<meta property=\"og:site_name\" content=\"Bozsogi Attila\" \/>\n<meta property=\"article:published_time\" content=\"2024-01-15T18:44:08+00:00\" \/>\n<meta name=\"author\" content=\"Bozsogi Attila\" \/>\n<meta name=\"twitter:card\" content=\"summary_large_image\" \/>\n<meta name=\"twitter:label1\" content=\"Szerz\u0151:\" \/>\n\t<meta name=\"twitter:data1\" content=\"Bozsogi Attila\" \/>\n\t<meta name=\"twitter:label2\" content=\"Becs\u00fclt olvas\u00e1si id\u0151\" \/>\n\t<meta name=\"twitter:data2\" content=\"16 perc\" \/>\n<script type=\"application\/ld+json\" class=\"yoast-schema-graph\">{\"@context\":\"https:\/\/schema.org\",\"@graph\":[{\"@type\":\"WebPage\",\"@id\":\"https:\/\/bozsogiattila.hu\/?p=1528\",\"url\":\"https:\/\/bozsogiattila.hu\/?p=1528\",\"name\":\"GIMI ZENEKAR ALAK\u00cdT\u00c1SA - Bozsogi Attila\",\"isPartOf\":{\"@id\":\"https:\/\/bozsogiattila.hu\/#website\"},\"datePublished\":\"2024-01-15T18:44:08+00:00\",\"dateModified\":\"2024-01-15T18:44:08+00:00\",\"author\":{\"@id\":\"https:\/\/bozsogiattila.hu\/#\/schema\/person\/488c99f554a8c4039201260dd5eb795e\"},\"breadcrumb\":{\"@id\":\"https:\/\/bozsogiattila.hu\/?p=1528#breadcrumb\"},\"inLanguage\":\"hu\",\"potentialAction\":[{\"@type\":\"ReadAction\",\"target\":[\"https:\/\/bozsogiattila.hu\/?p=1528\"]}]},{\"@type\":\"BreadcrumbList\",\"@id\":\"https:\/\/bozsogiattila.hu\/?p=1528#breadcrumb\",\"itemListElement\":[{\"@type\":\"ListItem\",\"position\":1,\"name\":\"Kezd\u0151lap\",\"item\":\"https:\/\/bozsogiattila.hu\/\"},{\"@type\":\"ListItem\",\"position\":2,\"name\":\"GIMI ZENEKAR ALAK\u00cdT\u00c1SA\"}]},{\"@type\":\"WebSite\",\"@id\":\"https:\/\/bozsogiattila.hu\/#website\",\"url\":\"https:\/\/bozsogiattila.hu\/\",\"name\":\"Bozsogi Attila\",\"description\":\"a zen\u00e9sz, \u00edr\u00f3 munk\u00e1ss\u00e1g\u00e1nak \u00e9s a mak\u00f3i muzsikusok eml\u00e9k\u00e9t \u0151rz\u0151 oldal\",\"potentialAction\":[{\"@type\":\"SearchAction\",\"target\":{\"@type\":\"EntryPoint\",\"urlTemplate\":\"https:\/\/bozsogiattila.hu\/?s={search_term_string}\"},\"query-input\":\"required name=search_term_string\"}],\"inLanguage\":\"hu\"},{\"@type\":\"Person\",\"@id\":\"https:\/\/bozsogiattila.hu\/#\/schema\/person\/488c99f554a8c4039201260dd5eb795e\",\"name\":\"Bozsogi Attila\",\"image\":{\"@type\":\"ImageObject\",\"inLanguage\":\"hu\",\"@id\":\"https:\/\/bozsogiattila.hu\/#\/schema\/person\/image\/\",\"url\":\"https:\/\/secure.gravatar.com\/avatar\/7da6b5985e34ed798d1670c54ce7d20e6a53b800bb0c07945c64b09392f3dbfd?s=96&d=mm&r=g\",\"contentUrl\":\"https:\/\/secure.gravatar.com\/avatar\/7da6b5985e34ed798d1670c54ce7d20e6a53b800bb0c07945c64b09392f3dbfd?s=96&d=mm&r=g\",\"caption\":\"Bozsogi Attila\"},\"sameAs\":[\"http:\/\/www.boszogiattila.hu\"],\"url\":\"https:\/\/bozsogiattila.hu\/?author=3\"}]}<\/script>\n<!-- \/ Yoast SEO plugin. -->","yoast_head_json":{"title":"GIMI ZENEKAR ALAK\u00cdT\u00c1SA - Bozsogi Attila","robots":{"index":"index","follow":"follow","max-snippet":"max-snippet:-1","max-image-preview":"max-image-preview:large","max-video-preview":"max-video-preview:-1"},"canonical":"https:\/\/bozsogiattila.hu\/?p=1528","og_locale":"hu_HU","og_type":"article","og_title":"GIMI ZENEKAR ALAK\u00cdT\u00c1SA - Bozsogi Attila","og_description":"GIMI ZENEKAR ALAK\u00cdT\u00c1SA Miut\u00e1n harmonikatulajdonos lettem \u00f3ri\u00e1si el\u00e1nnal, \u00e9s vasszorgalommal vetettem magam a t\u00e1nczene tanul\u00e1s\u00e1ba.A gimn\u00e1ziumban Domokos G\u00e9za matematika \u2013 fizika tan\u00e1r vezet\u00e9s\u00e9vel m\u0171k\u00f6d\u00f6tt egy szimfonikus zenekar.Jelentkeztem a zenekarba, ahol olyan sz\u00f3lamokat j\u00e1tszottam harmonik\u00e1n, ami hi\u00e1nyhangszer volt, pl. harm\u00f3nium, fuvola stb.Egyetlen harmonikasz\u00f3l\u00f3m volt csup\u00e1n, &#8211; ami st\u00edlszer\u0171en illett a zenekarba &#8211; egy oroszegyveleg.Ebben a zenekarban ... Olvass tov\u00e1bb","og_url":"https:\/\/bozsogiattila.hu\/?p=1528","og_site_name":"Bozsogi Attila","article_published_time":"2024-01-15T18:44:08+00:00","author":"Bozsogi Attila","twitter_card":"summary_large_image","twitter_misc":{"Szerz\u0151:":"Bozsogi Attila","Becs\u00fclt olvas\u00e1si id\u0151":"16 perc"},"schema":{"@context":"https:\/\/schema.org","@graph":[{"@type":"WebPage","@id":"https:\/\/bozsogiattila.hu\/?p=1528","url":"https:\/\/bozsogiattila.hu\/?p=1528","name":"GIMI ZENEKAR ALAK\u00cdT\u00c1SA - Bozsogi Attila","isPartOf":{"@id":"https:\/\/bozsogiattila.hu\/#website"},"datePublished":"2024-01-15T18:44:08+00:00","dateModified":"2024-01-15T18:44:08+00:00","author":{"@id":"https:\/\/bozsogiattila.hu\/#\/schema\/person\/488c99f554a8c4039201260dd5eb795e"},"breadcrumb":{"@id":"https:\/\/bozsogiattila.hu\/?p=1528#breadcrumb"},"inLanguage":"hu","potentialAction":[{"@type":"ReadAction","target":["https:\/\/bozsogiattila.hu\/?p=1528"]}]},{"@type":"BreadcrumbList","@id":"https:\/\/bozsogiattila.hu\/?p=1528#breadcrumb","itemListElement":[{"@type":"ListItem","position":1,"name":"Kezd\u0151lap","item":"https:\/\/bozsogiattila.hu\/"},{"@type":"ListItem","position":2,"name":"GIMI ZENEKAR ALAK\u00cdT\u00c1SA"}]},{"@type":"WebSite","@id":"https:\/\/bozsogiattila.hu\/#website","url":"https:\/\/bozsogiattila.hu\/","name":"Bozsogi Attila","description":"a zen\u00e9sz, \u00edr\u00f3 munk\u00e1ss\u00e1g\u00e1nak \u00e9s a mak\u00f3i muzsikusok eml\u00e9k\u00e9t \u0151rz\u0151 oldal","potentialAction":[{"@type":"SearchAction","target":{"@type":"EntryPoint","urlTemplate":"https:\/\/bozsogiattila.hu\/?s={search_term_string}"},"query-input":"required name=search_term_string"}],"inLanguage":"hu"},{"@type":"Person","@id":"https:\/\/bozsogiattila.hu\/#\/schema\/person\/488c99f554a8c4039201260dd5eb795e","name":"Bozsogi Attila","image":{"@type":"ImageObject","inLanguage":"hu","@id":"https:\/\/bozsogiattila.hu\/#\/schema\/person\/image\/","url":"https:\/\/secure.gravatar.com\/avatar\/7da6b5985e34ed798d1670c54ce7d20e6a53b800bb0c07945c64b09392f3dbfd?s=96&d=mm&r=g","contentUrl":"https:\/\/secure.gravatar.com\/avatar\/7da6b5985e34ed798d1670c54ce7d20e6a53b800bb0c07945c64b09392f3dbfd?s=96&d=mm&r=g","caption":"Bozsogi Attila"},"sameAs":["http:\/\/www.boszogiattila.hu"],"url":"https:\/\/bozsogiattila.hu\/?author=3"}]}},"jetpack_featured_media_url":"","_links":{"self":[{"href":"https:\/\/bozsogiattila.hu\/index.php?rest_route=\/wp\/v2\/posts\/1528","targetHints":{"allow":["GET"]}}],"collection":[{"href":"https:\/\/bozsogiattila.hu\/index.php?rest_route=\/wp\/v2\/posts"}],"about":[{"href":"https:\/\/bozsogiattila.hu\/index.php?rest_route=\/wp\/v2\/types\/post"}],"author":[{"embeddable":true,"href":"https:\/\/bozsogiattila.hu\/index.php?rest_route=\/wp\/v2\/users\/3"}],"replies":[{"embeddable":true,"href":"https:\/\/bozsogiattila.hu\/index.php?rest_route=%2Fwp%2Fv2%2Fcomments&post=1528"}],"version-history":[{"count":1,"href":"https:\/\/bozsogiattila.hu\/index.php?rest_route=\/wp\/v2\/posts\/1528\/revisions"}],"predecessor-version":[{"id":1529,"href":"https:\/\/bozsogiattila.hu\/index.php?rest_route=\/wp\/v2\/posts\/1528\/revisions\/1529"}],"wp:attachment":[{"href":"https:\/\/bozsogiattila.hu\/index.php?rest_route=%2Fwp%2Fv2%2Fmedia&parent=1528"}],"wp:term":[{"taxonomy":"category","embeddable":true,"href":"https:\/\/bozsogiattila.hu\/index.php?rest_route=%2Fwp%2Fv2%2Fcategories&post=1528"},{"taxonomy":"post_tag","embeddable":true,"href":"https:\/\/bozsogiattila.hu\/index.php?rest_route=%2Fwp%2Fv2%2Ftags&post=1528"}],"curies":[{"name":"wp","href":"https:\/\/api.w.org\/{rel}","templated":true}]}}