{"id":1533,"date":"2024-01-15T18:47:24","date_gmt":"2024-01-15T18:47:24","guid":{"rendered":"https:\/\/bozsogiattila.hu\/?p=1533"},"modified":"2024-01-15T18:47:24","modified_gmt":"2024-01-15T18:47:24","slug":"maros-part","status":"publish","type":"post","link":"https:\/\/bozsogiattila.hu\/?p=1533","title":{"rendered":"MAROS-PART"},"content":{"rendered":"\n<p class=\"wp-block-paragraph\">MAROS-PART<\/p>\n\n\n\n<p class=\"wp-block-paragraph\">Kisgyermek korom \u00f3ta, &#8211; amikor ap\u00e1mmal j\u00e1rtunk a Maros-partra &#8211; szerelmese vagyok a mad\u00e1rcsicserg\u00e9st\u0151l hangos foly\u00f3partnak, mely vonz\u00f3d\u00e1som biztos vagyok benne, hogy elk\u00eds\u00e9r \u00e9letem v\u00e9g\u00e9ig.<br>Fiatals\u00e1gom idej\u00e9n, h\u00e9tv\u00e9geken Rutkai S\u00e1ndor buszv\u00e1llalkoz\u00f3, tulajdonos, j\u00e1ratot ind\u00edtott az akkor nagyon n\u00e9pszer\u0171 marosi strandra, ahol a k\u00e1nikul\u00e1k h\u0151s\u00e9g\u00e9ben 3-4ezer ember igyekezett fel\u00fcd\u00fcl\u00e9st keresni a v\u00edzparton.<br>Lelki szemeimmel m\u00e9g most is l\u00e1tom azokat az egyszer\u0171 embereket, akik a Maros hordal\u00e9k\u00e1nak sz\u00e1m\u00edt\u00f3 iszappal bekenve magukat igyekeztek gy\u00f3gy\u00edtani f\u00e1j\u00f3, beteg \u00edz\u00fcleteiket.<br>K\u00e9s\u0151bb Dr. Batka Istv\u00e1n orvos felfedezte a marosi iszap gy\u00f3gy\u00edt\u00f3 hat\u00e1s\u00e1t, m\u00e9g k\u00e9s\u0151bb, m\u00e9g egyszer ugyan ezt felfedezte Dr. Domokos M\u00e1ria orvos is.<br>Azokr\u00f3l soha nem sz\u00f3lt a f\u00e1ma, akik felfedez\u00e9s n\u00e9lk\u00fcl alkalmazt\u00e1k a foly\u00f3 aj\u00e1nd\u00e9knak sz\u00e1m\u00edt\u00f3 kincs\u00e9t, \u0151sid\u0151k \u00f3ta.<\/p>\n\n\n\n<p class=\"wp-block-paragraph\">A hatalmas porondon sokszor alig lehetett \u00e1thatolni a pl\u00e9djeiken napoz\u00f3k kavalk\u00e1dj\u00e1n kereszt\u00fcl, a h\u0171s\u00edt\u0151 v\u00edz l\u00e1gyan simogat\u00f3 hull\u00e1maiba.<br>A Maros az orsz\u00e1g egyik legszesz\u00e9lyesebb foly\u00f3ja, \u00e9s ennek hat\u00e1s\u00e1ra gyakorta \u00e1ldozatokat is k\u00f6vetel.<br>16 \u00e9ves lehettem, amikor Kov\u00e1cs Gyula volt a ment\u0151, aki \u00e1lland\u00f3an ladikj\u00e1ban \u00fclt, vigy\u00e1zva f\u00fcrd\u0151z\u0151kre. M\u00e9g az eb\u00e9dj\u00e9t is a v\u00edzen fogyasztotta el.<br>Ennek ellen\u00e9re akkor ny\u00e1ron, 21 f\u00fcrd\u0151z\u0151t ragadott el a gyilkos foly\u00f3, olyan szerencs\u00e9tlen k\u00f6r\u00fclm\u00e9nyek k\u00f6z\u00f6tt, hogy a ment\u0151nek m\u00e9g csak es\u00e9lye sem volt a szerencs\u00e9tlenek megment\u00e9s\u00e9re.<\/p>\n\n\n\n<p class=\"wp-block-paragraph\">A part porond fel\u0151li r\u00e9sze mellett, ahol 10-15 cm volt a v\u00edz, fog\u00f3ztunk a f\u0171zf\u00e1k \u00e1rny\u00e9k\u00e1ban l\u00e9v\u0151 mintegy harminc n\u00e9gyzetm\u00e9ter nagys\u00e1g\u00fa \u00f6b\u00f6lnek 2-3 m\u00e9ter m\u00e9ly viz\u00e9ben.<br>H\u00e1rom oldalr\u00f3l sek\u00e9ly v\u00edz hat\u00e1rolta az \u00f6bl\u00f6t, mely mintha csalogatta volna a gyan\u00fatlan f\u00fcrd\u0151z\u0151ket.<br>Kb. 10 m\u00e9terre a foly\u00f3 sodr\u00e1sa \u00e9s az \u00f6b\u00f6l k\u00f6z\u00f6tt, m\u00e1r sz\u00e1raz homok volt, ahol olvas\u00e1s k\u00f6zben napozott egy h\u00e1zasp\u00e1r.<br>N\u00e9gy gyermek\u00fck belet\u00e9vedt a sek\u00e9ly v\u00edzb\u0151l az \u00f6b\u00f6lbe, \u00e9s fuldoklani kezdtek.<br>T\u00f6r\u00f6k Lajos (K\u00e9s\u0151bb jog\u00e1sz lett) k\u00e9ts\u00e9gbeesetten ki\u00e1ltott, &#8211; mikor a n\u00e9gy gyerek belekapaszkodott, \u00e9s h\u00fazt\u00e1k le a m\u00e9lybe \u2013 seg\u00edtsetek.<br>Beugr\u00e1ltunk a v\u00edzbe, \u00e9s kih\u00faztuk a gyerekeket.<br>Sajnos nem vett\u00fck \u00e9szre, hogy n\u00e9gyen voltak<br>Akkor\u00e1ra m\u00e1r a megr\u00e9m\u00fclt sz\u00fcl\u0151k is oda\u00e9rtek, \u00e9s kerest\u00e9k negyedik gyermek\u00fcket.<br>Ism\u00e9t beugrottunk a v\u00edzbe, \u00e9s v\u00edz al\u00e1 bukva pr\u00f3b\u00e1ltunk nyom\u00e1ra bukkanni a szerencs\u00e9tlen\u00fcl j\u00e1rt fi\u00fanak.<br>Ekkorra m\u00e1r a ment\u0151 is oda\u00e9rt a strand fels\u0151 r\u00e9sz\u00e9r\u0151l, \u00e9s bekapcsol\u00f3dott a keres\u00e9sbe.<br>A tragikus h\u00edr gyorsan terjedt, \u00e9s a g\u00e9pgy\u00e1r strandj\u00e1r\u00f3l meg\u00e9rkezett Gyukin Lajos b\u00e1csi v\u00edzi ment\u0151, aki nagy ismer\u0151je volt a szesz\u00e9lyes Marosnak.<br>V\u00e9g\u00fcl mintegy f\u00e9l\u00f3ra keres\u00e9s ut\u00e1n Lajos b\u00e1csi tal\u00e1lta meg a v\u00edz fenek\u00e9n fekv\u0151 halott gyereket.<br>A ki\u00e9rkezett ment\u0151k m\u00e1r nem tudtak seg\u00edteni.<br>A rend\u0151rs\u00e9gi vizsg\u00e1latkor der\u00fclt ki, hogy az apa reform\u00e1tuspap volt, \u00e9s \u0151 v\u00e1lasztotta ki a biztons\u00e1gos helyet, \u00e9s gondolni sem merte, hogy a sek\u00e9ly v\u00edz egy k\u00fatba torkollik.<br>Sajnos t\u00e1bla nem jelezte a vesz\u00e9lyt, s \u00edgy t\u00f6rt\u00e9nhetett a trag\u00e9dia!<br>Soha nem t\u00f6r\u0151dt\u00fcnk a Maros szesz\u00e9lyes mivolt\u00e1val, \u00f6rv\u00e9nyeivel, \u00e9s mint \u00f6nt\u00f6rv\u00e9ny\u0171 emberek ott f\u00fcrd\u00f6tt\u00fcnk, ahol kedv\u00fcnk tartotta.<br>Bar\u00e1taimmal rendszeresen fels\u00e9t\u00e1ltunk Ap\u00e1tfalv\u00e1ra, \u00e9s az ottani strand T\u00f6kh\u00e1z nev\u0171 b\u00fcf\u00e9j\u00e9ben, &#8211; m\u00edg kipihent\u00fck az \u00fat f\u00e1radalmait &#8211; elfogyasztottunk egy-k\u00e9t kors\u00f3 s\u00f6rt, majd le\u00fasztunk a mak\u00f3i strandra.<br>Ez a man\u0151ver akkor is tilos volt, \u00e9s most is szigor\u00faan b\u00fcntetik a t\u00f6rv\u00e9ny megszeg\u0151it.<br>Eddig m\u00e9g b\u00fcntetlen\u00fcl meg\u00fasztuk, \u00e9s csup\u00e1n egyszer fordult el\u0151, hogy a rom\u00e1n hat\u00e1r\u0151r\u00f6k ki akartak parancsolni a v\u00edzb\u0151l, de mi a v\u00edz al\u00e1 bukva el\u00fasztunk a k\u00f6zel\u00fckb\u0151l.<br>A nyolcadik ikszet felv\u00e1ltottam, \u00e9s minden \u00e9vben m\u00e9g most is kac\u00e9rkodom a Maros kih\u00edv\u00e1s\u00e1val, \u00e9s titkon le\u00faszom a r\u00e9gi t\u00e1vot, b\u00edzva abban, hogy nem bukok le, egy v\u00edzirend\u0151ri ellen\u0151rz\u00e9skor.<br>No de, \u201eAddig j\u00e1r a kors\u00f3 a k\u00fatra, m\u00edg teherbe nem seg\u00edti valaki a csel\u00e9dl\u00e1nyt\u201d.<\/p>\n\n\n\n<p class=\"wp-block-paragraph\">Egy k\u00fcl\u00f6n\u00f6sen forr\u00f3 napon m\u00e1r szinte szenvedt\u00fcnk a szomj\u00fas\u00e1gt\u00f3l, mikorra oda\u00e9rt\u00fcnk az ap\u00e1tfalvi strandra.<br>Legnagyobb bossz\u00fas\u00e1gunkra a T\u00f6kh\u00e1z valami\u00e9rt z\u00e1rva volt.<br>Nem volt mit tenn\u00fcnk, mint bes\u00e9t\u00e1lni a falu legk\u00f6zelebbi kocsm\u00e1j\u00e1ba, &#8211; csak \u00fagy f\u00fcrd\u0151nadr\u00e1gban &#8211; ha nem akartuk v\u00e9gigszenvedni a hossz\u00fa v\u00edzi utat.<br>Ahogy ott l\u00f3g\u00f3 orral bandukoltunk, egyszerre csak szembetal\u00e1ltuk magunkat egy halottas kocsival, \u00e9s az \u0151t k\u00f6vet\u0151 gy\u00e1szmenettel.<br>F\u00e9lre\u00e1lltunk \u00e9s sz\u00e9gyenkezve v\u00e1rtuk, m\u00edg elhaladnak mellett\u00fcnk, mik\u00f6zben el kellett viseln\u00fcnk a gy\u00e1szol\u00f3k sz\u00far\u00f3 pillant\u00e1sait, m\u00edg azon gondolkozhattak, vajon honnan ker\u00fcltek ezek a s\u00fcv\u00f6lv\u00e9nyek az utunkba.<\/p>\n\n\n\n<p class=\"wp-block-paragraph\">Fiatals\u00e1gunk nagy sportl\u00e9tes\u00edtm\u00e9ny\u00e9nek sz\u00e1m\u00edtott a L\u00e1btenisz (Teng\u00f3) p\u00e1lya, mely a r\u00e9gi kabinsor el\u0151tt volt kijel\u00f6lve a tetsz\u0151leges m\u00e9ret\u00e9vel, amit egy bot haszn\u00e1lat\u00e1val karcoltunk a f\u00f6ldbe, \u00e9s kezdetben egy pad volt a \u201eh\u00e1l\u00f3\u201d.<br>K\u00e9s\u0151bb a strand vezet\u0151s\u00e9ge kedvezett nek\u00fcnk, \u00e9s egy f\u00e9mb\u0151l k\u00e9sz\u00fclt, h\u00e1l\u00f3t helyettes\u00edt\u0151 fixen r\u00f6gz\u00edtett t\u00e9rf\u00e9lelv\u00e1laszt\u00f3val lepett meg benn\u00fcnket.<br>A p\u00e1lya szinte nyit\u00e1st\u00f3l &#8211; z\u00e1r\u00e1sig foglalt volt, \u00e9s az eg\u00e9sz strandon hallhat\u00f3 volt a j\u00e1t\u00e9k kimenetele a \u201ev\u00e9rig men\u0151\u201d bar\u00e1ti vit\u00e1knak k\u00f6sz\u00f6nhet\u0151en.<\/p>\n\n\n\n<p class=\"wp-block-paragraph\">Mak\u00f3ra ezt a k\u00e9s\u0151bb orsz\u00e1gosan is nagyon n\u00e9pszer\u0171 j\u00e1t\u00e9kot, Dr. Stencki Mikl\u00f3s \u00fcgyv\u00e9d, \u00e9s K\u00e1llai Istv\u00e1n tan\u00e1r hozta egy balatoni nyaral\u00e1suk aj\u00e1nd\u00e9kak\u00e9nt.<br>A szab\u00e1lyok \u00e1lland\u00f3an v\u00e1ltoztak, \u00e9s az \u00faj szab\u00e1lyt mindig az hat\u00e1rozta meg, ami legkedvez\u0151bb eredm\u00e9nyt jelentette Stencki Mic\u00f3nak \u00e9s p\u00e1rj\u00e1nak.<br>\u00dcgyv\u00e9d l\u00e9v\u00e9n brill\u00edrozott a vit\u00e1k saj\u00e1t haszn\u00e1ra t\u00f6rt\u00e9n\u0151 eld\u00f6nt\u00e9se \u00e9rdek\u00e9ben.<br>Legt\u00f6bbsz\u00f6r megnyert\u00e9k a vitacsat\u00e1t is, mivel az ellenfelek feladt\u00e1k a sz\u00f3\u00e1radatok lehengerl\u0151 mivolt\u00e1t. Ezekben a vit\u00e1kban kiemelked\u0151 teljes\u00edtm\u00e9nyt ny\u00fajtott m\u00e9g a sz\u00edvbeteg bankigazgat\u00f3 Somogyi B\u00e9la is, aki a fiatalokat meghazudtol\u00f3 vehemenci\u00e1val k\u00e9pes volt 4-5 meccset egyfolyt\u00e1ban lej\u00e1tszani.<br>Mindk\u00e9t vitabajnok nagy fegyvert\u00e9nye volt a rev\u00e1ns, mindaddig, am\u00edg a v\u00e9gs\u0151 gy\u0151zelem nem az \u0151 javukra d\u0151lt el, \u00e9s nem nekik kellett fizetni a mind\u00f6ssze p\u00e1r forintot \u00e9r\u0151 s\u00f6rt, vagy m\u00e1lnasz\u00f6rp\u00f6t.<br>V\u00e9g\u00fcl is nem a jelent\u00e9ktelen, nevets\u00e9gesen kev\u00e9s \u00f6sszeg\u0171 veres\u00e9g ellen hadakoztak, hanem preszt\u00edzsk\u00e9rd\u00e9st csin\u00e1ltak a gy\u0151zelemb\u0151l!<br>Ma sem tudom eld\u00f6nteni, hogy a teng\u00f3meccsek, vagy a velej\u00e1r\u00f3 vit\u00e1k maradtak meg bennem elevenebben.<br>Egy biztos, ak\u00e1rhogyan is volt, j\u00f3l sz\u00f3rakoztak a j\u00e1t\u00e9kosok is, \u00e9s az \u0151ket k\u00f6r\u00fclvev\u0151 drukkol\u00f3k is, akik n\u00e9ha bizony\u00edtott\u00e1k azt is, amit nem l\u00e1ttak.<br>Nagyj\u00e1b\u00f3l olyan volt ez, mint a mai politikai megnyilv\u00e1nul\u00e1sok!<\/p>\n\n\n\n<p class=\"wp-block-paragraph\">Napjainkban az egykori egyszer\u0171 strand, Kalandparkk\u00e1 v\u00e1ltozott, kultur\u00e1lt k\u00f6rnyezet \u00e9s Gyermekparadicsom lett, ahol kicsik \u2013 nagyok kedv\u00fckre sz\u00f3rakozhatnak, majd a sz\u00ednvonalas \u00e9tteremben, b\u00fcf\u00e9ben ki-ki kedv\u00e9re ehet \u2013 ihat, ha van p\u00e9nze. A mi tiltott j\u00e1t\u00e9kunkat a Maros \u00e1t\u00fasz\u00e1st egy p\u00e1r szem szeder\u00e9rt, felv\u00e1ltotta a k\u00f6t\u00e9lp\u00e1lya, mely nyolc \u2013 t\u00edz m\u00e9ter magasban izgalmas \u00e9lm\u00e9nyben r\u00e9szes\u00edti a l\u00e1tv\u00e1nyra v\u00e1gy\u00f3kat.<\/p>\n\n\n\n<p class=\"wp-block-paragraph\">Fejl\u0151dik a vil\u00e1g, fejl\u0151dnek a szok\u00e1sok, de van, ami \u00e1lland\u00f3sult, amit \u00fagy neveznek: eml\u00e9kek! Ezek megmaradtak, \u00e9s ragaszkodunk is hozz\u00e1, hiszen ez volt a fiatals\u00e1gunk, amit nem lehet visszahozni, nem lehet k\u00e1rp\u00f3tolni, de tudom\u00e1sul kell venn\u00fcnk, ha most gyermekeink, t\u00f6bbet, szebbet kapnak, akkor egykor az \u0151 eml\u00e9k\u00fck szebb, \u00e9s jobb lesz, \u00e9s ugyan \u00fagy ragaszkodni fognak hozz\u00e1, mint ahogyan mi tessz\u00fck most!<\/p>\n","protected":false},"excerpt":{"rendered":"<p>MAROS-PART Kisgyermek korom \u00f3ta, &#8211; amikor ap\u00e1mmal j\u00e1rtunk a Maros-partra &#8211; szerelmese vagyok a mad\u00e1rcsicserg\u00e9st\u0151l hangos foly\u00f3partnak, mely vonz\u00f3d\u00e1som biztos vagyok benne, hogy elk\u00eds\u00e9r \u00e9letem v\u00e9g\u00e9ig.Fiatals\u00e1gom idej\u00e9n, h\u00e9tv\u00e9geken Rutkai S\u00e1ndor buszv\u00e1llalkoz\u00f3, tulajdonos, j\u00e1ratot ind\u00edtott az akkor nagyon n\u00e9pszer\u0171 marosi strandra, ahol a k\u00e1nikul\u00e1k h\u0151s\u00e9g\u00e9ben 3-4ezer ember igyekezett fel\u00fcd\u00fcl\u00e9st keresni a v\u00edzparton.Lelki szemeimmel m\u00e9g most is &#8230; <a title=\"MAROS-PART\" class=\"read-more\" href=\"https:\/\/bozsogiattila.hu\/?p=1533\" aria-label=\"Tov\u00e1bbiak MAROS-PART\">Olvass tov\u00e1bb<\/a><\/p>\n","protected":false},"author":3,"featured_media":0,"comment_status":"open","ping_status":"open","sticky":false,"template":"","format":"standard","meta":{"footnotes":""},"categories":[331],"tags":[],"class_list":["post-1533","post","type-post","status-publish","format-standard","hentry","category-emlkeim"],"yoast_head":"<!-- This site is optimized with the Yoast SEO plugin v21.8 - https:\/\/yoast.com\/wordpress\/plugins\/seo\/ -->\n<title>MAROS-PART - Bozsogi Attila<\/title>\n<meta name=\"robots\" content=\"index, follow, max-snippet:-1, max-image-preview:large, max-video-preview:-1\" \/>\n<link rel=\"canonical\" href=\"https:\/\/bozsogiattila.hu\/?p=1533\" \/>\n<meta property=\"og:locale\" content=\"hu_HU\" \/>\n<meta property=\"og:type\" content=\"article\" \/>\n<meta property=\"og:title\" content=\"MAROS-PART - Bozsogi Attila\" \/>\n<meta property=\"og:description\" content=\"MAROS-PART Kisgyermek korom \u00f3ta, &#8211; amikor ap\u00e1mmal j\u00e1rtunk a Maros-partra &#8211; szerelmese vagyok a mad\u00e1rcsicserg\u00e9st\u0151l hangos foly\u00f3partnak, mely vonz\u00f3d\u00e1som biztos vagyok benne, hogy elk\u00eds\u00e9r \u00e9letem v\u00e9g\u00e9ig.Fiatals\u00e1gom idej\u00e9n, h\u00e9tv\u00e9geken Rutkai S\u00e1ndor buszv\u00e1llalkoz\u00f3, tulajdonos, j\u00e1ratot ind\u00edtott az akkor nagyon n\u00e9pszer\u0171 marosi strandra, ahol a k\u00e1nikul\u00e1k h\u0151s\u00e9g\u00e9ben 3-4ezer ember igyekezett fel\u00fcd\u00fcl\u00e9st keresni a v\u00edzparton.Lelki szemeimmel m\u00e9g most is ... Olvass tov\u00e1bb\" \/>\n<meta property=\"og:url\" content=\"https:\/\/bozsogiattila.hu\/?p=1533\" \/>\n<meta property=\"og:site_name\" content=\"Bozsogi Attila\" \/>\n<meta property=\"article:published_time\" content=\"2024-01-15T18:47:24+00:00\" \/>\n<meta name=\"author\" content=\"Bozsogi Attila\" \/>\n<meta name=\"twitter:card\" content=\"summary_large_image\" \/>\n<meta name=\"twitter:label1\" content=\"Szerz\u0151:\" \/>\n\t<meta name=\"twitter:data1\" content=\"Bozsogi Attila\" \/>\n\t<meta name=\"twitter:label2\" content=\"Becs\u00fclt olvas\u00e1si id\u0151\" \/>\n\t<meta name=\"twitter:data2\" content=\"8 perc\" \/>\n<script type=\"application\/ld+json\" class=\"yoast-schema-graph\">{\"@context\":\"https:\/\/schema.org\",\"@graph\":[{\"@type\":\"WebPage\",\"@id\":\"https:\/\/bozsogiattila.hu\/?p=1533\",\"url\":\"https:\/\/bozsogiattila.hu\/?p=1533\",\"name\":\"MAROS-PART - Bozsogi Attila\",\"isPartOf\":{\"@id\":\"https:\/\/bozsogiattila.hu\/#website\"},\"datePublished\":\"2024-01-15T18:47:24+00:00\",\"dateModified\":\"2024-01-15T18:47:24+00:00\",\"author\":{\"@id\":\"https:\/\/bozsogiattila.hu\/#\/schema\/person\/488c99f554a8c4039201260dd5eb795e\"},\"breadcrumb\":{\"@id\":\"https:\/\/bozsogiattila.hu\/?p=1533#breadcrumb\"},\"inLanguage\":\"hu\",\"potentialAction\":[{\"@type\":\"ReadAction\",\"target\":[\"https:\/\/bozsogiattila.hu\/?p=1533\"]}]},{\"@type\":\"BreadcrumbList\",\"@id\":\"https:\/\/bozsogiattila.hu\/?p=1533#breadcrumb\",\"itemListElement\":[{\"@type\":\"ListItem\",\"position\":1,\"name\":\"Kezd\u0151lap\",\"item\":\"https:\/\/bozsogiattila.hu\/\"},{\"@type\":\"ListItem\",\"position\":2,\"name\":\"MAROS-PART\"}]},{\"@type\":\"WebSite\",\"@id\":\"https:\/\/bozsogiattila.hu\/#website\",\"url\":\"https:\/\/bozsogiattila.hu\/\",\"name\":\"Bozsogi Attila\",\"description\":\"a zen\u00e9sz, \u00edr\u00f3 munk\u00e1ss\u00e1g\u00e1nak \u00e9s a mak\u00f3i muzsikusok eml\u00e9k\u00e9t \u0151rz\u0151 oldal\",\"potentialAction\":[{\"@type\":\"SearchAction\",\"target\":{\"@type\":\"EntryPoint\",\"urlTemplate\":\"https:\/\/bozsogiattila.hu\/?s={search_term_string}\"},\"query-input\":\"required name=search_term_string\"}],\"inLanguage\":\"hu\"},{\"@type\":\"Person\",\"@id\":\"https:\/\/bozsogiattila.hu\/#\/schema\/person\/488c99f554a8c4039201260dd5eb795e\",\"name\":\"Bozsogi Attila\",\"image\":{\"@type\":\"ImageObject\",\"inLanguage\":\"hu\",\"@id\":\"https:\/\/bozsogiattila.hu\/#\/schema\/person\/image\/\",\"url\":\"https:\/\/secure.gravatar.com\/avatar\/7da6b5985e34ed798d1670c54ce7d20e6a53b800bb0c07945c64b09392f3dbfd?s=96&d=mm&r=g\",\"contentUrl\":\"https:\/\/secure.gravatar.com\/avatar\/7da6b5985e34ed798d1670c54ce7d20e6a53b800bb0c07945c64b09392f3dbfd?s=96&d=mm&r=g\",\"caption\":\"Bozsogi Attila\"},\"sameAs\":[\"http:\/\/www.boszogiattila.hu\"],\"url\":\"https:\/\/bozsogiattila.hu\/?author=3\"}]}<\/script>\n<!-- \/ Yoast SEO plugin. -->","yoast_head_json":{"title":"MAROS-PART - Bozsogi Attila","robots":{"index":"index","follow":"follow","max-snippet":"max-snippet:-1","max-image-preview":"max-image-preview:large","max-video-preview":"max-video-preview:-1"},"canonical":"https:\/\/bozsogiattila.hu\/?p=1533","og_locale":"hu_HU","og_type":"article","og_title":"MAROS-PART - Bozsogi Attila","og_description":"MAROS-PART Kisgyermek korom \u00f3ta, &#8211; amikor ap\u00e1mmal j\u00e1rtunk a Maros-partra &#8211; szerelmese vagyok a mad\u00e1rcsicserg\u00e9st\u0151l hangos foly\u00f3partnak, mely vonz\u00f3d\u00e1som biztos vagyok benne, hogy elk\u00eds\u00e9r \u00e9letem v\u00e9g\u00e9ig.Fiatals\u00e1gom idej\u00e9n, h\u00e9tv\u00e9geken Rutkai S\u00e1ndor buszv\u00e1llalkoz\u00f3, tulajdonos, j\u00e1ratot ind\u00edtott az akkor nagyon n\u00e9pszer\u0171 marosi strandra, ahol a k\u00e1nikul\u00e1k h\u0151s\u00e9g\u00e9ben 3-4ezer ember igyekezett fel\u00fcd\u00fcl\u00e9st keresni a v\u00edzparton.Lelki szemeimmel m\u00e9g most is ... Olvass tov\u00e1bb","og_url":"https:\/\/bozsogiattila.hu\/?p=1533","og_site_name":"Bozsogi Attila","article_published_time":"2024-01-15T18:47:24+00:00","author":"Bozsogi Attila","twitter_card":"summary_large_image","twitter_misc":{"Szerz\u0151:":"Bozsogi Attila","Becs\u00fclt olvas\u00e1si id\u0151":"8 perc"},"schema":{"@context":"https:\/\/schema.org","@graph":[{"@type":"WebPage","@id":"https:\/\/bozsogiattila.hu\/?p=1533","url":"https:\/\/bozsogiattila.hu\/?p=1533","name":"MAROS-PART - Bozsogi Attila","isPartOf":{"@id":"https:\/\/bozsogiattila.hu\/#website"},"datePublished":"2024-01-15T18:47:24+00:00","dateModified":"2024-01-15T18:47:24+00:00","author":{"@id":"https:\/\/bozsogiattila.hu\/#\/schema\/person\/488c99f554a8c4039201260dd5eb795e"},"breadcrumb":{"@id":"https:\/\/bozsogiattila.hu\/?p=1533#breadcrumb"},"inLanguage":"hu","potentialAction":[{"@type":"ReadAction","target":["https:\/\/bozsogiattila.hu\/?p=1533"]}]},{"@type":"BreadcrumbList","@id":"https:\/\/bozsogiattila.hu\/?p=1533#breadcrumb","itemListElement":[{"@type":"ListItem","position":1,"name":"Kezd\u0151lap","item":"https:\/\/bozsogiattila.hu\/"},{"@type":"ListItem","position":2,"name":"MAROS-PART"}]},{"@type":"WebSite","@id":"https:\/\/bozsogiattila.hu\/#website","url":"https:\/\/bozsogiattila.hu\/","name":"Bozsogi Attila","description":"a zen\u00e9sz, \u00edr\u00f3 munk\u00e1ss\u00e1g\u00e1nak \u00e9s a mak\u00f3i muzsikusok eml\u00e9k\u00e9t \u0151rz\u0151 oldal","potentialAction":[{"@type":"SearchAction","target":{"@type":"EntryPoint","urlTemplate":"https:\/\/bozsogiattila.hu\/?s={search_term_string}"},"query-input":"required name=search_term_string"}],"inLanguage":"hu"},{"@type":"Person","@id":"https:\/\/bozsogiattila.hu\/#\/schema\/person\/488c99f554a8c4039201260dd5eb795e","name":"Bozsogi Attila","image":{"@type":"ImageObject","inLanguage":"hu","@id":"https:\/\/bozsogiattila.hu\/#\/schema\/person\/image\/","url":"https:\/\/secure.gravatar.com\/avatar\/7da6b5985e34ed798d1670c54ce7d20e6a53b800bb0c07945c64b09392f3dbfd?s=96&d=mm&r=g","contentUrl":"https:\/\/secure.gravatar.com\/avatar\/7da6b5985e34ed798d1670c54ce7d20e6a53b800bb0c07945c64b09392f3dbfd?s=96&d=mm&r=g","caption":"Bozsogi Attila"},"sameAs":["http:\/\/www.boszogiattila.hu"],"url":"https:\/\/bozsogiattila.hu\/?author=3"}]}},"jetpack_featured_media_url":"","_links":{"self":[{"href":"https:\/\/bozsogiattila.hu\/index.php?rest_route=\/wp\/v2\/posts\/1533","targetHints":{"allow":["GET"]}}],"collection":[{"href":"https:\/\/bozsogiattila.hu\/index.php?rest_route=\/wp\/v2\/posts"}],"about":[{"href":"https:\/\/bozsogiattila.hu\/index.php?rest_route=\/wp\/v2\/types\/post"}],"author":[{"embeddable":true,"href":"https:\/\/bozsogiattila.hu\/index.php?rest_route=\/wp\/v2\/users\/3"}],"replies":[{"embeddable":true,"href":"https:\/\/bozsogiattila.hu\/index.php?rest_route=%2Fwp%2Fv2%2Fcomments&post=1533"}],"version-history":[{"count":1,"href":"https:\/\/bozsogiattila.hu\/index.php?rest_route=\/wp\/v2\/posts\/1533\/revisions"}],"predecessor-version":[{"id":1536,"href":"https:\/\/bozsogiattila.hu\/index.php?rest_route=\/wp\/v2\/posts\/1533\/revisions\/1536"}],"wp:attachment":[{"href":"https:\/\/bozsogiattila.hu\/index.php?rest_route=%2Fwp%2Fv2%2Fmedia&parent=1533"}],"wp:term":[{"taxonomy":"category","embeddable":true,"href":"https:\/\/bozsogiattila.hu\/index.php?rest_route=%2Fwp%2Fv2%2Fcategories&post=1533"},{"taxonomy":"post_tag","embeddable":true,"href":"https:\/\/bozsogiattila.hu\/index.php?rest_route=%2Fwp%2Fv2%2Ftags&post=1533"}],"curies":[{"name":"wp","href":"https:\/\/api.w.org\/{rel}","templated":true}]}}