{"id":1537,"date":"2024-01-15T18:57:18","date_gmt":"2024-01-15T18:57:18","guid":{"rendered":"https:\/\/bozsogiattila.hu\/?p=1537"},"modified":"2024-01-15T18:57:19","modified_gmt":"2024-01-15T18:57:19","slug":"az-1956-os-forradalom-es-szabadsagharc","status":"publish","type":"post","link":"https:\/\/bozsogiattila.hu\/?p=1537","title":{"rendered":"AZ 1956-OS FORRADALOM \u00c9S SZABADS\u00c1GHARC"},"content":{"rendered":"\n<p class=\"wp-block-paragraph\">AZ 1956-OS FORRADALOM \u00c9S SZABADS\u00c1GHARC<\/p>\n\n\n\n<p class=\"wp-block-paragraph\">El\u0151zm\u00e9nyek<br>\u25cf 1953. III. 5-\u00e9n meghalt Szt\u00e1lin, az SZKP (Szovjet Kommunista P\u00e1rt) f\u0151titk\u00e1ra, ut\u00f3da 1953-64-ig Nyikita Hruscsov lett. Megkezd\u0151d\u00f6tt a szovjet k\u00fclpolitik\u00e1ban egy nyit\u00e1si, enyh\u00fcl\u00e9si folyamat. Ennek hat\u00e1s\u00e1ra Moszkv\u00e1ba rendelt\u00e9k a magyar vezet\u0151ket, \u00e9s R\u00e1kosit lev\u00e1ltott\u00e1k a minisztereln\u00f6ks\u00e9gr\u0151l (1952-53), helyette 1953-55-ig Nagy Imre lett az \u00faj minisztereln\u00f6k. 1955-ben \u00fajra Moszkv\u00e1ba rendelt\u00e9k a magyar vezet\u0151s\u00e9get, most Nagy Imr\u00e9t marasztalt\u00e1k el. Az \u00faj minisztereln\u00f6k Heged\u0171s Andr\u00e1s lett (1955-56). Hamarosan kider\u00fclt, hogy a szt\u00e1linista vezet\u00e9shez m\u00e1r nem k\u00f6nny\u0171 visszat\u00e9rni.<br>\u25cf 1956 j\u00falius\u00e1ban R\u00e1kosit m\u00e9g az MDP (Magyar Dolgoz\u00f3k P\u00e1rtja) \u00e9l\u00e9r\u0151l is elt\u00e1vol\u00edtott\u00e1k, ut\u00f3da Ger\u0151 Ern\u0151 lett (R\u00e1kosi 4-es fogat\u00e1nak gazdas\u00e1gi ir\u00e1ny\u00edt\u00f3ja).<br>\u25cf 1956 szeptember\u00e9t\u0151l ellenz\u00e9ki p\u00e1rtok h\u00edj\u00e1n, az egyes civil szervez\u0151d\u00e9sek kezdtek er\u0151teljes politiz\u00e1l\u00e1sba az \u00faj vezet\u00e9s ellen. Magyar \u00cdr\u00f3k Sz\u00f6vets\u00e9ge, Pet\u0151fi K\u00f6r, k\u00f6vetelt\u00e9k R\u00e1kosi felel\u0151ss\u00e9gre von\u00e1s\u00e1t \u00e9s Nagy Imre visszat\u00e9r\u00e9s\u00e9t (tiltakoz\u00e1si f\u00f3rumuk: Irodalmi \u00dajs\u00e1g, H\u00e9tf\u0151i H\u00edrlap).<br>\u25cf 1956. okt\u00f3ber 6-\u00e1n \u00fajratemett\u00e9k Rajk L\u00e1szl\u00f3t \u00e9s t\u00e1rsait, az esem\u00e9ny 200 ezer f\u0151s t\u00fcntet\u00e9sbe torkollott, ahol az egyetemist\u00e1k \u00c1VH- \u00e9s szt\u00e1linista-ellenes jelszavakkal l\u00e9ptek fel.<br>\u25cf 1956. okt\u00f3ber 16-\u00e1n, SZEGEDEN megalakult a MEFESZ (Magyar Egyetemi \u00e9s F\u0151iskolai Egyes\u00fcletek Sz\u00f6vets\u00e9ge), az els\u0151 p\u00e1rtt\u00f3l f\u00fcggetlen ifj\u00fas\u00e1gi szervezet.<br>\u25cf 1956. okt\u00f3ber 22-\u00e9n m\u00e1r a bp-i, miskolci, p\u00e9csi \u00e9s soproni egyetemist\u00e1k is gy\u0171l\u00e9seket tartottak \u00e9s csatlakoztak a MEFESZ-hez. A bp-i M\u0171egyetem gy\u0171l\u00e9s\u00e9n a di\u00e1kok 14, ill. 16 pontba foglalt\u00e1k k\u00f6vetel\u00e9seiket, melyek magukban foglalt\u00e1k a t\u00f6bbp\u00e1rtrendszeren alapul\u00f3 demokr\u00e1ci\u00e1t \u00e9s a nemzeti f\u00fcggetlens\u00e9get is. Ezzel a di\u00e1ks\u00e1g programja lett a forradalom programja is egyben. \u00dagy hat\u00e1roztak, hogy m\u00e1snap hangot adnak k\u00f6vetel\u00e9seiknek, \u00e9s szolidarit\u00e1si t\u00fcntet\u00e9st tartanak a lengyelek mellett is. Hozz\u00e1juk csatlakozott a Pet\u0151fi K\u00f6r.<br>A lengyel k\u00e9rd\u00e9s<br>\u25cf Poznanban 50 ezer munk\u00e1s t\u00fcntetett keny\u00e9r\u00e9rt \u00e9s szabad v\u00e1laszt\u00e1sok\u00e9rt. A biztons\u00e1gi er\u0151k sz\u00e9tvert\u00e9k a demonstr\u00e1ci\u00f3t. Megingott a lengyel p\u00e1rtvezet\u00e9s; Gomulka lett a p\u00e1rt els\u0151 embere. Moszkva Gomulka megv\u00e1laszt\u00e1s\u00e1nak eset\u00e9re fegyveres beavatkoz\u00e1st helyezett kil\u00e1t\u00e1sba.<br>Okt\u00f3ber 23-a<br>\u25cf Reggel vissza\u00e9rkezett Jugoszl\u00e1vi\u00e1b\u00f3l a p\u00e1rtvezet\u00e9s, t\u00f6bb mint egy hetet t\u00f6lt\u00f6ttek ott, hogy rendezz\u00e9k a kor\u00e1bbi ellens\u00e9ges viszonyt. A p\u00e1rtvezet\u00e9s el\u0151sz\u00f6r a t\u00fcntet\u00e9s betilt\u00e1sa mellett d\u00f6nt\u00f6tt, de f\u00e9l h\u00e1romkor m\u00e9giscsak enged\u00e9lyezt\u00e9k. Nagy Imre, akit okt. elej\u00e9n visszavettek a p\u00e1rtba, a t\u00fcntet\u00e9s ellen foglalt \u00e1ll\u00e1st.<br>\u25cf D\u00e9lut\u00e1n 3 \u00f3rakor megkezd\u0151d\u00f6tt a t\u00fcntet\u00e9s, k\u00e9t helysz\u00ednen zajlott:<\/p>\n\n\n\n<ul class=\"wp-block-list\">\n<li>Pesten a Pet\u0151fi szoborn\u00e1l (M\u00e1rcius 15-e t\u00e9r) Sinkovits Imre sz\u00ednm\u0171v\u00e9sz elszavalta a Nemzeti dalt \u00e9s f\u00f6lolvast\u00e1k a 16 pontot.<\/li>\n\n\n\n<li>Bud\u00e1n az egyetemist\u00e1k a M\u0171egyetemn\u00e9l gy\u00fclekeztek, \u00e9s a Bem t\u00e9ren egyes\u00fclt a k\u00e9t t\u00fcntet\u00e9s. A Bem-szoborn\u00e1l megsz\u00fcletett a forradalom jelk\u00e9pe: a lyukas nemzeti z\u00e1szl\u00f3, amelyb\u0151l kiv\u00e1gt\u00e1k a szovjet t\u00edpus\u00fa c\u00edmert. Veres P\u00e9ter (Magyar \u00cdr\u00f3k Sz\u00f6vets\u00e9g\u00e9nek eln\u00f6ke) ismertette a Magyar \u00cdr\u00f3k Sz\u00f6vets\u00e9g\u00e9nek ki\u00e1ltv\u00e1ny\u00e1t, \u00e9s Bessenyei Ferenc sz\u00ednm\u0171v\u00e9sz elszavalta a Sz\u00f3zatot. A t\u00fcntet\u0151k a lengyeleket \u00e9ltet\u0151, R\u00e1kosit \u00e9s Ger\u0151t k\u00e1rhoztat\u00f3 jelszavakat ki\u00e1ltoztak, k\u00e9s\u0151bb pedig m\u00e1r a szovjetek kivonul\u00e1s\u00e1t is k\u00f6vetelt\u00e9k.<br>(A t\u00f6rt\u00e9ntekkel egy id\u0151ben Cegl\u00e9d \u00e9s Sz\u00e9kesfeh\u00e9rv\u00e1r fel\u0151l megindultak a szovjet p\u00e1nc\u00e9losok a f\u0151v\u00e1ros fel\u00e9).<\/li>\n\n\n\n<li>A t\u00f6meg a Bem t\u00e9rr\u0151l \u00e1tvonult a Kossuth t\u00e9rre, Nagy Imr\u00e9t akart\u00e1k hallani, aki a p\u00e1rtvezet\u00e9s nyom\u00e1s\u00e1ra (2 \u00f3r\u00e1s v\u00e1rakoz\u00e1s ut\u00e1n) mondott egy, a n\u00e9pnek csal\u00f3d\u00e1st okoz\u00f3 besz\u00e9det, majd hazat\u00e9r\u00e9sre sz\u00f3l\u00edtotta fel, a t\u00f6bb mint 200 ezres t\u00f6meget.<br>A forradalom<br>\u25cf A t\u00fcntet\u0151k egy r\u00e9sze a Kossuth t\u00e9rr\u0151l a Szt\u00e1lin-szoborhoz ment (Felvonul\u00e1si t\u00e9r, D\u00f3zsa Gy\u00f6rgy \u00fat), amit f\u00e9l t\u00edzkor led\u00f6nt\u00f6ttek. A szobrot bevontatt\u00e1k a Blaha Lujza t\u00e9rre, \u00e9s ott sz\u00e9tdarabolt\u00e1k.<br>\u25cf A t\u00fcntet\u0151k m\u00e1sik csoportja a R\u00e1di\u00f3hoz vonult (Br\u00f3dy S\u00e1ndor utca), \u00e9s k\u00f6vetelt\u00e9k a 16 pont beolvas\u00e1s\u00e1t; amit visszautas\u00edtottak. Ger\u0151 este 8 \u00f3rakor provokat\u00edv hang\u00fa besz\u00e9det mondott, melyet a r\u00e1di\u00f3 sug\u00e1rzott. A p\u00e1rtvezet\u00e9s katon\u00e1kat \u00e9s \u00c1VH-sokat vez\u00e9nyelt a R\u00e1di\u00f3 v\u00e9delm\u00e9re. A katon\u00e1k egy r\u00e9sze \u00e1tadta a fegyver\u00e9t, vagy maga is be\u00e1llt a forradalm\u00e1rok k\u00f6z\u00e9. Az \u00c1VH t\u00fczet nyitott a R\u00e1di\u00f3t birtokba venni akar\u00f3 t\u00f6megre. Az \u00e9p\u00fclet a felkel\u0151k kez\u00e9re ker\u00fclt hajnalra. A vezet\u00e9s a r\u00e1di\u00f3ad\u00e1sokat \u00e1thelyezte a Parlamentbe. A p\u00e1rtvezet\u00e9s a t\u00f6rt\u00e9ntek hat\u00e1s\u00e1ra \u00fagy hat\u00e1rozott, hogy ism\u00e9t Nagy Imre lesz a minisztereln\u00f6k. \uf0a0<br>\u25cf Az \u00e9jszaka folyam\u00e1n meg\u00e9rkeztek a p\u00e1nc\u00e9losok, \u00e9s megkezdt\u00e9k a harcot a felkel\u0151kkel. A felkel\u0151k, hogy fegyverhez jussanak laktany\u00e1kat, rend\u0151r\u0151rs\u00f6ket, fegyvergy\u00e1rt\u00f3 \u00fczemeket fosztottak ki, illetve foglaltak el. A Molotov-kokt\u00e9lok alkalmaz\u00e1s\u00e1val sikeresen vett\u00e9k fel a harcot a gyalogs\u00e1gi fedezet n\u00e9lk\u00fcli p\u00e1nc\u00e9losok ellen.<br>\u25cf A forradalom f\u0151bb helysz\u00ednei: Sz\u00e9na t\u00e9r \u2013 Baross t\u00e9r \u2013 Corvin k\u00f6z \u2013 Mester utca \u2013 Angyal utca \u2013 T\u0171zolt\u00f3 utca. A forradalom kiterjedt az eg\u00e9sz orsz\u00e1g ter\u00fclet\u00e9re.<\/li>\n<\/ul>\n\n\n\n<p class=\"wp-block-paragraph\">Okt\u00f3ber 24-e<br>\u25cf A Parlament \u00e9p\u00fclet\u00e9be k\u00f6lt\u00f6ztetett R\u00e1di\u00f3 ellenforradalmi band\u00e1k t\u00e1mad\u00e1s\u00e1r\u00f3l, Nagy Imre minisztereln\u00f6ki kinevez\u00e9s\u00e9r\u0151l \u00e9s a magyar korm\u00e1ny k\u00e9r\u00e9s\u00e9re szovjet alakulatok beavatkoz\u00e1s\u00e1r\u00f3l adott h\u00edrt. A t\u00f6rt\u00e9nteket ellenforradalomnak tekintett\u00e9k.<br>Okt\u00f3ber 25-e<br>\u25cf D\u00e9lel\u0151tt fegyvertelen t\u00fcntet\u0151k vonultak a Parlament el\u00e9, s k\u00f6zben bar\u00e1tkozni kezdtek n\u00e9h\u00e1ny szovjet p\u00e1nc\u00e9los leg\u00e9nys\u00e9g\u00e9vel. 11 \u00f3rakor karhatalmi er\u0151k \u00e9s a szovjet egys\u00e9gek goly\u00f3z\u00e1port z\u00fad\u00edtottak a t\u00fcntet\u0151kre, t\u00f6bb mint 50-en meghaltak, rengeteg volt a sebes\u00fclt. Mindenki biztosra vette, hogy a m\u00e9sz\u00e1rl\u00e1st az \u00c1VH k\u00f6vette el, \u00edgy az ir\u00e1ntuk val\u00f3 gy\u0171l\u00f6let csak fokoz\u00f3dott.<br>\u25cf A szovjet vezet\u00e9s (Budapesten tart\u00f3zkod\u00f3 k\u00e9t magas rang\u00fa tagja: Mikojan \u00e9s Szuszlov) lev\u00e1ltotta Ger\u0151t, \u00e9s K\u00e1d\u00e1r J\u00e1nost helyezt\u00e9k a p\u00e1rt \u00e9l\u00e9re.<br>\u25cf A t\u00fcntet\u0151k a k\u00f6z\u00e9p\u00fcletekr\u0151l elt\u00e1vol\u00edtott\u00e1k a v\u00f6r\u00f6s csillagot \u00e9s a v\u00f6r\u00f6s csillagos c\u00edmert. Egy\u00e9rtelm\u0171 volt, hogy az orsz\u00e1g demokr\u00e1ci\u00e1t \u00e9s f\u00fcggetlens\u00e9get akar.<br>Okt\u00f3ber 26-a<br>\u25cf A harcok kiterjedtek az eg\u00e9sz orsz\u00e1gra. Ekkor volt a mosonmagyar\u00f3v\u00e1ri sort\u0171z, melynek k\u00f6zel 100 hal\u00e1los \u00e1ldozata volt.<br>\u25cf \u00c1ltal\u00e1noss\u00e1 v\u00e1lt a sztr\u00e1jk, a munk\u00e1stan\u00e1csok, forradalmi bizotts\u00e1gok alakultak, amelyek kez\u00fckbe vett\u00e9k a helyi k\u00f6zigazgat\u00e1st.<br>\u25cf Felgyorsult a hadsereg sz\u00e9tes\u00e9se, Mal\u00e9ter P\u00e1l honv\u00e9ds\u00e9gi ezredes (a Kili\u00e1n laktanya parancsnoka) t\u0171zsz\u00fcnetet k\u00f6t\u00f6tt a forradalm\u00e1rokkal.<br>\u25cf A kommunista ellenz\u00e9k k\u00e9t meghat\u00e1roz\u00f3 tagja: Losonczy G\u00e9za \u00e9s Don\u00e1th Ferenc megjelentek a k\u00f6zponti vezet\u0151s\u00e9g \u00fcl\u00e9s\u00e9n, \u00e9s k\u00f6vetelt\u00e9k a t\u00f6rt\u00e9ntek forradalomk\u00e9nt val\u00f3 \u00e9rt\u00e9kel\u00e9s\u00e9t + a korm\u00e1ny k\u00f6ss\u00f6n fegyversz\u00fcnetet a felkel\u0151kkel. Az \u00fcl\u00e9sen r\u00e9sztvev\u0151k ezt elutas\u00edtott\u00e1k, de elfogadt\u00e1k az \u00faj korm\u00e1nylist\u00e1t, mely bizonytalan l\u00e9p\u00e9s volt a koal\u00edci\u00f3 ir\u00e1ny\u00e1ba.<\/p>\n\n\n\n<p class=\"wp-block-paragraph\">A forradalom gy\u0151zelme<br>Okt\u00f3ber 27-e<br>\u25cf Nyilv\u00e1noss\u00e1gra hozt\u00e1k az \u00faj korm\u00e1nyn\u00e9vsort, a k\u00e9t ismert kisgazda politikus (Kov\u00e1cs B\u00e9la \u00e9s Tildy Zolt\u00e1n) bev\u00e9tele a korm\u00e1nyba a k\u00e9sz\u00fcl\u0151d\u0151 politikai fordulat els\u0151 jele volt.<br>\u25cf A harcok orsz\u00e1gszerte tov\u00e1bb folytat\u00f3dtak, felkel\u0151k sz\u00e1zai vesztett\u00e9k \u00e9let\u00fcket. A p\u00e1rtvezet\u00e9s t\u0171zsz\u00fcnetet hat\u00e1rozott el, s a t\u00f6rt\u00e9nteket forradalomnak \u00e9s szabads\u00e1gharcnak nyilv\u00e1n\u00edtotta.<br>Okt\u00f3ber 28-a<br>\u25cf Nagy Imre r\u00e1di\u00f3besz\u00e9det mondott; nemzeti \u00e9s demokratikus mozgalomnak nevezte a t\u00f6rt\u00e9nteket. Bejelentette, hogy a szovjet csapatok elhagyj\u00e1k Budapestet, \u00e9s t\u00e1rgyal\u00e1sok kezd\u0151dnek az orsz\u00e1gb\u00f3l val\u00f3 kivonul\u00e1sukr\u00f3l. Feloszlatj\u00e1k az \u00c1VH-t, amneszti\u00e1t hirdetnek, \u00e9s m\u00e1rcius 15-\u00e9t nemzeti \u00fcnnepp\u00e9 nyilv\u00e1n\u00edtj\u00e1k. \u00cdg\u00e9retet tett a TSZ mozgalom megsz\u00fcntet\u00e9s\u00e9re \u00e9s az \u00e1ltal\u00e1nos fizet\u00e9semel\u00e9sre.<br>\u25cf \u00d6ssze\u00fclt az ENSZ Biztons\u00e1gi Tan\u00e1csa a magyar k\u00e9rd\u00e9s megvitat\u00e1s\u00e1ra. Az ENSZ-ben m\u00e9g sokszor esett sz\u00f3 a magyar forradalomr\u00f3l, de a SZU v\u00e9t\u00f3jog\u00e1val, minden haz\u00e1nkra kedvez\u0151 javaslatot elutas\u00edtott.<br>\u25cf Megalakult a Magyar \u00c9rtelmis\u00e9g Forradalmi Bizotts\u00e1ga (valamennyi jelent\u0151s \u00e9rtelmis\u00e9gi csoportot mag\u00e1ban foglalt) + az Egyetemi Forradalmi Di\u00e1kbizotts\u00e1g is, kezdem\u00e9nyez\u00e9s\u00fckre l\u00e9trehozt\u00e1k a forradalmi korm\u00e1nyhoz h\u0171 karhatalmat, a Nemzet\u0151rs\u00e9get.<br>Okt\u00f3ber 29-e<br>\u25cf Megkezd\u0151d\u00f6tt az \u00c1VH lefegyverz\u00e9se \u00e9s laktany\u00e1inak \u00e1tv\u00e9tele. A rend\u0151rs\u00e9g, a hadsereg \u00e9s a szabads\u00e1gharcosok k\u00e9pvisel\u0151i, l\u00e9trehozt\u00e1k a Forradalmi Katonai Bizotts\u00e1got.<br>A nemzetk\u00f6zi reakci\u00f3k<br>\u25cf Okt\u00f3ber 29-\u00e9n Tito (jugoszl\u00e1v) \u00e9s Gomulka (lengyel) \u00fcdv\u00f6z\u00f6lt\u00e9k a v\u00e1ltoztat\u00e1sokat, b\u00e1r hangot adtak a nemtetsz\u00e9s\u00fcknek is.<br>\u25cf A Szabad Eur\u00f3pa R\u00e1di\u00f3 egy\u00e9rtelm\u0171en b\u00e1tor\u00edtotta a felkel\u0151ket a tov\u00e1bbi harcokra.<br>\u25cf Okt\u00f3ber 29-\u00e9n v\u00e1lt ismertt\u00e9, hogy izraeli csapatok, egyiptomi t\u00e1maszpontokat t\u00e1madtak meg a Szuezi-csatorna t\u00e9rs\u00e9g\u00e9ben.<br>\u25cf Az USA arr\u00f3l t\u00e1j\u00e9koztatta az SZU-t, hogy Mo-ot \u00e9s Lo-ot nem tekinti lehets\u00e9ges katonai sz\u00f6vets\u00e9ges\u00e9nek. Ezt az SZU \u00fagy \u00e9rtelmezte, hogy szabadon beavatkozhat Mo-on.<br>Okt\u00f3ber 30-a<br>\u25cf Nagy Imre r\u00e1di\u00f3besz\u00e9d\u00e9ben bejelentette: az egyp\u00e1rtrendszer megsz\u00fcntet\u00e9s\u00e9t \u00e9s a n\u00e9gyp\u00e1rti koal\u00edci\u00f3 helyre\u00e1ll\u00edt\u00e1s\u00e1t (k\u00e9t munk\u00e1sp\u00e1rt: MDP + MSZDP \u00e9s a k\u00e9t parasztp\u00e1rt: FKGP + NPP). A v\u00e1ltoz\u00e1sok megnyugtatt\u00e1k az orsz\u00e1got, megval\u00f3sultak a forradalmi k\u00f6vetel\u00e9sek.<br>\u25cf Este kiszabad\u00edtott\u00e1k h\u00e1zi \u0151rizet\u00e9b\u0151l Mindszenty J\u00f3zsef b\u00edborost.<br>\u25cf Megb\u00edzt\u00e1k Kir\u00e1ly B\u00e9l\u00e1t, hogy az \u00e1ltala vezetett Forradalmi Karhatalmi Bizotts\u00e1g vonja egys\u00e9ges parancsoks\u00e1g al\u00e1 a hagyom\u00e1nyos fegyveres er\u0151ket (honv\u00e9ds\u00e9g, rend\u0151rs\u00e9g, hat\u00e1r\u0151rs\u00e9g), valamint az egy\u00e9b a forradalom idej\u00e9n szervezett nemzet\u0151rs\u00e9geket.<br>Okt\u00f3ber 31-e<br>\u25cf A korm\u00e1ny bejelentette: t\u00e1rgyal\u00e1sok kezd\u0151dtek a Vars\u00f3i Szerz\u0151d\u00e9sb\u0151l val\u00f3 kil\u00e9p\u00e9sr\u0151l, a szovjet csapatoknak el kell hagyniuk az orsz\u00e1got, okt\u00f3ber 23-\u00e1t nemzeti \u00fcnnepp\u00e9 nyilv\u00e1n\u00edtott\u00e1k.<br>\u25cf Nyilv\u00e1nval\u00f3v\u00e1 v\u00e1lt az is, hogy \u00fajabb szovjet p\u00e1nc\u00e9losok \u00e9rkeznek haz\u00e1nkba, a SZU a Mo elleni katonai beavatkoz\u00e1s mellett d\u00f6nt\u00f6tt.<br>November 1-je<br>\u25cf K\u00f6r\u00fclz\u00e1rt\u00e1k a szovjet p\u00e1nc\u00e9losok a magyar rep\u00fcl\u0151tereket. Nagy Imre magyar\u00e1zatot k\u00e9rt a szovjet nagyk\u00f6vett\u0151l, de tov\u00e1bbra is csak biztons\u00e1gi okokra hivatkoztak. A minisztereln\u00f6k k\u00f6vetelte a csapatok azonnali kivon\u00e1s\u00e1t \u00e9s bejelentette Mo semlegess\u00e9g\u00e9t.<br>\u25cf K\u00e1d\u00e1r megalak\u00edtotta a kommunist\u00e1k \u00faj p\u00e1rtj\u00e1t, az MSZMP-t (Magyar Szocialista Munk\u00e1sp\u00e1rt). Majd Jurij Andropov, szovjet nagyk\u00f6vet utas\u00edt\u00e1s\u00e1ra Moszkv\u00e1ba ment.<br>\u25cf A munk\u00e1stan\u00e1csok a munka felv\u00e9tel\u00e9re sz\u00f3l\u00edtottak fel mindenkit.<br>November 2-a<br>\u25cf (P\u00e9ntek) Elcsendesedtek a harcok, indult a munka \u00e9s a k\u00f6zleked\u00e9s.<br>November 3-a<br>\u25cf \u00c1talak\u00edtott\u00e1k a korm\u00e1nyt, l\u00e9trehoztak egy kib\u0151v\u00edtett, 11 f\u0151s \u00e1llamminiszteri kabinetet (MSZMP, FKGP, MSZDP 3-3, egykori NPP, most Pet\u0151fi P\u00e1rt 2 f\u0151).<br>\u25cf Mal\u00e9ter P\u00e1l (frissen kinevezett honv\u00e9delmi miniszter) vezette magyar k\u00fcld\u00f6tts\u00e9g t\u00e1rgyal\u00e1sokat folytatott a Parlamentben a szovjetekkel csapataik kivon\u00e1s\u00e1r\u00f3l, ez is r\u00e9sze volt a szovjetek f\u00e9lrevezet\u0151 akci\u00f3j\u00e1nak. Majd a k\u00e9s\u0151 esti \u00f3r\u00e1kban a magyar k\u00fcld\u00f6tts\u00e9g T\u00f6k\u00f6lre ment (Magyarorsz\u00e1gi Szovjet Hader\u0151k F\u0151parancsnoks\u00e1ga), hogy ott folytass\u00e1k a t\u00e1rgyal\u00e1sokat.<br>Megtorl\u00e1s \u2013 a m\u00e1sodik szovjet katonai intervenci\u00f3<br>November 4-e<br>\u25cf Hajnalban \u00e1gy\u00fad\u00f6rg\u00e9sre \u00e9bredt a f\u0151v\u00e1ros, a szovjet hader\u0151 hajnali 4 \u00f3rakor t\u00e1mad\u00e1st ind\u00edtott Budapest ellen. Az orsz\u00e1g n\u00e9pe 5 \u00f3ra 20 perckor Nagy Imre dr\u00e1mai r\u00e1di\u00f3sz\u00f3zat\u00e1b\u00f3l \u00e9rtes\u00fclt a t\u00f6rt\u00e9ntekr\u0151l.<br>\u25cf Mal\u00e9ter P\u00e1lt \u00e9s k\u00fcld\u00f6tts\u00e9g\u00e9t \u2013 a nemzetk\u00f6zi hadijog durva megs\u00e9rt\u00e9s\u00e9vel \u2013 letart\u00f3ztatt\u00e1k.<br>\u25cf A jugoszl\u00e1v nagyk\u00f6vet \u00e1tadta a magyar vezet\u0151knek Tito \u00fczenet\u00e9t, melyben mened\u00e9ket aj\u00e1nlott a jugoszl\u00e1v nagyk\u00f6vets\u00e9gen. Tito aj\u00e1nlata k\u00e9tsz\u00edn\u0171 volt, m\u00e9g november 3-\u00e1n egyeztetett Hruscsovval, h a szovjetek katonai beavatkoz\u00e1ssal megd\u00f6ntik a Nagy Imre-korm\u00e1nyt, s \u0151 maga javasolta, hogy K\u00e1d\u00e1r J\u00e1nos legyen az \u00faj korm\u00e1ny eln\u00f6ke.<br>Nagy Imre \u00e9s t\u00e1rsai elfogadt\u00e1k az aj\u00e1nlatot, b\u00edzva Jugoszl\u00e1vi\u00e1ban, de K\u00e1d\u00e1rt nem fogadt\u00e1k el minisztereln\u00f6knek. (November 22-\u00e9n engedt\u00e9k \u0151ket el a nagyk\u00f6vets\u00e9gr\u0151l, majd a szovjetek csal\u00e1djaikkal egy\u00fctt elrabolt\u00e1k, \u00e9s Rom\u00e1ni\u00e1ba hurcolt\u00e1k \u0151ket).<br>\u25cf K\u00e1d\u00e1r lett az \u00faj minisztereln\u00f6k, ismertette ideiglenes Forradalmi Munk\u00e1s-Paraszt korm\u00e1ny\u00e1nak n\u00e9vsor\u00e1t.<br>\u25cf A szovjet alakulatok el\u00e9rt\u00e9k a Parlament \u00e9p\u00fclet\u00e9t, amelyben m\u00e1r csak Bib\u00f3 Istv\u00e1n \u00e1llamminiszter maradt, aki ki\u00e1ltv\u00e1nyt fogalmazott meg \u00e9s igyekezett azt, a nyugati k\u00f6vets\u00e9gekre eljuttatni.<br>\u25cf November 4-9. k\u00f6z\u00f6tt folytat\u00f3dott az ellen\u00e1ll\u00e1s, sokan rem\u00e9nykedtek a nyugati seg\u00edts\u00e9gben.<br>\u25cf November 7-\u00e9n Szolnokr\u00f3l szovjet tankokon meg\u00e9rkezett K\u00e1d\u00e1r \u00e9s korm\u00e1ny\u00e1nak tagjai Budapestre.<br>\u25cf Sorra alakultak az ellen\u00e1ll\u00f3k szervezetei: Nagybudapesti K\u00f6zponti Munk\u00e1stan\u00e1cs (nov. 14), a Magyar \u00c9rtelmis\u00e9g Forradalmi Tan\u00e1csa (nov. 21. Eln\u00f6ke Kod\u00e1ly Zolt\u00e1n), \u00d6sszegyetemi Forradalmi Bizotts\u00e1g (nov. 29.).<br>\u25cf December elej\u00e9n az MSZMP ellenforradalomnak nyilv\u00e1n\u00edtotta az okt\u00f3beri esem\u00e9nyeket, egyre durv\u00e1bban l\u00e9ptek fel a forradalom r\u00e9sztvev\u0151ivel szemben a rendszer fegyveresei, a pufajk\u00e1sok.<br>1957<br>\u25cf Janu\u00e1r: folytat\u00f3dtak a letart\u00f3ztat\u00e1sok \u00e9s megkezd\u0151dtek a kiv\u00e9gz\u00e9sek .<br>\u25cf M\u00e1rcius: K\u00e1d\u00e1r t\u00e1rgyal\u00e1sokat folytatott Moszkv\u00e1ban. Meg\u00e1llapodtak, hogy Nagy Imr\u00e9t \u00e9s t\u00e1rsait b\u00edr\u00f3s\u00e1g el\u00e9 \u00e1ll\u00edtj\u00e1k, cser\u00e9be viszont a szovjetek nem engedik vissza Mo-ra R\u00e1kosit \u00e9s klikkj\u00e9t. (Nagy Imr\u00e9t, Mal\u00e9ter P\u00e1lt \u00e9s t\u00e1rsait 1958. j\u00fanius 16-\u00e1n v\u00e9gezt\u00e9k ki.).<\/p>\n\n\n\n<p class=\"wp-block-paragraph\">\u25cf A vil\u00e1got megd\u00f6bbentette a forradalom szovjet eltipr\u00e1sa \u00e9s a kegyetlen bossz\u00fa\u00e1ll\u00e1s. Alberto Moravia olasz \u00edr\u00f3 azt javasolta, hogy a vil\u00e1g minden f\u0151v\u00e1ros\u00e1ban azt az utc\u00e1t, ahol a szovjet k\u00f6vets\u00e9g tal\u00e1lhat\u00f3, nevezz\u00e9k el \u201eA legyilkolt magyarok utc\u00e1j\u00e1nak\u201d. A forradalmat eltiporta az \u00f6nk\u00e9ny, de m\u00e1r sohasem tudja a forradalom el\u0151tti \u00e1llapotokat vissza\u00e1ll\u00edtani.<\/p>\n","protected":false},"excerpt":{"rendered":"<p>AZ 1956-OS FORRADALOM \u00c9S SZABADS\u00c1GHARC El\u0151zm\u00e9nyek\u25cf 1953. III. 5-\u00e9n meghalt Szt\u00e1lin, az SZKP (Szovjet Kommunista P\u00e1rt) f\u0151titk\u00e1ra, ut\u00f3da 1953-64-ig Nyikita Hruscsov lett. Megkezd\u0151d\u00f6tt a szovjet k\u00fclpolitik\u00e1ban egy nyit\u00e1si, enyh\u00fcl\u00e9si folyamat. Ennek hat\u00e1s\u00e1ra Moszkv\u00e1ba rendelt\u00e9k a magyar vezet\u0151ket, \u00e9s R\u00e1kosit lev\u00e1ltott\u00e1k a minisztereln\u00f6ks\u00e9gr\u0151l (1952-53), helyette 1953-55-ig Nagy Imre lett az \u00faj minisztereln\u00f6k. 1955-ben \u00fajra Moszkv\u00e1ba rendelt\u00e9k &#8230; <a title=\"AZ 1956-OS FORRADALOM \u00c9S SZABADS\u00c1GHARC\" class=\"read-more\" href=\"https:\/\/bozsogiattila.hu\/?p=1537\" aria-label=\"Tov\u00e1bbiak AZ 1956-OS FORRADALOM \u00c9S SZABADS\u00c1GHARC\">Olvass tov\u00e1bb<\/a><\/p>\n","protected":false},"author":3,"featured_media":0,"comment_status":"open","ping_status":"open","sticky":false,"template":"","format":"standard","meta":{"footnotes":""},"categories":[331],"tags":[],"class_list":["post-1537","post","type-post","status-publish","format-standard","hentry","category-emlkeim"],"yoast_head":"<!-- This site is optimized with the Yoast SEO plugin v21.8 - https:\/\/yoast.com\/wordpress\/plugins\/seo\/ -->\n<title>AZ 1956-OS FORRADALOM \u00c9S SZABADS\u00c1GHARC - Bozsogi Attila<\/title>\n<meta name=\"robots\" content=\"index, follow, max-snippet:-1, max-image-preview:large, max-video-preview:-1\" \/>\n<link rel=\"canonical\" href=\"https:\/\/bozsogiattila.hu\/?p=1537\" \/>\n<meta property=\"og:locale\" content=\"hu_HU\" \/>\n<meta property=\"og:type\" content=\"article\" \/>\n<meta property=\"og:title\" content=\"AZ 1956-OS FORRADALOM \u00c9S SZABADS\u00c1GHARC - Bozsogi Attila\" \/>\n<meta property=\"og:description\" content=\"AZ 1956-OS FORRADALOM \u00c9S SZABADS\u00c1GHARC El\u0151zm\u00e9nyek\u25cf 1953. III. 5-\u00e9n meghalt Szt\u00e1lin, az SZKP (Szovjet Kommunista P\u00e1rt) f\u0151titk\u00e1ra, ut\u00f3da 1953-64-ig Nyikita Hruscsov lett. Megkezd\u0151d\u00f6tt a szovjet k\u00fclpolitik\u00e1ban egy nyit\u00e1si, enyh\u00fcl\u00e9si folyamat. Ennek hat\u00e1s\u00e1ra Moszkv\u00e1ba rendelt\u00e9k a magyar vezet\u0151ket, \u00e9s R\u00e1kosit lev\u00e1ltott\u00e1k a minisztereln\u00f6ks\u00e9gr\u0151l (1952-53), helyette 1953-55-ig Nagy Imre lett az \u00faj minisztereln\u00f6k. 1955-ben \u00fajra Moszkv\u00e1ba rendelt\u00e9k ... Olvass tov\u00e1bb\" \/>\n<meta property=\"og:url\" content=\"https:\/\/bozsogiattila.hu\/?p=1537\" \/>\n<meta property=\"og:site_name\" content=\"Bozsogi Attila\" \/>\n<meta property=\"article:published_time\" content=\"2024-01-15T18:57:18+00:00\" \/>\n<meta property=\"article:modified_time\" content=\"2024-01-15T18:57:19+00:00\" \/>\n<meta name=\"author\" content=\"Bozsogi Attila\" \/>\n<meta name=\"twitter:card\" content=\"summary_large_image\" \/>\n<meta name=\"twitter:label1\" content=\"Szerz\u0151:\" \/>\n\t<meta name=\"twitter:data1\" content=\"Bozsogi Attila\" \/>\n\t<meta name=\"twitter:label2\" content=\"Becs\u00fclt olvas\u00e1si id\u0151\" \/>\n\t<meta name=\"twitter:data2\" content=\"14 perc\" \/>\n<script type=\"application\/ld+json\" class=\"yoast-schema-graph\">{\"@context\":\"https:\/\/schema.org\",\"@graph\":[{\"@type\":\"WebPage\",\"@id\":\"https:\/\/bozsogiattila.hu\/?p=1537\",\"url\":\"https:\/\/bozsogiattila.hu\/?p=1537\",\"name\":\"AZ 1956-OS FORRADALOM \u00c9S SZABADS\u00c1GHARC - Bozsogi Attila\",\"isPartOf\":{\"@id\":\"https:\/\/bozsogiattila.hu\/#website\"},\"datePublished\":\"2024-01-15T18:57:18+00:00\",\"dateModified\":\"2024-01-15T18:57:19+00:00\",\"author\":{\"@id\":\"https:\/\/bozsogiattila.hu\/#\/schema\/person\/488c99f554a8c4039201260dd5eb795e\"},\"breadcrumb\":{\"@id\":\"https:\/\/bozsogiattila.hu\/?p=1537#breadcrumb\"},\"inLanguage\":\"hu\",\"potentialAction\":[{\"@type\":\"ReadAction\",\"target\":[\"https:\/\/bozsogiattila.hu\/?p=1537\"]}]},{\"@type\":\"BreadcrumbList\",\"@id\":\"https:\/\/bozsogiattila.hu\/?p=1537#breadcrumb\",\"itemListElement\":[{\"@type\":\"ListItem\",\"position\":1,\"name\":\"Kezd\u0151lap\",\"item\":\"https:\/\/bozsogiattila.hu\/\"},{\"@type\":\"ListItem\",\"position\":2,\"name\":\"AZ 1956-OS FORRADALOM \u00c9S SZABADS\u00c1GHARC\"}]},{\"@type\":\"WebSite\",\"@id\":\"https:\/\/bozsogiattila.hu\/#website\",\"url\":\"https:\/\/bozsogiattila.hu\/\",\"name\":\"Bozsogi Attila\",\"description\":\"a zen\u00e9sz, \u00edr\u00f3 munk\u00e1ss\u00e1g\u00e1nak \u00e9s a mak\u00f3i muzsikusok eml\u00e9k\u00e9t \u0151rz\u0151 oldal\",\"potentialAction\":[{\"@type\":\"SearchAction\",\"target\":{\"@type\":\"EntryPoint\",\"urlTemplate\":\"https:\/\/bozsogiattila.hu\/?s={search_term_string}\"},\"query-input\":\"required name=search_term_string\"}],\"inLanguage\":\"hu\"},{\"@type\":\"Person\",\"@id\":\"https:\/\/bozsogiattila.hu\/#\/schema\/person\/488c99f554a8c4039201260dd5eb795e\",\"name\":\"Bozsogi Attila\",\"image\":{\"@type\":\"ImageObject\",\"inLanguage\":\"hu\",\"@id\":\"https:\/\/bozsogiattila.hu\/#\/schema\/person\/image\/\",\"url\":\"https:\/\/secure.gravatar.com\/avatar\/7da6b5985e34ed798d1670c54ce7d20e6a53b800bb0c07945c64b09392f3dbfd?s=96&d=mm&r=g\",\"contentUrl\":\"https:\/\/secure.gravatar.com\/avatar\/7da6b5985e34ed798d1670c54ce7d20e6a53b800bb0c07945c64b09392f3dbfd?s=96&d=mm&r=g\",\"caption\":\"Bozsogi Attila\"},\"sameAs\":[\"http:\/\/www.boszogiattila.hu\"],\"url\":\"https:\/\/bozsogiattila.hu\/?author=3\"}]}<\/script>\n<!-- \/ Yoast SEO plugin. -->","yoast_head_json":{"title":"AZ 1956-OS FORRADALOM \u00c9S SZABADS\u00c1GHARC - Bozsogi Attila","robots":{"index":"index","follow":"follow","max-snippet":"max-snippet:-1","max-image-preview":"max-image-preview:large","max-video-preview":"max-video-preview:-1"},"canonical":"https:\/\/bozsogiattila.hu\/?p=1537","og_locale":"hu_HU","og_type":"article","og_title":"AZ 1956-OS FORRADALOM \u00c9S SZABADS\u00c1GHARC - Bozsogi Attila","og_description":"AZ 1956-OS FORRADALOM \u00c9S SZABADS\u00c1GHARC El\u0151zm\u00e9nyek\u25cf 1953. III. 5-\u00e9n meghalt Szt\u00e1lin, az SZKP (Szovjet Kommunista P\u00e1rt) f\u0151titk\u00e1ra, ut\u00f3da 1953-64-ig Nyikita Hruscsov lett. Megkezd\u0151d\u00f6tt a szovjet k\u00fclpolitik\u00e1ban egy nyit\u00e1si, enyh\u00fcl\u00e9si folyamat. Ennek hat\u00e1s\u00e1ra Moszkv\u00e1ba rendelt\u00e9k a magyar vezet\u0151ket, \u00e9s R\u00e1kosit lev\u00e1ltott\u00e1k a minisztereln\u00f6ks\u00e9gr\u0151l (1952-53), helyette 1953-55-ig Nagy Imre lett az \u00faj minisztereln\u00f6k. 1955-ben \u00fajra Moszkv\u00e1ba rendelt\u00e9k ... Olvass tov\u00e1bb","og_url":"https:\/\/bozsogiattila.hu\/?p=1537","og_site_name":"Bozsogi Attila","article_published_time":"2024-01-15T18:57:18+00:00","article_modified_time":"2024-01-15T18:57:19+00:00","author":"Bozsogi Attila","twitter_card":"summary_large_image","twitter_misc":{"Szerz\u0151:":"Bozsogi Attila","Becs\u00fclt olvas\u00e1si id\u0151":"14 perc"},"schema":{"@context":"https:\/\/schema.org","@graph":[{"@type":"WebPage","@id":"https:\/\/bozsogiattila.hu\/?p=1537","url":"https:\/\/bozsogiattila.hu\/?p=1537","name":"AZ 1956-OS FORRADALOM \u00c9S SZABADS\u00c1GHARC - Bozsogi Attila","isPartOf":{"@id":"https:\/\/bozsogiattila.hu\/#website"},"datePublished":"2024-01-15T18:57:18+00:00","dateModified":"2024-01-15T18:57:19+00:00","author":{"@id":"https:\/\/bozsogiattila.hu\/#\/schema\/person\/488c99f554a8c4039201260dd5eb795e"},"breadcrumb":{"@id":"https:\/\/bozsogiattila.hu\/?p=1537#breadcrumb"},"inLanguage":"hu","potentialAction":[{"@type":"ReadAction","target":["https:\/\/bozsogiattila.hu\/?p=1537"]}]},{"@type":"BreadcrumbList","@id":"https:\/\/bozsogiattila.hu\/?p=1537#breadcrumb","itemListElement":[{"@type":"ListItem","position":1,"name":"Kezd\u0151lap","item":"https:\/\/bozsogiattila.hu\/"},{"@type":"ListItem","position":2,"name":"AZ 1956-OS FORRADALOM \u00c9S SZABADS\u00c1GHARC"}]},{"@type":"WebSite","@id":"https:\/\/bozsogiattila.hu\/#website","url":"https:\/\/bozsogiattila.hu\/","name":"Bozsogi Attila","description":"a zen\u00e9sz, \u00edr\u00f3 munk\u00e1ss\u00e1g\u00e1nak \u00e9s a mak\u00f3i muzsikusok eml\u00e9k\u00e9t \u0151rz\u0151 oldal","potentialAction":[{"@type":"SearchAction","target":{"@type":"EntryPoint","urlTemplate":"https:\/\/bozsogiattila.hu\/?s={search_term_string}"},"query-input":"required name=search_term_string"}],"inLanguage":"hu"},{"@type":"Person","@id":"https:\/\/bozsogiattila.hu\/#\/schema\/person\/488c99f554a8c4039201260dd5eb795e","name":"Bozsogi Attila","image":{"@type":"ImageObject","inLanguage":"hu","@id":"https:\/\/bozsogiattila.hu\/#\/schema\/person\/image\/","url":"https:\/\/secure.gravatar.com\/avatar\/7da6b5985e34ed798d1670c54ce7d20e6a53b800bb0c07945c64b09392f3dbfd?s=96&d=mm&r=g","contentUrl":"https:\/\/secure.gravatar.com\/avatar\/7da6b5985e34ed798d1670c54ce7d20e6a53b800bb0c07945c64b09392f3dbfd?s=96&d=mm&r=g","caption":"Bozsogi Attila"},"sameAs":["http:\/\/www.boszogiattila.hu"],"url":"https:\/\/bozsogiattila.hu\/?author=3"}]}},"jetpack_featured_media_url":"","_links":{"self":[{"href":"https:\/\/bozsogiattila.hu\/index.php?rest_route=\/wp\/v2\/posts\/1537","targetHints":{"allow":["GET"]}}],"collection":[{"href":"https:\/\/bozsogiattila.hu\/index.php?rest_route=\/wp\/v2\/posts"}],"about":[{"href":"https:\/\/bozsogiattila.hu\/index.php?rest_route=\/wp\/v2\/types\/post"}],"author":[{"embeddable":true,"href":"https:\/\/bozsogiattila.hu\/index.php?rest_route=\/wp\/v2\/users\/3"}],"replies":[{"embeddable":true,"href":"https:\/\/bozsogiattila.hu\/index.php?rest_route=%2Fwp%2Fv2%2Fcomments&post=1537"}],"version-history":[{"count":1,"href":"https:\/\/bozsogiattila.hu\/index.php?rest_route=\/wp\/v2\/posts\/1537\/revisions"}],"predecessor-version":[{"id":1539,"href":"https:\/\/bozsogiattila.hu\/index.php?rest_route=\/wp\/v2\/posts\/1537\/revisions\/1539"}],"wp:attachment":[{"href":"https:\/\/bozsogiattila.hu\/index.php?rest_route=%2Fwp%2Fv2%2Fmedia&parent=1537"}],"wp:term":[{"taxonomy":"category","embeddable":true,"href":"https:\/\/bozsogiattila.hu\/index.php?rest_route=%2Fwp%2Fv2%2Fcategories&post=1537"},{"taxonomy":"post_tag","embeddable":true,"href":"https:\/\/bozsogiattila.hu\/index.php?rest_route=%2Fwp%2Fv2%2Ftags&post=1537"}],"curies":[{"name":"wp","href":"https:\/\/api.w.org\/{rel}","templated":true}]}}