{"id":1540,"date":"2024-01-15T18:59:28","date_gmt":"2024-01-15T18:59:28","guid":{"rendered":"https:\/\/bozsogiattila.hu\/?p=1540"},"modified":"2024-01-16T13:06:37","modified_gmt":"2024-01-16T13:06:37","slug":"1956-makon","status":"publish","type":"post","link":"https:\/\/bozsogiattila.hu\/?p=1540","title":{"rendered":"1956 MAK\u00d3N"},"content":{"rendered":"\n<p class=\"wp-block-paragraph\">1956 MAK\u00d3N<\/p>\n\n\n\n<p class=\"wp-block-paragraph\">Az 1956-os forradalom Mak\u00f3n okt\u00f3ber 26-\u00e1n kezd\u0151d\u00f6tt, amikor a J\u00f3zsef Attila Gimn\u00e1zium lelkes tanul\u00f3inak t\u00fcntet\u00e9se ut\u00e1n a helyiek led\u00f6nt\u00f6tt\u00e9k a szovjet eml\u00e9km\u0171vet.<br>Az eml\u00e9km\u0171 el\u0151tt hatalmas t\u00f6meg gy\u0171lt \u00f6ssze, hossz\u00fa k\u00f6t\u00e9llel, l\u00e9tr\u00e1val felszerelkezve. A k\u00f6telet felk\u00f6t\u00f6tt\u00e9k a szoborra, majd a t\u00f6meg le akarta r\u00e1ntani, de a k\u00f6t\u00e9l csom\u00f3ja kibomlott, \u00e9s eredm\u00e9nytelen lett a pr\u00f3b\u00e1lkoz\u00e1s.<br>Ism\u00e9t felk\u00f6t\u00f6tt\u00e9k a k\u00f6telet, de az eredm\u00e9ny az el\u0151z\u0151h\u00f6z hasonl\u00f3an meghi\u00fasult.<br>Ekkor \u00e9rkezett a t\u00e9rre Marjai S\u00e1ndor villanyszerel\u0151, aki k\u00e9rte, hogy engedj\u00e9k meg neki, hogy felk\u00f6sse a k\u00f6telet, \u00e9s \u00e1ll\u00edtotta, hogy az \u0151 \u00fagynevezett kunk\u00f6t\u00e9se nem fog kibomlani.<br>\u00c1ll\u00edt\u00e1sa igaznak bizonyult, \u00e9s sikeresen led\u00f6nt\u00f6tt\u00e9k a kommunista szimb\u00f3lumk\u00e9nt emlegetett szobrot.<\/p>\n\n\n\n<p class=\"wp-block-paragraph\">Bar\u00e1tom, Enyedi Zolt\u00e1n (k\u00e9s\u0151bb \u00e9vtizedekig a Cs.-m. H\u00edrlap fot\u00f3riportere lett) szenz\u00e1ci\u00f3s k\u00e9psorral \u00f6r\u00f6k\u00edtette meg az esem\u00e9nyt.<br>Az els\u0151 k\u00e9pen \u00e1llt a szobor rajta a k\u00f6t\u00e9llel, a m\u00e1sodik k\u00e9pen 35 fokos sz\u00f6gben m\u00e1r d\u0151lt, de m\u00e9g egyben volt.<br>A harmadik k\u00e9pen 45 fokos sz\u00f6gben darabjaira sz\u00e9thullva a leveg\u0151ben.<br>A negyedik k\u00e9pen a f\u00f6ldre esett szoborelemek voltak l\u00e1that\u00f3k.<br>Mint bar\u00e1tnak nekem megmutatta, de szerencs\u00e9j\u00e9re e m\u0171v\u00e9szi alkot\u00e1sa nem l\u00e1tott napvil\u00e1got, mert k\u00fcl\u00f6nben nagyon meghurcolt\u00e1k volna \u00e9rte.<\/p>\n\n\n\n<p class=\"wp-block-paragraph\">K\u00e9s\u0151bb a t\u00f6meg a Kossuth szoborhoz vonult, ahol Zombori asztalos, \u00e9s (\u0150 k\u00e9sz\u00edtette a B\u00e9rpalota ny\u00edl\u00e1sz\u00e1r\u00f3 szerkezeteit, amelynek a k\u00f6lts\u00e9gvet\u00e9s\u00e9b\u0151l kifelejtette az \u00fcvegez\u00e9st, ez\u00e9rt anyagilag teljesen t\u00f6nkrement \u00e9s vonat el\u00e9 vetette mag\u00e1t, de a vonat csup\u00e1n az egyik l\u00e1b\u00e1t v\u00e1gta le) Kiss Ern\u0151 Szoci\u00e1ldemokrata iparosok mondtak besz\u00e9det, majd a negyedikes gimnazista, Instit\u00f3ris Ildik\u00f3 elszavalta a Kossuth szoborn\u00e1l, Pet\u0151fi S\u00e1ndor: Nemzeti Dal c\u00edm\u0171 vers\u00e9t.<br>Ezt a verset elszavalta m\u00e9g a r\u00e9gi V\u00e1rosh\u00e1za erk\u00e9ly\u00e9n is.<br>K\u00e9s\u0151bb e szavalatai\u00e9rt letart\u00f3ztatt\u00e1k, de mint ahogy egy besz\u00e9lget\u00e9s\u00fcnk alkalm\u00e1val elmondta fizik\u00e1lisan nem b\u00e1ntott\u00e1k.<br>Tett\u00e9\u00e9rt a gimn\u00e1ziumb\u00f3l elt\u00e1vol\u00edtott\u00e1k, \u00e9s csak \u00e9vekkel k\u00e9s\u0151bb tudott le\u00e9retts\u00e9gizni.<br>\u00c9lete v\u00e9g\u00e9ig v\u00e9gigk\u00eds\u00e9rte a megtorl\u00e1s, egyetemre nem vett\u00e9k fel, \u00e9s seg\u00e9dmunk\u00e1sk\u00e9nt volt k\u00e9nytelen \u00e9lni, mivel a k\u00e1derjelent\u00e9s mindenhov\u00e1 elk\u00eds\u00e9rte.<br>Apja bar\u00e1tja K\u0151szegi Mikl\u00f3s \u00fcgyv\u00e9d, hogy tekint\u00e9lyes nevet adjon Ildik\u00f3nak n\u00e9vlegesen feles\u00e9g\u00fcl vette. Az \u00faj n\u00e9vvel Mak\u00f3t\u00f3l t\u00e1vol siker\u00fclt komolyabb \u00e1ll\u00e1st v\u00e1llalnia, de mikor meg\u00e9rkezett a mak\u00f3i inform\u00e1ci\u00f3 r\u00f3la, azonnal elbocs\u00e1tott\u00e1k.<br>A szobord\u00f6nt\u00e9st Gajdos Dezs\u0151 \u00e9p\u00edt\u00e9sz is meg\u00f6r\u00f6k\u00edtette, mely fot\u00f3k a rend\u0151rs\u00e9g kez\u00e9be ker\u00fcltek, de a felel\u0151ss\u00e9gre von\u00e1st meg\u00faszta, mivel azt vallotta a kihallgat\u00e1son: \u201eBiztos volt abban, hogy az impoz\u00e1ns obeliszket helyre kell egyszer majd \u00e1ll\u00edtani, \u00e9s fot\u00f3it ennek \u00e9rdek\u00e9ben k\u00e9sz\u00edtette.\u201d<br>A szobor helyre\u00e1ll\u00edt\u00e1s\u00e1t Gajdos Dezs\u0151 ir\u00e1ny\u00edtotta.<br>-1991. 01. 14-\u00e9n v\u00e9gleg lebontott\u00e1k, \u00e9s jelenleg a M\u00fazeum kertj\u00e9ben van elhelyezve, a hely\u00e9re a II. vil\u00e1gh\u00e1bor\u00fas eml\u00e9km\u0171 ker\u00fclt, mely szobrot tizedesk\u00e9nt emlegetik a Mak\u00f3iak. Alkot\u00f3ja Kiss Jen\u0151 Ferenc mak\u00f3i szobr\u00e1szm\u0171v\u00e9sz &#8211;<\/p>\n\n\n\n<p class=\"wp-block-paragraph\">A t\u00fcntet\u00e9sekbe vegy\u00fclt cs\u0151csel\u00e9k felvonult a b\u00edr\u00f3s\u00e1g el\u00e9, \u00e9s k\u00f6vetelte a politikai foglyok szabadon bocs\u00e1t\u00e1s\u00e1t, (Itt a fogd\u00e1ban soha nem voltak politikai foglyok, csup\u00e1n kisebb b\u0171ncselekm\u00e9nyek elk\u00f6vet\u0151i, akiket az \u00edt\u00e9lethozatal ut\u00e1n b\u00f6rt\u00f6n\u00f6kbe sz\u00e1ll\u00edtottak)<br>D\u00e9lut\u00e1n a rend\u0151rs\u00e9g el\u00e9 vonultak, \u00e9s k\u00f6vetelt\u00e9k Sz\u00e1nt\u00f3, \u00e9s Kov\u00e1cs rend\u0151r\u00f6k kiad\u00e1s\u00e1t.<br>Fazekas Lajos rend\u0151rkapit\u00e1ny a kapit\u00e1nys\u00e1g erk\u00e9ly\u00e9r\u0151l fegyvertelen\u00fcl t\u00e1j\u00e9koztatta a t\u00fcntet\u0151ket, hogy a k\u00e9t rend\u0151rt letart\u00f3ztatt\u00e1k, \u00e9s majd felelni fognak tetteik\u00e9rt.<br>Ezut\u00e1n, k\u00e9rte a t\u00f6meget, hogy menjenek b\u00e9k\u00e9sen haza, minek hat\u00e1s\u00e1ra a t\u00f6meg feloszlott. \u00cdgy megmentette a k\u00e9t rend\u0151r \u00e9let\u00e9t, \u00e9s megakad\u00e1lyozta a v\u00e9ront\u00e1st.<br>Fazekas Lajos rend\u0151rkapit\u00e1nyt k\u00e9s\u0151bb letart\u00f3ztatt\u00e1k, ami\u00e9rt a szabads\u00e1gharc\u00e9rt k\u00fczd\u0151 di\u00e1kok, \u00e9s munk\u00e1sok oldal\u00e1ra \u00e1llt.<br>Szabadul\u00e1sa ut\u00e1n nem t\u00e9rt vissza Mak\u00f3ra.<\/p>\n\n\n\n<p class=\"wp-block-paragraph\">A szobord\u00f6nt\u00e9s k\u00f6vet\u0151en m\u00e1snap az \u00fagynevezett pufajk\u00e1sok a gimn\u00e1zium oszt\u00e1lyait el\u00f6z\u00f6nl\u00f6tt\u00e9k, \u00e9s falhoz \u00e1ll\u00edtva benn\u00fcnket kutat\u00e1st tartottak.<br>T\u00f6bb di\u00e1kot elvittek.<br>D\u00e9gi Gy\u00f6rgy \u00edrt egy verset a szobord\u00f6nt\u00e9sr\u0151l, amit megtal\u00e1ltak n\u00e1la, ami\u00e9rt bevitt\u00e9k a rend\u0151rs\u00e9gre, \u00e9s elmond\u00e1sa alapj\u00e1n nagyon megvert\u00e9k.<br>\u00c9vtizedekkel k\u00e9s\u0151bb Pitvaros polg\u00e1rmestere volt t\u00f6bb ciklusban.<br>Mint a gasztron\u00f3mia nagy h\u00edve, egy alkalommal a mak\u00f3i Hagyma Fesztiv\u00e1lon r\u00e9szt vett a f\u0151z\u0151versenyen, ahol megk\u00edn\u00e1lt f\u0151ztj\u00e9b\u0151l, \u00e9s ekkor megk\u00e9rdeztem, hogy szokott-e m\u00e9g verseket \u00edrni?<br>Az volt az utols\u00f3! \u2013 v\u00e1laszolta. (Eml\u00e9kezve 56-ra)<\/p>\n\n\n\n<p class=\"wp-block-paragraph\">Az esem\u00e9nyek el\u0151rehaladt\u00e1val Munk\u00e1stan\u00e1csok \u00e9s Forradalmi Bizotts\u00e1gok alakultak.<br>A v\u00e1ros ir\u00e1ny\u00edt\u00e1s\u00e1t pedig \u00e1tvette a Nemzeti Bizotts\u00e1g.<br>November 9-\u00e9n 5 szovjet tank \u00e9rkezett d\u00fcb\u00f6r\u00f6gve Mak\u00f3ra, jelezve a szabads\u00e1gharc lever\u00e9s\u00e9t.<br>Megkezd\u0151dtek a felel\u0151ss\u00e9gre von\u00e1sok, \u00e9s D\u00e1vid Imr\u00e9nek (F\u00e9nyk\u00e9p\u00e9sznek) az okt\u00f3beri esem\u00e9nyekr\u0151l k\u00e9sz\u00fclt f\u00e9nyk\u00e9peinek elkobz\u00e1sa ut\u00e1n sok r\u00e9sztvev\u0151 ellen indult per.<br>Di\u00f3h\u00e9jban \u00f6sszefoglalva, Mak\u00f3 a fentiek \u00e9rtelm\u00e9ben vette ki r\u00e9sz\u00e9t a szabads\u00e1gharcb\u00f3l!<\/p>\n\n\n\n<p class=\"wp-block-paragraph\">Az okt\u00f3beri esem\u00e9nyekkel p\u00e1rhuzamosan volt egy csal\u00e1di vonatkoz\u00e1s\u00fa megmozdul\u00e1s is, ugyanis ebben a z\u0171rzavaros id\u0151ben k\u00f6t\u00f6tt h\u00e1zass\u00e1got a n\u0151v\u00e9rem.<br>Az esk\u00fcv\u0151t d\u00e9lel\u0151tt tartott\u00e1k, \u00e9s ezut\u00e1n lakodalomr\u00f3l sz\u00f3 sem lehetett, mivel 17 \u00f3r\u00e1t\u00f3l kij\u00e1r\u00e1si tilalom volt.<\/p>\n\n\n\n<p class=\"wp-block-paragraph\">Gerzanich Elem\u00e9r anyak\u00f6nyvvezet\u0151 alig kezdte el az esket\u00e9st, amikor szovjet tankok \u00e9rkeztek, olyan hatalmas cs\u00f6r\u00f6mp\u00f6l\u00e9ssel, hogy f\u00e9lbe maradt az esk\u00fcv\u0151, \u00e9s mindannyian odament\u00fcnk az ablakokhoz, megn\u00e9zni, hogy mi t\u00f6rt\u00e9nik odaki.<br>A polg\u00e1ri esk\u00fcv\u0151 ut\u00e1n, a Szervita K\u00e1poln\u00e1ban ker\u00fclt sor az egyh\u00e1zi szertart\u00e1sra, ahonnan a mintegy h\u00faszf\u0151s rokons\u00e1ggal k\u00f6z\u00f6sen ment\u00fcnk el csal\u00e1di h\u00e1zunkba, ahol egy \u00fcnnepi eb\u00e9d z\u00e1rta a cerem\u00f3ni\u00e1t, \u00e9s 15.30-kor a H\u00f3dmez\u0151v\u00e1s\u00e1rhelyi vend\u00e9gek, a t\u00e1rsas\u00e1g t\u00f6bb mint a fele k\u00e9nytelen volt t\u00e1vozni, hogy a tilalom el\u0151tt haza\u00e9rjenek.<\/p>\n\n\n\n<p class=\"wp-block-paragraph\">A H\u00f3dmez\u0151v\u00e1s\u00e1rhelyi vend\u00e9gek t\u00e1voz\u00e1sa ut\u00e1n a megmaradt csal\u00e1dtagokkal h\u0151siesen kitartottunk, el\u0151ker\u00fclt a harmonik\u00e1m is, \u00e9s megtartottuk a forradalom egyik legkisebb \u201elakodalm\u00e1t\u201d.<br>A kezdet a lehet\u0151 legrosszabb volt, de h\u00e1bor\u00fas l\u00e9gk\u00f6rben k\u00f6t\u00f6tt frigyb\u0151l v\u00e9g\u00fcl egy boldog, b\u00e9k\u00e9s h\u00e1zass\u00e1g lett.<\/p>\n","protected":false},"excerpt":{"rendered":"<p>1956 MAK\u00d3N Az 1956-os forradalom Mak\u00f3n okt\u00f3ber 26-\u00e1n kezd\u0151d\u00f6tt, amikor a J\u00f3zsef Attila Gimn\u00e1zium lelkes tanul\u00f3inak t\u00fcntet\u00e9se ut\u00e1n a helyiek led\u00f6nt\u00f6tt\u00e9k a szovjet eml\u00e9km\u0171vet.Az eml\u00e9km\u0171 el\u0151tt hatalmas t\u00f6meg gy\u0171lt \u00f6ssze, hossz\u00fa k\u00f6t\u00e9llel, l\u00e9tr\u00e1val felszerelkezve. A k\u00f6telet felk\u00f6t\u00f6tt\u00e9k a szoborra, majd a t\u00f6meg le akarta r\u00e1ntani, de a k\u00f6t\u00e9l csom\u00f3ja kibomlott, \u00e9s eredm\u00e9nytelen lett a pr\u00f3b\u00e1lkoz\u00e1s.Ism\u00e9t &#8230; <a title=\"1956 MAK\u00d3N\" class=\"read-more\" href=\"https:\/\/bozsogiattila.hu\/?p=1540\" aria-label=\"Tov\u00e1bbiak 1956 MAK\u00d3N\">Olvass tov\u00e1bb<\/a><\/p>\n","protected":false},"author":3,"featured_media":0,"comment_status":"open","ping_status":"open","sticky":false,"template":"","format":"standard","meta":{"footnotes":""},"categories":[331],"tags":[],"class_list":["post-1540","post","type-post","status-publish","format-standard","hentry","category-emlkeim"],"yoast_head":"<!-- This site is optimized with the Yoast SEO plugin v21.8 - https:\/\/yoast.com\/wordpress\/plugins\/seo\/ -->\n<title>1956 MAK\u00d3N - Bozsogi Attila<\/title>\n<meta name=\"robots\" content=\"index, follow, max-snippet:-1, max-image-preview:large, max-video-preview:-1\" \/>\n<link rel=\"canonical\" href=\"https:\/\/bozsogiattila.hu\/?p=1540\" \/>\n<meta property=\"og:locale\" content=\"hu_HU\" \/>\n<meta property=\"og:type\" content=\"article\" \/>\n<meta property=\"og:title\" content=\"1956 MAK\u00d3N - Bozsogi Attila\" \/>\n<meta property=\"og:description\" content=\"1956 MAK\u00d3N Az 1956-os forradalom Mak\u00f3n okt\u00f3ber 26-\u00e1n kezd\u0151d\u00f6tt, amikor a J\u00f3zsef Attila Gimn\u00e1zium lelkes tanul\u00f3inak t\u00fcntet\u00e9se ut\u00e1n a helyiek led\u00f6nt\u00f6tt\u00e9k a szovjet eml\u00e9km\u0171vet.Az eml\u00e9km\u0171 el\u0151tt hatalmas t\u00f6meg gy\u0171lt \u00f6ssze, hossz\u00fa k\u00f6t\u00e9llel, l\u00e9tr\u00e1val felszerelkezve. A k\u00f6telet felk\u00f6t\u00f6tt\u00e9k a szoborra, majd a t\u00f6meg le akarta r\u00e1ntani, de a k\u00f6t\u00e9l csom\u00f3ja kibomlott, \u00e9s eredm\u00e9nytelen lett a pr\u00f3b\u00e1lkoz\u00e1s.Ism\u00e9t ... Olvass tov\u00e1bb\" \/>\n<meta property=\"og:url\" content=\"https:\/\/bozsogiattila.hu\/?p=1540\" \/>\n<meta property=\"og:site_name\" content=\"Bozsogi Attila\" \/>\n<meta property=\"article:published_time\" content=\"2024-01-15T18:59:28+00:00\" \/>\n<meta property=\"article:modified_time\" content=\"2024-01-16T13:06:37+00:00\" \/>\n<meta name=\"author\" content=\"Bozsogi Attila\" \/>\n<meta name=\"twitter:card\" content=\"summary_large_image\" \/>\n<meta name=\"twitter:label1\" content=\"Szerz\u0151:\" \/>\n\t<meta name=\"twitter:data1\" content=\"Bozsogi Attila\" \/>\n\t<meta name=\"twitter:label2\" content=\"Becs\u00fclt olvas\u00e1si id\u0151\" \/>\n\t<meta name=\"twitter:data2\" content=\"7 perc\" \/>\n<script type=\"application\/ld+json\" class=\"yoast-schema-graph\">{\"@context\":\"https:\/\/schema.org\",\"@graph\":[{\"@type\":\"WebPage\",\"@id\":\"https:\/\/bozsogiattila.hu\/?p=1540\",\"url\":\"https:\/\/bozsogiattila.hu\/?p=1540\",\"name\":\"1956 MAK\u00d3N - Bozsogi Attila\",\"isPartOf\":{\"@id\":\"https:\/\/bozsogiattila.hu\/#website\"},\"datePublished\":\"2024-01-15T18:59:28+00:00\",\"dateModified\":\"2024-01-16T13:06:37+00:00\",\"author\":{\"@id\":\"https:\/\/bozsogiattila.hu\/#\/schema\/person\/488c99f554a8c4039201260dd5eb795e\"},\"breadcrumb\":{\"@id\":\"https:\/\/bozsogiattila.hu\/?p=1540#breadcrumb\"},\"inLanguage\":\"hu\",\"potentialAction\":[{\"@type\":\"ReadAction\",\"target\":[\"https:\/\/bozsogiattila.hu\/?p=1540\"]}]},{\"@type\":\"BreadcrumbList\",\"@id\":\"https:\/\/bozsogiattila.hu\/?p=1540#breadcrumb\",\"itemListElement\":[{\"@type\":\"ListItem\",\"position\":1,\"name\":\"Kezd\u0151lap\",\"item\":\"https:\/\/bozsogiattila.hu\/\"},{\"@type\":\"ListItem\",\"position\":2,\"name\":\"1956 MAK\u00d3N\"}]},{\"@type\":\"WebSite\",\"@id\":\"https:\/\/bozsogiattila.hu\/#website\",\"url\":\"https:\/\/bozsogiattila.hu\/\",\"name\":\"Bozsogi Attila\",\"description\":\"a zen\u00e9sz, \u00edr\u00f3 munk\u00e1ss\u00e1g\u00e1nak \u00e9s a mak\u00f3i muzsikusok eml\u00e9k\u00e9t \u0151rz\u0151 oldal\",\"potentialAction\":[{\"@type\":\"SearchAction\",\"target\":{\"@type\":\"EntryPoint\",\"urlTemplate\":\"https:\/\/bozsogiattila.hu\/?s={search_term_string}\"},\"query-input\":\"required name=search_term_string\"}],\"inLanguage\":\"hu\"},{\"@type\":\"Person\",\"@id\":\"https:\/\/bozsogiattila.hu\/#\/schema\/person\/488c99f554a8c4039201260dd5eb795e\",\"name\":\"Bozsogi Attila\",\"image\":{\"@type\":\"ImageObject\",\"inLanguage\":\"hu\",\"@id\":\"https:\/\/bozsogiattila.hu\/#\/schema\/person\/image\/\",\"url\":\"https:\/\/secure.gravatar.com\/avatar\/7da6b5985e34ed798d1670c54ce7d20e6a53b800bb0c07945c64b09392f3dbfd?s=96&d=mm&r=g\",\"contentUrl\":\"https:\/\/secure.gravatar.com\/avatar\/7da6b5985e34ed798d1670c54ce7d20e6a53b800bb0c07945c64b09392f3dbfd?s=96&d=mm&r=g\",\"caption\":\"Bozsogi Attila\"},\"sameAs\":[\"http:\/\/www.boszogiattila.hu\"],\"url\":\"https:\/\/bozsogiattila.hu\/?author=3\"}]}<\/script>\n<!-- \/ Yoast SEO plugin. -->","yoast_head_json":{"title":"1956 MAK\u00d3N - Bozsogi Attila","robots":{"index":"index","follow":"follow","max-snippet":"max-snippet:-1","max-image-preview":"max-image-preview:large","max-video-preview":"max-video-preview:-1"},"canonical":"https:\/\/bozsogiattila.hu\/?p=1540","og_locale":"hu_HU","og_type":"article","og_title":"1956 MAK\u00d3N - Bozsogi Attila","og_description":"1956 MAK\u00d3N Az 1956-os forradalom Mak\u00f3n okt\u00f3ber 26-\u00e1n kezd\u0151d\u00f6tt, amikor a J\u00f3zsef Attila Gimn\u00e1zium lelkes tanul\u00f3inak t\u00fcntet\u00e9se ut\u00e1n a helyiek led\u00f6nt\u00f6tt\u00e9k a szovjet eml\u00e9km\u0171vet.Az eml\u00e9km\u0171 el\u0151tt hatalmas t\u00f6meg gy\u0171lt \u00f6ssze, hossz\u00fa k\u00f6t\u00e9llel, l\u00e9tr\u00e1val felszerelkezve. A k\u00f6telet felk\u00f6t\u00f6tt\u00e9k a szoborra, majd a t\u00f6meg le akarta r\u00e1ntani, de a k\u00f6t\u00e9l csom\u00f3ja kibomlott, \u00e9s eredm\u00e9nytelen lett a pr\u00f3b\u00e1lkoz\u00e1s.Ism\u00e9t ... Olvass tov\u00e1bb","og_url":"https:\/\/bozsogiattila.hu\/?p=1540","og_site_name":"Bozsogi Attila","article_published_time":"2024-01-15T18:59:28+00:00","article_modified_time":"2024-01-16T13:06:37+00:00","author":"Bozsogi Attila","twitter_card":"summary_large_image","twitter_misc":{"Szerz\u0151:":"Bozsogi Attila","Becs\u00fclt olvas\u00e1si id\u0151":"7 perc"},"schema":{"@context":"https:\/\/schema.org","@graph":[{"@type":"WebPage","@id":"https:\/\/bozsogiattila.hu\/?p=1540","url":"https:\/\/bozsogiattila.hu\/?p=1540","name":"1956 MAK\u00d3N - Bozsogi Attila","isPartOf":{"@id":"https:\/\/bozsogiattila.hu\/#website"},"datePublished":"2024-01-15T18:59:28+00:00","dateModified":"2024-01-16T13:06:37+00:00","author":{"@id":"https:\/\/bozsogiattila.hu\/#\/schema\/person\/488c99f554a8c4039201260dd5eb795e"},"breadcrumb":{"@id":"https:\/\/bozsogiattila.hu\/?p=1540#breadcrumb"},"inLanguage":"hu","potentialAction":[{"@type":"ReadAction","target":["https:\/\/bozsogiattila.hu\/?p=1540"]}]},{"@type":"BreadcrumbList","@id":"https:\/\/bozsogiattila.hu\/?p=1540#breadcrumb","itemListElement":[{"@type":"ListItem","position":1,"name":"Kezd\u0151lap","item":"https:\/\/bozsogiattila.hu\/"},{"@type":"ListItem","position":2,"name":"1956 MAK\u00d3N"}]},{"@type":"WebSite","@id":"https:\/\/bozsogiattila.hu\/#website","url":"https:\/\/bozsogiattila.hu\/","name":"Bozsogi Attila","description":"a zen\u00e9sz, \u00edr\u00f3 munk\u00e1ss\u00e1g\u00e1nak \u00e9s a mak\u00f3i muzsikusok eml\u00e9k\u00e9t \u0151rz\u0151 oldal","potentialAction":[{"@type":"SearchAction","target":{"@type":"EntryPoint","urlTemplate":"https:\/\/bozsogiattila.hu\/?s={search_term_string}"},"query-input":"required name=search_term_string"}],"inLanguage":"hu"},{"@type":"Person","@id":"https:\/\/bozsogiattila.hu\/#\/schema\/person\/488c99f554a8c4039201260dd5eb795e","name":"Bozsogi Attila","image":{"@type":"ImageObject","inLanguage":"hu","@id":"https:\/\/bozsogiattila.hu\/#\/schema\/person\/image\/","url":"https:\/\/secure.gravatar.com\/avatar\/7da6b5985e34ed798d1670c54ce7d20e6a53b800bb0c07945c64b09392f3dbfd?s=96&d=mm&r=g","contentUrl":"https:\/\/secure.gravatar.com\/avatar\/7da6b5985e34ed798d1670c54ce7d20e6a53b800bb0c07945c64b09392f3dbfd?s=96&d=mm&r=g","caption":"Bozsogi Attila"},"sameAs":["http:\/\/www.boszogiattila.hu"],"url":"https:\/\/bozsogiattila.hu\/?author=3"}]}},"jetpack_featured_media_url":"","_links":{"self":[{"href":"https:\/\/bozsogiattila.hu\/index.php?rest_route=\/wp\/v2\/posts\/1540","targetHints":{"allow":["GET"]}}],"collection":[{"href":"https:\/\/bozsogiattila.hu\/index.php?rest_route=\/wp\/v2\/posts"}],"about":[{"href":"https:\/\/bozsogiattila.hu\/index.php?rest_route=\/wp\/v2\/types\/post"}],"author":[{"embeddable":true,"href":"https:\/\/bozsogiattila.hu\/index.php?rest_route=\/wp\/v2\/users\/3"}],"replies":[{"embeddable":true,"href":"https:\/\/bozsogiattila.hu\/index.php?rest_route=%2Fwp%2Fv2%2Fcomments&post=1540"}],"version-history":[{"count":1,"href":"https:\/\/bozsogiattila.hu\/index.php?rest_route=\/wp\/v2\/posts\/1540\/revisions"}],"predecessor-version":[{"id":1541,"href":"https:\/\/bozsogiattila.hu\/index.php?rest_route=\/wp\/v2\/posts\/1540\/revisions\/1541"}],"wp:attachment":[{"href":"https:\/\/bozsogiattila.hu\/index.php?rest_route=%2Fwp%2Fv2%2Fmedia&parent=1540"}],"wp:term":[{"taxonomy":"category","embeddable":true,"href":"https:\/\/bozsogiattila.hu\/index.php?rest_route=%2Fwp%2Fv2%2Fcategories&post=1540"},{"taxonomy":"post_tag","embeddable":true,"href":"https:\/\/bozsogiattila.hu\/index.php?rest_route=%2Fwp%2Fv2%2Ftags&post=1540"}],"curies":[{"name":"wp","href":"https:\/\/api.w.org\/{rel}","templated":true}]}}