{"id":1543,"date":"2024-01-15T19:02:55","date_gmt":"2024-01-15T19:02:55","guid":{"rendered":"https:\/\/bozsogiattila.hu\/?p=1543"},"modified":"2024-01-15T19:02:55","modified_gmt":"2024-01-15T19:02:55","slug":"udvarhelyi-eva","status":"publish","type":"post","link":"https:\/\/bozsogiattila.hu\/?p=1543","title":{"rendered":"UDVARHELYI \u00c9VA"},"content":{"rendered":"\n<p class=\"wp-block-paragraph\">EPIZ\u00d3DOK<\/p>\n\n\n\n<p class=\"wp-block-paragraph\">UDVARHELYI \u00c9VA<\/p>\n\n\n\n<p class=\"wp-block-paragraph\">Gy\u00f6ny\u00f6r\u0171 \u0151szi naps\u00fct\u00e9sben, f\u00e1j\u00f3 sz\u00edvvel mondtunk b\u00facs\u00fat a mindig r\u00f6vid ny\u00e1ri sz\u00fcnett\u0151l, amikor elfoglaltuk hely\u00fcnket a gimn\u00e1zium harmadik oszt\u00e1ly\u00e1ban \u00e9s elkezd\u0151d\u00f6tt az \u00faj tan\u00e9v.<br>Mind\u00f6ssze k\u00e9t napja j\u00e1rtunk iskol\u00e1ba, amikor a m\u00e1sodik emeleti l\u00e9pcs\u0151r\u0151l el\u00e9m kanyarodott egy sz\u00e9pl\u00e1ny, akin a meleg \u0151szi ny\u00e1rnak k\u00f6sz\u00f6nhet\u0151en, egy kiss\u00e9 mer\u00e9szen kiv\u00e1gott bl\u00faz volt.<br>A pik\u00e1ns \u00f6lt\u00f6zetet, \u00e9s telt kebleit kamasz k\u00edv\u00e1ncsis\u00e1ggal vettem \u00e9szre, \u00e9s a l\u00e1tottakat m\u00e9ltatva kedves hangon megjegyeztem: Sz\u00e9pek a dud\u00e1id!<br>A l\u00e1ny r\u00e1m sem n\u00e9zett, hanem a kez\u00e9ben l\u00e9v\u0151 f\u00fczetet l\u00f3b\u00e1lva tov\u00e1bbhaladt a foly\u00f3s\u00f3n.<\/p>\n\n\n\n<p class=\"wp-block-paragraph\">M\u00e1snap d\u00e9lel\u0151tt a hossz\u00fasz\u00fcnet ut\u00e1n ny\u00edlt az oszt\u00e1lyajt\u00f3, \u00e9s bel\u00e9pett a tegnapi l\u00e1ny, &#8211; de m\u00e1r nem a kiv\u00e1gott bl\u00faz\u00e1ban \u2013 kez\u00e9ben a napl\u00f3val.<br>\u0150 lehetett 22 \u00e9ves, \u00e9n meg 18 voltam.<br>Letette a napl\u00f3t a tan\u00e1ri asztalra, \u00e9s a t\u00e1bl\u00e1hoz l\u00e9pve fel\u00edrta: Udvarhelyi \u00c9va.<br>Majd az oszt\u00e1ly fel\u00e9 fordulva sz\u00f3ban is megism\u00e9telte a nev\u00e9t, \u00e9s bejelentette, hogy biol\u00f3gi\u00e1t fog tan\u00edtani.<br>Ezut\u00e1n sorban mindenki fel\u00e1llt, \u00e9s bemutatkoztunk.<br>Mikor r\u00e1m ker\u00fclt a sor, \u00e9s a nevemet megmondtam, &#8211; mosolyogva megjegyezte: mag\u00e1val m\u00e1r tal\u00e1lkoztunk.<br>K\u00e9nyszeredetten visszamosolyogtam, \u00e9s b\u00f3lintva mondtam: Igen.<br>Az elk\u00f6vetkez\u0151kben soha nem eml\u00edtette meg pimaszs\u00e1gomat, csup\u00e1n azzal jelezte ir\u00e1ntam \u00e9rzett bizalmatlans\u00e1g\u00e1t, hogy \u00e9n voltam az oszt\u00e1lyban az egyetlen, akit v\u00e9letlen\u00fcl sem tegezett le.<\/p>\n\n\n\n<p class=\"wp-block-paragraph\">A tan\u00e1rn\u0151 k\u00e9r\u00e9s\u00e9re, az egyik \u00f3r\u00e1ra Kelemen Pista egy hatalmas kecskeb\u00e9k\u00e1t hozott. A tan\u00e1rn\u0151 a b\u00e9ka k\u00e9t h\u00e1ts\u00f3l\u00e1b\u00e1t \u00f6sszefogta, mint ahogy a ty\u00fakok l\u00e1b\u00e1t szokt\u00e1k, \u00e9s a b\u00e9k\u00e1t a h\u00e1t\u00e1ra fektette, majd folyamatosan simogatta a has\u00e1t. A b\u00e9ka r\u00f6vid id\u0151 alatt, hipnotikus m\u00e9ly \u00e1lomba ker\u00fclt. Ekkor r\u00e9snyire ny\u00edlt az ajt\u00f3, \u00e9s valaki beintett a tan\u00e1rn\u0151nek, aki a brekit elengedve kiment a folyos\u00f3ra.<br>\u00c9n a m\u00e1sodik padban \u00fcltem, \u00e9s meguntam a b\u00e9ka szuny\u00f3k\u00e1l\u00e1s\u00e1t, \u00e9s visszaford\u00edtottam a has\u00e1ra. A brekencs fel\u00e9bredt \u00e9s menek\u00fcl\u0151re fogva, hatalmas ugr\u00e1sokkal az oszt\u00e1lyt\u00e1rsaim k\u00f6zz\u00e9 vetette mag\u00e1t. A l\u00e1nyok a pad tetej\u00e9re ugorva sivalkodtak, mint egy v\u00e1laszt\u00e1si malac. E ricsajra ny\u00edlt ism\u00e9t az ajt\u00f3, \u00e9s bel\u00e9pett a tan\u00e1rn\u0151, Marczis Vilmos igazgat\u00f3 \u00farral. Csup\u00e1n egy k\u00e9rd\u00e9s a tan\u00e1rn\u0151t\u0151l: \u201eKi ford\u00edtotta meg a b\u00e9k\u00e1t?\u201d \u00c9n haboz\u00e1s n\u00e9lk\u00fcl jelentkeztem. Majd az igazgat\u00f3 \u00far k\u00eds\u00e9ret\u00e9vel, ellen\u0151rz\u0151mmel kezemben, az igazgat\u00f3iba mentem. Botr\u00e1nyokoz\u00e1s \u00e9s f\u00e9lelemkelt\u00e9s c\u00edm\u00e9n igazgat\u00f3i megrov\u00e1sban r\u00e9szes\u00fcltem. A tan\u00e1rn\u0151 csak annyit mondott, mikor megmutattam az ellen\u0151rz\u0151m: \u201d\u00c9n ezt nem akartam volna\u201d.<\/p>\n\n\n\n<p class=\"wp-block-paragraph\">Mintegy k\u00e9t h\u00f3napig tan\u00edtott benn\u00fcnket, majd elhelyezt\u00e9k valahov\u00e1, \u00e9s sohasem hallottunk r\u00f3la t\u00f6bb\u00e9. Lehet, hogy szem\u00e9lyemre ugyan\u00fagy eml\u00e9kezett m\u00e9g nagyon sok\u00e1, mint \u00e9n a csinos tan\u00e1rn\u0151re!<\/p>\n","protected":false},"excerpt":{"rendered":"<p>EPIZ\u00d3DOK UDVARHELYI \u00c9VA Gy\u00f6ny\u00f6r\u0171 \u0151szi naps\u00fct\u00e9sben, f\u00e1j\u00f3 sz\u00edvvel mondtunk b\u00facs\u00fat a mindig r\u00f6vid ny\u00e1ri sz\u00fcnett\u0151l, amikor elfoglaltuk hely\u00fcnket a gimn\u00e1zium harmadik oszt\u00e1ly\u00e1ban \u00e9s elkezd\u0151d\u00f6tt az \u00faj tan\u00e9v.Mind\u00f6ssze k\u00e9t napja j\u00e1rtunk iskol\u00e1ba, amikor a m\u00e1sodik emeleti l\u00e9pcs\u0151r\u0151l el\u00e9m kanyarodott egy sz\u00e9pl\u00e1ny, akin a meleg \u0151szi ny\u00e1rnak k\u00f6sz\u00f6nhet\u0151en, egy kiss\u00e9 mer\u00e9szen kiv\u00e1gott bl\u00faz volt.A pik\u00e1ns \u00f6lt\u00f6zetet, \u00e9s &#8230; <a title=\"UDVARHELYI \u00c9VA\" class=\"read-more\" href=\"https:\/\/bozsogiattila.hu\/?p=1543\" aria-label=\"Tov\u00e1bbiak UDVARHELYI \u00c9VA\">Olvass tov\u00e1bb<\/a><\/p>\n","protected":false},"author":3,"featured_media":0,"comment_status":"open","ping_status":"open","sticky":false,"template":"","format":"standard","meta":{"footnotes":""},"categories":[331],"tags":[],"class_list":["post-1543","post","type-post","status-publish","format-standard","hentry","category-emlkeim"],"yoast_head":"<!-- This site is optimized with the Yoast SEO plugin v21.8 - https:\/\/yoast.com\/wordpress\/plugins\/seo\/ -->\n<title>UDVARHELYI \u00c9VA - Bozsogi Attila<\/title>\n<meta name=\"robots\" content=\"index, follow, max-snippet:-1, max-image-preview:large, max-video-preview:-1\" \/>\n<link rel=\"canonical\" href=\"https:\/\/bozsogiattila.hu\/?p=1543\" \/>\n<meta property=\"og:locale\" content=\"hu_HU\" \/>\n<meta property=\"og:type\" content=\"article\" \/>\n<meta property=\"og:title\" content=\"UDVARHELYI \u00c9VA - Bozsogi Attila\" \/>\n<meta property=\"og:description\" content=\"EPIZ\u00d3DOK UDVARHELYI \u00c9VA Gy\u00f6ny\u00f6r\u0171 \u0151szi naps\u00fct\u00e9sben, f\u00e1j\u00f3 sz\u00edvvel mondtunk b\u00facs\u00fat a mindig r\u00f6vid ny\u00e1ri sz\u00fcnett\u0151l, amikor elfoglaltuk hely\u00fcnket a gimn\u00e1zium harmadik oszt\u00e1ly\u00e1ban \u00e9s elkezd\u0151d\u00f6tt az \u00faj tan\u00e9v.Mind\u00f6ssze k\u00e9t napja j\u00e1rtunk iskol\u00e1ba, amikor a m\u00e1sodik emeleti l\u00e9pcs\u0151r\u0151l el\u00e9m kanyarodott egy sz\u00e9pl\u00e1ny, akin a meleg \u0151szi ny\u00e1rnak k\u00f6sz\u00f6nhet\u0151en, egy kiss\u00e9 mer\u00e9szen kiv\u00e1gott bl\u00faz volt.A pik\u00e1ns \u00f6lt\u00f6zetet, \u00e9s ... Olvass tov\u00e1bb\" \/>\n<meta property=\"og:url\" content=\"https:\/\/bozsogiattila.hu\/?p=1543\" \/>\n<meta property=\"og:site_name\" content=\"Bozsogi Attila\" \/>\n<meta property=\"article:published_time\" content=\"2024-01-15T19:02:55+00:00\" \/>\n<meta name=\"author\" content=\"Bozsogi Attila\" \/>\n<meta name=\"twitter:card\" content=\"summary_large_image\" \/>\n<meta name=\"twitter:label1\" content=\"Szerz\u0151:\" \/>\n\t<meta name=\"twitter:data1\" content=\"Bozsogi Attila\" \/>\n\t<meta name=\"twitter:label2\" content=\"Becs\u00fclt olvas\u00e1si id\u0151\" \/>\n\t<meta name=\"twitter:data2\" content=\"3 perc\" \/>\n<script type=\"application\/ld+json\" class=\"yoast-schema-graph\">{\"@context\":\"https:\/\/schema.org\",\"@graph\":[{\"@type\":\"WebPage\",\"@id\":\"https:\/\/bozsogiattila.hu\/?p=1543\",\"url\":\"https:\/\/bozsogiattila.hu\/?p=1543\",\"name\":\"UDVARHELYI \u00c9VA - Bozsogi Attila\",\"isPartOf\":{\"@id\":\"https:\/\/bozsogiattila.hu\/#website\"},\"datePublished\":\"2024-01-15T19:02:55+00:00\",\"dateModified\":\"2024-01-15T19:02:55+00:00\",\"author\":{\"@id\":\"https:\/\/bozsogiattila.hu\/#\/schema\/person\/488c99f554a8c4039201260dd5eb795e\"},\"breadcrumb\":{\"@id\":\"https:\/\/bozsogiattila.hu\/?p=1543#breadcrumb\"},\"inLanguage\":\"hu\",\"potentialAction\":[{\"@type\":\"ReadAction\",\"target\":[\"https:\/\/bozsogiattila.hu\/?p=1543\"]}]},{\"@type\":\"BreadcrumbList\",\"@id\":\"https:\/\/bozsogiattila.hu\/?p=1543#breadcrumb\",\"itemListElement\":[{\"@type\":\"ListItem\",\"position\":1,\"name\":\"Kezd\u0151lap\",\"item\":\"https:\/\/bozsogiattila.hu\/\"},{\"@type\":\"ListItem\",\"position\":2,\"name\":\"UDVARHELYI \u00c9VA\"}]},{\"@type\":\"WebSite\",\"@id\":\"https:\/\/bozsogiattila.hu\/#website\",\"url\":\"https:\/\/bozsogiattila.hu\/\",\"name\":\"Bozsogi Attila\",\"description\":\"a zen\u00e9sz, \u00edr\u00f3 munk\u00e1ss\u00e1g\u00e1nak \u00e9s a mak\u00f3i muzsikusok eml\u00e9k\u00e9t \u0151rz\u0151 oldal\",\"potentialAction\":[{\"@type\":\"SearchAction\",\"target\":{\"@type\":\"EntryPoint\",\"urlTemplate\":\"https:\/\/bozsogiattila.hu\/?s={search_term_string}\"},\"query-input\":\"required name=search_term_string\"}],\"inLanguage\":\"hu\"},{\"@type\":\"Person\",\"@id\":\"https:\/\/bozsogiattila.hu\/#\/schema\/person\/488c99f554a8c4039201260dd5eb795e\",\"name\":\"Bozsogi Attila\",\"image\":{\"@type\":\"ImageObject\",\"inLanguage\":\"hu\",\"@id\":\"https:\/\/bozsogiattila.hu\/#\/schema\/person\/image\/\",\"url\":\"https:\/\/secure.gravatar.com\/avatar\/7da6b5985e34ed798d1670c54ce7d20e6a53b800bb0c07945c64b09392f3dbfd?s=96&d=mm&r=g\",\"contentUrl\":\"https:\/\/secure.gravatar.com\/avatar\/7da6b5985e34ed798d1670c54ce7d20e6a53b800bb0c07945c64b09392f3dbfd?s=96&d=mm&r=g\",\"caption\":\"Bozsogi Attila\"},\"sameAs\":[\"http:\/\/www.boszogiattila.hu\"],\"url\":\"https:\/\/bozsogiattila.hu\/?author=3\"}]}<\/script>\n<!-- \/ Yoast SEO plugin. -->","yoast_head_json":{"title":"UDVARHELYI \u00c9VA - Bozsogi Attila","robots":{"index":"index","follow":"follow","max-snippet":"max-snippet:-1","max-image-preview":"max-image-preview:large","max-video-preview":"max-video-preview:-1"},"canonical":"https:\/\/bozsogiattila.hu\/?p=1543","og_locale":"hu_HU","og_type":"article","og_title":"UDVARHELYI \u00c9VA - Bozsogi Attila","og_description":"EPIZ\u00d3DOK UDVARHELYI \u00c9VA Gy\u00f6ny\u00f6r\u0171 \u0151szi naps\u00fct\u00e9sben, f\u00e1j\u00f3 sz\u00edvvel mondtunk b\u00facs\u00fat a mindig r\u00f6vid ny\u00e1ri sz\u00fcnett\u0151l, amikor elfoglaltuk hely\u00fcnket a gimn\u00e1zium harmadik oszt\u00e1ly\u00e1ban \u00e9s elkezd\u0151d\u00f6tt az \u00faj tan\u00e9v.Mind\u00f6ssze k\u00e9t napja j\u00e1rtunk iskol\u00e1ba, amikor a m\u00e1sodik emeleti l\u00e9pcs\u0151r\u0151l el\u00e9m kanyarodott egy sz\u00e9pl\u00e1ny, akin a meleg \u0151szi ny\u00e1rnak k\u00f6sz\u00f6nhet\u0151en, egy kiss\u00e9 mer\u00e9szen kiv\u00e1gott bl\u00faz volt.A pik\u00e1ns \u00f6lt\u00f6zetet, \u00e9s ... Olvass tov\u00e1bb","og_url":"https:\/\/bozsogiattila.hu\/?p=1543","og_site_name":"Bozsogi Attila","article_published_time":"2024-01-15T19:02:55+00:00","author":"Bozsogi Attila","twitter_card":"summary_large_image","twitter_misc":{"Szerz\u0151:":"Bozsogi Attila","Becs\u00fclt olvas\u00e1si id\u0151":"3 perc"},"schema":{"@context":"https:\/\/schema.org","@graph":[{"@type":"WebPage","@id":"https:\/\/bozsogiattila.hu\/?p=1543","url":"https:\/\/bozsogiattila.hu\/?p=1543","name":"UDVARHELYI \u00c9VA - Bozsogi Attila","isPartOf":{"@id":"https:\/\/bozsogiattila.hu\/#website"},"datePublished":"2024-01-15T19:02:55+00:00","dateModified":"2024-01-15T19:02:55+00:00","author":{"@id":"https:\/\/bozsogiattila.hu\/#\/schema\/person\/488c99f554a8c4039201260dd5eb795e"},"breadcrumb":{"@id":"https:\/\/bozsogiattila.hu\/?p=1543#breadcrumb"},"inLanguage":"hu","potentialAction":[{"@type":"ReadAction","target":["https:\/\/bozsogiattila.hu\/?p=1543"]}]},{"@type":"BreadcrumbList","@id":"https:\/\/bozsogiattila.hu\/?p=1543#breadcrumb","itemListElement":[{"@type":"ListItem","position":1,"name":"Kezd\u0151lap","item":"https:\/\/bozsogiattila.hu\/"},{"@type":"ListItem","position":2,"name":"UDVARHELYI \u00c9VA"}]},{"@type":"WebSite","@id":"https:\/\/bozsogiattila.hu\/#website","url":"https:\/\/bozsogiattila.hu\/","name":"Bozsogi Attila","description":"a zen\u00e9sz, \u00edr\u00f3 munk\u00e1ss\u00e1g\u00e1nak \u00e9s a mak\u00f3i muzsikusok eml\u00e9k\u00e9t \u0151rz\u0151 oldal","potentialAction":[{"@type":"SearchAction","target":{"@type":"EntryPoint","urlTemplate":"https:\/\/bozsogiattila.hu\/?s={search_term_string}"},"query-input":"required name=search_term_string"}],"inLanguage":"hu"},{"@type":"Person","@id":"https:\/\/bozsogiattila.hu\/#\/schema\/person\/488c99f554a8c4039201260dd5eb795e","name":"Bozsogi Attila","image":{"@type":"ImageObject","inLanguage":"hu","@id":"https:\/\/bozsogiattila.hu\/#\/schema\/person\/image\/","url":"https:\/\/secure.gravatar.com\/avatar\/7da6b5985e34ed798d1670c54ce7d20e6a53b800bb0c07945c64b09392f3dbfd?s=96&d=mm&r=g","contentUrl":"https:\/\/secure.gravatar.com\/avatar\/7da6b5985e34ed798d1670c54ce7d20e6a53b800bb0c07945c64b09392f3dbfd?s=96&d=mm&r=g","caption":"Bozsogi Attila"},"sameAs":["http:\/\/www.boszogiattila.hu"],"url":"https:\/\/bozsogiattila.hu\/?author=3"}]}},"jetpack_featured_media_url":"","_links":{"self":[{"href":"https:\/\/bozsogiattila.hu\/index.php?rest_route=\/wp\/v2\/posts\/1543","targetHints":{"allow":["GET"]}}],"collection":[{"href":"https:\/\/bozsogiattila.hu\/index.php?rest_route=\/wp\/v2\/posts"}],"about":[{"href":"https:\/\/bozsogiattila.hu\/index.php?rest_route=\/wp\/v2\/types\/post"}],"author":[{"embeddable":true,"href":"https:\/\/bozsogiattila.hu\/index.php?rest_route=\/wp\/v2\/users\/3"}],"replies":[{"embeddable":true,"href":"https:\/\/bozsogiattila.hu\/index.php?rest_route=%2Fwp%2Fv2%2Fcomments&post=1543"}],"version-history":[{"count":1,"href":"https:\/\/bozsogiattila.hu\/index.php?rest_route=\/wp\/v2\/posts\/1543\/revisions"}],"predecessor-version":[{"id":1544,"href":"https:\/\/bozsogiattila.hu\/index.php?rest_route=\/wp\/v2\/posts\/1543\/revisions\/1544"}],"wp:attachment":[{"href":"https:\/\/bozsogiattila.hu\/index.php?rest_route=%2Fwp%2Fv2%2Fmedia&parent=1543"}],"wp:term":[{"taxonomy":"category","embeddable":true,"href":"https:\/\/bozsogiattila.hu\/index.php?rest_route=%2Fwp%2Fv2%2Fcategories&post=1543"},{"taxonomy":"post_tag","embeddable":true,"href":"https:\/\/bozsogiattila.hu\/index.php?rest_route=%2Fwp%2Fv2%2Ftags&post=1543"}],"curies":[{"name":"wp","href":"https:\/\/api.w.org\/{rel}","templated":true}]}}