{"id":1545,"date":"2024-01-15T19:05:02","date_gmt":"2024-01-15T19:05:02","guid":{"rendered":"https:\/\/bozsogiattila.hu\/?p=1545"},"modified":"2024-01-15T19:05:03","modified_gmt":"2024-01-15T19:05:03","slug":"epizodok-szatmari-sanyi-dudi","status":"publish","type":"post","link":"https:\/\/bozsogiattila.hu\/?p=1545","title":{"rendered":"EPIZ\u00d3DOK &#8211; SZATM\u00c1RI SANYI (DUDI)"},"content":{"rendered":"\n<p class=\"wp-block-paragraph\">SZATM\u00c1RI SANYI (DUDI)<\/p>\n\n\n\n<p class=\"wp-block-paragraph\">H\u00e1ry Ferivel, akivel egy\u00fctt kezd\u0151d\u00f6tt zenei p\u00e1lyafut\u00e1sunk, t\u00f6bb mint 27 \u00e9vig nem tal\u00e1lkoztam, mivel ez id\u0151 alatt k\u00fclf\u00f6ld\u00f6n muzsik\u00e1lt.<br>Mak\u00f3n a szabadt\u00e9ri j\u00e1t\u00e9kok idej\u00e9n, a t\u00f6meggel sodr\u00f3dva igyekezt\u00fcnk a n\u00e9z\u0151t\u00e9rre, mikor v\u00e1ratlanul \u00f6sszefutottunk.<br>R\u00f6vid \u00fcdv\u00f6zl\u00e9s ut\u00e1n, azonnal nekem szegezte a k\u00e9rd\u00e9st: \u201eTudn\u00e1l-e m\u00e9g k\u00e9zen \u00e1llni a gimi ablak\u00e1ban?<br>Mosolyogva v\u00e1laszoltam: \u201eLassan m\u00e1r a f\u00f6ld\u00f6n, l\u00e1bon is bizonytalanul \u00e1llok.<\/p>\n\n\n\n<p class=\"wp-block-paragraph\">A k\u00e9rd\u00e9s\u00e9nek aprop\u00f3ja egy \u00e1ltalam r\u00e9g elfeledett t\u00e9nyre \u00e9p\u00fclt!<\/p>\n\n\n\n<p class=\"wp-block-paragraph\">Gimn\u00e1ziumba volt egy k\u00f6telez\u0151 elv\u00e1r\u00e1s, \u00f3ra ut\u00e1n, az oszt\u00e1lyokban senki sem maradhatott, csup\u00e1n a k\u00e9t hetes.<br>A k\u00e9t hetes k\u00f6z\u00f6s jelenl\u00e9te viszont k\u00f6telez\u0151 volt.<br>Sz\u00fcnetben Szatm\u00e1ri Sanyival (Dudival) teljes\u00edtett\u00fcnk szolg\u00e1latot, amikor l\u00e9trej\u00f6tt k\u00f6z\u00f6tt\u00fcnk egy fogad\u00e1s, melynek \u00e9rtelm\u00e9ben, a II-ik emeleti ablakban h\u00e1ttal az utca fel\u00e9 csin\u00e1lok egy k\u00e9zen\u00e1ll\u00e1st egy mozijegy\u00e9rt. (3.30Ft.)<br>K\u00e9zen \u00e1lltam az ablakban, mikor bel\u00e9pett az oszt\u00e1lyba B\u00e1bonyi T\u00f3th Istv\u00e1n f\u00f6ldrajz, biol\u00f3gia, k\u00e9miatan\u00e1runk, aki engem l\u00e1tva nem sz\u00f3lt egy sz\u00f3t sem, \u00e9s megv\u00e1rta, m\u00edg lej\u00f6v\u00f6k az ablakb\u00f3l.<\/p>\n\n\n\n<p class=\"wp-block-paragraph\">Ekkor letette a napl\u00f3t az asztalra, majd odaj\u00f6tt hozz\u00e1m \u00e9s a karomat megfogva \u00fagy megszor\u00edtotta, hogy napokig k\u00e9k-z\u00f6ld volt a szor\u00edt\u00e1s helye, \u00e9s a f\u00fclembe ord\u00edtotta: \u201dTe nem vakmer\u0151 vagy, hanem vadbarom\u201d.<br>Sz\u00fcnet ut\u00e1n miut\u00e1n az oszt\u00e1ly elfoglalta a hely\u00e9t, mintha mi sem t\u00f6rt\u00e9nt volna leadta az \u00f3r\u00e1t.<br>\u00d3ra ut\u00e1n meginvit\u00e1lt Marczis Vilmos igazgat\u00f3 \u00farhoz, egy szigor\u00fa igazgat\u00f3i megrov\u00e1s\u00e9rt.<\/p>\n\n\n\n<p class=\"wp-block-paragraph\">A dolog neheze ezut\u00e1n k\u00f6vetkezett, ugyanis Dudi \u00e1llta adott szav\u00e1t, \u00e9s este enged\u00e9ly n\u00e9lk\u00fcl el kellett menn\u00fcnk moziba.<br>Miel\u0151tt bement\u00fcnk volna az el\u0151ad\u00e1sra, bar\u00e1tom 50 fill\u00e9r\u00e9t vett egy f\u00e9l zacsk\u00f3 pattogatott kukoric\u00e1t, mire megjegyeztem:<br>\u201eNem gondoltam, hogy ilyen gavall\u00e9r vagy velem\u201d!<\/p>\n\n\n\n<p class=\"wp-block-paragraph\">Mikor beengedtek benn\u00fcnket a n\u00e9z\u0151t\u00e9rre, m\u00e1r majdnem elhagytuk a vet\u00edt\u0151v\u00e1sznat, mikor v\u00e9gre az els\u0151 sorban le\u00fclhett\u00fcnk.<br>Az \u00e9n 3.30-as jegyem \u00e1r\u00e1n elment\u00fcnk ketten moziba, vett egy f\u00e9l zacsk\u00f3 pattogatott kukoric\u00e1t, \u00e9s m\u00e9g maradt h\u00fasz fill\u00e9rje.<br>M\u00e1r akkor megfogadtam, hogy sohasem leszek \u00fczletember!<\/p>\n\n\n\n<p class=\"wp-block-paragraph\">Bar\u00e1tom 1956-ban disszid\u00e1lt, \u00e9s mikor utolj\u00e1ra tal\u00e1lkoztunk (New Yorkban \u00e9lt) a mak\u00f3i Korona B\u00e1rban, k\u00e9rt egy italt nekem, \u00e9s megjegyezte vigyorogva:<br>\u201dEz m\u00e9g a h\u00fasz fill\u00e9rb\u0151l van\u201d<\/p>\n\n\n\n<p class=\"wp-block-paragraph\">Miut\u00e1n visszat\u00e9rt Amerik\u00e1ba, \u00f6t gyermek\u00e9vel, feles\u00e9g\u00e9vel elt\u0171nt, \u00e9s az Interpol sem tal\u00e1lta meg \u0151ket.<\/p>\n","protected":false},"excerpt":{"rendered":"<p>SZATM\u00c1RI SANYI (DUDI) H\u00e1ry Ferivel, akivel egy\u00fctt kezd\u0151d\u00f6tt zenei p\u00e1lyafut\u00e1sunk, t\u00f6bb mint 27 \u00e9vig nem tal\u00e1lkoztam, mivel ez id\u0151 alatt k\u00fclf\u00f6ld\u00f6n muzsik\u00e1lt.Mak\u00f3n a szabadt\u00e9ri j\u00e1t\u00e9kok idej\u00e9n, a t\u00f6meggel sodr\u00f3dva igyekezt\u00fcnk a n\u00e9z\u0151t\u00e9rre, mikor v\u00e1ratlanul \u00f6sszefutottunk.R\u00f6vid \u00fcdv\u00f6zl\u00e9s ut\u00e1n, azonnal nekem szegezte a k\u00e9rd\u00e9st: \u201eTudn\u00e1l-e m\u00e9g k\u00e9zen \u00e1llni a gimi ablak\u00e1ban?Mosolyogva v\u00e1laszoltam: \u201eLassan m\u00e1r a f\u00f6ld\u00f6n, l\u00e1bon &#8230; <a title=\"EPIZ\u00d3DOK &#8211; SZATM\u00c1RI SANYI (DUDI)\" class=\"read-more\" href=\"https:\/\/bozsogiattila.hu\/?p=1545\" aria-label=\"Tov\u00e1bbiak EPIZ\u00d3DOK &#8211; SZATM\u00c1RI SANYI (DUDI)\">Olvass tov\u00e1bb<\/a><\/p>\n","protected":false},"author":3,"featured_media":0,"comment_status":"open","ping_status":"open","sticky":false,"template":"","format":"standard","meta":{"footnotes":""},"categories":[331],"tags":[],"class_list":["post-1545","post","type-post","status-publish","format-standard","hentry","category-emlkeim"],"yoast_head":"<!-- This site is optimized with the Yoast SEO plugin v21.8 - https:\/\/yoast.com\/wordpress\/plugins\/seo\/ -->\n<title>EPIZ\u00d3DOK - SZATM\u00c1RI SANYI (DUDI) - Bozsogi Attila<\/title>\n<meta name=\"robots\" content=\"index, follow, max-snippet:-1, max-image-preview:large, max-video-preview:-1\" \/>\n<link rel=\"canonical\" href=\"https:\/\/bozsogiattila.hu\/?p=1545\" \/>\n<meta property=\"og:locale\" content=\"hu_HU\" \/>\n<meta property=\"og:type\" content=\"article\" \/>\n<meta property=\"og:title\" content=\"EPIZ\u00d3DOK - SZATM\u00c1RI SANYI (DUDI) - Bozsogi Attila\" \/>\n<meta property=\"og:description\" content=\"SZATM\u00c1RI SANYI (DUDI) H\u00e1ry Ferivel, akivel egy\u00fctt kezd\u0151d\u00f6tt zenei p\u00e1lyafut\u00e1sunk, t\u00f6bb mint 27 \u00e9vig nem tal\u00e1lkoztam, mivel ez id\u0151 alatt k\u00fclf\u00f6ld\u00f6n muzsik\u00e1lt.Mak\u00f3n a szabadt\u00e9ri j\u00e1t\u00e9kok idej\u00e9n, a t\u00f6meggel sodr\u00f3dva igyekezt\u00fcnk a n\u00e9z\u0151t\u00e9rre, mikor v\u00e1ratlanul \u00f6sszefutottunk.R\u00f6vid \u00fcdv\u00f6zl\u00e9s ut\u00e1n, azonnal nekem szegezte a k\u00e9rd\u00e9st: \u201eTudn\u00e1l-e m\u00e9g k\u00e9zen \u00e1llni a gimi ablak\u00e1ban?Mosolyogva v\u00e1laszoltam: \u201eLassan m\u00e1r a f\u00f6ld\u00f6n, l\u00e1bon ... Olvass tov\u00e1bb\" \/>\n<meta property=\"og:url\" content=\"https:\/\/bozsogiattila.hu\/?p=1545\" \/>\n<meta property=\"og:site_name\" content=\"Bozsogi Attila\" \/>\n<meta property=\"article:published_time\" content=\"2024-01-15T19:05:02+00:00\" \/>\n<meta property=\"article:modified_time\" content=\"2024-01-15T19:05:03+00:00\" \/>\n<meta name=\"author\" content=\"Bozsogi Attila\" \/>\n<meta name=\"twitter:card\" content=\"summary_large_image\" \/>\n<meta name=\"twitter:label1\" content=\"Szerz\u0151:\" \/>\n\t<meta name=\"twitter:data1\" content=\"Bozsogi Attila\" \/>\n\t<meta name=\"twitter:label2\" content=\"Becs\u00fclt olvas\u00e1si id\u0151\" \/>\n\t<meta name=\"twitter:data2\" content=\"3 perc\" \/>\n<script type=\"application\/ld+json\" class=\"yoast-schema-graph\">{\"@context\":\"https:\/\/schema.org\",\"@graph\":[{\"@type\":\"WebPage\",\"@id\":\"https:\/\/bozsogiattila.hu\/?p=1545\",\"url\":\"https:\/\/bozsogiattila.hu\/?p=1545\",\"name\":\"EPIZ\u00d3DOK - SZATM\u00c1RI SANYI (DUDI) - Bozsogi Attila\",\"isPartOf\":{\"@id\":\"https:\/\/bozsogiattila.hu\/#website\"},\"datePublished\":\"2024-01-15T19:05:02+00:00\",\"dateModified\":\"2024-01-15T19:05:03+00:00\",\"author\":{\"@id\":\"https:\/\/bozsogiattila.hu\/#\/schema\/person\/488c99f554a8c4039201260dd5eb795e\"},\"breadcrumb\":{\"@id\":\"https:\/\/bozsogiattila.hu\/?p=1545#breadcrumb\"},\"inLanguage\":\"hu\",\"potentialAction\":[{\"@type\":\"ReadAction\",\"target\":[\"https:\/\/bozsogiattila.hu\/?p=1545\"]}]},{\"@type\":\"BreadcrumbList\",\"@id\":\"https:\/\/bozsogiattila.hu\/?p=1545#breadcrumb\",\"itemListElement\":[{\"@type\":\"ListItem\",\"position\":1,\"name\":\"Kezd\u0151lap\",\"item\":\"https:\/\/bozsogiattila.hu\/\"},{\"@type\":\"ListItem\",\"position\":2,\"name\":\"EPIZ\u00d3DOK &#8211; SZATM\u00c1RI SANYI (DUDI)\"}]},{\"@type\":\"WebSite\",\"@id\":\"https:\/\/bozsogiattila.hu\/#website\",\"url\":\"https:\/\/bozsogiattila.hu\/\",\"name\":\"Bozsogi Attila\",\"description\":\"a zen\u00e9sz, \u00edr\u00f3 munk\u00e1ss\u00e1g\u00e1nak \u00e9s a mak\u00f3i muzsikusok eml\u00e9k\u00e9t \u0151rz\u0151 oldal\",\"potentialAction\":[{\"@type\":\"SearchAction\",\"target\":{\"@type\":\"EntryPoint\",\"urlTemplate\":\"https:\/\/bozsogiattila.hu\/?s={search_term_string}\"},\"query-input\":\"required name=search_term_string\"}],\"inLanguage\":\"hu\"},{\"@type\":\"Person\",\"@id\":\"https:\/\/bozsogiattila.hu\/#\/schema\/person\/488c99f554a8c4039201260dd5eb795e\",\"name\":\"Bozsogi Attila\",\"image\":{\"@type\":\"ImageObject\",\"inLanguage\":\"hu\",\"@id\":\"https:\/\/bozsogiattila.hu\/#\/schema\/person\/image\/\",\"url\":\"https:\/\/secure.gravatar.com\/avatar\/7da6b5985e34ed798d1670c54ce7d20e6a53b800bb0c07945c64b09392f3dbfd?s=96&d=mm&r=g\",\"contentUrl\":\"https:\/\/secure.gravatar.com\/avatar\/7da6b5985e34ed798d1670c54ce7d20e6a53b800bb0c07945c64b09392f3dbfd?s=96&d=mm&r=g\",\"caption\":\"Bozsogi Attila\"},\"sameAs\":[\"http:\/\/www.boszogiattila.hu\"],\"url\":\"https:\/\/bozsogiattila.hu\/?author=3\"}]}<\/script>\n<!-- \/ Yoast SEO plugin. -->","yoast_head_json":{"title":"EPIZ\u00d3DOK - SZATM\u00c1RI SANYI (DUDI) - Bozsogi Attila","robots":{"index":"index","follow":"follow","max-snippet":"max-snippet:-1","max-image-preview":"max-image-preview:large","max-video-preview":"max-video-preview:-1"},"canonical":"https:\/\/bozsogiattila.hu\/?p=1545","og_locale":"hu_HU","og_type":"article","og_title":"EPIZ\u00d3DOK - SZATM\u00c1RI SANYI (DUDI) - Bozsogi Attila","og_description":"SZATM\u00c1RI SANYI (DUDI) H\u00e1ry Ferivel, akivel egy\u00fctt kezd\u0151d\u00f6tt zenei p\u00e1lyafut\u00e1sunk, t\u00f6bb mint 27 \u00e9vig nem tal\u00e1lkoztam, mivel ez id\u0151 alatt k\u00fclf\u00f6ld\u00f6n muzsik\u00e1lt.Mak\u00f3n a szabadt\u00e9ri j\u00e1t\u00e9kok idej\u00e9n, a t\u00f6meggel sodr\u00f3dva igyekezt\u00fcnk a n\u00e9z\u0151t\u00e9rre, mikor v\u00e1ratlanul \u00f6sszefutottunk.R\u00f6vid \u00fcdv\u00f6zl\u00e9s ut\u00e1n, azonnal nekem szegezte a k\u00e9rd\u00e9st: \u201eTudn\u00e1l-e m\u00e9g k\u00e9zen \u00e1llni a gimi ablak\u00e1ban?Mosolyogva v\u00e1laszoltam: \u201eLassan m\u00e1r a f\u00f6ld\u00f6n, l\u00e1bon ... Olvass tov\u00e1bb","og_url":"https:\/\/bozsogiattila.hu\/?p=1545","og_site_name":"Bozsogi Attila","article_published_time":"2024-01-15T19:05:02+00:00","article_modified_time":"2024-01-15T19:05:03+00:00","author":"Bozsogi Attila","twitter_card":"summary_large_image","twitter_misc":{"Szerz\u0151:":"Bozsogi Attila","Becs\u00fclt olvas\u00e1si id\u0151":"3 perc"},"schema":{"@context":"https:\/\/schema.org","@graph":[{"@type":"WebPage","@id":"https:\/\/bozsogiattila.hu\/?p=1545","url":"https:\/\/bozsogiattila.hu\/?p=1545","name":"EPIZ\u00d3DOK - SZATM\u00c1RI SANYI (DUDI) - Bozsogi Attila","isPartOf":{"@id":"https:\/\/bozsogiattila.hu\/#website"},"datePublished":"2024-01-15T19:05:02+00:00","dateModified":"2024-01-15T19:05:03+00:00","author":{"@id":"https:\/\/bozsogiattila.hu\/#\/schema\/person\/488c99f554a8c4039201260dd5eb795e"},"breadcrumb":{"@id":"https:\/\/bozsogiattila.hu\/?p=1545#breadcrumb"},"inLanguage":"hu","potentialAction":[{"@type":"ReadAction","target":["https:\/\/bozsogiattila.hu\/?p=1545"]}]},{"@type":"BreadcrumbList","@id":"https:\/\/bozsogiattila.hu\/?p=1545#breadcrumb","itemListElement":[{"@type":"ListItem","position":1,"name":"Kezd\u0151lap","item":"https:\/\/bozsogiattila.hu\/"},{"@type":"ListItem","position":2,"name":"EPIZ\u00d3DOK &#8211; SZATM\u00c1RI SANYI (DUDI)"}]},{"@type":"WebSite","@id":"https:\/\/bozsogiattila.hu\/#website","url":"https:\/\/bozsogiattila.hu\/","name":"Bozsogi Attila","description":"a zen\u00e9sz, \u00edr\u00f3 munk\u00e1ss\u00e1g\u00e1nak \u00e9s a mak\u00f3i muzsikusok eml\u00e9k\u00e9t \u0151rz\u0151 oldal","potentialAction":[{"@type":"SearchAction","target":{"@type":"EntryPoint","urlTemplate":"https:\/\/bozsogiattila.hu\/?s={search_term_string}"},"query-input":"required name=search_term_string"}],"inLanguage":"hu"},{"@type":"Person","@id":"https:\/\/bozsogiattila.hu\/#\/schema\/person\/488c99f554a8c4039201260dd5eb795e","name":"Bozsogi Attila","image":{"@type":"ImageObject","inLanguage":"hu","@id":"https:\/\/bozsogiattila.hu\/#\/schema\/person\/image\/","url":"https:\/\/secure.gravatar.com\/avatar\/7da6b5985e34ed798d1670c54ce7d20e6a53b800bb0c07945c64b09392f3dbfd?s=96&d=mm&r=g","contentUrl":"https:\/\/secure.gravatar.com\/avatar\/7da6b5985e34ed798d1670c54ce7d20e6a53b800bb0c07945c64b09392f3dbfd?s=96&d=mm&r=g","caption":"Bozsogi Attila"},"sameAs":["http:\/\/www.boszogiattila.hu"],"url":"https:\/\/bozsogiattila.hu\/?author=3"}]}},"jetpack_featured_media_url":"","_links":{"self":[{"href":"https:\/\/bozsogiattila.hu\/index.php?rest_route=\/wp\/v2\/posts\/1545","targetHints":{"allow":["GET"]}}],"collection":[{"href":"https:\/\/bozsogiattila.hu\/index.php?rest_route=\/wp\/v2\/posts"}],"about":[{"href":"https:\/\/bozsogiattila.hu\/index.php?rest_route=\/wp\/v2\/types\/post"}],"author":[{"embeddable":true,"href":"https:\/\/bozsogiattila.hu\/index.php?rest_route=\/wp\/v2\/users\/3"}],"replies":[{"embeddable":true,"href":"https:\/\/bozsogiattila.hu\/index.php?rest_route=%2Fwp%2Fv2%2Fcomments&post=1545"}],"version-history":[{"count":1,"href":"https:\/\/bozsogiattila.hu\/index.php?rest_route=\/wp\/v2\/posts\/1545\/revisions"}],"predecessor-version":[{"id":1547,"href":"https:\/\/bozsogiattila.hu\/index.php?rest_route=\/wp\/v2\/posts\/1545\/revisions\/1547"}],"wp:attachment":[{"href":"https:\/\/bozsogiattila.hu\/index.php?rest_route=%2Fwp%2Fv2%2Fmedia&parent=1545"}],"wp:term":[{"taxonomy":"category","embeddable":true,"href":"https:\/\/bozsogiattila.hu\/index.php?rest_route=%2Fwp%2Fv2%2Fcategories&post=1545"},{"taxonomy":"post_tag","embeddable":true,"href":"https:\/\/bozsogiattila.hu\/index.php?rest_route=%2Fwp%2Fv2%2Ftags&post=1545"}],"curies":[{"name":"wp","href":"https:\/\/api.w.org\/{rel}","templated":true}]}}