{"id":1548,"date":"2024-01-15T19:06:21","date_gmt":"2024-01-15T19:06:21","guid":{"rendered":"https:\/\/bozsogiattila.hu\/?p=1548"},"modified":"2024-01-15T19:06:22","modified_gmt":"2024-01-15T19:06:22","slug":"epizodok-varga-akos","status":"publish","type":"post","link":"https:\/\/bozsogiattila.hu\/?p=1548","title":{"rendered":"EPIZ\u00d3DOK &#8211; VARGA \u00c1KOS"},"content":{"rendered":"\n<p class=\"wp-block-paragraph\">VARGA \u00c1KOS<\/p>\n\n\n\n<p class=\"wp-block-paragraph\">Varga \u00c1kos a mak\u00f3i Hagymah\u00e1z m\u0171v\u00e9szeti vezet\u0151je volt, aki s\u00falyos sz\u00edvbetegs\u00e9gben \u00e9lte mindennapjait.<br>Betegs\u00e9g\u00e9r\u0151l nem vett tudom\u00e1st, \u00e9s mindenki \u00e9letvid\u00e1m, j\u00f3kedv\u0171, optimista emberk\u00e9nt ismerte.<br>A d\u00e9li harangsz\u00f3 hallat\u00e1n minden nap egy plak\u00e1tk\u00f6teget vett a h\u00f3na al\u00e1, mintha dolgozni indulna, \u00e9s mosolyogva t\u00e1rsult a kerista l\u00e1nyokhoz, akik ez id\u0151 t\u00e1jt mentek eb\u00e9delni a koll\u00e9giumba.<br>A l\u00e1nyok \u00f6r\u00f6mmel fogadt\u00e1k a szipork\u00e1z\u00f3 tr\u00e9famestert, akinek ez a d\u00e9li kis kikapcsol\u00f3d\u00e1s \u00f6r\u00f6mteli perceket okozott.<br>\u00c1kos mintha \u00e9rezte volna, hogy a sors r\u00f6vid \u00e9letet sz\u00e1nt sz\u00e1m\u00e1ra, ez\u00e9rt minden idej\u00e9t, p\u00e9nz\u00e9t utaz\u00e1sokra k\u00f6lt\u00f6tte.<\/p>\n\n\n\n<p class=\"wp-block-paragraph\">N\u00e9metorsz\u00e1gi \u00fatja ut\u00e1n odaj\u00f6tt hozz\u00e1m, \u00e9s elmes\u00e9lte, hogy sok helyen megfordult nyaral\u00e1sa idej\u00e9n, \u00e9s a legt\u00f6bb sz\u00f3rakoz\u00f3helyen: Harmonika, git\u00e1r, b\u0151g\u0151 \u00f6ssze\u00e1ll\u00edt\u00e1s\u00fa tri\u00f3k muzsik\u00e1ltak.<br>Arra k\u00e9rt, hogy \u00e1ll\u00edtsak \u00f6ssze egy ilyen kis egy\u00fcttest, \u00e9s vas\u00e1rnaponk\u00e9nt az utcai klubban, &#8211; ahol b\u00fcf\u00e9 is m\u0171k\u00f6d\u00f6tt \u2013 szeretn\u00e9, ha fell\u00e9pn\u00e9nk.<br>A tri\u00f3nk k\u00e9t h\u00e9t m\u00falva m\u00e1r hangulatos zen\u00e9vel l\u00e9pett a k\u00f6z\u00f6ns\u00e9g el\u00e9.<br>R\u00e1cz G\u00e9za git\u00e1r, Puka J\u00e1nos B\u0151g\u0151, (F\u00e1tyol Misi zenekar\u00e1nak tagjai) \u00e9s \u00e9n harmonik\u00e1ztam.<br>A hangulatra jellemz\u0151 volt, hogy (13 \u00f3ra helyett) mindig 14 \u00f3r\u00e1ig kellett muzsik\u00e1lnunk a k\u00f6z\u00f6ns\u00e9g k\u00e9r\u00e9s\u00e9re.<br>A fizet\u00e9s\u00fcnk nett\u00f3 50-50 forint volt.<br>Este, G\u00e9za, \u00e9s Jancsi 45-45 forint\u00e9rt dolgozott.<\/p>\n\n\n\n<p class=\"wp-block-paragraph\">Mintegy k\u00e9t h\u00f3nap ut\u00e1n a Vend\u00e9gl\u00e1t\u00f3 V\u00e1llalatn\u00e1l megtudt\u00e1k a sikeres vas\u00e1rnapi s\u00f6rzen\u00e9nket, \u00e9s ennek hat\u00e1s\u00e1ra a Koron\u00e1ban is elrendelt\u00e9k a zenekarnak, szint\u00e9n ezen a napon, \u00e9s id\u0151ben: \u201eJ\u00f3 eb\u00e9dhez sz\u00f3l a n\u00f3ta\u201d c\u00edmmel a muzsik\u00e1l\u00e1st.<br>E t\u00e9nyek k\u00f6vetkezt\u00e9ben tri\u00f3nk feloszlott, \u00e9s r\u00f6vid id\u0151re megsz\u0171nt a s\u00f6rzene a Hagymah\u00e1zban.<br>\u00c1kos hi\u00e1ba k\u00e9rlelt, hogy alak\u00edtsak m\u00e9g egy hasonl\u00f3 tri\u00f3t, nem j\u00f6tt \u00f6ssze, mert nem volt sem git\u00e1ros sem b\u0151g\u0151s, akikkel ki lehetett volna \u00e1llni a k\u00f6z\u00f6ns\u00e9g el\u00e9.<\/p>\n\n\n\n<p class=\"wp-block-paragraph\">\u00c1kos \u00e1lland\u00f3 agit\u00e1l\u00e1s\u00e1nak hat\u00e1s\u00e1ra, v\u00e9g\u00fcl kijelentettem, hogy nemcsak git\u00e1ros \u00e9s b\u0151g\u0151s l\u00e9tezik, hanem m\u00e1s \u00f6ssze\u00e1ll\u00edt\u00e1s\u00fa zenekarok is muzsik\u00e1lnak a vil\u00e1gon.<br>Kijelent\u00e9sem hat\u00e1s\u00e1ra \u00e1llt \u00f6ssze: H\u00e1ry Ferenc zongora, Szir\u00e1nyi Istv\u00e1n dob, \u00e9s Bozsogi Attila harmonika \u00f6ssze\u00e1ll\u00edt\u00e1s\u00fa zenekarunk, mely az akkori sl\u00e1gereket muzsik\u00e1lta a k\u00f6z\u00f6ns\u00e9g nagy \u00f6r\u00f6m\u00e9re.<br>Tab\u00e1nyinak k\u00f6sz\u00f6nhet\u0151en a harmonika orsz\u00e1gosan nagyon felkapott hangszer volt, \u00e9s H\u00e1ry Feri ragyog\u00f3 zongoraj\u00e1t\u00e9ka, \u00e9s a kuri\u00f3zumnak sz\u00e1m\u00edt\u00f3 harmonika, valamint Pista bar\u00e1tunk kifog\u00e1stalan ritmusa elb\u0171v\u00f6lte a k\u00f6z\u00f6ns\u00e9get<br>Megint k\u00e9t h\u00f3napig tartott az \u00faj zenekarom vir\u00e1gz\u00e1sa, \u00e9s ekkor a Hagymah\u00e1z vezet\u0151s\u00e9g\u00e9nek szervez\u00e9se vetett v\u00e9get v\u00e9glegesen a vas\u00e1rnapi s\u00f6rzen\u00e9nek, mivel ezeken a napokon d\u00e9lut\u00e1n 16 \u00f3r\u00e1t\u00f3l di\u00e1k\u00f6sszt\u00e1ncot ind\u00edtottak a Korona emeleti nagyterm\u00e9ben, ahol Kiss T\u00f3ni b\u00e1csi \u00e9s \u00f6ttag\u00fa zenekara muzsik\u00e1lt.<\/p>\n\n\n\n<p class=\"wp-block-paragraph\">A Hagymah\u00e1z, vagy Kult\u00farh\u00e1z minden id\u0151k legagilisabb m\u0171v\u00e9szeti vezet\u0151je nyugodt lelkiismerettel kijelenthetem, hogy \u00c1kos volt.<br>Mikor r\u00e1\u00e9rt, volt, hogy a sz\u00ednpadon a f\u00fcgg\u00f6ny m\u00f6g\u00f6tt \u00f3r\u00e1kig zongor\u00e1zott saj\u00e1t sz\u00f3rakoztat\u00e1s\u00e1ra.<br>Nem tudott zongor\u00e1zni, de nagyon szeretett. A jobb k\u00e9zben a mel\u00f3di\u00e1t elfogadhat\u00f3an lep\u00f6ty\u00f6gtette, \u00e9s ehhez egy igazi ingabasszusos, \u00fagynevezett suszterbasszust j\u00e1tszott, amely akkordokat \u0151 sem tudta, hogy milyen hangokb\u00f3l \u00e1lltak?<\/p>\n\n\n\n<p class=\"wp-block-paragraph\">Minden szervez\u00e9s\u00e9t fejben tartotta, \u00e9s soha nem vezetett hat\u00e1rid\u0151 napl\u00f3t. Ennek k\u00f6sz\u00f6nhet\u0151en n\u00e9ha d\u00f6nt\u0151 fontoss\u00e1g\u00fa dolgokat elfelejtett, amit nagy l\u00f3t\u00e1s-fut\u00e1snak<br>tudhat\u00f3an, igyekezett helyrehozni.<br>Egy ilyen r\u00f6vidz\u00e1rlat \u00e1ltal el\u0151id\u00e9zett szerepl\u00e9s miatt a sz\u00ednj\u00e1tsz\u00f3knak csaknem kudarcba fulladt a fell\u00e9p\u00e9se.<br>\u00c1kos elfelejtett nekem sz\u00f3lni, hogy menjek el a f\u0151pr\u00f3b\u00e1ra, ahol a darab k\u00e9t harmonikasz\u00f3l\u00f3j\u00e1t kellett volna be\u00e1ll\u00edtani.<br>A bajt bar\u00e1tunk m\u00e9g azzal tet\u00e9zte, hogy az el\u0151ad\u00e1sra sem h\u00edvott el.<br>A t\u00e1rsulatnak indulni kellett Ig\u00e1sra fell\u00e9pni, mikor az utols\u00f3 l\u00e9tsz\u00e1mellen\u0151rz\u00e9skor kider\u00fclt, hogy nem vagyok ott.<br>Szeg\u00e9ny \u00c1kosnak ekkor nagyot dobbant a rossz sz\u00edve, \u00e9s m\u00e1ris indult hozz\u00e1nk, ahol a sz\u00fcleim tudatt\u00e1k vele, hogy elmentem a Park moziba.<br>Elk\u00e9rte a harmonik\u00e1mat, \u00e9s az egy kilom\u00e9terre l\u00e9v\u0151 Kult\u00farh\u00e1zig elcipelte, majd rohant a mozihoz, ahol film k\u00f6zben bemondatta, hogy azonnal menjek a p\u00e9nzt\u00e1rhoz.<br>Mikor kimentem \u00c1kos ott \u00e1llt csurom vizesen az izzadts\u00e1gt\u00f3l, \u00e9s m\u00e1ris nekem esett: \u201eMindj\u00e1rt indulni kell m\u0171sort adni, te meg nyugodtan \u00fclsz a moziban\u201d.<br>Nekem nem sz\u00f3lt senki! \u2013 Mondtam.<br>Dehogy nem, az el\u0151bb sz\u00f3ltam, nem hallottad!<br>Ott van m\u00e1r a harmonik\u00e1d is, csak igyekezz\u00fcnk, majd \u00fatk\u00f6zben megbesz\u00e9lj\u00fck, hogy mit kell j\u00e1tszanod.<br>Mikorra Ig\u00e1sra \u00e9rt\u00fcnk t\u00f6k\u00e9letesen tudtam a v\u00e9gsz\u00f3t, amikor be kell l\u00e9pnem a sz\u00ednpadra, \u00e9s elj\u00e1tszanom a darabba be\u00e1ll\u00edtott k\u00f6zismert sl\u00e1gereket.<br>A sz\u00e9ps\u00e9ghiba csup\u00e1n annyi volt, hogy az els\u0151 \u00e9s a m\u00e1sodik r\u00e9sz k\u00e9t bet\u00e9tdal\u00e1t t\u00e9vesen adt\u00e1k nekem meg, s \u00edgy a \u201eB\u00facs\u00fakering\u0151\u201d (Gyere, \u00fclj kedves mell\u00e9m) helyett a m\u00e1sodik r\u00e9szben l\u00e9v\u0151 \u201eNa, n\u00e9zd a t\u00f6kfilk\u00f3, hogy milyen szerelmes\u201d c\u00edm\u0171 dalt kezdtem j\u00e1tszani.<br>A f\u00fcgg\u00f6ny m\u00f6g\u00fcl besz\u00f3ltak, hogy a m\u00e1sik dal kell.<br>Ekkor k\u00e9t akkorddal befejeztem a dalt, \u00e9s a k\u00e9t f\u0151szerepl\u0151 el\u00e9 \u00e1llva elmondtam a r\u00f6gt\u00f6nz\u00f6tt sz\u00f6vegem: \u201eTi annyira szeretitek egym\u00e1st, ez\u00e9rt j\u00e1tszok egy sokkal szebb dalt nektek, ezt \u00e9nekeld el sz\u00edved v\u00e1lasztottj\u00e1nak\u201d.<br>Ezut\u00e1n v\u00e9gre elhangzott az igazi bet\u00e9tdal, \u00e9s felz\u00fagott a vastaps a n\u00e9z\u0151t\u00e9ren.<br>\u00cdgy kell ezt csin\u00e1lni, mondta sz\u00fcnetben \u00c1kos, \u00e9s m\u00e9g hozz\u00e1tette: ezt az \u00f6tletemet a legk\u00f6zelebbi el\u0151ad\u00e1son is be kellene venni a darabba.<br>Nem sz\u00f3ltam semmit, hagytam, hogy \u00e9lvezze bar\u00e1tom a nem l\u00e9tez\u0151 siker\u00e9t a rendez\u0151 Iritz Gyurka b\u00e1csi el\u0151tt.<\/p>\n\n\n\n<p class=\"wp-block-paragraph\">Ezt a darabot m\u00e9g t\u00f6bb helyen el\u0151adtuk, persze Gyurka b\u00e1csi, &#8211; aki ismerte \u00c1kos sokszor l\u00e9gb\u0151l kapott megnyilv\u00e1nul\u00e1sait &#8211; kihagyta az \u00e9n r\u00f6gt\u00f6nz\u00f6tt sz\u00f6vegem, \u00e9s annyit f\u0171z\u00f6tt az el\u0151ad\u00e1shoz:<br>\u201eMegk\u00e9rek mindenkit, hogy ne \u00edrj\u00e1tok \u00e1t az eredeti sz\u00f6vegk\u00f6nyvet\u201d!<\/p>\n\n\n\n<p class=\"wp-block-paragraph\">Egy napon szomor\u00faan vett\u00fck tudom\u00e1sul, hogy \u00c1kos felmondott a Kult\u00farh\u00e1zban, \u00e9s elment a Csongr\u00e1d-megyei h\u00edrlaphoz \u00fajs\u00e1g\u00edr\u00f3nak.<br>A Hagymah\u00e1z \u00f6ntev\u00e9keny szerepl\u0151g\u00e1rd\u00e1j\u00e1hoz soha nem lett h\u0171tlen, \u00e9s szabad idej\u00e9ben rendszeresen visszaj\u00e1rt l\u00e1togat\u00f3ba, amikor feleleven\u00edtett\u00e9k a legend\u00e1ss\u00e1 v\u00e1lt sztorijait, amelyek abb\u00f3l ad\u00f3dtak, hogy b\u00fcszke volt r\u00e1: \u201eNekem soha nem kellenek jegyzetek, \u00e9n mindenre fejb\u0151l is eml\u00e9kezem\u201d!<\/p>\n\n\n\n<p class=\"wp-block-paragraph\">Megrend\u00fclten fogadta mindenki a szomor\u00fa h\u00edrt az \u00fajs\u00e1g gy\u00e1szjelent\u00e9s\u00e9b\u0151l:<br>36 \u00e9ves kor\u00e1ban elhunyt Varga \u00c1kos \u00fajs\u00e1g\u00edr\u00f3.<\/p>\n\n\n\n<p class=\"wp-block-paragraph\">\u00c1kos j\u00f3 bar\u00e1t volt, aki rengeteg sztorij\u00e1t \u00f6r\u00f6kre mag\u00e1val vitte, melyekb\u0151l r\u00e1 eml\u00e9kezve igyekeztem egy p\u00e1rat megmenteni \u00edr\u00e1somban.<\/p>\n","protected":false},"excerpt":{"rendered":"<p>VARGA \u00c1KOS Varga \u00c1kos a mak\u00f3i Hagymah\u00e1z m\u0171v\u00e9szeti vezet\u0151je volt, aki s\u00falyos sz\u00edvbetegs\u00e9gben \u00e9lte mindennapjait.Betegs\u00e9g\u00e9r\u0151l nem vett tudom\u00e1st, \u00e9s mindenki \u00e9letvid\u00e1m, j\u00f3kedv\u0171, optimista emberk\u00e9nt ismerte.A d\u00e9li harangsz\u00f3 hallat\u00e1n minden nap egy plak\u00e1tk\u00f6teget vett a h\u00f3na al\u00e1, mintha dolgozni indulna, \u00e9s mosolyogva t\u00e1rsult a kerista l\u00e1nyokhoz, akik ez id\u0151 t\u00e1jt mentek eb\u00e9delni a koll\u00e9giumba.A l\u00e1nyok \u00f6r\u00f6mmel &#8230; <a title=\"EPIZ\u00d3DOK &#8211; VARGA \u00c1KOS\" class=\"read-more\" href=\"https:\/\/bozsogiattila.hu\/?p=1548\" aria-label=\"Tov\u00e1bbiak EPIZ\u00d3DOK &#8211; VARGA \u00c1KOS\">Olvass tov\u00e1bb<\/a><\/p>\n","protected":false},"author":3,"featured_media":0,"comment_status":"open","ping_status":"open","sticky":false,"template":"","format":"standard","meta":{"footnotes":""},"categories":[331],"tags":[],"class_list":["post-1548","post","type-post","status-publish","format-standard","hentry","category-emlkeim"],"yoast_head":"<!-- This site is optimized with the Yoast SEO plugin v21.8 - https:\/\/yoast.com\/wordpress\/plugins\/seo\/ -->\n<title>EPIZ\u00d3DOK - VARGA \u00c1KOS - Bozsogi Attila<\/title>\n<meta name=\"robots\" content=\"index, follow, max-snippet:-1, max-image-preview:large, max-video-preview:-1\" \/>\n<link rel=\"canonical\" href=\"https:\/\/bozsogiattila.hu\/?p=1548\" \/>\n<meta property=\"og:locale\" content=\"hu_HU\" \/>\n<meta property=\"og:type\" content=\"article\" \/>\n<meta property=\"og:title\" content=\"EPIZ\u00d3DOK - VARGA \u00c1KOS - Bozsogi Attila\" \/>\n<meta property=\"og:description\" content=\"VARGA \u00c1KOS Varga \u00c1kos a mak\u00f3i Hagymah\u00e1z m\u0171v\u00e9szeti vezet\u0151je volt, aki s\u00falyos sz\u00edvbetegs\u00e9gben \u00e9lte mindennapjait.Betegs\u00e9g\u00e9r\u0151l nem vett tudom\u00e1st, \u00e9s mindenki \u00e9letvid\u00e1m, j\u00f3kedv\u0171, optimista emberk\u00e9nt ismerte.A d\u00e9li harangsz\u00f3 hallat\u00e1n minden nap egy plak\u00e1tk\u00f6teget vett a h\u00f3na al\u00e1, mintha dolgozni indulna, \u00e9s mosolyogva t\u00e1rsult a kerista l\u00e1nyokhoz, akik ez id\u0151 t\u00e1jt mentek eb\u00e9delni a koll\u00e9giumba.A l\u00e1nyok \u00f6r\u00f6mmel ... Olvass tov\u00e1bb\" \/>\n<meta property=\"og:url\" content=\"https:\/\/bozsogiattila.hu\/?p=1548\" \/>\n<meta property=\"og:site_name\" content=\"Bozsogi Attila\" \/>\n<meta property=\"article:published_time\" content=\"2024-01-15T19:06:21+00:00\" \/>\n<meta property=\"article:modified_time\" content=\"2024-01-15T19:06:22+00:00\" \/>\n<meta name=\"author\" content=\"Bozsogi Attila\" \/>\n<meta name=\"twitter:card\" content=\"summary_large_image\" \/>\n<meta name=\"twitter:label1\" content=\"Szerz\u0151:\" \/>\n\t<meta name=\"twitter:data1\" content=\"Bozsogi Attila\" \/>\n\t<meta name=\"twitter:label2\" content=\"Becs\u00fclt olvas\u00e1si id\u0151\" \/>\n\t<meta name=\"twitter:data2\" content=\"7 perc\" \/>\n<script type=\"application\/ld+json\" class=\"yoast-schema-graph\">{\"@context\":\"https:\/\/schema.org\",\"@graph\":[{\"@type\":\"WebPage\",\"@id\":\"https:\/\/bozsogiattila.hu\/?p=1548\",\"url\":\"https:\/\/bozsogiattila.hu\/?p=1548\",\"name\":\"EPIZ\u00d3DOK - VARGA \u00c1KOS - Bozsogi Attila\",\"isPartOf\":{\"@id\":\"https:\/\/bozsogiattila.hu\/#website\"},\"datePublished\":\"2024-01-15T19:06:21+00:00\",\"dateModified\":\"2024-01-15T19:06:22+00:00\",\"author\":{\"@id\":\"https:\/\/bozsogiattila.hu\/#\/schema\/person\/488c99f554a8c4039201260dd5eb795e\"},\"breadcrumb\":{\"@id\":\"https:\/\/bozsogiattila.hu\/?p=1548#breadcrumb\"},\"inLanguage\":\"hu\",\"potentialAction\":[{\"@type\":\"ReadAction\",\"target\":[\"https:\/\/bozsogiattila.hu\/?p=1548\"]}]},{\"@type\":\"BreadcrumbList\",\"@id\":\"https:\/\/bozsogiattila.hu\/?p=1548#breadcrumb\",\"itemListElement\":[{\"@type\":\"ListItem\",\"position\":1,\"name\":\"Kezd\u0151lap\",\"item\":\"https:\/\/bozsogiattila.hu\/\"},{\"@type\":\"ListItem\",\"position\":2,\"name\":\"EPIZ\u00d3DOK &#8211; VARGA \u00c1KOS\"}]},{\"@type\":\"WebSite\",\"@id\":\"https:\/\/bozsogiattila.hu\/#website\",\"url\":\"https:\/\/bozsogiattila.hu\/\",\"name\":\"Bozsogi Attila\",\"description\":\"a zen\u00e9sz, \u00edr\u00f3 munk\u00e1ss\u00e1g\u00e1nak \u00e9s a mak\u00f3i muzsikusok eml\u00e9k\u00e9t \u0151rz\u0151 oldal\",\"potentialAction\":[{\"@type\":\"SearchAction\",\"target\":{\"@type\":\"EntryPoint\",\"urlTemplate\":\"https:\/\/bozsogiattila.hu\/?s={search_term_string}\"},\"query-input\":\"required name=search_term_string\"}],\"inLanguage\":\"hu\"},{\"@type\":\"Person\",\"@id\":\"https:\/\/bozsogiattila.hu\/#\/schema\/person\/488c99f554a8c4039201260dd5eb795e\",\"name\":\"Bozsogi Attila\",\"image\":{\"@type\":\"ImageObject\",\"inLanguage\":\"hu\",\"@id\":\"https:\/\/bozsogiattila.hu\/#\/schema\/person\/image\/\",\"url\":\"https:\/\/secure.gravatar.com\/avatar\/7da6b5985e34ed798d1670c54ce7d20e6a53b800bb0c07945c64b09392f3dbfd?s=96&d=mm&r=g\",\"contentUrl\":\"https:\/\/secure.gravatar.com\/avatar\/7da6b5985e34ed798d1670c54ce7d20e6a53b800bb0c07945c64b09392f3dbfd?s=96&d=mm&r=g\",\"caption\":\"Bozsogi Attila\"},\"sameAs\":[\"http:\/\/www.boszogiattila.hu\"],\"url\":\"https:\/\/bozsogiattila.hu\/?author=3\"}]}<\/script>\n<!-- \/ Yoast SEO plugin. -->","yoast_head_json":{"title":"EPIZ\u00d3DOK - VARGA \u00c1KOS - Bozsogi Attila","robots":{"index":"index","follow":"follow","max-snippet":"max-snippet:-1","max-image-preview":"max-image-preview:large","max-video-preview":"max-video-preview:-1"},"canonical":"https:\/\/bozsogiattila.hu\/?p=1548","og_locale":"hu_HU","og_type":"article","og_title":"EPIZ\u00d3DOK - VARGA \u00c1KOS - Bozsogi Attila","og_description":"VARGA \u00c1KOS Varga \u00c1kos a mak\u00f3i Hagymah\u00e1z m\u0171v\u00e9szeti vezet\u0151je volt, aki s\u00falyos sz\u00edvbetegs\u00e9gben \u00e9lte mindennapjait.Betegs\u00e9g\u00e9r\u0151l nem vett tudom\u00e1st, \u00e9s mindenki \u00e9letvid\u00e1m, j\u00f3kedv\u0171, optimista emberk\u00e9nt ismerte.A d\u00e9li harangsz\u00f3 hallat\u00e1n minden nap egy plak\u00e1tk\u00f6teget vett a h\u00f3na al\u00e1, mintha dolgozni indulna, \u00e9s mosolyogva t\u00e1rsult a kerista l\u00e1nyokhoz, akik ez id\u0151 t\u00e1jt mentek eb\u00e9delni a koll\u00e9giumba.A l\u00e1nyok \u00f6r\u00f6mmel ... Olvass tov\u00e1bb","og_url":"https:\/\/bozsogiattila.hu\/?p=1548","og_site_name":"Bozsogi Attila","article_published_time":"2024-01-15T19:06:21+00:00","article_modified_time":"2024-01-15T19:06:22+00:00","author":"Bozsogi Attila","twitter_card":"summary_large_image","twitter_misc":{"Szerz\u0151:":"Bozsogi Attila","Becs\u00fclt olvas\u00e1si id\u0151":"7 perc"},"schema":{"@context":"https:\/\/schema.org","@graph":[{"@type":"WebPage","@id":"https:\/\/bozsogiattila.hu\/?p=1548","url":"https:\/\/bozsogiattila.hu\/?p=1548","name":"EPIZ\u00d3DOK - VARGA \u00c1KOS - Bozsogi Attila","isPartOf":{"@id":"https:\/\/bozsogiattila.hu\/#website"},"datePublished":"2024-01-15T19:06:21+00:00","dateModified":"2024-01-15T19:06:22+00:00","author":{"@id":"https:\/\/bozsogiattila.hu\/#\/schema\/person\/488c99f554a8c4039201260dd5eb795e"},"breadcrumb":{"@id":"https:\/\/bozsogiattila.hu\/?p=1548#breadcrumb"},"inLanguage":"hu","potentialAction":[{"@type":"ReadAction","target":["https:\/\/bozsogiattila.hu\/?p=1548"]}]},{"@type":"BreadcrumbList","@id":"https:\/\/bozsogiattila.hu\/?p=1548#breadcrumb","itemListElement":[{"@type":"ListItem","position":1,"name":"Kezd\u0151lap","item":"https:\/\/bozsogiattila.hu\/"},{"@type":"ListItem","position":2,"name":"EPIZ\u00d3DOK &#8211; VARGA \u00c1KOS"}]},{"@type":"WebSite","@id":"https:\/\/bozsogiattila.hu\/#website","url":"https:\/\/bozsogiattila.hu\/","name":"Bozsogi Attila","description":"a zen\u00e9sz, \u00edr\u00f3 munk\u00e1ss\u00e1g\u00e1nak \u00e9s a mak\u00f3i muzsikusok eml\u00e9k\u00e9t \u0151rz\u0151 oldal","potentialAction":[{"@type":"SearchAction","target":{"@type":"EntryPoint","urlTemplate":"https:\/\/bozsogiattila.hu\/?s={search_term_string}"},"query-input":"required name=search_term_string"}],"inLanguage":"hu"},{"@type":"Person","@id":"https:\/\/bozsogiattila.hu\/#\/schema\/person\/488c99f554a8c4039201260dd5eb795e","name":"Bozsogi Attila","image":{"@type":"ImageObject","inLanguage":"hu","@id":"https:\/\/bozsogiattila.hu\/#\/schema\/person\/image\/","url":"https:\/\/secure.gravatar.com\/avatar\/7da6b5985e34ed798d1670c54ce7d20e6a53b800bb0c07945c64b09392f3dbfd?s=96&d=mm&r=g","contentUrl":"https:\/\/secure.gravatar.com\/avatar\/7da6b5985e34ed798d1670c54ce7d20e6a53b800bb0c07945c64b09392f3dbfd?s=96&d=mm&r=g","caption":"Bozsogi Attila"},"sameAs":["http:\/\/www.boszogiattila.hu"],"url":"https:\/\/bozsogiattila.hu\/?author=3"}]}},"jetpack_featured_media_url":"","_links":{"self":[{"href":"https:\/\/bozsogiattila.hu\/index.php?rest_route=\/wp\/v2\/posts\/1548","targetHints":{"allow":["GET"]}}],"collection":[{"href":"https:\/\/bozsogiattila.hu\/index.php?rest_route=\/wp\/v2\/posts"}],"about":[{"href":"https:\/\/bozsogiattila.hu\/index.php?rest_route=\/wp\/v2\/types\/post"}],"author":[{"embeddable":true,"href":"https:\/\/bozsogiattila.hu\/index.php?rest_route=\/wp\/v2\/users\/3"}],"replies":[{"embeddable":true,"href":"https:\/\/bozsogiattila.hu\/index.php?rest_route=%2Fwp%2Fv2%2Fcomments&post=1548"}],"version-history":[{"count":1,"href":"https:\/\/bozsogiattila.hu\/index.php?rest_route=\/wp\/v2\/posts\/1548\/revisions"}],"predecessor-version":[{"id":1549,"href":"https:\/\/bozsogiattila.hu\/index.php?rest_route=\/wp\/v2\/posts\/1548\/revisions\/1549"}],"wp:attachment":[{"href":"https:\/\/bozsogiattila.hu\/index.php?rest_route=%2Fwp%2Fv2%2Fmedia&parent=1548"}],"wp:term":[{"taxonomy":"category","embeddable":true,"href":"https:\/\/bozsogiattila.hu\/index.php?rest_route=%2Fwp%2Fv2%2Fcategories&post=1548"},{"taxonomy":"post_tag","embeddable":true,"href":"https:\/\/bozsogiattila.hu\/index.php?rest_route=%2Fwp%2Fv2%2Ftags&post=1548"}],"curies":[{"name":"wp","href":"https:\/\/api.w.org\/{rel}","templated":true}]}}