{"id":1550,"date":"2024-01-15T19:07:47","date_gmt":"2024-01-15T19:07:47","guid":{"rendered":"https:\/\/bozsogiattila.hu\/?p=1550"},"modified":"2024-01-15T19:07:47","modified_gmt":"2024-01-15T19:07:47","slug":"epzodok-fatyol-zenekar","status":"publish","type":"post","link":"https:\/\/bozsogiattila.hu\/?p=1550","title":{"rendered":"EPZ\u00d3DOK &#8211; F\u00c1TYOL ZENEKAR"},"content":{"rendered":"\n<p class=\"wp-block-paragraph\">F\u00c1TYOL ZENEKAR<\/p>\n\n\n\n<p class=\"wp-block-paragraph\">F\u00e1tyol Misinek hossz\u00fa \u00e9vtizedekig egy \u00f6ttag\u00fa cig\u00e1nyzenekara volt, amellyel sikert-sikerre halmoztak, \u00e9s a Magyar R\u00e1di\u00f3ban is sokszor szerepeltek.<br>A legend\u00e1s pr\u00edm\u00e1s az orsz\u00e1gban els\u0151k k\u00f6z\u00f6tt volt, aki felfigyelt az id\u0151k szav\u00e1ra, \u00e9s a korral l\u00e9p\u00e9st tartva kib\u0151v\u00edtette zenekar\u00e1t, annak \u00e9rdek\u00e9ben, hogy a k\u00f6z\u00f6ns\u00e9g \u00e1ltal ig\u00e9nyelt t\u00e1nczenei k\u00f6vetelm\u00e9nynek is eleget tudjanak tenni.<br>A megmaradt cig\u00e1nyzenekart kib\u0151v\u00edtette Bakos Zolt\u00e1n zongorist\u00e1val, (Kor\u00e1bban tisztvisel\u0151 volt) \u00e9s Siket Antal dobos, heged\u0171s, \u00e9nekessel. (Szint\u00e9n tisztvisel\u0151)<br>R\u00e1cz G\u00e9za tercpr\u00edm\u00e1s meg tanult git\u00e1rozni.<br>Ezzel a megold\u00e1ssal az akkori ig\u00e9nyek minden zenei ig\u00e9ny\u00e9t ki tudt\u00e1k el\u00e9g\u00edteni.<br>R\u00f6vid id\u0151 eltelt\u00e9vel kifog\u00e1stalan egy\u00fcttes\u00e9 v\u00e1lt e kombin\u00e1lt zenekar, \u00e9s orsz\u00e1gos szinten is elismert egy\u00fcttesk\u00e9nt tartott\u00e1k sz\u00e1mon \u0151ket, \u00e9s az orsz\u00e1g legelismertebb \u00e9nekesei, m\u0171v\u00e9szei \u00f6r\u00f6mmel v\u00e1llaltak fell\u00e9p\u00e9st e zenekarral.<br>K\u00e9s\u0151bb t\u00f6bbsz\u00f6r v\u00e1ltozott az \u00f6ssze\u00e1ll\u00edt\u00e1s, de a n\u00e9pszer\u0171s\u00e9g mindig megmaradt.<\/p>\n\n\n\n<p class=\"wp-block-paragraph\">Az els\u0151 v\u00e1ltoztat\u00e1s szem\u00e9lyemmel t\u00f6rt\u00e9nt, amikor Bakos Zolt\u00e1n kiv\u00e1lt a zenekarb\u00f3l \u00e9s ism\u00e9t tisztvisel\u0151 lett. El\u0151sz\u00f6r a V\u00e1rosi Tan\u00e1cs tervoszt\u00e1ly\u00e1nak vezet\u0151je, majd tan\u00e1cseln\u00f6k helyettes.<br>A gimn\u00e1zium zenekara ez id\u0151 t\u00e1jt bomlott fel, mivel a fels\u0151bb oszt\u00e1lyba j\u00e1r\u00f3k v\u00e9geztek, \u00e9s elker\u00fcltek a tagok f\u0151iskol\u00e1ra, egyetemre.<br>A volt zenekarommal nagy n\u00e9pszer\u0171s\u00e9gnek \u00f6rvendt\u00fcnk, a reperto\u00e1runk sz\u00e9les sk\u00e1l\u00e1n mozgott: magyar \u00e9s k\u00fclf\u00f6ldi sl\u00e1gerekb\u0151l \u00e1llt, \u00e9s eszembe sem jutott, hogy mit jelent a zenekari rutin.<\/p>\n\n\n\n<p class=\"wp-block-paragraph\">Ekkor keresett fel R\u00e1cz G\u00e9za, F\u00e1tyol Misi megb\u00edzat\u00e1s\u00e1b\u00f3l, \u00e9s k\u00e9rte, hogy este menjek be a Koron\u00e1ba, a zenekar szeretne besz\u00e9lni velem.<br>F\u00e1tyol Misi, mint az egy\u00fcttes vezet\u0151je ismertette velem a t\u00e9nyeket, \u00e9s felk\u00e9rt, hogy p\u00e1r napra v\u00e1llaljam el a zongor\u00e1z\u00e1st zenekar\u00e1ban, am\u00edg nem tal\u00e1lnak f\u0151h\u00edvat\u00e1s\u00fa zongorist\u00e1t. Hozz\u00e1tette:<br>\u201eTudom, hogy mint di\u00e1kra nem sz\u00e1m\u00edthatunk r\u00e1d\u201d!<br>Term\u00e9szetesen azonnal megfeledkeztem az iskolai szigorr\u00f3l, \u00e9s boldogan v\u00e1llaltam el.<br>Tan\u00edt\u00e1s ut\u00e1n minden nap R\u00e1cz G\u00e9z\u00e1n\u00e1l gyakoroltunk, hogy be tudjak illeszkedni az \u00f6ssze szokott zenekarba.<br>A p\u00e1r alkalomb\u00f3l kereken nyolc h\u00f3nap lett.<br>F\u00e1tyol Misi zenekar\u00e1ban tanultam meg, hogy egy zen\u00e9sznek nem v\u00e1lik h\u00e1tr\u00e1ny\u00e1v\u00e1, ha tud muzsik\u00e1lni.<br>Ebben a zenekarban v\u00e1ltam \u201etolvajj\u00e1\u201d, aki minden n\u00e1lam rosszabb, vagy jobb zen\u00e9szt\u0151l igyekeztem mindent megtanulni, ellopni, amivel tud\u00e1som csiszolhattam, \u00e9s amivel rutinra tehettem szert.<br>Ett\u0151l kezdve rengeteget kott\u00e1ztam, \u00e9s magn\u00f3r\u00f3l, lemezr\u0151l le\u00edrtam mindent annak \u00e9rdek\u00e9ben, hogy ar\u00e1nylag naprak\u00e9szen legyen reperto\u00e1rom.<br>A zenekarban, amikor cig\u00e1nyzen\u00e9t j\u00e1tszottak nem volt semmi feladatom.<br>Amikor viszont t\u00e1nczen\u00e9t j\u00e1tszottunk a br\u00e1cs\u00e1s, \u00e9s a cimbalmos pihent.<br>A pihen\u0151 id\u0151met kihaszn\u00e1lva kott\u00e1ztam a zenekar m\u0171sorsz\u00e1mait, \u00edgy ar\u00e1nylag gyorsan utol\u00e9rtem az egy\u00fcttest, \u00e9s egyre jobban megszerettem az \u00e9jszakai \u00e9letet.<\/p>\n\n\n\n<p class=\"wp-block-paragraph\">A Korona \u00e9tterem fogalom volt abban az id\u0151ben, \u00e9s a megye falvaib\u00f3l, v\u00e1rosaib\u00f3l visszat\u00e9r\u0151 vend\u00e9gei voltak e patin\u00e1s sz\u00f3rakoz\u00f3helynek.<br>Minden este megtelt vacsor\u00e1z\u00f3 vend\u00e9gekkel, akik eleg\u00e1ns \u00f6lt\u00f6zetben jelentek meg. \u00cdrhatn\u00e1m \u00fagy is:<br>\u201e\u00dari sz\u00f3rakoz\u00f3 helye volt a v\u00e1rosnak\u201d.<br>A n\u00e9ha bet\u00e9r\u0151 fiatalok igyekeztek beilleszkedni a kialakult \u00edratlan szok\u00e1sok, el\u0151\u00edr\u00e1sok elv\u00e1r\u00e1saiba.<br>Az \u00e9tterem \u00e9jszakai \u00e9let\u00e9nek legfiatalabb r\u00e9sztvev\u0151je voltam, \u00e9s szinte gyerekk\u00e9nt muzsik\u00e1lta a zenekarban.<br>Tan\u00e1raim rendszeresen megjelentek vacsor\u00e1zni, sz\u00f3rakozni, ami az akkoriban kialakul\u00f3ban l\u00e9v\u0151 t\u00e1ncol\u00e1st is jelentette.<br>A t\u00e1ncplacc a zenekar h\u00e1ta m\u00f6g\u00f6tt volt, elszepar\u00e1lva a vacsor\u00e1z\u00f3, iszogat\u00f3 vend\u00e9gekt\u0151l.<br>T\u00f6rzsvend\u00e9gnek sz\u00e1m\u00edtott B\u00e1bonyi T\u00f3th Istv\u00e1n tan\u00e1rom, (Egykor \u00fasz\u00f3 v\u00e1logatott volt) \u00e9s feles\u00e9ge, akik egy r\u00e9gi kor utols\u00f3 mohik\u00e1njainak sz\u00e1m\u00edtottak \u00e9s mag\u00e1zt\u00e1k egym\u00e1st.<br>Hetente 2-3 alkalommal fogyasztott\u00e1k el vacsor\u00e1jukat az \u00e9tteremben, \u00e9s nagy tisztel\u0151i voltak a h\u00edres pr\u00edm\u00e1snak, valamint zenekar\u00e1nak.<br>Minden alkalommal udvariasan k\u00f6sz\u00f6nt\u00f6ttem \u0150ket, ha t\u00e1volabb voltam fejhajt\u00e1ssal \u00fcdv\u00f6z\u00f6ltem a h\u00e1zasp\u00e1rt.<br>Tan\u00e1rom hasonl\u00f3an fogadta \u00fcdv\u00f6zl\u00e9sem, \u00e9s soha nem tette sz\u00f3v\u00e1, ami\u00e9rt illeg\u00e1lisan tart\u00f3zkodtam a sz\u00e1momra tilos helyen.<br>Egyetlen kiv\u00e9teles alkalom volt csup\u00e1n, amikor olyan t\u00e1vol \u00fcltek le a zenekart\u00f3l, hogy felt\u00e9teleztem, hogy nem vesz \u00e9szre, \u00e9s elk\u00f6vettem egy nagy hib\u00e1t: ez\u00fattal nem \u00fcdv\u00f6z\u00f6ltem.<br>M\u00e1snap ezt a figyelmetlens\u00e9gemet, a k\u00f6telez\u0151 tiszteletad\u00e1snak elmulaszt\u00e1s\u00e1t igazgat\u00f3i megrov\u00e1sban fejezte ki az iskola vezet\u0151s\u00e9ge: Tiltott helyen tart\u00f3zkod\u00e1s c\u00edm\u00e9n.<br>Korrekt volt B\u00e1bonyi tan\u00e1r \u00far, \u00e9s nem \u00e1rulta el, hogy zen\u00e9lek a Koron\u00e1ban, de ez a korrekts\u00e9ge nem nekem sz\u00f3lt, hanem F\u00e1tyol Misinek, \u00e9s \u00edgy tov\u00e1bbra is \u201ezavartalanul\u201d tagja maradhattam az egy\u00fcttesnek.<br>M\u00e9g ugyanazon napon este a tan\u00e1r \u00far a folyos\u00f3 ajtaj\u00e1nak kilincs\u00e9t k\u00edv\u00fclr\u0151l, \u00e9n pedig bel\u00fclr\u0151l fogtam, \u00e9s ennek k\u00f6sz\u00f6nhet\u0151en elker\u00fclhetetlen volt a k\u00f6zvetlen tal\u00e1lkoz\u00e1s.<br>J\u00f3 est\u00e9t k\u00edv\u00e1nok k\u00f6sz\u00f6nt\u00f6ttem a h\u00e1zasp\u00e1rt.<br>J\u00f3 est\u00e9t k\u00edv\u00e1nok v\u00e1laszolt\u00e1k, majd egy ironikus mosollyal megtoldotta tan\u00e1rom a k\u00f6sz\u00f6nt\u00e9st, \u00e9s megjegyezte:<br>\u201eMilyen gyorsan tanul a di\u00e1k \u00far\u201d!<br>Ezut\u00e1n m\u00e9g sz\u00e1mtalan est\u00e9n tal\u00e1lkoztunk a sz\u00f3rakoz\u00f3helyen, de sohasem volt semmi k\u00f6vetkezm\u00e9nye ott tart\u00f3zkod\u00e1somnak.<br>Igaz!<br>Akkor is k\u00f6sz\u00f6ntem, ha csak a kalapj\u00e1t l\u00e1ttam az ok\u00edt\u00f3mnak.<\/p>\n\n\n\n<p class=\"wp-block-paragraph\">Tarj\u00e1nyi L\u00e1szl\u00f3 testnevel\u0151 tan\u00e1rom, edz\u0151m soha nem j\u00f6tt a feles\u00e9g\u00e9vel, \u0151 ink\u00e1bb bar\u00e1tokkal jelent meg, \u00e9s alkalomadt\u00e1n m\u00e9g itallal is meg k\u00edn\u00e1lt, mely gesztus\u00e1val tal\u00e1n ki akarta fejezni: Cinkosok vagyunk!<\/p>\n\n\n\n<p class=\"wp-block-paragraph\">K\u00e1si Jen\u0151 tan\u00e1r \u00far sem feles\u00e9g\u00e9vel j\u00e1rt a Koron\u00e1ba, hanem bar\u00e1tokkal vagy egyed\u00fcl, amikor \u00e9ppen egy tarokkparti ut\u00e1n egy ital erej\u00e9ig \u00fatba ejtette az \u00e9ttermet.<br>Egy alkalommal z\u00e1r\u00f3rakor \u00e9rkezett, amikor m\u00e1r kimuzsik\u00e1lt a zenekar.<br>\u00c9ppen a zongor\u00e1t csuktam le, mikor bel\u00e9pett.<br>Amint odan\u00e9zett intett nekem, hogy menjek oda, \u00e9s le\u00fclt a zenekari asztalhoz.<br>Udvariasan k\u00f6sz\u00f6nt\u00f6ttem, miut\u00e1n hellyel k\u00edn\u00e1lt, majd p\u00e9nzt tett el\u00e9bem az asztalra, \u00e9s k\u00e9rte, hogy hozassak k\u00e9t nagyfr\u00f6ccs\u00f6t.<br>Tan\u00e1r \u00far k\u00e9rem, m\u00e1r kimuzsik\u00e1ltunk, \u00e9s ilyenkor m\u00e1r, nem adnak semmit, nincs kiszolg\u00e1l\u00e1s. \u2013Feleltem!<br>Ezt \u00e9n nagyon j\u00f3l tudom, \u00e9s az\u00e9rt k\u00e9rtelek t\u00e9ged, mert te bennfentes vagy.<br>Odamentem a f\u0151n\u00f6kh\u00f6z, k\u00e9rtem k\u00e9t nagyfr\u00f6ccs\u00f6t, hozz\u00e1t\u00e9ve:<br>\u201eHa nem akarja, hogy holnapt\u00f3l ne j\u00f6hessek muzsik\u00e1lni, vagy esetleg kir\u00fagjanak a gimn\u00e1ziumb\u00f3l, akkor ez egyszer tegyen kiv\u00e9telt\u201d.<br>A f\u0151n\u00f6k b\u00f3lintott, \u00e9s szem\u00e9lyesen szolg\u00e1lt ki benn\u00fcnket.<br>Koccintottunk Jen\u0151 b\u00e1csival, &#8211; aki koll\u00e9gista koromban annyi kimen\u0151elvon\u00e1sban r\u00e9szes\u00edtett, hogy a ny\u00e1ri sz\u00fcnetet is bent kellett volna t\u00f6ltenem \u2013 aki besz\u00e9lget\u00e9s k\u00f6zben megk\u00e9rdezte: te merre laksz?<br>A Tulip\u00e1n utc\u00e1n.<br>Nagyszer\u0171, &#8211; mondta, akkor egy\u00fctt megy\u00fcnk haza.<br>Ebb\u0151l tudtam, hogy haza kell k\u00eds\u00e9rnem a meglehet\u0151sen ittas tan\u00e1romat.<br>Miut\u00e1n elfogyasztottuk az italainkat elindultunk haza.<br>Mikor a gimn\u00e1ziumhoz \u00e9rt\u00fcnk Jen\u0151 b\u00e1csi azt mondta: \u201d Inni k\u00e9ne valamit m\u00e9g\u201d!<br>Tan\u00e1r \u00far m\u00e1r minden bez\u00e1rt, sehov\u00e1 nem tudunk elmenni ilyenkor: Feleltem!<br>Erre kigombolta a ballonkab\u00e1tj\u00e1t, \u00e9s el\u0151h\u00fazott egy butykost, majd kezembe nyomva hozz\u00e1tette: \u201ete olyan \u00e9lhetetlen ember vagy, soha sem viszed semmire az \u00e9letben, ha nem v\u00e1ltozol meg\u201d.<br>Ittam \u00e9s k\u00f6zben eszembe jutott, hogy milyen \u201eRendes\u201d di\u00e1k vagyok:<br>\u201eEnged\u00e9ly n\u00e9lk\u00fcl, titokban muzsik\u00e1lok a Koron\u00e1ban, \u00e9jjel k\u00eds\u00e9rgetem ittas tan\u00e1romat, betet\u00e9zve azzal, hogy pontban \u00e9jf\u00e9lkor butykosb\u00f3l iszom a bort iskol\u00e1m el\u0151tt. (Ahogy mondani szok\u00e1s: \u201eEz meg\u00e9r egy mis\u00e9t\u201d)<br>V\u00e9gre meg\u00e9rkezt\u00fcnk a Katolikus Temet\u0151 kapuj\u00e1hoz, mely volt z\u00e1rva.<br>Tan\u00e1r \u00far a temet\u0151 hatalmas vaskapuja m\u00f6g\u00f6tti bej\u00e1r\u00f3ban lakott.<br>Nagy nehezen el\u0151ker\u00fclt a kapukulcsa, de hi\u00e1ba pr\u00f3b\u00e1lta Jen\u0151 b\u00e1csi kinyitni a kaput, nem siker\u00fclt.<br>E k\u00e9nyszerhelyzetben a legjobb megold\u00e1sk\u00e9nt ism\u00e9t el\u0151 ker\u00fclt a butykos, melyet meg kellett h\u00faznunk.<br>Miut\u00e1n bevett\u00fck a c\u00e9lz\u00f3vizet, \u00fajabb pr\u00f3b\u00e1lkoz\u00e1s k\u00f6vetkezett.<br>Kedvem lett volna mondani Jen\u0151 b\u00e1csinak:<br>\u201eCsengessen be a feles\u00e9g\u00e9nek, hogy adja ki a kulcslyukat is, mivel csak a kulcs van n\u00e1la\u201d.<br>Miut\u00e1n nem mertem po\u00e9nkodni, v\u00e9gre sokadik k\u00e9r\u00e9semre \u00e1tadta a f\u00e9ltve \u0151rz\u00f6tt kulcs\u00e1t.<br>Beledugtam a z\u00e1rba, \u00e9s kinyitottam az addig engedetlen kaput.<br>H\u00e1t ezt, hogy csin\u00e1ltad? \u2013 N\u00e9zett r\u00e1m csod\u00e1lkozva.<br>Bek\u00eds\u00e9rjem tan\u00e1r \u00far? \u2013 K\u00e9rdeztem!<br>Fej\u00e9t r\u00e1zva annyit mondott: \u201eNem vagy te olyan j\u00f3 aj\u00e1nl\u00f3lev\u00e9l\u201d!<br>J\u00f3\u00e9jszak\u00e1t, mondta, \u00e9s elt\u0171nt a s\u00f6t\u00e9tben.<br>Kicsit v\u00e1rtam, majd ut\u00e1na lopakodva meggy\u0151z\u0151dtem, hogy sikeresen c\u00e9lba \u00e9rt-e.<br>Ezut\u00e1n a temet\u0151kaput gondosan becsuktam, \u00e9s elindultam haza!<\/p>\n\n\n\n<p class=\"wp-block-paragraph\">M\u00e1snap F\u00e1tyol Misi megjegyezte: \u201eTe m\u00e1r t\u00faltett\u00e9l a zenekaron, mert mi m\u00e9g soha nem lett\u00fcnk kiszolg\u00e1lva z\u00e1r\u00f3ra ut\u00e1n\u201d.<br>Elhiszem! &#8211; De nem is j\u00e1r egyik\u0151t\u00f6k sem gimn\u00e1ziumba. \u2013V\u00e1laszoltam hasonl\u00f3 st\u00edlusban.<br>A zenekarban t\u00f6lt\u00f6tt nyolc h\u00f3nap alatt rendezt\u00e9k meg a sok m\u00e1s rendezv\u00e9ny k\u00f6z\u00f6tt a gimn\u00e1zium b\u00e1lj\u00e1t is, ahol szinte az eg\u00e9sz tan\u00e1ri kar r\u00e9szt vett, \u00e9s egyetlen tan\u00e1r sem tette sz\u00f3v\u00e1, a fell\u00e9p\u00e9semet a zenekarral.<br>T\u00f6bb mint \u00f6t \u00e9vtizedes t\u00e1vlatb\u00f3l, ha visszagondolok azokra az id\u0151kre, mind\u00f6ssze egy megold\u00e1s l\u00e9tezik: A legend\u00e1s pr\u00edm\u00e1sra val\u00f3 tekintettel, minden tan\u00e1r szemet hunyt a renitens di\u00e1kjuk kal\u00f3zkod\u00e1sa felett.<\/p>\n\n\n\n<p class=\"wp-block-paragraph\">F\u00e1tyol Misi els\u0151 h\u00e9ttag\u00fa kombin\u00e1lt zenekar\u00e1nak zongorist\u00e1j\u00e1t, a 87 \u00e9ves kor\u00e1ban elhunyt Bakos Zolt\u00e1nt: 2002. j\u00falius 28-\u00e1n 10 \u00f3ra 30 perckor helyezt\u00e9k \u00f6r\u00f6k nyugalomra a mak\u00f3i Belv\u00e1rosi Reform\u00e1tus Temet\u0151ben.(Utols\u00f3 zenekari tag.)<\/p>\n\n\n\n<p class=\"wp-block-paragraph\">\u00dagy gondolom, most j\u00f6tt el az ideje, hogy megismertessem az olvas\u00f3val az \u0151sr\u00e9gi csal\u00e1df\u00e1t, \u00e9s annak legutols\u00f3 pr\u00edm\u00e1s\u00e1t: F\u00e1tyol Misit.<\/p>\n","protected":false},"excerpt":{"rendered":"<p>F\u00c1TYOL ZENEKAR F\u00e1tyol Misinek hossz\u00fa \u00e9vtizedekig egy \u00f6ttag\u00fa cig\u00e1nyzenekara volt, amellyel sikert-sikerre halmoztak, \u00e9s a Magyar R\u00e1di\u00f3ban is sokszor szerepeltek.A legend\u00e1s pr\u00edm\u00e1s az orsz\u00e1gban els\u0151k k\u00f6z\u00f6tt volt, aki felfigyelt az id\u0151k szav\u00e1ra, \u00e9s a korral l\u00e9p\u00e9st tartva kib\u0151v\u00edtette zenekar\u00e1t, annak \u00e9rdek\u00e9ben, hogy a k\u00f6z\u00f6ns\u00e9g \u00e1ltal ig\u00e9nyelt t\u00e1nczenei k\u00f6vetelm\u00e9nynek is eleget tudjanak tenni.A megmaradt cig\u00e1nyzenekart kib\u0151v\u00edtette &#8230; <a title=\"EPZ\u00d3DOK &#8211; F\u00c1TYOL ZENEKAR\" class=\"read-more\" href=\"https:\/\/bozsogiattila.hu\/?p=1550\" aria-label=\"Tov\u00e1bbiak EPZ\u00d3DOK &#8211; F\u00c1TYOL ZENEKAR\">Olvass tov\u00e1bb<\/a><\/p>\n","protected":false},"author":3,"featured_media":0,"comment_status":"open","ping_status":"open","sticky":false,"template":"","format":"standard","meta":{"footnotes":""},"categories":[331],"tags":[],"class_list":["post-1550","post","type-post","status-publish","format-standard","hentry","category-emlkeim"],"yoast_head":"<!-- This site is optimized with the Yoast SEO plugin v21.8 - https:\/\/yoast.com\/wordpress\/plugins\/seo\/ -->\n<title>EPZ\u00d3DOK - F\u00c1TYOL ZENEKAR - Bozsogi Attila<\/title>\n<meta name=\"robots\" content=\"index, follow, max-snippet:-1, max-image-preview:large, max-video-preview:-1\" \/>\n<link rel=\"canonical\" href=\"https:\/\/bozsogiattila.hu\/?p=1550\" \/>\n<meta property=\"og:locale\" content=\"hu_HU\" \/>\n<meta property=\"og:type\" content=\"article\" \/>\n<meta property=\"og:title\" content=\"EPZ\u00d3DOK - F\u00c1TYOL ZENEKAR - Bozsogi Attila\" \/>\n<meta property=\"og:description\" content=\"F\u00c1TYOL ZENEKAR F\u00e1tyol Misinek hossz\u00fa \u00e9vtizedekig egy \u00f6ttag\u00fa cig\u00e1nyzenekara volt, amellyel sikert-sikerre halmoztak, \u00e9s a Magyar R\u00e1di\u00f3ban is sokszor szerepeltek.A legend\u00e1s pr\u00edm\u00e1s az orsz\u00e1gban els\u0151k k\u00f6z\u00f6tt volt, aki felfigyelt az id\u0151k szav\u00e1ra, \u00e9s a korral l\u00e9p\u00e9st tartva kib\u0151v\u00edtette zenekar\u00e1t, annak \u00e9rdek\u00e9ben, hogy a k\u00f6z\u00f6ns\u00e9g \u00e1ltal ig\u00e9nyelt t\u00e1nczenei k\u00f6vetelm\u00e9nynek is eleget tudjanak tenni.A megmaradt cig\u00e1nyzenekart kib\u0151v\u00edtette ... Olvass tov\u00e1bb\" \/>\n<meta property=\"og:url\" content=\"https:\/\/bozsogiattila.hu\/?p=1550\" \/>\n<meta property=\"og:site_name\" content=\"Bozsogi Attila\" \/>\n<meta property=\"article:published_time\" content=\"2024-01-15T19:07:47+00:00\" \/>\n<meta name=\"author\" content=\"Bozsogi Attila\" \/>\n<meta name=\"twitter:card\" content=\"summary_large_image\" \/>\n<meta name=\"twitter:label1\" content=\"Szerz\u0151:\" \/>\n\t<meta name=\"twitter:data1\" content=\"Bozsogi Attila\" \/>\n\t<meta name=\"twitter:label2\" content=\"Becs\u00fclt olvas\u00e1si id\u0151\" \/>\n\t<meta name=\"twitter:data2\" content=\"10 perc\" \/>\n<script type=\"application\/ld+json\" class=\"yoast-schema-graph\">{\"@context\":\"https:\/\/schema.org\",\"@graph\":[{\"@type\":\"WebPage\",\"@id\":\"https:\/\/bozsogiattila.hu\/?p=1550\",\"url\":\"https:\/\/bozsogiattila.hu\/?p=1550\",\"name\":\"EPZ\u00d3DOK - F\u00c1TYOL ZENEKAR - Bozsogi Attila\",\"isPartOf\":{\"@id\":\"https:\/\/bozsogiattila.hu\/#website\"},\"datePublished\":\"2024-01-15T19:07:47+00:00\",\"dateModified\":\"2024-01-15T19:07:47+00:00\",\"author\":{\"@id\":\"https:\/\/bozsogiattila.hu\/#\/schema\/person\/488c99f554a8c4039201260dd5eb795e\"},\"breadcrumb\":{\"@id\":\"https:\/\/bozsogiattila.hu\/?p=1550#breadcrumb\"},\"inLanguage\":\"hu\",\"potentialAction\":[{\"@type\":\"ReadAction\",\"target\":[\"https:\/\/bozsogiattila.hu\/?p=1550\"]}]},{\"@type\":\"BreadcrumbList\",\"@id\":\"https:\/\/bozsogiattila.hu\/?p=1550#breadcrumb\",\"itemListElement\":[{\"@type\":\"ListItem\",\"position\":1,\"name\":\"Kezd\u0151lap\",\"item\":\"https:\/\/bozsogiattila.hu\/\"},{\"@type\":\"ListItem\",\"position\":2,\"name\":\"EPZ\u00d3DOK &#8211; F\u00c1TYOL ZENEKAR\"}]},{\"@type\":\"WebSite\",\"@id\":\"https:\/\/bozsogiattila.hu\/#website\",\"url\":\"https:\/\/bozsogiattila.hu\/\",\"name\":\"Bozsogi Attila\",\"description\":\"a zen\u00e9sz, \u00edr\u00f3 munk\u00e1ss\u00e1g\u00e1nak \u00e9s a mak\u00f3i muzsikusok eml\u00e9k\u00e9t \u0151rz\u0151 oldal\",\"potentialAction\":[{\"@type\":\"SearchAction\",\"target\":{\"@type\":\"EntryPoint\",\"urlTemplate\":\"https:\/\/bozsogiattila.hu\/?s={search_term_string}\"},\"query-input\":\"required name=search_term_string\"}],\"inLanguage\":\"hu\"},{\"@type\":\"Person\",\"@id\":\"https:\/\/bozsogiattila.hu\/#\/schema\/person\/488c99f554a8c4039201260dd5eb795e\",\"name\":\"Bozsogi Attila\",\"image\":{\"@type\":\"ImageObject\",\"inLanguage\":\"hu\",\"@id\":\"https:\/\/bozsogiattila.hu\/#\/schema\/person\/image\/\",\"url\":\"https:\/\/secure.gravatar.com\/avatar\/7da6b5985e34ed798d1670c54ce7d20e6a53b800bb0c07945c64b09392f3dbfd?s=96&d=mm&r=g\",\"contentUrl\":\"https:\/\/secure.gravatar.com\/avatar\/7da6b5985e34ed798d1670c54ce7d20e6a53b800bb0c07945c64b09392f3dbfd?s=96&d=mm&r=g\",\"caption\":\"Bozsogi Attila\"},\"sameAs\":[\"http:\/\/www.boszogiattila.hu\"],\"url\":\"https:\/\/bozsogiattila.hu\/?author=3\"}]}<\/script>\n<!-- \/ Yoast SEO plugin. -->","yoast_head_json":{"title":"EPZ\u00d3DOK - F\u00c1TYOL ZENEKAR - Bozsogi Attila","robots":{"index":"index","follow":"follow","max-snippet":"max-snippet:-1","max-image-preview":"max-image-preview:large","max-video-preview":"max-video-preview:-1"},"canonical":"https:\/\/bozsogiattila.hu\/?p=1550","og_locale":"hu_HU","og_type":"article","og_title":"EPZ\u00d3DOK - F\u00c1TYOL ZENEKAR - Bozsogi Attila","og_description":"F\u00c1TYOL ZENEKAR F\u00e1tyol Misinek hossz\u00fa \u00e9vtizedekig egy \u00f6ttag\u00fa cig\u00e1nyzenekara volt, amellyel sikert-sikerre halmoztak, \u00e9s a Magyar R\u00e1di\u00f3ban is sokszor szerepeltek.A legend\u00e1s pr\u00edm\u00e1s az orsz\u00e1gban els\u0151k k\u00f6z\u00f6tt volt, aki felfigyelt az id\u0151k szav\u00e1ra, \u00e9s a korral l\u00e9p\u00e9st tartva kib\u0151v\u00edtette zenekar\u00e1t, annak \u00e9rdek\u00e9ben, hogy a k\u00f6z\u00f6ns\u00e9g \u00e1ltal ig\u00e9nyelt t\u00e1nczenei k\u00f6vetelm\u00e9nynek is eleget tudjanak tenni.A megmaradt cig\u00e1nyzenekart kib\u0151v\u00edtette ... Olvass tov\u00e1bb","og_url":"https:\/\/bozsogiattila.hu\/?p=1550","og_site_name":"Bozsogi Attila","article_published_time":"2024-01-15T19:07:47+00:00","author":"Bozsogi Attila","twitter_card":"summary_large_image","twitter_misc":{"Szerz\u0151:":"Bozsogi Attila","Becs\u00fclt olvas\u00e1si id\u0151":"10 perc"},"schema":{"@context":"https:\/\/schema.org","@graph":[{"@type":"WebPage","@id":"https:\/\/bozsogiattila.hu\/?p=1550","url":"https:\/\/bozsogiattila.hu\/?p=1550","name":"EPZ\u00d3DOK - F\u00c1TYOL ZENEKAR - Bozsogi Attila","isPartOf":{"@id":"https:\/\/bozsogiattila.hu\/#website"},"datePublished":"2024-01-15T19:07:47+00:00","dateModified":"2024-01-15T19:07:47+00:00","author":{"@id":"https:\/\/bozsogiattila.hu\/#\/schema\/person\/488c99f554a8c4039201260dd5eb795e"},"breadcrumb":{"@id":"https:\/\/bozsogiattila.hu\/?p=1550#breadcrumb"},"inLanguage":"hu","potentialAction":[{"@type":"ReadAction","target":["https:\/\/bozsogiattila.hu\/?p=1550"]}]},{"@type":"BreadcrumbList","@id":"https:\/\/bozsogiattila.hu\/?p=1550#breadcrumb","itemListElement":[{"@type":"ListItem","position":1,"name":"Kezd\u0151lap","item":"https:\/\/bozsogiattila.hu\/"},{"@type":"ListItem","position":2,"name":"EPZ\u00d3DOK &#8211; F\u00c1TYOL ZENEKAR"}]},{"@type":"WebSite","@id":"https:\/\/bozsogiattila.hu\/#website","url":"https:\/\/bozsogiattila.hu\/","name":"Bozsogi Attila","description":"a zen\u00e9sz, \u00edr\u00f3 munk\u00e1ss\u00e1g\u00e1nak \u00e9s a mak\u00f3i muzsikusok eml\u00e9k\u00e9t \u0151rz\u0151 oldal","potentialAction":[{"@type":"SearchAction","target":{"@type":"EntryPoint","urlTemplate":"https:\/\/bozsogiattila.hu\/?s={search_term_string}"},"query-input":"required name=search_term_string"}],"inLanguage":"hu"},{"@type":"Person","@id":"https:\/\/bozsogiattila.hu\/#\/schema\/person\/488c99f554a8c4039201260dd5eb795e","name":"Bozsogi Attila","image":{"@type":"ImageObject","inLanguage":"hu","@id":"https:\/\/bozsogiattila.hu\/#\/schema\/person\/image\/","url":"https:\/\/secure.gravatar.com\/avatar\/7da6b5985e34ed798d1670c54ce7d20e6a53b800bb0c07945c64b09392f3dbfd?s=96&d=mm&r=g","contentUrl":"https:\/\/secure.gravatar.com\/avatar\/7da6b5985e34ed798d1670c54ce7d20e6a53b800bb0c07945c64b09392f3dbfd?s=96&d=mm&r=g","caption":"Bozsogi Attila"},"sameAs":["http:\/\/www.boszogiattila.hu"],"url":"https:\/\/bozsogiattila.hu\/?author=3"}]}},"jetpack_featured_media_url":"","_links":{"self":[{"href":"https:\/\/bozsogiattila.hu\/index.php?rest_route=\/wp\/v2\/posts\/1550","targetHints":{"allow":["GET"]}}],"collection":[{"href":"https:\/\/bozsogiattila.hu\/index.php?rest_route=\/wp\/v2\/posts"}],"about":[{"href":"https:\/\/bozsogiattila.hu\/index.php?rest_route=\/wp\/v2\/types\/post"}],"author":[{"embeddable":true,"href":"https:\/\/bozsogiattila.hu\/index.php?rest_route=\/wp\/v2\/users\/3"}],"replies":[{"embeddable":true,"href":"https:\/\/bozsogiattila.hu\/index.php?rest_route=%2Fwp%2Fv2%2Fcomments&post=1550"}],"version-history":[{"count":1,"href":"https:\/\/bozsogiattila.hu\/index.php?rest_route=\/wp\/v2\/posts\/1550\/revisions"}],"predecessor-version":[{"id":1552,"href":"https:\/\/bozsogiattila.hu\/index.php?rest_route=\/wp\/v2\/posts\/1550\/revisions\/1552"}],"wp:attachment":[{"href":"https:\/\/bozsogiattila.hu\/index.php?rest_route=%2Fwp%2Fv2%2Fmedia&parent=1550"}],"wp:term":[{"taxonomy":"category","embeddable":true,"href":"https:\/\/bozsogiattila.hu\/index.php?rest_route=%2Fwp%2Fv2%2Fcategories&post=1550"},{"taxonomy":"post_tag","embeddable":true,"href":"https:\/\/bozsogiattila.hu\/index.php?rest_route=%2Fwp%2Fv2%2Ftags&post=1550"}],"curies":[{"name":"wp","href":"https:\/\/api.w.org\/{rel}","templated":true}]}}