{"id":1553,"date":"2024-01-15T19:09:07","date_gmt":"2024-01-15T19:09:07","guid":{"rendered":"https:\/\/bozsogiattila.hu\/?p=1553"},"modified":"2024-01-15T19:09:07","modified_gmt":"2024-01-15T19:09:07","slug":"makoi-fatyol-misi-1909-1980","status":"publish","type":"post","link":"https:\/\/bozsogiattila.hu\/?p=1553","title":{"rendered":"MAK\u00d3I F\u00c1TYOL MISI (1909-1980)"},"content":{"rendered":"\n<p class=\"wp-block-paragraph\">MAK\u00d3I F\u00c1TYOL MISI (1909-1980)<\/p>\n\n\n\n<p class=\"wp-block-paragraph\">A d\u00e9lalf\u00f6ldi Mak\u00f3 v\u00e1ros\u00e1nak, \u00e9s t\u00e9rs\u00e9g\u00e9nek, tal\u00e1n legnagyobb m\u00falttal rendelkez\u0151 cig\u00e1nydinaszti\u00e1ja a F\u00e1tyol dinasztia. Csal\u00e1df\u00e1juk lev\u00e9lt\u00e1ri \u00e9s egyh\u00e1zi nyilv\u00e1ntart\u00e1sok felkutat\u00e1s\u00e1val 1703-ig vezethet\u0151 vissza. Teh\u00e1t m\u00e1r a R\u00e1k\u00f3czi szabads\u00e1gharc idej\u00e9n, csal\u00e1djuk \u0151sei ebben a v\u00e1rosban muzsik\u00e1ltak, \u00e9s minden gener\u00e1ci\u00f3 fiai muzsikusok voltak.<br>E 300 \u00e9vet mag\u00e1ba foglal\u00f3 t\u00f6rt\u00e9net v\u00e9g\u00e9n \u00e1llt a legend\u00e1s h\u00edr\u0171 cig\u00e1nypr\u00edm\u00e1s: F\u00e1tyol Misi, aki a megtestes\u00edt\u0151je lett, az ide\u00e1lis pr\u00edm\u00e1s fogalm\u00e1nak, \u00e9s mag\u00e1ban hordozta a zenekarvezet\u0151i er\u00e9nyeket, \u00e9s szaktud\u00e1st egyar\u00e1nt. Mestere volt hangszer\u00e9nek, \u00e9s t\u00f3nus\u00e1ban \u00f6tv\u00f6z\u0151d\u00f6tt az \u0151si cig\u00e1nyzene \u00e9s a klasszikus hangz\u00e1skult\u00fara. Hangszerel\u00e9seiben ezt a kett\u0151ss\u00e9get, zenei \u00e9p\u00edtkez\u00e9st a legmagasabb szinten hasznos\u00edtotta. T\u00f6k\u00e9letes emberismer\u0151i k\u00e9pess\u00e9g\u00e9nek k\u00f6sz\u00f6nhet\u0151en, e m\u0171fajban a legmegfelel\u0151bb t\u00e1rsakat, zenekari tagokat alkalmazta, akiknek, a k\u00e9pess\u00e9g\u00fcknek megfelel\u0151 magas m\u00e9rc\u00e9t \u00e1ll\u00edtott.<br>Kifog\u00e1stalan megjelen\u00e9se, eleganci\u00e1ja, modora, intelligenci\u00e1ja \u00fari tart\u00e1st adott sz\u00e1m\u00e1ra, melyet eg\u00e9sz \u00e9let\u00e9ben megtartott, \u00e9s ennek k\u00f6sz\u00f6nhette a tekint\u00e9ly\u00e9t \u00fagy a zen\u00e9szek k\u00f6z\u00f6tt, mind a vend\u00e9gek el\u0151tt, akik tisztelt\u00e9k \u00e9s szerett\u00e9k e rendk\u00edv\u00fcli embert.<br>A zen\u00e9szek egym\u00e1s k\u00f6z\u00f6tt p\u00f3diumzen\u00e9sznek tartott\u00e1k, mert nem szeretett \u201easztalozni\u201d. A tehets\u00e9g\u00e9t nem v\u00e1ltotta apr\u00f3p\u00e9nzre. A vend\u00e9gek n\u00f3t\u00e1it kit\u0171n\u0151 mem\u00f3ri\u00e1j\u00e1nak k\u00f6sz\u00f6nhet\u0151en megjegyezte, \u00e9s mindig k\u00e9szs\u00e9gesen elj\u00e1tszotta a p\u00f3diumr\u00f3l, csup\u00e1n annyit tett, hogy arra fordult, ahov\u00e1 a n\u00f3ta sz\u00f3lt. \uf0a0<br>Szer\u00e9ny mosoly\u00e1val \u00e9s m\u00e9rt\u00e9ktart\u00f3 magaviselet\u00e9vel, szinte \u00e9szrev\u00e9tlen lefegyverezte az egy\u00e9bk\u00e9nt duhajkod\u00e1sra hajlamos vend\u00e9geket is.<br>Az \u00f6nc\u00e9l\u00fa tetszelg\u00e9s t\u00e1vol \u00e1llt t\u0151le, viszont megk\u00f6vetelte a zenekar\u00e1t\u00f3l az odafigyel\u00e9st, \u00e9s a t\u00f6k\u00e9letes egy\u00fcttm\u0171k\u00f6d\u00e9st. R\u00f6viden mondva: fegyelmet tartott, aminek k\u00f6sz\u00f6nhet\u0151en maxim\u00e1lis elismer\u00e9st aratott, \u00fagy zenei k\u00f6r\u00f6kben, szakmai berkekben, mind a zene\u00e9rt\u0151 vend\u00e9gek el\u0151tt.<\/p>\n\n\n\n<ol class=\"wp-block-list\" start=\"9\">\n<li>19-\u00e9n sz\u00fcletett Mak\u00f3n. Sz\u00fclet\u00e9sekor m\u00e1r el is d\u0151lt, hogy a kis csecsem\u0151 pr\u00edm\u00e1s lesz. Ez r\u00e9gi trad\u00edci\u00f3 volt m\u00e1r a csal\u00e1dban, melyet sz\u00fclei boldogan be is tartottak. Els\u0151 tan\u00edt\u00f3mestere Sztanics Istv\u00e1n volt, aki egy \u00e9letre megszeretette vele a sz\u00e1razf\u00e1t. A m\u00e9g zsenge ifj\u00fa pr\u00edm\u00e1spal\u00e1nta el\u0151sz\u00f6r hasonnev\u0171 \u00e9desapja zenekar\u00e1ban deb\u00fct\u00e1lt. Innen, m\u00e9g mindig gyermekfejjel ker\u00fclt nagyb\u00e1tyja F\u00e1tyol Jancsi zenekar\u00e1ba tercpr\u00edm\u00e1snak.<br>Ebben az id\u0151ben m\u00e9g \u00f6szt\u00f6n\u00f6s muzsikusok voltak a cig\u00e1nyzen\u00e9szek. A nagyh\u00edr\u0171 F\u00e1tyol Jancsi is naturalista pr\u00edm\u00e1s volt. Ennek ellen\u00e9re kifog\u00e1stalan, sz\u00ednvonalas zen\u00e9t produk\u00e1ltak, \u00e9s reperto\u00e1rjukat a sokr\u00e9t\u0171s\u00e9g jellemezte. M\u0171sorukban: verbunkos, palot\u00e1s, magyar n\u00f3ta, n\u00e9pdal \u00e9s a vil\u00e1gi zene egyar\u00e1nt fellelhet\u0151 volt.<br>F\u00e1tyol Misi fiatalkora ellen\u00e9re r\u00e1\u00e9bredt arra, hogy a naturalista cig\u00e1nymuzsik\u00e1b\u00f3l ki kell t\u00f6rni, mert j\u00f6v\u0151je csak a tanult muzsikusoknak lehet.<br>18 \u00e9ves kor\u00e1ban kiv\u00e1lt nagyb\u00e1tyja zenekar\u00e1b\u00f3l \u00e9s Szegedre ment muzsik\u00e1lni, ahol a munka mellett beiratkozott Dr. Belle Ferenc konzervat\u00f3riumi tan\u00e1rhoz, a Filharmonikus Zenekar koncertmester\u00e9hez.<br>A rengeteg gyakorl\u00e1s, szorgalom \u00e9s a kit\u0171n\u0151 tan\u00e1ri munka eredm\u00e9nyk\u00e9nt, az akkori id\u0151k egyik legnagyobb pr\u00edm\u00e1sa Pertis P\u00e1l megh\u00edvta zenekar\u00e1ba Budapestre, a legel\u0151kel\u0151bb \u00e9ttermek k\u00f6z\u00f6tt, nyilv\u00e1ntartott Duna-parti \u201eVad\u00e1szk\u00fcrt-mulat\u00f3ba\u201d terc \u00e9s seg\u00e9dpr\u00edm\u00e1snak. Egykor a h\u00edres Boka K\u00e1roly (Kossuth Lajos kedvenc cig\u00e1nya) ott lakott a Vad\u00e1szk\u00fcrt sz\u00e1llod\u00e1j\u00e1ban, \u00e9s ott muzsik\u00e1lt az \u00e9tteremben.<br>Pertis P\u00e1l zenekara gyakori szerepl\u0151je volt a korabeli filmeknek, h\u00edrad\u00f3knak.<br>A zenekarral egy\u00fctt Misi is ott van a r\u00e9gi k\u00f3pi\u00e1k celluloidszalagj\u00e1n. Pl. a \u201eVir\u00e1gvas\u00e1rnapj\u00e1n\u201d c\u00edm\u0171 j\u00e1t\u00e9kfilmben.<br>Ebben a zenekarban a fiatal zen\u00e9sz elsaj\u00e1t\u00edtott mindent, amit egy \u00e9lvonalbeli pr\u00edm\u00e1snak szakmailag tudni kell.<br>Pertis P\u00e1l zenekar\u00e1val t\u00f6bb k\u00fclf\u00f6ldi turn\u00e9n vett r\u00e9szt, \u00e9s eljutottak a Belga Kir\u00e1lyi Golf klubba is hosszabb id\u0151re muzsik\u00e1lni. Szerz\u0151d\u00e9s\u00fck lej\u00e1rta ut\u00e1n visszat\u00e9rtek a Vad\u00e1szk\u00fcrtbe.<br>Pertis P\u00e1l eg\u00e9szs\u00e9ge megromlott \u00e9s egyre gyakrabban ker\u00fclt beteg\u00e1llom\u00e1nyba. A fiatal F\u00e1tyol Misi m\u0171v\u00e9szi j\u00e1t\u00e9k\u00e1nak legnagyobb elismer\u00e9s\u00e9t a zenekart\u00f3l kapta azzal, hogy kora \u00e9s vid\u00e9ki mivolta ellen\u00e9re elfogadt\u00e1k pr\u00edm\u00e1snak Pertis P\u00e1l betegs\u00e9ge idej\u00e9n.<br>Egy alkalommal Pertis P\u00e1l k\u00f3rh\u00e1zban volt, amikor a belga kir\u00e1ly \u00e9s k\u00eds\u00e9rete megjelent a Vad\u00e1szk\u00fcrtben vacsor\u00e1ra. Annyira megnyerte a tetsz\u00e9s\u00e9t a magas rang\u00fa vend\u00e9geknek F\u00e1tyol Misi \u00e9s a zenekar muzsik\u00e1l\u00e1sa, hogy t\u00e1voz\u00e1skor a kir\u00e1ly k\u00e9zfog\u00e1ssal gratul\u00e1lt a fiatal pr\u00edm\u00e1snak, \u00e9s r\u00f6vid id\u0151 m\u00falva megh\u00edv\u00e1st kaptak a belga f\u0151v\u00e1rosba Bruxellesbe, ism\u00e9t a Kir\u00e1lyi Golf Klubba.<br>R\u00f6viddel ezut\u00e1n, meghalt Pertis P\u00e1l, \u00e9s evidens volt, hogy Misi vezeti a zenekart k\u00fclf\u00f6ld\u00f6n is.<br>Ism\u00e9t hosszabb id\u0151t t\u00f6lt\u00f6ttek el a patin\u00e1s nyugati vil\u00e1gv\u00e1rosban.<br>M\u00e9g a szerz\u0151d\u00e9s\u00fck le sem j\u00e1rt, mikor kit\u00f6rt a II. Vil\u00e1gh\u00e1bor\u00fa, melyben az a paradox helyzet \u00e1llt el\u0151, hogy Belgium \u00e9s Magyarorsz\u00e1g is a nagy t\u00e1vols\u00e1g ellen\u00e9re hadvisel\u0151 felekk\u00e9 v\u00e1ltak.<\/li>\n<\/ol>\n\n\n\n<p class=\"wp-block-paragraph\">1939-ben f\u00e1j\u00f3 sz\u00edvvel b\u00facs\u00fat kellett mondaniuk keny\u00e9rad\u00f3 gazd\u00e1iknak. Sosem der\u00fclt ki, hogy mi vez\u00e9relte \u0151ket az akkor Magyarorsz\u00e1ghoz visszacsatolt R\u00e9v-Kom\u00e1romba, ahol 6 \u00e9vig dolgoztak, a nagy m\u00falttal rendelkez\u0151 \u201eCentr\u00e1l K\u00e1v\u00e9h\u00e1zban\u201d. Arra sem der\u00fclt f\u00e9ny soha, hogy a zenekarb\u00f3l h\u00e1nyan maradtak vele, \u00e9s h\u00e1nyan v\u00e1ltak ki. Misinek itt tan\u00edtv\u00e1nyai is voltak. A t\u00e9ny az, hogy ebben a h\u00e1bor\u00fas \u00e9vekben j\u00f3l \u00e9ltek, s anyagi gondjaik sosem voltak.<br>Itt ismerkedett meg D\u00f6me Zsuzsann\u00e1val, \u00e9s esk\u00fcdtek \u00f6r\u00f6k h\u0171s\u00e9get egym\u00e1snak.<br>1945-ben a t\u00f6rt\u00e9nelem fanyar humora k\u00f6zbesz\u00f3lt, \u00e9s R\u00e9v-Kom\u00e1romot ism\u00e9t visszacsatolt\u00e1k Csehszlov\u00e1ki\u00e1hoz. K\u00e9t v\u00e1laszt\u00e1si lehet\u0151s\u00e9g\u00fck volt: vagy cseh, vagy magyar \u00e1llampolg\u00e1rok lesznek.<br>F\u00e1tyol Misi ekkor m\u00e1r t\u00f6bb mint 10 \u00e9ve nem l\u00e1tta szeretett haz\u00e1j\u00e1nak kis v\u00e1ros\u00e1t, Mak\u00f3t. Az eltelt id\u0151 alatt sokat szenvedett a honv\u00e1gyt\u00f3l, ez\u00e9rt a d\u00f6nt\u00e9shez nem f\u00e9rt k\u00e9ts\u00e9g hazat\u00e9rt feles\u00e9g\u00e9vel (akit m\u00e9g a sz\u00fclei nem is ismertek) sz\u00fcl\u0151v\u00e1ros\u00e1ba.<br>Ebben az id\u0151ben m\u00e9g jav\u00e1ban d\u00falt az infl\u00e1c\u00ed\u00f3. (A vil\u00e1gon, a legnagyobb infl\u00e1ci\u00f3 Magyarorsz\u00e1gon volt.) Az emberek m\u00e9g a h\u00e1bor\u00fa hat\u00e1sa alatt voltak, \u00e9s nagy szeg\u00e9nys\u00e9g nehezedett az eg\u00e9sz orsz\u00e1gra, \u00edgy a mak\u00f3i n\u00e9pre is. A p\u00e9nznek nem volt \u00e9rt\u00e9ke, \u00e9s ekkor \u00e9lte f\u00e9nykor\u00e1t a cserekereskedelem.<\/p>\n\n\n\n<p class=\"wp-block-paragraph\">1945-ben F\u00e1tyol Misi visszaker\u00fclt a Jankovics csal\u00e1d tulajdon\u00e1ban l\u00e9v\u0151 Koron\u00e1ba, F\u00e1tyol Jancsihoz, (nagyb\u00e1tyj\u00e1hoz) ugyan abba a zenekarba melyb\u0151l t\u00f6bb mint t\u00edz \u00e9ve t\u00e1vozott.<br>1946-ban kiadt\u00e1k az \u00faj p\u00e9nzt: a forintot, \u00e9s lassan rendes ker\u00e9kv\u00e1g\u00e1sba ker\u00fclt az orsz\u00e1g<br>F\u00e1tyol Jancsi r\u00e9gen d\u00e9delgetett terve volt, hogy bek\u00f6lt\u00f6zik Szegedre. Ez\u00e9rt m\u00e9g egy ideig Mak\u00f3n muzsik\u00e1lt, s k\u00f6zben int\u00e9zte a lak\u00e1st, munkahelyet Szegeden. Mikor minden \u00f6sszej\u00f6tt, \u00e1tadta a Koron\u00e1t unoka\u00f6ccs\u00e9nek.<br>Id\u0151k\u00f6zben megkezd\u0151d\u00f6tt az \u00e1llamos\u00edt\u00e1s, \u00e9s a Korona Jankovics\u00e9kt\u00f3l a Csongr\u00e1d-megyei Vend\u00e9gl\u00e1t\u00f3 V\u00e1llalat kezel\u00e9s\u00e9be ker\u00fclt, \u00e9s ezzel nyugd\u00edjas \u00e1ll\u00e1suk lett a zen\u00e9szeknek.<br>R\u00f6vid \u00fatkeres\u00e9s ut\u00e1n kialakult a sportnyelven mondott \u201eAranycsapat\u201d: F\u00e1tyol Misi pr\u00edm\u00e1s, zenekarvezet\u0151, ifj. R\u00e1cz G\u00e9za terc \u00e9s seg\u00e9dpr\u00edm\u00e1s, id. R\u00e1cz G\u00e9za Br\u00e1cs\u00e1s, Kelecs\u00e9nyi J\u00f3zsef cimbalmos, Puka J\u00e1nos nagyb\u0151g\u0151s. Ez a zenekar kit\u0171n\u0151en \u00f6sszekov\u00e1csol\u00f3dott, \u00e9s az elk\u00f6vetkez\u0151 \u00e9vtizedekben sok \u00f6r\u00f6m\u00f6t szerzett a v\u00e1ros \u00e9s a k\u00f6rny\u00e9k lakoss\u00e1g\u00e1nak, \u00fagy a vend\u00e9geknek, mind a r\u00e1di\u00f3hallgat\u00f3inak.<br>Az \u00f6tvenes \u00e9vekben a Pet\u0151fi R\u00e1di\u00f3nak volt egy n\u00e9pzenei ad\u00e1sa: \u201eVid\u00e9ki Pr\u00edm\u00e1sok m\u0171sora\u201d c\u00edmmel. T\u00f6bb alkalommal is megh\u00edvt\u00e1k Pestre, felv\u00e9telre mak\u00f3i F\u00e1tyol Misit \u00e9s zenekar\u00e1t, mely felv\u00e9teleket t\u00f6bbsz\u00f6r is sug\u00e1rozta a r\u00e1di\u00f3. Elk\u00e9pzelhet\u0151, hogy a Pet\u0151fi R\u00e1di\u00f3 arch\u00edv anyag\u00e1ban m\u00e9g megtal\u00e1lhat\u00f3k voln\u00e1nak, ezek az \u00e9rt\u00e9kes felv\u00e9telek.<br>Szint\u00e9n az \u00f6tvenes \u00e9vekhez f\u0171z\u0151dik, az ambici\u00f3zus Pitvarosi karnagy Stiner B\u00e9la (\u00edrt gyermekoper\u00e1kat is) \u00e9s a F\u00e1tyol zenekar kapcsolata. Steiner B\u00e9la szlov\u00e1k \u00e9s csal\u00f3k\u00f6zi magyar anyagb\u00f3l k\u00f3rusm\u0171veket, dalos, t\u00e1ncos n\u00e9pi j\u00e1t\u00e9kokat \u00e1ll\u00edtott \u00f6ssze. Miut\u00e1n t\u00f6bb helyt sikerrel szerepeltek a megy\u00e9ben, a Magyar R\u00e1di\u00f3 felfigyelt r\u00e1juk, \u00e9s felv\u00e9telt akart k\u00e9sz\u00edteni az egy\u00fcttessel. Pitvaroson nem voltak megfelel\u0151 zen\u00e9szek e feladatra, ez\u00e9rt Steiner karnagy zenekar ut\u00e1n kutatott. Valaki aj\u00e1nlotta neki a magas sz\u00ednvonalon muzsik\u00e1l\u00f3 F\u00e1tyol\u00e9kat.<br>A karnagy \u00far beutazott Mak\u00f3ra, \u00e9s bement a Koron\u00e1ba, vacsor\u00e1t rendelt, \u00e9s k\u00f6zben figyelte a zenekart. Az els\u0151 hallott n\u00f3t\u00e1k ut\u00e1n m\u00e1r tudta, hogy megtal\u00e1lta a zenekar\u00e1t. R\u00f6vid alku ut\u00e1n megk\u00f6ttetett az egyess\u00e9g. F\u00e1tyol Misinek \u00e1tadta az \u00e9nekkott\u00e1kat. Misi kidolgozta a harm\u00f3ni\u00e1kat, meghangszerelte a dalokat \u00e9s betan\u00edtotta a zenekarnak. A felv\u00e9tel el\u0151tt a zenekar m\u00e1r t\u00f6k\u00e9letesen tudta az anyagot. Gondot csak a felv\u00e9tel okozott, mivel Pitvaroson akkor m\u00e9g nem volt villany, \u00edgy aggreg\u00e1tort kellett haszn\u00e1lni. V\u00e9g\u00fcl, minden j\u00f3l ment, \u00e9s a felv\u00e9tel is siker\u00fclt.<br>M\u00e9g ugyan abban az \u00e9vben sz\u00ednpadra \u00e1ll\u00edtott\u00e1k a Szlov\u00e1k lakodalmas c\u00edm\u0171 j\u00e1t\u00e9kot.<br>1954-ben Muharay Elem\u00e9r, a Gy\u00f6ngy\u00f6sbokr\u00e9ta mozgalom atyja, felvitte \u0151ket Pestre, \u00e9s az \u00c1llami N\u00e9pi Egy\u00fcttes sz\u00e9kh\u00e1z\u00e1ban bemutatt\u00e1k a leg\u00fajabb Steiner kompoz\u00edci\u00f3t: a Batyub\u00e1lt. Ezt ny\u00e1rom a mak\u00f3i Hagymah\u00e1zban megism\u00e9telt\u00e9k.<br>Term\u00e9szetesen minden \u0151sbemutat\u00f3 Pitvaroson volt!<br>Erre a sikeresen m\u0171k\u00f6d\u0171 kapcsolatra egy felvid\u00e9ki koncertk\u00f6r\u00fat tette fel a koron\u00e1t.<\/p>\n\n\n\n<p class=\"wp-block-paragraph\">1956 tavasz\u00e1n, H\u00f3dmez\u0151v\u00e1s\u00e1rhelyen: a \u201eFekete Sas\u201d (akkor: \u201eB\u00e9ke Sz\u00e1ll\u00f3) nagyterm\u00e9ben rendeztek egy megyei n\u00e9pzenei tal\u00e1lkoz\u00f3t. A zs\u00fafol\u00e1sig megtelt teremben h\u00e1rom zenekar vet\u00e9lkedett. Mak\u00f3t F\u00e1tyol Misi \u00e9s zenekara, Szentest Konkoly\u00e9k, V\u00e1s\u00e1rhelyt Gaudi Tacsi \u00e9s zenekara k\u00e9pviselte. A vet\u00e9lked\u0151t rangos budapesti zs\u0171ri \u00e9rt\u00e9kelte.<br>Az els\u0151 d\u00edjat a mak\u00f3i zenekar nyerte el.<br>Ebben az id\u0151ben ak\u00e1r pr\u00edm\u00e1sversenyen indultak, ak\u00e1r zenekari tal\u00e1lkoz\u00f3n, minden honnan gy\u0151ztesk\u00e9nt t\u00e1vozhattak.<br>1957-ben a SZ\u00d6VOSZ zenekarok orsz\u00e1gos verseny\u00e9n: Mez\u0151k\u00f6vesden arattak diadalt. 19 megye egy-egy zenekarral k\u00e9pviselte mag\u00e1t, \u00e9s ebb\u0151l a nagyon er\u0151s mez\u0151nyb\u0151l hozt\u00e1k el az els\u0151 helyez\u00e9st. Az egy\u00fcttesek legjobbjaib\u00f3l alak\u00edtottak egy 60 tag\u00fa monstre egy\u00fcttest, melyben F\u00e1tyol Misi \u00e9s ifj. R\u00e1cz G\u00e9za is benne volt.<br>Ekkor kapott F\u00e1tyol Misi megh\u00edv\u00e1st az \u00c1llami N\u00e9pi Egy\u00fcttesbe pr\u00edm\u00e1snak.<br>Az akkor 48 \u00e9ves pr\u00edm\u00e1s nem v\u00e1llalta a felk\u00e9r\u00e9st, \u00e9s ezzel lemondott arr\u00f3l, hogy bej\u00e1rja a vil\u00e1got a nemzetk\u00f6zileg felkapott egy\u00fcttessel. Maradt Mak\u00f3n a csal\u00e1dj\u00e1val, akiket minden h\u00edrn\u00e9vn\u00e9l t\u00f6bbre \u00e9rt\u00e9kelt \u00e9s jobban szeretett. (Itt jegyezn\u00e9m meg, hogy h\u00e1zass\u00e1gukb\u00f3l h\u00e1rom gyermek sz\u00fcletett, egy l\u00e1ny \u00e9s k\u00e9t fi\u00fa.)<br>Nem sokkal ezut\u00e1n a Nemzeti Sz\u00ednh\u00e1zban egy nemzetk\u00f6zi kongresszus r\u00e9sztvev\u0151i tisztelet\u00e9re rendezett hangversenyen l\u00e9ptett\u00e9k fel \u0151ket.<br>M\u00e9g ebben az \u00e9vben megnyert\u00e9k a vid\u00e9ki pr\u00edm\u00e1sok zenekarainak verseny\u00e9t is, ahol Vavrinyec B\u00e9la zeneszerz\u0151, a zs\u0171ri eln\u00f6ke k\u00fcl\u00f6n gratul\u00e1lt a zenekarnak, \u00e9s vezet\u0151j\u00e9nek.<\/p>\n\n\n\n<ol class=\"wp-block-list\" start=\"1958\">\n<li>november 07-\u00e9n, Mak\u00f3 v\u00e1ros m\u0171vel\u0151d\u00e9si oszt\u00e1lya kimagasl\u00f3 munk\u00e1j\u00e1\u00e9rt n\u00edv\u00f3 d\u00edjjal t\u00fcntette ki a k\u00f6zkedvelt pr\u00edm\u00e1st.<\/li>\n\n\n\n<li>augusztus els\u0151 napjaiban a mak\u00f3i Pet\u0151fi Park szabadt\u00e9ri sz\u00ednpad\u00e1n rendezt\u00e9k meg F\u00e1tyol Misi \u00f6n\u00e1ll\u00f3 pr\u00edm\u00e1si (zenekarvezet\u0151i) tev\u00e9kenys\u00e9g\u00e9nek 30 \u00e9ves jubileum\u00e1t.<br>Misi erre az alkalomra zenekar\u00e1t 15 tag\u00fara b\u0151v\u00edtette ki. Egy n\u00f3tacsokorban nagyb\u00e1tyja F\u00e1tyol Jancsi vezette a zenekart, mint vend\u00e9gpr\u00edm\u00e1s. A fergeteges klarin\u00e9tsz\u00f3l\u00f3kat unoka\u00f6ccse, F\u00e1tyol J\u00f3zsef j\u00e1tszotta, aki a Magyar R\u00e1di\u00f3 N\u00e9pi Zenekar\u00e1nak sz\u00f3list\u00e1ja volt.<br>Az est hangulat\u00e1t n\u00e9pszer\u0171 Budapesti \u00e9nekesek fokozt\u00e1k kit\u0171n\u0151 helyt\u00e1ll\u00e1sukkal.<br>A n\u00e9z\u0151t\u00e9r, zs\u00fafol\u00e1sig megtelt, oly annyira, hogy m\u00e9g a sz\u00ednpad m\u00f6g\u00f6tt is \u00e1lltak vend\u00e9gek. Akik jelen voltak, a koncert ut\u00e1n egy \u00e9letre sz\u00f3l\u00f3 \u00e9lm\u00e9nnyel gazdagodva t\u00e9rhettek haza.<br>1959.augusztus 20-\u00e1n, F\u00e1tyol Mih\u00e1lyt, a mak\u00f3i \u201eKorona \u00e9tterem\u201d zenekarvezet\u0151j\u00e9t, a M\u0171vel\u0151d\u00e9si Miniszter, Szocialista Kult\u00far\u00e1\u00e9rt \u00c9rdem\u00e9remmel t\u00fcntette ki.<\/li>\n\n\n\n<li>\u00e1prilis 04-\u00e9n, a Csongr\u00e1d-megyei Vend\u00e9gl\u00e1t\u00f3 V\u00e1llalat Kiv\u00e1l\u00f3 Dolgoz\u00f3ja lett. Ezt a megtisztel\u0151 c\u00edmet nyugd\u00edjba vonul\u00e1s\u00e1ig m\u00e9g h\u00e1romszor elnyerte.<\/li>\n<\/ol>\n\n\n\n<p class=\"wp-block-paragraph\">A n\u00e9pszer\u0171 mak\u00f3i orvos Dr. Batka Istv\u00e1n, akinek a marosi iszap gy\u00f3gy\u00e1szati hasznos\u00edt\u00e1s\u00e1ban voltak kimagasl\u00f3 \u00e9rdemei, nagy tisztel\u0151je volt F\u00e1tyol Misinek. Megnyilv\u00e1nult ez abban is, hogy n\u00f3ta \u00e9s cs\u00e1rd\u00e1s sz\u00f6vegeit \u00e1tadta megzen\u00e9s\u00edt\u00e9sre kedvenc pr\u00edm\u00e1s\u00e1nak. A zene elk\u00e9sz\u00fclt, \u00e9s Batka doktor felk\u00e9rte Szab\u00f3 S\u00e1ndor opera\u00e9nekest, hogy \u00e9nekelje fel magn\u00f3szalagra.<br>Ebben az id\u0151ben, a mak\u00f3i Hagymah\u00e1zban dolgoztam, \u00e9s v\u00e9letlen megtudtam, hogy mikor lesz a felv\u00e9tel a sz\u00ednh\u00e1zteremben, melyre 1960 j\u00falius\u00e1ban ker\u00fclt sor.<br>A felv\u00e9telnek volt egy \u00e9rdekess\u00e9ge: Szab\u00f3 S\u00e1ndor ott a helysz\u00ednen kapta meg az anyagot. \u00c1tn\u00e9zett egy n\u00f3t\u00e1t, \u00e9s m\u00e1r kezd\u0151d\u00f6tt a felv\u00e9tel. K\u00e9t \u00f3ra alatt \u00edgy egy lemezre val\u00f3 zen\u00e9t \u00e9nekelt fel, m\u00e9ly \u00e1t\u00e9rz\u00e9ssel, hib\u00e1tlanul.<br>A d\u00e9lel\u0151tti felv\u00e9telen mind\u00f6ssze h\u00e1rman voltunk jelen olyanok, akik n\u00e9z\u0151nek \u00e9s hallgat\u00f3nak sz\u00e1m\u00edtottunk.<br>Sajnos nincs tudom\u00e1som arr\u00f3l, hogy mi lett a sorsa ennek a felv\u00e9telnek, de nagy vesztes\u00e9gnek sz\u00e1m\u00edtana, ha valahol nem \u0151rizt\u00e9k volna meg Batka doktor \u00e9s F\u00e1tyol Misi gy\u00f6ny\u00f6r\u0171 n\u00f3t\u00e1it.<\/p>\n\n\n\n<p class=\"wp-block-paragraph\">1960-ban, az \u0151sz folyam\u00e1n, Mak\u00f3n a Hagymah\u00e1zban koncertezett a budapesti Lakatos S\u00e1ndor (akit a pr\u00edm\u00e1sok kir\u00e1ly\u00e1nak, \u00e9s a kir\u00e1lyok pr\u00edm\u00e1s\u00e1nak neveztek) 16 tag\u00fa zenekar\u00e1val. A m\u0171sort v\u00e9gign\u00e9zte a teljes F\u00e1tyol zenekar, \u00e9s a m\u0171sor ut\u00e1n gratul\u00e1ltak Lakatos\u00e9knak.<br>Az el\u0151ad\u00e1s v\u00e9gezt\u00e9vel Lakatos\u00e9k \u00e1tmentek a Koron\u00e1ba vacsor\u00e1zni, ahol F\u00e1tyol\u00e9k sz\u00f3rakoztatt\u00e1k \u0151ket. A pesti zenekar figyelmesen meghallgatta F\u00e1tyol\u00e9kat, \u00e9s viszonozt\u00e1k a gratul\u00e1ci\u00f3t. Az \u00e9tteremben ekkor m\u00e1r egy gombost\u0171t sem lehetett volna leejteni, annyian voltak.<br>Lakatos\u00e9knak annyira megnyerte tetsz\u00e9s\u00e9t a F\u00e1tyol zenekar produkci\u00f3ja, hogy olyan cselekedetre \u00f6szt\u00f6n\u00f6zte \u0151ket, amilyet m\u00e9g nem l\u00e1tott a mak\u00f3i k\u00f6z\u00f6ns\u00e9g. El\u0151vett\u00e9k a hangszereiket, s be\u00e1lltak a F\u00e1tyol zenekarba, \u00e9s a k\u00e9t zenekar k\u00f6z\u00f6sen muzsik\u00e1lt.<br>Igazi \u00f6r\u00f6mzene volt!<br>A k\u00f6z\u00f6ns\u00e9g \u00f3ri\u00e1si ov\u00e1ci\u00f3val, vastapssal \u00fcnnepelte \u0151ket, de legjobban Luk\u00e1cs Istv\u00e1n cimbalomm\u0171v\u00e9sz tapsolt, (\u0151 a R\u00e1di\u00f3ban a \u201eJ\u00f3 \u00e9jszak\u00e1t gyerekek\u201d c\u00edm\u0171 m\u0171sor el\u0151tti szign\u00e1lt j\u00e1tszotta a \u201eCsillagok, csillagok\u201d kezdet\u0171 n\u00e9pdalt.) neki nem jutott hangszer, \u00edgy \u0151 k\u00f6z\u00f6ns\u00e9g volt, aki valamikor Mak\u00f3r\u00f3l ker\u00fclt fel Budapestre.<br>Az est folyam\u00e1n m\u00e9g egy kis meglepet\u00e9st is tartogattak F\u00e1tyol\u00e9k a Lakatos zenekar r\u00e9sz\u00e9re. Elj\u00e1tszottak egy vil\u00e1gsz\u00e1mot, egy rumb\u00e1t, melyben a dobot \u00e9s a ritmushangszereket F\u00e1tyol Misi \u00e1t\u00edrta cimbalomra, br\u00e1cs\u00e1ra \u00e9s b\u0151g\u0151re. Ezt a produkci\u00f3t Lakatos\u00e9k is vastapssal jutalmazt\u00e1k.<\/p>\n\n\n\n<p class=\"wp-block-paragraph\">Az \u00f6tvenes \u00e9vek v\u00e9g\u00e9n F\u00e1tyol Misi j\u00f3 \u00e9rz\u00e9kkel l\u00e1tta meg, hogy a zene vil\u00e1g\u00e1ban v\u00e9gbe megy egy olyan folyamat, mellyel, ha nem tart l\u00e9p\u00e9st h\u00e1tt\u00e9rbe szorul zenekar\u00e1val, az \u00faj ir\u00e1nyzattal szemben. Ekkor \u00f6ttag\u00fa cig\u00e1nyzenekar\u00e1t kib\u0151v\u00edtette: Bakos Zolt\u00e1n zongorist\u00e1val \u00e9s Siket Antal dobossal, heged\u0171ssel, \u00e9nekessel. Ifj. R\u00e1cz G\u00e9za meg tanult git\u00e1rozni. \u00cdgy ezek ut\u00e1n felv\u00e1ltva j\u00e1tszottak cig\u00e1nyzen\u00e9t \u00e9s t\u00e1nczen\u00e9t, melyet egyre ink\u00e1bb ig\u00e9nyelt a k\u00f6z\u00f6ns\u00e9g.<br>A zen\u00e9szek sohasem voltak j\u00f3l fizetett dolgoz\u00f3i a v\u00e1llalatoknak, ez\u00e9rt egy napon v\u00e1ratlanul felmondott Bakos Zolt\u00e1n zongorista. A zen\u00e9l\u00e9ssel v\u00e9gleg felhagyott \u00e9s m\u00e1s munkak\u00f6rben helyezkedett el.<br>F\u00e1tyol\u00e9knak \u00e9get\u0151en fontos volt egy zongorist\u00e1t keresni, mert egyre t\u00f6bb t\u00e1nczen\u00e9t kellett j\u00e1tszaniuk. Zongorist\u00e1t viszont nagy\u00edt\u00f3val sem lehetett ebben az id\u0151ben tal\u00e1lni, ugyanis mindenki \u00e1ll\u00e1sban volt. Ekkor felkerestek engem, (ennek az eml\u00e9kez\u00e9snek az \u00edr\u00f3j\u00e1t) hogy v\u00e1llaljam el addig, am\u00edg nem tal\u00e1lnak egy hivat\u00e1sos zen\u00e9sz zongorist\u00e1t. Egy-k\u00e9t h\u00e9tr\u0151l volt sz\u00f3, amib\u0151l nyolc h\u00f3nap lett. Nekem nem lehetett m\u00e9g zen\u00e9szvizsg\u00e1t tennem, mert gimn\u00e1ziumi tanul\u00f3 voltam. M\u0171k\u00f6d\u00e9si enged\u00e9ly n\u00e9lk\u00fcl j\u00e1tszani nem lehetett, amit a rend\u0151rs\u00e9g ellen\u0151rz\u00f6tt, de F\u00e1tyol Misire val\u00f3 tekintettel sohasem sz\u00f3ltak miattam.<br>Id\u0151nk\u00e9nt di\u00e1kb\u00e1lokban muzsik\u00e1ltunk zenekarommal, \u00edgy esett r\u00e1m a v\u00e1laszt\u00e1s. Ebben az id\u0151ben egy di\u00e1knak f\u0151benj\u00e1r\u00f3 b\u0171n volt \u00e9jszakai sz\u00f3rakoz\u00f3helyen tart\u00f3zkodni.<br>Tan\u00e1raim est\u00e9r\u0151l-est\u00e9re bej\u00e1rtak vacsor\u00e1zni a Koron\u00e1ba, de annyira tisztelt\u00e9k F\u00e1tyol Misit, hogy sohasem tett\u00e9k sz\u00f3v\u00e1, hogy a \u201edi\u00e1k \u00far\u201d nappal iskol\u00e1ba j\u00e1r, \u00e9jjel meg muzsik\u00e1l.<br>\u00c9letem els\u0151 profi zenekar\u00e1ban ekkor j\u00e1tszottam el\u0151sz\u00f6r!<br>Nyolc h\u00f3nap eltelt\u00e9vel Lakatos Antal (Tot\u00f3) szerz\u0151d\u00e9se lej\u00e1rt Tapolc\u00e1n, \u00e9s hazaj\u00f6tt a F\u00e1tyol zenekarba zongorist\u00e1nak \u00e9s br\u00e1cs\u00e1snak. Ekkor ugyanis nyugd\u00edjba ment id. R\u00e1cz G\u00e9za br\u00e1cs\u00e1s, \u00e9s ezzel megkezd\u0151d\u00f6tt a h\u00edres F\u00e1tyol Misi cig\u00e1nyzenekar\u00e1nak a felboml\u00e1sa.<br>F\u00e1tyol Misivel a kapcsolatom a zenekar\u00e1b\u00f3l val\u00f3 kiv\u00e1l\u00e1sommal nem sz\u0171nt meg, ugyanis k\u00fcl\u00f6nb\u00f6z\u0151 m\u0171sorokban vagy helyettes\u00edt\u00e9skor m\u00e9g sokszor muzsik\u00e1ltunk egy\u00fctt.<br>R\u00f6viddel ezut\u00e1n nyugd\u00edjba ment a cimbalmos Kelecs\u00e9nyi J\u00f3zsef is.<br>Ifj. R\u00e1cz G\u00e9za is kiv\u00e1lt a zenekarb\u00f3l, majd Szegedre k\u00f6lt\u00f6z\u00f6tt, \u00e9s ott zenekart alak\u00edtott.<br>V\u00e9g\u00fcl Puka J\u00e1nos b\u0151g\u0151s k\u00e9nyszer\u00fclt megv\u00e1lni az egy\u00fcttest\u0151l, betegs\u00e9ge miatt. (megb\u00e9nult a jobb keze)<\/p>\n\n\n\n<p class=\"wp-block-paragraph\">Az id\u0151 nem \u00e1llt meg, ez\u00e9rt a zenei divattal l\u00e9p\u00e9st kellett tartani, \u00e9s \u00edgy a nagyh\u00edr\u0171, sok dics\u0151s\u00e9get szerzett cig\u00e1nyzenekar lassan \u00e1talakult t\u00e1nc \u00e9s szalonzenekarr\u00e1.<br>F\u00e1tyol Misi utols\u00f3 zenekara a Koron\u00e1ban hossz\u00fa \u00e9veken kereszt\u00fcl a k\u00f6vetkez\u0151 \u00f6ssze\u00e1ll\u00edt\u00e1sban \u00e1llt fel: pr\u00edm\u00e1s: F\u00e1tyol Misi, zongorista: Ivanics J\u00e1nos (Misi unoka\u00f6ccse), szaxofonos, klarin\u00e9tos: Jo\u00f3 Imre, B\u0151g\u0151s, basszusgit\u00e1ros: Lakaktos J\u00f3zsef (Cak\u00f3), dobos, heged\u0171s, \u00e9nekes: Siket Antal, heged\u0171s, git\u00e1ros: id. Sztojk\u00f3 Mih\u00e1ly.<br>Ezzel a zenekarral mindent muzsik\u00e1ltak, \u00e9s sok \u00f6r\u00f6m\u00f6t szereztek az akkor m\u00e9g n\u00e9pes vend\u00e9gseregnek.<br>Egy j\u00f3 hangulatban elt\u00f6lt\u00f6tt este ut\u00e1n, z\u00e1r\u00f3rakor F\u00e1tyol Misi (akit ekkor m\u00e1r szinte mindenki Misi b\u00e1csinak nevezett) odament a kirakathoz \u00e9s bevette az aranybet\u0171kkel \u00edrt t\u00e1bl\u00e1t, mely \u00e9vtizedeken kereszt\u00fcl hirdette, hogy ebben az \u00e9tteremben:<\/p>\n\n\n\n<p class=\"wp-block-paragraph\">Minden este F\u00e1tyol Misi \u00e9s zenekara muzsik\u00e1l.<\/p>\n\n\n\n<p class=\"wp-block-paragraph\">1972-ben 63 \u00e9ves kor\u00e1ban Mak\u00f3n nyugd\u00edjba ment, a legend\u00e1s h\u00edr\u0171 muzsikus, F\u00e1tyol Misi, a v\u00e1ros minden id\u0151k legnagyobb pr\u00edm\u00e1segy\u00e9nis\u00e9ge, aki egy \u00e9v megszak\u00edt\u00e1ssal 34 \u00e9vig muzsik\u00e1lt a patin\u00e1s Korona \u00e9tteremben!<\/p>\n\n\n\n<p class=\"wp-block-paragraph\">Az akt\u00edv zen\u00e9l\u00e9s ut\u00e1n levezet\u00e9sk\u00e9nt, m\u00e9g h\u00e9tv\u00e9geken p\u00e1r \u00e9vig rendszeresen muzsik\u00e1lt, alkalmi t\u00e1nczenekar\u00e1val a Korona emeleti nagyterm\u00e9ben.<br>\u00c9let\u00e9nek utols\u00f3 h\u00e1rom \u00e9v\u00e9ben betegs\u00e9ge folyt\u00e1n m\u00e1r ennyit sem b\u00edrt, ez\u00e9rt teljesen befejezte zen\u00e9sz p\u00e1lyafut\u00e1s\u00e1t.<\/p>\n\n\n\n<p class=\"wp-block-paragraph\">Van egy ismert mond\u00e1s: \u201eAz \u00e9let egy sz\u00ednh\u00e1z, ahol legnagyobb rendez\u0151 a sors\u201d!<\/p>\n\n\n\n<p class=\"wp-block-paragraph\">Ez a mond\u00e1s val\u00f3sult meg 1979 december\u00e9ben is, amikor felkeresett az \u00d3f\u00f6lde\u00e1ki Szoci\u00e1lis Otthon vezet\u0151je, \u00e9s felk\u00e9rt, hogy egy egy\u00f3r\u00e1s n\u00f3tam\u0171sorral j\u00e1ruljunk hozz\u00e1, a kar\u00e1csonyi rendezv\u00e9ny\u00fck hangulatosabb\u00e1 t\u00e9tel\u00e9hez.<br>Felkerestem lak\u00e1s\u00e1n F\u00e1tyol Misit, aki ekkor m\u00e1r h\u00e1rom \u00e9ve nem muzsik\u00e1lt sehol.<br>A beteg pr\u00edm\u00e1s els\u0151 sz\u00f3ra elv\u00e1llalta, mondv\u00e1n: biztosan \u00f6r\u00f6m\u00f6t szerz\u00fcnk az id\u0151s, beteg embereknek.<br>R\u00e1cz Ferenc \u00e9nekelt, \u00e9s harmonik\u00e1n \u00e9n k\u00eds\u00e9rtem \u0151ket. V\u00e9letlen, vagy sz\u00e1nd\u00e9kos volt, nem tudom; R\u00e1cz Ferenc, Misi b\u00e1csi kedvenc n\u00f3t\u00e1j\u00e1val z\u00e1rta m\u0171sor\u00e1t. Ekkor m\u00e9g nem tudhattuk, hogy utolj\u00e1ra csend\u00fclt fel az id\u0151s pr\u00edm\u00e1s heged\u0171j\u00e9n az \u00f6r\u00f6k sz\u00e9p mel\u00f3dia:<\/p>\n\n\n\n<p class=\"wp-block-paragraph\">\u201eKid\u0151lt keresztf\u00e1nak nem k\u00f6sz\u00f6n m\u00e1r senki\u201d!<\/p>\n\n\n\n<p class=\"wp-block-paragraph\">Mint fentebb \u00edrtam F\u00e1tyol Misi zenekara volt \u00e9letem els\u0151 profi zenekara, ahol muzsik\u00e1ltam, \u00e9s a sors 1979-ben \u00fagy rendezte, hogy \u00e9n voltam az utols\u00f3 zen\u00e9sz, akivel muzsik\u00e1lt a n\u00e9pszer\u0171 pr\u00edm\u00e1s.<br>A m\u0171sor ut\u00e1n hazavitt\u00fck Misi b\u00e1csit, a kapuban elk\u00f6sz\u00f6nt\u00fcnk egym\u00e1st\u00f3l, \u00e9s soha t\u00f6bb\u00e9 nem tal\u00e1lkoztunk.<\/p>\n\n\n\n<ol class=\"wp-block-list\" start=\"1980\">\n<li>febru\u00e1r m\u00e1sodik\u00e1n, \u00f6r\u00f6kre lehunyta szemeit, \u00e9s megsz\u0171nt dobogni az sz\u00edv, mely minden n\u00f3t\u00e1ban a var\u00e1zslatot adta!<br>Hal\u00e1l\u00e1val Mak\u00f3n megsz\u0171nt az a 300 \u00e9ves hegem\u00f3nia, melyben a F\u00e1tyol dinasztia pr\u00edm\u00e1sai, zen\u00e9szei a zene szolg\u00e1lat\u00e1ban \u00e1lltak. Utols\u00f3k\u00e9nt a legh\u00edresebb: F\u00e1tyol Misi z\u00e1rta a sort cig\u00e1nyzenekar\u00e1val.<br>Itt eml\u00edten\u00e9m meg +Dr. Kiss Ern\u0151 a szegedi Konzervat\u00f3rium tan\u00e1r\u00e1nak, \u00e9s a szegedi Nemzeti Sz\u00ednh\u00e1z zen\u00e9sz\u00e9nek visszaeml\u00e9kez\u00e9s\u00e9t, melyet a k\u00f6vetkez\u0151 mondattal kezdett:<br>\u201eA legend\u00e1s h\u00edr\u0171, felejthetetlen F\u00e1tyol Misi\u201d!<\/li>\n<\/ol>\n\n\n\n<p class=\"wp-block-paragraph\">H\u00e1rom gyermeke k\u00f6z\u00fcl Ida \u00e9s Mih\u00e1ly nem j\u00e1tszik hangszeren, Tivadar (a legfiatalabb) a rajk\u00f3zenekarban n\u0151tt fel, \u00e9s mint heged\u0171s bej\u00e1rta az egy\u00fcttessel a vil\u00e1got. Egy ideig apja nyomdok\u00e1n j\u00e1rt, \u00e9s 1978-1979 fordul\u00f3j\u00e1n, n\u00e9h\u00e1ny h\u00f3napot Belgiumban muzsik\u00e1lt.<br>Onnan hazat\u00e9rve a Bihari Egy\u00fcttes zeneigazgat\u00f3ja \u00e9s zeneszerz\u0151je lett.<br>Fordul\u00f3pont volt \u00e9let\u00e9ben Lakatos Menyh\u00e9rt \u00edr\u00f3val val\u00f3 tal\u00e1lkoz\u00e1sa, akinek a \u201eKeleti \u00c1lmok\u201d c\u00edm\u0171 sz\u00ednm\u0171v\u00e9hez, majd az \u201e\u00c1tok \u00e9s Szerelem\u201d c\u00edm\u0171 filmj\u00e9hez \u00edrt zen\u00e9t. Zeneszerz\u0151i munk\u00e1ss\u00e1g\u00e1t ebben az \u00edr\u00e1somban nem k\u00edv\u00e1nom r\u00e9szletezni.<br>A F\u00e1tyol dinasztia teh\u00e1t tov\u00e1bb \u00e9l Tivadar szem\u00e9ly\u00e9ben, mint zeneszerz\u0151ben, de pr\u00edm\u00e1sk\u00e9nt m\u00e1r nem, mivel a zeneszerz\u00e9s mellett \u0151 is polg\u00e1ri foglalkoz\u00e1st folytat.<\/p>\n\n\n\n<p class=\"wp-block-paragraph\">F\u00e1tyol Misi temet\u00e9s\u00e9re a helybelieken k\u00edv\u00fcl az eg\u00e9sz megy\u00e9b\u0151l sereglettek a zen\u00e9szek, bar\u00e1tok, tisztel\u0151k. A temet\u00e9si menetben legel\u00f6l d\u00edszp\u00e1rn\u00e1n vitt\u00e9k F\u00e1tyol Misi heged\u0171j\u00e9t, melyr\u0151l a s\u00edrn\u00e1l a cig\u00e1ny hagyom\u00e1nyoknak megfelel\u0151en ifj. R\u00e1cz G\u00e9za a volt zenekari tercpr\u00edm\u00e1sa, tan\u00edtv\u00e1nya lev\u00e1gta a h\u00farokat, majd elb\u00facs\u00faztatta pr\u00edm\u00e1s\u00e1t.<br>A temet\u00e9si zenekart az id\u0151s beteg pr\u00edm\u00e1s, a beteg\u00e1gyb\u00f3l felkelve: Lakatos Jancsi vezette, aki 1945-1946-ban egy \u00e9vig tercpr\u00edm\u00e1sa volt Misinek. (1980 m\u00e1jus\u00e1ban Lakatos Jancsi is meghalt)<br>A Csongr\u00e1d-megyei H\u00edrlapban: a Zen\u00e9sz Szakszervezet, a volt zen\u00e9sz kolleg\u00e1k, bar\u00e1tok, valamint a magam nev\u00e9ben, egy nekrol\u00f3gban, \u00e9n vettem b\u00facs\u00fat Misi b\u00e1csit\u00f3l.<\/p>\n\n\n\n<p class=\"wp-block-paragraph\">1995-ben, hal\u00e1l\u00e1nak 15. \u00e9vfordul\u00f3j\u00e1n, a V\u00e1rosv\u00e9d\u0151 Egyes\u00fclet, volt munkahely\u00e9nek a Koron\u00e1nak fal\u00e1n, eml\u00e9kt\u00e1bl\u00e1t helyezett el, majd a csal\u00e1dtagok \u00e9s a tisztel\u0151k felkerest\u00e9k, a R\u00f3mai Katolikus Temet\u0151ben F\u00e1tyol Misi s\u00edrj\u00e1t \u00e9s elhelyezt\u00e9k az eml\u00e9kez\u00e9s vir\u00e1gait.<\/p>\n\n\n\n<p class=\"wp-block-paragraph\">Az eml\u00e9kt\u00e1bla egy mondat\u00e1nak a felhaszn\u00e1l\u00e1s\u00e1val, egy saj\u00e1t szerzem\u00e9ny\u0171 n\u00f3t\u00e1mmal \u00e1ll\u00edtottam eml\u00e9ket az egykor \u00fcnnepelt pr\u00edm\u00e1snak:<\/p>\n\n\n\n<p class=\"wp-block-paragraph\">Meg\u00e1llok a temet\u0151ben\u2026<br>(F\u00e1tyol Misi eml\u00e9k\u00e9re)<\/p>\n\n\n\n<p class=\"wp-block-paragraph\">Meg\u00e1llok a temet\u0151ben, F\u00e1tyol Misi r\u00e9gi s\u00edrhantj\u00e1n\u00e1l.<br>Elmerengek n\u00e9m\u00e1n, csendben, felid\u00e9zem a r\u00e9gi n\u00f3t\u00e1j\u00e1t.<br>Heged\u0171j\u00e9vel k\u00f6nnyeket, \u00e9s mosolyt var\u00e1zsolt az arcokra,<br>Mikor a heged\u0171 h\u00farj\u00e1n, felcsend\u00fclt a sokat hallott n\u00f3ta.<\/p>\n\n\n\n<p class=\"wp-block-paragraph\">Eln\u00e9mult a heged\u0171je, nem sz\u00f3l t\u00f6bb\u00e9 m\u00e1r a r\u00e9gi n\u00f3ta.<br>Lent pihen az \u00f6reg pr\u00edm\u00e1s, n\u00f3t\u00e1j\u00e1val lett a s\u00edr lak\u00f3ja.<br>De a lelke fent muzsik\u00e1l, valahol a magass\u00e1gos \u00e9gbe\u2019<br>R\u00e1eml\u00e9keztet az\u00f3ta, eml\u00e9kt\u00e1bl\u00e1ra v\u00e9sve a neve.<\/p>\n\n\n\n<p class=\"wp-block-paragraph\">2005-ben hal\u00e1l\u00e1nak 25. \u00e9vfordul\u00f3j\u00e1n a csal\u00e1d \u00e9s a volt mak\u00f3i tisztel\u0151i r\u00e9szv\u00e9tel\u00e9vel megkoszor\u00faztuk az eml\u00e9kt\u00e1bl\u00e1t. Az \u00fcnnep\u00e9g zenekar\u00e1t Szab\u00f3 Imre pr\u00edm\u00e1s vezette.<br>F\u00e1tyol Misi \u00e9rdemeit \u00fcnnepi besz\u00e9d\u00e9ben Bozsogi Attila mondta el.<br>R\u00e9szt vett a koszor\u00faz\u00e1son a mak\u00f3i sz\u00e1rmaz\u00e1s\u00fa h\u00edres budapesti pr\u00edm\u00e1s: Puka K\u00e1roly is, aki az 1984 \u00e9vi von\u00f3p\u00e1rbaj\u00e1nak gy\u0151ztese volt, \u00e9s a Magyar K\u00f6zt\u00e1rsas\u00e1gi \u00c9rdem\u00e9rem Aranykereszt kit\u00fcntetettje.<\/p>\n\n\n\n<p class=\"wp-block-paragraph\">Szegednek Dank\u00f3 Pista, H\u00f3dmez\u0151v\u00e1s\u00e1rhelynek B\u00e9la cig\u00e1ny, Mak\u00f3nak F\u00e1tyol Misi voltak a legend\u00e1s h\u00edr\u0171 pr\u00edm\u00e1sai. A k\u00e9t el\u0151dnek Szeged, \u00e9s H\u00f3dmez\u0151v\u00e1s\u00e1rhely szobrot illetve domborm\u0171vet \u00e1ll\u00edttatott.<\/p>\n\n\n\n<p class=\"wp-block-paragraph\">B\u00edzom abban, hogy egyszer elj\u00f6n, azaz id\u0151, amikor a mak\u00f3i zenebar\u00e1tok is b\u00fcszk\u00e9n tiszteleghetnek majd F\u00e1tyol Misi m\u00e9lt\u00e1n meg\u00e9rdemelt eml\u00e9km\u0171ve el\u0151tt, mely hirdeti az ut\u00f3kor sz\u00e1m\u00e1ra, legend\u00e1s \u00e9s felejthetetlen eml\u00e9k\u00e9t!<\/p>\n\n\n\n<ol class=\"wp-block-list\" start=\"8\">\n<li>19-\u00e9n megval\u00f3sult sokak \u00e1lma, \u00e9s F\u00e1tyol Misi \u00e9letnagys\u00e1g\u00fa szobr\u00e1t felavatt\u00e1k, a Korona Sz\u00e1ll\u00f3 el\u0151tti t\u00e9ren, melyet mak\u00f3i, Kiss Jen\u0151 Ferenc szobr\u00e1szm\u0171v\u00e9sz k\u00e9sz\u00edtett.<br>Az \u00fcnnep\u00e9lyes avat\u00e1son besz\u00e9det mondott: Dr. Buz\u00e1s P\u00e9ter, (Mak\u00f3 v\u00e1ros polg\u00e1rmestere, orsz\u00e1ggy\u0171l\u00e9si k\u00e9pvisel\u0151) Dr. Keczer Tam\u00e1s, (Nyugalmazott miniszt\u00e9riumi oszt\u00e1lyvezet\u0151) Csikota J\u00f3zsef, (A Mag\u00e1n Zeneiskola igazgat\u00f3 karmestere) Bozsogi Attila zen\u00e9sz, (A szobor mentora) Iv\u00e1nyi G\u00e1bor (Metodista lelk\u00e9sz) \u00e9s a csal\u00e1d r\u00e9sz\u00e9r\u0151l F\u00e1tyol Tivadar (A Magyar K\u00f6zt\u00e1rsas\u00e1gi Lovag \u00c9rdemkereszt kit\u00fcntetettje.)<br>A mintegy 500 f\u0151nyi k\u00f6z\u00f6ns\u00e9g el\u0151tt az eml\u00e9kez\u00e9st Puka K\u00e1roly pr\u00edm\u00e1s, heged\u0171m\u0171v\u00e9sz (A Magyar K\u00f6zt\u00e1rsas\u00e1gi \u00c9rdem\u00e9rem Aranykereszt kit\u00fcntetettje) \u00e9s \u00d6kr\u00f6s Oszk\u00e1r cimbalomm\u0171v\u00e9sz (A Magyar K\u00f6zt\u00e1rsas\u00e1gi \u00c9rdem\u00e9rem Aranykereszt kit\u00fcntetettje) tette hangulatoss\u00e1, \u00e9s feledhetetlenn\u00e9.<br>Az est folyam\u00e1n a Hagymah\u00e1z szabadt\u00e9ri sz\u00ednpad\u00e1n a Sz\u00e1ztag\u00fa Cig\u00e1nyzenekar kamaraegy\u00fcttese, \u00e9s Szentp\u00e9teri Csilla zongoram\u0171v\u00e9sz, k\u00f6z\u00f6s produkci\u00f3jukkal k\u00e1pr\u00e1ztatta el a 3000 f\u0151nyi k\u00f6z\u00f6ns\u00e9get.<br>Az \u00fcnnepi hangulatot F\u00e1tyol Tivadar tette teljess\u00e9, mikor apja heged\u0171j\u00e9n elj\u00e1tszotta a feledhetetlen pr\u00edm\u00e1s kedvenc n\u00f3t\u00e1j\u00e1t:<br>\u201eKid\u0151lt keresztf\u00e1nak nem k\u00f6sz\u00f6n m\u00e1r senki\u201d!<br>A z\u00e1r\u00f3 koncerten a k\u00f6z\u00f6ns\u00e9g sz\u0171nni nem akar\u00f3 vastapssal jutalmazta a fell\u00e9p\u0151 m\u0171v\u00e9szek el\u0151ad\u00e1s\u00e1t.<br>A n\u00e9pszer\u0171 pr\u00edm\u00e1s szobr\u00e1n\u00e1l id\u0151nk\u00e9nt vir\u00e1gcsokor hirdeti, hogy a m\u00e1r halhatatlan m\u0171v\u00e9szt \u00f6r\u00f6kre sz\u00edv\u00e9be z\u00e1rta Mak\u00f3 v\u00e1ros zeneszeret\u0151 k\u00f6z\u00f6ns\u00e9ge, lakoss\u00e1ga.<br>A szobor melletti sz\u00e9kre gyakorta fel\u00fcl egy-egy k\u00fclf\u00f6ldi, vagy az orsz\u00e1g m\u00e1s r\u00e9sz\u00e9r\u0151l ide\u00e9rkez\u0151 turista, hogy meg\u00f6r\u00f6k\u00edts\u00e9k magukat a cig\u00e1nyzene koron\u00e1zatlan m\u0171v\u00e9sz\u00e9vel, F\u00e1tyol Misivel!<\/li>\n<\/ol>\n\n\n\n<p class=\"wp-block-paragraph\">UT\u00d3SZ\u00d3<\/p>\n\n\n\n<p class=\"wp-block-paragraph\">Vissza-eml\u00e9kez\u00e9seimben egy-egy kor illetve korszak legnevesebb pr\u00edm\u00e1sainak \u00e9lett\u00f6rt\u00e9net\u00e9t emeltem ki, a nagyon sok nagynev\u0171 \u00e9s k\u00f6zismert zen\u00e9szek n\u00e9vsor\u00e1b\u00f3l.<br>K\u00fcl\u00f6n eml\u00edten\u00e9m kuri\u00f3zumk\u00e9nt a n\u00e9pszer\u0171 \u00e9s keresett pr\u00edm\u00e1st: Radics B\u00e9l\u00e1t, (1866-1930) sok magyar n\u00f3ta, \u00e9s a \u201eTit\u00e1nia\u201d kering\u0151 szerz\u0151j\u00e9t. Ezzel a kering\u0151vel \u00f6r\u00f6kre be\u00edrta a nev\u00e9t a t\u00e1nczene irodalm\u00e1ba is.<br>Hogy mennyire n\u00e9pszer\u0171 \u00e9s keresett pr\u00edm\u00e1s volt Radics B\u00e9la, azt h\u00edven t\u00fckr\u00f6zik h\u00e1trahagyott feljegyz\u00e9sei, melynek tan\u00fas\u00e1ga szerint: (1855 \u00e9s 1930 k\u00f6z\u00f6tt)<br>1541 nyilv\u00e1nos b\u00e1lt, 568 h\u00e1zi b\u00e1lt, 1043 bankettet, 462 eljegyz\u00e9st, 987 lakodalmat \u00e9s 263 keresztel\u0151t muzsik\u00e1lt v\u00e9gig.<br>Itt eml\u00edten\u00e9m meg azoknak a dinaszti\u00e1knak tagjait, pr\u00edm\u00e1sait, akik szint\u00e9n meg\u00e9rdemeln\u00e9nek egy \u00e9letrajzi bemutat\u00e1st. Ha ezeknek a pr\u00edm\u00e1soknak az \u00e9let\u00fatj\u00e1t is h\u0171en k\u00f6vetn\u00e9nk, akkor egy k\u00f6nyv kerekedne ki az \u00e9lett\u00f6rt\u00e9netekb\u0151l.<br>A leismertebb pr\u00edm\u00e1sok nev\u00e9nek egy t\u00f6red\u00e9ke: Banda Marci, Berkes B\u00e9la, Bura K\u00e1roly, Bura S\u00e1ndor, Kiss Kolomp\u00e1r B\u00e9la, Pertis Jen\u0151, Pertis P\u00e1l, Purcsi Pepi, 36. R\u00e1cz Laci, valamint Farkas, G\u00e1sp\u00e1r, Horv\u00e1th, J\u00e1roka, K\u00f3cz\u00e9, Koz\u00e1k, Kurina, Lakatos, Magyari, Ol\u00e1h, R\u00e1cz, S\u00e1rai, S\u00e1rk\u00f6zi, Sov\u00e1nka, Toll, \u00e9s Veres csal\u00e1dok kiv\u00e1l\u00f3 muzsikusai, akiknek a m\u0171k\u00f6d\u00e9se m\u00e1r j\u00f3r\u00e9szt a mi id\u0151nkre esik.<br>Engedtess\u00e9k meg e sorozat \u00edr\u00f3j\u00e1nak, hogy sz\u0171kebb haz\u00e1m Csongr\u00e1d-megye legn\u00e9pszer\u0171bb pr\u00edm\u00e1sai k\u00f6z\u00fcl egy p\u00e1rat megeml\u00edtsek:<br>Mak\u00f3; \u00c1rkus J\u00f3ska, \u00c1rkus K\u00e1lm\u00e1n Ivanics Janika, Kiss Miska, Kov\u00e1cs Mih\u00e1ly, (Dudi) Lakatos Jancsi, Lakatos J\u00f3ska, Dr. Lakatos Istv\u00e1n,(Kica Pista) R\u00e1cz G\u00e9za, S\u00e1ndor N\u00e1ci, Sztanics Istv\u00e1n, id. Sztojk\u00f3 Mih\u00e1ly.<br>H\u00f3dmez\u0151v\u00e1s\u00e1rhely; Gaudi Tacsi, Kov\u00e1cs Dezs\u0151, Ol\u00e1h Toncsi \u00e9s a mak\u00f3i sz\u00e1rmaz\u00e1s\u00fa Szab\u00f3 Imre (\u0151 nem roma de, mint pr\u00edm\u00e1s szinte kezd\u0151 zen\u00e9sz kor\u00e1t\u00f3l-nyugd\u00edjaz\u00e1s\u00e1ig cig\u00e1nyzenekar\u00e1val muzsik\u00e1lt a v\u00e1rosban.)<br>Szeged: Bakro Lajos, Boldizs\u00e1r L\u00e1szl\u00f3 Czutor P\u00e1l ifj. Csics\u00f3 Gy\u0151z\u0151, F\u00e1tyol J\u00e1nos, K\u00e1rp\u00e1ti Mih\u00e1ly Kecsk\u00e9s S\u00e1ndor, Lakatos G\u00e9za, ifj. Lakatos G\u00e9za, Lakatos B\u00e9la, id. L\u00e1t\u00f3 Ferenc, K\u00e1t\u00e9 K\u00e1lm\u00e1n, Konkoly Ferenc, Nagy Imre, R\u00e1cz G\u00e9za, id. R\u00e1cz Lajos, R\u00e1cz Lajos, R\u00e1cz L\u00e1szl\u00f3, Suki Dezs\u0151, Vir\u00e1g G\u00e9za, Zsiga Ern\u0151.<\/p>\n\n\n\n<p class=\"wp-block-paragraph\">A felsorolt zenem\u0171v\u00e9szek k\u00f6z\u00fcl m\u00e1r t\u00f6bben nem \u00e9lnek, de nev\u00fck \u00e9s eml\u00e9k\u00fck tov\u00e1bb \u00e9l mindazokban, akik valaha hallhatt\u00e1k \u0151ket, \u00e9s kellemes, \u00f6r\u00f6mteli perceket, \u00f3r\u00e1kat t\u00f6lt\u00f6ttek el a magyar n\u00f3t\u00e1k terjeszt\u0151inek tit\u00e1njaival!<br>Az eg\u00e9sz orsz\u00e1g pr\u00edm\u00e1sainak megismertet\u00e9s\u00e9hez \u00f3ri\u00e1si kutat\u00f3munk\u00e1ra lenne sz\u00fcks\u00e9g, ez\u00e9rt csak az orsz\u00e1g legismertebbjeit mutattam be.<br>Csongr\u00e1d-megye h\u00e1rom v\u00e1ros\u00e1nak legn\u00e9pszer\u0171bb pr\u00edm\u00e1sait, az\u00e9rt eml\u00edtem meg \u00edr\u00e1somban, hogy az olvas\u00f3 tiszta k\u00e9pet l\u00e1sson arr\u00f3l, hogy orsz\u00e1gosan mennyi pr\u00edm\u00e1s \u00e9s a zenekarukat k\u00e9pez\u0151 n\u00e9vtelen zen\u00e9sz k\u00fczd\u00f6tt a magyar n\u00f3t\u00e1k sikeress\u00e9 t\u00e9tel\u00e9\u00e9rt, \u00e9s fenn marad\u00e1s\u00e1\u00e9rt, mely \u00e9let\u00fcnk velej\u00e1r\u00f3ja, \u00f6r\u00f6m\u00fcnkben, \u00e9s b\u00e1natunkban egyar\u00e1nt.<\/p>\n\n\n\n<p class=\"wp-block-paragraph\">Tal\u00e1n egyszer r\u00e1j\u00f6nnek azok is arra, akik most p\u00e1lc\u00e1t t\u00f6rtek e csod\u00e1latos m\u0171faj felett, hogy cselekedet\u00fckkel ellens\u00e9geiv\u00e9 v\u00e1ltak nemzeti kultur\u00e1lis kincs\u00fcnk t\u00f6bb \u00e9vsz\u00e1zados eredm\u00e9ny\u00e9nek!<br>Bozsogi Attila Mak\u00f3, 2007. 11. 15.<\/p>\n\n\n\n<p class=\"wp-block-paragraph\">Ezt a fejezetet a \u201eH\u00edres pr\u00edm\u00e1sok, \u00e9s Cig\u00e1nydinaszti\u00e1k c\u00edm\u0171 \u00edr\u00e1somb\u00f3l id\u00e9ztem!<\/p>\n","protected":false},"excerpt":{"rendered":"<p>MAK\u00d3I F\u00c1TYOL MISI (1909-1980) A d\u00e9lalf\u00f6ldi Mak\u00f3 v\u00e1ros\u00e1nak, \u00e9s t\u00e9rs\u00e9g\u00e9nek, tal\u00e1n legnagyobb m\u00falttal rendelkez\u0151 cig\u00e1nydinaszti\u00e1ja a F\u00e1tyol dinasztia. Csal\u00e1df\u00e1juk lev\u00e9lt\u00e1ri \u00e9s egyh\u00e1zi nyilv\u00e1ntart\u00e1sok felkutat\u00e1s\u00e1val 1703-ig vezethet\u0151 vissza. Teh\u00e1t m\u00e1r a R\u00e1k\u00f3czi szabads\u00e1gharc idej\u00e9n, csal\u00e1djuk \u0151sei ebben a v\u00e1rosban muzsik\u00e1ltak, \u00e9s minden gener\u00e1ci\u00f3 fiai muzsikusok voltak.E 300 \u00e9vet mag\u00e1ba foglal\u00f3 t\u00f6rt\u00e9net v\u00e9g\u00e9n \u00e1llt a legend\u00e1s h\u00edr\u0171 &#8230; <a title=\"MAK\u00d3I F\u00c1TYOL MISI (1909-1980)\" class=\"read-more\" href=\"https:\/\/bozsogiattila.hu\/?p=1553\" aria-label=\"Tov\u00e1bbiak MAK\u00d3I F\u00c1TYOL MISI (1909-1980)\">Olvass tov\u00e1bb<\/a><\/p>\n","protected":false},"author":3,"featured_media":0,"comment_status":"open","ping_status":"open","sticky":false,"template":"","format":"standard","meta":{"footnotes":""},"categories":[331],"tags":[],"class_list":["post-1553","post","type-post","status-publish","format-standard","hentry","category-emlkeim"],"yoast_head":"<!-- This site is optimized with the Yoast SEO plugin v21.8 - https:\/\/yoast.com\/wordpress\/plugins\/seo\/ -->\n<title>MAK\u00d3I F\u00c1TYOL MISI (1909-1980) - Bozsogi Attila<\/title>\n<meta name=\"robots\" content=\"index, follow, max-snippet:-1, max-image-preview:large, max-video-preview:-1\" \/>\n<link rel=\"canonical\" href=\"https:\/\/bozsogiattila.hu\/?p=1553\" \/>\n<meta property=\"og:locale\" content=\"hu_HU\" \/>\n<meta property=\"og:type\" content=\"article\" \/>\n<meta property=\"og:title\" content=\"MAK\u00d3I F\u00c1TYOL MISI (1909-1980) - Bozsogi Attila\" \/>\n<meta property=\"og:description\" content=\"MAK\u00d3I F\u00c1TYOL MISI (1909-1980) A d\u00e9lalf\u00f6ldi Mak\u00f3 v\u00e1ros\u00e1nak, \u00e9s t\u00e9rs\u00e9g\u00e9nek, tal\u00e1n legnagyobb m\u00falttal rendelkez\u0151 cig\u00e1nydinaszti\u00e1ja a F\u00e1tyol dinasztia. Csal\u00e1df\u00e1juk lev\u00e9lt\u00e1ri \u00e9s egyh\u00e1zi nyilv\u00e1ntart\u00e1sok felkutat\u00e1s\u00e1val 1703-ig vezethet\u0151 vissza. Teh\u00e1t m\u00e1r a R\u00e1k\u00f3czi szabads\u00e1gharc idej\u00e9n, csal\u00e1djuk \u0151sei ebben a v\u00e1rosban muzsik\u00e1ltak, \u00e9s minden gener\u00e1ci\u00f3 fiai muzsikusok voltak.E 300 \u00e9vet mag\u00e1ba foglal\u00f3 t\u00f6rt\u00e9net v\u00e9g\u00e9n \u00e1llt a legend\u00e1s h\u00edr\u0171 ... Olvass tov\u00e1bb\" \/>\n<meta property=\"og:url\" content=\"https:\/\/bozsogiattila.hu\/?p=1553\" \/>\n<meta property=\"og:site_name\" content=\"Bozsogi Attila\" \/>\n<meta property=\"article:published_time\" content=\"2024-01-15T19:09:07+00:00\" \/>\n<meta name=\"author\" content=\"Bozsogi Attila\" \/>\n<meta name=\"twitter:card\" content=\"summary_large_image\" \/>\n<meta name=\"twitter:label1\" content=\"Szerz\u0151:\" \/>\n\t<meta name=\"twitter:data1\" content=\"Bozsogi Attila\" \/>\n\t<meta name=\"twitter:label2\" content=\"Becs\u00fclt olvas\u00e1si id\u0151\" \/>\n\t<meta name=\"twitter:data2\" content=\"29 perc\" \/>\n<script type=\"application\/ld+json\" class=\"yoast-schema-graph\">{\"@context\":\"https:\/\/schema.org\",\"@graph\":[{\"@type\":\"WebPage\",\"@id\":\"https:\/\/bozsogiattila.hu\/?p=1553\",\"url\":\"https:\/\/bozsogiattila.hu\/?p=1553\",\"name\":\"MAK\u00d3I F\u00c1TYOL MISI (1909-1980) - Bozsogi Attila\",\"isPartOf\":{\"@id\":\"https:\/\/bozsogiattila.hu\/#website\"},\"datePublished\":\"2024-01-15T19:09:07+00:00\",\"dateModified\":\"2024-01-15T19:09:07+00:00\",\"author\":{\"@id\":\"https:\/\/bozsogiattila.hu\/#\/schema\/person\/488c99f554a8c4039201260dd5eb795e\"},\"breadcrumb\":{\"@id\":\"https:\/\/bozsogiattila.hu\/?p=1553#breadcrumb\"},\"inLanguage\":\"hu\",\"potentialAction\":[{\"@type\":\"ReadAction\",\"target\":[\"https:\/\/bozsogiattila.hu\/?p=1553\"]}]},{\"@type\":\"BreadcrumbList\",\"@id\":\"https:\/\/bozsogiattila.hu\/?p=1553#breadcrumb\",\"itemListElement\":[{\"@type\":\"ListItem\",\"position\":1,\"name\":\"Kezd\u0151lap\",\"item\":\"https:\/\/bozsogiattila.hu\/\"},{\"@type\":\"ListItem\",\"position\":2,\"name\":\"MAK\u00d3I F\u00c1TYOL MISI (1909-1980)\"}]},{\"@type\":\"WebSite\",\"@id\":\"https:\/\/bozsogiattila.hu\/#website\",\"url\":\"https:\/\/bozsogiattila.hu\/\",\"name\":\"Bozsogi Attila\",\"description\":\"a zen\u00e9sz, \u00edr\u00f3 munk\u00e1ss\u00e1g\u00e1nak \u00e9s a mak\u00f3i muzsikusok eml\u00e9k\u00e9t \u0151rz\u0151 oldal\",\"potentialAction\":[{\"@type\":\"SearchAction\",\"target\":{\"@type\":\"EntryPoint\",\"urlTemplate\":\"https:\/\/bozsogiattila.hu\/?s={search_term_string}\"},\"query-input\":\"required name=search_term_string\"}],\"inLanguage\":\"hu\"},{\"@type\":\"Person\",\"@id\":\"https:\/\/bozsogiattila.hu\/#\/schema\/person\/488c99f554a8c4039201260dd5eb795e\",\"name\":\"Bozsogi Attila\",\"image\":{\"@type\":\"ImageObject\",\"inLanguage\":\"hu\",\"@id\":\"https:\/\/bozsogiattila.hu\/#\/schema\/person\/image\/\",\"url\":\"https:\/\/secure.gravatar.com\/avatar\/7da6b5985e34ed798d1670c54ce7d20e6a53b800bb0c07945c64b09392f3dbfd?s=96&d=mm&r=g\",\"contentUrl\":\"https:\/\/secure.gravatar.com\/avatar\/7da6b5985e34ed798d1670c54ce7d20e6a53b800bb0c07945c64b09392f3dbfd?s=96&d=mm&r=g\",\"caption\":\"Bozsogi Attila\"},\"sameAs\":[\"http:\/\/www.boszogiattila.hu\"],\"url\":\"https:\/\/bozsogiattila.hu\/?author=3\"}]}<\/script>\n<!-- \/ Yoast SEO plugin. -->","yoast_head_json":{"title":"MAK\u00d3I F\u00c1TYOL MISI (1909-1980) - Bozsogi Attila","robots":{"index":"index","follow":"follow","max-snippet":"max-snippet:-1","max-image-preview":"max-image-preview:large","max-video-preview":"max-video-preview:-1"},"canonical":"https:\/\/bozsogiattila.hu\/?p=1553","og_locale":"hu_HU","og_type":"article","og_title":"MAK\u00d3I F\u00c1TYOL MISI (1909-1980) - Bozsogi Attila","og_description":"MAK\u00d3I F\u00c1TYOL MISI (1909-1980) A d\u00e9lalf\u00f6ldi Mak\u00f3 v\u00e1ros\u00e1nak, \u00e9s t\u00e9rs\u00e9g\u00e9nek, tal\u00e1n legnagyobb m\u00falttal rendelkez\u0151 cig\u00e1nydinaszti\u00e1ja a F\u00e1tyol dinasztia. Csal\u00e1df\u00e1juk lev\u00e9lt\u00e1ri \u00e9s egyh\u00e1zi nyilv\u00e1ntart\u00e1sok felkutat\u00e1s\u00e1val 1703-ig vezethet\u0151 vissza. Teh\u00e1t m\u00e1r a R\u00e1k\u00f3czi szabads\u00e1gharc idej\u00e9n, csal\u00e1djuk \u0151sei ebben a v\u00e1rosban muzsik\u00e1ltak, \u00e9s minden gener\u00e1ci\u00f3 fiai muzsikusok voltak.E 300 \u00e9vet mag\u00e1ba foglal\u00f3 t\u00f6rt\u00e9net v\u00e9g\u00e9n \u00e1llt a legend\u00e1s h\u00edr\u0171 ... Olvass tov\u00e1bb","og_url":"https:\/\/bozsogiattila.hu\/?p=1553","og_site_name":"Bozsogi Attila","article_published_time":"2024-01-15T19:09:07+00:00","author":"Bozsogi Attila","twitter_card":"summary_large_image","twitter_misc":{"Szerz\u0151:":"Bozsogi Attila","Becs\u00fclt olvas\u00e1si id\u0151":"29 perc"},"schema":{"@context":"https:\/\/schema.org","@graph":[{"@type":"WebPage","@id":"https:\/\/bozsogiattila.hu\/?p=1553","url":"https:\/\/bozsogiattila.hu\/?p=1553","name":"MAK\u00d3I F\u00c1TYOL MISI (1909-1980) - Bozsogi Attila","isPartOf":{"@id":"https:\/\/bozsogiattila.hu\/#website"},"datePublished":"2024-01-15T19:09:07+00:00","dateModified":"2024-01-15T19:09:07+00:00","author":{"@id":"https:\/\/bozsogiattila.hu\/#\/schema\/person\/488c99f554a8c4039201260dd5eb795e"},"breadcrumb":{"@id":"https:\/\/bozsogiattila.hu\/?p=1553#breadcrumb"},"inLanguage":"hu","potentialAction":[{"@type":"ReadAction","target":["https:\/\/bozsogiattila.hu\/?p=1553"]}]},{"@type":"BreadcrumbList","@id":"https:\/\/bozsogiattila.hu\/?p=1553#breadcrumb","itemListElement":[{"@type":"ListItem","position":1,"name":"Kezd\u0151lap","item":"https:\/\/bozsogiattila.hu\/"},{"@type":"ListItem","position":2,"name":"MAK\u00d3I F\u00c1TYOL MISI (1909-1980)"}]},{"@type":"WebSite","@id":"https:\/\/bozsogiattila.hu\/#website","url":"https:\/\/bozsogiattila.hu\/","name":"Bozsogi Attila","description":"a zen\u00e9sz, \u00edr\u00f3 munk\u00e1ss\u00e1g\u00e1nak \u00e9s a mak\u00f3i muzsikusok eml\u00e9k\u00e9t \u0151rz\u0151 oldal","potentialAction":[{"@type":"SearchAction","target":{"@type":"EntryPoint","urlTemplate":"https:\/\/bozsogiattila.hu\/?s={search_term_string}"},"query-input":"required name=search_term_string"}],"inLanguage":"hu"},{"@type":"Person","@id":"https:\/\/bozsogiattila.hu\/#\/schema\/person\/488c99f554a8c4039201260dd5eb795e","name":"Bozsogi Attila","image":{"@type":"ImageObject","inLanguage":"hu","@id":"https:\/\/bozsogiattila.hu\/#\/schema\/person\/image\/","url":"https:\/\/secure.gravatar.com\/avatar\/7da6b5985e34ed798d1670c54ce7d20e6a53b800bb0c07945c64b09392f3dbfd?s=96&d=mm&r=g","contentUrl":"https:\/\/secure.gravatar.com\/avatar\/7da6b5985e34ed798d1670c54ce7d20e6a53b800bb0c07945c64b09392f3dbfd?s=96&d=mm&r=g","caption":"Bozsogi Attila"},"sameAs":["http:\/\/www.boszogiattila.hu"],"url":"https:\/\/bozsogiattila.hu\/?author=3"}]}},"jetpack_featured_media_url":"","_links":{"self":[{"href":"https:\/\/bozsogiattila.hu\/index.php?rest_route=\/wp\/v2\/posts\/1553","targetHints":{"allow":["GET"]}}],"collection":[{"href":"https:\/\/bozsogiattila.hu\/index.php?rest_route=\/wp\/v2\/posts"}],"about":[{"href":"https:\/\/bozsogiattila.hu\/index.php?rest_route=\/wp\/v2\/types\/post"}],"author":[{"embeddable":true,"href":"https:\/\/bozsogiattila.hu\/index.php?rest_route=\/wp\/v2\/users\/3"}],"replies":[{"embeddable":true,"href":"https:\/\/bozsogiattila.hu\/index.php?rest_route=%2Fwp%2Fv2%2Fcomments&post=1553"}],"version-history":[{"count":1,"href":"https:\/\/bozsogiattila.hu\/index.php?rest_route=\/wp\/v2\/posts\/1553\/revisions"}],"predecessor-version":[{"id":1555,"href":"https:\/\/bozsogiattila.hu\/index.php?rest_route=\/wp\/v2\/posts\/1553\/revisions\/1555"}],"wp:attachment":[{"href":"https:\/\/bozsogiattila.hu\/index.php?rest_route=%2Fwp%2Fv2%2Fmedia&parent=1553"}],"wp:term":[{"taxonomy":"category","embeddable":true,"href":"https:\/\/bozsogiattila.hu\/index.php?rest_route=%2Fwp%2Fv2%2Fcategories&post=1553"},{"taxonomy":"post_tag","embeddable":true,"href":"https:\/\/bozsogiattila.hu\/index.php?rest_route=%2Fwp%2Fv2%2Ftags&post=1553"}],"curies":[{"name":"wp","href":"https:\/\/api.w.org\/{rel}","templated":true}]}}