{"id":1556,"date":"2024-01-15T19:10:00","date_gmt":"2024-01-15T19:10:00","guid":{"rendered":"https:\/\/bozsogiattila.hu\/?p=1556"},"modified":"2024-01-15T19:10:01","modified_gmt":"2024-01-15T19:10:01","slug":"korona-szallo-mako-muemlek","status":"publish","type":"post","link":"https:\/\/bozsogiattila.hu\/?p=1556","title":{"rendered":"KORONA SZ\u00c1LL\u00d3 MAK\u00d3 \u2013 M\u0170EML\u00c9K"},"content":{"rendered":"\n<p class=\"wp-block-paragraph\">KORONA SZ\u00c1LL\u00d3 MAK\u00d3 \u2013 M\u0170EML\u00c9K<\/p>\n\n\n\n<p class=\"wp-block-paragraph\">A Korona Sz\u00e1ll\u00f3 Mak\u00f3 belv\u00e1ros\u00e1ban, a Sz\u00e9chenyi t\u00e9ren tal\u00e1lhat\u00f3.<br>A v\u00e1ros legszebb eklektikus \u00e9p\u00fclete.<\/p>\n\n\n\n<p class=\"wp-block-paragraph\">Mak\u00f3 forgalmas v\u00e1s\u00e1rtart\u00f3 hely\u00e9n orsz\u00e1gos jelent\u0151s\u00e9g\u0171 utak tal\u00e1lkoztak, a vend\u00e9gek kiszolg\u00e1l\u00e1s\u00e1ra m\u00e1r a 18. sz\u00e1zad v\u00e9g\u00e9n Nagykocsma \u00e9p\u00fclt.<br>A Korona maga n\u00e9gy k\u00fcl\u00f6nb\u00f6z\u0151 szakaszban \u00e9p\u00fclt, 1855 \u2013 1967 k\u00f6z\u00f6tt, architekt\u00far\u00e1ja ennek ellen\u00e9re egys\u00e9ges.<br>Tal\u00e1lkoz\u00e1si helyk\u00e9nt, vitaestek \u00e9s rendezv\u00e9nyek helysz\u00ednek\u00e9nt fontos kultur\u00e1lis szereppel b\u00edrt r\u00e9gen \u00e9s ma egyar\u00e1nt.<br>Legutols\u00f3 fel\u00faj\u00edt\u00e1sa 2005-ben t\u00f6rt\u00e9nt.<\/p>\n\n\n\n<p class=\"wp-block-paragraph\">A kor\u00e1bban fogad\u00f3k\u00e9nt, majd sz\u00e1llodak\u00e9nt \u00fczemel\u0151 \u00e9p\u00fclet 1854 \u00e9s 1929 k\u00f6z\u00f6tt \u00e9p\u00fclt, folyamatosan v\u00e1ltozva, \u00e9s form\u00e1l\u00f3dva Mak\u00f3val.<br>A szellemi \u00e9let egyik k\u00f6zpontja volt: s\u0171r\u0171n adott helyet vitaesteknek, el\u0151ad\u00e1soknak, \u00e9s zen\u00e9s rendezv\u00e9nyeknek.<br>Jelenleg a v\u00e1llalkoz\u00f3kat, \u00e9s az \u00fczleti kapcsolatokat seg\u00edt\u0151 centrum m\u0171k\u00f6dik benne, de d\u00edszterm\u00e9ben zajl\u00f3 rendezv\u00e9nyek r\u00e9v\u00e9n megtartotta kultur\u00e1lis szerep\u00e9t.<\/p>\n\n\n\n<p class=\"wp-block-paragraph\">A korona sz\u00e1mos esem\u00e9nynek adott otthont, t\u00f6bb neves szem\u00e9lyis\u00e9g is megfordult benne; a v\u00e1ros m\u0171vel\u0151d\u00e9st\u00f6rt\u00e9net\u00e9ben jelent\u0151s szerepe volt.<br>A v\u00e1ros m\u0171vel\u0151d\u00e9st\u00f6rt\u00e9net\u00e9ben a Korona fontos szerepet t\u00f6lt\u00f6tt be.<br>Itt lakott T\u00f6m\u00f6rk\u00e9ny Istv\u00e1n 1877 \u2013 1880 k\u00f6z\u00f6tt.<br>Itt muzsik\u00e1lt F\u00e1tyol Mih\u00e1ly a neves cig\u00e1nypr\u00edm\u00e1s, \u00e9s gyakran tart\u00f3zkodott itt Di\u00f3sszil\u00e1gyi S\u00e1muel \u00e9s G\u00f6rbe S\u00e1muel.<br>Itt alakult meg a m\u00e1rciusi front nev\u0171 p\u00e1rt is 1937-ben.<br>A Korona Sz\u00e1ll\u00f3ban megrendezett irodalmi esteken Illy\u00e9s Gyula, Veres P\u00e9ter, F\u00e9ja G\u00e9za, \u00e9s Erdei Ferenc is r\u00e9szt vettek.<\/p>\n\n\n\n<p class=\"wp-block-paragraph\">Az \u00e9p\u00fcletben jelenleg a Korona \u00dczleti \u00e9s Szolg\u00e1ltat\u00f3 K\u00f6zpont, \u00e9s a Korona \u00e9tterem m\u0171k\u00f6dik, a v\u00e1ros kultur\u00e1lis esem\u00e9nyei (koncertjei, el\u0151ad\u00e1sai, vitaestjei) gyakran itt zajlanak le.<br>D\u00edszterme lehet\u0151s\u00e9get biztos\u00edt fesztiv\u00e1lok, szalagavat\u00f3k, b\u00e1lok csal\u00e1di rendezv\u00e9nyek rendez\u00e9s\u00e9re.<br>2005 j\u00faliusa \u00f3ta \u2013 a V\u00e1rosh\u00e1za h\u00e1zass\u00e1gk\u00f6t\u0151-terme mellett \u2013 a Korona d\u00edszterm\u00e9ben is lehet\u0151s\u00e9g van h\u00e1zass\u00e1gk\u00f6t\u00e9sre.<br>A Korona Sz\u00e1ll\u00f3 m\u0171eml\u00e9ki v\u00e9detts\u00e9get \u00e9lvez.<br>Az impoz\u00e1ns \u00e9p\u00fclet a v\u00e1ros egyik jelk\u00e9p\u00e9v\u00e9 v\u00e1lt.<\/p>\n","protected":false},"excerpt":{"rendered":"<p>KORONA SZ\u00c1LL\u00d3 MAK\u00d3 \u2013 M\u0170EML\u00c9K A Korona Sz\u00e1ll\u00f3 Mak\u00f3 belv\u00e1ros\u00e1ban, a Sz\u00e9chenyi t\u00e9ren tal\u00e1lhat\u00f3.A v\u00e1ros legszebb eklektikus \u00e9p\u00fclete. Mak\u00f3 forgalmas v\u00e1s\u00e1rtart\u00f3 hely\u00e9n orsz\u00e1gos jelent\u0151s\u00e9g\u0171 utak tal\u00e1lkoztak, a vend\u00e9gek kiszolg\u00e1l\u00e1s\u00e1ra m\u00e1r a 18. sz\u00e1zad v\u00e9g\u00e9n Nagykocsma \u00e9p\u00fclt.A Korona maga n\u00e9gy k\u00fcl\u00f6nb\u00f6z\u0151 szakaszban \u00e9p\u00fclt, 1855 \u2013 1967 k\u00f6z\u00f6tt, architekt\u00far\u00e1ja ennek ellen\u00e9re egys\u00e9ges.Tal\u00e1lkoz\u00e1si helyk\u00e9nt, vitaestek \u00e9s rendezv\u00e9nyek helysz\u00ednek\u00e9nt &#8230; <a title=\"KORONA SZ\u00c1LL\u00d3 MAK\u00d3 \u2013 M\u0170EML\u00c9K\" class=\"read-more\" href=\"https:\/\/bozsogiattila.hu\/?p=1556\" aria-label=\"Tov\u00e1bbiak KORONA SZ\u00c1LL\u00d3 MAK\u00d3 \u2013 M\u0170EML\u00c9K\">Olvass tov\u00e1bb<\/a><\/p>\n","protected":false},"author":3,"featured_media":0,"comment_status":"open","ping_status":"open","sticky":false,"template":"","format":"standard","meta":{"footnotes":""},"categories":[331],"tags":[],"class_list":["post-1556","post","type-post","status-publish","format-standard","hentry","category-emlkeim"],"yoast_head":"<!-- This site is optimized with the Yoast SEO plugin v21.8 - https:\/\/yoast.com\/wordpress\/plugins\/seo\/ -->\n<title>KORONA SZ\u00c1LL\u00d3 MAK\u00d3 \u2013 M\u0170EML\u00c9K - Bozsogi Attila<\/title>\n<meta name=\"robots\" content=\"index, follow, max-snippet:-1, max-image-preview:large, max-video-preview:-1\" \/>\n<link rel=\"canonical\" href=\"https:\/\/bozsogiattila.hu\/?p=1556\" \/>\n<meta property=\"og:locale\" content=\"hu_HU\" \/>\n<meta property=\"og:type\" content=\"article\" \/>\n<meta property=\"og:title\" content=\"KORONA SZ\u00c1LL\u00d3 MAK\u00d3 \u2013 M\u0170EML\u00c9K - Bozsogi Attila\" \/>\n<meta property=\"og:description\" content=\"KORONA SZ\u00c1LL\u00d3 MAK\u00d3 \u2013 M\u0170EML\u00c9K A Korona Sz\u00e1ll\u00f3 Mak\u00f3 belv\u00e1ros\u00e1ban, a Sz\u00e9chenyi t\u00e9ren tal\u00e1lhat\u00f3.A v\u00e1ros legszebb eklektikus \u00e9p\u00fclete. Mak\u00f3 forgalmas v\u00e1s\u00e1rtart\u00f3 hely\u00e9n orsz\u00e1gos jelent\u0151s\u00e9g\u0171 utak tal\u00e1lkoztak, a vend\u00e9gek kiszolg\u00e1l\u00e1s\u00e1ra m\u00e1r a 18. sz\u00e1zad v\u00e9g\u00e9n Nagykocsma \u00e9p\u00fclt.A Korona maga n\u00e9gy k\u00fcl\u00f6nb\u00f6z\u0151 szakaszban \u00e9p\u00fclt, 1855 \u2013 1967 k\u00f6z\u00f6tt, architekt\u00far\u00e1ja ennek ellen\u00e9re egys\u00e9ges.Tal\u00e1lkoz\u00e1si helyk\u00e9nt, vitaestek \u00e9s rendezv\u00e9nyek helysz\u00ednek\u00e9nt ... Olvass tov\u00e1bb\" \/>\n<meta property=\"og:url\" content=\"https:\/\/bozsogiattila.hu\/?p=1556\" \/>\n<meta property=\"og:site_name\" content=\"Bozsogi Attila\" \/>\n<meta property=\"article:published_time\" content=\"2024-01-15T19:10:00+00:00\" \/>\n<meta property=\"article:modified_time\" content=\"2024-01-15T19:10:01+00:00\" \/>\n<meta name=\"author\" content=\"Bozsogi Attila\" \/>\n<meta name=\"twitter:card\" content=\"summary_large_image\" \/>\n<meta name=\"twitter:label1\" content=\"Szerz\u0151:\" \/>\n\t<meta name=\"twitter:data1\" content=\"Bozsogi Attila\" \/>\n\t<meta name=\"twitter:label2\" content=\"Becs\u00fclt olvas\u00e1si id\u0151\" \/>\n\t<meta name=\"twitter:data2\" content=\"2 perc\" \/>\n<script type=\"application\/ld+json\" class=\"yoast-schema-graph\">{\"@context\":\"https:\/\/schema.org\",\"@graph\":[{\"@type\":\"WebPage\",\"@id\":\"https:\/\/bozsogiattila.hu\/?p=1556\",\"url\":\"https:\/\/bozsogiattila.hu\/?p=1556\",\"name\":\"KORONA SZ\u00c1LL\u00d3 MAK\u00d3 \u2013 M\u0170EML\u00c9K - Bozsogi Attila\",\"isPartOf\":{\"@id\":\"https:\/\/bozsogiattila.hu\/#website\"},\"datePublished\":\"2024-01-15T19:10:00+00:00\",\"dateModified\":\"2024-01-15T19:10:01+00:00\",\"author\":{\"@id\":\"https:\/\/bozsogiattila.hu\/#\/schema\/person\/488c99f554a8c4039201260dd5eb795e\"},\"breadcrumb\":{\"@id\":\"https:\/\/bozsogiattila.hu\/?p=1556#breadcrumb\"},\"inLanguage\":\"hu\",\"potentialAction\":[{\"@type\":\"ReadAction\",\"target\":[\"https:\/\/bozsogiattila.hu\/?p=1556\"]}]},{\"@type\":\"BreadcrumbList\",\"@id\":\"https:\/\/bozsogiattila.hu\/?p=1556#breadcrumb\",\"itemListElement\":[{\"@type\":\"ListItem\",\"position\":1,\"name\":\"Kezd\u0151lap\",\"item\":\"https:\/\/bozsogiattila.hu\/\"},{\"@type\":\"ListItem\",\"position\":2,\"name\":\"KORONA SZ\u00c1LL\u00d3 MAK\u00d3 \u2013 M\u0170EML\u00c9K\"}]},{\"@type\":\"WebSite\",\"@id\":\"https:\/\/bozsogiattila.hu\/#website\",\"url\":\"https:\/\/bozsogiattila.hu\/\",\"name\":\"Bozsogi Attila\",\"description\":\"a zen\u00e9sz, \u00edr\u00f3 munk\u00e1ss\u00e1g\u00e1nak \u00e9s a mak\u00f3i muzsikusok eml\u00e9k\u00e9t \u0151rz\u0151 oldal\",\"potentialAction\":[{\"@type\":\"SearchAction\",\"target\":{\"@type\":\"EntryPoint\",\"urlTemplate\":\"https:\/\/bozsogiattila.hu\/?s={search_term_string}\"},\"query-input\":\"required name=search_term_string\"}],\"inLanguage\":\"hu\"},{\"@type\":\"Person\",\"@id\":\"https:\/\/bozsogiattila.hu\/#\/schema\/person\/488c99f554a8c4039201260dd5eb795e\",\"name\":\"Bozsogi Attila\",\"image\":{\"@type\":\"ImageObject\",\"inLanguage\":\"hu\",\"@id\":\"https:\/\/bozsogiattila.hu\/#\/schema\/person\/image\/\",\"url\":\"https:\/\/secure.gravatar.com\/avatar\/7da6b5985e34ed798d1670c54ce7d20e6a53b800bb0c07945c64b09392f3dbfd?s=96&d=mm&r=g\",\"contentUrl\":\"https:\/\/secure.gravatar.com\/avatar\/7da6b5985e34ed798d1670c54ce7d20e6a53b800bb0c07945c64b09392f3dbfd?s=96&d=mm&r=g\",\"caption\":\"Bozsogi Attila\"},\"sameAs\":[\"http:\/\/www.boszogiattila.hu\"],\"url\":\"https:\/\/bozsogiattila.hu\/?author=3\"}]}<\/script>\n<!-- \/ Yoast SEO plugin. -->","yoast_head_json":{"title":"KORONA SZ\u00c1LL\u00d3 MAK\u00d3 \u2013 M\u0170EML\u00c9K - Bozsogi Attila","robots":{"index":"index","follow":"follow","max-snippet":"max-snippet:-1","max-image-preview":"max-image-preview:large","max-video-preview":"max-video-preview:-1"},"canonical":"https:\/\/bozsogiattila.hu\/?p=1556","og_locale":"hu_HU","og_type":"article","og_title":"KORONA SZ\u00c1LL\u00d3 MAK\u00d3 \u2013 M\u0170EML\u00c9K - Bozsogi Attila","og_description":"KORONA SZ\u00c1LL\u00d3 MAK\u00d3 \u2013 M\u0170EML\u00c9K A Korona Sz\u00e1ll\u00f3 Mak\u00f3 belv\u00e1ros\u00e1ban, a Sz\u00e9chenyi t\u00e9ren tal\u00e1lhat\u00f3.A v\u00e1ros legszebb eklektikus \u00e9p\u00fclete. Mak\u00f3 forgalmas v\u00e1s\u00e1rtart\u00f3 hely\u00e9n orsz\u00e1gos jelent\u0151s\u00e9g\u0171 utak tal\u00e1lkoztak, a vend\u00e9gek kiszolg\u00e1l\u00e1s\u00e1ra m\u00e1r a 18. sz\u00e1zad v\u00e9g\u00e9n Nagykocsma \u00e9p\u00fclt.A Korona maga n\u00e9gy k\u00fcl\u00f6nb\u00f6z\u0151 szakaszban \u00e9p\u00fclt, 1855 \u2013 1967 k\u00f6z\u00f6tt, architekt\u00far\u00e1ja ennek ellen\u00e9re egys\u00e9ges.Tal\u00e1lkoz\u00e1si helyk\u00e9nt, vitaestek \u00e9s rendezv\u00e9nyek helysz\u00ednek\u00e9nt ... Olvass tov\u00e1bb","og_url":"https:\/\/bozsogiattila.hu\/?p=1556","og_site_name":"Bozsogi Attila","article_published_time":"2024-01-15T19:10:00+00:00","article_modified_time":"2024-01-15T19:10:01+00:00","author":"Bozsogi Attila","twitter_card":"summary_large_image","twitter_misc":{"Szerz\u0151:":"Bozsogi Attila","Becs\u00fclt olvas\u00e1si id\u0151":"2 perc"},"schema":{"@context":"https:\/\/schema.org","@graph":[{"@type":"WebPage","@id":"https:\/\/bozsogiattila.hu\/?p=1556","url":"https:\/\/bozsogiattila.hu\/?p=1556","name":"KORONA SZ\u00c1LL\u00d3 MAK\u00d3 \u2013 M\u0170EML\u00c9K - Bozsogi Attila","isPartOf":{"@id":"https:\/\/bozsogiattila.hu\/#website"},"datePublished":"2024-01-15T19:10:00+00:00","dateModified":"2024-01-15T19:10:01+00:00","author":{"@id":"https:\/\/bozsogiattila.hu\/#\/schema\/person\/488c99f554a8c4039201260dd5eb795e"},"breadcrumb":{"@id":"https:\/\/bozsogiattila.hu\/?p=1556#breadcrumb"},"inLanguage":"hu","potentialAction":[{"@type":"ReadAction","target":["https:\/\/bozsogiattila.hu\/?p=1556"]}]},{"@type":"BreadcrumbList","@id":"https:\/\/bozsogiattila.hu\/?p=1556#breadcrumb","itemListElement":[{"@type":"ListItem","position":1,"name":"Kezd\u0151lap","item":"https:\/\/bozsogiattila.hu\/"},{"@type":"ListItem","position":2,"name":"KORONA SZ\u00c1LL\u00d3 MAK\u00d3 \u2013 M\u0170EML\u00c9K"}]},{"@type":"WebSite","@id":"https:\/\/bozsogiattila.hu\/#website","url":"https:\/\/bozsogiattila.hu\/","name":"Bozsogi Attila","description":"a zen\u00e9sz, \u00edr\u00f3 munk\u00e1ss\u00e1g\u00e1nak \u00e9s a mak\u00f3i muzsikusok eml\u00e9k\u00e9t \u0151rz\u0151 oldal","potentialAction":[{"@type":"SearchAction","target":{"@type":"EntryPoint","urlTemplate":"https:\/\/bozsogiattila.hu\/?s={search_term_string}"},"query-input":"required name=search_term_string"}],"inLanguage":"hu"},{"@type":"Person","@id":"https:\/\/bozsogiattila.hu\/#\/schema\/person\/488c99f554a8c4039201260dd5eb795e","name":"Bozsogi Attila","image":{"@type":"ImageObject","inLanguage":"hu","@id":"https:\/\/bozsogiattila.hu\/#\/schema\/person\/image\/","url":"https:\/\/secure.gravatar.com\/avatar\/7da6b5985e34ed798d1670c54ce7d20e6a53b800bb0c07945c64b09392f3dbfd?s=96&d=mm&r=g","contentUrl":"https:\/\/secure.gravatar.com\/avatar\/7da6b5985e34ed798d1670c54ce7d20e6a53b800bb0c07945c64b09392f3dbfd?s=96&d=mm&r=g","caption":"Bozsogi Attila"},"sameAs":["http:\/\/www.boszogiattila.hu"],"url":"https:\/\/bozsogiattila.hu\/?author=3"}]}},"jetpack_featured_media_url":"","_links":{"self":[{"href":"https:\/\/bozsogiattila.hu\/index.php?rest_route=\/wp\/v2\/posts\/1556","targetHints":{"allow":["GET"]}}],"collection":[{"href":"https:\/\/bozsogiattila.hu\/index.php?rest_route=\/wp\/v2\/posts"}],"about":[{"href":"https:\/\/bozsogiattila.hu\/index.php?rest_route=\/wp\/v2\/types\/post"}],"author":[{"embeddable":true,"href":"https:\/\/bozsogiattila.hu\/index.php?rest_route=\/wp\/v2\/users\/3"}],"replies":[{"embeddable":true,"href":"https:\/\/bozsogiattila.hu\/index.php?rest_route=%2Fwp%2Fv2%2Fcomments&post=1556"}],"version-history":[{"count":1,"href":"https:\/\/bozsogiattila.hu\/index.php?rest_route=\/wp\/v2\/posts\/1556\/revisions"}],"predecessor-version":[{"id":1558,"href":"https:\/\/bozsogiattila.hu\/index.php?rest_route=\/wp\/v2\/posts\/1556\/revisions\/1558"}],"wp:attachment":[{"href":"https:\/\/bozsogiattila.hu\/index.php?rest_route=%2Fwp%2Fv2%2Fmedia&parent=1556"}],"wp:term":[{"taxonomy":"category","embeddable":true,"href":"https:\/\/bozsogiattila.hu\/index.php?rest_route=%2Fwp%2Fv2%2Fcategories&post=1556"},{"taxonomy":"post_tag","embeddable":true,"href":"https:\/\/bozsogiattila.hu\/index.php?rest_route=%2Fwp%2Fv2%2Ftags&post=1556"}],"curies":[{"name":"wp","href":"https:\/\/api.w.org\/{rel}","templated":true}]}}