{"id":1559,"date":"2024-01-15T19:11:10","date_gmt":"2024-01-15T19:11:10","guid":{"rendered":"https:\/\/bozsogiattila.hu\/?p=1559"},"modified":"2024-01-15T19:11:10","modified_gmt":"2024-01-15T19:11:10","slug":"kezdodik-a-zenesz-elet-balla-sari","status":"publish","type":"post","link":"https:\/\/bozsogiattila.hu\/?p=1559","title":{"rendered":"KEZD\u0150DIK A ZEN\u00c9SZ \u00c9LET (Balla S\u00e1ri)"},"content":{"rendered":"\n<p class=\"wp-block-paragraph\">KEZD\u0150DIK A ZEN\u00c9SZ \u00c9LET (Balla S\u00e1ri)<\/p>\n\n\n\n<p class=\"wp-block-paragraph\">Miel\u0151tt elkezden\u00e9m bemutatni zen\u00e9sz p\u00e1ly\u00e1m alakul\u00e1s\u00e1t, k\u00e9nytelen vagyok egy kiss\u00e9 visszakanyarodni id\u0151ben.<br>Kesztner Zolival nyolc \u00e9vig egy\u00fctt j\u00e1rtunk \u00e1ltal\u00e1nos iskol\u00e1ba.<br>Apj\u00e1t, mint legend\u00e1t ismertem csak, mivel sz\u00fclei korai v\u00e1l\u00e1sa ut\u00e1n Ausztr\u00e1li\u00e1ba k\u00f6lt\u00f6z\u00f6tt, ahonnan sohasem t\u00e9rt vissza.<br>Vad\u00e1sz, horg\u00e1sz sikereir\u0151l az id\u0151sebbek legend\u00e1kat mes\u00e9ltek, akik szerint, ha egy t\u00f3ban csup\u00e1n egy hal volt, az biztos, hogy az \u0151 horg\u00e1n fejezte be \u00e9let\u00e9t ak\u00e1rh\u00e1nyan is horg\u00e1sztak egy id\u0151ben a tavon.<br>Zoli apja nyomdokaiban haladt, \u00e9s m\u00e1r kisiskol\u00e1s kor\u00e1ban szenz\u00e1ci\u00f3s toj\u00e1sgy\u0171jtem\u00e9nnyel rendelkezett, amit gyakran megcsod\u00e1ltunk otthonukban, melyet a kit\u00f6m\u00f6tt madarak sokas\u00e1ga d\u00edsz\u00edtett.<br>Az iskol\u00e1nak \u0151 volt az egyetlen l\u00e9gpuska tulajdonosa, \u00e9s megtisztelve \u00e9rezt\u00fck magunkat, ha egy-k\u00e9t l\u00f6v\u00e9s erej\u00e9ig k\u00f6lcs\u00f6nadta fegyver\u00e9t.<br>Mint h\u00e1zuk rendszeres l\u00e1togat\u00f3ja, sohasem mert\u00fck gondolni, hogy egyszer \u00e9desanyja munkat\u00e1rsa leszek, mely kapcsolat t\u00f6bb mint egy \u00e9vtizedet fog kitenni.<br>1954-ben a volt mak\u00f3i D\u00c9FOSZ t\u00e1ncteremben anyja tan\u00edtv\u00e1nyai voltunk, t\u00e1nciskol\u00e1j\u00e1ban.<br>A koron\u00e1ban ekkor m\u00e9g Mer\u00e9nyi Elem\u00e9r, \u00e9s neje vezette a tanfolyamokat.<br>\u00c9vek m\u00falva S\u00e1ri n\u00e9ni ker\u00fclt a hely\u00fckre.<br>Zongorista az a Bakos Zolt\u00e1n volt, akit \u00e9n v\u00e1ltottam a F\u00e1tyol zenekarban.<br>Dobn\u00e1l Siket Antal m\u0171k\u00f6d\u00f6tt k\u00f6zre, akivel p\u00e1r \u00e9v m\u00falva szint\u00e9n a F\u00e1tyol zenekarban muzsik\u00e1ltunk egy\u00fctt.<br>P\u00e1r \u00e9vvel k\u00e9s\u0151bb a sors Balla S\u00e1ri t\u00e1nctan\u00e1r mell\u00e9 sodort, ekkor m\u00e1r zongoristak\u00e9nt.<br>A kezdet nem volt egyszer\u0171, mivel S\u00e1ri n\u00e9ni kijelentette, hogy egy 120-150 szem\u00e9lyes t\u00e1nciskolai oktat\u00e1son nem hajland\u00f3 egy kezd\u0151zen\u00e9sszel k\u00ednl\u00f3dni.<br>A t\u00e1nciskola a Hagymah\u00e1z rendez\u00e9s\u00e9ben m\u0171k\u00f6d\u00f6tt, ahol S\u00e1ri n\u00e9ni k\u00e9nytelen volt elfogadni a szem\u00e9lyemet, vagy nem ind\u00edthatott volna tanfolyamot.<br>A Hagymah\u00e1z f\u0151h\u00edvat\u00e1s\u00fa zongorist\u00e1ja akkor Erdei Imre b\u00e1csi volt, (ap\u00e1mmal egy id\u0151s) aki az ideig k\u00e9t t\u00e1nctan\u00e1rn\u0151 t\u00e1nctanfolyamain zongor\u00e1zott.<br>Kov\u00e1cs Lajosn\u00e9 (Margit n\u00e9ni) a t\u00e1rsast\u00e1nc mellett n\u00e9pt\u00e1ncot is oktatott.<br>Abban az \u00e9vben k\u00e9r\u00e9sre T\u00f3th Alexandra balett-tan\u00e1rt is alkalmazta a Hagymah\u00e1z, \u00edgy a rutinos Erdei Imre zongorist\u00e1t Kov\u00e1cs Lajosn\u00e9, \u00e9s T\u00f3th Alexandra mell\u00e9 osztott\u00e1k be zongorak\u00eds\u00e9r\u0151nek.<br>\u00cdgy S\u00e1ri n\u00e9ni k\u00e9nytelen volt elfogadni engem. Dobos szint\u00e9n fiatal muzsikus volt, Szir\u00e1nyi Istv\u00e1n szem\u00e9ly\u00e9ben, aki a gimn\u00e1ziumi zenekarom dobosa volt egykor.<br>A t\u00e1nciskola ut\u00e1n engem mindig v\u00e1rt valamelyik l\u00e1ny, aki \u00e9ppen soros volt. (Nem t\u00e1nciskol\u00e1s)<br>S\u00e1ri n\u00e9ni viszont sohasem fejezte be pontosan a foglalkoz\u00e1st, ez\u00e9rt legk\u00f6zelebb a zongor\u00e1ra tettem egy vekkert, amely pontban kilenc \u00f3rakor hars\u00e1ny csenget\u00e9ssel jelezte a foglalkoz\u00e1s v\u00e9g\u00e9t.<br>Mikor meghallotta a cs\u00f6rg\u0151\u00f3ra hangj\u00e1t felh\u00e1borodva mondta a t\u00f6meg el\u0151tt, hogy ez arc\u00e1tlans\u00e1g, de v\u00e9get vetett a tan\u00edt\u00e1snak.<br>M\u00e1snap Galli J\u00e1nos igazgat\u00f3hoz kellett mennem raportra, aki nekem adott igazat.<br>A k\u00f6vetkez\u0151 foglalkoz\u00e1son S\u00e1ri n\u00e9ni csak az\u00e9rt sem fejezte be a tan\u00edt\u00e1st id\u0151ben, mire \u00e9n lecsuktam a zongor\u00e1t, \u00e9s elk\u00f6sz\u00f6ntem.<br>\u00dajabb raport k\u00f6vetkezett, ahol az igazgat\u00f3 \u00far kijelentette: \u201eVagy megegyeznek, vagy feloszlatom a tan\u00edt\u00e1st\u201d.<br>Ilyen kezd\u00e9s ut\u00e1n, egy olyan t\u00f6k\u00e9letes munkat\u00e1rsi kapcsolat alakult ki k\u00f6z\u00f6tt\u00fcnk, hogy jobbat elk\u00e9pzelni sem lehet.<\/p>\n\n\n\n<p class=\"wp-block-paragraph\">A kezdeti neh\u00e9zs\u00e9gek ut\u00e1n \u00e9vente t\u00f6bb mak\u00f3i tanfolyam volt, ezen k\u00edv\u00fcl F\u00f6lde\u00e1k, Ferencsz\u00e1ll\u00e1s, \u00e9s Kiszombor lett a visszat\u00e9r\u0151 tanfolyamok sz\u00ednhelye.<br>Minden hov\u00e1 t\u00e9len j\u00e1rtunk!<br>F\u00f6lde\u00e1kon az iskola pedellus\u00e1n\u00e1l Kun Szab\u00f3 Tam\u00e1s b\u00e1csi\u00e9kn\u00e1l n\u00e9gyesben k\u00e1rty\u00e1ztak S\u00e1ri n\u00e9ni\u00e9k. (Nem tudok k\u00e1rty\u00e1zni) Mint k\u00e9s\u0151bb megtudtam Tam\u00e1s b\u00e1csi feles\u00e9g\u00e9nek Teri n\u00e9ninek a h\u00fag\u00e1val, Maca n\u00e9nivel is j\u00f3ban volt valamikor Tam\u00e1s b\u00e1csi, de rendez\u0151dtek a dolgok, \u00e9s \u00f6regs\u00e9g\u00fckre egy\u00fctt laktak, csup\u00e1n a falu \u00f6regjei nevezt\u00e9k az \u00f6reget k\u00e9tnej\u0171 Kun Szab\u00f3nak.<br>Minden alkalommal egy igazi csal\u00e1di harm\u00f3ni\u00e1nak voltam r\u00e9szese.<\/p>\n\n\n\n<p class=\"wp-block-paragraph\">Ferencsz\u00e1ll\u00e1son a Lud\u00e1nyi h\u00e1zasp\u00e1r l\u00e1tott vend\u00e9g\u00fcl minden alkalommal benn\u00fcnket, akiknek volt k\u00e9t nagy l\u00e1nyuk, de sohasem tal\u00e1lkoztunk, mivel m\u00e1r nem laktak otthon.<br>Itt a kemencepadk\u00e1n \u00fclve, h\u00e1tunkat a kellemes meleget ont\u00f3 kemenc\u00e9nek t\u00e1masztva a s\u00f6t\u00e9t szob\u00e1ban hallgattuk a Szabad Eur\u00f3pa r\u00e1di\u00f3 h\u00edreit. Meg voltak gy\u0151z\u0151dve, hogy a s\u00f6t\u00e9tben nem hallatszik ki a r\u00e1di\u00f3 hangja, \u00edgy nem kell f\u00e9lni a lebuk\u00e1st\u00f3l.(Tilos volt hallgatni ezt az ad\u00f3t)<br>Egy alaklommal \u00e9ppen vacsor\u00e1ztak mikor oda\u00e9rt\u00fcnk, \u00e9s legnagyobb meglepet\u00e9semre egy t\u00e1ny\u00e9rb\u00f3l ettek.<br>R\u00e9gi hagyom\u00e1ny volt valamikor: Az esk\u00fcv\u0151t k\u00f6vet\u0151en mindig egy t\u00e1ny\u00e9rb\u00f3l ettek \u00e9let\u00fck v\u00e9g\u00e9ig. (N\u00e1lunk ez eggyel t\u00f6bb vit\u00e1t sz\u00edtott volna)<br>Ez id\u0151 t\u00e1jt a k\u00f6zleked\u00e9s olyan rossz volt, hogy mindk\u00e9t faluban \u00f3r\u00e1kat kellett v\u00e1rni, a tan\u00edt\u00e1s kezdete el\u0151tt, ez\u00e9rt vend\u00e9geskedt\u00fcnk a k\u00e9t csal\u00e1dn\u00e1l.<br>Tan\u00edt\u00e1s ut\u00e1n S\u00e1ri n\u00e9ni mindig Lud\u00e1nyi\u00e9kn\u00e1l aludt, mivel nem volt busz visszafel\u00e9, az \u00e1llom\u00e1s meg h\u00e1rom kilom\u00e9terre volt, \u00e9s a t\u00e9l m\u00ednusz t\u00edz, tizen\u00f6t fokkal kedveskedett az utaz\u00f3knak.<br>\u00cdgy mindig egyed\u00fcl kutyagoltam az \u00fattalan \u00faton a meg\u00e1ll\u00f3ig, ahol n\u00e9ha m\u00e1sf\u00e9l \u00f3r\u00e1t is v\u00e1rni kellett az \u00e1lland\u00f3an k\u00e9s\u0151 vonatra.<\/p>\n\n\n\n<p class=\"wp-block-paragraph\">Kiszomboron S\u00e1ri n\u00e9ni sz\u00fcl\u0151faluj\u00e1ban (1912. 08. 01) volt a legjobb a helyzet, itt \u00e9rkez\u00e9s ut\u00e1n mindj\u00e1rt kezd\u0151d\u00f6tt a tan\u00edt\u00e1s.<br>Sz\u00fcnetben \u00e1lland\u00f3 vend\u00e9ge volt egykori bar\u00e1tn\u0151je Dr. Antallfi S\u00e1ndor professzor feles\u00e9ge, aki a legk\u00e9ptelenebb val\u00f3di t\u00f6rt\u00e9netekkel sz\u00f3rakoztatott benn\u00fcnket.<br>Pl: K\u00e9pzeld S\u00e1rik\u00e1m a napokban Szegedr\u0151l j\u00f6tt haza S\u00e1ndor, \u00e9s annyira elgondolkozott, hogy a szomsz\u00e9d bej\u00e1rat\u00e1n\u00e1l \u00e1ll\u00f3 lovaknak kalapot emelt, a kiss\u00e9 t\u00e1volabb \u00e1ll\u00f3 szomsz\u00e9doknak meg nem k\u00f6sz\u00f6nt, h\u00e1zunkhoz \u00e9rve elfelejtett bej\u00f6nni, \u00e9s az utca v\u00e9g\u00e9n, mikor megk\u00e9rdezt\u00e9k, messze-e professzor \u00far, akkor \u00e9bredt r\u00e1, hogy hol van?<br>A professzor \u00far egy ny\u00e1ri sztorija is napvil\u00e1got l\u00e1tott: Elromlott a TV, \u00e9s mondtam S\u00e1ndornak, sz\u00f3ljon bar\u00e1tj\u00e1nak Str\u00f3ner Ferinek, mert este nagyon j\u00f3 film lesz.<br>Egyszer kimentem az utc\u00e1ra, vend\u00e9get beengedni, mikor l\u00e1tom, hogy j\u00f6n a f\u00e9rjem<br>ker\u00e9kp\u00e1ron, az utca elej\u00e9n slicces gaty\u00e1ban, f\u00e9lmeztelen, mez\u00edtl\u00e1b Mak\u00f3r\u00f3l.<br>Igyekeztem, min\u00e9l hamarabb beengedi bar\u00e1tn\u0151met, hogy ne l\u00e1ssa f\u00e9rjem e mag\u00e1nsz\u00e1m\u00e1t.<br>Ilyen \u00e9s ehhez hasonl\u00f3 vid\u00e1m sztorikkal gazdagodva teltek el a t\u00e1nciskol\u00e1k, mely sztorik \u00e1ltal\u00e1ban a sz\u00f3rakozott professzorr\u00f3l sz\u00f3ltak<br>A hazautaz\u00e1s viszont a vid\u00e1m hangulat\u00fa tan\u00edt\u00e1s ut\u00e1n m\u00e1r tragikusnak volt mondhat\u00f3, ugyanis a Kiszombori \u00e1llom\u00e1sf\u0151n\u00f6k gyakran szomor\u00fa h\u00edrekkel v\u00e1rt, \u00e9s r\u00e9szv\u00e9tteljes arccal k\u00f6z\u00f6lte vel\u00fcnk: Ma, el\u0151rel\u00e1that\u00f3lag k\u00e9t \u00f3r\u00e1t k\u00e9sik a vonat!<\/p>\n\n\n\n<p class=\"wp-block-paragraph\">Nem egyszer hazas\u00e9t\u00e1ltunk a l\u00f3 korz\u00f3n, ahol szinte semmi \u00e9jszakai forgalom nem volt akkoriban m\u00e9g.<br>Mindig savaltam a zord hideg t\u00e9lben tartott tanfolyamok rendez\u00e9s\u00e9t, de v\u00e9g\u00fcl bel\u00e1ttam a ny\u00e1ri munk\u00e1k miatt csak ilyenkor lehetett sz\u00e1m\u00edtani tanul\u00f3kra.<br>Mak\u00f3n volt: tavaszi, ny\u00e1ri, \u0151szi, \u00e9s t\u00e9li tanfolyam. A t\u00e9li tanfolyam 12 h\u00e9tig tartott, \u00e9s a tan\u00edt\u00e1s ut\u00e1n szerd\u00e1n, \u00e9jf\u00e9lig, szombaton reggel n\u00e9gyig, vas\u00e1rnap \u00e9jjel kett\u0151ig voltak \u00f6sszt\u00e1ncok.<br>A m\u00e1sik h\u00e1rom tanfolyam hathetes volt, hasonl\u00f3 \u00f6sszt\u00e1ncokkal.<br>Di\u00e1kok csak ny\u00e1ron iratkozhattak be t\u00e1nciskol\u00e1ba.<br>Ezeken a tanfolyamokon k\u00edv\u00fcl voltak m\u00e9g halad\u00f3knak szervezett t\u00e1nciskol\u00e1k is, di\u00e1k \u00e9s dolgoz\u00f3 v\u00e1ltozatban.<br>S\u00e1ri n\u00e9ni vezetett m\u00e9g egy form\u00e1ci\u00f3s modern t\u00e1nccsoportot is, vas\u00e1rnap d\u00e9lel\u0151tt\u00f6nk\u00e9nt.<\/p>\n\n\n\n<p class=\"wp-block-paragraph\">A v\u00e1ros elit b\u00e1ljaira nyit\u00f3t\u00e1ncok betan\u00edt\u00e1sa is meglehet\u0151sen sok k\u00fcl\u00f6n\u00f3r\u00e1val j\u00e1rt, melyeken, Francia n\u00e9gyes, Kering\u0151 fant\u00e1zi\u00e1k, Cha, Cha, Cha, \u00f6ssze\u00e1ll\u00edt\u00e1sok stb. lettek bemutatva.<br>S\u00e1ri n\u00e9nivel 1973-ban dolgoztam utolj\u00e1ra. 1975. \u00e1prilis 05-\u00e9n 63 \u00e9ves kor\u00e1ban, \u00e9jjel, \u00e1gy\u00e1ban, keresztrejtv\u00e9nyfejt\u00e9s k\u00f6zben \u00e9rte a kegyetlen hal\u00e1l!<\/p>\n","protected":false},"excerpt":{"rendered":"<p>KEZD\u0150DIK A ZEN\u00c9SZ \u00c9LET (Balla S\u00e1ri) Miel\u0151tt elkezden\u00e9m bemutatni zen\u00e9sz p\u00e1ly\u00e1m alakul\u00e1s\u00e1t, k\u00e9nytelen vagyok egy kiss\u00e9 visszakanyarodni id\u0151ben.Kesztner Zolival nyolc \u00e9vig egy\u00fctt j\u00e1rtunk \u00e1ltal\u00e1nos iskol\u00e1ba.Apj\u00e1t, mint legend\u00e1t ismertem csak, mivel sz\u00fclei korai v\u00e1l\u00e1sa ut\u00e1n Ausztr\u00e1li\u00e1ba k\u00f6lt\u00f6z\u00f6tt, ahonnan sohasem t\u00e9rt vissza.Vad\u00e1sz, horg\u00e1sz sikereir\u0151l az id\u0151sebbek legend\u00e1kat mes\u00e9ltek, akik szerint, ha egy t\u00f3ban csup\u00e1n egy hal volt, &#8230; <a title=\"KEZD\u0150DIK A ZEN\u00c9SZ \u00c9LET (Balla S\u00e1ri)\" class=\"read-more\" href=\"https:\/\/bozsogiattila.hu\/?p=1559\" aria-label=\"Tov\u00e1bbiak KEZD\u0150DIK A ZEN\u00c9SZ \u00c9LET (Balla S\u00e1ri)\">Olvass tov\u00e1bb<\/a><\/p>\n","protected":false},"author":3,"featured_media":0,"comment_status":"open","ping_status":"open","sticky":false,"template":"","format":"standard","meta":{"footnotes":""},"categories":[331],"tags":[],"class_list":["post-1559","post","type-post","status-publish","format-standard","hentry","category-emlkeim"],"yoast_head":"<!-- This site is optimized with the Yoast SEO plugin v21.8 - https:\/\/yoast.com\/wordpress\/plugins\/seo\/ -->\n<title>KEZD\u0150DIK A ZEN\u00c9SZ \u00c9LET (Balla S\u00e1ri) - Bozsogi Attila<\/title>\n<meta name=\"robots\" content=\"index, follow, max-snippet:-1, max-image-preview:large, max-video-preview:-1\" \/>\n<link rel=\"canonical\" href=\"https:\/\/bozsogiattila.hu\/?p=1559\" \/>\n<meta property=\"og:locale\" content=\"hu_HU\" \/>\n<meta property=\"og:type\" content=\"article\" \/>\n<meta property=\"og:title\" content=\"KEZD\u0150DIK A ZEN\u00c9SZ \u00c9LET (Balla S\u00e1ri) - Bozsogi Attila\" \/>\n<meta property=\"og:description\" content=\"KEZD\u0150DIK A ZEN\u00c9SZ \u00c9LET (Balla S\u00e1ri) Miel\u0151tt elkezden\u00e9m bemutatni zen\u00e9sz p\u00e1ly\u00e1m alakul\u00e1s\u00e1t, k\u00e9nytelen vagyok egy kiss\u00e9 visszakanyarodni id\u0151ben.Kesztner Zolival nyolc \u00e9vig egy\u00fctt j\u00e1rtunk \u00e1ltal\u00e1nos iskol\u00e1ba.Apj\u00e1t, mint legend\u00e1t ismertem csak, mivel sz\u00fclei korai v\u00e1l\u00e1sa ut\u00e1n Ausztr\u00e1li\u00e1ba k\u00f6lt\u00f6z\u00f6tt, ahonnan sohasem t\u00e9rt vissza.Vad\u00e1sz, horg\u00e1sz sikereir\u0151l az id\u0151sebbek legend\u00e1kat mes\u00e9ltek, akik szerint, ha egy t\u00f3ban csup\u00e1n egy hal volt, ... Olvass tov\u00e1bb\" \/>\n<meta property=\"og:url\" content=\"https:\/\/bozsogiattila.hu\/?p=1559\" \/>\n<meta property=\"og:site_name\" content=\"Bozsogi Attila\" \/>\n<meta property=\"article:published_time\" content=\"2024-01-15T19:11:10+00:00\" \/>\n<meta name=\"author\" content=\"Bozsogi Attila\" \/>\n<meta name=\"twitter:card\" content=\"summary_large_image\" \/>\n<meta name=\"twitter:label1\" content=\"Szerz\u0151:\" \/>\n\t<meta name=\"twitter:data1\" content=\"Bozsogi Attila\" \/>\n\t<meta name=\"twitter:label2\" content=\"Becs\u00fclt olvas\u00e1si id\u0151\" \/>\n\t<meta name=\"twitter:data2\" content=\"8 perc\" \/>\n<script type=\"application\/ld+json\" class=\"yoast-schema-graph\">{\"@context\":\"https:\/\/schema.org\",\"@graph\":[{\"@type\":\"WebPage\",\"@id\":\"https:\/\/bozsogiattila.hu\/?p=1559\",\"url\":\"https:\/\/bozsogiattila.hu\/?p=1559\",\"name\":\"KEZD\u0150DIK A ZEN\u00c9SZ \u00c9LET (Balla S\u00e1ri) - Bozsogi Attila\",\"isPartOf\":{\"@id\":\"https:\/\/bozsogiattila.hu\/#website\"},\"datePublished\":\"2024-01-15T19:11:10+00:00\",\"dateModified\":\"2024-01-15T19:11:10+00:00\",\"author\":{\"@id\":\"https:\/\/bozsogiattila.hu\/#\/schema\/person\/488c99f554a8c4039201260dd5eb795e\"},\"breadcrumb\":{\"@id\":\"https:\/\/bozsogiattila.hu\/?p=1559#breadcrumb\"},\"inLanguage\":\"hu\",\"potentialAction\":[{\"@type\":\"ReadAction\",\"target\":[\"https:\/\/bozsogiattila.hu\/?p=1559\"]}]},{\"@type\":\"BreadcrumbList\",\"@id\":\"https:\/\/bozsogiattila.hu\/?p=1559#breadcrumb\",\"itemListElement\":[{\"@type\":\"ListItem\",\"position\":1,\"name\":\"Kezd\u0151lap\",\"item\":\"https:\/\/bozsogiattila.hu\/\"},{\"@type\":\"ListItem\",\"position\":2,\"name\":\"KEZD\u0150DIK A ZEN\u00c9SZ \u00c9LET (Balla S\u00e1ri)\"}]},{\"@type\":\"WebSite\",\"@id\":\"https:\/\/bozsogiattila.hu\/#website\",\"url\":\"https:\/\/bozsogiattila.hu\/\",\"name\":\"Bozsogi Attila\",\"description\":\"a zen\u00e9sz, \u00edr\u00f3 munk\u00e1ss\u00e1g\u00e1nak \u00e9s a mak\u00f3i muzsikusok eml\u00e9k\u00e9t \u0151rz\u0151 oldal\",\"potentialAction\":[{\"@type\":\"SearchAction\",\"target\":{\"@type\":\"EntryPoint\",\"urlTemplate\":\"https:\/\/bozsogiattila.hu\/?s={search_term_string}\"},\"query-input\":\"required name=search_term_string\"}],\"inLanguage\":\"hu\"},{\"@type\":\"Person\",\"@id\":\"https:\/\/bozsogiattila.hu\/#\/schema\/person\/488c99f554a8c4039201260dd5eb795e\",\"name\":\"Bozsogi Attila\",\"image\":{\"@type\":\"ImageObject\",\"inLanguage\":\"hu\",\"@id\":\"https:\/\/bozsogiattila.hu\/#\/schema\/person\/image\/\",\"url\":\"https:\/\/secure.gravatar.com\/avatar\/7da6b5985e34ed798d1670c54ce7d20e6a53b800bb0c07945c64b09392f3dbfd?s=96&d=mm&r=g\",\"contentUrl\":\"https:\/\/secure.gravatar.com\/avatar\/7da6b5985e34ed798d1670c54ce7d20e6a53b800bb0c07945c64b09392f3dbfd?s=96&d=mm&r=g\",\"caption\":\"Bozsogi Attila\"},\"sameAs\":[\"http:\/\/www.boszogiattila.hu\"],\"url\":\"https:\/\/bozsogiattila.hu\/?author=3\"}]}<\/script>\n<!-- \/ Yoast SEO plugin. -->","yoast_head_json":{"title":"KEZD\u0150DIK A ZEN\u00c9SZ \u00c9LET (Balla S\u00e1ri) - Bozsogi Attila","robots":{"index":"index","follow":"follow","max-snippet":"max-snippet:-1","max-image-preview":"max-image-preview:large","max-video-preview":"max-video-preview:-1"},"canonical":"https:\/\/bozsogiattila.hu\/?p=1559","og_locale":"hu_HU","og_type":"article","og_title":"KEZD\u0150DIK A ZEN\u00c9SZ \u00c9LET (Balla S\u00e1ri) - Bozsogi Attila","og_description":"KEZD\u0150DIK A ZEN\u00c9SZ \u00c9LET (Balla S\u00e1ri) Miel\u0151tt elkezden\u00e9m bemutatni zen\u00e9sz p\u00e1ly\u00e1m alakul\u00e1s\u00e1t, k\u00e9nytelen vagyok egy kiss\u00e9 visszakanyarodni id\u0151ben.Kesztner Zolival nyolc \u00e9vig egy\u00fctt j\u00e1rtunk \u00e1ltal\u00e1nos iskol\u00e1ba.Apj\u00e1t, mint legend\u00e1t ismertem csak, mivel sz\u00fclei korai v\u00e1l\u00e1sa ut\u00e1n Ausztr\u00e1li\u00e1ba k\u00f6lt\u00f6z\u00f6tt, ahonnan sohasem t\u00e9rt vissza.Vad\u00e1sz, horg\u00e1sz sikereir\u0151l az id\u0151sebbek legend\u00e1kat mes\u00e9ltek, akik szerint, ha egy t\u00f3ban csup\u00e1n egy hal volt, ... Olvass tov\u00e1bb","og_url":"https:\/\/bozsogiattila.hu\/?p=1559","og_site_name":"Bozsogi Attila","article_published_time":"2024-01-15T19:11:10+00:00","author":"Bozsogi Attila","twitter_card":"summary_large_image","twitter_misc":{"Szerz\u0151:":"Bozsogi Attila","Becs\u00fclt olvas\u00e1si id\u0151":"8 perc"},"schema":{"@context":"https:\/\/schema.org","@graph":[{"@type":"WebPage","@id":"https:\/\/bozsogiattila.hu\/?p=1559","url":"https:\/\/bozsogiattila.hu\/?p=1559","name":"KEZD\u0150DIK A ZEN\u00c9SZ \u00c9LET (Balla S\u00e1ri) - Bozsogi Attila","isPartOf":{"@id":"https:\/\/bozsogiattila.hu\/#website"},"datePublished":"2024-01-15T19:11:10+00:00","dateModified":"2024-01-15T19:11:10+00:00","author":{"@id":"https:\/\/bozsogiattila.hu\/#\/schema\/person\/488c99f554a8c4039201260dd5eb795e"},"breadcrumb":{"@id":"https:\/\/bozsogiattila.hu\/?p=1559#breadcrumb"},"inLanguage":"hu","potentialAction":[{"@type":"ReadAction","target":["https:\/\/bozsogiattila.hu\/?p=1559"]}]},{"@type":"BreadcrumbList","@id":"https:\/\/bozsogiattila.hu\/?p=1559#breadcrumb","itemListElement":[{"@type":"ListItem","position":1,"name":"Kezd\u0151lap","item":"https:\/\/bozsogiattila.hu\/"},{"@type":"ListItem","position":2,"name":"KEZD\u0150DIK A ZEN\u00c9SZ \u00c9LET (Balla S\u00e1ri)"}]},{"@type":"WebSite","@id":"https:\/\/bozsogiattila.hu\/#website","url":"https:\/\/bozsogiattila.hu\/","name":"Bozsogi Attila","description":"a zen\u00e9sz, \u00edr\u00f3 munk\u00e1ss\u00e1g\u00e1nak \u00e9s a mak\u00f3i muzsikusok eml\u00e9k\u00e9t \u0151rz\u0151 oldal","potentialAction":[{"@type":"SearchAction","target":{"@type":"EntryPoint","urlTemplate":"https:\/\/bozsogiattila.hu\/?s={search_term_string}"},"query-input":"required name=search_term_string"}],"inLanguage":"hu"},{"@type":"Person","@id":"https:\/\/bozsogiattila.hu\/#\/schema\/person\/488c99f554a8c4039201260dd5eb795e","name":"Bozsogi Attila","image":{"@type":"ImageObject","inLanguage":"hu","@id":"https:\/\/bozsogiattila.hu\/#\/schema\/person\/image\/","url":"https:\/\/secure.gravatar.com\/avatar\/7da6b5985e34ed798d1670c54ce7d20e6a53b800bb0c07945c64b09392f3dbfd?s=96&d=mm&r=g","contentUrl":"https:\/\/secure.gravatar.com\/avatar\/7da6b5985e34ed798d1670c54ce7d20e6a53b800bb0c07945c64b09392f3dbfd?s=96&d=mm&r=g","caption":"Bozsogi Attila"},"sameAs":["http:\/\/www.boszogiattila.hu"],"url":"https:\/\/bozsogiattila.hu\/?author=3"}]}},"jetpack_featured_media_url":"","_links":{"self":[{"href":"https:\/\/bozsogiattila.hu\/index.php?rest_route=\/wp\/v2\/posts\/1559","targetHints":{"allow":["GET"]}}],"collection":[{"href":"https:\/\/bozsogiattila.hu\/index.php?rest_route=\/wp\/v2\/posts"}],"about":[{"href":"https:\/\/bozsogiattila.hu\/index.php?rest_route=\/wp\/v2\/types\/post"}],"author":[{"embeddable":true,"href":"https:\/\/bozsogiattila.hu\/index.php?rest_route=\/wp\/v2\/users\/3"}],"replies":[{"embeddable":true,"href":"https:\/\/bozsogiattila.hu\/index.php?rest_route=%2Fwp%2Fv2%2Fcomments&post=1559"}],"version-history":[{"count":1,"href":"https:\/\/bozsogiattila.hu\/index.php?rest_route=\/wp\/v2\/posts\/1559\/revisions"}],"predecessor-version":[{"id":1560,"href":"https:\/\/bozsogiattila.hu\/index.php?rest_route=\/wp\/v2\/posts\/1559\/revisions\/1560"}],"wp:attachment":[{"href":"https:\/\/bozsogiattila.hu\/index.php?rest_route=%2Fwp%2Fv2%2Fmedia&parent=1559"}],"wp:term":[{"taxonomy":"category","embeddable":true,"href":"https:\/\/bozsogiattila.hu\/index.php?rest_route=%2Fwp%2Fv2%2Fcategories&post=1559"},{"taxonomy":"post_tag","embeddable":true,"href":"https:\/\/bozsogiattila.hu\/index.php?rest_route=%2Fwp%2Fv2%2Ftags&post=1559"}],"curies":[{"name":"wp","href":"https:\/\/api.w.org\/{rel}","templated":true}]}}