{"id":1561,"date":"2024-01-15T19:12:14","date_gmt":"2024-01-15T19:12:14","guid":{"rendered":"https:\/\/bozsogiattila.hu\/?p=1561"},"modified":"2024-01-15T19:12:15","modified_gmt":"2024-01-15T19:12:15","slug":"kovacs-lajosne-margit-neni","status":"publish","type":"post","link":"https:\/\/bozsogiattila.hu\/?p=1561","title":{"rendered":"KOV\u00c1CS LAJOSN\u00c9 (MARGIT N\u00c9NI)"},"content":{"rendered":"\n<p class=\"wp-block-paragraph\">KOV\u00c1CS LAJOSN\u00c9 (MARGIT N\u00c9NI)<\/p>\n\n\n\n<p class=\"wp-block-paragraph\">A Hagymah\u00e1zn\u00e1l bel\u00e9p\u00e9semnek k\u00f6sz\u00f6nhet\u0151en megold\u00f3dott egy id\u0151re a h\u00e1rom t\u00e1nctan\u00e1rn\u0151 munkabeoszt\u00e1sa, \u00e9s a zongorista eloszt\u00e1s is kezdeti neh\u00e9zs\u00e9gek ut\u00e1n rendez\u0151d\u00f6tt.<br>Z\u00f6kken\u0151mentesen zajlott az \u00e9let, mindaddig, m\u00edg Erdei Imre b\u00e1csi fel nem mondott, \u00e9s engedve a Vend\u00e9gl\u00e1t\u00f3 V\u00e1llalat cs\u00e1b\u00edt\u00e1s\u00e1nak elv\u00e1llalta Mak\u00f3n a H\u00f3vir\u00e1g cukr\u00e1szd\u00e1ban a zeneszolg\u00e1ltat\u00e1st.<br>Imre b\u00e1csi a mak\u00f3i tanfolyamokon k\u00edv\u00fcl Ap\u00e1tfalv\u00e1ra, Maroslel\u00e9re, Csan\u00e1dpalot\u00e1ra, j\u00e1rt Kov\u00e1cs Lajosn\u00e9val t\u00e1nciskol\u00e1kba dolgozni.<br>A tan\u00e1rn\u0151 n\u00e9pt\u00e1nc oktat\u00f3ja is volt a Hagymah\u00e1z \u00e9s a Sz\u00f6v\u0151 KTSZ k\u00f6z\u00f6s t\u00e1nccsoportj\u00e1nak, ahol szint\u00e9n \u0151 zongor\u00e1zott.<br>Ebb\u0151l lett a legnagyobb riadalom, ugyanis \u00e1prilis: 04-\u00e9n, a k\u00f6zponti \u00fcnneps\u00e9gen kellett bemutatni a P\u00e1ntlik\u00e1z\u00f3 c\u00edm\u0171 n\u00e9pt\u00e1nc feldolgoz\u00e1st, mely a neves V\u00e1s\u00e1rhelyi L\u00e1szl\u00f3 koreogr\u00e1fi\u00e1ja volt.<br>Akkoriban \u00e1prilis negyedike nagyobb \u00fcnnepnek sz\u00e1m\u00edtott, mint a kar\u00e1csony.<br>Ezen az \u00fcnneps\u00e9gen az \u00f6sszes p\u00e1rtatyaisten jelen volt, \u00edgy a tan\u00e1rn\u0151 szaladt f\u0171h\u00f6z-f\u00e1hoz, hogy Imre b\u00e1csit szabadd\u00e1 tudja tetetni erre az alkalomra.<br>A legnagyobb gond az volt, hogy 12 nyomtatott oldalt tett ki a zene, melyben sok ism\u00e9tl\u00e9s mellett egyes r\u00e9szekre vissza kellett ugrani, majd kihagyva az addig elj\u00e1tszottakat tov\u00e1bb folytatni.<br>Kimondottan neh\u00e9z zene, volt fergeteges befejez\u00e9ssel, \u00e9s mind\u00f6ssze k\u00e9t h\u00e9t \u00e1llt rendelkez\u00e9sre. (A t\u00e1nccsoport ezt egy \u00e9vig tanulta)<br>Ekkor lettem mindk\u00e9t t\u00e1nctan\u00e1r zongorist\u00e1ja, a balett tan\u00e1rral felbontott\u00e1k a szerz\u0151d\u00e9st, mivel eln\u00e9ptelenedett a tanfolyama.<\/p>\n\n\n\n<p class=\"wp-block-paragraph\">Megkaptam a P\u00e1ntlik\u00e1z\u00f3 kott\u00e1j\u00e1t, \u00e9s Imre b\u00e1csi egy h\u00e9tig a pr\u00f3b\u00e1kon zongor\u00e1zott m\u00e9g munkakezd\u00e9se el\u0151tt, m\u00edg nekem ki volt adva, hogy tanuljam meg az anyagot.<br>Kit\u0171zt\u00e9k a g\u00e1lam\u0171sor id\u0151pontj\u00e1t este nyolc \u00f3r\u00e1ra, amely id\u0151pont miatt a Vend\u00e9gl\u00e1t\u00f3 nem j\u00e1rult hozz\u00e1, Imre b\u00e1csi szabadd\u00e1 t\u00e9tel\u00e9hez.<br>Volt egy megold\u00e1s, hogy akkor este \u00e9n j\u00e1tsszam a cukr\u00e1szd\u00e1ban, amit meg Imre b\u00e1csi ellenzett, mivel a cukr\u00e1szd\u00e1nak fiatal k\u00f6z\u00f6ns\u00e9ge r\u00e9v\u00e9n, f\u00e9lt, hogy esetleg elvesz\u00edtheti \u00faj, p\u00e1rnapos munkahely\u00e9t.<br>A k\u00f6vetkez\u0151 h\u00e9ten minden nap pr\u00f3b\u00e1ltak, az \u00e9n zongoraj\u00e1t\u00e9komra. A pr\u00f3b\u00e1k zavartalanul folytak, de a tan\u00e1rn\u0151 m\u00e9gsem b\u00edzott bennem, mivel Imre b\u00e1csi eg\u00e9sz \u00e9vben j\u00e1tszotta azt a zen\u00e9t, \u00e9s m\u00e9gis mindig kott\u00e1b\u00f3l.<br>Zongor\u00e1z\u00e1s k\u00f6zben \u00e1lland\u00f3an lapozgatni kellett, ami neh\u00e9z feladatnak sz\u00e1m\u00edtott.<br>V\u00e9g\u00fcl is eld\u0151lt, hogy nekem kell k\u00eds\u00e9rni a t\u00e1nccsoportot az \u00fcnneps\u00e9gen.<br>Heged\u0171, klarin\u00e9t, b\u0151g\u0151, zongora \u00f6ssze\u00e1ll\u00edt\u00e1s \u00e1llt rendelkez\u00e9s\u00fcnkre.<br>Az els\u0151 h\u00e9ten elk\u00e9sz\u00edtettem a b\u0151g\u0151 kiv\u00e9tel\u00e9vel hangszerel\u00e9st, majd bejelentettem a vezet\u0151s\u00e9gnek, hogy annak ellen\u00e9re, hogy a b\u0151g\u0151s j\u00f3 bar\u00e1tom, mivel nem tartom alkalmasnak e m\u0171 el\u0151ad\u00e1s\u00e1hoz, ez\u00e9rt nem v\u00e1llalom vele a j\u00e1t\u00e9kot. \uf0a0<br>Szabad kezet kaptam, hogy szerezzek olyan b\u0151g\u0151st, aki nekem megfelel.<br>Ekkor sz\u00f3ltam Cimbi bar\u00e1tomnak, \u00e9s k\u00e9rtem, hogy j\u00f6jj\u00f6n el hozz\u00e1m, \u00e9n dikt\u00e1lom majd a hangjait, \u0151 meg \u00edrja, hogy min\u00e9l gyorsabban elk\u00e9sz\u00fclj\u00f6n.<br>M\u00e1snap f\u00e9lig k\u00e9sz volt a b\u0151g\u0151kotta, amikor csengettek, \u00e9s Cina b\u00e1csi cip\u00e9szmester, Ap\u00e1m j\u00f3 ismer\u0151se, akivel egy\u00fctt voltak korh\u00e1zban (ap\u00e1m janu\u00e1r 12-\u00e9n halt meg) j\u00f6tt r\u00e9szv\u00e9tet nyilv\u00e1n\u00edtani, mivel m\u00e9g csak ekkorra gy\u00f3gyult meg.<br>Megaj\u00e1nd\u00e9kozott egy csal\u00e1di s\u00f6r\u00f6s\u00fcveg (m\u00e1sf\u00e9l liter) 15 \u00e9ves meggyborral. Miut\u00e1n elment felbontottam a bort \u00e9s meg k\u00f3stoltuk, ami fens\u00e9ges italnak bizonyult.<br>\u00cdgy kotta\u00edr\u00e1s k\u00f6zepette iszogattuk a m\u00e1rk\u00e1s ned\u0171t, \u00e9s mire k\u00e9sz lett a b\u0151g\u0151sz\u00f3lam, elfogyott az ital is.<\/p>\n\n\n\n<p class=\"wp-block-paragraph\">M\u00e1snap a pr\u00f3b\u00e1n a P\u00e1ntlik\u00e1z\u00f3 h\u00e1romnegyed\u00e9n\u00e9l meg\u00e1ll\u00edtottam a zenekart, \u00e9s megk\u00e9rtem Cimbit, hogy legal\u00e1bb most ne vicceljen, \u00e9s figyelmesebben j\u00e1tssza, amit le\u00edrtunk, mivel csak p\u00e1r nap van a fell\u00e9p\u00e9sig.<br>\u00c9n azt j\u00e1tszom, amit le\u00edrtunk, de nekem sem tetszik. \u2013 Mondta!<br>Elk\u00e9rtem a kott\u00e1t, \u00e9s miut\u00e1n \u00e1tn\u00e9ztem, mondtam bar\u00e1tomnak, gyere el holnap d\u00e9lel\u0151tt, mert ez a r\u00e9szt m\u00e1r a meggybor sz\u00fclem\u00e9nye.<br>Elk\u00e9sz\u00edtett\u00fck az \u00faj sz\u00f3lamot, \u00e9s el\u00e9rkezett a bemutat\u00f3.<br>Tekintettel arra, hogy k\u00e9ptelen voltam j\u00e1tsz\u00e1s k\u00f6zben lapozgatni, megtanultam az eg\u00e9szet kotta n\u00e9lk\u00fcl.<br>Mikor sz\u00e9th\u00fazt\u00e1k a f\u00fcgg\u00f6nyt bej\u00e1tszottuk a bevezet\u00e9st, miut\u00e1n szinte bel\u0151tt\u00e9k magukat a sz\u00ednpadra a t\u00e1ncosok, (Kiv\u00e1l\u00f3 t\u00e1nckar volt) k\u00f6zben a zongora mellett \u00e1ll\u00f3 tan\u00e1rn\u0151 s\u00fagta \u00e1llad\u00f3an a t\u00e9rform\u00e1kat.<br>A k\u00f6zepe t\u00e1j\u00e1n tartottak, mikor megl\u00e1tta, hogy el\u0151ttem nincs kotta, rosszul lett, \u00e9s nem s\u00fagott tov\u00e1bb t\u00e1ncosainak, akik \u00f3ri\u00e1si sikert aratva fejezt\u00e9k be a brav\u00far sz\u00e1mnak sz\u00e1m\u00edt\u00f3 koreogr\u00e1fi\u00e1t.<\/p>\n\n\n\n<p class=\"wp-block-paragraph\">A m\u0171sor v\u00e9g\u00e9n odaj\u00f6tt gratul\u00e1lni a zenekarnak a tan\u00e1rn\u0151, hozz\u00e1t\u00e9ve, m\u00e1skor ne okozzon ilyen meglepet\u00e9st, a fr\u00e1szt hozta r\u00e1m.<br>Ahogy r\u00e1n\u00e9ztem l\u00e1ttam, hogy nem nagy szavak, amiket mond, mivel a t\u00e1ncosok nem voltak \u00fagy leizzadva, mint a tan\u00e1rn\u0151 a nagy ijedelemt\u0151l!<\/p>\n\n\n\n<p class=\"wp-block-paragraph\">Az \u00fcnnepi fell\u00e9p\u00e9s ut\u00e1n egyed\u00fcl maradtam, \u00e9s a k\u00e9t tan\u00e1rn\u0151 zongorist\u00e1ja lettem, akik mindketten ragaszkodtak hozz\u00e1m, oly annyira, hogy egy alkalommal, amikor<br>egyszerre kellett volna mind a kett\u0151j\u00fck programj\u00e1ban zongor\u00e1znom, olyan heves vita keletkezett k\u00f6z\u00f6tt\u00fck, hogy ut\u00e1na \u00e9vekig nem besz\u00e9ltek.<br>Kov\u00e1cs Lajosn\u00e9t felk\u00e9rt\u00e9k a Bart\u00f3k B\u00e9la zeneiskola \u00f3rarendszerinti n\u00e9pt\u00e1nc oktat\u00f3nak, aki csak velem v\u00e1llalta el a feladatot.<br>Az a paradox helyzet \u00e1llt el\u0151, hogy az als\u00f3 tagozaton a n\u00e9pt\u00e1nc oktat\u00f3 Varga L\u00e1szl\u00f3n\u00e9 tan\u00edt\u00f3n\u0151 zongorist\u00e1ja lett Dob\u00f3 L\u00e1szl\u00f3 zongoratan\u00e1r, a fels\u0151 tagozaton pedig \u00e9n zongor\u00e1ztam, akinek nem volt tan\u00e1ri diplom\u00e1m.<\/p>\n\n\n\n<p class=\"wp-block-paragraph\">Ezzel az \u00faj feladattal a saj\u00e1t magam rabszolg\u00e1ja lettem, hossz\u00fa \u00e9veken kereszt\u00fcl.<br>Reggel nyolct\u00f3l 12-ig n\u00e9pt\u00e1nc \u00f3ra a Bart\u00f3kban, (h\u00e9tf\u0151t\u0151l- p\u00e9ntekig) egy h\u00e9ten k\u00e9tszer 13-t\u00f3l 16-ig harmonik\u00e1t tan\u00edtottam a Zenei Munkak\u00f6z\u00f6ss\u00e9gben, Ap\u00e1tfalv\u00e1n, Magyarcsan\u00e1don. Egy h\u00e9ten k\u00e9tszer n\u00e9pt\u00e1nccsoport pr\u00f3ba 15-18-ig, k\u00e9tszer t\u00e1nciskola Balla S\u00e1ri tan\u00e1rn\u0151vel 18-21-ig, k\u00e9tszer t\u00e1nciskola Kov\u00e1cs Lajosn\u00e9val 18-21-ig.<br>Szombatonk\u00e9nt lakodalom, vagy b\u00e1l. (Ritk\u00e1n szabad) Vas\u00e1rnap d\u00e9lel\u0151tt F\u00f6lde\u00e1kon harmonikaoktat\u00e1s 10-12-ig. D\u00e9lut\u00e1n 16-20-ig di\u00e1k\u00f6sszt\u00e1nc a zenekarral. 20-02-ig b\u00e1l a zenekarral.<br>Ilyen zs\u00fafolt elfoglalts\u00e1g mellett \u00e9n hangszereltem a zenekarnak.<br>A v\u00e1ros elit b\u00e1ljaira palot\u00e1st, k\u00f6rmagyart, lass\u00fakering\u0151 stb. \u00f6ssze\u00e1ll\u00edt\u00e1sokat kellett k\u00fcl\u00f6n pr\u00f3b\u00e1lni, \u00e9s ezeket is meghangszerelni.<\/p>\n\n\n\n<p class=\"wp-block-paragraph\">A n\u00e9pt\u00e1ncosokkal versenyekre j\u00e1rtunk, Szeged, P\u00e9cs, Miskolc stb.<br>N\u00e9pt\u00e1ncosokkal \u00e9s sz\u00ednj\u00e1tsz\u00f3kkal k\u00fclf\u00f6ldi t\u00far\u00e1k: Ada, Mohol, Moravica stb.<br>Itt k\u00eds\u00e9rtem Jo\u00f3 J\u00e1nost az Operah\u00e1z oboist\u00e1j\u00e1nak sz\u00f3l\u00f3j\u00e1t\u00e9k\u00e1t, t\u00f6bb helysz\u00ednen.<\/p>\n\n\n\n<p class=\"wp-block-paragraph\">Szerencs\u00e9re a tan\u00edt\u00e1si sz\u00fcnetekben a zeneiskolai foglalkoz\u00e1sok elmaradtak, de sokszor el\u0151fordult, hogy szombaton reggel kilenc \u00f3r\u00e1ra ment\u00fcnk lakodalomba, amely gyakran m\u00e1snap 13-kor \u00e9rt v\u00e9get.<br>16-\u00f3r\u00e1t\u00f3l pedig az eml\u00edtett vas\u00e1rnapi program volt.<br>A zs\u00fafolt program hat\u00e1s\u00e1ra gyakran v\u00e1ltani kellett bar\u00e1tn\u0151t, mert nem tetszett nekik, hogy nem viszem \u0151ket csak nagyon ritk\u00e1n sz\u00f3rakozni.<\/p>\n\n\n\n<p class=\"wp-block-paragraph\">A mi fiatals\u00e1gunk idej\u00e9ben ez nagyon sok zen\u00e9sz \u00e9let\u00e9ben \u00edgy volt, \u00e9s mint megsz\u00e1llottak v\u00e1llaltuk, de lehet, hogy tetszett is ez a t\u00falzs\u00fafolt foglalkoztat\u00e1s.<br>H\u00e1ry Feri bar\u00e1tomnak a k\u00f6zelm\u00faltban jelent meg egy k\u00f6nyve: \u201eZene h\u00e1rom m\u0171szakban\u201d. Ebben a le\u00edr\u00e1sban hasonl\u00f3an neh\u00e9z k\u00f6r\u00fclm\u00e9nyekr\u0151l sz\u00e1mol be, annyi k\u00f6nny\u00edt\u00e9ssel, hogy \u0151 h\u00fasz\u00e9vesen megn\u0151s\u00fclt, \u00e9s hozz\u00e1m hasonl\u00f3an neki nem kellett k\u00fcl\u00f6n n\u0151i programokat beiktatni az \u00e9let\u00e9ben. (Legal\u00e1bb is illeg\u00e1lisan nem)<\/p>\n","protected":false},"excerpt":{"rendered":"<p>KOV\u00c1CS LAJOSN\u00c9 (MARGIT N\u00c9NI) A Hagymah\u00e1zn\u00e1l bel\u00e9p\u00e9semnek k\u00f6sz\u00f6nhet\u0151en megold\u00f3dott egy id\u0151re a h\u00e1rom t\u00e1nctan\u00e1rn\u0151 munkabeoszt\u00e1sa, \u00e9s a zongorista eloszt\u00e1s is kezdeti neh\u00e9zs\u00e9gek ut\u00e1n rendez\u0151d\u00f6tt.Z\u00f6kken\u0151mentesen zajlott az \u00e9let, mindaddig, m\u00edg Erdei Imre b\u00e1csi fel nem mondott, \u00e9s engedve a Vend\u00e9gl\u00e1t\u00f3 V\u00e1llalat cs\u00e1b\u00edt\u00e1s\u00e1nak elv\u00e1llalta Mak\u00f3n a H\u00f3vir\u00e1g cukr\u00e1szd\u00e1ban a zeneszolg\u00e1ltat\u00e1st.Imre b\u00e1csi a mak\u00f3i tanfolyamokon k\u00edv\u00fcl Ap\u00e1tfalv\u00e1ra, Maroslel\u00e9re, &#8230; <a title=\"KOV\u00c1CS LAJOSN\u00c9 (MARGIT N\u00c9NI)\" class=\"read-more\" href=\"https:\/\/bozsogiattila.hu\/?p=1561\" aria-label=\"Tov\u00e1bbiak KOV\u00c1CS LAJOSN\u00c9 (MARGIT N\u00c9NI)\">Olvass tov\u00e1bb<\/a><\/p>\n","protected":false},"author":3,"featured_media":0,"comment_status":"open","ping_status":"open","sticky":false,"template":"","format":"standard","meta":{"footnotes":""},"categories":[331],"tags":[],"class_list":["post-1561","post","type-post","status-publish","format-standard","hentry","category-emlkeim"],"yoast_head":"<!-- This site is optimized with the Yoast SEO plugin v21.8 - https:\/\/yoast.com\/wordpress\/plugins\/seo\/ -->\n<title>KOV\u00c1CS LAJOSN\u00c9 (MARGIT N\u00c9NI) - Bozsogi Attila<\/title>\n<meta name=\"robots\" content=\"index, follow, max-snippet:-1, max-image-preview:large, max-video-preview:-1\" \/>\n<link rel=\"canonical\" href=\"https:\/\/bozsogiattila.hu\/?p=1561\" \/>\n<meta property=\"og:locale\" content=\"hu_HU\" \/>\n<meta property=\"og:type\" content=\"article\" \/>\n<meta property=\"og:title\" content=\"KOV\u00c1CS LAJOSN\u00c9 (MARGIT N\u00c9NI) - Bozsogi Attila\" \/>\n<meta property=\"og:description\" content=\"KOV\u00c1CS LAJOSN\u00c9 (MARGIT N\u00c9NI) A Hagymah\u00e1zn\u00e1l bel\u00e9p\u00e9semnek k\u00f6sz\u00f6nhet\u0151en megold\u00f3dott egy id\u0151re a h\u00e1rom t\u00e1nctan\u00e1rn\u0151 munkabeoszt\u00e1sa, \u00e9s a zongorista eloszt\u00e1s is kezdeti neh\u00e9zs\u00e9gek ut\u00e1n rendez\u0151d\u00f6tt.Z\u00f6kken\u0151mentesen zajlott az \u00e9let, mindaddig, m\u00edg Erdei Imre b\u00e1csi fel nem mondott, \u00e9s engedve a Vend\u00e9gl\u00e1t\u00f3 V\u00e1llalat cs\u00e1b\u00edt\u00e1s\u00e1nak elv\u00e1llalta Mak\u00f3n a H\u00f3vir\u00e1g cukr\u00e1szd\u00e1ban a zeneszolg\u00e1ltat\u00e1st.Imre b\u00e1csi a mak\u00f3i tanfolyamokon k\u00edv\u00fcl Ap\u00e1tfalv\u00e1ra, Maroslel\u00e9re, ... Olvass tov\u00e1bb\" \/>\n<meta property=\"og:url\" content=\"https:\/\/bozsogiattila.hu\/?p=1561\" \/>\n<meta property=\"og:site_name\" content=\"Bozsogi Attila\" \/>\n<meta property=\"article:published_time\" content=\"2024-01-15T19:12:14+00:00\" \/>\n<meta property=\"article:modified_time\" content=\"2024-01-15T19:12:15+00:00\" \/>\n<meta name=\"author\" content=\"Bozsogi Attila\" \/>\n<meta name=\"twitter:card\" content=\"summary_large_image\" \/>\n<meta name=\"twitter:label1\" content=\"Szerz\u0151:\" \/>\n\t<meta name=\"twitter:data1\" content=\"Bozsogi Attila\" \/>\n\t<meta name=\"twitter:label2\" content=\"Becs\u00fclt olvas\u00e1si id\u0151\" \/>\n\t<meta name=\"twitter:data2\" content=\"8 perc\" \/>\n<script type=\"application\/ld+json\" class=\"yoast-schema-graph\">{\"@context\":\"https:\/\/schema.org\",\"@graph\":[{\"@type\":\"WebPage\",\"@id\":\"https:\/\/bozsogiattila.hu\/?p=1561\",\"url\":\"https:\/\/bozsogiattila.hu\/?p=1561\",\"name\":\"KOV\u00c1CS LAJOSN\u00c9 (MARGIT N\u00c9NI) - Bozsogi Attila\",\"isPartOf\":{\"@id\":\"https:\/\/bozsogiattila.hu\/#website\"},\"datePublished\":\"2024-01-15T19:12:14+00:00\",\"dateModified\":\"2024-01-15T19:12:15+00:00\",\"author\":{\"@id\":\"https:\/\/bozsogiattila.hu\/#\/schema\/person\/488c99f554a8c4039201260dd5eb795e\"},\"breadcrumb\":{\"@id\":\"https:\/\/bozsogiattila.hu\/?p=1561#breadcrumb\"},\"inLanguage\":\"hu\",\"potentialAction\":[{\"@type\":\"ReadAction\",\"target\":[\"https:\/\/bozsogiattila.hu\/?p=1561\"]}]},{\"@type\":\"BreadcrumbList\",\"@id\":\"https:\/\/bozsogiattila.hu\/?p=1561#breadcrumb\",\"itemListElement\":[{\"@type\":\"ListItem\",\"position\":1,\"name\":\"Kezd\u0151lap\",\"item\":\"https:\/\/bozsogiattila.hu\/\"},{\"@type\":\"ListItem\",\"position\":2,\"name\":\"KOV\u00c1CS LAJOSN\u00c9 (MARGIT N\u00c9NI)\"}]},{\"@type\":\"WebSite\",\"@id\":\"https:\/\/bozsogiattila.hu\/#website\",\"url\":\"https:\/\/bozsogiattila.hu\/\",\"name\":\"Bozsogi Attila\",\"description\":\"a zen\u00e9sz, \u00edr\u00f3 munk\u00e1ss\u00e1g\u00e1nak \u00e9s a mak\u00f3i muzsikusok eml\u00e9k\u00e9t \u0151rz\u0151 oldal\",\"potentialAction\":[{\"@type\":\"SearchAction\",\"target\":{\"@type\":\"EntryPoint\",\"urlTemplate\":\"https:\/\/bozsogiattila.hu\/?s={search_term_string}\"},\"query-input\":\"required name=search_term_string\"}],\"inLanguage\":\"hu\"},{\"@type\":\"Person\",\"@id\":\"https:\/\/bozsogiattila.hu\/#\/schema\/person\/488c99f554a8c4039201260dd5eb795e\",\"name\":\"Bozsogi Attila\",\"image\":{\"@type\":\"ImageObject\",\"inLanguage\":\"hu\",\"@id\":\"https:\/\/bozsogiattila.hu\/#\/schema\/person\/image\/\",\"url\":\"https:\/\/secure.gravatar.com\/avatar\/7da6b5985e34ed798d1670c54ce7d20e6a53b800bb0c07945c64b09392f3dbfd?s=96&d=mm&r=g\",\"contentUrl\":\"https:\/\/secure.gravatar.com\/avatar\/7da6b5985e34ed798d1670c54ce7d20e6a53b800bb0c07945c64b09392f3dbfd?s=96&d=mm&r=g\",\"caption\":\"Bozsogi Attila\"},\"sameAs\":[\"http:\/\/www.boszogiattila.hu\"],\"url\":\"https:\/\/bozsogiattila.hu\/?author=3\"}]}<\/script>\n<!-- \/ Yoast SEO plugin. -->","yoast_head_json":{"title":"KOV\u00c1CS LAJOSN\u00c9 (MARGIT N\u00c9NI) - Bozsogi Attila","robots":{"index":"index","follow":"follow","max-snippet":"max-snippet:-1","max-image-preview":"max-image-preview:large","max-video-preview":"max-video-preview:-1"},"canonical":"https:\/\/bozsogiattila.hu\/?p=1561","og_locale":"hu_HU","og_type":"article","og_title":"KOV\u00c1CS LAJOSN\u00c9 (MARGIT N\u00c9NI) - Bozsogi Attila","og_description":"KOV\u00c1CS LAJOSN\u00c9 (MARGIT N\u00c9NI) A Hagymah\u00e1zn\u00e1l bel\u00e9p\u00e9semnek k\u00f6sz\u00f6nhet\u0151en megold\u00f3dott egy id\u0151re a h\u00e1rom t\u00e1nctan\u00e1rn\u0151 munkabeoszt\u00e1sa, \u00e9s a zongorista eloszt\u00e1s is kezdeti neh\u00e9zs\u00e9gek ut\u00e1n rendez\u0151d\u00f6tt.Z\u00f6kken\u0151mentesen zajlott az \u00e9let, mindaddig, m\u00edg Erdei Imre b\u00e1csi fel nem mondott, \u00e9s engedve a Vend\u00e9gl\u00e1t\u00f3 V\u00e1llalat cs\u00e1b\u00edt\u00e1s\u00e1nak elv\u00e1llalta Mak\u00f3n a H\u00f3vir\u00e1g cukr\u00e1szd\u00e1ban a zeneszolg\u00e1ltat\u00e1st.Imre b\u00e1csi a mak\u00f3i tanfolyamokon k\u00edv\u00fcl Ap\u00e1tfalv\u00e1ra, Maroslel\u00e9re, ... Olvass tov\u00e1bb","og_url":"https:\/\/bozsogiattila.hu\/?p=1561","og_site_name":"Bozsogi Attila","article_published_time":"2024-01-15T19:12:14+00:00","article_modified_time":"2024-01-15T19:12:15+00:00","author":"Bozsogi Attila","twitter_card":"summary_large_image","twitter_misc":{"Szerz\u0151:":"Bozsogi Attila","Becs\u00fclt olvas\u00e1si id\u0151":"8 perc"},"schema":{"@context":"https:\/\/schema.org","@graph":[{"@type":"WebPage","@id":"https:\/\/bozsogiattila.hu\/?p=1561","url":"https:\/\/bozsogiattila.hu\/?p=1561","name":"KOV\u00c1CS LAJOSN\u00c9 (MARGIT N\u00c9NI) - Bozsogi Attila","isPartOf":{"@id":"https:\/\/bozsogiattila.hu\/#website"},"datePublished":"2024-01-15T19:12:14+00:00","dateModified":"2024-01-15T19:12:15+00:00","author":{"@id":"https:\/\/bozsogiattila.hu\/#\/schema\/person\/488c99f554a8c4039201260dd5eb795e"},"breadcrumb":{"@id":"https:\/\/bozsogiattila.hu\/?p=1561#breadcrumb"},"inLanguage":"hu","potentialAction":[{"@type":"ReadAction","target":["https:\/\/bozsogiattila.hu\/?p=1561"]}]},{"@type":"BreadcrumbList","@id":"https:\/\/bozsogiattila.hu\/?p=1561#breadcrumb","itemListElement":[{"@type":"ListItem","position":1,"name":"Kezd\u0151lap","item":"https:\/\/bozsogiattila.hu\/"},{"@type":"ListItem","position":2,"name":"KOV\u00c1CS LAJOSN\u00c9 (MARGIT N\u00c9NI)"}]},{"@type":"WebSite","@id":"https:\/\/bozsogiattila.hu\/#website","url":"https:\/\/bozsogiattila.hu\/","name":"Bozsogi Attila","description":"a zen\u00e9sz, \u00edr\u00f3 munk\u00e1ss\u00e1g\u00e1nak \u00e9s a mak\u00f3i muzsikusok eml\u00e9k\u00e9t \u0151rz\u0151 oldal","potentialAction":[{"@type":"SearchAction","target":{"@type":"EntryPoint","urlTemplate":"https:\/\/bozsogiattila.hu\/?s={search_term_string}"},"query-input":"required name=search_term_string"}],"inLanguage":"hu"},{"@type":"Person","@id":"https:\/\/bozsogiattila.hu\/#\/schema\/person\/488c99f554a8c4039201260dd5eb795e","name":"Bozsogi Attila","image":{"@type":"ImageObject","inLanguage":"hu","@id":"https:\/\/bozsogiattila.hu\/#\/schema\/person\/image\/","url":"https:\/\/secure.gravatar.com\/avatar\/7da6b5985e34ed798d1670c54ce7d20e6a53b800bb0c07945c64b09392f3dbfd?s=96&d=mm&r=g","contentUrl":"https:\/\/secure.gravatar.com\/avatar\/7da6b5985e34ed798d1670c54ce7d20e6a53b800bb0c07945c64b09392f3dbfd?s=96&d=mm&r=g","caption":"Bozsogi Attila"},"sameAs":["http:\/\/www.boszogiattila.hu"],"url":"https:\/\/bozsogiattila.hu\/?author=3"}]}},"jetpack_featured_media_url":"","_links":{"self":[{"href":"https:\/\/bozsogiattila.hu\/index.php?rest_route=\/wp\/v2\/posts\/1561","targetHints":{"allow":["GET"]}}],"collection":[{"href":"https:\/\/bozsogiattila.hu\/index.php?rest_route=\/wp\/v2\/posts"}],"about":[{"href":"https:\/\/bozsogiattila.hu\/index.php?rest_route=\/wp\/v2\/types\/post"}],"author":[{"embeddable":true,"href":"https:\/\/bozsogiattila.hu\/index.php?rest_route=\/wp\/v2\/users\/3"}],"replies":[{"embeddable":true,"href":"https:\/\/bozsogiattila.hu\/index.php?rest_route=%2Fwp%2Fv2%2Fcomments&post=1561"}],"version-history":[{"count":1,"href":"https:\/\/bozsogiattila.hu\/index.php?rest_route=\/wp\/v2\/posts\/1561\/revisions"}],"predecessor-version":[{"id":1562,"href":"https:\/\/bozsogiattila.hu\/index.php?rest_route=\/wp\/v2\/posts\/1561\/revisions\/1562"}],"wp:attachment":[{"href":"https:\/\/bozsogiattila.hu\/index.php?rest_route=%2Fwp%2Fv2%2Fmedia&parent=1561"}],"wp:term":[{"taxonomy":"category","embeddable":true,"href":"https:\/\/bozsogiattila.hu\/index.php?rest_route=%2Fwp%2Fv2%2Fcategories&post=1561"},{"taxonomy":"post_tag","embeddable":true,"href":"https:\/\/bozsogiattila.hu\/index.php?rest_route=%2Fwp%2Fv2%2Ftags&post=1561"}],"curies":[{"name":"wp","href":"https:\/\/api.w.org\/{rel}","templated":true}]}}