{"id":1563,"date":"2024-01-15T19:14:07","date_gmt":"2024-01-15T19:14:07","guid":{"rendered":"https:\/\/bozsogiattila.hu\/?p=1563"},"modified":"2024-01-15T19:14:09","modified_gmt":"2024-01-15T19:14:09","slug":"tanciskolak-apatfalva","status":"publish","type":"post","link":"https:\/\/bozsogiattila.hu\/?p=1563","title":{"rendered":"T\u00c1NCISKOL\u00c1K (AP\u00c1TFALVA)"},"content":{"rendered":"\n<p class=\"wp-block-paragraph\">T\u00c1NCISKOL\u00c1K (AP\u00c1TFALVA)<\/p>\n\n\n\n<p class=\"wp-block-paragraph\">A faluhelyek legnagyobb l\u00e9tsz\u00e1m\u00fa t\u00e1nciskol\u00e1ja Ap\u00e1tfalv\u00e1n volt.<br>A rossz k\u00f6zleked\u00e9snek k\u00f6sz\u00f6nhet\u0151en, m\u00e1r m\u00e1sf\u00e9l \u00f3r\u00e1val kor\u00e1bban ki\u00e9rkezt\u00fcnk, \u00e9s szerencs\u00e9nkre D\u00f6m\u00f6t\u00f6r Istv\u00e1n Kult\u00farh\u00e1z igazgat\u00f3 irod\u00e1j\u00e1ban vend\u00e9g\u00fcl l\u00e1tott benn\u00fcnket, tan\u00edt\u00e1s el\u0151tt \u00e9s ut\u00e1n egyar\u00e1nt.<br>A besz\u00e9lget\u00e9seknek csendes hallgat\u00f3jak\u00e9nt, \u00e9s a szipork\u00e1z\u00f3 t\u00f6rt\u00e9netek megismer\u0151jek\u00e9nt j\u00f3l sz\u00f3rakoztam, \u00e9s \u00f6r\u00f6m\u00f6m-leltem az elt\u00f6lt\u00f6tt \u00f3r\u00e1k alatt.<\/p>\n\n\n\n<p class=\"wp-block-paragraph\">Alkalmank\u00e9nt 60-70 f\u0151 is \u00f6sszegy\u0171lt a beiratkozott tanul\u00f3kb\u00f3l.<br>A l\u00e1nyokat k\u00f6telez\u0151en gardimam\u00e1k k\u00eds\u00e9rt\u00e9k el, akik a pletyk\u00e1lkod\u00e1sban sokszor jobban \u00e9rezt\u00e9k magukat, mint a l\u00e1nyok.<br>Egy ilyen tanfolyam nyolc h\u00e9tig tartott, \u00e9s hetente k\u00e9tszer volt foglalkoz\u00e1s.<br>A vizsg\u00e1ra, mindig valamilyen nyit\u00f3t\u00e1nccal kedveskedett a tan\u00e1rn\u0151 a gyerekeknek \u00e9s a sz\u00fcl\u0151knek egyar\u00e1nt.<br>A nagy l\u00e9tsz\u00e1m\u00fa tanfolyamokon plusz \u00f3r\u00e1kat is kellett beiktatni a nyit\u00f3t\u00e1nc betanul\u00e1sa \u00e9rdek\u00e9ben.<\/p>\n\n\n\n<p class=\"wp-block-paragraph\">A vizsgab\u00e1l a falu nagy kultur\u00e1lis esem\u00e9ny\u00e9nek sz\u00e1m\u00edtott, \u00e9s ilyenkor a sz\u00fcl\u0151k\u00f6n k\u00edv\u00fcl a keresztsz\u00fcl\u0151k, nagysz\u00fcl\u0151k, szomsz\u00e9dok is elj\u00f6ttek.<br>Volt, amikor hat-nyolc sorban \u00fcltek a vend\u00e9gek k\u00f6rben, a nagyteremben, ami probl\u00e9m\u00e1t okozott a nyit\u00f3, \u00e9s az azt k\u00f6vet\u0151 tanult t\u00e1ncok bemutat\u00e1sakor.<br>Ennek volt tudhat\u00f3, hogy n\u00e9ha nem lehetett sz\u00e9ps\u00e9gd\u00edjasnak mondani a bemutat\u00f3t, a helysz\u0171ke miatt, de ezt senki nem vette \u00e9szre, mivel mindenki csak a saj\u00e1t gyermek\u00e9t l\u00e1tta.<\/p>\n\n\n\n<p class=\"wp-block-paragraph\">Mind\u00f6ssze 16 \u00e9ves voltam, amikor megismertem Ap\u00e1tfalv\u00e1t, \u00e9s ett\u0151l kezdve mindig meghat\u00e1roz\u00f3 szerepet j\u00e1tszott \u00e9letemben ez a kis falu.<br>Ap\u00e1tfalv\u00e1n rendk\u00edv\u00fcl dolgos \u00e9s szorgalmas emberek \u00e9lnek, akiknek a munka-szeretet\u00fckn\u00e9l csup\u00e1n a vend\u00e9gszeretet\u00fck nagyobb. Mindig nagy \u00f6r\u00f6mmel, \u00e9s boldogan j\u00f6ttem ide, \u00e9s j\u00f6v\u00f6k ma is, ha lehet\u0151s\u00e9gem ny\u00edlik arra.<br>M\u00e9g az \u00f6tvenes \u00e9vek k\u00f6zep\u00e9t \u00edrtuk, amikor el\u0151sz\u00f6r mentem gimn\u00e1ziumi zene-karommal muzsik\u00e1lni a r\u00e9gi Kult\u00farh\u00e1zba. \/ma a nyugd\u00edjasok otthona van a hely\u00e9n\/ 1959 \u0151sz\u00e9n \u00fcltem el\u0151sz\u00f6r a zongora mell\u00e9 a t\u00e1nciskolai foglalkoz\u00e1sokon, mint zongorak\u00eds\u00e9r\u0151 a mai M\u0171vel\u0151d\u00e9si H\u00e1zban, \u00e9s t\u00f6bb mint 20 \u00e9v alatt rengetegen tanultak meg t\u00e1ncolni arra a zen\u00e9re, amit alkalmank\u00e9nt produk\u00e1ltam.<br>Az els\u0151 \u00e9vekben csak a m\u0171sort k\u00eds\u00e9rtem, ut\u00e1na a b\u00e1lban Borb\u00e9ly Bandi b\u00e1csi, \u00e9s zenekara h\u00fazta a talp al\u00e1 val\u00f3t. K\u00e9s\u0151bb a mi zenekarunk muzsik\u00e1lta a b\u00e1lokat is, mivel Bandi b\u00e1csi\u00e9k korukn\u00e1l fogva m\u00e1r nem v\u00e1llalt\u00e1k. A fiatalok \u00e9s sz\u00fcleik is megszerett\u00e9k a zenekarunkat.<br>A zenekar szaxofonosa, trombit\u00e1sa \u00e9s \u00e9nekese, az ap\u00e1tfalvi sz\u00fclet\u00e9s\u0171 Pint\u00e9r Feri volt, akit mint zenetan\u00e1rt szeretett \u00e9s tisztelt a falu lakoss\u00e1ga. A b\u00e1lokban zenekarunk mindig a legdivatosabb dalokkal sz\u00f3rakoztatta a vend\u00e9geket. Ennek k\u00f6sz\u00f6nhet\u0151en egyre t\u00f6bb lakodalomba is megh\u00edvtak benn\u00fcnket muzsik\u00e1lni.<\/p>\n\n\n\n<p class=\"wp-block-paragraph\">A 60-as \u00e9vek v\u00e9g\u00e9n a zeneiskolai oktat\u00e1s keret\u00e9ben harmonik\u00e1t tan\u00edtottam a faluban.<br>Egy-egy \u00e9vben 12-14 tan\u00edtv\u00e1nyom volt. Csak k\u00e9t nevet szeretn\u00e9k megeml\u00edteni: Dur\u00e1nyik Gyurit, aki akkor 9 &#8211; 10 \u00e9ves volt. K\u00e9s\u0151bb kiv\u00e1l\u00f3 gy\u00f3gyszer\u00e9sz lett, \u00e9s Mak\u00f3n a K\u00e1lvin utc\u00e1ban van a gy\u00f3gyszert\u00e1ra. \u00c1ltal\u00e1ban k\u00e9sz\u00fcletlen\u00fcl j\u00f6tt az \u00f3r\u00e1kra, annak ellen\u00e9re, hogy j\u00f3 \u00e9rz\u00e9ke volt a zen\u00e9hez.<br>Id\u0151nk\u00e9nt felvettem a harmonik\u00e1t \u00e9s j\u00e1tszottam a gyerekeknek, b\u00edzva abban, hogy kedvet kapnak a gyakorl\u00e1shoz. Egy alkalommal, mikor Gyuri nagyon bizonytalanul j\u00e1tszott, megk\u00e9rdeztem t\u0151le: Gyurik\u00e1m neked nem tetszik a harmonika, \u00e9s az\u00e9rt nem tanulod meg a leck\u00e9t? Gyuri gyors \u00e9s frapp\u00e1ns v\u00e1laszt adott:<br>\u201eNekem nagyon tetszik a harmonika, mikor tan\u00e1r b\u00e1csi j\u00e1tszik rajta, \u00e9n \u00f3r\u00e1kig el tudn\u00e1m hallgatni, de \u00fat\u00e1lok gyakorolni!\u201d<\/p>\n\n\n\n<p class=\"wp-block-paragraph\">A m\u00e1sik n\u00f6vend\u00e9kem a t\u00fcnd\u00e9rsz\u00e9p kis Giba Ir\u00e9nke volt, aki mindig mosolygott \u00e9s prec\u00edzen megtanulta a leck\u00e9t, pedig a kis t\u00f6r\u00e9keny kisl\u00e1nynak biztos neh\u00e9z volt tartani a harmonik\u00e1t. Bizony\u00e1ra nagyon j\u00f3 harmonik\u00e1s v\u00e1lt volna bel\u0151le, de a k\u00f6r\u00fclm\u00e9nyeim \u00fagy alakultak, hogy elmentem Keszthelyre muzsik\u00e1lni, s \u00edgy sajn\u00e1lattal, de megv\u00e1ltam a tan\u00edtv\u00e1nyaimt\u00f3l, akikre ma is szeretettel eml\u00e9kszem vissza.<\/p>\n\n\n\n<p class=\"wp-block-paragraph\">A balatoni vend\u00e9gszerepl\u00e9sek ut\u00e1n a mak\u00f3i \u00c1F\u00c9SZ-hez szerz\u0151dtem \u00e9s R\u00e1cz Feri bar\u00e1tommal ny\u00e1ron a mak\u00f3i Aut\u00f3s Cs\u00e1rd\u00e1ban j\u00e1tszottunk. A t\u00e9li h\u00f3napokban pedig hol Maroslel\u00e9n, hol Kiszomboron, hol Ap\u00e1tfalv\u00e1n dolgoztunk. Ap\u00e1tfalv\u00e1n a R\u00f3zsakert vend\u00e9gl\u0151ben \u00e9s a Mokka pressz\u00f3ban muzsik\u00e1ltunk. Az utols\u00f3 \u00e9vben Kiss Jen\u0151 az NB II-es focista volt a t\u00e1rsam, akit mindenki csak Cimbinek ismert.<br>Rengeteg ismer\u0151st \u00e9s bar\u00e1tot szerezt\u00fcnk, \u00e9s sok-sok \u00e9lm\u00e9nnyel gazdagodtunk. Abban az id\u0151ben K. Varga Misi volt az ap\u00e1tfalvi focicsapat edz\u0151je. Edz\u00e9s ut\u00e1n bar\u00e1taival rendszeresen ott \u00fclt a vend\u00e9gek k\u00f6z\u00f6tt \u00e9jf\u00e9lig. Z\u00e1r\u00f3ra ut\u00e1n egy\u00fctt ment\u00fcnk haza, \u00e9s \u00fatk\u00f6zben mindig elmondta, hogy m\u00e1r r\u00e9gen otthon aludhatna, de olyan j\u00f3l \u00e9rzi n\u00e1lunk mag\u00e1t, hogy nincs sz\u00edve hazamenni, pedig a feles\u00e9ge mindig perlekedik vele ezek\u00e9rt a kimarad\u00e1sok\u00e9rt.<br>A vend\u00e9gl\u0151ben csod\u00e1latos hangulat\u00fa vacsor\u00e1kat is tartottak a focicsapat r\u00e9sz\u00e9re, bizony\u00e1ra \u0151k is sz\u00edvesen eml\u00e9keznek vissza ezekre az est\u00e9kre.<\/p>\n\n\n\n<p class=\"wp-block-paragraph\">\u00c9s most t\u00e9rj\u00fcnk vissza a t\u00e1nciskol\u00e1khoz: Abban az id\u0151ben m\u00e9g nem volt busz j\u00e1rat, csak vonatok k\u00f6zlekedtek. Nek\u00fcnk m\u00e1r f\u00e9l 4-kor el kellett indulnunk Mak\u00f3r\u00f3l. A t\u00e1nciskola csak este 6-kor kezd\u0151d\u00f6tt. M\u00e1sf\u00e9l \u00f3r\u00e1t kellett v\u00e1rnunk minden alaklommal. Szerencs\u00e9nkre a tan\u00e1rn\u0151 f\u00e9rje volt r\u00e9gen, a mozi tulajdonosa a faluban. A falu f\u00e9nyk\u00e9p\u00e9sze pedig D\u00f6m\u00f6t\u00f6r Istv\u00e1n volt, aki k\u00e9s\u0151bb, a kult\u00farh\u00e1z igazgat\u00f3ja lett.<br>A k\u00e9t csal\u00e1d nagyon j\u00f3 viszonyban volt \u00e9s ennek k\u00f6sz\u00f6nhet\u0151en D\u00f6m\u00f6t\u00f6r \u00far minden alkalommal vend\u00e9g\u00fcl l\u00e1tott benn\u00fcnket a tan\u00edt\u00e1s el\u0151tt \u00e9s ut\u00e1n.<br>\u00c9n \u00e1ltal\u00e1ban csendes hallgat\u00f3ja voltam a besz\u00e9lget\u00e9sekben feleleven\u00edtett r\u00e9gi anekdot\u00e1knak. A Maros-parti strandol\u00e1sokhoz f\u0171z\u0151d\u0151 \u00e9lm\u00e9nyeknek \u00e9s sok-sok m\u00e1s eml\u00e9kezetes t\u00f6rt\u00e9netnek. \u00c1ltal\u00e1ban 4-en, de alkalmank\u00e9nt \u00f6ten voltunk az irod\u00e1ban. A vend\u00e9gl\u00e1t\u00f3nk, a tan\u00e1rn\u0151, \u00e9n \u00e9s Muki, az idom\u00edtott m\u00f3kus \u00e9s ritk\u00e1n az igazgat\u00f3 \u00far feles\u00e9ge. Nagy \u00e9lvezettel hallgattam a szipork\u00e1z\u00f3 t\u00f6rt\u00e9neteket \u00e9s k\u00f6zben figyeltem Muki, brav\u00faros mutatv\u00e1nyait.<br>El\u0151ker\u00fclt az eml\u00e9kt\u00e1rb\u00f3l az a kedves kis epiz\u00f3d is, amikor a tan\u00e1rn\u0151nek kisl\u00e1nya sz\u00fcletett, \u00e9s a keresztel\u0151re k\u00fcl\u00f6n felk\u00e9rt\u00e9k D\u00f6m\u00f6t\u00f6r urat a kicsi Margitka keresztel\u0151i f\u00e9nyk\u00e9p\u00e9nek elk\u00e9sz\u00edt\u00e9s\u00e9re.<br>Ez volt az els\u0151 f\u00e9nyk\u00e9p, ami a kis cs\u00f6pps\u00e9gr\u0151l k\u00e9sz\u00fclt.<br>D\u00f6m\u00f6t\u00f6r \u00far elk\u00e9sz\u00edtette a k\u00e9pet, de a kidolgoz\u00e1s kiss\u00e9 v\u00e1ratott mag\u00e1ra eg\u00e9szen addig, am\u00edg el nem \u00e9rkezett a kisl\u00e1ny esk\u00fcv\u0151je, ahol a n\u00e1szaj\u00e1nd\u00e9kokkal egy\u00fctt \u00e1tvehette bekeretezve a keresztel\u0151j\u00e9n k\u00e9sz\u00fclt f\u00e9nyk\u00e9p\u00e9t is.<\/p>\n","protected":false},"excerpt":{"rendered":"<p>T\u00c1NCISKOL\u00c1K (AP\u00c1TFALVA) A faluhelyek legnagyobb l\u00e9tsz\u00e1m\u00fa t\u00e1nciskol\u00e1ja Ap\u00e1tfalv\u00e1n volt.A rossz k\u00f6zleked\u00e9snek k\u00f6sz\u00f6nhet\u0151en, m\u00e1r m\u00e1sf\u00e9l \u00f3r\u00e1val kor\u00e1bban ki\u00e9rkezt\u00fcnk, \u00e9s szerencs\u00e9nkre D\u00f6m\u00f6t\u00f6r Istv\u00e1n Kult\u00farh\u00e1z igazgat\u00f3 irod\u00e1j\u00e1ban vend\u00e9g\u00fcl l\u00e1tott benn\u00fcnket, tan\u00edt\u00e1s el\u0151tt \u00e9s ut\u00e1n egyar\u00e1nt.A besz\u00e9lget\u00e9seknek csendes hallgat\u00f3jak\u00e9nt, \u00e9s a szipork\u00e1z\u00f3 t\u00f6rt\u00e9netek megismer\u0151jek\u00e9nt j\u00f3l sz\u00f3rakoztam, \u00e9s \u00f6r\u00f6m\u00f6m-leltem az elt\u00f6lt\u00f6tt \u00f3r\u00e1k alatt. Alkalmank\u00e9nt 60-70 f\u0151 is \u00f6sszegy\u0171lt a beiratkozott &#8230; <a title=\"T\u00c1NCISKOL\u00c1K (AP\u00c1TFALVA)\" class=\"read-more\" href=\"https:\/\/bozsogiattila.hu\/?p=1563\" aria-label=\"Tov\u00e1bbiak T\u00c1NCISKOL\u00c1K (AP\u00c1TFALVA)\">Olvass tov\u00e1bb<\/a><\/p>\n","protected":false},"author":3,"featured_media":0,"comment_status":"open","ping_status":"open","sticky":false,"template":"","format":"standard","meta":{"footnotes":""},"categories":[331],"tags":[],"class_list":["post-1563","post","type-post","status-publish","format-standard","hentry","category-emlkeim"],"yoast_head":"<!-- This site is optimized with the Yoast SEO plugin v21.8 - https:\/\/yoast.com\/wordpress\/plugins\/seo\/ -->\n<title>T\u00c1NCISKOL\u00c1K (AP\u00c1TFALVA) - Bozsogi Attila<\/title>\n<meta name=\"robots\" content=\"index, follow, max-snippet:-1, max-image-preview:large, max-video-preview:-1\" \/>\n<link rel=\"canonical\" href=\"https:\/\/bozsogiattila.hu\/?p=1563\" \/>\n<meta property=\"og:locale\" content=\"hu_HU\" \/>\n<meta property=\"og:type\" content=\"article\" \/>\n<meta property=\"og:title\" content=\"T\u00c1NCISKOL\u00c1K (AP\u00c1TFALVA) - Bozsogi Attila\" \/>\n<meta property=\"og:description\" content=\"T\u00c1NCISKOL\u00c1K (AP\u00c1TFALVA) A faluhelyek legnagyobb l\u00e9tsz\u00e1m\u00fa t\u00e1nciskol\u00e1ja Ap\u00e1tfalv\u00e1n volt.A rossz k\u00f6zleked\u00e9snek k\u00f6sz\u00f6nhet\u0151en, m\u00e1r m\u00e1sf\u00e9l \u00f3r\u00e1val kor\u00e1bban ki\u00e9rkezt\u00fcnk, \u00e9s szerencs\u00e9nkre D\u00f6m\u00f6t\u00f6r Istv\u00e1n Kult\u00farh\u00e1z igazgat\u00f3 irod\u00e1j\u00e1ban vend\u00e9g\u00fcl l\u00e1tott benn\u00fcnket, tan\u00edt\u00e1s el\u0151tt \u00e9s ut\u00e1n egyar\u00e1nt.A besz\u00e9lget\u00e9seknek csendes hallgat\u00f3jak\u00e9nt, \u00e9s a szipork\u00e1z\u00f3 t\u00f6rt\u00e9netek megismer\u0151jek\u00e9nt j\u00f3l sz\u00f3rakoztam, \u00e9s \u00f6r\u00f6m\u00f6m-leltem az elt\u00f6lt\u00f6tt \u00f3r\u00e1k alatt. Alkalmank\u00e9nt 60-70 f\u0151 is \u00f6sszegy\u0171lt a beiratkozott ... Olvass tov\u00e1bb\" \/>\n<meta property=\"og:url\" content=\"https:\/\/bozsogiattila.hu\/?p=1563\" \/>\n<meta property=\"og:site_name\" content=\"Bozsogi Attila\" \/>\n<meta property=\"article:published_time\" content=\"2024-01-15T19:14:07+00:00\" \/>\n<meta property=\"article:modified_time\" content=\"2024-01-15T19:14:09+00:00\" \/>\n<meta name=\"author\" content=\"Bozsogi Attila\" \/>\n<meta name=\"twitter:card\" content=\"summary_large_image\" \/>\n<meta name=\"twitter:label1\" content=\"Szerz\u0151:\" \/>\n\t<meta name=\"twitter:data1\" content=\"Bozsogi Attila\" \/>\n\t<meta name=\"twitter:label2\" content=\"Becs\u00fclt olvas\u00e1si id\u0151\" \/>\n\t<meta name=\"twitter:data2\" content=\"7 perc\" \/>\n<script type=\"application\/ld+json\" class=\"yoast-schema-graph\">{\"@context\":\"https:\/\/schema.org\",\"@graph\":[{\"@type\":\"WebPage\",\"@id\":\"https:\/\/bozsogiattila.hu\/?p=1563\",\"url\":\"https:\/\/bozsogiattila.hu\/?p=1563\",\"name\":\"T\u00c1NCISKOL\u00c1K (AP\u00c1TFALVA) - Bozsogi Attila\",\"isPartOf\":{\"@id\":\"https:\/\/bozsogiattila.hu\/#website\"},\"datePublished\":\"2024-01-15T19:14:07+00:00\",\"dateModified\":\"2024-01-15T19:14:09+00:00\",\"author\":{\"@id\":\"https:\/\/bozsogiattila.hu\/#\/schema\/person\/488c99f554a8c4039201260dd5eb795e\"},\"breadcrumb\":{\"@id\":\"https:\/\/bozsogiattila.hu\/?p=1563#breadcrumb\"},\"inLanguage\":\"hu\",\"potentialAction\":[{\"@type\":\"ReadAction\",\"target\":[\"https:\/\/bozsogiattila.hu\/?p=1563\"]}]},{\"@type\":\"BreadcrumbList\",\"@id\":\"https:\/\/bozsogiattila.hu\/?p=1563#breadcrumb\",\"itemListElement\":[{\"@type\":\"ListItem\",\"position\":1,\"name\":\"Kezd\u0151lap\",\"item\":\"https:\/\/bozsogiattila.hu\/\"},{\"@type\":\"ListItem\",\"position\":2,\"name\":\"T\u00c1NCISKOL\u00c1K (AP\u00c1TFALVA)\"}]},{\"@type\":\"WebSite\",\"@id\":\"https:\/\/bozsogiattila.hu\/#website\",\"url\":\"https:\/\/bozsogiattila.hu\/\",\"name\":\"Bozsogi Attila\",\"description\":\"a zen\u00e9sz, \u00edr\u00f3 munk\u00e1ss\u00e1g\u00e1nak \u00e9s a mak\u00f3i muzsikusok eml\u00e9k\u00e9t \u0151rz\u0151 oldal\",\"potentialAction\":[{\"@type\":\"SearchAction\",\"target\":{\"@type\":\"EntryPoint\",\"urlTemplate\":\"https:\/\/bozsogiattila.hu\/?s={search_term_string}\"},\"query-input\":\"required name=search_term_string\"}],\"inLanguage\":\"hu\"},{\"@type\":\"Person\",\"@id\":\"https:\/\/bozsogiattila.hu\/#\/schema\/person\/488c99f554a8c4039201260dd5eb795e\",\"name\":\"Bozsogi Attila\",\"image\":{\"@type\":\"ImageObject\",\"inLanguage\":\"hu\",\"@id\":\"https:\/\/bozsogiattila.hu\/#\/schema\/person\/image\/\",\"url\":\"https:\/\/secure.gravatar.com\/avatar\/7da6b5985e34ed798d1670c54ce7d20e6a53b800bb0c07945c64b09392f3dbfd?s=96&d=mm&r=g\",\"contentUrl\":\"https:\/\/secure.gravatar.com\/avatar\/7da6b5985e34ed798d1670c54ce7d20e6a53b800bb0c07945c64b09392f3dbfd?s=96&d=mm&r=g\",\"caption\":\"Bozsogi Attila\"},\"sameAs\":[\"http:\/\/www.boszogiattila.hu\"],\"url\":\"https:\/\/bozsogiattila.hu\/?author=3\"}]}<\/script>\n<!-- \/ Yoast SEO plugin. -->","yoast_head_json":{"title":"T\u00c1NCISKOL\u00c1K (AP\u00c1TFALVA) - Bozsogi Attila","robots":{"index":"index","follow":"follow","max-snippet":"max-snippet:-1","max-image-preview":"max-image-preview:large","max-video-preview":"max-video-preview:-1"},"canonical":"https:\/\/bozsogiattila.hu\/?p=1563","og_locale":"hu_HU","og_type":"article","og_title":"T\u00c1NCISKOL\u00c1K (AP\u00c1TFALVA) - Bozsogi Attila","og_description":"T\u00c1NCISKOL\u00c1K (AP\u00c1TFALVA) A faluhelyek legnagyobb l\u00e9tsz\u00e1m\u00fa t\u00e1nciskol\u00e1ja Ap\u00e1tfalv\u00e1n volt.A rossz k\u00f6zleked\u00e9snek k\u00f6sz\u00f6nhet\u0151en, m\u00e1r m\u00e1sf\u00e9l \u00f3r\u00e1val kor\u00e1bban ki\u00e9rkezt\u00fcnk, \u00e9s szerencs\u00e9nkre D\u00f6m\u00f6t\u00f6r Istv\u00e1n Kult\u00farh\u00e1z igazgat\u00f3 irod\u00e1j\u00e1ban vend\u00e9g\u00fcl l\u00e1tott benn\u00fcnket, tan\u00edt\u00e1s el\u0151tt \u00e9s ut\u00e1n egyar\u00e1nt.A besz\u00e9lget\u00e9seknek csendes hallgat\u00f3jak\u00e9nt, \u00e9s a szipork\u00e1z\u00f3 t\u00f6rt\u00e9netek megismer\u0151jek\u00e9nt j\u00f3l sz\u00f3rakoztam, \u00e9s \u00f6r\u00f6m\u00f6m-leltem az elt\u00f6lt\u00f6tt \u00f3r\u00e1k alatt. Alkalmank\u00e9nt 60-70 f\u0151 is \u00f6sszegy\u0171lt a beiratkozott ... Olvass tov\u00e1bb","og_url":"https:\/\/bozsogiattila.hu\/?p=1563","og_site_name":"Bozsogi Attila","article_published_time":"2024-01-15T19:14:07+00:00","article_modified_time":"2024-01-15T19:14:09+00:00","author":"Bozsogi Attila","twitter_card":"summary_large_image","twitter_misc":{"Szerz\u0151:":"Bozsogi Attila","Becs\u00fclt olvas\u00e1si id\u0151":"7 perc"},"schema":{"@context":"https:\/\/schema.org","@graph":[{"@type":"WebPage","@id":"https:\/\/bozsogiattila.hu\/?p=1563","url":"https:\/\/bozsogiattila.hu\/?p=1563","name":"T\u00c1NCISKOL\u00c1K (AP\u00c1TFALVA) - Bozsogi Attila","isPartOf":{"@id":"https:\/\/bozsogiattila.hu\/#website"},"datePublished":"2024-01-15T19:14:07+00:00","dateModified":"2024-01-15T19:14:09+00:00","author":{"@id":"https:\/\/bozsogiattila.hu\/#\/schema\/person\/488c99f554a8c4039201260dd5eb795e"},"breadcrumb":{"@id":"https:\/\/bozsogiattila.hu\/?p=1563#breadcrumb"},"inLanguage":"hu","potentialAction":[{"@type":"ReadAction","target":["https:\/\/bozsogiattila.hu\/?p=1563"]}]},{"@type":"BreadcrumbList","@id":"https:\/\/bozsogiattila.hu\/?p=1563#breadcrumb","itemListElement":[{"@type":"ListItem","position":1,"name":"Kezd\u0151lap","item":"https:\/\/bozsogiattila.hu\/"},{"@type":"ListItem","position":2,"name":"T\u00c1NCISKOL\u00c1K (AP\u00c1TFALVA)"}]},{"@type":"WebSite","@id":"https:\/\/bozsogiattila.hu\/#website","url":"https:\/\/bozsogiattila.hu\/","name":"Bozsogi Attila","description":"a zen\u00e9sz, \u00edr\u00f3 munk\u00e1ss\u00e1g\u00e1nak \u00e9s a mak\u00f3i muzsikusok eml\u00e9k\u00e9t \u0151rz\u0151 oldal","potentialAction":[{"@type":"SearchAction","target":{"@type":"EntryPoint","urlTemplate":"https:\/\/bozsogiattila.hu\/?s={search_term_string}"},"query-input":"required name=search_term_string"}],"inLanguage":"hu"},{"@type":"Person","@id":"https:\/\/bozsogiattila.hu\/#\/schema\/person\/488c99f554a8c4039201260dd5eb795e","name":"Bozsogi Attila","image":{"@type":"ImageObject","inLanguage":"hu","@id":"https:\/\/bozsogiattila.hu\/#\/schema\/person\/image\/","url":"https:\/\/secure.gravatar.com\/avatar\/7da6b5985e34ed798d1670c54ce7d20e6a53b800bb0c07945c64b09392f3dbfd?s=96&d=mm&r=g","contentUrl":"https:\/\/secure.gravatar.com\/avatar\/7da6b5985e34ed798d1670c54ce7d20e6a53b800bb0c07945c64b09392f3dbfd?s=96&d=mm&r=g","caption":"Bozsogi Attila"},"sameAs":["http:\/\/www.boszogiattila.hu"],"url":"https:\/\/bozsogiattila.hu\/?author=3"}]}},"jetpack_featured_media_url":"","_links":{"self":[{"href":"https:\/\/bozsogiattila.hu\/index.php?rest_route=\/wp\/v2\/posts\/1563","targetHints":{"allow":["GET"]}}],"collection":[{"href":"https:\/\/bozsogiattila.hu\/index.php?rest_route=\/wp\/v2\/posts"}],"about":[{"href":"https:\/\/bozsogiattila.hu\/index.php?rest_route=\/wp\/v2\/types\/post"}],"author":[{"embeddable":true,"href":"https:\/\/bozsogiattila.hu\/index.php?rest_route=\/wp\/v2\/users\/3"}],"replies":[{"embeddable":true,"href":"https:\/\/bozsogiattila.hu\/index.php?rest_route=%2Fwp%2Fv2%2Fcomments&post=1563"}],"version-history":[{"count":1,"href":"https:\/\/bozsogiattila.hu\/index.php?rest_route=\/wp\/v2\/posts\/1563\/revisions"}],"predecessor-version":[{"id":1564,"href":"https:\/\/bozsogiattila.hu\/index.php?rest_route=\/wp\/v2\/posts\/1563\/revisions\/1564"}],"wp:attachment":[{"href":"https:\/\/bozsogiattila.hu\/index.php?rest_route=%2Fwp%2Fv2%2Fmedia&parent=1563"}],"wp:term":[{"taxonomy":"category","embeddable":true,"href":"https:\/\/bozsogiattila.hu\/index.php?rest_route=%2Fwp%2Fv2%2Fcategories&post=1563"},{"taxonomy":"post_tag","embeddable":true,"href":"https:\/\/bozsogiattila.hu\/index.php?rest_route=%2Fwp%2Fv2%2Ftags&post=1563"}],"curies":[{"name":"wp","href":"https:\/\/api.w.org\/{rel}","templated":true}]}}