{"id":1567,"date":"2024-01-15T19:15:49","date_gmt":"2024-01-15T19:15:49","guid":{"rendered":"https:\/\/bozsogiattila.hu\/?p=1567"},"modified":"2024-01-15T19:15:49","modified_gmt":"2024-01-15T19:15:49","slug":"csanadpalota","status":"publish","type":"post","link":"https:\/\/bozsogiattila.hu\/?p=1567","title":{"rendered":"CSAN\u00c1DPALOTA"},"content":{"rendered":"\n<p class=\"wp-block-paragraph\">CSAN\u00c1DPALOTA<\/p>\n\n\n\n<p class=\"wp-block-paragraph\">Kezdet kezdet\u00e9n vonattal j\u00e1rtunk m\u00e9g Csan\u00e1dpalot\u00e1ra, \u00e9s mik\u00f6zben bandukoltunk az \u00e1llom\u00e1sr\u00f3l a faluba, nem tudtam r\u00e1j\u00f6nni, hogy mi\u00e9rt kellett az \u00e1llom\u00e1st mintegy k\u00e9t kilom\u00e9terre \u00e9p\u00edteni a falut\u00f3l.<br>A h\u00f3f\u00fav\u00e1sok, j\u00e9ges\u0151k, k\u00f6d\u00f6s utak pr\u00f3b\u00e1ra tettek benn\u00fcnket, akik lehet, hogy t\u00f6bbet tett\u00fcnk az \u00e1ltal\u00e1nos m\u0171velts\u00e9ghez tartoz\u00f3 t\u00e1nc terjeszt\u00e9se \u00e9rdek\u00e9ben, mint D\u00e9rin\u00e9 \u00e9s t\u00e1rsulata tett a maga kor\u00e1ban a sz\u00ednj\u00e1tsz\u00e1s\u00e9rt.<\/p>\n\n\n\n<p class=\"wp-block-paragraph\">\u00c9vr\u0151l-\u00e9vre a lehet\u0151 legrosszabb id\u0151ben j\u00e1rtunk e mintegy 3000f\u0151t sz\u00e1ml\u00e1l\u00f3 kis faluba, (Az\u00f3ta v\u00e1ros lett) ahol r\u00e1ad\u00e1sul m\u00e9g a t\u00e1ncteremnek kinevezett helys\u00e9g is mostoha k\u00f6r\u00fclm\u00e9nyeket ny\u00fajtott.<br>Nem voltak be\u00fcvegezett ablakok, csup\u00e1n a fared\u0151ny\u00f6k voltak leeresztve, bez\u00e1rva.<br>Egy hatalmas Marabu vask\u00e1lyha ontotta a meleget, mely nagy teljes\u00edtm\u00e9nye ellen\u00e9re is csak oly m\u00e9rt\u00e9kben tudta felf\u0171teni a helys\u00e9get, hogy l\u00e1tszott a lehelet.<br>A gardimam\u00e1k nagykab\u00e1tjaikban, bund\u00e1ikban \u00f6sszeh\u00fazt\u00e1k magukat, \u00e9s mikor r\u00e1juk n\u00e9ztem, olyan benyom\u00e1st keltettek bennem, mintha gunnyaszt\u00f3 beteg ty\u00fakokat l\u00e1ttam volna \u00fccs\u00f6r\u00f6gni k\u00f6rben, a teremben.<br>Zongora nem volt ebben a helys\u00e9gben, \u00edgy minden alkalomra hoztak valahonnan egy harmonik\u00e1t az oktat\u00e1s idej\u00e9re.<br>Kalm\u00e1r b\u00e1csi (Gondnok) kitett egy sz\u00e9ket nekem k\u00f6zvetlen a k\u00e1lyha el\u00e9, hogy legal\u00e1bb \u00e9n ne f\u00e1zzam.<br>Ha t\u00e1voll\u00e9temben, valaki le akart a helyemre \u00fclni, hat\u00e1rozott szigorral r\u00e1sz\u00f3lt:<\/p>\n\n\n\n<p class=\"wp-block-paragraph\">\u201eK\u00e9rem, ez a sz\u00e9k Attila \u00far\u00e9\u201d!<\/p>\n\n\n\n<p class=\"wp-block-paragraph\">Mikor meg\u00e9rkezt\u00fcnk m\u00e9g v\u00e1rnunk kellet k\u00e9t \u00f3r\u00e1t a tan\u00edt\u00e1s kezd\u00e9s\u00e9ig.<br>Ez id\u0151 alatt mindig \u00e1tmentem a k\u00f6zeli becs\u00fclets\u00fcllyeszt\u0151be, ahol egy n\u00e9gytag\u00fa zenekar muzsik\u00e1lt.<br>Mikor a pinc\u00e9r kiszolg\u00e1lt megk\u00e9rdeztem t\u0151le: tudja-e, hogy a szaxofonos f\u00faja, vagy sz\u00edvja a hangszer\u00e9t?<br>\u00c9rthetetlen arccal n\u00e9zett r\u00e1m, mire elmondtam, hogy a harmonik\u00e1s ford\u00edtva haszn\u00e1lja a hangszert, teh\u00e1t a gombos r\u00e9szen j\u00e1tszik jobb k\u00e9zzel, a git\u00e1ros szint\u00e9n ford\u00edtva j\u00e1tszik, bal k\u00e9zzel penget, a dobos nagy dobj\u00e1t bal l\u00e1bbal m\u0171k\u00f6dteti, a l\u00e1bcint pedig jobb l\u00e1bbal, teh\u00e1t ford\u00edtva. Ezek figyelembev\u00e9tel\u00e9vel nem csod\u00e1lkozn\u00e9k, ha a szaxofonos sz\u00edvn\u00e1 a hangszert, hogy egys\u00e9ges legyen a zenekar.<\/p>\n\n\n\n<p class=\"wp-block-paragraph\">Sz\u00fcnetben nevetve j\u00f6tt oda a zenekar, &#8211; akiket megk\u00edn\u00e1ltam egy itallal \u2013 \u00e9s elmondt\u00e1k, hogy \u00e9vek \u00f3ta j\u00e1tszanak egy\u00fctt, \u00e9s soha senki nem vette \u00e9szre, amit \u00e9n \u00f6t perc alatt megl\u00e1ttam.<br>Erre k\u00f6z\u00f6ltem vel\u00fck, hogy zongorista vagyok, de nem hasalok a zongor\u00e1n, hogy ford\u00edtva tudjak j\u00e1tszani, hanem hagyom\u00e1nyosan \u00fcl\u00f6k el\u0151tte.<br>J\u00f3t der\u00fcltek a v\u00e1laszomon, j\u00f3 bar\u00e1tok lett\u00fcnk \u00e9s legk\u00f6zelebb mikor bementem hozta a pinc\u00e9r az italomat, hozz\u00e1f\u0171zve: \u201eA balkezesek k\u00e9rt\u00e9k\u201d.<\/p>\n\n\n\n<p class=\"wp-block-paragraph\">Mikor visszamentem a \u201eh\u0171t\u0151h\u00e1zba\u201d, \u00e9s le\u00fcltem a Kalm\u00e1r b\u00e1csi f\u00e9ltve \u0151rz\u00f6tt sz\u00e9k\u00e9re, r\u00f6vid id\u0151 alatt kezem-l\u00e1bam elgebedt a dermeszt\u0151 hidegben.<br>K\u00f6zelebb \u00fcltem a k\u00e1lyh\u00e1hoz, amely perceken bel\u00fcl szinte s\u00fct\u00f6tt a h\u0151s\u00e9gt\u0151l, a kezem viszont tov\u00e1bbra is f\u00e1zott, \u00edgy hogy a ruh\u00e1m nehogy meg\u00e9gjen kiss\u00e9 elt\u00e1volodtam, \u00e9s \u00f6nk\u00e9ntesen v\u00e1llaltam a fagy\u00e1s vesz\u00e9ly\u00e9t.<br>A viszontags\u00e1gos, mostoha k\u00f6r\u00fclm\u00e9nyek ellen\u00e9re nagysiker\u0171 vizsgab\u00e1llal z\u00e1rtuk a tanfolyamot, amikor az jutott eszembe, hogy nyolc h\u00e9t alatt nem l\u00e1ttam egy tanul\u00f3t sem f\u00e1zni, \u00e9s biztos \u00e9n sem f\u00e1ztam volna, ha valamelyik sz\u00e9pl\u00e1nyt \u00f6lelgetem, nem pedig a k\u00f6lcs\u00f6n harmonik\u00e1t.<\/p>\n\n\n\n<p class=\"wp-block-paragraph\">P\u00e1r \u00e9v m\u00falva gy\u00f6ny\u00f6r\u0171 M\u0171vel\u0151d\u00e9si H\u00e1zat \u00e9p\u00edttetett a falu, ahol mindennek volt helye, t\u00f6bbek k\u00f6z\u00f6tt egy t\u00e1ncterem, zongor\u00e1val \u00e1llt rendelkez\u00e9s\u00fcnkre.<br>Ide m\u00e1r aut\u00f3val j\u00e1rtunk, fejl\u0151dve a korral.<br>A t\u00e9li cs\u00fasz\u00f3s utak tov\u00e1bbra is megmaradtak, \u00e9s pr\u00f3b\u00e1ra tett\u00e9k vezet\u0151i k\u00e9pess\u00e9gem, hiszen p\u00e9nz hi\u00e1ny\u00e1ban kitartottam makacsul a ny\u00e1ri gumik mellett.<\/p>\n\n\n\n<p class=\"wp-block-paragraph\">Egyik vizsgab\u00e1l el\u0151tt, elmentem Kov\u00e1cs Lajosn\u00e9 tan\u00e1rn\u0151\u00e9rt a megbesz\u00e9lt id\u0151pontn\u00e1l hamarabb, mivel a l\u00e1t\u00e1si viszony olyan volt, mintha egy \u00f3ri\u00e1si tejes\u00fcvegben k\u00f6zlekedtem volna.<br>Term\u00e9szetesen m\u00e9g akkor kezdett k\u00e9sz\u00fcl\u0151dni, mikor becsengettem.<br>Nagyon kor\u00e1n j\u00f6tt \u2013 mondta.<br>Lassan tudunk haladni, mert nem lehet l\u00e1tni a nagy k\u00f6dben.<br>Nincs k\u00f6dl\u00e1mp\u00e1ja?<br>De van, de semmit sem \u00e9r.<br>V\u00e9gre elindultunk.<br>Megk\u00e9rtem, hogy a v\u00e1roson k\u00edv\u00fcl figyelje a t\u00e1bl\u00e1t, nehogy t\u00falmenj\u00fcnk az el\u00e1gaz\u00e1sn\u00e1l.<br>A tan\u00e1rn\u0151 az any\u00f3s \u00fcl\u00e9sr\u0151l sem vette \u00e9szre a hatalmas KRESZ t\u00e1bl\u00e1t, \u00edgy kb. h\u00e1rom kilom\u00e9ter megt\u00e9tele ut\u00e1n kellett visszafordulnom \u00e9letvesz\u00e9lyes k\u00f6r\u00fclm\u00e9nyek k\u00f6z\u00f6tt.<br>Egy \u00f3ra k\u00e9s\u00e9ssel oda\u00e9rt\u00fcnk a tetthelyre, ahol hatalmas t\u00f6meg v\u00e1rt t\u00fcrelmetlen\u00fcl benn\u00fcnket, majd sikeresen lezajlott a bemutat\u00f3, \u00e9s remek hangulat\u00fa b\u00e1llal z\u00e1rult a t\u00e1ncvizsga.<br>Hazafel\u00e9 j\u00f6vet lesz\u00e1llt a k\u00f6d, \u00e9s a csikorg\u00f3 hidegben a holdvil\u00e1g, \u00e9s a csillagok \u00fagy tekintettek r\u00e1nk, mint a kult\u00fara megsz\u00e1llottjaira.<\/p>\n","protected":false},"excerpt":{"rendered":"<p>CSAN\u00c1DPALOTA Kezdet kezdet\u00e9n vonattal j\u00e1rtunk m\u00e9g Csan\u00e1dpalot\u00e1ra, \u00e9s mik\u00f6zben bandukoltunk az \u00e1llom\u00e1sr\u00f3l a faluba, nem tudtam r\u00e1j\u00f6nni, hogy mi\u00e9rt kellett az \u00e1llom\u00e1st mintegy k\u00e9t kilom\u00e9terre \u00e9p\u00edteni a falut\u00f3l.A h\u00f3f\u00fav\u00e1sok, j\u00e9ges\u0151k, k\u00f6d\u00f6s utak pr\u00f3b\u00e1ra tettek benn\u00fcnket, akik lehet, hogy t\u00f6bbet tett\u00fcnk az \u00e1ltal\u00e1nos m\u0171velts\u00e9ghez tartoz\u00f3 t\u00e1nc terjeszt\u00e9se \u00e9rdek\u00e9ben, mint D\u00e9rin\u00e9 \u00e9s t\u00e1rsulata tett a maga kor\u00e1ban &#8230; <a title=\"CSAN\u00c1DPALOTA\" class=\"read-more\" href=\"https:\/\/bozsogiattila.hu\/?p=1567\" aria-label=\"Tov\u00e1bbiak CSAN\u00c1DPALOTA\">Olvass tov\u00e1bb<\/a><\/p>\n","protected":false},"author":3,"featured_media":0,"comment_status":"open","ping_status":"open","sticky":false,"template":"","format":"standard","meta":{"footnotes":""},"categories":[331],"tags":[],"class_list":["post-1567","post","type-post","status-publish","format-standard","hentry","category-emlkeim"],"yoast_head":"<!-- This site is optimized with the Yoast SEO plugin v21.8 - https:\/\/yoast.com\/wordpress\/plugins\/seo\/ -->\n<title>CSAN\u00c1DPALOTA - Bozsogi Attila<\/title>\n<meta name=\"robots\" content=\"index, follow, max-snippet:-1, max-image-preview:large, max-video-preview:-1\" \/>\n<link rel=\"canonical\" href=\"https:\/\/bozsogiattila.hu\/?p=1567\" \/>\n<meta property=\"og:locale\" content=\"hu_HU\" \/>\n<meta property=\"og:type\" content=\"article\" \/>\n<meta property=\"og:title\" content=\"CSAN\u00c1DPALOTA - Bozsogi Attila\" \/>\n<meta property=\"og:description\" content=\"CSAN\u00c1DPALOTA Kezdet kezdet\u00e9n vonattal j\u00e1rtunk m\u00e9g Csan\u00e1dpalot\u00e1ra, \u00e9s mik\u00f6zben bandukoltunk az \u00e1llom\u00e1sr\u00f3l a faluba, nem tudtam r\u00e1j\u00f6nni, hogy mi\u00e9rt kellett az \u00e1llom\u00e1st mintegy k\u00e9t kilom\u00e9terre \u00e9p\u00edteni a falut\u00f3l.A h\u00f3f\u00fav\u00e1sok, j\u00e9ges\u0151k, k\u00f6d\u00f6s utak pr\u00f3b\u00e1ra tettek benn\u00fcnket, akik lehet, hogy t\u00f6bbet tett\u00fcnk az \u00e1ltal\u00e1nos m\u0171velts\u00e9ghez tartoz\u00f3 t\u00e1nc terjeszt\u00e9se \u00e9rdek\u00e9ben, mint D\u00e9rin\u00e9 \u00e9s t\u00e1rsulata tett a maga kor\u00e1ban ... Olvass tov\u00e1bb\" \/>\n<meta property=\"og:url\" content=\"https:\/\/bozsogiattila.hu\/?p=1567\" \/>\n<meta property=\"og:site_name\" content=\"Bozsogi Attila\" \/>\n<meta property=\"article:published_time\" content=\"2024-01-15T19:15:49+00:00\" \/>\n<meta name=\"author\" content=\"Bozsogi Attila\" \/>\n<meta name=\"twitter:card\" content=\"summary_large_image\" \/>\n<meta name=\"twitter:label1\" content=\"Szerz\u0151:\" \/>\n\t<meta name=\"twitter:data1\" content=\"Bozsogi Attila\" \/>\n\t<meta name=\"twitter:label2\" content=\"Becs\u00fclt olvas\u00e1si id\u0151\" \/>\n\t<meta name=\"twitter:data2\" content=\"5 perc\" \/>\n<script type=\"application\/ld+json\" class=\"yoast-schema-graph\">{\"@context\":\"https:\/\/schema.org\",\"@graph\":[{\"@type\":\"WebPage\",\"@id\":\"https:\/\/bozsogiattila.hu\/?p=1567\",\"url\":\"https:\/\/bozsogiattila.hu\/?p=1567\",\"name\":\"CSAN\u00c1DPALOTA - Bozsogi Attila\",\"isPartOf\":{\"@id\":\"https:\/\/bozsogiattila.hu\/#website\"},\"datePublished\":\"2024-01-15T19:15:49+00:00\",\"dateModified\":\"2024-01-15T19:15:49+00:00\",\"author\":{\"@id\":\"https:\/\/bozsogiattila.hu\/#\/schema\/person\/488c99f554a8c4039201260dd5eb795e\"},\"breadcrumb\":{\"@id\":\"https:\/\/bozsogiattila.hu\/?p=1567#breadcrumb\"},\"inLanguage\":\"hu\",\"potentialAction\":[{\"@type\":\"ReadAction\",\"target\":[\"https:\/\/bozsogiattila.hu\/?p=1567\"]}]},{\"@type\":\"BreadcrumbList\",\"@id\":\"https:\/\/bozsogiattila.hu\/?p=1567#breadcrumb\",\"itemListElement\":[{\"@type\":\"ListItem\",\"position\":1,\"name\":\"Kezd\u0151lap\",\"item\":\"https:\/\/bozsogiattila.hu\/\"},{\"@type\":\"ListItem\",\"position\":2,\"name\":\"CSAN\u00c1DPALOTA\"}]},{\"@type\":\"WebSite\",\"@id\":\"https:\/\/bozsogiattila.hu\/#website\",\"url\":\"https:\/\/bozsogiattila.hu\/\",\"name\":\"Bozsogi Attila\",\"description\":\"a zen\u00e9sz, \u00edr\u00f3 munk\u00e1ss\u00e1g\u00e1nak \u00e9s a mak\u00f3i muzsikusok eml\u00e9k\u00e9t \u0151rz\u0151 oldal\",\"potentialAction\":[{\"@type\":\"SearchAction\",\"target\":{\"@type\":\"EntryPoint\",\"urlTemplate\":\"https:\/\/bozsogiattila.hu\/?s={search_term_string}\"},\"query-input\":\"required name=search_term_string\"}],\"inLanguage\":\"hu\"},{\"@type\":\"Person\",\"@id\":\"https:\/\/bozsogiattila.hu\/#\/schema\/person\/488c99f554a8c4039201260dd5eb795e\",\"name\":\"Bozsogi Attila\",\"image\":{\"@type\":\"ImageObject\",\"inLanguage\":\"hu\",\"@id\":\"https:\/\/bozsogiattila.hu\/#\/schema\/person\/image\/\",\"url\":\"https:\/\/secure.gravatar.com\/avatar\/7da6b5985e34ed798d1670c54ce7d20e6a53b800bb0c07945c64b09392f3dbfd?s=96&d=mm&r=g\",\"contentUrl\":\"https:\/\/secure.gravatar.com\/avatar\/7da6b5985e34ed798d1670c54ce7d20e6a53b800bb0c07945c64b09392f3dbfd?s=96&d=mm&r=g\",\"caption\":\"Bozsogi Attila\"},\"sameAs\":[\"http:\/\/www.boszogiattila.hu\"],\"url\":\"https:\/\/bozsogiattila.hu\/?author=3\"}]}<\/script>\n<!-- \/ Yoast SEO plugin. -->","yoast_head_json":{"title":"CSAN\u00c1DPALOTA - Bozsogi Attila","robots":{"index":"index","follow":"follow","max-snippet":"max-snippet:-1","max-image-preview":"max-image-preview:large","max-video-preview":"max-video-preview:-1"},"canonical":"https:\/\/bozsogiattila.hu\/?p=1567","og_locale":"hu_HU","og_type":"article","og_title":"CSAN\u00c1DPALOTA - Bozsogi Attila","og_description":"CSAN\u00c1DPALOTA Kezdet kezdet\u00e9n vonattal j\u00e1rtunk m\u00e9g Csan\u00e1dpalot\u00e1ra, \u00e9s mik\u00f6zben bandukoltunk az \u00e1llom\u00e1sr\u00f3l a faluba, nem tudtam r\u00e1j\u00f6nni, hogy mi\u00e9rt kellett az \u00e1llom\u00e1st mintegy k\u00e9t kilom\u00e9terre \u00e9p\u00edteni a falut\u00f3l.A h\u00f3f\u00fav\u00e1sok, j\u00e9ges\u0151k, k\u00f6d\u00f6s utak pr\u00f3b\u00e1ra tettek benn\u00fcnket, akik lehet, hogy t\u00f6bbet tett\u00fcnk az \u00e1ltal\u00e1nos m\u0171velts\u00e9ghez tartoz\u00f3 t\u00e1nc terjeszt\u00e9se \u00e9rdek\u00e9ben, mint D\u00e9rin\u00e9 \u00e9s t\u00e1rsulata tett a maga kor\u00e1ban ... Olvass tov\u00e1bb","og_url":"https:\/\/bozsogiattila.hu\/?p=1567","og_site_name":"Bozsogi Attila","article_published_time":"2024-01-15T19:15:49+00:00","author":"Bozsogi Attila","twitter_card":"summary_large_image","twitter_misc":{"Szerz\u0151:":"Bozsogi Attila","Becs\u00fclt olvas\u00e1si id\u0151":"5 perc"},"schema":{"@context":"https:\/\/schema.org","@graph":[{"@type":"WebPage","@id":"https:\/\/bozsogiattila.hu\/?p=1567","url":"https:\/\/bozsogiattila.hu\/?p=1567","name":"CSAN\u00c1DPALOTA - Bozsogi Attila","isPartOf":{"@id":"https:\/\/bozsogiattila.hu\/#website"},"datePublished":"2024-01-15T19:15:49+00:00","dateModified":"2024-01-15T19:15:49+00:00","author":{"@id":"https:\/\/bozsogiattila.hu\/#\/schema\/person\/488c99f554a8c4039201260dd5eb795e"},"breadcrumb":{"@id":"https:\/\/bozsogiattila.hu\/?p=1567#breadcrumb"},"inLanguage":"hu","potentialAction":[{"@type":"ReadAction","target":["https:\/\/bozsogiattila.hu\/?p=1567"]}]},{"@type":"BreadcrumbList","@id":"https:\/\/bozsogiattila.hu\/?p=1567#breadcrumb","itemListElement":[{"@type":"ListItem","position":1,"name":"Kezd\u0151lap","item":"https:\/\/bozsogiattila.hu\/"},{"@type":"ListItem","position":2,"name":"CSAN\u00c1DPALOTA"}]},{"@type":"WebSite","@id":"https:\/\/bozsogiattila.hu\/#website","url":"https:\/\/bozsogiattila.hu\/","name":"Bozsogi Attila","description":"a zen\u00e9sz, \u00edr\u00f3 munk\u00e1ss\u00e1g\u00e1nak \u00e9s a mak\u00f3i muzsikusok eml\u00e9k\u00e9t \u0151rz\u0151 oldal","potentialAction":[{"@type":"SearchAction","target":{"@type":"EntryPoint","urlTemplate":"https:\/\/bozsogiattila.hu\/?s={search_term_string}"},"query-input":"required name=search_term_string"}],"inLanguage":"hu"},{"@type":"Person","@id":"https:\/\/bozsogiattila.hu\/#\/schema\/person\/488c99f554a8c4039201260dd5eb795e","name":"Bozsogi Attila","image":{"@type":"ImageObject","inLanguage":"hu","@id":"https:\/\/bozsogiattila.hu\/#\/schema\/person\/image\/","url":"https:\/\/secure.gravatar.com\/avatar\/7da6b5985e34ed798d1670c54ce7d20e6a53b800bb0c07945c64b09392f3dbfd?s=96&d=mm&r=g","contentUrl":"https:\/\/secure.gravatar.com\/avatar\/7da6b5985e34ed798d1670c54ce7d20e6a53b800bb0c07945c64b09392f3dbfd?s=96&d=mm&r=g","caption":"Bozsogi Attila"},"sameAs":["http:\/\/www.boszogiattila.hu"],"url":"https:\/\/bozsogiattila.hu\/?author=3"}]}},"jetpack_featured_media_url":"","_links":{"self":[{"href":"https:\/\/bozsogiattila.hu\/index.php?rest_route=\/wp\/v2\/posts\/1567","targetHints":{"allow":["GET"]}}],"collection":[{"href":"https:\/\/bozsogiattila.hu\/index.php?rest_route=\/wp\/v2\/posts"}],"about":[{"href":"https:\/\/bozsogiattila.hu\/index.php?rest_route=\/wp\/v2\/types\/post"}],"author":[{"embeddable":true,"href":"https:\/\/bozsogiattila.hu\/index.php?rest_route=\/wp\/v2\/users\/3"}],"replies":[{"embeddable":true,"href":"https:\/\/bozsogiattila.hu\/index.php?rest_route=%2Fwp%2Fv2%2Fcomments&post=1567"}],"version-history":[{"count":1,"href":"https:\/\/bozsogiattila.hu\/index.php?rest_route=\/wp\/v2\/posts\/1567\/revisions"}],"predecessor-version":[{"id":1568,"href":"https:\/\/bozsogiattila.hu\/index.php?rest_route=\/wp\/v2\/posts\/1567\/revisions\/1568"}],"wp:attachment":[{"href":"https:\/\/bozsogiattila.hu\/index.php?rest_route=%2Fwp%2Fv2%2Fmedia&parent=1567"}],"wp:term":[{"taxonomy":"category","embeddable":true,"href":"https:\/\/bozsogiattila.hu\/index.php?rest_route=%2Fwp%2Fv2%2Fcategories&post=1567"},{"taxonomy":"post_tag","embeddable":true,"href":"https:\/\/bozsogiattila.hu\/index.php?rest_route=%2Fwp%2Fv2%2Ftags&post=1567"}],"curies":[{"name":"wp","href":"https:\/\/api.w.org\/{rel}","templated":true}]}}