{"id":1571,"date":"2024-01-15T19:17:41","date_gmt":"2024-01-15T19:17:41","guid":{"rendered":"https:\/\/bozsogiattila.hu\/?p=1571"},"modified":"2024-01-15T19:17:42","modified_gmt":"2024-01-15T19:17:42","slug":"maroslele-2","status":"publish","type":"post","link":"https:\/\/bozsogiattila.hu\/?p=1571","title":{"rendered":"MAROSLELE"},"content":{"rendered":"\n<p class=\"wp-block-paragraph\">MAROSLELE<\/p>\n\n\n\n<p class=\"wp-block-paragraph\">Mak\u00f3 \u00e9s H\u00f3dmez\u0151v\u00e1s\u00e1rhely k\u00f6z\u00f6tt elhelyezked\u0151 kis faluban valamikor a gimn\u00e1ziumi zenekarommal, m\u00e9g egy kis lak\u00f3h\u00e1zb\u00f3l kialak\u00edtott b\u00e1lteremben muzsik\u00e1ltunk.<br>Mikor oda\u00e9rkezt\u00fcnk s\u00f6t\u00e9ts\u00e9g fogadott benn\u00fcnket. R\u00e9m\u00fclten l\u00e1ttuk, hogy rendez\u0151k\u00f6n k\u00edv\u00fcl senki sem volt, csup\u00e1n az iv\u00f3ban l\u00e9v\u0151 s\u0171r\u0171 f\u00fcstfelh\u0151b\u0151l bontakozott ki p\u00e1r imbolyg\u00f3 alak k\u00f6rvonala.<\/p>\n\n\n\n<p class=\"wp-block-paragraph\">M\u00e1r v\u00e1rtuk magukat! \u2013 fogadott a f\u0151rendez\u0151.<br>De, hiszen nincs is k\u00f6z\u00f6ns\u00e9g.<br>Majd lesz, csak muzsik\u00e1ljanak egy p\u00e1r n\u00f3t\u00e1t a h\u00e1z el\u0151tt.<br>Hangszereinkkel kelletlen\u00fcl kivonultunk a h\u00e1z el\u00e9, \u00e9s elkezdt\u00fcnk zen\u00e9lni.<br>Imre bar\u00e1tunk trombit\u00e1j\u00e1nak hangja az eg\u00e9sz faluban hallhat\u00f3 volt, minek hat\u00e1s\u00e1ra egy \u00f3ra m\u00falva telt h\u00e1z lett, \u00e9s annyian \u00f6sszej\u00f6ttek, hogy megjegyeztem a trombit\u00e1snak: F\u00fajhattad volna halkabban a hangszeredet, akkor legal\u00e1bb maradt volna hely rendesen t\u00e1ncolni.<\/p>\n\n\n\n<p class=\"wp-block-paragraph\">Mikor el\u0151sz\u00f6r ment\u00fcnk Kov\u00e1cs Lajosn\u00e9 t\u00e1nctan\u00e1rn\u0151vel t\u00e1nciskolai foglalkoz\u00e1st tartani a fenti eml\u00e9kek elevenedtek meg el\u0151ttem.<br>\u00d6r\u00f6mmel l\u00e1ttam, hogy a bennem elrakt\u00e1rozott r\u00e9gi k\u00e9p m\u00e1r a m\u00falt feled\u00e9s\u00e9be mer\u00fclt, \u00e9s egy \u00faj modern Kult\u00farh\u00e1z adott otthon e rendezv\u00e9nynek, \u00e9s legnagyobb meglepet\u00e9semre m\u00e9g zongora is volt.<\/p>\n\n\n\n<p class=\"wp-block-paragraph\">Meg\u00e9rkez\u00e9s\u00fcnkkor, amikor a buszr\u00f3l lesz\u00e1lltunk, egy fert\u0151tlen\u00edt\u0151 kereten kellett \u00e1tmenn\u00fcnk, melynek v\u00e9g\u00e9n egy k\u00e9zmos\u00f3 ed\u00e9ny volt gyan\u00fas tisztas\u00e1g\u00fa v\u00edzzel, melyben kezet kellett mosni.<br>A k\u00e9tes tisztas\u00e1g\u00fa lav\u00f3rt egy \u00fcgyes helyezked\u00e9ssel kiker\u00fcltem, \u00e9s a t\u00faloldalon \u00e1llva figyelmeztettem a tan\u00e1rn\u0151t a k\u00e9zmos\u00e1sra. A tan\u00e1rn\u0151, mint egy divatbaba, olyan eleganci\u00e1val \u00f6lt\u00f6zve, k\u00e9nyszeredetten nyomta bele kezeit az ed\u00e9nybe a k\u00e9zmos\u00e1st ellen\u0151rz\u0151 szem\u00e9ly el\u0151tt, aki megk\u00f6sz\u00f6nte a seg\u00edts\u00e9gemet.<\/p>\n\n\n\n<p class=\"wp-block-paragraph\">A tan\u00e1rn\u0151 m\u00e9g \u00e9vek m\u00falva is emlegette a figyelmess\u00e9gem, ami szerinte elmaradhatott volna.<br>Ilyenkor megjegyeztem: \u201eA c\u00e9l szentes\u00edti az eszk\u00f6zt\u201d \u00e9s a sz\u00e1j \u2013\u00e9s k\u00f6r\u00f6mf\u00e1j\u00e1st m\u00e1sk\u00e9nt nem lehetett volna lokaliz\u00e1lni.<br>Ennek ellen\u00e9re, mindig hozz\u00e1tette: \u201eNagy szemtelen\u201d!<br>Ez a v\u00e9lem\u00e9nye t\u00f6bb \u00e9vtizedes egy\u00fcttm\u0171k\u00f6d\u00e9s\u00fcnk ut\u00e1n is megmaradt, ha valaki Maroslel\u00e9t emlegette velem kapcsolatosan.<br>Hi\u00e1ba pr\u00f3b\u00e1ltam feledtetni Margit n\u00e9nivel az elm\u00falt t\u00e9nyeket, olyan \u00e9rvekkel:<br>\u201eA busmanok milyen boldogan mosn\u00e1nak kezet ennyi vizet l\u00e1tv\u00e1n\u201d.<br>Az \u00e9vtizedek t\u00e1vlat\u00e1b\u00f3l m\u00e1r megtanultam: K\u00f6nnyebb egy Pitbullt kezes b\u00e1r\u00e1nny\u00e1 nevelni, mint egy h\u00f6lgyet meggy\u0151zni arr\u00f3l, hogy nincs igaza.<br>Ez\u00e9rt minden esetben elker\u00fcl\u00f6m az ilyen helyzeteket, \u00e9s b\u00f6lcsen f\u00e9lre\u00e1llok engedve a gyeng\u00e9bb nem k\u00e9pvisel\u0151inek.<\/p>\n\n\n\n<p class=\"wp-block-paragraph\">Maroslel\u00e9hez hasonl\u00f3an m\u00e1s falukba is szint\u00e9n a legnagyobb hidegekben t\u00e9len j\u00e1rtunk.<br>\u00c1ltal\u00e1ban 25-30 beiratkozott tanul\u00f3 vett r\u00e9szt a tanfolyamon, de nemcsak falubeliek, hanem Batid\u00e1r\u00f3l is \u00e9rkeztek t\u00e1ncolni v\u00e1gyok, akik mint egy m\u00fami\u00e1k \u00fagy n\u00e9ztek ki, mivel a h\u00f3f\u00fav\u00e1sos hideg ellen \u00fagy bebugyol\u00e1lt\u00e1k magukat.<\/p>\n\n\n\n<p class=\"wp-block-paragraph\">Szerencs\u00e9tlens\u00e9g\u00fcnkre a Pesti busz, amely az utols\u00f3 volt, nem j\u00f6tt be a faluba, hanem a sz\u00e9ls\u0151 utc\u00e1n ment v\u00e9gig, ahol egy kis paraszth\u00e1z el\u0151tt volt a meg\u00e1ll\u00f3ja.<br>E h\u00e1z el\u0151tt n\u00e9ha \u00f3r\u00e1kat kellett v\u00e1rni, mivel a nagy j\u00e1rm\u0171 a k\u00f6d\u00f6s, cs\u00fasz\u00f3s \u00faton csak lassan tudott k\u00f6zlekedni.<br>Egy k\u00fcl\u00f6n\u00f6sen hideg napon hatan is v\u00e1rakoztunk, amikor olyan gondolatom t\u00e1madt, hogy induljunk el gyalog, majd felvesz \u00fatk\u00f6zben a busz, \u00e9s ne v\u00e1rjuk meg, m\u00edg \u00f6sszefagyunk a sarki h\u00e1z el\u0151tt.<\/p>\n\n\n\n<p class=\"wp-block-paragraph\">A falut mikor mintegy \u00f6tsz\u00e1z m\u00e9terrel elhagytuk, a tan\u00e1rn\u0151, aki csup\u00e1n harisny\u00e1t viselt, nem nadr\u00e1got, panaszkodott, hogy elviselhetetlen\u00fcl f\u00e1znak a t\u00e9rdei.<br>Tess\u00e9k bek\u00f6tni zsebkend\u0151vel, (Adtam az \u00f6tletet) az biztosan sokat v\u00e9d majd a hideg ellen.<br>Mivel nem volt csak egy zsebkend\u0151je, odaadtam az eny\u00e9met ruh\u00e1zat\u00e1nak kieg\u00e9sz\u00edt\u0151jek\u00e9nt.<br>Az \u00f6tletem j\u00f3nak bizonyult, \u00e9s megjegyezte, hogy j\u00f3 \u00f6tlet volt t\u0151lem, sokkal jobb \u00edgy.<br>Mintegy k\u00e9t kilom\u00e9tert tett\u00fcnk meg, mikor v\u00e9gre utol\u00e9rt benn\u00fcnket a v\u00e1rva v\u00e1rt busz, de addigra a tan\u00e1rn\u0151 keze \u00fagy elg\u00e9mberedett, hogy nem tudta kibontani a t\u00e9rd\u00e9n l\u00e9v\u0151 zsebkend\u0151ket, \u00edgy k\u00e9nytelen volt azokkal felsz\u00e1llni.<br>A busz t\u00f6mve volt utassal, akik kuncogva n\u00e9zt\u00e9k a tan\u00e1rn\u0151 szuper eleg\u00e1ns \u00f6lt\u00f6z\u00e9k\u00e9t, \u00e9s a k\u00e9t zsebkend\u0151vel bek\u00f6t\u00f6tt t\u00e9rdeit, melyekkel \u00fagy n\u00e9zett ki, mintha egy hoki j\u00e1t\u00e9kos jelmez\u00e9t viselte volna.<\/p>\n\n\n\n<p class=\"wp-block-paragraph\">Mondanom sem kell, hogy haz\u00e1ig, \u00e9s m\u00e9g nagyon sok\u00e1ig \u00e9n voltam a hib\u00e1s:<br>\u201eMindig hallgatok a k\u00e9ptelen \u00f6tleteire, mikor tudom, hogy a v\u00e9g\u00e9n \u00e9n iszom meg a lev\u00e9t\u201d.<\/p>\n\n\n\n<p class=\"wp-block-paragraph\">Abban az id\u0151ben a tan\u00e1rn\u0151 41-42 \u00e9ves sz\u00e9passzony volt, aki ma mikor \u00edrom a visszaeml\u00e9kez\u00e9semet 91 \u00e9ves, \u00e9s j\u00f3 eg\u00e9szs\u00e9gnek \u00f6rvend.<br>Margitk\u00e1val, l\u00e1ny\u00e1val \u00e9l a Teleki utcai csal\u00e1di h\u00e1zukban Mak\u00f3n.<\/p>\n","protected":false},"excerpt":{"rendered":"<p>MAROSLELE Mak\u00f3 \u00e9s H\u00f3dmez\u0151v\u00e1s\u00e1rhely k\u00f6z\u00f6tt elhelyezked\u0151 kis faluban valamikor a gimn\u00e1ziumi zenekarommal, m\u00e9g egy kis lak\u00f3h\u00e1zb\u00f3l kialak\u00edtott b\u00e1lteremben muzsik\u00e1ltunk.Mikor oda\u00e9rkezt\u00fcnk s\u00f6t\u00e9ts\u00e9g fogadott benn\u00fcnket. R\u00e9m\u00fclten l\u00e1ttuk, hogy rendez\u0151k\u00f6n k\u00edv\u00fcl senki sem volt, csup\u00e1n az iv\u00f3ban l\u00e9v\u0151 s\u0171r\u0171 f\u00fcstfelh\u0151b\u0151l bontakozott ki p\u00e1r imbolyg\u00f3 alak k\u00f6rvonala. M\u00e1r v\u00e1rtuk magukat! \u2013 fogadott a f\u0151rendez\u0151.De, hiszen nincs is k\u00f6z\u00f6ns\u00e9g.Majd lesz, &#8230; <a title=\"MAROSLELE\" class=\"read-more\" href=\"https:\/\/bozsogiattila.hu\/?p=1571\" aria-label=\"Tov\u00e1bbiak MAROSLELE\">Olvass tov\u00e1bb<\/a><\/p>\n","protected":false},"author":3,"featured_media":0,"comment_status":"open","ping_status":"open","sticky":false,"template":"","format":"standard","meta":{"footnotes":""},"categories":[331],"tags":[],"class_list":["post-1571","post","type-post","status-publish","format-standard","hentry","category-emlkeim"],"yoast_head":"<!-- This site is optimized with the Yoast SEO plugin v21.8 - https:\/\/yoast.com\/wordpress\/plugins\/seo\/ -->\n<title>MAROSLELE - Bozsogi Attila<\/title>\n<meta name=\"robots\" content=\"index, follow, max-snippet:-1, max-image-preview:large, max-video-preview:-1\" \/>\n<link rel=\"canonical\" href=\"https:\/\/bozsogiattila.hu\/?p=1571\" \/>\n<meta property=\"og:locale\" content=\"hu_HU\" \/>\n<meta property=\"og:type\" content=\"article\" \/>\n<meta property=\"og:title\" content=\"MAROSLELE - Bozsogi Attila\" \/>\n<meta property=\"og:description\" content=\"MAROSLELE Mak\u00f3 \u00e9s H\u00f3dmez\u0151v\u00e1s\u00e1rhely k\u00f6z\u00f6tt elhelyezked\u0151 kis faluban valamikor a gimn\u00e1ziumi zenekarommal, m\u00e9g egy kis lak\u00f3h\u00e1zb\u00f3l kialak\u00edtott b\u00e1lteremben muzsik\u00e1ltunk.Mikor oda\u00e9rkezt\u00fcnk s\u00f6t\u00e9ts\u00e9g fogadott benn\u00fcnket. R\u00e9m\u00fclten l\u00e1ttuk, hogy rendez\u0151k\u00f6n k\u00edv\u00fcl senki sem volt, csup\u00e1n az iv\u00f3ban l\u00e9v\u0151 s\u0171r\u0171 f\u00fcstfelh\u0151b\u0151l bontakozott ki p\u00e1r imbolyg\u00f3 alak k\u00f6rvonala. M\u00e1r v\u00e1rtuk magukat! \u2013 fogadott a f\u0151rendez\u0151.De, hiszen nincs is k\u00f6z\u00f6ns\u00e9g.Majd lesz, ... Olvass tov\u00e1bb\" \/>\n<meta property=\"og:url\" content=\"https:\/\/bozsogiattila.hu\/?p=1571\" \/>\n<meta property=\"og:site_name\" content=\"Bozsogi Attila\" \/>\n<meta property=\"article:published_time\" content=\"2024-01-15T19:17:41+00:00\" \/>\n<meta property=\"article:modified_time\" content=\"2024-01-15T19:17:42+00:00\" \/>\n<meta name=\"author\" content=\"Bozsogi Attila\" \/>\n<meta name=\"twitter:card\" content=\"summary_large_image\" \/>\n<meta name=\"twitter:label1\" content=\"Szerz\u0151:\" \/>\n\t<meta name=\"twitter:data1\" content=\"Bozsogi Attila\" \/>\n\t<meta name=\"twitter:label2\" content=\"Becs\u00fclt olvas\u00e1si id\u0151\" \/>\n\t<meta name=\"twitter:data2\" content=\"5 perc\" \/>\n<script type=\"application\/ld+json\" class=\"yoast-schema-graph\">{\"@context\":\"https:\/\/schema.org\",\"@graph\":[{\"@type\":\"WebPage\",\"@id\":\"https:\/\/bozsogiattila.hu\/?p=1571\",\"url\":\"https:\/\/bozsogiattila.hu\/?p=1571\",\"name\":\"MAROSLELE - Bozsogi Attila\",\"isPartOf\":{\"@id\":\"https:\/\/bozsogiattila.hu\/#website\"},\"datePublished\":\"2024-01-15T19:17:41+00:00\",\"dateModified\":\"2024-01-15T19:17:42+00:00\",\"author\":{\"@id\":\"https:\/\/bozsogiattila.hu\/#\/schema\/person\/488c99f554a8c4039201260dd5eb795e\"},\"breadcrumb\":{\"@id\":\"https:\/\/bozsogiattila.hu\/?p=1571#breadcrumb\"},\"inLanguage\":\"hu\",\"potentialAction\":[{\"@type\":\"ReadAction\",\"target\":[\"https:\/\/bozsogiattila.hu\/?p=1571\"]}]},{\"@type\":\"BreadcrumbList\",\"@id\":\"https:\/\/bozsogiattila.hu\/?p=1571#breadcrumb\",\"itemListElement\":[{\"@type\":\"ListItem\",\"position\":1,\"name\":\"Kezd\u0151lap\",\"item\":\"https:\/\/bozsogiattila.hu\/\"},{\"@type\":\"ListItem\",\"position\":2,\"name\":\"MAROSLELE\"}]},{\"@type\":\"WebSite\",\"@id\":\"https:\/\/bozsogiattila.hu\/#website\",\"url\":\"https:\/\/bozsogiattila.hu\/\",\"name\":\"Bozsogi Attila\",\"description\":\"a zen\u00e9sz, \u00edr\u00f3 munk\u00e1ss\u00e1g\u00e1nak \u00e9s a mak\u00f3i muzsikusok eml\u00e9k\u00e9t \u0151rz\u0151 oldal\",\"potentialAction\":[{\"@type\":\"SearchAction\",\"target\":{\"@type\":\"EntryPoint\",\"urlTemplate\":\"https:\/\/bozsogiattila.hu\/?s={search_term_string}\"},\"query-input\":\"required name=search_term_string\"}],\"inLanguage\":\"hu\"},{\"@type\":\"Person\",\"@id\":\"https:\/\/bozsogiattila.hu\/#\/schema\/person\/488c99f554a8c4039201260dd5eb795e\",\"name\":\"Bozsogi Attila\",\"image\":{\"@type\":\"ImageObject\",\"inLanguage\":\"hu\",\"@id\":\"https:\/\/bozsogiattila.hu\/#\/schema\/person\/image\/\",\"url\":\"https:\/\/secure.gravatar.com\/avatar\/7da6b5985e34ed798d1670c54ce7d20e6a53b800bb0c07945c64b09392f3dbfd?s=96&d=mm&r=g\",\"contentUrl\":\"https:\/\/secure.gravatar.com\/avatar\/7da6b5985e34ed798d1670c54ce7d20e6a53b800bb0c07945c64b09392f3dbfd?s=96&d=mm&r=g\",\"caption\":\"Bozsogi Attila\"},\"sameAs\":[\"http:\/\/www.boszogiattila.hu\"],\"url\":\"https:\/\/bozsogiattila.hu\/?author=3\"}]}<\/script>\n<!-- \/ Yoast SEO plugin. -->","yoast_head_json":{"title":"MAROSLELE - Bozsogi Attila","robots":{"index":"index","follow":"follow","max-snippet":"max-snippet:-1","max-image-preview":"max-image-preview:large","max-video-preview":"max-video-preview:-1"},"canonical":"https:\/\/bozsogiattila.hu\/?p=1571","og_locale":"hu_HU","og_type":"article","og_title":"MAROSLELE - Bozsogi Attila","og_description":"MAROSLELE Mak\u00f3 \u00e9s H\u00f3dmez\u0151v\u00e1s\u00e1rhely k\u00f6z\u00f6tt elhelyezked\u0151 kis faluban valamikor a gimn\u00e1ziumi zenekarommal, m\u00e9g egy kis lak\u00f3h\u00e1zb\u00f3l kialak\u00edtott b\u00e1lteremben muzsik\u00e1ltunk.Mikor oda\u00e9rkezt\u00fcnk s\u00f6t\u00e9ts\u00e9g fogadott benn\u00fcnket. R\u00e9m\u00fclten l\u00e1ttuk, hogy rendez\u0151k\u00f6n k\u00edv\u00fcl senki sem volt, csup\u00e1n az iv\u00f3ban l\u00e9v\u0151 s\u0171r\u0171 f\u00fcstfelh\u0151b\u0151l bontakozott ki p\u00e1r imbolyg\u00f3 alak k\u00f6rvonala. M\u00e1r v\u00e1rtuk magukat! \u2013 fogadott a f\u0151rendez\u0151.De, hiszen nincs is k\u00f6z\u00f6ns\u00e9g.Majd lesz, ... Olvass tov\u00e1bb","og_url":"https:\/\/bozsogiattila.hu\/?p=1571","og_site_name":"Bozsogi Attila","article_published_time":"2024-01-15T19:17:41+00:00","article_modified_time":"2024-01-15T19:17:42+00:00","author":"Bozsogi Attila","twitter_card":"summary_large_image","twitter_misc":{"Szerz\u0151:":"Bozsogi Attila","Becs\u00fclt olvas\u00e1si id\u0151":"5 perc"},"schema":{"@context":"https:\/\/schema.org","@graph":[{"@type":"WebPage","@id":"https:\/\/bozsogiattila.hu\/?p=1571","url":"https:\/\/bozsogiattila.hu\/?p=1571","name":"MAROSLELE - Bozsogi Attila","isPartOf":{"@id":"https:\/\/bozsogiattila.hu\/#website"},"datePublished":"2024-01-15T19:17:41+00:00","dateModified":"2024-01-15T19:17:42+00:00","author":{"@id":"https:\/\/bozsogiattila.hu\/#\/schema\/person\/488c99f554a8c4039201260dd5eb795e"},"breadcrumb":{"@id":"https:\/\/bozsogiattila.hu\/?p=1571#breadcrumb"},"inLanguage":"hu","potentialAction":[{"@type":"ReadAction","target":["https:\/\/bozsogiattila.hu\/?p=1571"]}]},{"@type":"BreadcrumbList","@id":"https:\/\/bozsogiattila.hu\/?p=1571#breadcrumb","itemListElement":[{"@type":"ListItem","position":1,"name":"Kezd\u0151lap","item":"https:\/\/bozsogiattila.hu\/"},{"@type":"ListItem","position":2,"name":"MAROSLELE"}]},{"@type":"WebSite","@id":"https:\/\/bozsogiattila.hu\/#website","url":"https:\/\/bozsogiattila.hu\/","name":"Bozsogi Attila","description":"a zen\u00e9sz, \u00edr\u00f3 munk\u00e1ss\u00e1g\u00e1nak \u00e9s a mak\u00f3i muzsikusok eml\u00e9k\u00e9t \u0151rz\u0151 oldal","potentialAction":[{"@type":"SearchAction","target":{"@type":"EntryPoint","urlTemplate":"https:\/\/bozsogiattila.hu\/?s={search_term_string}"},"query-input":"required name=search_term_string"}],"inLanguage":"hu"},{"@type":"Person","@id":"https:\/\/bozsogiattila.hu\/#\/schema\/person\/488c99f554a8c4039201260dd5eb795e","name":"Bozsogi Attila","image":{"@type":"ImageObject","inLanguage":"hu","@id":"https:\/\/bozsogiattila.hu\/#\/schema\/person\/image\/","url":"https:\/\/secure.gravatar.com\/avatar\/7da6b5985e34ed798d1670c54ce7d20e6a53b800bb0c07945c64b09392f3dbfd?s=96&d=mm&r=g","contentUrl":"https:\/\/secure.gravatar.com\/avatar\/7da6b5985e34ed798d1670c54ce7d20e6a53b800bb0c07945c64b09392f3dbfd?s=96&d=mm&r=g","caption":"Bozsogi Attila"},"sameAs":["http:\/\/www.boszogiattila.hu"],"url":"https:\/\/bozsogiattila.hu\/?author=3"}]}},"jetpack_featured_media_url":"","_links":{"self":[{"href":"https:\/\/bozsogiattila.hu\/index.php?rest_route=\/wp\/v2\/posts\/1571","targetHints":{"allow":["GET"]}}],"collection":[{"href":"https:\/\/bozsogiattila.hu\/index.php?rest_route=\/wp\/v2\/posts"}],"about":[{"href":"https:\/\/bozsogiattila.hu\/index.php?rest_route=\/wp\/v2\/types\/post"}],"author":[{"embeddable":true,"href":"https:\/\/bozsogiattila.hu\/index.php?rest_route=\/wp\/v2\/users\/3"}],"replies":[{"embeddable":true,"href":"https:\/\/bozsogiattila.hu\/index.php?rest_route=%2Fwp%2Fv2%2Fcomments&post=1571"}],"version-history":[{"count":1,"href":"https:\/\/bozsogiattila.hu\/index.php?rest_route=\/wp\/v2\/posts\/1571\/revisions"}],"predecessor-version":[{"id":1572,"href":"https:\/\/bozsogiattila.hu\/index.php?rest_route=\/wp\/v2\/posts\/1571\/revisions\/1572"}],"wp:attachment":[{"href":"https:\/\/bozsogiattila.hu\/index.php?rest_route=%2Fwp%2Fv2%2Fmedia&parent=1571"}],"wp:term":[{"taxonomy":"category","embeddable":true,"href":"https:\/\/bozsogiattila.hu\/index.php?rest_route=%2Fwp%2Fv2%2Fcategories&post=1571"},{"taxonomy":"post_tag","embeddable":true,"href":"https:\/\/bozsogiattila.hu\/index.php?rest_route=%2Fwp%2Fv2%2Ftags&post=1571"}],"curies":[{"name":"wp","href":"https:\/\/api.w.org\/{rel}","templated":true}]}}