{"id":1579,"date":"2024-01-15T19:21:27","date_gmt":"2024-01-15T19:21:27","guid":{"rendered":"https:\/\/bozsogiattila.hu\/?p=1579"},"modified":"2024-01-15T19:21:28","modified_gmt":"2024-01-15T19:21:28","slug":"mako-makovecz-imre-furdoje-2","status":"publish","type":"post","link":"https:\/\/bozsogiattila.hu\/?p=1579","title":{"rendered":"MAK\u00d3: MAKOVECZ IMRE F\u00dcRD\u0150JE"},"content":{"rendered":"\n<p class=\"wp-block-paragraph\">MAK\u00d3: MAKOVECZ IMRE F\u00dcRD\u0150JE<\/p>\n\n\n\n<ol class=\"wp-block-list\" start=\"2010\">\n<li>j\u00fanius 30-\u00e1n vette kezdet\u00e9t a mak\u00f3i f\u00fcrd\u0151komplexum \u00e9p\u00edt\u00e9se. A v\u00e1ros apraja-nagyja \u00e1rgus szemekkel figyelte naponta a v\u00e1ltoz\u00e1sokat, a r\u00e9gi f\u00fcrd\u0151 elbont\u00e1s\u00e1t, majd az \u00faj l\u00e9tes\u00edtm\u00e9ny alapk\u00f6v\u00e9nek lerak\u00e1s\u00e1t, az alapoz\u00e1st, \u00e9s az \u00e9p\u00edt\u0151k gigantikus k\u00fczdelm\u00e9t, \u00fagy az id\u0151j\u00e1r\u00e1ssal, mind a fantasztikus \u00f6tletekkel meg\u00e1lmodott Makovecz terv megval\u00f3s\u00edt\u00e1s\u00e1val.<br>H\u00e1rom toronydaru ser\u00e9nykedett az elemek beemel\u00e9s\u00e9vel, \u00e9s a legk\u00fcl\u00f6nb\u00f6z\u0151bb \u00e9p\u00edt\u00e9si anyagok sz\u00e1ll\u00edt\u00e1s\u00e1val, mik\u00f6zben naponta n\u00f6vekedett a \u201eszakemberek\u201d t\u00e1bora, \u00e9s mindenki elmondta l\u00e9gb\u0151l kapott \u00f6tlet\u00e9t, ak\u00e1r orvos, m\u00e9rn\u00f6k vagy utcasepr\u0151 volt, \u00e9s igyekezett kital\u00e1lni mindazt a l\u00e1tottak alapj\u00e1n, amit sz\u00edvesen l\u00e1tott volna a f\u00fcrd\u0151 fel\u00e9p\u00fcl\u00e9se ut\u00e1n.<br>A l\u00e9gtorn\u00e1szokat meghazudtol\u00f3 \u00fcgyess\u00e9ggel dolgoz\u00f3 munk\u00e1sok fenn a sz\u00e9d\u00edt\u0151 magass\u00e1gban nagy odafigyel\u00e9ssel v\u00e9gezt\u00e9k a munk\u00e1jukat, mik\u00f6zben a ny\u00e1ri h\u0151s\u00e9gben szebbn\u00e9l-szebb h\u00f6lgyek napoztak, f\u00fcr\u00f6dtek k\u00f6zvetlen az \u00e9p\u00edt\u00e9si ter\u00fclet mellett.<br>Az elm\u00falt k\u00e9t ny\u00e1ron a gyeng\u00e9bb nem legszebbjeire, m\u00e9g a legnagyobb n\u0151cs\u00e1b\u00e1szok is csak fut\u00f3 pillant\u00e1st vetettek, elhanyagolva h\u00f3dolatukat a n\u0151i test sz\u00e9ps\u00e9ge el\u0151tt.<br>A figyelem ez id\u0151 alatt, csup\u00e1n az \u00e9p\u00edt\u00e9si folyamatra sz\u0171k\u00fclt le.<\/li>\n<\/ol>\n\n\n\n<p class=\"wp-block-paragraph\">Mak\u00f3n m\u00e9g soha nem volt annyi \u201e\u00e9p\u00edt\u00e9szeti szaktekint\u00e9ly\u201d, mint amennyit az \u00e9p\u00edtkez\u00e9s teremtett a munk\u00e1latok el\u0151re halad\u00e1s\u00e1nak k\u00f6sz\u00f6nhet\u0151en.<br>A k\u00f6rny\u00e9k \u00e9s a v\u00e1ros lak\u00f3i t\u00fcrelemmel, \u00e9s meg\u00e9rt\u00e9ssel viseltettek, hiszen mindenki sejtette illetve tudta, hogy Mak\u00f3 olyan sz\u00ednfolttal gazdagodik, amire nem volt p\u00e9lda fenn\u00e1ll\u00e1sa \u00f3ta.<br>Az \u00e9p\u00edt\u0151k szorgos kezeinek munk\u00e1ja nyom\u00e1n lassan, de biztosan gyarapodtak, n\u00f6vekedtek a falak, a kupol\u00e1k \u00e9s tornyok, melyek az \u00e9g fel\u00e9 tekintve hirdetik a Kossuth-d\u00edjas \u00e9p\u00edt\u00e9sz \u00e9letm\u0171v\u00e9nek remekbeszabott elk\u00e9pzel\u00e9s\u00e9t.<\/p>\n\n\n\n<p class=\"wp-block-paragraph\">A komplexum befejez\u0151 szakasz\u00e1ban t\u0171z \u00fct\u00f6tt ki a legnagyobb torony tet\u0151szerkezet\u00e9n, melyet a t\u0171zolt\u00f3k gyorsas\u00e1g\u00e1nak, szaktud\u00e1s\u00e1nak k\u00f6sz\u00f6nhet\u0151en gyorsan elfojtottak, de az anyagi k\u00e1r \u00edgy is jelent\u0151s volt.<br>A t\u0171z h\u00edre az internetnek k\u00f6sz\u00f6nhet\u0151en gyorsan bej\u00e1rta a vil\u00e1got, \u00e9s m\u00e1snap m\u00e1r Izraelb\u0151l, N\u00e9metorsz\u00e1gb\u00f3l kaptam vet\u00edtettk\u00e9pes anyagot a t\u0171zolt\u00e1ssal kapcsolatosan.<br>E t\u0171znek a k\u00e1rokoz\u00e1s mellett, \u00edgy rekl\u00e1m hat\u00e1sa is lett, minek k\u00f6vetkezt\u00e9ben a k\u00fclf\u00f6ldiek is bekapcsol\u00f3dtak a mak\u00f3i f\u00fcrd\u0151\u00e9p\u00edt\u00e9s folyamat\u00e1ba.<br>Di\u00f3h\u00e9jban legr\u00f6videbben \u00f6sszefoglalva tal\u00e1n e sorokkal eml\u00e9kezhet\u00fcnk azokra az id\u0151kre, melyek \u00f3loml\u00e1bakon haladtak ugyan, de m\u00e9gis a figyelem<br>k\u00f6z\u00e9ppontj\u00e1v\u00e1 v\u00e1ltak, \u00e9s mindannyiunk \u00f6r\u00f6m\u00e9re v\u00e9gre el\u00e9rkezett a nagy nap: Elk\u00e9sz\u00fclt a f\u00fcrd\u0151k-f\u00fcrd\u0151je!<\/p>\n\n\n\n<p class=\"wp-block-paragraph\">A v\u00e1ros \u00e9s a f\u00fcrd\u0151 vezet\u0151inek k\u00f6sz\u00f6nhet\u0151en napokon \u00e1t ingyenes bej\u00e1r\u00e1sra ny\u00edlt lehet\u0151s\u00e9g reggelt\u0151l a k\u00e9s\u0151 esti \u00f3r\u00e1kig. E bej\u00e1r\u00e1s alkalm\u00e1val bemutatt\u00e1k r\u00e9szletesen e hatalmas \u00e9p\u00fclet minden sz\u00e1rny\u00e1t, \u00edgy t\u00f6bb ezer mak\u00f3i \u00e9s idegen ismerhette meg az \u00faj l\u00e9tes\u00edtm\u00e9nyt.<\/p>\n\n\n\n<p class=\"wp-block-paragraph\">Mak\u00f3 f\u00fcrd\u0151v\u00e1ross\u00e1 v\u00e1l\u00e1s\u00e1nak els\u0151 \u00e1llom\u00e1sa volt az \u00e1tad\u00e1si \u00fcnneps\u00e9g, a f\u00fcrd\u0151 Makovecz t\u00e9ri f\u0151bej\u00e1rata el\u0151tt, ahol 2500-3000 \u00e9rdekl\u0151d\u0151 vett r\u00e9szt.<\/p>\n\n\n\n<p class=\"wp-block-paragraph\">Az \u00fcnnep\u00e9lyes k\u00f6sz\u00f6nt\u0151k ut\u00e1n Mikl\u00f3ssy Ferenc, a Kevi\u00e9p Kft. Igazgat\u00f3ja \u00e1tadta a f\u00fcrd\u0151 kulcs\u00e1t Dr. Buz\u00e1s P\u00e9ternek, Mak\u00f3 v\u00e1ros polg\u00e1rmester\u00e9nek.<br>Az \u00fcnnepi m\u0171sor keret\u00e9ben Vedres Csaba:\u201dK\u00f6sz\u00f6nt\u0151\u201d c\u00edm\u0171 alkot\u00e1s\u00e1t, &#8211; melyet Makovecz Imre Kossuth-d\u00edjas \u00e9p\u00edt\u00e9sz 60. sz\u00fclet\u00e9snapj\u00e1ra \u00edrt, &#8211; el\u0151adta Makovecz P\u00e1l vez\u00e9nylet\u00e9vel a budapesti Szent Istv\u00e1n Kir\u00e1ly Szakk\u00f6z\u00e9piskola di\u00e1kjainak zenekara, mik\u00f6zben \u00e1tv\u00e1gt\u00e1k a szalagot.<br>A m\u0171sor hangulat\u00e1t fokozta Szentp\u00e9teri Csilla (Mak\u00f3 arca) zongoram\u0171v\u00e9sz \u00e9s egy\u00fcttes\u00e9nek fell\u00e9p\u00e9se. M\u0171sorukban elhangzott a m\u0171v\u00e9szn\u0151 Mak\u00f3i idill c\u00edm\u0171 szerzem\u00e9nye melyet erre az alkalomra kompon\u00e1lt.<br>Az \u00fcnnepi hangulat\u00fa \u00e1tad\u00e1s ut\u00e1n 16. \u00f3rakor kinyitotta kapuit a f\u00fcrd\u0151 a k\u00f6z\u00f6ns\u00e9g el\u0151tt.<\/p>\n\n\n\n<p class=\"wp-block-paragraph\">Azoknak, akik az \u00e9p\u00edtkez\u00e9s sor\u00e1n v\u00e9lem\u00e9ny\u00fcknek adtak hangot, az \u00e9p\u00fcletek k\u00fcllem\u00e9nek ismeret\u00e9ben, ak\u00e1r pozit\u00edv, ak\u00e1r negat\u00edv form\u00e1ban, nagy meglepet\u00e9sben volt r\u00e9sz\u00fck, miut\u00e1n megismerkedhettek a csod\u00e1k \u2013 csod\u00e1j\u00e1val a f\u00fcrd\u0151 igazi arculat\u00e1val, mely a bel\u00e9p\u00e9s ut\u00e1n fogadta \u0151ket.<br>K\u00edv\u00fcl\u00e1ll\u00f3k\u00e9nt azt hiszem nem szabad \u00e1ll\u00e1st foglalnom, v\u00e9lem\u00e9nyt mondanom, a legend\u00e1s h\u00edrn\u00e9v el\u0151tt \u00e1ll\u00f3 f\u00fcrd\u0151r\u0151l, mely mag\u00e1r\u00f3l besz\u00e9l mindenkinek, aki legal\u00e1bb egyszer elt\u00f6lt benne egy p\u00e1r \u00f3r\u00e1t, illetve rendszeres l\u00e1togat\u00f3ja lesz.<\/p>\n\n\n\n<p class=\"wp-block-paragraph\">Z\u00e1r\u00e1sk\u00e9nt egy utols\u00f3 gondolat: Bats\u00e1nyi J\u00e1nos k\u00f6lt\u0151 1789-ben \u00edrt;<br>\u201eA franciaorsz\u00e1gi v\u00e1ltoz\u00e1sokra\u201d c. vers\u00e9nek befejez\u0151 mondat\u00e1t id\u00e9zn\u00e9m:<\/p>\n\n\n\n<p class=\"wp-block-paragraph\">\u201eVigy\u00e1z\u00f3 szemetek P\u00e1rizsra vess\u00e9tek\u201d<\/p>\n\n\n\n<p class=\"wp-block-paragraph\">E h\u00edress\u00e9 v\u00e1lt sort, melyn\u00e9l jobb nem jut eszembe, Makovecz Imre tervezte f\u00fcrd\u0151 rekl\u00e1mjak\u00e9nt kiss\u00e9 \u00e1talak\u00edtva \u00fagy bocs\u00e1tan\u00e1m \u00fatj\u00e1ra:<\/p>\n\n\n\n<p class=\"wp-block-paragraph\">Vigy\u00e1z\u00f3 szemetek a mak\u00f3i f\u00fcrd\u0151re vess\u00e9tek!<\/p>\n\n\n\n<p class=\"wp-block-paragraph\">Mak\u00f3 v\u00e1rosban elk\u00e9sz\u00fclt gy\u00f6ny\u00f6r\u0171 f\u00fcrd\u0151t mindenki csod\u00e1lattal n\u00e9zi, de a k\u00e9sz munk\u00e1ban sokan \u00e1rgus szemekkel keresik a hib\u00e1kat, melyekkel rosszindulat\u00faan felnagy\u00edtva igyekeznek \u00e1rtani, \u00e9s ellenrekl\u00e1mot kifejteni.<br>Az al\u00e1bbi kritikus F\u00f6ldes L\u00e1szl\u00f3 is m\u00e1s szem\u00fcveggel v\u00e9gezte el vizsg\u00e1l\u00f3d\u00e1s\u00e1t, \u00e9s fejtette ki ellenv\u00e9lem\u00e9ny\u00e9t \u00edr\u00e1s\u00e1ban.<br>Annak \u00e9rdek\u00e9ben, hogy a t\u00e9nyeket \u00e9s a kritik\u00e1t szembe tudjuk \u00e1ll\u00edtani, ismerj\u00fck meg az Index kritikus\u00e1nak v\u00e9lem\u00e9ny\u00e9t is!<\/p>\n\n\n\n<p class=\"wp-block-paragraph\">M\u00e1r a R\u00f3mai jog is kifejtette:<\/p>\n\n\n\n<p class=\"wp-block-paragraph\">\u201eMiel\u0151tt \u00edt\u00e9lkezel, ismerd meg az ellenf\u00e9l \u00e1ll\u00edt\u00e1s\u00e1t is\u201d!<\/p>\n","protected":false},"excerpt":{"rendered":"<p>MAK\u00d3: MAKOVECZ IMRE F\u00dcRD\u0150JE Mak\u00f3n m\u00e9g soha nem volt annyi \u201e\u00e9p\u00edt\u00e9szeti szaktekint\u00e9ly\u201d, mint amennyit az \u00e9p\u00edtkez\u00e9s teremtett a munk\u00e1latok el\u0151re halad\u00e1s\u00e1nak k\u00f6sz\u00f6nhet\u0151en.A k\u00f6rny\u00e9k \u00e9s a v\u00e1ros lak\u00f3i t\u00fcrelemmel, \u00e9s meg\u00e9rt\u00e9ssel viseltettek, hiszen mindenki sejtette illetve tudta, hogy Mak\u00f3 olyan sz\u00ednfolttal gazdagodik, amire nem volt p\u00e9lda fenn\u00e1ll\u00e1sa \u00f3ta.Az \u00e9p\u00edt\u0151k szorgos kezeinek munk\u00e1ja nyom\u00e1n lassan, de biztosan &#8230; <a title=\"MAK\u00d3: MAKOVECZ IMRE F\u00dcRD\u0150JE\" class=\"read-more\" href=\"https:\/\/bozsogiattila.hu\/?p=1579\" aria-label=\"Tov\u00e1bbiak MAK\u00d3: MAKOVECZ IMRE F\u00dcRD\u0150JE\">Olvass tov\u00e1bb<\/a><\/p>\n","protected":false},"author":3,"featured_media":0,"comment_status":"open","ping_status":"open","sticky":false,"template":"","format":"standard","meta":{"footnotes":""},"categories":[331],"tags":[],"class_list":["post-1579","post","type-post","status-publish","format-standard","hentry","category-emlkeim"],"yoast_head":"<!-- This site is optimized with the Yoast SEO plugin v21.8 - https:\/\/yoast.com\/wordpress\/plugins\/seo\/ -->\n<title>MAK\u00d3: MAKOVECZ IMRE F\u00dcRD\u0150JE - Bozsogi Attila<\/title>\n<meta name=\"robots\" content=\"index, follow, max-snippet:-1, max-image-preview:large, max-video-preview:-1\" \/>\n<link rel=\"canonical\" href=\"https:\/\/bozsogiattila.hu\/?p=1579\" \/>\n<meta property=\"og:locale\" content=\"hu_HU\" \/>\n<meta property=\"og:type\" content=\"article\" \/>\n<meta property=\"og:title\" content=\"MAK\u00d3: MAKOVECZ IMRE F\u00dcRD\u0150JE - Bozsogi Attila\" \/>\n<meta property=\"og:description\" content=\"MAK\u00d3: MAKOVECZ IMRE F\u00dcRD\u0150JE Mak\u00f3n m\u00e9g soha nem volt annyi \u201e\u00e9p\u00edt\u00e9szeti szaktekint\u00e9ly\u201d, mint amennyit az \u00e9p\u00edtkez\u00e9s teremtett a munk\u00e1latok el\u0151re halad\u00e1s\u00e1nak k\u00f6sz\u00f6nhet\u0151en.A k\u00f6rny\u00e9k \u00e9s a v\u00e1ros lak\u00f3i t\u00fcrelemmel, \u00e9s meg\u00e9rt\u00e9ssel viseltettek, hiszen mindenki sejtette illetve tudta, hogy Mak\u00f3 olyan sz\u00ednfolttal gazdagodik, amire nem volt p\u00e9lda fenn\u00e1ll\u00e1sa \u00f3ta.Az \u00e9p\u00edt\u0151k szorgos kezeinek munk\u00e1ja nyom\u00e1n lassan, de biztosan ... Olvass tov\u00e1bb\" \/>\n<meta property=\"og:url\" content=\"https:\/\/bozsogiattila.hu\/?p=1579\" \/>\n<meta property=\"og:site_name\" content=\"Bozsogi Attila\" \/>\n<meta property=\"article:published_time\" content=\"2024-01-15T19:21:27+00:00\" \/>\n<meta property=\"article:modified_time\" content=\"2024-01-15T19:21:28+00:00\" \/>\n<meta name=\"author\" content=\"Bozsogi Attila\" \/>\n<meta name=\"twitter:card\" content=\"summary_large_image\" \/>\n<meta name=\"twitter:label1\" content=\"Szerz\u0151:\" \/>\n\t<meta name=\"twitter:data1\" content=\"Bozsogi Attila\" \/>\n\t<meta name=\"twitter:label2\" content=\"Becs\u00fclt olvas\u00e1si id\u0151\" \/>\n\t<meta name=\"twitter:data2\" content=\"6 perc\" \/>\n<script type=\"application\/ld+json\" class=\"yoast-schema-graph\">{\"@context\":\"https:\/\/schema.org\",\"@graph\":[{\"@type\":\"WebPage\",\"@id\":\"https:\/\/bozsogiattila.hu\/?p=1579\",\"url\":\"https:\/\/bozsogiattila.hu\/?p=1579\",\"name\":\"MAK\u00d3: MAKOVECZ IMRE F\u00dcRD\u0150JE - Bozsogi Attila\",\"isPartOf\":{\"@id\":\"https:\/\/bozsogiattila.hu\/#website\"},\"datePublished\":\"2024-01-15T19:21:27+00:00\",\"dateModified\":\"2024-01-15T19:21:28+00:00\",\"author\":{\"@id\":\"https:\/\/bozsogiattila.hu\/#\/schema\/person\/488c99f554a8c4039201260dd5eb795e\"},\"breadcrumb\":{\"@id\":\"https:\/\/bozsogiattila.hu\/?p=1579#breadcrumb\"},\"inLanguage\":\"hu\",\"potentialAction\":[{\"@type\":\"ReadAction\",\"target\":[\"https:\/\/bozsogiattila.hu\/?p=1579\"]}]},{\"@type\":\"BreadcrumbList\",\"@id\":\"https:\/\/bozsogiattila.hu\/?p=1579#breadcrumb\",\"itemListElement\":[{\"@type\":\"ListItem\",\"position\":1,\"name\":\"Kezd\u0151lap\",\"item\":\"https:\/\/bozsogiattila.hu\/\"},{\"@type\":\"ListItem\",\"position\":2,\"name\":\"MAK\u00d3: MAKOVECZ IMRE F\u00dcRD\u0150JE\"}]},{\"@type\":\"WebSite\",\"@id\":\"https:\/\/bozsogiattila.hu\/#website\",\"url\":\"https:\/\/bozsogiattila.hu\/\",\"name\":\"Bozsogi Attila\",\"description\":\"a zen\u00e9sz, \u00edr\u00f3 munk\u00e1ss\u00e1g\u00e1nak \u00e9s a mak\u00f3i muzsikusok eml\u00e9k\u00e9t \u0151rz\u0151 oldal\",\"potentialAction\":[{\"@type\":\"SearchAction\",\"target\":{\"@type\":\"EntryPoint\",\"urlTemplate\":\"https:\/\/bozsogiattila.hu\/?s={search_term_string}\"},\"query-input\":\"required name=search_term_string\"}],\"inLanguage\":\"hu\"},{\"@type\":\"Person\",\"@id\":\"https:\/\/bozsogiattila.hu\/#\/schema\/person\/488c99f554a8c4039201260dd5eb795e\",\"name\":\"Bozsogi Attila\",\"image\":{\"@type\":\"ImageObject\",\"inLanguage\":\"hu\",\"@id\":\"https:\/\/bozsogiattila.hu\/#\/schema\/person\/image\/\",\"url\":\"https:\/\/secure.gravatar.com\/avatar\/7da6b5985e34ed798d1670c54ce7d20e6a53b800bb0c07945c64b09392f3dbfd?s=96&d=mm&r=g\",\"contentUrl\":\"https:\/\/secure.gravatar.com\/avatar\/7da6b5985e34ed798d1670c54ce7d20e6a53b800bb0c07945c64b09392f3dbfd?s=96&d=mm&r=g\",\"caption\":\"Bozsogi Attila\"},\"sameAs\":[\"http:\/\/www.boszogiattila.hu\"],\"url\":\"https:\/\/bozsogiattila.hu\/?author=3\"}]}<\/script>\n<!-- \/ Yoast SEO plugin. -->","yoast_head_json":{"title":"MAK\u00d3: MAKOVECZ IMRE F\u00dcRD\u0150JE - Bozsogi Attila","robots":{"index":"index","follow":"follow","max-snippet":"max-snippet:-1","max-image-preview":"max-image-preview:large","max-video-preview":"max-video-preview:-1"},"canonical":"https:\/\/bozsogiattila.hu\/?p=1579","og_locale":"hu_HU","og_type":"article","og_title":"MAK\u00d3: MAKOVECZ IMRE F\u00dcRD\u0150JE - Bozsogi Attila","og_description":"MAK\u00d3: MAKOVECZ IMRE F\u00dcRD\u0150JE Mak\u00f3n m\u00e9g soha nem volt annyi \u201e\u00e9p\u00edt\u00e9szeti szaktekint\u00e9ly\u201d, mint amennyit az \u00e9p\u00edtkez\u00e9s teremtett a munk\u00e1latok el\u0151re halad\u00e1s\u00e1nak k\u00f6sz\u00f6nhet\u0151en.A k\u00f6rny\u00e9k \u00e9s a v\u00e1ros lak\u00f3i t\u00fcrelemmel, \u00e9s meg\u00e9rt\u00e9ssel viseltettek, hiszen mindenki sejtette illetve tudta, hogy Mak\u00f3 olyan sz\u00ednfolttal gazdagodik, amire nem volt p\u00e9lda fenn\u00e1ll\u00e1sa \u00f3ta.Az \u00e9p\u00edt\u0151k szorgos kezeinek munk\u00e1ja nyom\u00e1n lassan, de biztosan ... Olvass tov\u00e1bb","og_url":"https:\/\/bozsogiattila.hu\/?p=1579","og_site_name":"Bozsogi Attila","article_published_time":"2024-01-15T19:21:27+00:00","article_modified_time":"2024-01-15T19:21:28+00:00","author":"Bozsogi Attila","twitter_card":"summary_large_image","twitter_misc":{"Szerz\u0151:":"Bozsogi Attila","Becs\u00fclt olvas\u00e1si id\u0151":"6 perc"},"schema":{"@context":"https:\/\/schema.org","@graph":[{"@type":"WebPage","@id":"https:\/\/bozsogiattila.hu\/?p=1579","url":"https:\/\/bozsogiattila.hu\/?p=1579","name":"MAK\u00d3: MAKOVECZ IMRE F\u00dcRD\u0150JE - Bozsogi Attila","isPartOf":{"@id":"https:\/\/bozsogiattila.hu\/#website"},"datePublished":"2024-01-15T19:21:27+00:00","dateModified":"2024-01-15T19:21:28+00:00","author":{"@id":"https:\/\/bozsogiattila.hu\/#\/schema\/person\/488c99f554a8c4039201260dd5eb795e"},"breadcrumb":{"@id":"https:\/\/bozsogiattila.hu\/?p=1579#breadcrumb"},"inLanguage":"hu","potentialAction":[{"@type":"ReadAction","target":["https:\/\/bozsogiattila.hu\/?p=1579"]}]},{"@type":"BreadcrumbList","@id":"https:\/\/bozsogiattila.hu\/?p=1579#breadcrumb","itemListElement":[{"@type":"ListItem","position":1,"name":"Kezd\u0151lap","item":"https:\/\/bozsogiattila.hu\/"},{"@type":"ListItem","position":2,"name":"MAK\u00d3: MAKOVECZ IMRE F\u00dcRD\u0150JE"}]},{"@type":"WebSite","@id":"https:\/\/bozsogiattila.hu\/#website","url":"https:\/\/bozsogiattila.hu\/","name":"Bozsogi Attila","description":"a zen\u00e9sz, \u00edr\u00f3 munk\u00e1ss\u00e1g\u00e1nak \u00e9s a mak\u00f3i muzsikusok eml\u00e9k\u00e9t \u0151rz\u0151 oldal","potentialAction":[{"@type":"SearchAction","target":{"@type":"EntryPoint","urlTemplate":"https:\/\/bozsogiattila.hu\/?s={search_term_string}"},"query-input":"required name=search_term_string"}],"inLanguage":"hu"},{"@type":"Person","@id":"https:\/\/bozsogiattila.hu\/#\/schema\/person\/488c99f554a8c4039201260dd5eb795e","name":"Bozsogi Attila","image":{"@type":"ImageObject","inLanguage":"hu","@id":"https:\/\/bozsogiattila.hu\/#\/schema\/person\/image\/","url":"https:\/\/secure.gravatar.com\/avatar\/7da6b5985e34ed798d1670c54ce7d20e6a53b800bb0c07945c64b09392f3dbfd?s=96&d=mm&r=g","contentUrl":"https:\/\/secure.gravatar.com\/avatar\/7da6b5985e34ed798d1670c54ce7d20e6a53b800bb0c07945c64b09392f3dbfd?s=96&d=mm&r=g","caption":"Bozsogi Attila"},"sameAs":["http:\/\/www.boszogiattila.hu"],"url":"https:\/\/bozsogiattila.hu\/?author=3"}]}},"jetpack_featured_media_url":"","_links":{"self":[{"href":"https:\/\/bozsogiattila.hu\/index.php?rest_route=\/wp\/v2\/posts\/1579","targetHints":{"allow":["GET"]}}],"collection":[{"href":"https:\/\/bozsogiattila.hu\/index.php?rest_route=\/wp\/v2\/posts"}],"about":[{"href":"https:\/\/bozsogiattila.hu\/index.php?rest_route=\/wp\/v2\/types\/post"}],"author":[{"embeddable":true,"href":"https:\/\/bozsogiattila.hu\/index.php?rest_route=\/wp\/v2\/users\/3"}],"replies":[{"embeddable":true,"href":"https:\/\/bozsogiattila.hu\/index.php?rest_route=%2Fwp%2Fv2%2Fcomments&post=1579"}],"version-history":[{"count":1,"href":"https:\/\/bozsogiattila.hu\/index.php?rest_route=\/wp\/v2\/posts\/1579\/revisions"}],"predecessor-version":[{"id":1580,"href":"https:\/\/bozsogiattila.hu\/index.php?rest_route=\/wp\/v2\/posts\/1579\/revisions\/1580"}],"wp:attachment":[{"href":"https:\/\/bozsogiattila.hu\/index.php?rest_route=%2Fwp%2Fv2%2Fmedia&parent=1579"}],"wp:term":[{"taxonomy":"category","embeddable":true,"href":"https:\/\/bozsogiattila.hu\/index.php?rest_route=%2Fwp%2Fv2%2Fcategories&post=1579"},{"taxonomy":"post_tag","embeddable":true,"href":"https:\/\/bozsogiattila.hu\/index.php?rest_route=%2Fwp%2Fv2%2Ftags&post=1579"}],"curies":[{"name":"wp","href":"https:\/\/api.w.org\/{rel}","templated":true}]}}