{"id":1581,"date":"2024-01-15T19:23:17","date_gmt":"2024-01-15T19:23:17","guid":{"rendered":"https:\/\/bozsogiattila.hu\/?p=1581"},"modified":"2024-01-15T19:23:17","modified_gmt":"2024-01-15T19:23:17","slug":"a-szent-articsoka","status":"publish","type":"post","link":"https:\/\/bozsogiattila.hu\/?p=1581","title":{"rendered":"A Szent Artics\u00f3ka"},"content":{"rendered":"\n<p class=\"wp-block-paragraph\">A Szent Artics\u00f3ka<\/p>\n\n\n\n<p class=\"wp-block-paragraph\">A Szent Artics\u00f3ka Templom\u00e1t \u00e9p\u00edtett\u00e9k fel Mak\u00f3n<br>\u2022 F\u00f6ldes Andr\u00e1s<br>\u2022 INDEX -2012. janu\u00e1r 22. vas\u00e1rnap 11:43 |<br>Cs\u00fct\u00f6rt\u00f6k\u00f6n adt\u00e1k \u00e1t Makovecz Imre Kossuth-d\u00edjas \u00e9p\u00edt\u00e9sz utols\u00f3 \u00e9p\u00fclet\u00e9t, a mak\u00f3i f\u00fcrd\u0151t. B\u00e1r a komplexum szervesen illeszkedik az \u00e9letm\u0171be, a sikaml\u00f3s utal\u00e1sok miatt m\u00e9gis meglepetten bolyongtunk a l\u00e9tes\u00edtm\u00e9nyben. \u00c9s akkor m\u00e9g nem hallottuk a sz\u00f3vicceket.<br>Makovecz Imre utols\u00f3 \u00e9p\u00fclet\u00e9r\u0151l \u00edrni h\u00e1l\u00e1tlanabb feladat, mint megmagyar\u00e1zni az EU-nak a demokr\u00e1ci\u00e1t. A Mak\u00f3n \u00e9p\u00fclt f\u00fcrd\u0151komplexum \u00e9p\u00edt\u00e9szeti kritik\u00e1ja k\u00e9t okb\u00f3l is biztos kudarc: egyr\u00e9szt Makovecz a k\u00f6zelm\u00faltban hunyt el, a hal\u00e1l pedig sokak szem\u00e9ben feddhetetlenn\u00e9 tesz b\u00e1rmilyen \u00e9letm\u0171vet, \u00e9s \u00e9rz\u00e9ketlen tapl\u00f3nak \u00e1ll\u00edtja be az esetleges kritikust.<br>De m\u00e9g ha Makovecz Imre a legjobb eg\u00e9szs\u00e9gnek \u00f6rvendene is: hat\u00e1rozott politikai szerepv\u00e1llal\u00e1sa miatt mindegy is, hogy betonkock\u00e1kat \u00e9p\u00edtett vagy jurtafarmot. Ha szidjuk, akkor t\u00f6megek fogj\u00e1k tudni, hogy az \u00e9p\u00edt\u00e9szet \u00fcr\u00fcgy\u00e9n val\u00f3j\u00e1ban arr\u00f3l \u00edrunk, hogy mennyire egyet\u00e9rt\u00fcnk az IMF-fel. Ellenkez\u0151 esetben pedig vir\u00e1gnyelven az EU-b\u00f3l val\u00f3 azonnali t\u00e1voz\u00e1s mellett foglalunk \u00e1ll\u00e1st.<br>Egy\u00e1ltal\u00e1n nem szeretn\u00e9nk \u00f6sszezavarni olvas\u00f3inkat, ha m\u00e1r megvan a v\u00e9lem\u00e9ny\u00fck, mi ugyanakkor k\u00edv\u00e1ncsian k\u00f6zel\u00edtett\u00fcnk a f\u00fcrd\u0151h\u00f6z. Vajon Makovecz utols\u00f3 \u00e9p\u00fclete veretes \u00f6sszegz\u00e9se az \u00e9letm\u0171nek? Vagy az organikusnak nevezett \u00e9p\u00edt\u00e9szet \u00faj ir\u00e1nyvonalait jel\u00f6li ki k\u00f6vet\u0151inek? Esetleg \u00e9lete v\u00e9g\u00e9n visszakanyarodott p\u00e1ly\u00e1ja kezdet\u00e9hez, a betonb\u00f3l \u00e9p\u00fclt, \u00e9s c\u00e1pa form\u00e1j\u00fa C\u00e1pa \u00e9tteremhez?<br>Egyik sem. Az els\u0151 pillanatban egy\u00e9rtelm\u0171 volt, hogy az \u00e9p\u00edt\u00e9sz rutinb\u00f3l dolgozott: k\u00f6nny\u0171 k\u00e9zzel dobta \u00f6ssze mag\u00e1nmitol\u00f3gi\u00e1j\u00e1nak ismert elemeit. A f\u0151bej\u00e1ratot k\u00e9t monument\u00e1lis r\u00e1koll\u00f3 alkotta, jelezve, hogy ott v\u00e9gz\u0151dik Mak\u00f3, \u00e9s kezd\u0151dik a Gy\u0171r\u0171k Ura lev\u00e9diai fejezete. A k\u00f6zponti \u00e9p\u00fclet egy \u00f3ri\u00e1si jurta volt, ami olyan alapelem Makoveczn\u00e9l, mint a Leg\u00f3ban a n\u00e9gyp\u00f6ck\u00f6s t\u00e9gla. A jurta tetej\u00e9n szob\u00e1nyi m\u00e9ret\u0171 szent korona magasodott \u00fcvegb\u0151l. K\u00e9toldalt pedig egy-egy mell\u00e9ktorony \u00e1llt, amelyek sisakos harcosok arc\u00e1t form\u00e1zt\u00e1k.<br>Makovecz \u00e9s Schwarzenegger<br>Az \u0151smagyar mot\u00edvumokat, a korona \u00e9s az arc jelent\u00e9s\u00e9t kor\u00e1bban r\u00e9szletesen is bemutattuk az \u00e9letm\u0171vet elemz\u0151 vide\u00f3nkban. \u00dajdons\u00e1got csak a h\u00e1rom nagy \u00e9p\u00fcletb\u0151l \u00e1ll\u00f3 komplexum h\u00e1ts\u00f3 eleme hozott, igaz, eg\u00e9szen zavarba ejt\u0151 form\u00e1ban. Egyel\u0151re nem is tudjuk hat\u00e1rozottan megmondani, hogy a l\u00e1tottak a mester n\u0151i mellek ir\u00e1nti \u00e9rthet\u0151 rajong\u00e1s\u00e1r\u00f3l vallanak, vagy ink\u00e1bb a Total Recall c\u00edm\u0171 film el\u0151tti tisztelg\u00e9sr\u0151l van sz\u00f3. B\u00e1rmelyik is, \u00fcdv\u00f6z\u00f6lj\u00fck az ir\u00e1nyt.<br>A makoveczi panelek k\u00f6z\u00fcl a f\u00f6ldv\u00e1rat felv\u00e1zol\u00f3 \u00e9p\u00fclet k\u00f6r\u00fcl ugyanis feszes mellek t\u00f6mege burj\u00e1nzott, \u00fcveg mellbimb\u00f3kkal. A l\u00e1tv\u00e1ny pont olyan megh\u00f6kkent\u0151, mint a Total Recall h\u00edres jelenete, amelyben Schwarzeneggernek aj\u00e1nlatot tesz a h\u00e1rommell\u0171 mut\u00e1nsn\u0151.<\/p>\n\n\n\n<p class=\"wp-block-paragraph\">Az \u00e9p\u00fclet bels\u0151 tereiben ezek ut\u00e1n m\u00e1r nem \u00e9ri sokk azt, aki valaha l\u00e1tott Makovecz-h\u00e1zat. A tereket az a fajta monumentalit\u00e1s \u00e9s t\u00falhangs\u00falyozott szakralit\u00e1s jellemzi, amely mellett ban\u00e1lisnak t\u0171nik b\u00e1rmilyen funkci\u00f3, aminek nem r\u00f6gt\u00f6n a legfels\u0151bb istens\u00e9ghez van k\u00f6ze.<br>A Szent Artics\u00f3ka f\u00fcrd\u0151je<br>Az el\u0151csarnok hang\u00e1rnyi m\u00e9ret\u0171, f\u00e1val bor\u00edtott, \u00e9s szent koron\u00e1val \u00e9kes\u00edtett jurt\u00e1j\u00e1ban ink\u00e1bb sz\u00e1m\u00edtunk ihletett egyh\u00e1zi k\u00f3rusra, mint jegy\u00e1rus\u00edt\u00f3 pultra.<br>Enn\u00e9l is bizarrabb az \u00e9lm\u00e9nyf\u00fcrd\u0151 \u00e9p\u00fclete. A k\u00edv\u00fclr\u0151l 29 darab mellel \u00e9kes\u00edtett sz\u00e1rny bel\u00fclr\u0151l sem fukarkodik a f\u00fclledt utal\u00e1sokkal. A terem egy t\u00edz m\u00e9ter magas oszlop k\u00f6r\u00e9 rendez\u0151dik, olyan form\u00e1n, hogy az minden egyes f\u00fclk\u00e9b\u0151l, beugr\u00f3b\u00f3l, nyug\u00e1gyb\u00f3l l\u00e1tszik. Egy\u00e9rtelm\u0171, hogy ez itt a legfontosabb elem. A monument\u00e1lis oszlopnak funkci\u00f3ja r\u00e1ad\u00e1sul nincs, \u00edgy az ember nehezen tudja elhessegetni az \u00e9rz\u00e9st, hogy a l\u00e1b\u00e1n\u00e1l elter\u00fcl\u0151 n\u00e9h\u00e1ny medence csup\u00e1n figyelemelterel\u00e9s, \u00e9s a komplexum val\u00f3j\u00e1ban kultikus \u00e9p\u00edtm\u00e9ny, k\u00f6z\u00e9pen a b\u00e1lv\u00e1nyoszloppal. Csak az v\u00e1r v\u00e1laszra, hogy a h\u00edv\u0151k egy \u00f3ri\u00e1si krist\u00e1lycs\u00facsban v\u00e9gz\u0151d\u0151 fallikus szimb\u00f3lumot im\u00e1dnak, vagy, ha igyeksz\u00fcnk s\u00f3tlanul t\u00e9nyszer\u0171ek, lenni, akkor a Szent Artics\u00f3k\u00e1t. (Update: Az artics\u00f3k\u00e1ban rejtett\u00e9k el a l\u00e9gcser\u00e9l\u0151 rendszert, miut\u00e1n elvetett\u00e9k<br>Makovecz eredeti \u00f6tlet\u00e9t, hogy az sz\u00f6k\u0151k\u00fatk\u00e9nt funkcion\u00e1ljon. Ez ugyanis vetemed\u00e9st okozhatott volna a fa tet\u0151szerkezetben.)<br>Az, hogy az \u00e9p\u00fclet funkci\u00f3ja mell\u00e9kes, szint\u00e9n jellemz\u0151 makoveczi elem. Az \u00e9p\u00edt\u00e9sz eg\u00e9sz \u00e9let\u00e9ben templomokat tervezett, f\u00fcggetlen\u00fcl att\u00f3l, hogy egyetemre, f\u00fcrd\u0151re vagy m\u0171vel\u0151d\u00e9si h\u00e1zra sz\u00f3lt a felk\u00e9r\u00e9s. A mester ez\u00fattal sem t\u00f6r\u0151d\u00f6tt azzal az \u00e9p\u00edt\u00e9szeti alapvet\u00e9ssel, hogy a funkci\u00f3nak kell meghat\u00e1roznia a form\u00e1t. Vagy legal\u00e1bb t\u00e1voli viszonyban \u00e1llhatna egym\u00e1ssal a kett\u0151. A kapcsolat hi\u00e1nya Mak\u00f3n k\u00fcl\u00f6n\u00f6sen f\u00e1jdalmas, mert itt rendelkez\u00e9sre \u00e1ll minden, hogy remek l\u00e9tes\u00edtm\u00e9ny sz\u00fclessen. A barn\u00e1s sz\u00edn\u0171, s\u0171r\u0171 \u00e9s forr\u00f3 term\u00e1lv\u00edz \u00fagy t\u00f6r fel a f\u00f6ld al\u00f3l, mint Sza\u00fad-Ar\u00e1bi\u00e1ban az olaj. M\u00e1r az biztos siker, ha a term\u00e1lv\u00edzzel t\u00f6ltenek fel 25 k\u00fcl\u00f6nb\u00f6z\u0151 m\u00e9lys\u00e9g\u0171 medenc\u00e9t, \u00e9s egyeseket lefednek valami tet\u0151vel, hogy t\u00e9len se essen a nyak\u00e1ba a h\u00f3 annak, aki nem szereti az ilyet.<br>Ehhez k\u00e9pest Mak\u00f3 t\u00f6bb mint m\u00e1sf\u00e9l milli\u00e1rd forint\u00e9rt \u00e9p\u00edtett egy leny\u0171g\u00f6z\u0151 m\u00e9ret\u0171 tet\u0151rendszert (az \u00e9p\u00fclet 70 sz\u00e1zal\u00e9kban ugyanis tet\u0151b\u0151l \u00e1ll). Az eg\u00e9szhez kiv\u00e1gtak egy Pilis m\u00e9ret\u0171 erd\u0151t. Ez al\u00e1 pedig besuvasztottak egyetlen gy\u00f3gyvizes medenc\u00e9t. A rendelkez\u00e9sre \u00e1ll\u00f3 t\u00e9rnek a harmad\u00e1t kit\u00f6lt\u0151 medence elhelyezked\u00e9se annyira suta, egyik oldalon r\u00e1tolt\u00e1k az \u00fcvegfalra, a m\u00e1sikon viszont hagytak egy funkci\u00f3tlan, keskeny folyos\u00f3t, hogy olyb\u00e1 t\u0171nik: a sz\u00e1rnyat valami m\u00e1snak tervezt\u00e9k, de v\u00e9g\u00fcl jobb h\u00edj\u00e1n medenc\u00e9t \u00e9p\u00edtettek bele.<br>Nagyobb term\u00e1lv\u00edzfel\u00fclet csup\u00e1n az \u00e9p\u00fcleten k\u00edv\u00fcl tal\u00e1lhat\u00f3. Vannak m\u00e9g gy\u00f3gy\u00e1szati c\u00e9l\u00fa, k\u00e1dnyi medenc\u00e9k, de a klasszikus f\u00fcrd\u0151s programhoz az am\u00fagy kellemes atmoszf\u00e9r\u00e1j\u00fa Szent Artics\u00f3ka terme marad. A z\u00f6lds\u00e9g im\u00e1d\u00f3i itt h\u00e1rom medenc\u00e9ben pancsolhatnak, de nem term\u00e1l, hanem felmeleg\u00edtett csapv\u00edzben. Ez indokolhat\u00f3 lenne, ha am\u00fagy v\u00e1logathatn\u00e1nk a term\u00e1lv\u00edzzel felt\u00f6lt\u00f6tt medenc\u00e9k k\u00f6zt. \u00cdgy azonban olyan a helyzet, mintha az arabok olaj helyett import sz\u00e9nnel termeln\u00e9k maguknak az \u00e1ramot.<br>Robin Hood a jurt\u00e1ban<br>A legmegh\u00f6kkent\u0151bb a gyerekf\u00fcrd\u0151 r\u00e9szleg. Ez az egyetlen pont, ahol indokoltan szabadulhatna el a makoveczi t\u00e9mapark: tobz\u00f3dhatn\u00e1nak a csodaszarvasok \u00e9s napocskamot\u00edvumok, a m\u0171f\u00e1k \u00e9s sziklaalakzatok. A jurtamedenc\u00e9ben \u00e9rthetetlen m\u00f3don azonban Robin Hood-i vil\u00e1got alak\u00edtottak ki, Walt Disney-s falfest\u00e9ssel, amit\u0151l az eg\u00e9sz olyan lesz, mint az er\u0151ltetetten vid\u00e1mra festett gyerekk\u00f3rtermek.<br>Itt is egy medence van, egyetlen kis cs\u00faszd\u00e1val. Az aquaparkok vil\u00e1g\u00e1ban, ahol cs\u00faszdaerd\u0151k emelik a gyerekek ingerk\u00fcsz\u00f6b\u00e9t, ez a terem ink\u00e1bb az EU-t\u00e1mogat\u00e1shoz sz\u00fcks\u00e9ges c\u00e9lok kipip\u00e1l\u00e1s\u00e1nak t\u0171nik.<br>A komplexumot egy\u00e9bk\u00e9nt nem egyed\u00fcl Makovecz tervezte, munkat\u00e1rsai, Turi Attila \u00e9s Csernyus L\u0151rinc is r\u00e9szt vettek a munk\u00e1ban. A tervez\u0151k v\u00e9delm\u00e9re kell megjegyezni, hogy Robin Hood \u00e1mokfut\u00e1s\u00e1hoz semmi k\u00f6z\u00fck, ez m\u00e1r az \u00fczemeltet\u0151 \u00e1ltal megb\u00edzott kreat\u00edvcsapat munk\u00e1ja.<br>Mint ahogy azok a b\u00fcntet\u0151 sz\u00f3viccek is, amelyekkel padl\u00f3ra k\u00fcldik a legnyitottabb f\u00fcrd\u0151vend\u00e9get is. A f\u00fcrd\u0151komplexumnak, k\u00e9rem, d\u0151lj\u00f6n h\u00e1tra, Hagymatikum a neve. Nem az\u00e9rt, mert a f\u00fcrd\u0151 hagymaform\u00e1j\u00fa lenne, vagy b\u00e1rmilyen egy\u00e9b m\u00f3don utalna a hagym\u00e1ra, hanem mert Mak\u00f3 a hagym\u00e1r\u00f3l ismert. Ez el\u00e9g indok volt a n\u00e9vre akkor is, ha a hagyma, \u00e9s annak szaga sz\u00f6ges ellent\u00e9tben \u00e1ll mindazzal, amit az ember egy f\u00fcrd\u0151t\u0151l elv\u00e1r.<br>\u00c9s ez m\u00e9g nem minden. A f\u00fcrd\u0151 kabalafigur\u00e1ja a Hagyman\u00f3. Mi sem hitt\u00fck el, m\u00edg nem l\u00e1ttuk ezt a nyolcvanas \u00e9vekbe visszarep\u00edt\u0151 rekl\u00e1mfilmet. A f\u00fcrd\u0151 \u00e9tterm\u00e9t pedig Hagymamma n\u00e9vre keresztelt\u00e9k a \u201ekreat\u00edvok\u201d. Csak rem\u00e9lni tudjuk, hogy mindez\u00e9rt nem fizet\u00e9st kaptak, hanem \u0151k fizettek a f\u00fcrd\u0151nek.<br>T\u00e1volr\u00f3l \u00e9rkez\u0151 potenci\u00e1lis vend\u00e9gk\u00e9nt csal\u00f3dottan t\u00e1voztunk a Hagymatikumb\u00f3l. Nem arr\u00f3l van sz\u00f3, hogy a l\u00e9tes\u00edtm\u00e9ny haszn\u00e1lhatatlan lenne, az alagsorban van p\u00e9ld\u00e1ul egy sor szauna, \u00edgy a mak\u00f3iak d\u00e9lut\u00e1nonk\u00e9nt biztos elj\u00e1rnak majd ide pancsolni. A l\u00e9tes\u00edtm\u00e9nyt azonban nem egy 23 ezres v\u00e1rosnak, hanem a t\u00e1gabb r\u00e9gi\u00f3nak tervezt\u00e9k, rom\u00e1n \u00e9s szerb vend\u00e9gek \u00f6z\u00f6n\u00e9re sz\u00e1m\u00edtva. \u00c9s, mik\u00f6zben er\u0151s a konkurencia, mert Gyul\u00e1n \u00e9s Kecskem\u00e9ten is m\u0171k\u00f6dik term\u00e1lf\u00fcrd\u0151, cs\u00faszd\u00e1kkal \u00e9s sok medenc\u00e9vel, Mak\u00f3ra egy \u00e1tlagos, nem t\u00fal j\u00f3l kital\u00e1lt f\u00fcrd\u0151t \u00e9p\u00edtettek, az er\u0151forr\u00e1sokat a gigantikus tet\u0151k meg\u00e9p\u00edt\u00e9s\u00e9re ford\u00edtva.<\/p>\n","protected":false},"excerpt":{"rendered":"<p>A Szent Artics\u00f3ka A Szent Artics\u00f3ka Templom\u00e1t \u00e9p\u00edtett\u00e9k fel Mak\u00f3n\u2022 F\u00f6ldes Andr\u00e1s\u2022 INDEX -2012. janu\u00e1r 22. vas\u00e1rnap 11:43 |Cs\u00fct\u00f6rt\u00f6k\u00f6n adt\u00e1k \u00e1t Makovecz Imre Kossuth-d\u00edjas \u00e9p\u00edt\u00e9sz utols\u00f3 \u00e9p\u00fclet\u00e9t, a mak\u00f3i f\u00fcrd\u0151t. B\u00e1r a komplexum szervesen illeszkedik az \u00e9letm\u0171be, a sikaml\u00f3s utal\u00e1sok miatt m\u00e9gis meglepetten bolyongtunk a l\u00e9tes\u00edtm\u00e9nyben. \u00c9s akkor m\u00e9g nem hallottuk a sz\u00f3vicceket.Makovecz Imre utols\u00f3 &#8230; <a title=\"A Szent Artics\u00f3ka\" class=\"read-more\" href=\"https:\/\/bozsogiattila.hu\/?p=1581\" aria-label=\"Tov\u00e1bbiak A Szent Artics\u00f3ka\">Olvass tov\u00e1bb<\/a><\/p>\n","protected":false},"author":3,"featured_media":0,"comment_status":"open","ping_status":"open","sticky":false,"template":"","format":"standard","meta":{"footnotes":""},"categories":[331],"tags":[],"class_list":["post-1581","post","type-post","status-publish","format-standard","hentry","category-emlkeim"],"yoast_head":"<!-- This site is optimized with the Yoast SEO plugin v21.8 - https:\/\/yoast.com\/wordpress\/plugins\/seo\/ -->\n<title>A Szent Artics\u00f3ka - Bozsogi Attila<\/title>\n<meta name=\"robots\" content=\"index, follow, max-snippet:-1, max-image-preview:large, max-video-preview:-1\" \/>\n<link rel=\"canonical\" href=\"https:\/\/bozsogiattila.hu\/?p=1581\" \/>\n<meta property=\"og:locale\" content=\"hu_HU\" \/>\n<meta property=\"og:type\" content=\"article\" \/>\n<meta property=\"og:title\" content=\"A Szent Artics\u00f3ka - Bozsogi Attila\" \/>\n<meta property=\"og:description\" content=\"A Szent Artics\u00f3ka A Szent Artics\u00f3ka Templom\u00e1t \u00e9p\u00edtett\u00e9k fel Mak\u00f3n\u2022 F\u00f6ldes Andr\u00e1s\u2022 INDEX -2012. janu\u00e1r 22. vas\u00e1rnap 11:43 |Cs\u00fct\u00f6rt\u00f6k\u00f6n adt\u00e1k \u00e1t Makovecz Imre Kossuth-d\u00edjas \u00e9p\u00edt\u00e9sz utols\u00f3 \u00e9p\u00fclet\u00e9t, a mak\u00f3i f\u00fcrd\u0151t. B\u00e1r a komplexum szervesen illeszkedik az \u00e9letm\u0171be, a sikaml\u00f3s utal\u00e1sok miatt m\u00e9gis meglepetten bolyongtunk a l\u00e9tes\u00edtm\u00e9nyben. \u00c9s akkor m\u00e9g nem hallottuk a sz\u00f3vicceket.Makovecz Imre utols\u00f3 ... Olvass tov\u00e1bb\" \/>\n<meta property=\"og:url\" content=\"https:\/\/bozsogiattila.hu\/?p=1581\" \/>\n<meta property=\"og:site_name\" content=\"Bozsogi Attila\" \/>\n<meta property=\"article:published_time\" content=\"2024-01-15T19:23:17+00:00\" \/>\n<meta name=\"author\" content=\"Bozsogi Attila\" \/>\n<meta name=\"twitter:card\" content=\"summary_large_image\" \/>\n<meta name=\"twitter:label1\" content=\"Szerz\u0151:\" \/>\n\t<meta name=\"twitter:data1\" content=\"Bozsogi Attila\" \/>\n\t<meta name=\"twitter:label2\" content=\"Becs\u00fclt olvas\u00e1si id\u0151\" \/>\n\t<meta name=\"twitter:data2\" content=\"9 perc\" \/>\n<script type=\"application\/ld+json\" class=\"yoast-schema-graph\">{\"@context\":\"https:\/\/schema.org\",\"@graph\":[{\"@type\":\"WebPage\",\"@id\":\"https:\/\/bozsogiattila.hu\/?p=1581\",\"url\":\"https:\/\/bozsogiattila.hu\/?p=1581\",\"name\":\"A Szent Artics\u00f3ka - Bozsogi Attila\",\"isPartOf\":{\"@id\":\"https:\/\/bozsogiattila.hu\/#website\"},\"datePublished\":\"2024-01-15T19:23:17+00:00\",\"dateModified\":\"2024-01-15T19:23:17+00:00\",\"author\":{\"@id\":\"https:\/\/bozsogiattila.hu\/#\/schema\/person\/488c99f554a8c4039201260dd5eb795e\"},\"breadcrumb\":{\"@id\":\"https:\/\/bozsogiattila.hu\/?p=1581#breadcrumb\"},\"inLanguage\":\"hu\",\"potentialAction\":[{\"@type\":\"ReadAction\",\"target\":[\"https:\/\/bozsogiattila.hu\/?p=1581\"]}]},{\"@type\":\"BreadcrumbList\",\"@id\":\"https:\/\/bozsogiattila.hu\/?p=1581#breadcrumb\",\"itemListElement\":[{\"@type\":\"ListItem\",\"position\":1,\"name\":\"Kezd\u0151lap\",\"item\":\"https:\/\/bozsogiattila.hu\/\"},{\"@type\":\"ListItem\",\"position\":2,\"name\":\"A Szent Artics\u00f3ka\"}]},{\"@type\":\"WebSite\",\"@id\":\"https:\/\/bozsogiattila.hu\/#website\",\"url\":\"https:\/\/bozsogiattila.hu\/\",\"name\":\"Bozsogi Attila\",\"description\":\"a zen\u00e9sz, \u00edr\u00f3 munk\u00e1ss\u00e1g\u00e1nak \u00e9s a mak\u00f3i muzsikusok eml\u00e9k\u00e9t \u0151rz\u0151 oldal\",\"potentialAction\":[{\"@type\":\"SearchAction\",\"target\":{\"@type\":\"EntryPoint\",\"urlTemplate\":\"https:\/\/bozsogiattila.hu\/?s={search_term_string}\"},\"query-input\":\"required name=search_term_string\"}],\"inLanguage\":\"hu\"},{\"@type\":\"Person\",\"@id\":\"https:\/\/bozsogiattila.hu\/#\/schema\/person\/488c99f554a8c4039201260dd5eb795e\",\"name\":\"Bozsogi Attila\",\"image\":{\"@type\":\"ImageObject\",\"inLanguage\":\"hu\",\"@id\":\"https:\/\/bozsogiattila.hu\/#\/schema\/person\/image\/\",\"url\":\"https:\/\/secure.gravatar.com\/avatar\/7da6b5985e34ed798d1670c54ce7d20e6a53b800bb0c07945c64b09392f3dbfd?s=96&d=mm&r=g\",\"contentUrl\":\"https:\/\/secure.gravatar.com\/avatar\/7da6b5985e34ed798d1670c54ce7d20e6a53b800bb0c07945c64b09392f3dbfd?s=96&d=mm&r=g\",\"caption\":\"Bozsogi Attila\"},\"sameAs\":[\"http:\/\/www.boszogiattila.hu\"],\"url\":\"https:\/\/bozsogiattila.hu\/?author=3\"}]}<\/script>\n<!-- \/ Yoast SEO plugin. -->","yoast_head_json":{"title":"A Szent Artics\u00f3ka - Bozsogi Attila","robots":{"index":"index","follow":"follow","max-snippet":"max-snippet:-1","max-image-preview":"max-image-preview:large","max-video-preview":"max-video-preview:-1"},"canonical":"https:\/\/bozsogiattila.hu\/?p=1581","og_locale":"hu_HU","og_type":"article","og_title":"A Szent Artics\u00f3ka - Bozsogi Attila","og_description":"A Szent Artics\u00f3ka A Szent Artics\u00f3ka Templom\u00e1t \u00e9p\u00edtett\u00e9k fel Mak\u00f3n\u2022 F\u00f6ldes Andr\u00e1s\u2022 INDEX -2012. janu\u00e1r 22. vas\u00e1rnap 11:43 |Cs\u00fct\u00f6rt\u00f6k\u00f6n adt\u00e1k \u00e1t Makovecz Imre Kossuth-d\u00edjas \u00e9p\u00edt\u00e9sz utols\u00f3 \u00e9p\u00fclet\u00e9t, a mak\u00f3i f\u00fcrd\u0151t. B\u00e1r a komplexum szervesen illeszkedik az \u00e9letm\u0171be, a sikaml\u00f3s utal\u00e1sok miatt m\u00e9gis meglepetten bolyongtunk a l\u00e9tes\u00edtm\u00e9nyben. \u00c9s akkor m\u00e9g nem hallottuk a sz\u00f3vicceket.Makovecz Imre utols\u00f3 ... Olvass tov\u00e1bb","og_url":"https:\/\/bozsogiattila.hu\/?p=1581","og_site_name":"Bozsogi Attila","article_published_time":"2024-01-15T19:23:17+00:00","author":"Bozsogi Attila","twitter_card":"summary_large_image","twitter_misc":{"Szerz\u0151:":"Bozsogi Attila","Becs\u00fclt olvas\u00e1si id\u0151":"9 perc"},"schema":{"@context":"https:\/\/schema.org","@graph":[{"@type":"WebPage","@id":"https:\/\/bozsogiattila.hu\/?p=1581","url":"https:\/\/bozsogiattila.hu\/?p=1581","name":"A Szent Artics\u00f3ka - Bozsogi Attila","isPartOf":{"@id":"https:\/\/bozsogiattila.hu\/#website"},"datePublished":"2024-01-15T19:23:17+00:00","dateModified":"2024-01-15T19:23:17+00:00","author":{"@id":"https:\/\/bozsogiattila.hu\/#\/schema\/person\/488c99f554a8c4039201260dd5eb795e"},"breadcrumb":{"@id":"https:\/\/bozsogiattila.hu\/?p=1581#breadcrumb"},"inLanguage":"hu","potentialAction":[{"@type":"ReadAction","target":["https:\/\/bozsogiattila.hu\/?p=1581"]}]},{"@type":"BreadcrumbList","@id":"https:\/\/bozsogiattila.hu\/?p=1581#breadcrumb","itemListElement":[{"@type":"ListItem","position":1,"name":"Kezd\u0151lap","item":"https:\/\/bozsogiattila.hu\/"},{"@type":"ListItem","position":2,"name":"A Szent Artics\u00f3ka"}]},{"@type":"WebSite","@id":"https:\/\/bozsogiattila.hu\/#website","url":"https:\/\/bozsogiattila.hu\/","name":"Bozsogi Attila","description":"a zen\u00e9sz, \u00edr\u00f3 munk\u00e1ss\u00e1g\u00e1nak \u00e9s a mak\u00f3i muzsikusok eml\u00e9k\u00e9t \u0151rz\u0151 oldal","potentialAction":[{"@type":"SearchAction","target":{"@type":"EntryPoint","urlTemplate":"https:\/\/bozsogiattila.hu\/?s={search_term_string}"},"query-input":"required name=search_term_string"}],"inLanguage":"hu"},{"@type":"Person","@id":"https:\/\/bozsogiattila.hu\/#\/schema\/person\/488c99f554a8c4039201260dd5eb795e","name":"Bozsogi Attila","image":{"@type":"ImageObject","inLanguage":"hu","@id":"https:\/\/bozsogiattila.hu\/#\/schema\/person\/image\/","url":"https:\/\/secure.gravatar.com\/avatar\/7da6b5985e34ed798d1670c54ce7d20e6a53b800bb0c07945c64b09392f3dbfd?s=96&d=mm&r=g","contentUrl":"https:\/\/secure.gravatar.com\/avatar\/7da6b5985e34ed798d1670c54ce7d20e6a53b800bb0c07945c64b09392f3dbfd?s=96&d=mm&r=g","caption":"Bozsogi Attila"},"sameAs":["http:\/\/www.boszogiattila.hu"],"url":"https:\/\/bozsogiattila.hu\/?author=3"}]}},"jetpack_featured_media_url":"","_links":{"self":[{"href":"https:\/\/bozsogiattila.hu\/index.php?rest_route=\/wp\/v2\/posts\/1581","targetHints":{"allow":["GET"]}}],"collection":[{"href":"https:\/\/bozsogiattila.hu\/index.php?rest_route=\/wp\/v2\/posts"}],"about":[{"href":"https:\/\/bozsogiattila.hu\/index.php?rest_route=\/wp\/v2\/types\/post"}],"author":[{"embeddable":true,"href":"https:\/\/bozsogiattila.hu\/index.php?rest_route=\/wp\/v2\/users\/3"}],"replies":[{"embeddable":true,"href":"https:\/\/bozsogiattila.hu\/index.php?rest_route=%2Fwp%2Fv2%2Fcomments&post=1581"}],"version-history":[{"count":1,"href":"https:\/\/bozsogiattila.hu\/index.php?rest_route=\/wp\/v2\/posts\/1581\/revisions"}],"predecessor-version":[{"id":1582,"href":"https:\/\/bozsogiattila.hu\/index.php?rest_route=\/wp\/v2\/posts\/1581\/revisions\/1582"}],"wp:attachment":[{"href":"https:\/\/bozsogiattila.hu\/index.php?rest_route=%2Fwp%2Fv2%2Fmedia&parent=1581"}],"wp:term":[{"taxonomy":"category","embeddable":true,"href":"https:\/\/bozsogiattila.hu\/index.php?rest_route=%2Fwp%2Fv2%2Fcategories&post=1581"},{"taxonomy":"post_tag","embeddable":true,"href":"https:\/\/bozsogiattila.hu\/index.php?rest_route=%2Fwp%2Fv2%2Ftags&post=1581"}],"curies":[{"name":"wp","href":"https:\/\/api.w.org\/{rel}","templated":true}]}}