{"id":1585,"date":"2024-01-15T19:25:24","date_gmt":"2024-01-15T19:25:24","guid":{"rendered":"https:\/\/bozsogiattila.hu\/?p=1585"},"modified":"2024-01-15T19:25:25","modified_gmt":"2024-01-15T19:25:25","slug":"honvedseg-szentes","status":"publish","type":"post","link":"https:\/\/bozsogiattila.hu\/?p=1585","title":{"rendered":"HONV\u00c9DS\u00c9G &#8211; SZENTES"},"content":{"rendered":"\n<p class=\"wp-block-paragraph\">HONV\u00c9DS\u00c9G &#8211; SZENTES<\/p>\n\n\n\n<p class=\"wp-block-paragraph\">1968 nyar\u00e1t\u00f3l dolgoztam a Mak\u00f3i M\u0171vel\u0151d\u00e9si H\u00e1z zongorist\u00e1jak\u00e9nt.<br>Amikor nyugd\u00edjba mentem, \u00e9s az id\u0151met kikereste a nyugd\u00edjint\u00e9zet, akkor der\u00fclt ki, hogy csak 1961. janu\u00e1r 01-t\u0151l jelentettek be, \u00e9s lett folyamatos a munkaviszonyom 1969. j\u00falius 06-ig.<br>A kezdeti id\u0151szakban volt, hogy h\u00e1rom h\u00f3napig sem kaptam fizet\u00e9st, &#8211; hasonl\u00f3an a t\u00f6bbi dolgoz\u00f3hoz \u2013 amit k\u00e9s\u0151bb egy \u00f6sszegben sz\u00e1moltak el.<br>Az eml\u00edtett id\u0151pontt\u00f3l t\u00f6bb \u00e1gon is zajlottak az esem\u00e9nyek, \u00e9s nem egy alkalommal ugyanazon a napon, 2-3 helyen is dolgoztam.<br>Ebb\u0151l ad\u00f3dik, hogy t\u00f6bb sz\u00e1lon is t\u00e1rgyalom az esem\u00e9nyeket, \u00e9s id\u0151nk\u00e9nt vissza kell lapozni a p\u00e1rhuzamosan foly\u00f3 cselekm\u00e9nyekhez.<br>Ilyen cselekm\u00e9ny volt az \u201es\u00f6t\u00e9tkorszak\u201d, mely 770 napot rabolt el az \u00e9letemb\u0151l!<\/p>\n\n\n\n<p class=\"wp-block-paragraph\">1959-ben a honv\u00e9ds\u00e9g szemet vetett r\u00e1m, \u00e9s \u00f6ssze\u00edr\u00e1sra, majd soroz\u00e1sra invit\u00e1ltak meg.<br>R\u00e9dai J\u00e1nos t\u00e1voli rokonom, mint a KIEG katonai nyilv\u00e1ntart\u00f3ja megk\u00e9rdezte:<br>\u201e\u00d6csk\u00f6s milyen fegyvernemhez szeretn\u00e9l ker\u00fclni\u201d.<br>Ha lehet, &#8211; v\u00e1laszoltam &#8211; akkor a civilszf\u00e9r\u00e1hoz tartozn\u00e9k az elk\u00f6vetkez\u0151kben is.<\/p>\n\n\n\n<p class=\"wp-block-paragraph\">Elj\u00f6tt a bevonul\u00e1s ideje, amikor a hat\u00e1r\u0151rs\u00e9ghez kaptam beh\u00edv\u00f3t, ami azt jelentette, hogy katonal\u00e1d\u00e1val kellett megjelennem a jelzett napon, Mak\u00f3n a Hagymah\u00e1zban.<br>Este sokadmagammal l\u00e9tsz\u00e1mfelettiek lett\u00fcnk, \u00e9s m\u00e1snapra \u00fajabb beh\u00edv\u00f3parancsot adtak, ekkor nem a hat\u00e1r\u0151rs\u00e9ghez.<br>Soha nem der\u00fclt f\u00e9ny arra, hogy R\u00e9dai J\u00e1nosnak volt-e k\u00f6ze hozz\u00e1, de ism\u00e9t l\u00e9tsz\u00e1mfeletti lettem.<br>A k\u00f6vetkez\u0151 napra megint a hat\u00e1r\u0151rs\u00e9ghez kaptam beh\u00edv\u00f3parancsot, katonal\u00e1d\u00e1val.<br>Ez volt az utols\u00f3 bevonul\u00e1si nap, amikor nagy \u00f6r\u00f6m\u00f6mre l\u00e9tsz\u00e1mfelettik\u00e9nt egy \u00e9vre civilk\u00e9nt \u00e9lhettem mindennapjaimat.<\/p>\n\n\n\n<p class=\"wp-block-paragraph\">A k\u00f6vetkez\u0151 \u00e9vben ism\u00e9t kac\u00e9rkodott velem a fegyveres test\u00fclet, \u00e9s a bevonul\u00e1si id\u0151szak utols\u00f3 napj\u00e1ra kaptam beh\u00edv\u00f3parancsot.<br>Miut\u00e1n pontos id\u0151ben megjelentem, \u00e9s szem\u00e9lyazonoss\u00e1gomat igazoltam be\u00fclhettem a nagyterembe, v\u00e1rva sorsom alakul\u00e1s\u00e1t.<br>R\u00e9dai J\u00e1nos ekkor nem j\u00f3pof\u00e1skodott, \u00e9s nem k\u00e9rdezett semmit.<br>D\u00e9lut\u00e1n, mikor megt\u00f6rt\u00e9nt az eloszt\u00e1s, hogy ki hov\u00e1 megy, illetve melyik tiszt parancsnoks\u00e1ga al\u00e1 ker\u00fclt, ism\u00e9t l\u00e9tsz\u00e1mfeletti lettem.<br>M\u00e1r \u00e9ppen haza akartak engedni benn\u00fcnket, mikor berohant egy tiszt, jelezve, hogy egy \u00e9rtelmes \u201ek\u00e1derre\u201d (ahogy mondta) van sz\u00fcks\u00e9ge.<br>Sorba \u00e1ll\u00edtott\u00e1k a l\u00e9tsz\u00e1mfelettieket, \u00e9s elkezdte k\u00e9rdezni az iskolai v\u00e9gzetts\u00e9get, foglalkoz\u00e1st.<br>\u00d6t\u00f6diknek ker\u00fclt r\u00e1m a sor. El\u0151ttem mind nyolc oszt\u00e1lyt v\u00e9geztek, \u00e9s seg\u00e9dmunk\u00e1sok voltak.<br>A tiszt inger\u00fclten elzavarta az el\u0151ttem k\u00e9rdezetteket, \u00e9s d\u00fch\u00f6sen mondta a tisztt\u00e1rs\u00e1nak, &#8211; akihez tartoztunk &#8211; nincs itt egy \u00e9rtelmes ember?<br>Mikor r\u00e1m ker\u00fclt a sor fel\u00e9m b\u00f6k\u00f6tt a mutat\u00f3ujj\u00e1val: iskolai v\u00e9gzetts\u00e9ge, foglalkoz\u00e1sa. &#8211; K\u00e9rdezte?<br>H\u00e1rom oszt\u00e1ly, \u00e9s juh\u00e1sz vagyok. \u2013 Feleltem!<br>Menjen innen \u2013 f\u00f6rmedt r\u00e1m.<br>Az ut\u00e1nam k\u00f6vetkez\u0151t szint\u00e9n elzavarta, majd az \u0151t k\u00f6vet\u0151nek is feltette a k\u00e9rd\u00e9st: Iskolai v\u00e9gzetts\u00e9ge, foglalkoz\u00e1sa?<br>G\u00e9pipari technikumi \u00e9retts\u00e9gi, g\u00e9p\u00e9sztechnikus felelte b\u00fcszk\u00e9n a szerencs\u00e9tlen.<br>A tiszt karon ragadta: maga az \u00e9n emberem \u2013 mondta, \u00e9s mag\u00e1val vitte.<br>Ekkor kezdtem \u00e1ldani az eszemet, \u00e9s miut\u00e1n elengedtek benn\u00fcnket, mosolyogva hagytam el a bevonul\u00f3 t\u00e1rsaimat.<br>M\u00e9g egy \u00e9v szabad\u00e9letet jelentett tal\u00e1l\u00e9konys\u00e1gom!<\/p>\n\n\n\n<ol class=\"wp-block-list\" start=\"1961\">\n<li>okt\u00f3ber 13-\u00e1n, p\u00e9nteken h\u00e9t\u00e1gra s\u00fct\u00f6tt a nap, \u00e9s e ny\u00e1ri melegre eml\u00e9keztet\u0151 id\u0151ben kellett a harmadik \u00e9vben is tiszteletemet tenni a mindenhat\u00f3 bevonultat\u00f3 bizotts\u00e1g el\u0151tt.<br>Ekkor m\u00e1r k\u00e9t \u00e9ve fizettem a katonaad\u00f3t, (Ezt azok fizett\u00e9k, akik nem vonultak be rendes id\u0151ben) \u00edgy szent\u00fcl meg voltam gy\u0151z\u0151dve, hogy v\u00e9gleg kiszuper\u00e1lnak a seregb\u0151l.<br>Az orvosi vizsga ut\u00e1n megk\u00e9rdeztem Dr. Tam\u00e1s Elem\u00e9r katonaorvost: \u201eMegfeleltem, &#8211; olyan eg\u00e9szs\u00e9ges, ak\u00e1r t\u00e1bornok is lehet mag\u00e1b\u00f3l &#8211; felelte?<br>Katona sem szeretn\u00e9k lenni nemhogy t\u00e1bornok! \u2013 mondtam kedvetlen\u00fcl.<\/li>\n<\/ol>\n\n\n\n<p class=\"wp-block-paragraph\">Eg\u00e9sz nap k\u00fcl\u00f6nf\u00e9le el\u0151ad\u00e1sokat tartottak sz\u00e1munkra, majd v\u00e9gre elj\u00f6tt a d\u00e9lut\u00e1n, \u00e9s megkezd\u0151d\u00f6tt az eloszt\u00e1s.<br>Senkinek sem mondt\u00e1k meg, hogy hov\u00e1 viszik katonai szolg\u00e1latra, csak csoportokba osztottak benn\u00fcnket.<br>A n\u00e9vsorolvas\u00e1skor, kider\u00fclt, hogy \u201eMentorom\u201d R\u00e9dai J\u00e1nos cserbenhagyott, \u00e9s fizikai adotts\u00e1gomnak k\u00f6sz\u00f6nhet\u0151en a legnehezebb fegyvernemhez: A m\u0171szaki alakulthoz vonultattak be.<br>Sorba \u00e1lltunk, majd gyalog a l\u00f3 korz\u00f3n elindultunk a veszt\u0151hely\u00fcnk fel\u00e9, az addig ismeretlen v\u00e1ros laktany\u00e1j\u00e1ba.<br>A sz\u00fcl\u0151k nagy r\u00e9sze k\u00eds\u00e9rte a m\u00e9g civil, de m\u00e1r katon\u00e1nak sz\u00e1m\u00edt\u00f3 sereget. Engem nem k\u00eds\u00e9rt senki, mert sz\u00fcleim dolgoztak.<br>A Kis\u00e1llom\u00e1son felsz\u00e1lltunk a r\u00e9sz\u00fcnkre fenntartott kocsikba, \u00e9s b\u00edztunk benne, hogy legal\u00e1bb ekkor m\u00e1r megmondj\u00e1k az alakulatunk nev\u00e9t, c\u00edm\u00e9t.<br>Medveczki hadnagy (N\u00e1lam h\u00e1rom h\u00f3nappal fiatalabb volt) csak mosolygott mikor k\u00e9rdezt\u00fck, hogy hova visznek benn\u00fcnket.<br>De, nemcsak nek\u00fcnk, hanem a sz\u00fcl\u0151knek sem mondta meg v\u00e9g\u00e1llom\u00e1sunk c\u00edm\u00e9t.<br>Mikor H\u00f3dmez\u0151v\u00e1s\u00e1rhelyt elhagytuk akkor k\u00f6z\u00f6lte, &#8211; mikor m\u00e1r nem tudtuk \u00e9rtes\u00edteni a hozz\u00e1tartoz\u00f3kat \u2013 hogy a Szentesi Damjanich Laktany\u00e1ban teljes\u00edt\u00fcnk majd szolg\u00e1latot.<br>Ez\u00e9rt a hitv\u00e1ny viselked\u00e9s\u00e9\u00e9rt a katonaid\u0151m 770 napj\u00e1n \u00e1t, tiszta sz\u00edvemb\u0151l ut\u00e1ltam, \u00e9s soha nem sz\u00f3ltam hozz\u00e1, csak ha \u0151 k\u00e9rdezett.<\/p>\n\n\n\n<p class=\"wp-block-paragraph\">A mindenki \u00e1ltal ismert be\u00f6lt\u00f6zk\u00f6d\u00e9s ut\u00e1n megett\u00fck a magunkkal hozott ennival\u00f3nk egy r\u00e9sz\u00e9t, a t\u00f6bbit nekiadtuk az \u00f6regkaton\u00e1knak, mivel senkin\u00e9l sem maradhatott \u00e9tel. (Ami esetleg megmaradt, ki kellett \u00f6nteni a mosl\u00e9kos ed\u00e9nybe.)<br>M\u00e1snap reggel hat \u00f3rakor \u00e9breszt\u0151 ut\u00e1n reggeli torna, majd tiszt\u00e1lkod\u00e1s, illetve reggeli k\u00f6vetkezett, melyet sorakoz\u00f3 k\u00f6vetett, \u00e9s megkezd\u0151d\u00f6tt a kik\u00e9pz\u00e9s\u00fcnk els\u0151 napja.<br>\u00c9n az ut\u00e1sz sz\u00e1zad, els\u0151 szakasz\u00e1ba, \u00e9s az els\u0151 rajba ker\u00fcltem, egy nemzetk\u00f6zi rajba: M\u00fcller S\u00e1muel zsid\u00f3 zen\u00e9sz, aki r\u00e1ad\u00e1sul veget\u00e1ri\u00e1nus is volt, (Kiv\u00e1l\u00f3 mak\u00f3i muzsikus, harson\u00e1s) Markovics J\u00e1nos szegedi cig\u00e1nygyerek, \u00e9s egy p\u00e1r \u00f6regkatona alkott\u00e1k a rajt.<br>Az alaki foglalkoz\u00e1son az \u00f6regkaton\u00e1k nem vettek r\u00e9szt, csup\u00e1n szeml\u00e9l\u0151i voltak produkci\u00f3nknak, melyen m\u00e9g Jaroslav Hasek: Svejk, der\u00e9k katon\u00e1ja is j\u00f3l sz\u00f3rakozott volna.<br>Ha menetk\u00f6zben jobbra, vagy balra\u00e1tot vez\u00e9nyelt a rajparancsnok, h\u00e1rman n\u00e9gyfel\u00e9 ment\u00fcnk.<br>Mint volt sportol\u00f3 soha nem t\u00e9vesztettem, a t\u00e1rsaim viszont v\u00e9letlen sem tal\u00e1lt\u00e1k el a helyes ir\u00e1nyt, \u00edgy miattuk rengeteget kellett gyalogolnom, de ennek ellen\u00e9re, m\u00e9g nekem is tetszett a v\u00edgj\u00e1t\u00e9knak nevezhet\u0151 kik\u00e9pz\u00e9s.<\/p>\n\n\n\n<p class=\"wp-block-paragraph\">K\u00e9t nap m\u00falva elk\u00fcldtek a parancsnoki \u00e9p\u00fcletbe, l\u00e1ttamoztatni a sz\u00e1zad foglalkoz\u00e1si napl\u00f3j\u00e1t, a t\u00f6rzsf\u0151n\u00f6kkel.<br>Mint \u00fariember kopogtattam az ajt\u00f3n. Miut\u00e1n enged\u00e9lyt kaptam a bel\u00e9p\u00e9sre, bementem, \u00e9s \u201eJ\u00f3 napot k\u00edv\u00e1nok\u201d sz\u00e9p magyar k\u00f6sz\u00f6nt\u00e9s\u00fcnkkel k\u00f6sz\u00f6nt\u00f6ttem a t\u00f6rzsf\u0151n\u00f6k\u00f6t, Horv\u00e1th Mih\u00e1ly sz\u00e1zadost (Aki eg\u00e9sz katona id\u0151nk alatt egy vad\u00e1llat volt) \u00e9s elkezdtem mondani j\u00f6vetelem c\u00e9lj\u00e1t, mire r\u00e1m ord\u00edtott: menjen ki, \u00e9s j\u00f6jj\u00f6n vissza katon\u00e1hoz ill\u0151en.<br>Sz\u00f3 n\u00e9lk\u00fcl kimentem \u00e9s vissza sem mentem, hanem visszat\u00e9rtem a sz\u00e1zadhoz, \u00e9s visszaadtam a foglalkoz\u00e1si napl\u00f3t.<br>M\u00e1snap ebb\u0151l ribilli\u00f3 lett, mivel nem volt j\u00f3v\u00e1hagyva, a kik\u00e9pz\u00e9si terv.<br>Felel\u0151ss\u00e9gre vontak, hogy mi\u00e9rt nem hajtottam marad\u00e9ktalanul v\u00e9gre a parancsot?<br>Erre elmondtam, hogy illedelmesen kopogtattam, majd udvariasan k\u00f6sz\u00f6ntem, mire a f\u0151hadnagy elvt\u00e1rs kizavart az irod\u00e1b\u00f3l.<br>Ekkor a z\u00e1szl\u00f3aljparancsnok Vulevity Miodr\u00e1g seg\u00edts\u00e9gemre j\u00f6tt, \u00e9s elmondta, hogy a f\u0151hadnagy elvt\u00e1rs sz\u00e1zados, majd letolta Medveczki hadnagyot, ami\u00e9rt egy kik\u00e9pzetlen k\u00e9tnapos katon\u00e1ra b\u00edzta a sz\u00e1zad kik\u00e9pz\u00e9si terv\u00e9t.<br>Mindez az alakul\u00f3 t\u00e9ren j\u00e1tsz\u00f3dott le z\u00e1szl\u00f3alj sorakoz\u00f3n.<br>Hozz\u00e1m fordulva megjegyezte: Legal\u00e1bb a rendfokozatokat tanulja meg, ha m\u00e1r elj\u00f6tt katon\u00e1nak.<br>Jelentem nem j\u00f6ttem, hanem hoztak!<br>M\u00e9g azt is tanulja meg, hogy akkor sz\u00f3ljon, ha k\u00e9rdezik!<br>Ezzel v\u00e9ge lett a reggeli sorakoz\u00f3nak, \u00e9s elvonultunk kik\u00e9pz\u00e9sre, \u00e9s csod\u00e1k-csod\u00e1ja egyetlen felettesem sem sz\u00f3lt a t\u00f6rt\u00e9ntek\u00e9rt.<br>K\u00e9s\u0151bb megtudtam, hogy nem vonhattak felel\u0151ss\u00e9gre, am\u00edg a katonai esk\u00fct le nem tettem.<\/p>\n\n\n\n<p class=\"wp-block-paragraph\">K\u00e9t h\u00e9t m\u00falva egy vas\u00e1rnap a reggelikor felh\u00edv\u00e1s hangzott el:<br>\u201eAki tud valamilyen hangszeren j\u00e1tszani, jelentkezzen a parancsnoki \u00e9p\u00fcletben Kereki sz\u00e1zados elvt\u00e1rsn\u00e1l, a kulturtisztn\u00e9l\u201d.<br>Mikor oda\u00e9rtem m\u00e1r megel\u0151z\u00f6tt Varga N\u00e1ndor Csongr\u00e1di katonat\u00e1rsam, aki opera\u00e9nekes \u00e9s nagyb\u0151g\u0151sk\u00e9nt jelentkezett. Tal\u00e1n \u00e9let\u00e9ben sem volt oper\u00e1ban, a nagyb\u0151g\u0151r\u0151l meg csak annyit tudott, hogy hangszer, \u00e9s fogalma sem volt, milyen h\u00farok vannak rajta.<br>Egyetlen b\u0151g\u0151sjel\u00f6ltk\u00e9nt els\u0151nek ker\u00fclt be az alakul\u00f3 zenekarba.<br>Leszerel\u00e9s\u00fcnkig \u00f6 volt a b\u0151g\u0151s\u00fcnk. Egyszer megjegyeztem neki: N\u00e1ndik\u00e1m, ha egyszer tal\u00e1lsz, egy j\u00f3 hangot majd meg\u00fcnnepelj\u00fck. Erre nem ker\u00fclt sor, viszont olyan t\u00f6k\u00e9letesen tudta forgatni a b\u0151g\u0151t, hogy felfigyeltek r\u00e1 a vend\u00e9gek.<br>A k\u00e9s\u0151bbi zenekarunkban mikor a Tiszti Klubban muzsik\u00e1ltunk, \u00e9s valamelyik tiszt k\u00e9rni akart egy dalt N\u00e1ndinak sz\u00f3l\u00edtva n\u00e1la rendelte meg, nekem, mint zenekarvezet\u0151nek csak a rendfokozatomat haszn\u00e1lt\u00e1k, kiv\u00e9ve Lajos Palit, aki velem j\u00e1rt \u00e1ltal\u00e1nos iskol\u00e1ba, \u00e9s ekkor m\u00e1r hadnagy volt.<\/p>\n\n\n\n<p class=\"wp-block-paragraph\">M\u00e1sodiknak M\u00fcller Samu bar\u00e1tom k\u00f6vetkezett, aki konzervat\u00f3riumot v\u00e9gzett kit\u0171n\u0151 muzsikus volt. Harson\u00e1val nem rendelkezett az alakulat, \u00edgy felv\u00e9telt nyert a zenekarba, \u00e9s m\u00e1snap k\u00eds\u00e9r\u0151vel hazautazott Mak\u00f3ra a hangszer\u00e9\u00e9rt.<br>\u0150 volt az els\u0151, aki elhagyta a laktany\u00e1t az \u00fajoncok k\u00f6z\u00fcl.<\/p>\n\n\n\n<p class=\"wp-block-paragraph\">Harmonik\u00e1snak 11-en jelentkeztek velem egy\u00fctt.<br>\u00c9letemben soha nem volt olyan j\u00f3 harmonik\u00e1m, mint az a 120 basszusos olasz harmonika, ami a sereg tulajdon\u00e1t k\u00e9pezte..<br>Els\u0151nek j\u00e1tszhattam, \u00e9s el\u0151adtam: Tab\u00e1nyi Mih\u00e1ly, Valse Musette c\u00edm\u0171 szerzem\u00e9ny\u00e9t.<br>Kereki sz\u00e1zados \u00fagy hallgatta, mintha a zeneakad\u00e9mia f\u0151titk\u00e1ra lett volna, akir\u0151l k\u00e9s\u0151bb megtudtuk: Akkor v\u00e9gezte a nyolcadik oszt\u00e1lyt levelez\u0151 tagozaton.<br>Miut\u00e1n befejeztem az el\u0151ad\u00e1som, \u00e1lljon a szoba jobb sark\u00e1ba \u2013mondta.<br>A t\u00f6bbi jelentkez\u0151nek fogalma sem volt a harmonik\u00e1z\u00e1sr\u00f3l, \u00e9s lehet, hogy \u0151k sem tudt\u00e1k mit j\u00e1tszanak.<\/p>\n\n\n\n<p class=\"wp-block-paragraph\">A rostavizsga ut\u00e1n Kereki sz\u00e1zados kinevezett zenekarvezet\u0151nek, pedig Schum J\u00f3zsi tenorszaxofonos, \u00e9s Szab\u00f3 Feri dobosok \u00f6regkaton\u00e1k voltak. \u0150k febru\u00e1rban szereltek le, mivel ekkor a nemzetk\u00f6zi helyzet miatt h\u00e1rom koroszt\u00e1ly volt a seregben, \u00e9s ketten a visszatartott katon\u00e1k k\u00f6z\u00e9 tartoztak. \uf0a0<\/p>\n\n\n\n<p class=\"wp-block-paragraph\">A k\u00f6vetkez\u0151 szombaton egy TSZ vacsor\u00e1ra vittek el benn\u00fcnket muzsik\u00e1lni, ahov\u00e1 elk\u00eds\u00e9rte a zenekart Vulevity Miodr\u00e1g z\u00e1szl\u00f3aljparancsnokunk, aki a k\u00e9s\u0151bbiekben is mindenhov\u00e1 k\u00eds\u00e9r\u0151nk lett, ahol a megrendel\u0151 csinos asszony volt.<br>Ezen a fell\u00e9p\u00e9sen j\u00f3l j\u00e1rtunk Schum J\u00f3zsival, aki lakodalmas zen\u00e9sz r\u00e9v\u00e9n rengeteg n\u00f3t\u00e1t tudott, \u00e9s val\u00f3s\u00e1ggal ropogtak a szaxi hangjai a cs\u00e1rd\u00e1sokn\u00e1l.<br>Samu bar\u00e1tom, aki nem ismert tal\u00e1n egy n\u00f3t\u00e1t, vagy cs\u00e1rd\u00e1st sem, diszkr\u00e9ten keresgette a hangokat k\u00eds\u00e9r\u0151 sz\u00f3lam\u00e1ban.<br>A szaxit a h\u00e1l\u00e1s TSZ parasztok megt\u00f6mt\u00e9k p\u00e9nzzel (10, 20, 50Ft.), ami katonaid\u0151mben soha t\u00f6bb\u00e9 nem fordult el\u0151. (h\u00fasz forint volt a havi zsoldom)<br>N\u00e1ndi hozta form\u00e1j\u00e1t, \u00e9s udvariasan mindig kiker\u00fclte a j\u00f3 hangokat.<br>Viccesen megjegyeztem: \u201eA cs\u00e1rd\u00e1sok l\u00fcktet\u0151 ritmus\u00e1n\u00e1l mondjad mindig magadban: hol passzol, hol nem passzol. Lehet, hogy \u00edgy k\u00f6nnyebb lesz ritmusra j\u00e1tszanod. Persze passzolni \u00fagy sem fog, \u00e9s a b\u0151g\u0151nek is furcsa volna\u201d.<\/p>\n\n\n\n<ul class=\"wp-block-list\">\n<li>Szerencs\u00e9mre a k\u00e9s\u0151bbi zenekarommal ilyen helyen nem szerepelt\u00fcnk soha, mert nagy \u00e9g\u00e9s lett volna, ugyanis, mintha nem is magyar emberek lettek volna t\u00e1rsaim, nem ismertek a lakodalmas m\u0171fajb\u00f3l semmit sem. &#8211;<br>Szab\u00f3 Feri t\u00f6k\u00e9letes ritmussal k\u00eds\u00e9rt a dobon mindent.<\/li>\n<\/ul>\n\n\n\n<p class=\"wp-block-paragraph\">Nem sokkal ezek ut\u00e1n letett\u00fck az \u00fcnnep\u00e9lyes katonai esk\u00fct, ahov\u00e1 sz\u00fcleim is elutaztak. Any\u00e1m egy csom\u00f3 hazai finoms\u00e1ggal l\u00e1tott el, amit mind felfaltam.<br>Mikor ki akartam k\u00eds\u00e9rni a kapuig \u0151ket, szembetal\u00e1lkoztunk Kereki sz\u00e1zadossal, aki bemutatkozott a sz\u00fcleimnek, majd zseb\u00e9b\u0151l kimarad\u00e1si enged\u00e9lyeket vett el\u0151, \u00e9s ki\u00e1ll\u00edtott sz\u00e1momra egyet, \u00edgy az \u00e1llom\u00e1sig kik\u00eds\u00e9rhettem ap\u00e1m\u00e9kat.<br>Ez volt a hangszertud\u00e1som els\u0151 kedvezm\u00e9nye a seregben.<br>Az \u00e1llom\u00e1son elk\u00f6sz\u00f6nt\u00fcnk, \u00e9s amint visszaindultam a v\u00e1rosba, bet\u00e9rtem a Fekete B\u00e1r\u00e1ny nev\u0171 kocsm\u00e1ba egy kors\u00f3 s\u00f6rre.<br>Ez az iv\u00f3 volt az egyetlen katon\u00e1knak tiltott hely a v\u00e1rosban.<br>A fiatal pinc\u00e9r, aki fogadott megk\u00e9rdezte: \u00dajonc vagy?<br>Igen mondtam!<br>Hozott egy kors\u00f3 s\u00f6rt, &#8211; kezembe nyomta \u00e9s hozz\u00e1tette, h\u00fazd le gyorsan, \u00e9s t\u00f6bb\u00e9 ne gyere ide, mert ez nektek tiltott hely, \u00e9s ezek a marh\u00e1k elvitetnek innen a hely\u0151rs\u00e9gi fogd\u00e1ba.<br>Fizetni akartam, de csak annyit mondott, &#8211; eg\u00e9szs\u00e9gedre, \u00e9s kik\u00eds\u00e9rt az ajt\u00f3ig.<br>A vend\u00e9gl\u0151ben egy l\u00e9lek sem volt, \u00edgy rejt\u00e9ly maradt sz\u00e1momra, hogy mi\u00e9rt volt tiltott hely?<br>\u00c9vtizedekkel k\u00e9s\u0151bb, mint civil bementem egyszer oda, \u00e9s megk\u00e9rdeztem: Katon\u00e1k most sem l\u00e1togathatj\u00e1k ezt a sz\u00f3rakoz\u00f3 helyet?<br>Sajnos nem, de nem tudjuk, hogy mi\u00e9rt? \u2013Volt a v\u00e1lasz.<\/p>\n\n\n\n<ol class=\"wp-block-list\" start=\"1962\">\n<li>december hatodik\u00e1n gyakorlatra ment\u00fcnk, de senki sem tudta, hogy hov\u00e1.<br>A KRESZ t\u00e1bla Debrecen fel\u00e9 mutatott, aminek meg\u00f6r\u00fcltem mivel mindig szerettem volna l\u00e1tni a h\u00edres v\u00e1rost, (M\u00e9g most sem l\u00e1ttam) de 6 kilom\u00e9terrel a v\u00e1ros el\u0151tt, lekanyarodtunk f\u00f6ld\u00fatra, \u00e9s kiker\u00fclt\u00fck.<br>Ezut\u00e1n r\u00f6viddel meg\u00e9rkezt\u00fcnk Tiszabur\u00e1ra, a Tisza partra, ahol meg\u00e1lltunk, \u00e9s itt kellett kik\u00f6t\u0151hidat \u00e9p\u00edten\u00fcnk.<br>Mindenkinek le kellett sz\u00e1llni a g\u00e9pkocsikr\u00f3l, \u00e9s elkezd\u0151d\u00f6tt a h\u00eddanyag lepakol\u00e1sa.<br>Balogh sz\u00e1zados (5 oszt\u00e1lyt v\u00e9gzett) megk\u00e9rdezte: \u201eMaga \u00e9retts\u00e9gizett ugye? &#8211; Jelentem igen! \u2013 Mondtam. Erre kezembe nyomott egy m\u00e9rc\u00e9s rudat, hogy m\u00e9rjem meg a v\u00edz m\u00e9lys\u00e9g\u00e9t. A v\u00edzparton \u00e1llva elkezdtem a r\u00fad hegy\u00e9t beledugdosni a v\u00edzbe, mire r\u00e1m ord\u00edtott nem azt mondtam, hogy pec\u00e1zzon, hanem menjen bele a v\u00edzbe \u00e9s m\u00e9rje meg a m\u00e9lys\u00e9g\u00e9t.<br>Volt rajtam egy gumi ruha, amely pillanatok alatt megtelt v\u00edzzel, mikor belementen a der\u00e9kig \u00e9r\u0151 jeges Tisz\u00e1ba.<br>A sz\u00e1zados a partr\u00f3l ir\u00e1ny\u00edtott, \u00e9s kar\u00f3kat sz\u00faratott le velem, melyek k\u00f6z\u00e9 \u00e9p\u00fclt k\u00e9s\u0151bb a h\u00edd.<br>T\u00e1rsaim a parton kuncogtak, m\u00edg a jeges f\u00fcrd\u0151z\u00e9sem szeml\u00e9lt\u00e9k.<br>Mikor v\u00e9gre kij\u00f6hettem, alig b\u00edrtam kim\u00e1szni, mivel a v\u00edzzel megtelt ruh\u00e1m olyan neh\u00e9z volt.<br>Nagy k\u00ednl\u00f3d\u00e1s k\u00f6zepette kik\u00e1sz\u00e1l\u00f3dtam a partra, ahol k\u00fcl\u00f6n m\u0171sorsz\u00e1mmal k\u00e1pr\u00e1ztattam el t\u00e1rsaimat, ugyanis a gumi ruh\u00e1mon l\u00e9v\u0151 lyukakb\u00f3l minden fel\u00e9 spriccelt a v\u00edz, \u00fagy n\u00e9zhettem ki, mint egy l\u00e1bonj\u00e1r\u00f3 gejz\u00edr.<br>Mikorra levetettem a gumiruh\u00e1t elhangzott a vez\u00e9nysz\u00f3: \u00e9p\u00edt\u00e9st megkezdeni!<br>El\u0151sz\u00f6r a baksarut (3 m\u00e1zsa) kellett becipelni a v\u00edzbe, hat embernek, \u00e9s pontos t\u00e1vols\u00e1gra elhelyezni egym\u00e1st\u00f3l. Ez a k\u00e9t talp tartotta az eg\u00e9sz kik\u00f6t\u0151hidat.<br>Ezut\u00e1n a parti talpakat helyezt\u00fck el, majd n\u00e9gy ember \u00e1ltal sz\u00e1ll\u00edtott 270 kil\u00f3s vashossztart\u00f3kat kellet csatlakoztatni, \u00e9s r\u00f6gz\u00edteni a v\u00edzben \u00e9s a parton l\u00e9v\u0151 talpakhoz. (Az \u00e9p\u00edt\u00e9s az \u00f6regkaton\u00e1kkal k\u00f6z\u00f6sen t\u00f6rt\u00e9nt)<br>Mikor minden a hely\u00e9re ker\u00fclt a burkolat felszerel\u00e9se ut\u00e1n k\u00e9szen \u00e1llt a kik\u00f6t\u0151h\u00edd.<br>A t\u00falparton ugyan olyan kik\u00f6t\u0151hidat k\u00e9sz\u00edtettek, \u00e9s a deszantosok \u00e1ltal ekkor\u00e1ra \u00f6ssze\u00e1ll\u00edtott benzinmotoros komp sz\u00e1ll\u00edtott \u00e1t a tankokat, g\u00e9pkocsikat, \u00e9s a teljes felszerel\u00e9ssel \u00e9rkez\u0151 szovjet hadoszt\u00e1lyt.<\/li>\n<\/ol>\n\n\n\n<p class=\"wp-block-paragraph\">Amikor befejezt\u00fck a kik\u00f6t\u0151h\u00edd \u00e9p\u00edt\u00e9s\u00e9t, a parton mindenkinek puc\u00e9rra kellett vetk\u0151znie, \u00e9s tet\u0151t\u0151l talpig sz\u00e1raz \u00f6lt\u00f6zetet kaptunk, \u00e9s abban szeml\u00e9lt\u00fck meg az \u00e1tkel\u00e9st, \u00e9s senkinek sem jutott esz\u00e9be, hogy a dolog neheze ezut\u00e1n kezd\u0151dik, amikor el kell bontani az \u00e9p\u00edtm\u00e9ny\u00fcnket.<br>Mire az utols\u00f3 szovjet j\u00e1rm\u0171vek is \u00e1tker\u00fcltek a t\u00falpartra, m\u00e1r a k\u00f6zeli Tiszabur\u00e1n r\u00e9gen elharangozt\u00e1k a templomok harangjai a delet, \u00e9s a falu gyerekei boldogan j\u00e1tszottak a mikul\u00e1s-aj\u00e1nd\u00e9kokkal.<br>Mint ahogy lenni szokott ilyenkor: kil\u0151tte az ellens\u00e9g a konyh\u00e1t, ami azt jelentette, hogy eg\u00e9sz nap addig m\u00e9g sem nem ett\u00fcnk, sem nem ittunk semmit.<br>M\u00e1r egy ideje elviharzott az utols\u00f3 ruszki j\u00e1rm\u0171, amikor elhangzott Balogh sz\u00e1zados vez\u00e9nyszava: Bont\u00e1st megkezdeni!<br>A tiszta, sz\u00e1raz \u00e9s meleg pufajk\u00e1inkban ism\u00e9t megrohamoztuk a jeges vizet, \u00e9s elkezd\u0151d\u00f6tt a h\u00eddelemek kisz\u00e1ll\u00edt\u00e1sa a partra.<br>Az nem volt el\u00e9g, hogy kihordtunk mindent, hanem ott p\u00e9ld\u00e1s sorba kellett lepakolni.<br>M\u00edg dolgoztunk, a tisztek felv\u00e1ltva el-elt\u0171ntek, amit naivan annak tudtuk be, hogy biztosan piszkolni mentek f\u00e9lre.<br>K\u00e9s\u0151bb kider\u00fclt, hogy a zsebeik rejtek\u00e9b\u0151l ilyenkor el\u0151ker\u00fcltek a kis lapos\u00fcveg p\u00e1link\u00e1k, amit ez esetben a hideg ellen haszn\u00e1lt\u00e1k, v\u00e9d\u0151italk\u00e9nt.<br>Javukra legyen \u00edrva, \u0151k sem ettek eg\u00e9sz nap, de nem is dolgoztak.<\/p>\n\n\n\n<p class=\"wp-block-paragraph\">Legnehezebb volt a baksaruk felszak\u00edt\u00e1sa a foly\u00f3 iszapos fenek\u00e9r\u0151l, melyeket a t\u00f6bbtonn\u00e1s j\u00e1rm\u0171vek szinte belepr\u00e9selt\u00e9k a talajba. Csup\u00e1n a fej\u00fcnk volt ki a v\u00edzb\u0151l, kezeinket a pocsoly\u00e1ban a talpazat al\u00e1 igyekezt\u00fck beer\u0151ltetni, hogy meg tudjuk v\u00e9gre mozd\u00edtani a monstrumot.<br>Hossz\u00fa szenved\u00e9s \u00e1r\u00e1n gy\u0151zedelmeskedt\u00fcnk, \u00e9s minden kiker\u00fclt a v\u00edzb\u0151l a partra.<br>A gyors lelt\u00e1roz\u00e1s ut\u00e1n Balogh sz\u00e1zados harmadszor is munk\u00e1ba \u00e1llt, \u00e9s kiadta harmadik jelszav\u00e1t a nap folyam\u00e1n: G\u00e9pkocsikra pakol\u00e1st megkezdeni!<\/p>\n\n\n\n<p class=\"wp-block-paragraph\">Ha a partot nem lepte volna, mintegy 20 cm h\u00f3, bizony\u00e1ra s\u00f6t\u00e9t lett volna, hiszen lassan 18 \u00f3ra volt.<br>Egy \u00fajabb r\u00f6gt\u00f6nz\u00f6tt sztript\u00edz ut\u00e1n, ism\u00e9t \u00e1t\u00f6lt\u00f6zt\u00fcnk, \u00e9s lassan kezdt\u00fcnk ism\u00e9t felmelegedni.<br>Eg\u00e9sz napos megfesz\u00edtett munka ut\u00e1n, tr\u00e9f\u00e1san bejelentette az egyik tiszt: Megnyert\u00fck a h\u00e1bor\u00fat, g\u00e9pkocsira!<br>A g\u00e9pj\u00e1rm\u0171vek csikorg\u00f3 kerekeinek hangj\u00e1n\u00e1l csak a korg\u00f3 gyomraink voltak hangosabbak, legal\u00e1bb is \u00fagy hallottuk.<br>Este nyolc \u00f3ra k\u00f6r\u00fcl v\u00e9gre \u00f6sszetal\u00e1lkoztunk a t\u00e1bori konyh\u00e1val, \u00e9s ami a kond\u00e9rban volt minden felfaltunk. Volt olyan, aki h\u00e1romszor is k\u00e9rt repet\u00e1t.<br>A lakm\u00e1roz\u00e1s ut\u00e1n h\u00e1rom deci b\u00f3rral z\u00e1rtuk az \u00f6r\u00f6k id\u0151re eml\u00e9kezetes kik\u00f6t\u0151h\u00edd \u00e9p\u00edt\u00e9st.<br>Hajnalodott mire vissza\u00e9rt\u00fcnk a laktany\u00e1ba, \u00f6sszefagyva, mivel a g\u00e9pkocsik ponyv\u00e1j\u00e1n \u00fclt\u00fcnk csup\u00e1n, de nem volt szabad felrakni a tart\u00f3 vasakra a hideg sz\u00e9l ellen, mert a Honv\u00e9delmi Miniszt\u00e9rium, valamelyik meleg szob\u00e1j\u00e1ban, valaki kital\u00e1lta, hogy szem\u00e9lysz\u00e1ll\u00edt\u00e1sn\u00e1l balesetvesz\u00e9lyes ponyv\u00e1s teheraut\u00f3n utazni.<br>Miut\u00e1n j\u00f3 meleg v\u00edzben megf\u00fcrd\u00f6tt\u00fcnk, m\u00e1snap 10 \u00f3r\u00e1ig alhatott mindenki.<br>A mai napig is hihetetlen sz\u00e1momra:<\/p>\n\n\n\n<p class=\"wp-block-paragraph\">Senki sem f\u00e1zott meg!<\/p>\n\n\n\n<p class=\"wp-block-paragraph\">Katona\u00e9letem els\u0151 h\u00e1rom h\u00f3napja gyorsan elrohant, \u00e9s janu\u00e1rban bevonultak az \u00fajoncok, akik egy h\u00f3napig a negyedik koroszt\u00e1lyt k\u00e9pviselt\u00e9k a seregben.<\/p>\n\n\n\n<p class=\"wp-block-paragraph\">A bevonul\u00e1s ut\u00e1n, miut\u00e1n letett\u00e9k a katonai esk\u00fct Poly\u00e1k J\u00f3zsi szegedi zen\u00e9sz (Konzervat\u00f3riumot v\u00e9gzett) lett a tenorszaxofonosunk \u2013 aki rendk\u00edv\u00fcl j\u00f3l improviz\u00e1lt, \u00e9s a legmodernebb technik\u00e1val f\u00fajta hangszer\u00e9t, valamint minden id\u0151k legtreh\u00e1nyabb katon\u00e1ja volt. \u2013<br>Leszerel\u00e9s ut\u00e1n disszid\u00e1lt, \u00e9s Ausztri\u00e1b\u00f3l \u00edrt haza sz\u00fcleinek:<br>\u201eSzerencs\u00e9sen meg\u00e9rkeztem, de r\u00f6videsen tov\u00e1bb megyek, mert nagyon \u00e1tf\u00fajnak a keleti szelek\u201d.<br>T\u00edz \u00e9vig \u00e9lt New Yorkban, jelenleg Sv\u00e9dorsz\u00e1g az \u00faj haz\u00e1ja.<br>Dobos: K\u00f3sz\u00f3 B\u00e9la lett, szint\u00e9n szegedi muzsikus, akinek feles\u00e9ge a Moln\u00e1r Dixieland billenty\u0171se, B\u00e9la pedig kiseg\u00edt\u0151 dobosa.<\/p>\n\n\n\n<p class=\"wp-block-paragraph\">A zenekarom tagjai: Poly\u00e1k J\u00f3zsef tenorszaxofon, M\u00fcller S\u00e1muel harsona, Varga N\u00e1ndor b\u0151g\u0151, Lad\u00e1nyi Tomi budapesti zsid\u00f3gyerek id\u0151nk\u00e9nt zongora. Ilyenkor harmonik\u00e1ztam. K\u00f3sz\u00f3 B\u00e9la dob.<\/p>\n\n\n\n<p class=\"wp-block-paragraph\">Ehhez a zenekarhoz csatlakozott a Tiszti Klubban a szentesi T\u0171z\u00e9r Laktanya katon\u00e1ja Korda (Klein) Gy\u00f6rgy a k\u00e9s\u0151bbi \u00e9nekszt\u00e1r.<br>Kord\u00e1t p\u00e1r h\u00f3nap m\u00falva elhelyezt\u00e9k a B\u00e9k\u00e9scsabai hadoszt\u00e1lyhoz, ahol a N\u00e9phadsereg c\u00edm\u0171 \u00fajs\u00e1gban eg\u00e9sz oldalas cikk jelent meg r\u00f3la, melyben m\u00e9ltatt\u00e1k: \u201eNem z\u00e1rk\u00f3zik el a hadt\u00e1pmunk\u00e1t\u00f3l sem\u201d.<\/p>\n\n\n\n<p class=\"wp-block-paragraph\">Ha a z\u00e1szl\u00f3aljparancsnok nem adta el m\u00e1shov\u00e1 a zenekart, akkor minden szombaton \u00e9s vas\u00e1rnap a Tiszti Klubban muzsik\u00e1ltunk, ahol nagy n\u00e9pszer\u0171s\u00e9gnek \u00f6rvendt\u00fcnk, \u00e9s n\u00e9ha vissza is \u00e9lt\u00fcnk helyzet\u00fcnkkel.<br>Elhangzott a TV. \u201eKi, Mit, Tud\u201d m\u0171sor\u00e1ban a G\u00e9zeng\u00faz c\u00edm\u0171 sl\u00e1ger, amit megtanultunk, mivel biztosak voltunk benne, hogy k\u00e9rni fogj\u00e1k.<br>\u00cdgy is t\u00f6rt\u00e9nt: Odaj\u00f6tt hozz\u00e1nk a z\u00e1szl\u00f3aljparancsnok \u00e9s k\u00e9rte, hogy j\u00e1tsszuk el a feles\u00e9g\u00e9nek a G\u00e9zeng\u00faz c. sz\u00e1mot.<br>Hat\u00e1rozottan kijelentettem, hogy nem tudjuk.<br>K\u00e9s\u0151bb ism\u00e9t k\u00e9rte, csak ekkor kieg\u00e9sz\u00edtette k\u00e9r\u00e9s\u00e9t 5-5 nap szabads\u00e1g be\u00edg\u00e9r\u00e9s\u00e9vel.<br>Ekkor r\u00e1zend\u00edtett\u00fcnk, \u00e9s olyan siker\u00fcnk volt vele, hogy h\u00e1romszor meg kellett ism\u00e9teln\u00fcnk.<br>Sz\u00fcnetben \u00fajra megjelent a nagyf\u0151n\u00f6k:<br>\u201eUgye, hogy tudj\u00e1k, mi\u00e9rt nem j\u00e1tszott\u00e1k el mikor el\u0151sz\u00f6r k\u00e9rtem\u201d?<br>Akkor m\u00e9g nem tudtuk, de egy katon\u00e1nak szabads\u00e1g\u00e9rt minden esz\u00e9be jut. \u2013 Feleltem vigyorogva!<br>Nagy f\u2026 maga, ezt m\u00e1r az els\u0151 bemutatkoz\u00e1sa \u00f3ta tudom, majd elment \u00e9s k\u00fcld\u00f6tt egy italt is a zenekarnak.<br>H\u00e9tf\u0151n boldogan utaztunk a kiharcolt szabads\u00e1gunkra.<br>M\u00edg a vonat zakatolva sz\u00e1guldott velem, felelevenedett bennem a r\u00e9gi k\u00f6zmond\u00e1s:<br>\u201eSzemesnek \u00e1ll a vil\u00e1g\u201d.<\/p>\n\n\n\n<p class=\"wp-block-paragraph\">K\u00e9s\u0151bb Korda Gyurival, 1973-ban Keszthelyen a Motel sz\u00e1ll\u00f3ban egym\u00e1s melletti szob\u00e1ban laktunk, \u00e9s rengeteg \u00faj sz\u00e1mmal l\u00e1tott el benn\u00fcnket.<br>Gyuri a Helikon b\u00e1rj\u00e1ban \u00e9nekelt, mi szint\u00e9n a Balaton-partj\u00e1n a Hull\u00e1m \u00e9tteremben muzsik\u00e1ltunk.<br>A Helikonban \u00e9s a H\u00e9vizi R\u00f3zsakert B\u00e1rban Sch\u00f6ck Ott\u00f3 zeneszerz\u0151 k\u00eds\u00e9rte a m\u0171sort, aki t\u00f6bbsz\u00f6r \u00e1tj\u00f6tt hozz\u00e1nk vacsor\u00e1zni \u2013Meghallgatni benn\u00fcnket \u2013 \u00e9s egy alkalommal felk\u00e9rt, hogy v\u00e1llaljam el helyette a m\u0171sork\u00eds\u00e9r\u00e9st, am\u00edg alkot\u00f3i szabads\u00e1gon lesz. Mivel nem volt m\u00e1s zongorista helyettem, \u00edgy nem j\u00f6tt l\u00e9tre a megtisztel\u0151 aj\u00e1nlat, pedig sz\u00edvesen mentem volna, hiszen a m\u0171sorban: Korda Gy\u00f6rgy, Aradszky L\u00e1szl\u00f3, Harangoz\u00f3 Teri, \u00e9s egy t\u00e1nckar l\u00e9pett fel.<br>Ez az \u00e1tka mikor du\u00f3ban dolgozik valaki.<\/p>\n\n\n\n<p class=\"wp-block-paragraph\">A Tiszabur\u00e1n v\u00e9grehajtott gyakorlat ut\u00e1n, egyre gyakrabban foglalkoztatott a gondolat: Valahogyan meg kellene szabadulnom az ut\u00e1sz mivoltomt\u00f3l.<br>Az \u00f6regkaton\u00e1kt\u00f3l megtudtam, hogy a janu\u00e1ri bevonul\u00e1s ut\u00e1n, mikor letett\u00e9k az esk\u00fct, \u00e1tszervez\u00e9s lesz a z\u00e1szl\u00f3aljon bel\u00fcl. (\u00d6n\u00e1ll\u00f3 z\u00e1szl\u00f3alj volt)<br>Kapva a lehet\u0151s\u00e9gen z\u00e1szl\u00f3alj kihallgat\u00e1sra jelentkeztem, \u00e9s kaptam enged\u00e9lyt.<br>Z\u00e1szl\u00f3alj-parancsnokunknak el\u0151adtam lelkes katonak\u00e9nt aggodalmam:<br>\u201eMuzsik\u00e1l\u00e1s ut\u00e1ni napokban f\u00e1radtan veszek r\u00e9szt a gyakorlatokon, \u00e9s nem szeretn\u00e9m t\u00e1rsaimat ilyen \u00e1llapotban kihaszn\u00e1lni, ez\u00e9rt k\u00e9rem a zenekarb\u00f3l val\u00f3 t\u00e1voz\u00e1somhoz a hozz\u00e1j\u00e1rul\u00e1st\u201d.<br>Nagyon j\u00f3 az indokl\u00e1s, de t\u00e9rjen a val\u00f3s t\u00e9nyre, \u00e9s mondja meg melyik fegyvernemet n\u00e9zte ki mag\u00e1nak? \u2013 Felelte a g\u00f3r\u00e9!<br>Jelentem a h\u00edrad\u00f3kat, \u00e9s M\u00fcller Samu harson\u00e1s a felder\u00edt\u0151kh\u00f6z szeretne \u00e1tker\u00fclni.<br>Kihallgat\u00e1ssal v\u00e9geztem, sz\u00f3lt a vez\u00e9nysz\u00f3, \u00e9s v\u00e1laszt sem kaptam k\u00e9r\u00e9semre.<\/p>\n\n\n\n<p class=\"wp-block-paragraph\">Az \u00fajoncok esk\u00fct\u00e9tele ut\u00e1n, m\u00e1snap \u00e1thelyeztek benn\u00fcnket a k\u00e9rt helyekre, annyival megtoldva a k\u00e9r\u00e9sem: Poly\u00e1k J\u00f3zsi szint\u00e9n h\u00edrad\u00f3 lett, K\u00f3sz\u00f3 B\u00e9la pedig \u00edrnok. Varga N\u00e1ndi \u00e9s Lad\u00e1nyi Tomi m\u00e1r kor\u00e1bban is \u00edrnokok voltak.<br>K\u00f6zbenj\u00e1r\u00e1somra \u00edgy az alakulat elit helyeire ker\u00fcltek a zenekar tagjai.<\/p>\n\n\n\n<p class=\"wp-block-paragraph\">R\u00f6viddel ezek ut\u00e1n h\u00edvatott Kereki sz\u00e1zados, \u00e9s k\u00f6z\u00f6lte velem, hogy a BARNEV\u00c1LL vezet\u0151s\u00e9ge k\u00e9ri az alakulat zenekar\u00e1t \u00f6ntev\u00e9keny sz\u00ednj\u00e1tsz\u00f3 k\u00f6r\u00fck kiseg\u00edt\u00e9s\u00e9hez.<br>Betanult\u00e1k a Boci, Boci, Tarka c\u00edm\u0171 vid\u00e1m kis operettet \u00e9s a bet\u00e9tdalokat kellene k\u00eds\u00e9rn\u00fcnk az \u00e1prilis 4-i bemutat\u00f3n.<br>R\u00f6vid gondolkoz\u00e1s ut\u00e1n el\u0151\u00e1lltam, elk\u00e9pzel\u00e9semmel: Ehhez sok pr\u00f3b\u00e1ra van sz\u00fcks\u00e9g, nek\u00fcnk jobb esetben, ha nincs senki szolg\u00e1latban, h\u00e9tv\u00e9g\u00e9n van csak kimarad\u00e1sunk, teh\u00e1t ilyen k\u00f6r\u00fclm\u00e9nyek k\u00f6z\u00f6tt felel\u0151tlens\u00e9g volna elv\u00e1llalni.<br>M\u00e1snap ism\u00e9t h\u00edvatott Kereki sz\u00e1zados, aki elint\u00e9zte, hogy ne oszthass\u00e1k be a zenekar tagjait szolg\u00e1latba, teh\u00e1t szolg\u00e1lat mentess\u00e9get kaptunk, valamint a kezembe nyomot egy olyan kimarad\u00e1si enged\u00e9lyt minden egyes zenekari tagnak, amely a BARNEV\u00c1LL pr\u00f3b\u00e1inak id\u0151szak\u00e1ra sz\u00f3lt.<br>Minden nap m\u00e1sik \u00fcgyeletes tiszt volt, \u00edgy minden nap kij\u00e1rtunk a v\u00e1rosba leg\u00e1lisan, \u00e9s soha senki sem vonta k\u00e9ts\u00e9gbe enged\u00e9ly\u00fcnk jogoss\u00e1g\u00e1t, mivel Vulevity Miodr\u00e1g z\u00e1szl\u00f3aljparancsnok \u00edrta al\u00e1. Az ilyen enged\u00e9lyeket mindig a sz\u00e1zadparancsnokok szokt\u00e1k adni.<br>Ett\u0151l kezdve, ha volt pr\u00f3ba, ha nem mi 17 \u00f3rakor elhagytuk a laktany\u00e1t, \u00e9s a benne l\u00e9v\u0151 \u0151r\u00fcltekh\u00e1z\u00e1t.<br>A sz\u00ednj\u00e1tsz\u00f3k vezet\u0151je Pataki L\u00e1szl\u00f3 volt, aki minden nap (Ha nem volt pr\u00f3ba akkor is) b\u0151s\u00e9ges vacsor\u00e1val v\u00e1rt benn\u00fcnket, amit d\u00e9lben tettek f\u00e9lre sz\u00e1munkra, melyhez hasonl\u00f3 min\u0151s\u00e9g\u0171t eg\u00e9sz katonakorunkban nem kaptunk a seregben.<br>Az \u0151sbemutat\u00f3ra, szerencs\u00e9nkre megh\u00edvt\u00e1k parancsnokainkat is, akik l\u00e1tva hasznos tev\u00e9kenys\u00e9g\u00fcnket tov\u00e1bbra is t\u00e1mogatt\u00e1k a kedvezm\u00e9nyeinket.<br>A pr\u00f3b\u00e1k ut\u00e1n a De\u00e1k Ferenc utca s\u00e1rk\u00e1n \u00e1ll\u00f3 kiskocsm\u00e1ba bet\u00e9rt\u00fcnk mindig egy-k\u00e9t poh\u00e1r s\u00f6rre, \u00e9s takarod\u00f3ra \u00e9rt\u00fcnk vissza a laktany\u00e1ba.<br>\u00c1prilis 4-\u00e9n engem el\u0151l\u00e9ptettek \u0151rvezet\u0151nek, \u00edgy \u00e1lland\u00f3 kimarad\u00e1st kaptam \u00e9jjel 23 \u00f3r\u00e1ig, teh\u00e1t a csoportos k\u00f6t\u0151d\u00f6tts\u00e9gem megsz\u0171nt, \u00e9s szabadon mehettem a zenekar n\u00e9lk\u00fcl is kimarad\u00e1sra.<br>Ez a kedvezm\u00e9ny a lehet\u0151 legjobbkor j\u00f6tt, mivel a BARNEV\u00c1LL sz\u00ednj\u00e1tsz\u00f3i k\u00f6z\u00f6tt szorosabb kapcsolatom alakult ki Kuti Juliann\u00e1val, (Adminisztr\u00e1tor volt) aki Kunszentm\u00e1rtonb\u00f3l ker\u00fclt a v\u00e1llalathoz dolgozni, \u00e9s alb\u00e9rletben lakott Szentesen a De\u00e1k Ferenc utc\u00e1ban, mely utc\u00e1n j\u00e1rtunk a laktany\u00e1b\u00f3l a sz\u00ednj\u00e1tsz\u00f3 pr\u00f3b\u00e1kra, teh\u00e1t:<br>\u201e\u00datba esett, j\u00f6vet &#8211; menet, mint a Takar\u00e9k Sz\u00f6vetkezet\u201d, ahogy a rekl\u00e1m hirdeti.<br>J\u00f3 alak\u00fa csinos hossz\u00fa feketehaj\u00fa h\u00f6lgy volt, aki egy \u00e9vvel volt fiatalabb n\u00e1lam.<br>Amikor m\u00f3domban \u00e1llt, k\u00e9rtem h\u00e9tv\u00e9g\u00e9n egy elt\u00e1voz\u00e1st, &#8211; Ilyenkor Lad\u00e1nyi Tomi zongor\u00e1zott helyettem a zenekarban \u2013 \u00e9s h\u00e9tf\u0151 reggel hat \u00f3r\u00e1ig mi\u00e9nk volt az eg\u00e9sz vil\u00e1g. \u2013<br>Jutka \u00e9s a sz\u00ednj\u00e1tsz\u00f3k kezdt\u00e9k elviselhet\u0151v\u00e9 tenni a sz\u00edvemb\u0151l ut\u00e1lt katona\u00e9letet.<\/p>\n\n\n\n<p class=\"wp-block-paragraph\">A BARNEV\u00c1LL sz\u00ednj\u00e1tsz\u00f3 csoportja feloszlott, de benn\u00fcnket tov\u00e1bbra is sz\u00edvesen l\u00e1tott Laci b\u00e1csi a volt sz\u00ednk\u00f6r vezet\u0151je, aki sokszor m\u00e9g s\u00f6rrel is kieg\u00e9sz\u00edtette a napi men\u00fcnket, \u00e9s ilyenkor hosszasan vel\u00fcnk maradt, mindenf\u00e9l\u00e9r\u0151l besz\u00e9lgetve.<br>Egyszer f\u00e9lreh\u00edvott, \u00e9s bizalmasan k\u00f6z\u00f6lte velem, hogy ha van kedvem, leszerel\u00e9s ut\u00e1n tervei voln\u00e1nak velem.<br>Megk\u00f6sz\u00f6ntem bizalm\u00e1t, &#8211; \u00e9s majd visszat\u00e9r\u00fcnk erre mikor aktu\u00e1lis lesz. \u2013 Feleltem!<\/p>\n\n\n\n<p class=\"wp-block-paragraph\">K\u00f6zeledett szeptember 29. a N\u00e9phadsereg Napja. (Ekkor szakaszvezet\u0151 lettem)<br>El\u0151tte k\u00e9t h\u00f3nappal Kereki sz\u00e1zados felh\u00edvatott irod\u00e1j\u00e1ba, \u00e9s k\u00e9rte, hogy a sz\u00ednj\u00e1tsz\u00f3k vezet\u0151j\u00e9vel besz\u00e9ljem meg, hogy ezen a napon adj\u00e1k el\u0151 a laktany\u00e1ban is a katon\u00e1knak az operettet.<br>Laci b\u00e1csinak a BARNEV\u00c1LL -n\u00e1l k\u00e9ts\u00e9gbeesve mondtam, ha Istent ismer, hozza \u00f6ssze erre az alkalomra a sz\u00ednj\u00e1tsz\u00f3kat, hiszen mi a laktany\u00e1ban \u00e9lvezt\u00fck eg\u00e9sz eltelt id\u0151 alatt a kedvezm\u00e9nyeket a nem l\u00e9tez\u0151 csoport pr\u00f3b\u00e1i miatt.<br>Ism\u00e9t elkezd\u0151dtek a pr\u00f3b\u00e1k, \u00e9s megmentettek benn\u00fcnket a kudarct\u00f3l.<\/p>\n\n\n\n<p class=\"wp-block-paragraph\">Egy h\u00e9ttel az el\u0151ad\u00e1s el\u0151tt a Szentesi Pet\u0151fi Sz\u00ednh\u00e1z nagyterm\u00e9ben a Honv\u00e9d M\u0171v\u00e9szegy\u00fcttes adott m\u0171sort.<br>Alakulatunkt\u00f3l h\u00e1rom sz\u00e1zad vehetett r\u00e9szt e m\u0171sor megtekint\u00e9s\u00e9n.<br>A t\u00f6rzssz\u00e1zad, melyhez tartoztunk, mi h\u00edrad\u00f3k is, k\u00f6z\u00f6tt\u00fck voltunk.<br>Mint rangid\u0151s szobaparancsnokot (szakaszvezet\u0151 voltam) engem jel\u00f6ltek ki a sz\u00e1zad vezet\u00e9s\u00e9re. (Minden sz\u00e1zadot sorkatona vezetett)<br>Kimen\u0151ruh\u00e1ba \u00f6lt\u00f6zve mas\u00edroztunk az Ady Endre utc\u00e1ban, k\u00f6zel a Tiszti Klubhoz, amikor mintegy sz\u00e1z\u00f6tven m\u00e9terre megl\u00e1ttam bar\u00e1tn\u0151met, Jutk\u00e1t k\u00f6zeledni fel\u00e9nk a j\u00e1rd\u00e1n.<br>Lemaradva az \u00e9lr\u0151l a sz\u00e1zad oldala mellett mondtam a katon\u00e1knak, hogy j\u00f6n fel\u00e9nk egy nagyon csinos h\u00f6lgy, figyeljenek r\u00e1m majd vigy\u00e1zz, jobbra n\u00e9zz-t fogok vez\u00e9nyelni. A katon\u00e1k ilyenre mindig kaphat\u00f3k voltak, \u00edgy most is mosolyogva v\u00e1llalt\u00e1k. Ism\u00e9t az \u00e9lre \u00e1lltam, \u00e9s ahogy Jutka a k\u00f6zel\u00fcnkbe \u00e9rt elhangzott a vez\u00e9nyszavam: Figyelem, &#8211; Vigy\u00e1zz, Jobbra n\u00e9zz!<br>Mintegy g\u00e9ppuska \u00fagy d\u00fcb\u00f6rg\u00f6tt a vigy\u00e1zzmenet.<br>Meglep\u0151dtem \u00e9n is a t\u00e1rsaim lelkesed\u00e9s\u00e9n.<br>Mikor Jutka mell\u00e9 \u00e9rt\u00fcnk \u00e9s megismert, fel\u00e9nk fordulva k\u00e9t k\u00e9zzel integetett fel\u00e9m.<br>Amikor elhagytuk, pihenjt vez\u00e9nyeltem, \u00e9s rendes menetben haladtunk tov\u00e1bb.<br>Ekkor a parancsnoki kocsi, ahogy mell\u00e9nk \u00e9rt, felvette a l\u00e9p\u00e9s\u00fcnk sebess\u00e9g\u00e9t, \u00e9s kisz\u00f3lt a leh\u00fazott ablakon a z\u00e1szl\u00f3aljparancsnok:<br>Szakaszvezet\u0151!<br>\u201eSz\u00e9p volt a vigy\u00e1zzmenet, de m\u00e1skor ne csin\u00e1ljon boh\u00f3cot a katon\u00e1kb\u00f3l\u201d!<br>Ekkor d\u00f6bbentem r\u00e1, hogy annak volt tudhat\u00f3 a sz\u00e1zad lelkesed\u00e9se, hogy \u00e9szrevett\u00e9k a g\u00f3r\u00e9 jelenl\u00e9t\u00e9t.<\/p>\n\n\n\n<p class=\"wp-block-paragraph\">A Pet\u0151fi zs\u00fafol\u00e1sig megtelt katon\u00e1kkal. A t\u00fcz\u00e9rek \u00e9s a m\u0171szaki katon\u00e1k k\u00f6z\u00fcl sokan parancssz\u00f3ra j\u00f6ttek el, akik a m\u0171sor ut\u00e1n egy \u00e9letre sz\u00f3l\u00f3 \u00e9lm\u00e9nnyel t\u00e1voztak, \u00e9s m\u00e9g hetek m\u00falva is arr\u00f3l a szenz\u00e1ci\u00f3s el\u0151ad\u00e1sr\u00f3l besz\u00e9lt mindenki, amit a hivat\u00e1sos m\u0171v\u00e9szek produk\u00e1ltak.<br>A m\u0171sor kezdetekor a f\u00fcgg\u00f6ny \u00f6ssze volt h\u00fazva, \u00e9s amikor megsz\u00f3lalt a zene, mintha egy harminctag\u00fa harmonika zenekar j\u00e1tszott volna, olyan benyom\u00e1st keltett mindenkiben a szenz\u00e1ci\u00f3s zenesz\u00f3.<br>Nem akartunk hinni a szem\u00fcnknek, amikor sz\u00e9th\u00fazt\u00e1k a f\u00fcgg\u00f6nyt, \u00e9s k\u00e9t harmonik\u00e1s lett l\u00e1that\u00f3, ahogy elektromos hangszer\u00fckkel elk\u00e1pr\u00e1ztattak benn\u00fcnket.<br>\u00c9letemben ekkor l\u00e1ttam el\u0151sz\u00f6r \u00e9n is elektromos harmonik\u00e1t, \u00e9s egyszerre kett\u0151t is. Olyan volt, a hanghat\u00e1s, mintha egy hatalmas templomi orgona hallatta volna hangj\u00e1t.<br>A t\u00e1ncosok, \u00e9nekesek, cig\u00e1nyzenekar, szavalat, hangszersz\u00f3l\u00f3k egym\u00e1st v\u00e1ltott\u00e1k a k\u00e9t \u00e9s f\u00e9l\u00f3r\u00e1s m\u0171sorban.<br>Az \u00f6tsz\u00e1z f\u0151nyi katona, olyan tapsviharral, hangork\u00e1nnal jutalmazta a m\u0171v\u00e9szeket, melyhez hasonl\u00f3 lehet, hogy soha nem hangzott m\u00e9g el abban a sz\u00ednh\u00e1zteremben.<br>Sok\u00e1ig gondolkoztam azon, hogy k\u00e9t \u00e9v szolg\u00e1lati id\u0151 alatt h\u00e1ny tehets\u00e9ges ember \u00e9l a seregben a tespedts\u00e9g h\u00e1tramozd\u00edt\u00f3 val\u00f3s\u00e1g\u00e1ban, \u00e9s senkinek esz\u00e9be sem jut, hogy tegyenek valamit annak \u00e9rdek\u00e9ben, hogy ne csak az id\u0151 teljen el felett\u00fcnk, hanem tehets\u00e9g\u00fcnkh\u00f6z m\u00e9rten produk\u00e1lhassunk is valamit.<\/p>\n\n\n\n<p class=\"wp-block-paragraph\">Mikor v\u00e9ge lett a fergeteges m\u0171sornak, csillog\u00f3 szem\u0171 katon\u00e1k t\u00e1voztak, akiknek k\u00e9t \u00e9s f\u00e9l\u00f3ra alatt olyan \u00e9lm\u00e9nyben volt r\u00e9sz\u00fck, ami feledtette vel\u00fck a seregben uralkod\u00f3 \u00f6nk\u00e9nyuralmat, ami sokszor megal\u00e1ztat\u00e1st is el\u0151id\u00e9zett.<br>Szeptember 29-\u00e9n eg\u00e9sz napos programmal \u00fcnnepelt\u00fcnk a laktany\u00e1ban, ahov\u00e1 rengeteg sz\u00fcl\u0151 is elj\u00f6tt, k\u00fcl\u00f6n\u00f6sen az els\u0151\u00e9vesek hozz\u00e1tartoz\u00f3i.<br>D\u00e9lut\u00e1n \u00f6t \u00f3rakor kezd\u0151d\u00f6tt az \u00e9tkezd\u00e9ben a BARNEV\u00c1LL sz\u00ednj\u00e1tsz\u00f3inak el\u0151ad\u00e1sa, amelyet a katon\u00e1k k\u00f6z\u00f6tt elvegy\u00fclt sz\u00fcl\u0151k is megn\u00e9ztek, \u00e9s meg voltak gy\u0151z\u0151dve, hogy milyen komoly kultur\u00e1lis \u00e9let van a laktany\u00e1ban, holott az \u00e9gvil\u00e1gon semmi sem volt.<\/p>\n\n\n\n<p class=\"wp-block-paragraph\">A m\u0171sor v\u00e9gezt\u00e9vel elk\u00eds\u00e9rtem Jutk\u00e1t, \u00e9s \u00e9jjel egy \u00f3r\u00e1ig n\u00e1la voltam.<br>Mint szakaszvezet\u0151nek este a takarod\u00f3 ut\u00e1n (22 \u00f3ra) csillagonk\u00e9nt j\u00e1rt egy \u00f3ra kimen\u0151 hosszabb\u00edt\u00e1s, \u00e9s ehhez j\u00e1rt nekem az \u00e9lenj\u00e1r\u00f3 szakasz tagj\u00e1nak, \u00e9s oszt\u00e1lyos t\u00e1v\u00edr\u00e1sznak m\u00e9g egy \u00f3ra.<br>Teh\u00e1t minden nap 02 \u00f3r\u00e1ig volt kimarad\u00e1som, amit igyekeztem ki is haszn\u00e1lni.<br>Miel\u0151tt elk\u00f6sz\u00f6nt\u00fcnk meg\u00edg\u00e9rtem, hogy a k\u00f6vetkez\u0151 h\u00e9tv\u00e9g\u00e9n k\u00e9rek elt\u00e1voz\u00e1st, \u00e9s kir\u00e1ndulunk a Kurca, vagy a Duna partra a kellemes \u0151szi id\u0151ben.<br>Ekkor m\u00e9g gondolni sem mertem, hogy soha t\u00f6bb\u00e9 nem tal\u00e1lkozunk, \u00e9s az egy\u00fctt t\u00f6lt\u00f6tt id\u0151b\u0151l csup\u00e1n eml\u00e9k lesz.<br>M\u00e1snap reggel a z\u00e1szl\u00f3alj sorakoz\u00f3n bejelentett\u00e9k, hogy senki nem hagyhatja el a laktany\u00e1t az elk\u00f6vetkez\u0151 h\u00e9ten, mivel \u00e1thelyezt\u00e9k az alakulatot Baj\u00e1ra, \u00e9s megkezd\u0151dik a k\u00e9sz\u00fcl\u0151d\u00e9s, pakol\u00e1s. Csak a n\u00e9gy fal maradhatott, azon k\u00edv\u00fcl mindent teheraut\u00f3kra kellett pakolni. (A szabads\u00e1gon l\u00e9v\u0151ket visszah\u00edvt\u00e1k)<\/p>\n\n\n\n<p class=\"wp-block-paragraph\">A telefonk\u00f6zpont is hozz\u00e1nk h\u00edrad\u00f3khoz tartozott, ahonnan m\u00e9g a tiszteknek is tilos volt a v\u00e1rosi, vagy t\u00e1vols\u00e1gi vonal h\u00edv\u00e1sa, ennek ellen\u00e9re v\u00e1llaltam a kock\u00e1zatot, \u00e9s felh\u00edvtam a munkahely\u00e9n Jutk\u00e1t, hogy tudassam vele a szomor\u00fa h\u00edrt. Nem fukarkodtam a percd\u00edjjal, (A honv\u00e9ds\u00e9g fizette) \u00e9s t\u00f6bb mint egy \u00f3r\u00e1t besz\u00e9lgett\u00fcnk, \u00e9s minden \u00edg\u00e9retek n\u00e9lk\u00fcl elk\u00f6sz\u00f6nt\u00fcnk.<br>Mint k\u00e9s\u0151bb kider\u00fclt \u00f6r\u00f6kre!<br>Soha t\u00f6bb\u00e9 nem l\u00e1ttam, \u00e9s nem is hallottam fel\u0151le.<br>A Szentesen t\u00f6lt\u00f6tt 11 h\u00f3nap katonaid\u0151mben csup\u00e1n Jutka jelentette a sz\u00e9ps\u00e9get, \u00e9s j\u00f3s\u00e1got!<\/p>\n\n\n\n<p class=\"wp-block-paragraph\">M\u00e9g azon a h\u00e9ten, p\u00e9nteken reggeli ut\u00e1n elindult a konvojunk, h\u00e1trahagyva a Szentesi Damjanich Laktany\u00e1t, \u00e9s \u00faj rem\u00e9nyekkel t\u0171zdelve, felv\u00e9rtezve k\u00f6zeledt\u00fcnk a Baj\u00e1ra a Cs\u00e1volyi \u00fati harckocsi laktanya egyik fel\u00e9be, ugyanis ezt a laktany\u00e1t a harckocsiz\u00f3k \u00e9s a m\u0171szakiak osztott\u00e1k meg.<br>K\u00e9s\u0151bb visszas\u00edrtuk Szentest, mely v\u00e1ros katona szemmel n\u00e9zve egy nyugodt telep\u00fcl\u00e9s volt, ahol csak k\u00fcl\u00f6nleges esem\u00e9nyekkor lehetett j\u00e1r\u0151r\u00f6ket l\u00e1tni.<\/p>\n\n\n\n<p class=\"wp-block-paragraph\">Baj\u00e1n szinte minden alkalommal el kellett menni a Hely\u0151rs\u00e9g el\u0151tt \u00e9s hemzsegtek a j\u00e1r\u0151r\u00f6k.<br>Ebben az id\u0151ben Baj\u00e1n: Harckocsiz\u00f3k, m\u0171szakiak, l\u00f6v\u00e9szek, \u00e9s oroszok voltak elsz\u00e1ll\u00e1solva laktany\u00e1kban, ami t\u00f6bb ezer katon\u00e1t jelentett, \u00edgy \u00e9rthet\u0151 volt a t\u00falzott j\u00e1r\u0151r\u00f6z\u00e9s.<\/p>\n","protected":false},"excerpt":{"rendered":"<p>HONV\u00c9DS\u00c9G &#8211; SZENTES 1968 nyar\u00e1t\u00f3l dolgoztam a Mak\u00f3i M\u0171vel\u0151d\u00e9si H\u00e1z zongorist\u00e1jak\u00e9nt.Amikor nyugd\u00edjba mentem, \u00e9s az id\u0151met kikereste a nyugd\u00edjint\u00e9zet, akkor der\u00fclt ki, hogy csak 1961. janu\u00e1r 01-t\u0151l jelentettek be, \u00e9s lett folyamatos a munkaviszonyom 1969. j\u00falius 06-ig.A kezdeti id\u0151szakban volt, hogy h\u00e1rom h\u00f3napig sem kaptam fizet\u00e9st, &#8211; hasonl\u00f3an a t\u00f6bbi dolgoz\u00f3hoz \u2013 amit k\u00e9s\u0151bb egy &#8230; <a title=\"HONV\u00c9DS\u00c9G &#8211; SZENTES\" class=\"read-more\" href=\"https:\/\/bozsogiattila.hu\/?p=1585\" aria-label=\"Tov\u00e1bbiak HONV\u00c9DS\u00c9G &#8211; SZENTES\">Olvass tov\u00e1bb<\/a><\/p>\n","protected":false},"author":3,"featured_media":0,"comment_status":"open","ping_status":"open","sticky":false,"template":"","format":"standard","meta":{"footnotes":""},"categories":[331],"tags":[],"class_list":["post-1585","post","type-post","status-publish","format-standard","hentry","category-emlkeim"],"yoast_head":"<!-- This site is optimized with the Yoast SEO plugin v21.8 - https:\/\/yoast.com\/wordpress\/plugins\/seo\/ -->\n<title>HONV\u00c9DS\u00c9G - SZENTES - Bozsogi Attila<\/title>\n<meta name=\"robots\" content=\"index, follow, max-snippet:-1, max-image-preview:large, max-video-preview:-1\" \/>\n<link rel=\"canonical\" href=\"https:\/\/bozsogiattila.hu\/?p=1585\" \/>\n<meta property=\"og:locale\" content=\"hu_HU\" \/>\n<meta property=\"og:type\" content=\"article\" \/>\n<meta property=\"og:title\" content=\"HONV\u00c9DS\u00c9G - SZENTES - Bozsogi Attila\" \/>\n<meta property=\"og:description\" content=\"HONV\u00c9DS\u00c9G &#8211; SZENTES 1968 nyar\u00e1t\u00f3l dolgoztam a Mak\u00f3i M\u0171vel\u0151d\u00e9si H\u00e1z zongorist\u00e1jak\u00e9nt.Amikor nyugd\u00edjba mentem, \u00e9s az id\u0151met kikereste a nyugd\u00edjint\u00e9zet, akkor der\u00fclt ki, hogy csak 1961. janu\u00e1r 01-t\u0151l jelentettek be, \u00e9s lett folyamatos a munkaviszonyom 1969. j\u00falius 06-ig.A kezdeti id\u0151szakban volt, hogy h\u00e1rom h\u00f3napig sem kaptam fizet\u00e9st, &#8211; hasonl\u00f3an a t\u00f6bbi dolgoz\u00f3hoz \u2013 amit k\u00e9s\u0151bb egy ... Olvass tov\u00e1bb\" \/>\n<meta property=\"og:url\" content=\"https:\/\/bozsogiattila.hu\/?p=1585\" \/>\n<meta property=\"og:site_name\" content=\"Bozsogi Attila\" \/>\n<meta property=\"article:published_time\" content=\"2024-01-15T19:25:24+00:00\" \/>\n<meta property=\"article:modified_time\" content=\"2024-01-15T19:25:25+00:00\" \/>\n<meta name=\"author\" content=\"Bozsogi Attila\" \/>\n<meta name=\"twitter:card\" content=\"summary_large_image\" \/>\n<meta name=\"twitter:label1\" content=\"Szerz\u0151:\" \/>\n\t<meta name=\"twitter:data1\" content=\"Bozsogi Attila\" \/>\n\t<meta name=\"twitter:label2\" content=\"Becs\u00fclt olvas\u00e1si id\u0151\" \/>\n\t<meta name=\"twitter:data2\" content=\"32 perc\" \/>\n<script type=\"application\/ld+json\" class=\"yoast-schema-graph\">{\"@context\":\"https:\/\/schema.org\",\"@graph\":[{\"@type\":\"WebPage\",\"@id\":\"https:\/\/bozsogiattila.hu\/?p=1585\",\"url\":\"https:\/\/bozsogiattila.hu\/?p=1585\",\"name\":\"HONV\u00c9DS\u00c9G - SZENTES - Bozsogi Attila\",\"isPartOf\":{\"@id\":\"https:\/\/bozsogiattila.hu\/#website\"},\"datePublished\":\"2024-01-15T19:25:24+00:00\",\"dateModified\":\"2024-01-15T19:25:25+00:00\",\"author\":{\"@id\":\"https:\/\/bozsogiattila.hu\/#\/schema\/person\/488c99f554a8c4039201260dd5eb795e\"},\"breadcrumb\":{\"@id\":\"https:\/\/bozsogiattila.hu\/?p=1585#breadcrumb\"},\"inLanguage\":\"hu\",\"potentialAction\":[{\"@type\":\"ReadAction\",\"target\":[\"https:\/\/bozsogiattila.hu\/?p=1585\"]}]},{\"@type\":\"BreadcrumbList\",\"@id\":\"https:\/\/bozsogiattila.hu\/?p=1585#breadcrumb\",\"itemListElement\":[{\"@type\":\"ListItem\",\"position\":1,\"name\":\"Kezd\u0151lap\",\"item\":\"https:\/\/bozsogiattila.hu\/\"},{\"@type\":\"ListItem\",\"position\":2,\"name\":\"HONV\u00c9DS\u00c9G &#8211; SZENTES\"}]},{\"@type\":\"WebSite\",\"@id\":\"https:\/\/bozsogiattila.hu\/#website\",\"url\":\"https:\/\/bozsogiattila.hu\/\",\"name\":\"Bozsogi Attila\",\"description\":\"a zen\u00e9sz, \u00edr\u00f3 munk\u00e1ss\u00e1g\u00e1nak \u00e9s a mak\u00f3i muzsikusok eml\u00e9k\u00e9t \u0151rz\u0151 oldal\",\"potentialAction\":[{\"@type\":\"SearchAction\",\"target\":{\"@type\":\"EntryPoint\",\"urlTemplate\":\"https:\/\/bozsogiattila.hu\/?s={search_term_string}\"},\"query-input\":\"required name=search_term_string\"}],\"inLanguage\":\"hu\"},{\"@type\":\"Person\",\"@id\":\"https:\/\/bozsogiattila.hu\/#\/schema\/person\/488c99f554a8c4039201260dd5eb795e\",\"name\":\"Bozsogi Attila\",\"image\":{\"@type\":\"ImageObject\",\"inLanguage\":\"hu\",\"@id\":\"https:\/\/bozsogiattila.hu\/#\/schema\/person\/image\/\",\"url\":\"https:\/\/secure.gravatar.com\/avatar\/7da6b5985e34ed798d1670c54ce7d20e6a53b800bb0c07945c64b09392f3dbfd?s=96&d=mm&r=g\",\"contentUrl\":\"https:\/\/secure.gravatar.com\/avatar\/7da6b5985e34ed798d1670c54ce7d20e6a53b800bb0c07945c64b09392f3dbfd?s=96&d=mm&r=g\",\"caption\":\"Bozsogi Attila\"},\"sameAs\":[\"http:\/\/www.boszogiattila.hu\"],\"url\":\"https:\/\/bozsogiattila.hu\/?author=3\"}]}<\/script>\n<!-- \/ Yoast SEO plugin. -->","yoast_head_json":{"title":"HONV\u00c9DS\u00c9G - SZENTES - Bozsogi Attila","robots":{"index":"index","follow":"follow","max-snippet":"max-snippet:-1","max-image-preview":"max-image-preview:large","max-video-preview":"max-video-preview:-1"},"canonical":"https:\/\/bozsogiattila.hu\/?p=1585","og_locale":"hu_HU","og_type":"article","og_title":"HONV\u00c9DS\u00c9G - SZENTES - Bozsogi Attila","og_description":"HONV\u00c9DS\u00c9G &#8211; SZENTES 1968 nyar\u00e1t\u00f3l dolgoztam a Mak\u00f3i M\u0171vel\u0151d\u00e9si H\u00e1z zongorist\u00e1jak\u00e9nt.Amikor nyugd\u00edjba mentem, \u00e9s az id\u0151met kikereste a nyugd\u00edjint\u00e9zet, akkor der\u00fclt ki, hogy csak 1961. janu\u00e1r 01-t\u0151l jelentettek be, \u00e9s lett folyamatos a munkaviszonyom 1969. j\u00falius 06-ig.A kezdeti id\u0151szakban volt, hogy h\u00e1rom h\u00f3napig sem kaptam fizet\u00e9st, &#8211; hasonl\u00f3an a t\u00f6bbi dolgoz\u00f3hoz \u2013 amit k\u00e9s\u0151bb egy ... Olvass tov\u00e1bb","og_url":"https:\/\/bozsogiattila.hu\/?p=1585","og_site_name":"Bozsogi Attila","article_published_time":"2024-01-15T19:25:24+00:00","article_modified_time":"2024-01-15T19:25:25+00:00","author":"Bozsogi Attila","twitter_card":"summary_large_image","twitter_misc":{"Szerz\u0151:":"Bozsogi Attila","Becs\u00fclt olvas\u00e1si id\u0151":"32 perc"},"schema":{"@context":"https:\/\/schema.org","@graph":[{"@type":"WebPage","@id":"https:\/\/bozsogiattila.hu\/?p=1585","url":"https:\/\/bozsogiattila.hu\/?p=1585","name":"HONV\u00c9DS\u00c9G - SZENTES - Bozsogi Attila","isPartOf":{"@id":"https:\/\/bozsogiattila.hu\/#website"},"datePublished":"2024-01-15T19:25:24+00:00","dateModified":"2024-01-15T19:25:25+00:00","author":{"@id":"https:\/\/bozsogiattila.hu\/#\/schema\/person\/488c99f554a8c4039201260dd5eb795e"},"breadcrumb":{"@id":"https:\/\/bozsogiattila.hu\/?p=1585#breadcrumb"},"inLanguage":"hu","potentialAction":[{"@type":"ReadAction","target":["https:\/\/bozsogiattila.hu\/?p=1585"]}]},{"@type":"BreadcrumbList","@id":"https:\/\/bozsogiattila.hu\/?p=1585#breadcrumb","itemListElement":[{"@type":"ListItem","position":1,"name":"Kezd\u0151lap","item":"https:\/\/bozsogiattila.hu\/"},{"@type":"ListItem","position":2,"name":"HONV\u00c9DS\u00c9G &#8211; SZENTES"}]},{"@type":"WebSite","@id":"https:\/\/bozsogiattila.hu\/#website","url":"https:\/\/bozsogiattila.hu\/","name":"Bozsogi Attila","description":"a zen\u00e9sz, \u00edr\u00f3 munk\u00e1ss\u00e1g\u00e1nak \u00e9s a mak\u00f3i muzsikusok eml\u00e9k\u00e9t \u0151rz\u0151 oldal","potentialAction":[{"@type":"SearchAction","target":{"@type":"EntryPoint","urlTemplate":"https:\/\/bozsogiattila.hu\/?s={search_term_string}"},"query-input":"required name=search_term_string"}],"inLanguage":"hu"},{"@type":"Person","@id":"https:\/\/bozsogiattila.hu\/#\/schema\/person\/488c99f554a8c4039201260dd5eb795e","name":"Bozsogi Attila","image":{"@type":"ImageObject","inLanguage":"hu","@id":"https:\/\/bozsogiattila.hu\/#\/schema\/person\/image\/","url":"https:\/\/secure.gravatar.com\/avatar\/7da6b5985e34ed798d1670c54ce7d20e6a53b800bb0c07945c64b09392f3dbfd?s=96&d=mm&r=g","contentUrl":"https:\/\/secure.gravatar.com\/avatar\/7da6b5985e34ed798d1670c54ce7d20e6a53b800bb0c07945c64b09392f3dbfd?s=96&d=mm&r=g","caption":"Bozsogi Attila"},"sameAs":["http:\/\/www.boszogiattila.hu"],"url":"https:\/\/bozsogiattila.hu\/?author=3"}]}},"jetpack_featured_media_url":"","_links":{"self":[{"href":"https:\/\/bozsogiattila.hu\/index.php?rest_route=\/wp\/v2\/posts\/1585","targetHints":{"allow":["GET"]}}],"collection":[{"href":"https:\/\/bozsogiattila.hu\/index.php?rest_route=\/wp\/v2\/posts"}],"about":[{"href":"https:\/\/bozsogiattila.hu\/index.php?rest_route=\/wp\/v2\/types\/post"}],"author":[{"embeddable":true,"href":"https:\/\/bozsogiattila.hu\/index.php?rest_route=\/wp\/v2\/users\/3"}],"replies":[{"embeddable":true,"href":"https:\/\/bozsogiattila.hu\/index.php?rest_route=%2Fwp%2Fv2%2Fcomments&post=1585"}],"version-history":[{"count":1,"href":"https:\/\/bozsogiattila.hu\/index.php?rest_route=\/wp\/v2\/posts\/1585\/revisions"}],"predecessor-version":[{"id":1586,"href":"https:\/\/bozsogiattila.hu\/index.php?rest_route=\/wp\/v2\/posts\/1585\/revisions\/1586"}],"wp:attachment":[{"href":"https:\/\/bozsogiattila.hu\/index.php?rest_route=%2Fwp%2Fv2%2Fmedia&parent=1585"}],"wp:term":[{"taxonomy":"category","embeddable":true,"href":"https:\/\/bozsogiattila.hu\/index.php?rest_route=%2Fwp%2Fv2%2Fcategories&post=1585"},{"taxonomy":"post_tag","embeddable":true,"href":"https:\/\/bozsogiattila.hu\/index.php?rest_route=%2Fwp%2Fv2%2Ftags&post=1585"}],"curies":[{"name":"wp","href":"https:\/\/api.w.org\/{rel}","templated":true}]}}