{"id":175,"date":"2003-09-16T09:19:00","date_gmt":"2003-09-16T09:19:00","guid":{"rendered":"https:\/\/bozsogiattila.hu\/?p=175"},"modified":"2024-01-06T09:31:33","modified_gmt":"2024-01-06T09:31:33","slug":"a-kocsanyos-tolgy","status":"publish","type":"post","link":"https:\/\/bozsogiattila.hu\/?p=175","title":{"rendered":"A KOCS\u00c1NYOS T\u00d6LGY"},"content":{"rendered":"\n<p class=\"wp-block-paragraph\">A KOCS\u00c1NYOS T\u00d6LGY<\/p>\n\n\n\n<p class=\"wp-block-paragraph\">Kocs\u00e1nyos t\u00f6lgy \u00e1ll mag\u00e1ban<br>A Megyeh\u00e1z utc\u00e1ba&#8217; ,<br>Megcsod\u00e1lja, ki arra j\u00e1r,<br>M\u00e1r k\u00e9t \u00e9vsz\u00e1zad \u00f3ta.<\/p>\n\n\n\n<p class=\"wp-block-paragraph\">Mak\u00f3 leg\u00f6regebb f\u00e1ja,<br>\u00c9s mindenki ismeri,<br>T\u00f6bb nemzed\u00e9k elj\u00f6tt hozz\u00e1<br>A tisztelet\u00e9t tenni.<\/p>\n\n\n\n<p class=\"wp-block-paragraph\">Kossuth toborz\u00f3 k\u00f6r\u00fatj\u00e1n<br>Feln\u00e9zhetett a f\u00e1ra,<br>Szabads\u00e1gr\u00f3l \u00e1lmodozva<br>\u00c9s katon\u00e1kra v\u00e1rva.<\/p>\n\n\n\n<p class=\"wp-block-paragraph\">A lombkoron\u00e1ja alatt,<br>Megpihent Juh\u00e1sz Gyula,<br>\u00c1rny\u00e9k\u00e1ban gondolat\u00e1t<br>Sok sz\u00e9p versben meg\u00edrta.<\/p>\n\n\n\n<p class=\"wp-block-paragraph\">Juh\u00e1sz Gyula eml\u00e9kf\u00e1ja,<br>\u00cdgy lett e matuzs\u00e1lem,<br>A k\u00f6lt\u0151 \u00e9s az \u00f6reg t\u00f6lgy,<br>M\u00e1r r\u00e9gen t\u00f6rt\u00e9nelem.<\/p>\n\n\n\n<p class=\"wp-block-paragraph\">A nagy fa, ha sz\u00f3lni tudna,<br>Milyen sokat mondhatna,<br>H\u00e1bor\u00fakat, \u00e1rvizeket<br>\u00c9s vil\u00e1g\u00e9g\u00e9st l\u00e1tva.<\/p>\n\n\n\n<p class=\"wp-block-paragraph\">Forradalmak szele f\u00fajta,<br>A b\u00fcszke koron\u00e1j\u00e1t,<br>Ellens\u00e9gek harckocsija<br>Zavarta meg nyugalm\u00e1t.<\/p>\n\n\n\n<p class=\"wp-block-paragraph\">Mellette az orsz\u00e1g\u00faton<br>Sz\u00e1guld a sok kamion,<br>Teheraut\u00f3, szem\u00e9lykocsi<br>Mind itt kell, hogy haladjon.<\/p>\n\n\n\n<p class=\"wp-block-paragraph\">Buszb\u00f3l a sok turista<br>Megb\u00e1mulja a v\u00e9n f\u00e1t,<br>Hogy h\u00e1ny \u00e9ves lehet vajon,<br>Sok\u00e1ig azt vitatj\u00e1k.<\/p>\n\n\n\n<p class=\"wp-block-paragraph\">L\u00e1thatott szerelmeseket<br>A tal\u00e1lk\u00e1kra v\u00e1rva,<br>Sajn\u00e1lhatta kit elhagyott<br>Mind\u00f6r\u00f6kre a p\u00e1rja.<\/p>\n\n\n\n<p class=\"wp-block-paragraph\">Gyermekkacaj, zsivaj, l\u00e1rma<br>A t\u00f6rzs\u00e9t k\u00f6r\u00fclveszi,<br>Sok \u00f3vod\u00e1s \u00e9s iskol\u00e1s<br>J\u00e1tsz\u00f3ter\u00e9t szereti.<\/p>\n\n\n\n<p class=\"wp-block-paragraph\">Feln\u0151 lassan a sok gyermek<br>\u00c9s \u00faj eszm\u00e9k sz\u00fcletnek,<br>Megv\u00e1ltoztatj\u00e1k a rendszert<br>S egy szebb j\u00f6v\u0151t terveznek.<\/p>\n\n\n\n<p class=\"wp-block-paragraph\">Tan\u00e1cseln\u00f6k, polg\u00e1rmester<br>Egym\u00e1st v\u00e1ltj\u00e1k a c\u00edmek,<br>A b\u00e1rsonysz\u00e9k megmarad<br>S \u00fajgazdagok feln\u0151nek.<\/p>\n\n\n\n<p class=\"wp-block-paragraph\">A koros t\u00f6lgy v\u00e9dett fa m\u00e1r,<br>De \u0151 semmit nem tehet,<br>Ki szeg\u00e9ny volt, szeg\u00e9ny marad<br>S a gazdag gazdagabb lett.<\/p>\n\n\n\n<p class=\"wp-block-paragraph\">A viharok nem m\u00faltak el,<br>S\u0171r\u0171 lombjai felett,<br>S a magasb\u00f3l figyelheti,<br>Milyenek az emberek.<\/p>\n\n\n\n<p class=\"wp-block-paragraph\">Kocs\u00e1nyos t\u00f6lgy \u00e1ll mag\u00e1ban,<br>Tal\u00e1n csak arra v\u00e1rva, \/hogy\/<br>Legyen boldog minden ember,<br>Mintha arr\u00f3l \u00e1lmodna.<\/p>\n\n\n\n<p class=\"wp-block-paragraph\">Mak\u00f3, 2003. 09.16.<\/p>\n\n\n\n<figure class=\"wp-block-image size-large\"><img decoding=\"async\" src=\"https:\/\/upload.wikimedia.org\/wikipedia\/commons\/e\/e6\/Juh%C3%A1sz_Gyula_tree_Mak%C3%B3.jpg\" alt=\"\"\/><\/figure>\n","protected":false},"excerpt":{"rendered":"<p>A KOCS\u00c1NYOS T\u00d6LGY Kocs\u00e1nyos t\u00f6lgy \u00e1ll mag\u00e1banA Megyeh\u00e1z utc\u00e1ba&#8217; ,Megcsod\u00e1lja, ki arra j\u00e1r,M\u00e1r k\u00e9t \u00e9vsz\u00e1zad \u00f3ta. Mak\u00f3 leg\u00f6regebb f\u00e1ja,\u00c9s mindenki ismeri,T\u00f6bb nemzed\u00e9k elj\u00f6tt hozz\u00e1A tisztelet\u00e9t tenni. Kossuth toborz\u00f3 k\u00f6r\u00fatj\u00e1nFeln\u00e9zhetett a f\u00e1ra,Szabads\u00e1gr\u00f3l \u00e1lmodozva\u00c9s katon\u00e1kra v\u00e1rva. A lombkoron\u00e1ja alatt,Megpihent Juh\u00e1sz Gyula,\u00c1rny\u00e9k\u00e1ban gondolat\u00e1tSok sz\u00e9p versben meg\u00edrta. Juh\u00e1sz Gyula eml\u00e9kf\u00e1ja,\u00cdgy lett e matuzs\u00e1lem,A k\u00f6lt\u0151 \u00e9s az \u00f6reg t\u00f6lgy,M\u00e1r r\u00e9gen &#8230; <a title=\"A KOCS\u00c1NYOS T\u00d6LGY\" class=\"read-more\" href=\"https:\/\/bozsogiattila.hu\/?p=175\" aria-label=\"Tov\u00e1bbiak A KOCS\u00c1NYOS T\u00d6LGY\">Olvass tov\u00e1bb<\/a><\/p>\n","protected":false},"author":3,"featured_media":0,"comment_status":"closed","ping_status":"open","sticky":false,"template":"","format":"standard","meta":{"footnotes":""},"categories":[4],"tags":[11,12],"class_list":["post-175","post","type-post","status-publish","format-standard","hentry","category-versek","tag-11","tag-mako"],"yoast_head":"<!-- This site is optimized with the Yoast SEO plugin v21.8 - https:\/\/yoast.com\/wordpress\/plugins\/seo\/ -->\n<title>A KOCS\u00c1NYOS T\u00d6LGY - Bozsogi Attila<\/title>\n<meta name=\"robots\" content=\"index, follow, max-snippet:-1, max-image-preview:large, max-video-preview:-1\" \/>\n<link rel=\"canonical\" href=\"https:\/\/bozsogiattila.hu\/?p=175\" \/>\n<meta property=\"og:locale\" content=\"hu_HU\" \/>\n<meta property=\"og:type\" content=\"article\" \/>\n<meta property=\"og:title\" content=\"A KOCS\u00c1NYOS T\u00d6LGY - Bozsogi Attila\" \/>\n<meta property=\"og:description\" content=\"A KOCS\u00c1NYOS T\u00d6LGY Kocs\u00e1nyos t\u00f6lgy \u00e1ll mag\u00e1banA Megyeh\u00e1z utc\u00e1ba&#8217; ,Megcsod\u00e1lja, ki arra j\u00e1r,M\u00e1r k\u00e9t \u00e9vsz\u00e1zad \u00f3ta. Mak\u00f3 leg\u00f6regebb f\u00e1ja,\u00c9s mindenki ismeri,T\u00f6bb nemzed\u00e9k elj\u00f6tt hozz\u00e1A tisztelet\u00e9t tenni. Kossuth toborz\u00f3 k\u00f6r\u00fatj\u00e1nFeln\u00e9zhetett a f\u00e1ra,Szabads\u00e1gr\u00f3l \u00e1lmodozva\u00c9s katon\u00e1kra v\u00e1rva. A lombkoron\u00e1ja alatt,Megpihent Juh\u00e1sz Gyula,\u00c1rny\u00e9k\u00e1ban gondolat\u00e1tSok sz\u00e9p versben meg\u00edrta. Juh\u00e1sz Gyula eml\u00e9kf\u00e1ja,\u00cdgy lett e matuzs\u00e1lem,A k\u00f6lt\u0151 \u00e9s az \u00f6reg t\u00f6lgy,M\u00e1r r\u00e9gen ... Olvass tov\u00e1bb\" \/>\n<meta property=\"og:url\" content=\"https:\/\/bozsogiattila.hu\/?p=175\" \/>\n<meta property=\"og:site_name\" content=\"Bozsogi Attila\" \/>\n<meta property=\"article:published_time\" content=\"2003-09-16T09:19:00+00:00\" \/>\n<meta property=\"article:modified_time\" content=\"2024-01-06T09:31:33+00:00\" \/>\n<meta property=\"og:image\" content=\"https:\/\/upload.wikimedia.org\/wikipedia\/commons\/e\/e6\/Juh%C3%A1sz_Gyula_tree_Mak%C3%B3.jpg\" \/>\n<meta name=\"author\" content=\"Bozsogi Attila\" \/>\n<meta name=\"twitter:card\" content=\"summary_large_image\" \/>\n<meta name=\"twitter:label1\" content=\"Szerz\u0151:\" \/>\n\t<meta name=\"twitter:data1\" content=\"Bozsogi Attila\" \/>\n\t<meta name=\"twitter:label2\" content=\"Becs\u00fclt olvas\u00e1si id\u0151\" \/>\n\t<meta name=\"twitter:data2\" content=\"2 perc\" \/>\n<script type=\"application\/ld+json\" class=\"yoast-schema-graph\">{\"@context\":\"https:\/\/schema.org\",\"@graph\":[{\"@type\":\"WebPage\",\"@id\":\"https:\/\/bozsogiattila.hu\/?p=175\",\"url\":\"https:\/\/bozsogiattila.hu\/?p=175\",\"name\":\"A KOCS\u00c1NYOS T\u00d6LGY - Bozsogi Attila\",\"isPartOf\":{\"@id\":\"https:\/\/bozsogiattila.hu\/#website\"},\"datePublished\":\"2003-09-16T09:19:00+00:00\",\"dateModified\":\"2024-01-06T09:31:33+00:00\",\"author\":{\"@id\":\"https:\/\/bozsogiattila.hu\/#\/schema\/person\/488c99f554a8c4039201260dd5eb795e\"},\"breadcrumb\":{\"@id\":\"https:\/\/bozsogiattila.hu\/?p=175#breadcrumb\"},\"inLanguage\":\"hu\",\"potentialAction\":[{\"@type\":\"ReadAction\",\"target\":[\"https:\/\/bozsogiattila.hu\/?p=175\"]}]},{\"@type\":\"BreadcrumbList\",\"@id\":\"https:\/\/bozsogiattila.hu\/?p=175#breadcrumb\",\"itemListElement\":[{\"@type\":\"ListItem\",\"position\":1,\"name\":\"Kezd\u0151lap\",\"item\":\"https:\/\/bozsogiattila.hu\/\"},{\"@type\":\"ListItem\",\"position\":2,\"name\":\"A KOCS\u00c1NYOS T\u00d6LGY\"}]},{\"@type\":\"WebSite\",\"@id\":\"https:\/\/bozsogiattila.hu\/#website\",\"url\":\"https:\/\/bozsogiattila.hu\/\",\"name\":\"Bozsogi Attila\",\"description\":\"a zen\u00e9sz, \u00edr\u00f3 munk\u00e1ss\u00e1g\u00e1nak \u00e9s a mak\u00f3i muzsikusok eml\u00e9k\u00e9t \u0151rz\u0151 oldal\",\"potentialAction\":[{\"@type\":\"SearchAction\",\"target\":{\"@type\":\"EntryPoint\",\"urlTemplate\":\"https:\/\/bozsogiattila.hu\/?s={search_term_string}\"},\"query-input\":\"required name=search_term_string\"}],\"inLanguage\":\"hu\"},{\"@type\":\"Person\",\"@id\":\"https:\/\/bozsogiattila.hu\/#\/schema\/person\/488c99f554a8c4039201260dd5eb795e\",\"name\":\"Bozsogi Attila\",\"image\":{\"@type\":\"ImageObject\",\"inLanguage\":\"hu\",\"@id\":\"https:\/\/bozsogiattila.hu\/#\/schema\/person\/image\/\",\"url\":\"https:\/\/secure.gravatar.com\/avatar\/7da6b5985e34ed798d1670c54ce7d20e6a53b800bb0c07945c64b09392f3dbfd?s=96&d=mm&r=g\",\"contentUrl\":\"https:\/\/secure.gravatar.com\/avatar\/7da6b5985e34ed798d1670c54ce7d20e6a53b800bb0c07945c64b09392f3dbfd?s=96&d=mm&r=g\",\"caption\":\"Bozsogi Attila\"},\"sameAs\":[\"http:\/\/www.boszogiattila.hu\"],\"url\":\"https:\/\/bozsogiattila.hu\/?author=3\"}]}<\/script>\n<!-- \/ Yoast SEO plugin. -->","yoast_head_json":{"title":"A KOCS\u00c1NYOS T\u00d6LGY - Bozsogi Attila","robots":{"index":"index","follow":"follow","max-snippet":"max-snippet:-1","max-image-preview":"max-image-preview:large","max-video-preview":"max-video-preview:-1"},"canonical":"https:\/\/bozsogiattila.hu\/?p=175","og_locale":"hu_HU","og_type":"article","og_title":"A KOCS\u00c1NYOS T\u00d6LGY - Bozsogi Attila","og_description":"A KOCS\u00c1NYOS T\u00d6LGY Kocs\u00e1nyos t\u00f6lgy \u00e1ll mag\u00e1banA Megyeh\u00e1z utc\u00e1ba&#8217; ,Megcsod\u00e1lja, ki arra j\u00e1r,M\u00e1r k\u00e9t \u00e9vsz\u00e1zad \u00f3ta. Mak\u00f3 leg\u00f6regebb f\u00e1ja,\u00c9s mindenki ismeri,T\u00f6bb nemzed\u00e9k elj\u00f6tt hozz\u00e1A tisztelet\u00e9t tenni. Kossuth toborz\u00f3 k\u00f6r\u00fatj\u00e1nFeln\u00e9zhetett a f\u00e1ra,Szabads\u00e1gr\u00f3l \u00e1lmodozva\u00c9s katon\u00e1kra v\u00e1rva. A lombkoron\u00e1ja alatt,Megpihent Juh\u00e1sz Gyula,\u00c1rny\u00e9k\u00e1ban gondolat\u00e1tSok sz\u00e9p versben meg\u00edrta. Juh\u00e1sz Gyula eml\u00e9kf\u00e1ja,\u00cdgy lett e matuzs\u00e1lem,A k\u00f6lt\u0151 \u00e9s az \u00f6reg t\u00f6lgy,M\u00e1r r\u00e9gen ... Olvass tov\u00e1bb","og_url":"https:\/\/bozsogiattila.hu\/?p=175","og_site_name":"Bozsogi Attila","article_published_time":"2003-09-16T09:19:00+00:00","article_modified_time":"2024-01-06T09:31:33+00:00","og_image":[{"url":"https:\/\/upload.wikimedia.org\/wikipedia\/commons\/e\/e6\/Juh%C3%A1sz_Gyula_tree_Mak%C3%B3.jpg"}],"author":"Bozsogi Attila","twitter_card":"summary_large_image","twitter_misc":{"Szerz\u0151:":"Bozsogi Attila","Becs\u00fclt olvas\u00e1si id\u0151":"2 perc"},"schema":{"@context":"https:\/\/schema.org","@graph":[{"@type":"WebPage","@id":"https:\/\/bozsogiattila.hu\/?p=175","url":"https:\/\/bozsogiattila.hu\/?p=175","name":"A KOCS\u00c1NYOS T\u00d6LGY - Bozsogi Attila","isPartOf":{"@id":"https:\/\/bozsogiattila.hu\/#website"},"datePublished":"2003-09-16T09:19:00+00:00","dateModified":"2024-01-06T09:31:33+00:00","author":{"@id":"https:\/\/bozsogiattila.hu\/#\/schema\/person\/488c99f554a8c4039201260dd5eb795e"},"breadcrumb":{"@id":"https:\/\/bozsogiattila.hu\/?p=175#breadcrumb"},"inLanguage":"hu","potentialAction":[{"@type":"ReadAction","target":["https:\/\/bozsogiattila.hu\/?p=175"]}]},{"@type":"BreadcrumbList","@id":"https:\/\/bozsogiattila.hu\/?p=175#breadcrumb","itemListElement":[{"@type":"ListItem","position":1,"name":"Kezd\u0151lap","item":"https:\/\/bozsogiattila.hu\/"},{"@type":"ListItem","position":2,"name":"A KOCS\u00c1NYOS T\u00d6LGY"}]},{"@type":"WebSite","@id":"https:\/\/bozsogiattila.hu\/#website","url":"https:\/\/bozsogiattila.hu\/","name":"Bozsogi Attila","description":"a zen\u00e9sz, \u00edr\u00f3 munk\u00e1ss\u00e1g\u00e1nak \u00e9s a mak\u00f3i muzsikusok eml\u00e9k\u00e9t \u0151rz\u0151 oldal","potentialAction":[{"@type":"SearchAction","target":{"@type":"EntryPoint","urlTemplate":"https:\/\/bozsogiattila.hu\/?s={search_term_string}"},"query-input":"required name=search_term_string"}],"inLanguage":"hu"},{"@type":"Person","@id":"https:\/\/bozsogiattila.hu\/#\/schema\/person\/488c99f554a8c4039201260dd5eb795e","name":"Bozsogi Attila","image":{"@type":"ImageObject","inLanguage":"hu","@id":"https:\/\/bozsogiattila.hu\/#\/schema\/person\/image\/","url":"https:\/\/secure.gravatar.com\/avatar\/7da6b5985e34ed798d1670c54ce7d20e6a53b800bb0c07945c64b09392f3dbfd?s=96&d=mm&r=g","contentUrl":"https:\/\/secure.gravatar.com\/avatar\/7da6b5985e34ed798d1670c54ce7d20e6a53b800bb0c07945c64b09392f3dbfd?s=96&d=mm&r=g","caption":"Bozsogi Attila"},"sameAs":["http:\/\/www.boszogiattila.hu"],"url":"https:\/\/bozsogiattila.hu\/?author=3"}]}},"jetpack_featured_media_url":"","_links":{"self":[{"href":"https:\/\/bozsogiattila.hu\/index.php?rest_route=\/wp\/v2\/posts\/175","targetHints":{"allow":["GET"]}}],"collection":[{"href":"https:\/\/bozsogiattila.hu\/index.php?rest_route=\/wp\/v2\/posts"}],"about":[{"href":"https:\/\/bozsogiattila.hu\/index.php?rest_route=\/wp\/v2\/types\/post"}],"author":[{"embeddable":true,"href":"https:\/\/bozsogiattila.hu\/index.php?rest_route=\/wp\/v2\/users\/3"}],"replies":[{"embeddable":true,"href":"https:\/\/bozsogiattila.hu\/index.php?rest_route=%2Fwp%2Fv2%2Fcomments&post=175"}],"version-history":[{"count":1,"href":"https:\/\/bozsogiattila.hu\/index.php?rest_route=\/wp\/v2\/posts\/175\/revisions"}],"predecessor-version":[{"id":176,"href":"https:\/\/bozsogiattila.hu\/index.php?rest_route=\/wp\/v2\/posts\/175\/revisions\/176"}],"wp:attachment":[{"href":"https:\/\/bozsogiattila.hu\/index.php?rest_route=%2Fwp%2Fv2%2Fmedia&parent=175"}],"wp:term":[{"taxonomy":"category","embeddable":true,"href":"https:\/\/bozsogiattila.hu\/index.php?rest_route=%2Fwp%2Fv2%2Fcategories&post=175"},{"taxonomy":"post_tag","embeddable":true,"href":"https:\/\/bozsogiattila.hu\/index.php?rest_route=%2Fwp%2Fv2%2Ftags&post=175"}],"curies":[{"name":"wp","href":"https:\/\/api.w.org\/{rel}","templated":true}]}}