{"id":179,"date":"2005-03-06T09:35:00","date_gmt":"2005-03-06T09:35:00","guid":{"rendered":"https:\/\/bozsogiattila.hu\/?p=179"},"modified":"2024-01-06T14:55:42","modified_gmt":"2024-01-06T14:55:42","slug":"179","status":"publish","type":"post","link":"https:\/\/bozsogiattila.hu\/?p=179","title":{"rendered":"A T\u00c9L"},"content":{"rendered":"\n<p class=\"wp-block-paragraph\">A T\u00c9L<\/p>\n\n\n\n<p class=\"wp-block-paragraph\">J\u00e9gvir\u00e1gokat rajzol most<br>Az ablakomra a zord t\u00e9l,<br>S k\u00fcnn szemet gy\u00f6ny\u00f6rk\u00f6dtetve,<br>Hull a h\u00f3 \u00e9s minden feh\u00e9r.<\/p>\n\n\n\n<p class=\"wp-block-paragraph\">F\u00fcst\u00f6t ok\u00e1d a k\u00e9m\u00e9nyem,<br>A k\u00e1lyh\u00e1mban a t\u0171z pattog,<br>S\u00edr a vizes fa ropogva,<br>Majd fellobbanva ad l\u00e1ngot.<\/p>\n\n\n\n<p class=\"wp-block-paragraph\">A meleg szob\u00e1mban \u00fcl\u00f6k,<br>S figyelem a term\u00e9szetet,<br>K\u00e9t kisver\u00e9b egym\u00e1s mellett,<br>A hidegt\u0151l dideregnek.<\/p>\n\n\n\n<p class=\"wp-block-paragraph\">F\u00e1z\u00f3s kez\u00e9t zsebbe dugva,<br>Nagykab\u00e1tos ember l\u00e9pked,<br>Siet\u0151s a dolga mostan,<br>Gyermeknek \u00e9s feh\u00e9rn\u00e9pnek<\/p>\n\n\n\n<p class=\"wp-block-paragraph\">Menek\u00fclnek a hidegt\u0151l,<br>Mindenki melegre v\u00e1gyik,<br>H\u00f3ember van udvaromon,<br>B\u00fcszk\u00e9n \u00e1ll ott, s \u0151 nem f\u00e1zik!<\/p>\n\n\n\n<p class=\"wp-block-paragraph\">Felragyog a Nap az \u00e9gen,<br>Sugarai megcsillannak,<br>A feh\u00e9rs\u00e9gen t\u00e1ncolnak,<br>S t\u00fcnd\u00f6k\u00f6lve j\u00e1tszadoznak.<\/p>\n\n\n\n<p class=\"wp-block-paragraph\">Csilingelve j\u00f6n egy fogat,<br>Sub\u00e1s gazda \u00fcl a bakon,<br>Szaladnak a t\u00fczes lovak,<br>Cs\u00faszik a sz\u00e1n a nagy havon.<\/p>\n\n\n\n<p class=\"wp-block-paragraph\">Fekete varjak k\u00e1rogva,<br>Sz\u00e1llnak le a kocsi\u00fatra,<br>Eles\u00e9g ut\u00e1n kutatnak,<br>\u00c9hesen most elhagyatva.<\/p>\n\n\n\n<p class=\"wp-block-paragraph\">A t\u00e9l szerelmeseinek<br>\u00d6r\u00f6m\u00f6t okoz a hideg,<br>S\u00edtalpakon tovacs\u00fasznak,<br>H\u00f3dolnak a szenved\u00e9lynek.<\/p>\n\n\n\n<p class=\"wp-block-paragraph\">Gyermeksereg h\u00f3 csat\u00e1t v\u00edv,<br>S a h\u00f3labd\u00e1k c\u00e9lba \u00e9rnek,<br>Eltal\u00e1lva gyakran egym\u00e1st,<br>S ezen \u0151k nagyot nevetnek.<\/p>\n\n\n\n<p class=\"wp-block-paragraph\">Befagyott a t\u00f3nak vize,<br>Kem\u00e9ny j\u00e9gp\u00e1nc\u00e9l takarja,<br>Korcsoly\u00e1z\u00f3k \u00f6nfeledten,<br>Esnek-buknak j\u00f3t kacagva.<\/p>\n\n\n\n<p class=\"wp-block-paragraph\">Erd\u0151-mez\u0151 \u00e1llatai<br>A zord t\u00e9lt\u0151l szenvednek,<br>Etet\u0151kbe most az erd\u00e9sz,<br>Hordja a sok eles\u00e9get.<\/p>\n\n\n\n<p class=\"wp-block-paragraph\">Gondoskodik a sok vadr\u00f3l,<br>Sorsukra nem hagyja \u0151ket,<br>Csapatost\u00f3l nyulak, \u0151zek,<br>\u00c9s vaddiszn\u00f3k k\u00f6zelednek.<\/p>\n\n\n\n<p class=\"wp-block-paragraph\">A hat\u00e1rban pusk\u00e1s vad\u00e1sz<br>T\u00e1vcs\u00f6v\u00e9vel a kez\u00e9ben,<br>Zs\u00e1km\u00e1ny ut\u00e1n kutat szeme,<br>Majd fegyvere nagyot d\u00f6rren.<\/p>\n\n\n\n<p class=\"wp-block-paragraph\">Hal\u00e1lt oszt neki a keze,<br>A kuty\u00e1ja seg\u00edtkezik,<br>A lel\u00f6v\u00f6tt \u00e1llatokat,<br>Felkutatni igyekezik.<\/p>\n\n\n\n<p class=\"wp-block-paragraph\">A tany\u00e1knak az udvar\u00e1n<br>K\u00f6v\u00e9r diszn\u00f3k sikoltoznak,<br>Kegyetlen\u00fcl a hentesek,<br>\u00d6ld\u00f6k\u00f6lnek, v\u00e9rt szomjaznak.<\/p>\n\n\n\n<p class=\"wp-block-paragraph\">Egy\u00fctt van, most a nagycsal\u00e1d,<br>A diszn\u00f3tort \u00fcnnepelve,<br>J\u00f3llakottan iszogatnak,<br>Megj\u00f6n most mindenki kedve.<\/p>\n\n\n\n<p class=\"wp-block-paragraph\">\u00c1m a tavasz k\u00f6zeledik<br>A nagy csat\u00e1j\u00e1t megv\u00edvja,<br>Egyre fogy a t\u00e9lnek hava,<br>A j\u00e9g v\u00edzz\u00e9 olvadozva.<\/p>\n\n\n\n<p class=\"wp-block-paragraph\">A h\u00f3 alatt a gabona,<br>Kikelt \u00e9s ott n\u00f6vekedett,<br>Elissza a h\u00f3nak lev\u00e9t,<br>S a t\u00e1j megint \u00fajra z\u00f6ld lett.<\/p>\n\n\n\n<p class=\"wp-block-paragraph\">Csat\u00e1t vesz\u00edt \u00edgy a zord t\u00e9l,<br>Legy\u0151z\u0151je a sz\u00e9p \u0151sznek,<br>Elt\u0171nik a feh\u00e9rs\u00e9ge,<br>\u00cdgy lesz v\u00e9ge a hideg t\u00e9lnek!<\/p>\n\n\n\n<p class=\"wp-block-paragraph\">Mak\u00f3, 2005. 03. 06.<\/p>\n","protected":false},"excerpt":{"rendered":"<p>A T\u00c9L J\u00e9gvir\u00e1gokat rajzol mostAz ablakomra a zord t\u00e9l,S k\u00fcnn szemet gy\u00f6ny\u00f6rk\u00f6dtetve,Hull a h\u00f3 \u00e9s minden feh\u00e9r. F\u00fcst\u00f6t ok\u00e1d a k\u00e9m\u00e9nyem,A k\u00e1lyh\u00e1mban a t\u0171z pattog,S\u00edr a vizes fa ropogva,Majd fellobbanva ad l\u00e1ngot. A meleg szob\u00e1mban \u00fcl\u00f6k,S figyelem a term\u00e9szetet,K\u00e9t kisver\u00e9b egym\u00e1s mellett,A hidegt\u0151l dideregnek. F\u00e1z\u00f3s kez\u00e9t zsebbe dugva,Nagykab\u00e1tos ember l\u00e9pked,Siet\u0151s a dolga mostan,Gyermeknek \u00e9s feh\u00e9rn\u00e9pnek &#8230; <a title=\"A T\u00c9L\" class=\"read-more\" href=\"https:\/\/bozsogiattila.hu\/?p=179\" aria-label=\"Tov\u00e1bbiak A T\u00c9L\">Olvass tov\u00e1bb<\/a><\/p>\n","protected":false},"author":3,"featured_media":0,"comment_status":"closed","ping_status":"open","sticky":false,"template":"","format":"standard","meta":{"footnotes":""},"categories":[4],"tags":[19,12],"class_list":["post-179","post","type-post","status-publish","format-standard","hentry","category-versek","tag-19","tag-mako"],"yoast_head":"<!-- This site is optimized with the Yoast SEO plugin v21.8 - https:\/\/yoast.com\/wordpress\/plugins\/seo\/ -->\n<title>A T\u00c9L - Bozsogi Attila<\/title>\n<meta name=\"robots\" content=\"index, follow, max-snippet:-1, max-image-preview:large, max-video-preview:-1\" \/>\n<link rel=\"canonical\" href=\"https:\/\/bozsogiattila.hu\/?p=179\" \/>\n<meta property=\"og:locale\" content=\"hu_HU\" \/>\n<meta property=\"og:type\" content=\"article\" \/>\n<meta property=\"og:title\" content=\"A T\u00c9L - Bozsogi Attila\" \/>\n<meta property=\"og:description\" content=\"A T\u00c9L J\u00e9gvir\u00e1gokat rajzol mostAz ablakomra a zord t\u00e9l,S k\u00fcnn szemet gy\u00f6ny\u00f6rk\u00f6dtetve,Hull a h\u00f3 \u00e9s minden feh\u00e9r. F\u00fcst\u00f6t ok\u00e1d a k\u00e9m\u00e9nyem,A k\u00e1lyh\u00e1mban a t\u0171z pattog,S\u00edr a vizes fa ropogva,Majd fellobbanva ad l\u00e1ngot. A meleg szob\u00e1mban \u00fcl\u00f6k,S figyelem a term\u00e9szetet,K\u00e9t kisver\u00e9b egym\u00e1s mellett,A hidegt\u0151l dideregnek. F\u00e1z\u00f3s kez\u00e9t zsebbe dugva,Nagykab\u00e1tos ember l\u00e9pked,Siet\u0151s a dolga mostan,Gyermeknek \u00e9s feh\u00e9rn\u00e9pnek ... Olvass tov\u00e1bb\" \/>\n<meta property=\"og:url\" content=\"https:\/\/bozsogiattila.hu\/?p=179\" \/>\n<meta property=\"og:site_name\" content=\"Bozsogi Attila\" \/>\n<meta property=\"article:published_time\" content=\"2005-03-06T09:35:00+00:00\" \/>\n<meta property=\"article:modified_time\" content=\"2024-01-06T14:55:42+00:00\" \/>\n<meta name=\"author\" content=\"Bozsogi Attila\" \/>\n<meta name=\"twitter:card\" content=\"summary_large_image\" \/>\n<meta name=\"twitter:label1\" content=\"Szerz\u0151:\" \/>\n\t<meta name=\"twitter:data1\" content=\"Bozsogi Attila\" \/>\n\t<meta name=\"twitter:label2\" content=\"Becs\u00fclt olvas\u00e1si id\u0151\" \/>\n\t<meta name=\"twitter:data2\" content=\"2 perc\" \/>\n<script type=\"application\/ld+json\" class=\"yoast-schema-graph\">{\"@context\":\"https:\/\/schema.org\",\"@graph\":[{\"@type\":\"WebPage\",\"@id\":\"https:\/\/bozsogiattila.hu\/?p=179\",\"url\":\"https:\/\/bozsogiattila.hu\/?p=179\",\"name\":\"A T\u00c9L - Bozsogi Attila\",\"isPartOf\":{\"@id\":\"https:\/\/bozsogiattila.hu\/#website\"},\"datePublished\":\"2005-03-06T09:35:00+00:00\",\"dateModified\":\"2024-01-06T14:55:42+00:00\",\"author\":{\"@id\":\"https:\/\/bozsogiattila.hu\/#\/schema\/person\/488c99f554a8c4039201260dd5eb795e\"},\"breadcrumb\":{\"@id\":\"https:\/\/bozsogiattila.hu\/?p=179#breadcrumb\"},\"inLanguage\":\"hu\",\"potentialAction\":[{\"@type\":\"ReadAction\",\"target\":[\"https:\/\/bozsogiattila.hu\/?p=179\"]}]},{\"@type\":\"BreadcrumbList\",\"@id\":\"https:\/\/bozsogiattila.hu\/?p=179#breadcrumb\",\"itemListElement\":[{\"@type\":\"ListItem\",\"position\":1,\"name\":\"Kezd\u0151lap\",\"item\":\"https:\/\/bozsogiattila.hu\/\"},{\"@type\":\"ListItem\",\"position\":2,\"name\":\"A T\u00c9L\"}]},{\"@type\":\"WebSite\",\"@id\":\"https:\/\/bozsogiattila.hu\/#website\",\"url\":\"https:\/\/bozsogiattila.hu\/\",\"name\":\"Bozsogi Attila\",\"description\":\"a zen\u00e9sz, \u00edr\u00f3 munk\u00e1ss\u00e1g\u00e1nak \u00e9s a mak\u00f3i muzsikusok eml\u00e9k\u00e9t \u0151rz\u0151 oldal\",\"potentialAction\":[{\"@type\":\"SearchAction\",\"target\":{\"@type\":\"EntryPoint\",\"urlTemplate\":\"https:\/\/bozsogiattila.hu\/?s={search_term_string}\"},\"query-input\":\"required name=search_term_string\"}],\"inLanguage\":\"hu\"},{\"@type\":\"Person\",\"@id\":\"https:\/\/bozsogiattila.hu\/#\/schema\/person\/488c99f554a8c4039201260dd5eb795e\",\"name\":\"Bozsogi Attila\",\"image\":{\"@type\":\"ImageObject\",\"inLanguage\":\"hu\",\"@id\":\"https:\/\/bozsogiattila.hu\/#\/schema\/person\/image\/\",\"url\":\"https:\/\/secure.gravatar.com\/avatar\/7da6b5985e34ed798d1670c54ce7d20e6a53b800bb0c07945c64b09392f3dbfd?s=96&d=mm&r=g\",\"contentUrl\":\"https:\/\/secure.gravatar.com\/avatar\/7da6b5985e34ed798d1670c54ce7d20e6a53b800bb0c07945c64b09392f3dbfd?s=96&d=mm&r=g\",\"caption\":\"Bozsogi Attila\"},\"sameAs\":[\"http:\/\/www.boszogiattila.hu\"],\"url\":\"https:\/\/bozsogiattila.hu\/?author=3\"}]}<\/script>\n<!-- \/ Yoast SEO plugin. -->","yoast_head_json":{"title":"A T\u00c9L - Bozsogi Attila","robots":{"index":"index","follow":"follow","max-snippet":"max-snippet:-1","max-image-preview":"max-image-preview:large","max-video-preview":"max-video-preview:-1"},"canonical":"https:\/\/bozsogiattila.hu\/?p=179","og_locale":"hu_HU","og_type":"article","og_title":"A T\u00c9L - Bozsogi Attila","og_description":"A T\u00c9L J\u00e9gvir\u00e1gokat rajzol mostAz ablakomra a zord t\u00e9l,S k\u00fcnn szemet gy\u00f6ny\u00f6rk\u00f6dtetve,Hull a h\u00f3 \u00e9s minden feh\u00e9r. F\u00fcst\u00f6t ok\u00e1d a k\u00e9m\u00e9nyem,A k\u00e1lyh\u00e1mban a t\u0171z pattog,S\u00edr a vizes fa ropogva,Majd fellobbanva ad l\u00e1ngot. A meleg szob\u00e1mban \u00fcl\u00f6k,S figyelem a term\u00e9szetet,K\u00e9t kisver\u00e9b egym\u00e1s mellett,A hidegt\u0151l dideregnek. F\u00e1z\u00f3s kez\u00e9t zsebbe dugva,Nagykab\u00e1tos ember l\u00e9pked,Siet\u0151s a dolga mostan,Gyermeknek \u00e9s feh\u00e9rn\u00e9pnek ... Olvass tov\u00e1bb","og_url":"https:\/\/bozsogiattila.hu\/?p=179","og_site_name":"Bozsogi Attila","article_published_time":"2005-03-06T09:35:00+00:00","article_modified_time":"2024-01-06T14:55:42+00:00","author":"Bozsogi Attila","twitter_card":"summary_large_image","twitter_misc":{"Szerz\u0151:":"Bozsogi Attila","Becs\u00fclt olvas\u00e1si id\u0151":"2 perc"},"schema":{"@context":"https:\/\/schema.org","@graph":[{"@type":"WebPage","@id":"https:\/\/bozsogiattila.hu\/?p=179","url":"https:\/\/bozsogiattila.hu\/?p=179","name":"A T\u00c9L - Bozsogi Attila","isPartOf":{"@id":"https:\/\/bozsogiattila.hu\/#website"},"datePublished":"2005-03-06T09:35:00+00:00","dateModified":"2024-01-06T14:55:42+00:00","author":{"@id":"https:\/\/bozsogiattila.hu\/#\/schema\/person\/488c99f554a8c4039201260dd5eb795e"},"breadcrumb":{"@id":"https:\/\/bozsogiattila.hu\/?p=179#breadcrumb"},"inLanguage":"hu","potentialAction":[{"@type":"ReadAction","target":["https:\/\/bozsogiattila.hu\/?p=179"]}]},{"@type":"BreadcrumbList","@id":"https:\/\/bozsogiattila.hu\/?p=179#breadcrumb","itemListElement":[{"@type":"ListItem","position":1,"name":"Kezd\u0151lap","item":"https:\/\/bozsogiattila.hu\/"},{"@type":"ListItem","position":2,"name":"A T\u00c9L"}]},{"@type":"WebSite","@id":"https:\/\/bozsogiattila.hu\/#website","url":"https:\/\/bozsogiattila.hu\/","name":"Bozsogi Attila","description":"a zen\u00e9sz, \u00edr\u00f3 munk\u00e1ss\u00e1g\u00e1nak \u00e9s a mak\u00f3i muzsikusok eml\u00e9k\u00e9t \u0151rz\u0151 oldal","potentialAction":[{"@type":"SearchAction","target":{"@type":"EntryPoint","urlTemplate":"https:\/\/bozsogiattila.hu\/?s={search_term_string}"},"query-input":"required name=search_term_string"}],"inLanguage":"hu"},{"@type":"Person","@id":"https:\/\/bozsogiattila.hu\/#\/schema\/person\/488c99f554a8c4039201260dd5eb795e","name":"Bozsogi Attila","image":{"@type":"ImageObject","inLanguage":"hu","@id":"https:\/\/bozsogiattila.hu\/#\/schema\/person\/image\/","url":"https:\/\/secure.gravatar.com\/avatar\/7da6b5985e34ed798d1670c54ce7d20e6a53b800bb0c07945c64b09392f3dbfd?s=96&d=mm&r=g","contentUrl":"https:\/\/secure.gravatar.com\/avatar\/7da6b5985e34ed798d1670c54ce7d20e6a53b800bb0c07945c64b09392f3dbfd?s=96&d=mm&r=g","caption":"Bozsogi Attila"},"sameAs":["http:\/\/www.boszogiattila.hu"],"url":"https:\/\/bozsogiattila.hu\/?author=3"}]}},"jetpack_featured_media_url":"","_links":{"self":[{"href":"https:\/\/bozsogiattila.hu\/index.php?rest_route=\/wp\/v2\/posts\/179","targetHints":{"allow":["GET"]}}],"collection":[{"href":"https:\/\/bozsogiattila.hu\/index.php?rest_route=\/wp\/v2\/posts"}],"about":[{"href":"https:\/\/bozsogiattila.hu\/index.php?rest_route=\/wp\/v2\/types\/post"}],"author":[{"embeddable":true,"href":"https:\/\/bozsogiattila.hu\/index.php?rest_route=\/wp\/v2\/users\/3"}],"replies":[{"embeddable":true,"href":"https:\/\/bozsogiattila.hu\/index.php?rest_route=%2Fwp%2Fv2%2Fcomments&post=179"}],"version-history":[{"count":2,"href":"https:\/\/bozsogiattila.hu\/index.php?rest_route=\/wp\/v2\/posts\/179\/revisions"}],"predecessor-version":[{"id":455,"href":"https:\/\/bozsogiattila.hu\/index.php?rest_route=\/wp\/v2\/posts\/179\/revisions\/455"}],"wp:attachment":[{"href":"https:\/\/bozsogiattila.hu\/index.php?rest_route=%2Fwp%2Fv2%2Fmedia&parent=179"}],"wp:term":[{"taxonomy":"category","embeddable":true,"href":"https:\/\/bozsogiattila.hu\/index.php?rest_route=%2Fwp%2Fv2%2Fcategories&post=179"},{"taxonomy":"post_tag","embeddable":true,"href":"https:\/\/bozsogiattila.hu\/index.php?rest_route=%2Fwp%2Fv2%2Ftags&post=179"}],"curies":[{"name":"wp","href":"https:\/\/api.w.org\/{rel}","templated":true}]}}