{"id":201,"date":"2006-07-07T10:39:00","date_gmt":"2006-07-07T10:39:00","guid":{"rendered":"https:\/\/bozsogiattila.hu\/?p=201"},"modified":"2024-01-06T10:40:32","modified_gmt":"2024-01-06T10:40:32","slug":"az-eszelos","status":"publish","type":"post","link":"https:\/\/bozsogiattila.hu\/?p=201","title":{"rendered":"AZ ESZEL\u0150S"},"content":{"rendered":"\n<p class=\"wp-block-paragraph\">AZ ESZEL\u0150S<\/p>\n\n\n\n<p class=\"wp-block-paragraph\">Csak \u00fcltem \u00e9s figyeltem az embereket,<br>Mikor a t\u00e1volb\u00f3l egy eszel\u0151s k\u00f6zeledett.<br>D\u00e9lceg tart\u00e1ssal katon\u00e1san l\u00e9pkedett,<br>Szigor\u00fa arccal, mint egy \u0151rmester \u00fagy \u00e9rkezett.<br>Tekintete egy pontra n\u00e9zett mereven,<br>Fennhangon szinte kiab\u00e1lt elkeseredetten.<br>R\u00e1kosit szidta, pedig nem ismerhette,<br>S ezut\u00e1n Orb\u00e1nt, Horn Gyul\u00e1t s Torgy\u00e1nt emlegette.<br>Majd hirtelen Antallt vette c\u00e9lpontj\u00e1ul,<br>Arca felvidult s cs\u00fany\u00e1n k\u00e1romkodott oroszul.<br>Meg\u00e1llt, k\u00f6r\u00fcln\u00e9zett \u00e9s mintha figyelne,<br>Vagy \u00f6tleteket gy\u0171jtene a megzavart elme.<br>Tov\u00e1bb indult \u00e9s Gyurcs\u00e1nyt gyal\u00e1zni kezdte,<br>A Korm\u00e1nyt \u00e9s a Terrorh\u00e1zat egy lapra tette.<br>K\u00e9pzete a tengerent\u00falra vezette,<\/p>\n\n\n\n<p class=\"wp-block-paragraph\">S Amerika eln\u00f6k\u00e9t \u00f6k\u00f6llel fenyegette.<br>Gorbacsov \u00e9s Hruscsov sem volt szimpatikus,<br>\u00c9s K\u00edna nagy hatalma lett neki gyan\u00fas.<br>Hadon\u00e1szott, mutogatott \u00e9s nevetett,<br>Senkit sem l\u00e1tott, akik az utc\u00e1n k\u00f6zlekedtek.<br>Egy vir\u00e1g\u00e1gy mellett haladt szigor\u00faan,<br>Mikor Buz\u00e1st, a polg\u00e1rmestert szapulta nagy b\u00fasan.<br>Mintha a vil\u00e1g f\u00e1jdalm\u00e1t hordta volna,<br>\u00dagy szenvedett az egykoron kiszolg\u00e1lt katona.<br>Mindenkit szidott, \u00e1tkozott csak Istent nem,<br>Pedig \u0150 az esz\u00e9t vette el, hogy m\u00e9rt nem \u00e9rtem?<br>Hirtelen meg\u00e1llt s csak n\u00e9zett, n\u00e9zett, n\u00e9zett,<br>S elakadt a szava, &#8211; nem sz\u00f3lt,- valamit nem \u00e9rtett!<br>Mi az, ami ezt a v\u00e1ltoz\u00e1st okozta,<\/p>\n\n\n\n<p class=\"wp-block-paragraph\">Am\u00e9rt ember\u00fcnknek gyorsa elakadt a hangja?<br>Az \u00d6csi szobor el\u0151tt \u00e1llt \u00e9s figyelte,<br>S jobbr\u00f3l, balr\u00f3l, el\u00f6lr\u0151l, h\u00e1tulr\u00f3l n\u00e9zegette.<br>Majd hirtelen fenn a dombon mell\u00e9 l\u00e9pett,<br>Megsimogatta fej\u00e9t \u00e9s nagyot nevetett.<br>Lej\u00f6tt a dombr\u00f3l, s f\u00e9l t\u00e9rdre ereszkedett,<br>\u00d6csivel \u00edgy egy ideig farkasszemet n\u00e9zett.<br>Fel\u00e1llt \u00e9s \u00f3vatosan mellette termett,<br>S k\u00e9szen volt az \u00faj \u00f6tlet, mely gyorsan megsz\u00fcletett.<br>Sapk\u00e1j\u00e1t fej\u00e9r\u0151l hirtelen lekapta,<br>Egy gyors mozdulattal azt \u00d6csi fej\u00e9re rakta.<br>Megcsod\u00e1lta m\u0171v\u00e9t s t\u00f6bbsz\u00f6r k\u00f6rbej\u00e1rta,<br>N\u00e9zegette fej\u00e9t cs\u00f3v\u00e1lva &#8211; \u00e9s rossznak tal\u00e1lta.<br>Kezeit karba rakta s \u00fagy \u00e1lldog\u00e1lt ott,<br>Mint egy tud\u00f3s, aki nagyot alkotott.<\/p>\n\n\n\n<p class=\"wp-block-paragraph\">Szeme felvillant \u00e9s huncutul nevetett,<br>S az \u00faj \u00f6tlet ut\u00e1n gyorsan k\u00f6vetkezett a tett.<br>Sapk\u00e1j\u00e1t ism\u00e9t \u00d6csi fej\u00e9re rakta,<br>Ravaszul a simlit most h\u00e1trafel\u00e9 ford\u00edtotta.<br>Boldog volt, tapsolt \u00e9s \u00f6r\u00fclt \u00fagy kacagott,<br>V\u00e9gre megsz\u00fcletett az, min sokat gondolkodott.<br>M\u00e9g egy utols\u00f3 pillant\u00e1s, s tov\u00e1bb \u00e1llt,<br>Nem t\u00f6r\u0151d\u00f6tt senkivel sem, \u00edgy sikerre nem v\u00e1rt.<br>Ekkor hirtelen megfordult s visszafutott,<br>R\u00e1j\u00f6tt, hogy sapk\u00e1j\u00e1t a szobron nem hagyhatja ott.<br>Sapk\u00e1j\u00e1t a szoborr\u00f3l fej\u00e9re rakta,<br>Szalut\u00e1lt \u00e9s \u00fatj\u00e1ra indult: &#8211; ki tudja hova?<\/p>\n\n\n\n<p class=\"wp-block-paragraph\">Mak\u00f3, 2006. 07. 30.<\/p>\n","protected":false},"excerpt":{"rendered":"<p>AZ ESZEL\u0150S Csak \u00fcltem \u00e9s figyeltem az embereket,Mikor a t\u00e1volb\u00f3l egy eszel\u0151s k\u00f6zeledett.D\u00e9lceg tart\u00e1ssal katon\u00e1san l\u00e9pkedett,Szigor\u00fa arccal, mint egy \u0151rmester \u00fagy \u00e9rkezett.Tekintete egy pontra n\u00e9zett mereven,Fennhangon szinte kiab\u00e1lt elkeseredetten.R\u00e1kosit szidta, pedig nem ismerhette,S ezut\u00e1n Orb\u00e1nt, Horn Gyul\u00e1t s Torgy\u00e1nt emlegette.Majd hirtelen Antallt vette c\u00e9lpontj\u00e1ul,Arca felvidult s cs\u00fany\u00e1n k\u00e1romkodott oroszul.Meg\u00e1llt, k\u00f6r\u00fcln\u00e9zett \u00e9s mintha figyelne,Vagy \u00f6tleteket gy\u0171jtene &#8230; <a title=\"AZ ESZEL\u0150S\" class=\"read-more\" href=\"https:\/\/bozsogiattila.hu\/?p=201\" aria-label=\"Tov\u00e1bbiak AZ ESZEL\u0150S\">Olvass tov\u00e1bb<\/a><\/p>\n","protected":false},"author":3,"featured_media":0,"comment_status":"closed","ping_status":"open","sticky":false,"template":"","format":"standard","meta":{"footnotes":""},"categories":[4],"tags":[30,12,31],"class_list":["post-201","post","type-post","status-publish","format-standard","hentry","category-versek","tag-30","tag-mako","tag-ocsi"],"yoast_head":"<!-- This site is optimized with the Yoast SEO plugin v21.8 - https:\/\/yoast.com\/wordpress\/plugins\/seo\/ -->\n<title>AZ ESZEL\u0150S - Bozsogi Attila<\/title>\n<meta name=\"robots\" content=\"index, follow, max-snippet:-1, max-image-preview:large, max-video-preview:-1\" \/>\n<link rel=\"canonical\" href=\"https:\/\/bozsogiattila.hu\/?p=201\" \/>\n<meta property=\"og:locale\" content=\"hu_HU\" \/>\n<meta property=\"og:type\" content=\"article\" \/>\n<meta property=\"og:title\" content=\"AZ ESZEL\u0150S - Bozsogi Attila\" \/>\n<meta property=\"og:description\" content=\"AZ ESZEL\u0150S Csak \u00fcltem \u00e9s figyeltem az embereket,Mikor a t\u00e1volb\u00f3l egy eszel\u0151s k\u00f6zeledett.D\u00e9lceg tart\u00e1ssal katon\u00e1san l\u00e9pkedett,Szigor\u00fa arccal, mint egy \u0151rmester \u00fagy \u00e9rkezett.Tekintete egy pontra n\u00e9zett mereven,Fennhangon szinte kiab\u00e1lt elkeseredetten.R\u00e1kosit szidta, pedig nem ismerhette,S ezut\u00e1n Orb\u00e1nt, Horn Gyul\u00e1t s Torgy\u00e1nt emlegette.Majd hirtelen Antallt vette c\u00e9lpontj\u00e1ul,Arca felvidult s cs\u00fany\u00e1n k\u00e1romkodott oroszul.Meg\u00e1llt, k\u00f6r\u00fcln\u00e9zett \u00e9s mintha figyelne,Vagy \u00f6tleteket gy\u0171jtene ... Olvass tov\u00e1bb\" \/>\n<meta property=\"og:url\" content=\"https:\/\/bozsogiattila.hu\/?p=201\" \/>\n<meta property=\"og:site_name\" content=\"Bozsogi Attila\" \/>\n<meta property=\"article:published_time\" content=\"2006-07-07T10:39:00+00:00\" \/>\n<meta property=\"article:modified_time\" content=\"2024-01-06T10:40:32+00:00\" \/>\n<meta name=\"author\" content=\"Bozsogi Attila\" \/>\n<meta name=\"twitter:card\" content=\"summary_large_image\" \/>\n<meta name=\"twitter:label1\" content=\"Szerz\u0151:\" \/>\n\t<meta name=\"twitter:data1\" content=\"Bozsogi Attila\" \/>\n\t<meta name=\"twitter:label2\" content=\"Becs\u00fclt olvas\u00e1si id\u0151\" \/>\n\t<meta name=\"twitter:data2\" content=\"2 perc\" \/>\n<script type=\"application\/ld+json\" class=\"yoast-schema-graph\">{\"@context\":\"https:\/\/schema.org\",\"@graph\":[{\"@type\":\"WebPage\",\"@id\":\"https:\/\/bozsogiattila.hu\/?p=201\",\"url\":\"https:\/\/bozsogiattila.hu\/?p=201\",\"name\":\"AZ ESZEL\u0150S - Bozsogi Attila\",\"isPartOf\":{\"@id\":\"https:\/\/bozsogiattila.hu\/#website\"},\"datePublished\":\"2006-07-07T10:39:00+00:00\",\"dateModified\":\"2024-01-06T10:40:32+00:00\",\"author\":{\"@id\":\"https:\/\/bozsogiattila.hu\/#\/schema\/person\/488c99f554a8c4039201260dd5eb795e\"},\"breadcrumb\":{\"@id\":\"https:\/\/bozsogiattila.hu\/?p=201#breadcrumb\"},\"inLanguage\":\"hu\",\"potentialAction\":[{\"@type\":\"ReadAction\",\"target\":[\"https:\/\/bozsogiattila.hu\/?p=201\"]}]},{\"@type\":\"BreadcrumbList\",\"@id\":\"https:\/\/bozsogiattila.hu\/?p=201#breadcrumb\",\"itemListElement\":[{\"@type\":\"ListItem\",\"position\":1,\"name\":\"Kezd\u0151lap\",\"item\":\"https:\/\/bozsogiattila.hu\/\"},{\"@type\":\"ListItem\",\"position\":2,\"name\":\"AZ ESZEL\u0150S\"}]},{\"@type\":\"WebSite\",\"@id\":\"https:\/\/bozsogiattila.hu\/#website\",\"url\":\"https:\/\/bozsogiattila.hu\/\",\"name\":\"Bozsogi Attila\",\"description\":\"a zen\u00e9sz, \u00edr\u00f3 munk\u00e1ss\u00e1g\u00e1nak \u00e9s a mak\u00f3i muzsikusok eml\u00e9k\u00e9t \u0151rz\u0151 oldal\",\"potentialAction\":[{\"@type\":\"SearchAction\",\"target\":{\"@type\":\"EntryPoint\",\"urlTemplate\":\"https:\/\/bozsogiattila.hu\/?s={search_term_string}\"},\"query-input\":\"required name=search_term_string\"}],\"inLanguage\":\"hu\"},{\"@type\":\"Person\",\"@id\":\"https:\/\/bozsogiattila.hu\/#\/schema\/person\/488c99f554a8c4039201260dd5eb795e\",\"name\":\"Bozsogi Attila\",\"image\":{\"@type\":\"ImageObject\",\"inLanguage\":\"hu\",\"@id\":\"https:\/\/bozsogiattila.hu\/#\/schema\/person\/image\/\",\"url\":\"https:\/\/secure.gravatar.com\/avatar\/7da6b5985e34ed798d1670c54ce7d20e6a53b800bb0c07945c64b09392f3dbfd?s=96&d=mm&r=g\",\"contentUrl\":\"https:\/\/secure.gravatar.com\/avatar\/7da6b5985e34ed798d1670c54ce7d20e6a53b800bb0c07945c64b09392f3dbfd?s=96&d=mm&r=g\",\"caption\":\"Bozsogi Attila\"},\"sameAs\":[\"http:\/\/www.boszogiattila.hu\"],\"url\":\"https:\/\/bozsogiattila.hu\/?author=3\"}]}<\/script>\n<!-- \/ Yoast SEO plugin. -->","yoast_head_json":{"title":"AZ ESZEL\u0150S - Bozsogi Attila","robots":{"index":"index","follow":"follow","max-snippet":"max-snippet:-1","max-image-preview":"max-image-preview:large","max-video-preview":"max-video-preview:-1"},"canonical":"https:\/\/bozsogiattila.hu\/?p=201","og_locale":"hu_HU","og_type":"article","og_title":"AZ ESZEL\u0150S - Bozsogi Attila","og_description":"AZ ESZEL\u0150S Csak \u00fcltem \u00e9s figyeltem az embereket,Mikor a t\u00e1volb\u00f3l egy eszel\u0151s k\u00f6zeledett.D\u00e9lceg tart\u00e1ssal katon\u00e1san l\u00e9pkedett,Szigor\u00fa arccal, mint egy \u0151rmester \u00fagy \u00e9rkezett.Tekintete egy pontra n\u00e9zett mereven,Fennhangon szinte kiab\u00e1lt elkeseredetten.R\u00e1kosit szidta, pedig nem ismerhette,S ezut\u00e1n Orb\u00e1nt, Horn Gyul\u00e1t s Torgy\u00e1nt emlegette.Majd hirtelen Antallt vette c\u00e9lpontj\u00e1ul,Arca felvidult s cs\u00fany\u00e1n k\u00e1romkodott oroszul.Meg\u00e1llt, k\u00f6r\u00fcln\u00e9zett \u00e9s mintha figyelne,Vagy \u00f6tleteket gy\u0171jtene ... Olvass tov\u00e1bb","og_url":"https:\/\/bozsogiattila.hu\/?p=201","og_site_name":"Bozsogi Attila","article_published_time":"2006-07-07T10:39:00+00:00","article_modified_time":"2024-01-06T10:40:32+00:00","author":"Bozsogi Attila","twitter_card":"summary_large_image","twitter_misc":{"Szerz\u0151:":"Bozsogi Attila","Becs\u00fclt olvas\u00e1si id\u0151":"2 perc"},"schema":{"@context":"https:\/\/schema.org","@graph":[{"@type":"WebPage","@id":"https:\/\/bozsogiattila.hu\/?p=201","url":"https:\/\/bozsogiattila.hu\/?p=201","name":"AZ ESZEL\u0150S - Bozsogi Attila","isPartOf":{"@id":"https:\/\/bozsogiattila.hu\/#website"},"datePublished":"2006-07-07T10:39:00+00:00","dateModified":"2024-01-06T10:40:32+00:00","author":{"@id":"https:\/\/bozsogiattila.hu\/#\/schema\/person\/488c99f554a8c4039201260dd5eb795e"},"breadcrumb":{"@id":"https:\/\/bozsogiattila.hu\/?p=201#breadcrumb"},"inLanguage":"hu","potentialAction":[{"@type":"ReadAction","target":["https:\/\/bozsogiattila.hu\/?p=201"]}]},{"@type":"BreadcrumbList","@id":"https:\/\/bozsogiattila.hu\/?p=201#breadcrumb","itemListElement":[{"@type":"ListItem","position":1,"name":"Kezd\u0151lap","item":"https:\/\/bozsogiattila.hu\/"},{"@type":"ListItem","position":2,"name":"AZ ESZEL\u0150S"}]},{"@type":"WebSite","@id":"https:\/\/bozsogiattila.hu\/#website","url":"https:\/\/bozsogiattila.hu\/","name":"Bozsogi Attila","description":"a zen\u00e9sz, \u00edr\u00f3 munk\u00e1ss\u00e1g\u00e1nak \u00e9s a mak\u00f3i muzsikusok eml\u00e9k\u00e9t \u0151rz\u0151 oldal","potentialAction":[{"@type":"SearchAction","target":{"@type":"EntryPoint","urlTemplate":"https:\/\/bozsogiattila.hu\/?s={search_term_string}"},"query-input":"required name=search_term_string"}],"inLanguage":"hu"},{"@type":"Person","@id":"https:\/\/bozsogiattila.hu\/#\/schema\/person\/488c99f554a8c4039201260dd5eb795e","name":"Bozsogi Attila","image":{"@type":"ImageObject","inLanguage":"hu","@id":"https:\/\/bozsogiattila.hu\/#\/schema\/person\/image\/","url":"https:\/\/secure.gravatar.com\/avatar\/7da6b5985e34ed798d1670c54ce7d20e6a53b800bb0c07945c64b09392f3dbfd?s=96&d=mm&r=g","contentUrl":"https:\/\/secure.gravatar.com\/avatar\/7da6b5985e34ed798d1670c54ce7d20e6a53b800bb0c07945c64b09392f3dbfd?s=96&d=mm&r=g","caption":"Bozsogi Attila"},"sameAs":["http:\/\/www.boszogiattila.hu"],"url":"https:\/\/bozsogiattila.hu\/?author=3"}]}},"jetpack_featured_media_url":"","_links":{"self":[{"href":"https:\/\/bozsogiattila.hu\/index.php?rest_route=\/wp\/v2\/posts\/201","targetHints":{"allow":["GET"]}}],"collection":[{"href":"https:\/\/bozsogiattila.hu\/index.php?rest_route=\/wp\/v2\/posts"}],"about":[{"href":"https:\/\/bozsogiattila.hu\/index.php?rest_route=\/wp\/v2\/types\/post"}],"author":[{"embeddable":true,"href":"https:\/\/bozsogiattila.hu\/index.php?rest_route=\/wp\/v2\/users\/3"}],"replies":[{"embeddable":true,"href":"https:\/\/bozsogiattila.hu\/index.php?rest_route=%2Fwp%2Fv2%2Fcomments&post=201"}],"version-history":[{"count":1,"href":"https:\/\/bozsogiattila.hu\/index.php?rest_route=\/wp\/v2\/posts\/201\/revisions"}],"predecessor-version":[{"id":202,"href":"https:\/\/bozsogiattila.hu\/index.php?rest_route=\/wp\/v2\/posts\/201\/revisions\/202"}],"wp:attachment":[{"href":"https:\/\/bozsogiattila.hu\/index.php?rest_route=%2Fwp%2Fv2%2Fmedia&parent=201"}],"wp:term":[{"taxonomy":"category","embeddable":true,"href":"https:\/\/bozsogiattila.hu\/index.php?rest_route=%2Fwp%2Fv2%2Fcategories&post=201"},{"taxonomy":"post_tag","embeddable":true,"href":"https:\/\/bozsogiattila.hu\/index.php?rest_route=%2Fwp%2Fv2%2Ftags&post=201"}],"curies":[{"name":"wp","href":"https:\/\/api.w.org\/{rel}","templated":true}]}}