{"id":203,"date":"2009-10-04T10:41:00","date_gmt":"2009-10-04T10:41:00","guid":{"rendered":"https:\/\/bozsogiattila.hu\/?p=203"},"modified":"2024-01-06T10:50:31","modified_gmt":"2024-01-06T10:50:31","slug":"az-utolso-koncert","status":"publish","type":"post","link":"https:\/\/bozsogiattila.hu\/?p=203","title":{"rendered":"AZ UTOLS\u00d3 KONCERT"},"content":{"rendered":"\n<p class=\"wp-block-paragraph\">AZ UTOLS\u00d3 KONCERT<\/p>\n\n\n\n<p class=\"wp-block-paragraph\">Sz\u00e1rnyalt a muzsika,<br>V\u00edg \u00e9s b\u00fas n\u00f3ta sz\u00f3lt.<br>Az \u00e9rz\u00e9s most bennem,<br>Csak neked dalolt.<\/p>\n\n\n\n<p class=\"wp-block-paragraph\">S\u00edrtak a heged\u0171k,<br>\u00c9s elzokogt\u00e1k azt,<br>Mit az \u00e9n koromban<br>Az ember ritk\u00e1n kap.<\/p>\n\n\n\n<p class=\"wp-block-paragraph\">A v\u00e1gy \u00e9s az \u00e1lom<br>Ott most tal\u00e1lkozott,<br>Mikor a zongor\u00e1n<br>\u00dajam v\u00e9gigfutott.<\/p>\n\n\n\n<p class=\"wp-block-paragraph\">\u00c9reztem \u00e9s tudtam,<br>Hogy dalom hallgatod,<br>Vajon meg\u00e9rted-e,<br>Mit agyam alkotott?<\/p>\n\n\n\n<p class=\"wp-block-paragraph\">Sz\u00edvem, amit dikt\u00e1lt<br>Mind bele\u00edrtam \u00e9n,<br>Semmi sem maradt ki,<br>Neked sz\u00f3lt, szeretn\u00e9m.<\/p>\n\n\n\n<p class=\"wp-block-paragraph\">Az utols\u00f3 koncert,<br>Egy utols\u00f3 \u00e1lom.<br>V\u00e9g\u00e1llom\u00e1s lesz-e,<br>Vagy indul vonatom?<\/p>\n\n\n\n<p class=\"wp-block-paragraph\">El\u00e9g m\u00e1r! Nincs tov\u00e1bb!<br>Agyam \u00edgy reklam\u00e1lt.<br>Mikor megjelent\u00e9l,<br>L\u00e9legzetem el\u00e1llt.<\/p>\n\n\n\n<p class=\"wp-block-paragraph\">A sz\u00ednpadra l\u00e9pt\u00e9l,<br>Kezedben vir\u00e1ggal.<br>Fel\u00e9m k\u00f6zeledt\u00e9l,<br>Csod\u00e1s csokr\u00e9t\u00e1ddal.<\/p>\n\n\n\n<p class=\"wp-block-paragraph\">Mosolyg\u00f3s arcodat<br>N\u00e9m\u00e1n megcsod\u00e1ltam.<br>Gy\u00f6ny\u00f6r\u0171 vagy s\u00fagtam,<br>S a vir\u00e1g\u00e9rt ny\u00faltam.<\/p>\n\n\n\n<p class=\"wp-block-paragraph\">\u00c1tadtad, &#8211; \u00e9s elment\u00e9l,<br>Hozz\u00e1m, \u00edgy \u00e9rkezt\u00e9l.<br>Elmerengtem csendben,<br>S az \u00e1lom tov\u00e1bb \u00e9l.<\/p>\n\n\n\n<p class=\"wp-block-paragraph\">Csak kettesben voltunk,<br>Pedig sokan n\u00e9zt\u00e9k.<br>Boldogg\u00e1 tett\u00e9l ott,<br>T\u00f6bben ezt, &#8211; \u00e9rezt\u00e9k.<\/p>\n\n\n\n<p class=\"wp-block-paragraph\">A vir\u00e1g elhervad,<br>De bennem tov\u00e1bb \u00e9l.<br>Pomp\u00e1zik \u00f6r\u00f6kre,<br>\u00c9s egy dalr\u00f3l reg\u00e9l!<\/p>\n\n\n\n<p class=\"wp-block-paragraph\">Mak\u00f3, 2009. 10. 04.<\/p>\n","protected":false},"excerpt":{"rendered":"<p>AZ UTOLS\u00d3 KONCERT Sz\u00e1rnyalt a muzsika,V\u00edg \u00e9s b\u00fas n\u00f3ta sz\u00f3lt.Az \u00e9rz\u00e9s most bennem,Csak neked dalolt. S\u00edrtak a heged\u0171k,\u00c9s elzokogt\u00e1k azt,Mit az \u00e9n korombanAz ember ritk\u00e1n kap. A v\u00e1gy \u00e9s az \u00e1lomOtt most tal\u00e1lkozott,Mikor a zongor\u00e1n\u00dajam v\u00e9gigfutott. \u00c9reztem \u00e9s tudtam,Hogy dalom hallgatod,Vajon meg\u00e9rted-e,Mit agyam alkotott? Sz\u00edvem, amit dikt\u00e1ltMind bele\u00edrtam \u00e9n,Semmi sem maradt ki,Neked sz\u00f3lt, szeretn\u00e9m. Az &#8230; <a title=\"AZ UTOLS\u00d3 KONCERT\" class=\"read-more\" href=\"https:\/\/bozsogiattila.hu\/?p=203\" aria-label=\"Tov\u00e1bbiak AZ UTOLS\u00d3 KONCERT\">Olvass tov\u00e1bb<\/a><\/p>\n","protected":false},"author":3,"featured_media":0,"comment_status":"closed","ping_status":"open","sticky":false,"template":"","format":"standard","meta":{"footnotes":""},"categories":[4],"tags":[32,34,33,12],"class_list":["post-203","post","type-post","status-publish","format-standard","hentry","category-versek","tag-32","tag-csokor","tag-koncert","tag-mako"],"yoast_head":"<!-- This site is optimized with the Yoast SEO plugin v21.8 - https:\/\/yoast.com\/wordpress\/plugins\/seo\/ -->\n<title>AZ UTOLS\u00d3 KONCERT - Bozsogi Attila<\/title>\n<meta name=\"robots\" content=\"index, follow, max-snippet:-1, max-image-preview:large, max-video-preview:-1\" \/>\n<link rel=\"canonical\" href=\"https:\/\/bozsogiattila.hu\/?p=203\" \/>\n<meta property=\"og:locale\" content=\"hu_HU\" \/>\n<meta property=\"og:type\" content=\"article\" \/>\n<meta property=\"og:title\" content=\"AZ UTOLS\u00d3 KONCERT - Bozsogi Attila\" \/>\n<meta property=\"og:description\" content=\"AZ UTOLS\u00d3 KONCERT Sz\u00e1rnyalt a muzsika,V\u00edg \u00e9s b\u00fas n\u00f3ta sz\u00f3lt.Az \u00e9rz\u00e9s most bennem,Csak neked dalolt. S\u00edrtak a heged\u0171k,\u00c9s elzokogt\u00e1k azt,Mit az \u00e9n korombanAz ember ritk\u00e1n kap. A v\u00e1gy \u00e9s az \u00e1lomOtt most tal\u00e1lkozott,Mikor a zongor\u00e1n\u00dajam v\u00e9gigfutott. \u00c9reztem \u00e9s tudtam,Hogy dalom hallgatod,Vajon meg\u00e9rted-e,Mit agyam alkotott? Sz\u00edvem, amit dikt\u00e1ltMind bele\u00edrtam \u00e9n,Semmi sem maradt ki,Neked sz\u00f3lt, szeretn\u00e9m. Az ... Olvass tov\u00e1bb\" \/>\n<meta property=\"og:url\" content=\"https:\/\/bozsogiattila.hu\/?p=203\" \/>\n<meta property=\"og:site_name\" content=\"Bozsogi Attila\" \/>\n<meta property=\"article:published_time\" content=\"2009-10-04T10:41:00+00:00\" \/>\n<meta property=\"article:modified_time\" content=\"2024-01-06T10:50:31+00:00\" \/>\n<meta name=\"author\" content=\"Bozsogi Attila\" \/>\n<meta name=\"twitter:card\" content=\"summary_large_image\" \/>\n<meta name=\"twitter:label1\" content=\"Szerz\u0151:\" \/>\n\t<meta name=\"twitter:data1\" content=\"Bozsogi Attila\" \/>\n\t<meta name=\"twitter:label2\" content=\"Becs\u00fclt olvas\u00e1si id\u0151\" \/>\n\t<meta name=\"twitter:data2\" content=\"1 perc\" \/>\n<script type=\"application\/ld+json\" class=\"yoast-schema-graph\">{\"@context\":\"https:\/\/schema.org\",\"@graph\":[{\"@type\":\"WebPage\",\"@id\":\"https:\/\/bozsogiattila.hu\/?p=203\",\"url\":\"https:\/\/bozsogiattila.hu\/?p=203\",\"name\":\"AZ UTOLS\u00d3 KONCERT - Bozsogi Attila\",\"isPartOf\":{\"@id\":\"https:\/\/bozsogiattila.hu\/#website\"},\"datePublished\":\"2009-10-04T10:41:00+00:00\",\"dateModified\":\"2024-01-06T10:50:31+00:00\",\"author\":{\"@id\":\"https:\/\/bozsogiattila.hu\/#\/schema\/person\/488c99f554a8c4039201260dd5eb795e\"},\"breadcrumb\":{\"@id\":\"https:\/\/bozsogiattila.hu\/?p=203#breadcrumb\"},\"inLanguage\":\"hu\",\"potentialAction\":[{\"@type\":\"ReadAction\",\"target\":[\"https:\/\/bozsogiattila.hu\/?p=203\"]}]},{\"@type\":\"BreadcrumbList\",\"@id\":\"https:\/\/bozsogiattila.hu\/?p=203#breadcrumb\",\"itemListElement\":[{\"@type\":\"ListItem\",\"position\":1,\"name\":\"Kezd\u0151lap\",\"item\":\"https:\/\/bozsogiattila.hu\/\"},{\"@type\":\"ListItem\",\"position\":2,\"name\":\"AZ UTOLS\u00d3 KONCERT\"}]},{\"@type\":\"WebSite\",\"@id\":\"https:\/\/bozsogiattila.hu\/#website\",\"url\":\"https:\/\/bozsogiattila.hu\/\",\"name\":\"Bozsogi Attila\",\"description\":\"a zen\u00e9sz, \u00edr\u00f3 munk\u00e1ss\u00e1g\u00e1nak \u00e9s a mak\u00f3i muzsikusok eml\u00e9k\u00e9t \u0151rz\u0151 oldal\",\"potentialAction\":[{\"@type\":\"SearchAction\",\"target\":{\"@type\":\"EntryPoint\",\"urlTemplate\":\"https:\/\/bozsogiattila.hu\/?s={search_term_string}\"},\"query-input\":\"required name=search_term_string\"}],\"inLanguage\":\"hu\"},{\"@type\":\"Person\",\"@id\":\"https:\/\/bozsogiattila.hu\/#\/schema\/person\/488c99f554a8c4039201260dd5eb795e\",\"name\":\"Bozsogi Attila\",\"image\":{\"@type\":\"ImageObject\",\"inLanguage\":\"hu\",\"@id\":\"https:\/\/bozsogiattila.hu\/#\/schema\/person\/image\/\",\"url\":\"https:\/\/secure.gravatar.com\/avatar\/7da6b5985e34ed798d1670c54ce7d20e6a53b800bb0c07945c64b09392f3dbfd?s=96&d=mm&r=g\",\"contentUrl\":\"https:\/\/secure.gravatar.com\/avatar\/7da6b5985e34ed798d1670c54ce7d20e6a53b800bb0c07945c64b09392f3dbfd?s=96&d=mm&r=g\",\"caption\":\"Bozsogi Attila\"},\"sameAs\":[\"http:\/\/www.boszogiattila.hu\"],\"url\":\"https:\/\/bozsogiattila.hu\/?author=3\"}]}<\/script>\n<!-- \/ Yoast SEO plugin. -->","yoast_head_json":{"title":"AZ UTOLS\u00d3 KONCERT - Bozsogi Attila","robots":{"index":"index","follow":"follow","max-snippet":"max-snippet:-1","max-image-preview":"max-image-preview:large","max-video-preview":"max-video-preview:-1"},"canonical":"https:\/\/bozsogiattila.hu\/?p=203","og_locale":"hu_HU","og_type":"article","og_title":"AZ UTOLS\u00d3 KONCERT - Bozsogi Attila","og_description":"AZ UTOLS\u00d3 KONCERT Sz\u00e1rnyalt a muzsika,V\u00edg \u00e9s b\u00fas n\u00f3ta sz\u00f3lt.Az \u00e9rz\u00e9s most bennem,Csak neked dalolt. S\u00edrtak a heged\u0171k,\u00c9s elzokogt\u00e1k azt,Mit az \u00e9n korombanAz ember ritk\u00e1n kap. A v\u00e1gy \u00e9s az \u00e1lomOtt most tal\u00e1lkozott,Mikor a zongor\u00e1n\u00dajam v\u00e9gigfutott. \u00c9reztem \u00e9s tudtam,Hogy dalom hallgatod,Vajon meg\u00e9rted-e,Mit agyam alkotott? Sz\u00edvem, amit dikt\u00e1ltMind bele\u00edrtam \u00e9n,Semmi sem maradt ki,Neked sz\u00f3lt, szeretn\u00e9m. Az ... Olvass tov\u00e1bb","og_url":"https:\/\/bozsogiattila.hu\/?p=203","og_site_name":"Bozsogi Attila","article_published_time":"2009-10-04T10:41:00+00:00","article_modified_time":"2024-01-06T10:50:31+00:00","author":"Bozsogi Attila","twitter_card":"summary_large_image","twitter_misc":{"Szerz\u0151:":"Bozsogi Attila","Becs\u00fclt olvas\u00e1si id\u0151":"1 perc"},"schema":{"@context":"https:\/\/schema.org","@graph":[{"@type":"WebPage","@id":"https:\/\/bozsogiattila.hu\/?p=203","url":"https:\/\/bozsogiattila.hu\/?p=203","name":"AZ UTOLS\u00d3 KONCERT - Bozsogi Attila","isPartOf":{"@id":"https:\/\/bozsogiattila.hu\/#website"},"datePublished":"2009-10-04T10:41:00+00:00","dateModified":"2024-01-06T10:50:31+00:00","author":{"@id":"https:\/\/bozsogiattila.hu\/#\/schema\/person\/488c99f554a8c4039201260dd5eb795e"},"breadcrumb":{"@id":"https:\/\/bozsogiattila.hu\/?p=203#breadcrumb"},"inLanguage":"hu","potentialAction":[{"@type":"ReadAction","target":["https:\/\/bozsogiattila.hu\/?p=203"]}]},{"@type":"BreadcrumbList","@id":"https:\/\/bozsogiattila.hu\/?p=203#breadcrumb","itemListElement":[{"@type":"ListItem","position":1,"name":"Kezd\u0151lap","item":"https:\/\/bozsogiattila.hu\/"},{"@type":"ListItem","position":2,"name":"AZ UTOLS\u00d3 KONCERT"}]},{"@type":"WebSite","@id":"https:\/\/bozsogiattila.hu\/#website","url":"https:\/\/bozsogiattila.hu\/","name":"Bozsogi Attila","description":"a zen\u00e9sz, \u00edr\u00f3 munk\u00e1ss\u00e1g\u00e1nak \u00e9s a mak\u00f3i muzsikusok eml\u00e9k\u00e9t \u0151rz\u0151 oldal","potentialAction":[{"@type":"SearchAction","target":{"@type":"EntryPoint","urlTemplate":"https:\/\/bozsogiattila.hu\/?s={search_term_string}"},"query-input":"required name=search_term_string"}],"inLanguage":"hu"},{"@type":"Person","@id":"https:\/\/bozsogiattila.hu\/#\/schema\/person\/488c99f554a8c4039201260dd5eb795e","name":"Bozsogi Attila","image":{"@type":"ImageObject","inLanguage":"hu","@id":"https:\/\/bozsogiattila.hu\/#\/schema\/person\/image\/","url":"https:\/\/secure.gravatar.com\/avatar\/7da6b5985e34ed798d1670c54ce7d20e6a53b800bb0c07945c64b09392f3dbfd?s=96&d=mm&r=g","contentUrl":"https:\/\/secure.gravatar.com\/avatar\/7da6b5985e34ed798d1670c54ce7d20e6a53b800bb0c07945c64b09392f3dbfd?s=96&d=mm&r=g","caption":"Bozsogi Attila"},"sameAs":["http:\/\/www.boszogiattila.hu"],"url":"https:\/\/bozsogiattila.hu\/?author=3"}]}},"jetpack_featured_media_url":"","_links":{"self":[{"href":"https:\/\/bozsogiattila.hu\/index.php?rest_route=\/wp\/v2\/posts\/203","targetHints":{"allow":["GET"]}}],"collection":[{"href":"https:\/\/bozsogiattila.hu\/index.php?rest_route=\/wp\/v2\/posts"}],"about":[{"href":"https:\/\/bozsogiattila.hu\/index.php?rest_route=\/wp\/v2\/types\/post"}],"author":[{"embeddable":true,"href":"https:\/\/bozsogiattila.hu\/index.php?rest_route=\/wp\/v2\/users\/3"}],"replies":[{"embeddable":true,"href":"https:\/\/bozsogiattila.hu\/index.php?rest_route=%2Fwp%2Fv2%2Fcomments&post=203"}],"version-history":[{"count":1,"href":"https:\/\/bozsogiattila.hu\/index.php?rest_route=\/wp\/v2\/posts\/203\/revisions"}],"predecessor-version":[{"id":204,"href":"https:\/\/bozsogiattila.hu\/index.php?rest_route=\/wp\/v2\/posts\/203\/revisions\/204"}],"wp:attachment":[{"href":"https:\/\/bozsogiattila.hu\/index.php?rest_route=%2Fwp%2Fv2%2Fmedia&parent=203"}],"wp:term":[{"taxonomy":"category","embeddable":true,"href":"https:\/\/bozsogiattila.hu\/index.php?rest_route=%2Fwp%2Fv2%2Fcategories&post=203"},{"taxonomy":"post_tag","embeddable":true,"href":"https:\/\/bozsogiattila.hu\/index.php?rest_route=%2Fwp%2Fv2%2Ftags&post=203"}],"curies":[{"name":"wp","href":"https:\/\/api.w.org\/{rel}","templated":true}]}}