{"id":219,"date":"1998-09-03T10:59:00","date_gmt":"1998-09-03T10:59:00","guid":{"rendered":"https:\/\/bozsogiattila.hu\/?p=219"},"modified":"2024-01-06T11:00:57","modified_gmt":"2024-01-06T11:00:57","slug":"almomban-te-megjelentel","status":"publish","type":"post","link":"https:\/\/bozsogiattila.hu\/?p=219","title":{"rendered":"\u00c1LMOMBAN TE MEGJELENT\u00c9L"},"content":{"rendered":"\n<p class=\"wp-block-paragraph\">\u00c1LMOMBAN TE MEGJELENT\u00c9L<\/p>\n\n\n\n<p class=\"wp-block-paragraph\">\u00c1lmomban Te megjelent\u00e9l,<br>Elj\u00f6tt\u00e9l \u00e9nhozz\u00e1m,<br>\u00c9des \u00e1lomba ringatt\u00e1l,<br>\u00c1t\u00f6lelt\u00e9l n\u00e9m\u00e1n,<\/p>\n\n\n\n<p class=\"wp-block-paragraph\">Felk\u00edn\u00e1ltad a sz\u00edvedet,<br>Sz\u00edvem\u00e9rt cser\u00e9be,<br>Megfogadtad, velem maradsz,<br>Ezut\u00e1n \u00f6r\u00f6kre.<\/p>\n\n\n\n<p class=\"wp-block-paragraph\">De az \u00e1lom gyorsan elsz\u00e1llt,<br>Ottmaradtam \u00e1rv\u00e1n,<br>Becsapott az \u00e9des \u00e1lom,<br>\u00c9s megk\u00ednzott durv\u00e1n.<\/p>\n\n\n\n<p class=\"wp-block-paragraph\">Nem felejtem el az\u00f3ta,<br>Hogy az \u00e1lom csalfa,<br>\u00c9bren \u00e1lmodom most R\u00f3lad,<br>T\u00e9ged v\u00e1rlak vissza!<\/p>\n\n\n\n<p class=\"wp-block-paragraph\">Mak\u00f3, 1998. 09. 03.<\/p>\n","protected":false},"excerpt":{"rendered":"<p>\u00c1LMOMBAN TE MEGJELENT\u00c9L \u00c1lmomban Te megjelent\u00e9l,Elj\u00f6tt\u00e9l \u00e9nhozz\u00e1m,\u00c9des \u00e1lomba ringatt\u00e1l,\u00c1t\u00f6lelt\u00e9l n\u00e9m\u00e1n, Felk\u00edn\u00e1ltad a sz\u00edvedet,Sz\u00edvem\u00e9rt cser\u00e9be,Megfogadtad, velem maradsz,Ezut\u00e1n \u00f6r\u00f6kre. De az \u00e1lom gyorsan elsz\u00e1llt,Ottmaradtam \u00e1rv\u00e1n,Becsapott az \u00e9des \u00e1lom,\u00c9s megk\u00ednzott durv\u00e1n. Nem felejtem el az\u00f3ta,Hogy az \u00e1lom csalfa,\u00c9bren \u00e1lmodom most R\u00f3lad,T\u00e9ged v\u00e1rlak vissza! Mak\u00f3, 1998. 09. 03.<\/p>\n","protected":false},"author":3,"featured_media":0,"comment_status":"closed","ping_status":"closed","sticky":false,"template":"","format":"standard","meta":{"footnotes":""},"categories":[4],"tags":[42,12],"class_list":["post-219","post","type-post","status-publish","format-standard","hentry","category-versek","tag-42","tag-mako"],"yoast_head":"<!-- This site is optimized with the Yoast SEO plugin v21.8 - https:\/\/yoast.com\/wordpress\/plugins\/seo\/ -->\n<title>\u00c1LMOMBAN TE MEGJELENT\u00c9L - Bozsogi Attila<\/title>\n<meta name=\"robots\" content=\"index, follow, max-snippet:-1, max-image-preview:large, max-video-preview:-1\" \/>\n<link rel=\"canonical\" href=\"https:\/\/bozsogiattila.hu\/?p=219\" \/>\n<meta property=\"og:locale\" content=\"hu_HU\" \/>\n<meta property=\"og:type\" content=\"article\" \/>\n<meta property=\"og:title\" content=\"\u00c1LMOMBAN TE MEGJELENT\u00c9L - Bozsogi Attila\" \/>\n<meta property=\"og:description\" content=\"\u00c1LMOMBAN TE MEGJELENT\u00c9L \u00c1lmomban Te megjelent\u00e9l,Elj\u00f6tt\u00e9l \u00e9nhozz\u00e1m,\u00c9des \u00e1lomba ringatt\u00e1l,\u00c1t\u00f6lelt\u00e9l n\u00e9m\u00e1n, Felk\u00edn\u00e1ltad a sz\u00edvedet,Sz\u00edvem\u00e9rt cser\u00e9be,Megfogadtad, velem maradsz,Ezut\u00e1n \u00f6r\u00f6kre. De az \u00e1lom gyorsan elsz\u00e1llt,Ottmaradtam \u00e1rv\u00e1n,Becsapott az \u00e9des \u00e1lom,\u00c9s megk\u00ednzott durv\u00e1n. Nem felejtem el az\u00f3ta,Hogy az \u00e1lom csalfa,\u00c9bren \u00e1lmodom most R\u00f3lad,T\u00e9ged v\u00e1rlak vissza! Mak\u00f3, 1998. 09. 03.\" \/>\n<meta property=\"og:url\" content=\"https:\/\/bozsogiattila.hu\/?p=219\" \/>\n<meta property=\"og:site_name\" content=\"Bozsogi Attila\" \/>\n<meta property=\"article:published_time\" content=\"1998-09-03T10:59:00+00:00\" \/>\n<meta property=\"article:modified_time\" content=\"2024-01-06T11:00:57+00:00\" \/>\n<meta name=\"author\" content=\"Bozsogi Attila\" \/>\n<meta name=\"twitter:card\" content=\"summary_large_image\" \/>\n<meta name=\"twitter:label1\" content=\"Szerz\u0151:\" \/>\n\t<meta name=\"twitter:data1\" content=\"Bozsogi Attila\" \/>\n<script type=\"application\/ld+json\" class=\"yoast-schema-graph\">{\"@context\":\"https:\/\/schema.org\",\"@graph\":[{\"@type\":\"WebPage\",\"@id\":\"https:\/\/bozsogiattila.hu\/?p=219\",\"url\":\"https:\/\/bozsogiattila.hu\/?p=219\",\"name\":\"\u00c1LMOMBAN TE MEGJELENT\u00c9L - Bozsogi Attila\",\"isPartOf\":{\"@id\":\"https:\/\/bozsogiattila.hu\/#website\"},\"datePublished\":\"1998-09-03T10:59:00+00:00\",\"dateModified\":\"2024-01-06T11:00:57+00:00\",\"author\":{\"@id\":\"https:\/\/bozsogiattila.hu\/#\/schema\/person\/488c99f554a8c4039201260dd5eb795e\"},\"breadcrumb\":{\"@id\":\"https:\/\/bozsogiattila.hu\/?p=219#breadcrumb\"},\"inLanguage\":\"hu\",\"potentialAction\":[{\"@type\":\"ReadAction\",\"target\":[\"https:\/\/bozsogiattila.hu\/?p=219\"]}]},{\"@type\":\"BreadcrumbList\",\"@id\":\"https:\/\/bozsogiattila.hu\/?p=219#breadcrumb\",\"itemListElement\":[{\"@type\":\"ListItem\",\"position\":1,\"name\":\"Kezd\u0151lap\",\"item\":\"https:\/\/bozsogiattila.hu\/\"},{\"@type\":\"ListItem\",\"position\":2,\"name\":\"\u00c1LMOMBAN TE MEGJELENT\u00c9L\"}]},{\"@type\":\"WebSite\",\"@id\":\"https:\/\/bozsogiattila.hu\/#website\",\"url\":\"https:\/\/bozsogiattila.hu\/\",\"name\":\"Bozsogi Attila\",\"description\":\"a zen\u00e9sz, \u00edr\u00f3 munk\u00e1ss\u00e1g\u00e1nak \u00e9s a mak\u00f3i muzsikusok eml\u00e9k\u00e9t \u0151rz\u0151 oldal\",\"potentialAction\":[{\"@type\":\"SearchAction\",\"target\":{\"@type\":\"EntryPoint\",\"urlTemplate\":\"https:\/\/bozsogiattila.hu\/?s={search_term_string}\"},\"query-input\":\"required name=search_term_string\"}],\"inLanguage\":\"hu\"},{\"@type\":\"Person\",\"@id\":\"https:\/\/bozsogiattila.hu\/#\/schema\/person\/488c99f554a8c4039201260dd5eb795e\",\"name\":\"Bozsogi Attila\",\"image\":{\"@type\":\"ImageObject\",\"inLanguage\":\"hu\",\"@id\":\"https:\/\/bozsogiattila.hu\/#\/schema\/person\/image\/\",\"url\":\"https:\/\/secure.gravatar.com\/avatar\/7da6b5985e34ed798d1670c54ce7d20e6a53b800bb0c07945c64b09392f3dbfd?s=96&d=mm&r=g\",\"contentUrl\":\"https:\/\/secure.gravatar.com\/avatar\/7da6b5985e34ed798d1670c54ce7d20e6a53b800bb0c07945c64b09392f3dbfd?s=96&d=mm&r=g\",\"caption\":\"Bozsogi Attila\"},\"sameAs\":[\"http:\/\/www.boszogiattila.hu\"],\"url\":\"https:\/\/bozsogiattila.hu\/?author=3\"}]}<\/script>\n<!-- \/ Yoast SEO plugin. -->","yoast_head_json":{"title":"\u00c1LMOMBAN TE MEGJELENT\u00c9L - Bozsogi Attila","robots":{"index":"index","follow":"follow","max-snippet":"max-snippet:-1","max-image-preview":"max-image-preview:large","max-video-preview":"max-video-preview:-1"},"canonical":"https:\/\/bozsogiattila.hu\/?p=219","og_locale":"hu_HU","og_type":"article","og_title":"\u00c1LMOMBAN TE MEGJELENT\u00c9L - Bozsogi Attila","og_description":"\u00c1LMOMBAN TE MEGJELENT\u00c9L \u00c1lmomban Te megjelent\u00e9l,Elj\u00f6tt\u00e9l \u00e9nhozz\u00e1m,\u00c9des \u00e1lomba ringatt\u00e1l,\u00c1t\u00f6lelt\u00e9l n\u00e9m\u00e1n, Felk\u00edn\u00e1ltad a sz\u00edvedet,Sz\u00edvem\u00e9rt cser\u00e9be,Megfogadtad, velem maradsz,Ezut\u00e1n \u00f6r\u00f6kre. De az \u00e1lom gyorsan elsz\u00e1llt,Ottmaradtam \u00e1rv\u00e1n,Becsapott az \u00e9des \u00e1lom,\u00c9s megk\u00ednzott durv\u00e1n. Nem felejtem el az\u00f3ta,Hogy az \u00e1lom csalfa,\u00c9bren \u00e1lmodom most R\u00f3lad,T\u00e9ged v\u00e1rlak vissza! Mak\u00f3, 1998. 09. 03.","og_url":"https:\/\/bozsogiattila.hu\/?p=219","og_site_name":"Bozsogi Attila","article_published_time":"1998-09-03T10:59:00+00:00","article_modified_time":"2024-01-06T11:00:57+00:00","author":"Bozsogi Attila","twitter_card":"summary_large_image","twitter_misc":{"Szerz\u0151:":"Bozsogi Attila"},"schema":{"@context":"https:\/\/schema.org","@graph":[{"@type":"WebPage","@id":"https:\/\/bozsogiattila.hu\/?p=219","url":"https:\/\/bozsogiattila.hu\/?p=219","name":"\u00c1LMOMBAN TE MEGJELENT\u00c9L - Bozsogi Attila","isPartOf":{"@id":"https:\/\/bozsogiattila.hu\/#website"},"datePublished":"1998-09-03T10:59:00+00:00","dateModified":"2024-01-06T11:00:57+00:00","author":{"@id":"https:\/\/bozsogiattila.hu\/#\/schema\/person\/488c99f554a8c4039201260dd5eb795e"},"breadcrumb":{"@id":"https:\/\/bozsogiattila.hu\/?p=219#breadcrumb"},"inLanguage":"hu","potentialAction":[{"@type":"ReadAction","target":["https:\/\/bozsogiattila.hu\/?p=219"]}]},{"@type":"BreadcrumbList","@id":"https:\/\/bozsogiattila.hu\/?p=219#breadcrumb","itemListElement":[{"@type":"ListItem","position":1,"name":"Kezd\u0151lap","item":"https:\/\/bozsogiattila.hu\/"},{"@type":"ListItem","position":2,"name":"\u00c1LMOMBAN TE MEGJELENT\u00c9L"}]},{"@type":"WebSite","@id":"https:\/\/bozsogiattila.hu\/#website","url":"https:\/\/bozsogiattila.hu\/","name":"Bozsogi Attila","description":"a zen\u00e9sz, \u00edr\u00f3 munk\u00e1ss\u00e1g\u00e1nak \u00e9s a mak\u00f3i muzsikusok eml\u00e9k\u00e9t \u0151rz\u0151 oldal","potentialAction":[{"@type":"SearchAction","target":{"@type":"EntryPoint","urlTemplate":"https:\/\/bozsogiattila.hu\/?s={search_term_string}"},"query-input":"required name=search_term_string"}],"inLanguage":"hu"},{"@type":"Person","@id":"https:\/\/bozsogiattila.hu\/#\/schema\/person\/488c99f554a8c4039201260dd5eb795e","name":"Bozsogi Attila","image":{"@type":"ImageObject","inLanguage":"hu","@id":"https:\/\/bozsogiattila.hu\/#\/schema\/person\/image\/","url":"https:\/\/secure.gravatar.com\/avatar\/7da6b5985e34ed798d1670c54ce7d20e6a53b800bb0c07945c64b09392f3dbfd?s=96&d=mm&r=g","contentUrl":"https:\/\/secure.gravatar.com\/avatar\/7da6b5985e34ed798d1670c54ce7d20e6a53b800bb0c07945c64b09392f3dbfd?s=96&d=mm&r=g","caption":"Bozsogi Attila"},"sameAs":["http:\/\/www.boszogiattila.hu"],"url":"https:\/\/bozsogiattila.hu\/?author=3"}]}},"jetpack_featured_media_url":"","_links":{"self":[{"href":"https:\/\/bozsogiattila.hu\/index.php?rest_route=\/wp\/v2\/posts\/219","targetHints":{"allow":["GET"]}}],"collection":[{"href":"https:\/\/bozsogiattila.hu\/index.php?rest_route=\/wp\/v2\/posts"}],"about":[{"href":"https:\/\/bozsogiattila.hu\/index.php?rest_route=\/wp\/v2\/types\/post"}],"author":[{"embeddable":true,"href":"https:\/\/bozsogiattila.hu\/index.php?rest_route=\/wp\/v2\/users\/3"}],"replies":[{"embeddable":true,"href":"https:\/\/bozsogiattila.hu\/index.php?rest_route=%2Fwp%2Fv2%2Fcomments&post=219"}],"version-history":[{"count":1,"href":"https:\/\/bozsogiattila.hu\/index.php?rest_route=\/wp\/v2\/posts\/219\/revisions"}],"predecessor-version":[{"id":220,"href":"https:\/\/bozsogiattila.hu\/index.php?rest_route=\/wp\/v2\/posts\/219\/revisions\/220"}],"wp:attachment":[{"href":"https:\/\/bozsogiattila.hu\/index.php?rest_route=%2Fwp%2Fv2%2Fmedia&parent=219"}],"wp:term":[{"taxonomy":"category","embeddable":true,"href":"https:\/\/bozsogiattila.hu\/index.php?rest_route=%2Fwp%2Fv2%2Fcategories&post=219"},{"taxonomy":"post_tag","embeddable":true,"href":"https:\/\/bozsogiattila.hu\/index.php?rest_route=%2Fwp%2Fv2%2Ftags&post=219"}],"curies":[{"name":"wp","href":"https:\/\/api.w.org\/{rel}","templated":true}]}}