{"id":243,"date":"1999-11-08T11:29:00","date_gmt":"1999-11-08T11:29:00","guid":{"rendered":"https:\/\/bozsogiattila.hu\/?p=243"},"modified":"2024-01-06T11:33:03","modified_gmt":"2024-01-06T11:33:03","slug":"amikor-mi-talalkoztunk","status":"publish","type":"post","link":"https:\/\/bozsogiattila.hu\/?p=243","title":{"rendered":"AMIKOR MI TAL\u00c1LKOZTUNK"},"content":{"rendered":"\n<p class=\"wp-block-paragraph\">AMIKOR MI TAL\u00c1LKOZTUNK<\/p>\n\n\n\n<p class=\"wp-block-paragraph\">Amikor mi tal\u00e1lkoztunk,<br>Nem gondoltam \u00e9n azt,<br>Hogy egy napon f\u00e1jni fog m\u00e9g,<br>S j\u00f3l esik a vigasz.<\/p>\n\n\n\n<p class=\"wp-block-paragraph\">Szomor\u00fas\u00e1g lesz majd nekem,<br>Minden perc \u00e9s \u00f3ra,<br>Ami\u00e9rt a mi szerelm\u00fcnk,<br>Sosem v\u00e1lt val\u00f3ra.<\/p>\n\n\n\n<p class=\"wp-block-paragraph\">Elmerengek sokszor azon,<br>Mi volt annak oka,<br>Hogy ami oly j\u00f3l kezd\u0151d\u00f6tt,<br>Mi\u00e9rt jutott oda?<\/p>\n\n\n\n<p class=\"wp-block-paragraph\">Mi volt, amit elhib\u00e1ztunk,<br>Vajon hol v\u00e9tett\u00fcnk,<br>Ami\u00e9rt k\u00e1ty\u00faba jutott,<br>A mi nagy szerelm\u00fcnk?<\/p>\n\n\n\n<p class=\"wp-block-paragraph\">Mak\u00f3, 1999. 11 08.<\/p>\n","protected":false},"excerpt":{"rendered":"<p>AMIKOR MI TAL\u00c1LKOZTUNK Amikor mi tal\u00e1lkoztunk,Nem gondoltam \u00e9n azt,Hogy egy napon f\u00e1jni fog m\u00e9g,S j\u00f3l esik a vigasz. Szomor\u00fas\u00e1g lesz majd nekem,Minden perc \u00e9s \u00f3ra,Ami\u00e9rt a mi szerelm\u00fcnk,Sosem v\u00e1lt val\u00f3ra. Elmerengek sokszor azon,Mi volt annak oka,Hogy ami oly j\u00f3l kezd\u0151d\u00f6tt,Mi\u00e9rt jutott oda? Mi volt, amit elhib\u00e1ztunk,Vajon hol v\u00e9tett\u00fcnk,Ami\u00e9rt k\u00e1ty\u00faba jutott,A mi nagy szerelm\u00fcnk? Mak\u00f3, 1999. &#8230; <a title=\"AMIKOR MI TAL\u00c1LKOZTUNK\" class=\"read-more\" href=\"https:\/\/bozsogiattila.hu\/?p=243\" aria-label=\"Tov\u00e1bbiak AMIKOR MI TAL\u00c1LKOZTUNK\">Olvass tov\u00e1bb<\/a><\/p>\n","protected":false},"author":3,"featured_media":0,"comment_status":"closed","ping_status":"open","sticky":false,"template":"","format":"standard","meta":{"footnotes":""},"categories":[4],"tags":[23,12,48,57],"class_list":["post-243","post","type-post","status-publish","format-standard","hentry","category-versek","tag-23","tag-mako","tag-szerelem","tag-talalkozas"],"yoast_head":"<!-- This site is optimized with the Yoast SEO plugin v21.8 - https:\/\/yoast.com\/wordpress\/plugins\/seo\/ -->\n<title>AMIKOR MI TAL\u00c1LKOZTUNK - Bozsogi Attila<\/title>\n<meta name=\"robots\" content=\"index, follow, max-snippet:-1, max-image-preview:large, max-video-preview:-1\" \/>\n<link rel=\"canonical\" href=\"https:\/\/bozsogiattila.hu\/?p=243\" \/>\n<meta property=\"og:locale\" content=\"hu_HU\" \/>\n<meta property=\"og:type\" content=\"article\" \/>\n<meta property=\"og:title\" content=\"AMIKOR MI TAL\u00c1LKOZTUNK - Bozsogi Attila\" \/>\n<meta property=\"og:description\" content=\"AMIKOR MI TAL\u00c1LKOZTUNK Amikor mi tal\u00e1lkoztunk,Nem gondoltam \u00e9n azt,Hogy egy napon f\u00e1jni fog m\u00e9g,S j\u00f3l esik a vigasz. Szomor\u00fas\u00e1g lesz majd nekem,Minden perc \u00e9s \u00f3ra,Ami\u00e9rt a mi szerelm\u00fcnk,Sosem v\u00e1lt val\u00f3ra. Elmerengek sokszor azon,Mi volt annak oka,Hogy ami oly j\u00f3l kezd\u0151d\u00f6tt,Mi\u00e9rt jutott oda? Mi volt, amit elhib\u00e1ztunk,Vajon hol v\u00e9tett\u00fcnk,Ami\u00e9rt k\u00e1ty\u00faba jutott,A mi nagy szerelm\u00fcnk? Mak\u00f3, 1999. ... Olvass tov\u00e1bb\" \/>\n<meta property=\"og:url\" content=\"https:\/\/bozsogiattila.hu\/?p=243\" \/>\n<meta property=\"og:site_name\" content=\"Bozsogi Attila\" \/>\n<meta property=\"article:published_time\" content=\"1999-11-08T11:29:00+00:00\" \/>\n<meta property=\"article:modified_time\" content=\"2024-01-06T11:33:03+00:00\" \/>\n<meta name=\"author\" content=\"Bozsogi Attila\" \/>\n<meta name=\"twitter:card\" content=\"summary_large_image\" \/>\n<meta name=\"twitter:label1\" content=\"Szerz\u0151:\" \/>\n\t<meta name=\"twitter:data1\" content=\"Bozsogi Attila\" \/>\n<script type=\"application\/ld+json\" class=\"yoast-schema-graph\">{\"@context\":\"https:\/\/schema.org\",\"@graph\":[{\"@type\":\"WebPage\",\"@id\":\"https:\/\/bozsogiattila.hu\/?p=243\",\"url\":\"https:\/\/bozsogiattila.hu\/?p=243\",\"name\":\"AMIKOR MI TAL\u00c1LKOZTUNK - Bozsogi Attila\",\"isPartOf\":{\"@id\":\"https:\/\/bozsogiattila.hu\/#website\"},\"datePublished\":\"1999-11-08T11:29:00+00:00\",\"dateModified\":\"2024-01-06T11:33:03+00:00\",\"author\":{\"@id\":\"https:\/\/bozsogiattila.hu\/#\/schema\/person\/488c99f554a8c4039201260dd5eb795e\"},\"breadcrumb\":{\"@id\":\"https:\/\/bozsogiattila.hu\/?p=243#breadcrumb\"},\"inLanguage\":\"hu\",\"potentialAction\":[{\"@type\":\"ReadAction\",\"target\":[\"https:\/\/bozsogiattila.hu\/?p=243\"]}]},{\"@type\":\"BreadcrumbList\",\"@id\":\"https:\/\/bozsogiattila.hu\/?p=243#breadcrumb\",\"itemListElement\":[{\"@type\":\"ListItem\",\"position\":1,\"name\":\"Kezd\u0151lap\",\"item\":\"https:\/\/bozsogiattila.hu\/\"},{\"@type\":\"ListItem\",\"position\":2,\"name\":\"AMIKOR MI TAL\u00c1LKOZTUNK\"}]},{\"@type\":\"WebSite\",\"@id\":\"https:\/\/bozsogiattila.hu\/#website\",\"url\":\"https:\/\/bozsogiattila.hu\/\",\"name\":\"Bozsogi Attila\",\"description\":\"a zen\u00e9sz, \u00edr\u00f3 munk\u00e1ss\u00e1g\u00e1nak \u00e9s a mak\u00f3i muzsikusok eml\u00e9k\u00e9t \u0151rz\u0151 oldal\",\"potentialAction\":[{\"@type\":\"SearchAction\",\"target\":{\"@type\":\"EntryPoint\",\"urlTemplate\":\"https:\/\/bozsogiattila.hu\/?s={search_term_string}\"},\"query-input\":\"required name=search_term_string\"}],\"inLanguage\":\"hu\"},{\"@type\":\"Person\",\"@id\":\"https:\/\/bozsogiattila.hu\/#\/schema\/person\/488c99f554a8c4039201260dd5eb795e\",\"name\":\"Bozsogi Attila\",\"image\":{\"@type\":\"ImageObject\",\"inLanguage\":\"hu\",\"@id\":\"https:\/\/bozsogiattila.hu\/#\/schema\/person\/image\/\",\"url\":\"https:\/\/secure.gravatar.com\/avatar\/7da6b5985e34ed798d1670c54ce7d20e6a53b800bb0c07945c64b09392f3dbfd?s=96&d=mm&r=g\",\"contentUrl\":\"https:\/\/secure.gravatar.com\/avatar\/7da6b5985e34ed798d1670c54ce7d20e6a53b800bb0c07945c64b09392f3dbfd?s=96&d=mm&r=g\",\"caption\":\"Bozsogi Attila\"},\"sameAs\":[\"http:\/\/www.boszogiattila.hu\"],\"url\":\"https:\/\/bozsogiattila.hu\/?author=3\"}]}<\/script>\n<!-- \/ Yoast SEO plugin. -->","yoast_head_json":{"title":"AMIKOR MI TAL\u00c1LKOZTUNK - Bozsogi Attila","robots":{"index":"index","follow":"follow","max-snippet":"max-snippet:-1","max-image-preview":"max-image-preview:large","max-video-preview":"max-video-preview:-1"},"canonical":"https:\/\/bozsogiattila.hu\/?p=243","og_locale":"hu_HU","og_type":"article","og_title":"AMIKOR MI TAL\u00c1LKOZTUNK - Bozsogi Attila","og_description":"AMIKOR MI TAL\u00c1LKOZTUNK Amikor mi tal\u00e1lkoztunk,Nem gondoltam \u00e9n azt,Hogy egy napon f\u00e1jni fog m\u00e9g,S j\u00f3l esik a vigasz. Szomor\u00fas\u00e1g lesz majd nekem,Minden perc \u00e9s \u00f3ra,Ami\u00e9rt a mi szerelm\u00fcnk,Sosem v\u00e1lt val\u00f3ra. Elmerengek sokszor azon,Mi volt annak oka,Hogy ami oly j\u00f3l kezd\u0151d\u00f6tt,Mi\u00e9rt jutott oda? Mi volt, amit elhib\u00e1ztunk,Vajon hol v\u00e9tett\u00fcnk,Ami\u00e9rt k\u00e1ty\u00faba jutott,A mi nagy szerelm\u00fcnk? Mak\u00f3, 1999. ... Olvass tov\u00e1bb","og_url":"https:\/\/bozsogiattila.hu\/?p=243","og_site_name":"Bozsogi Attila","article_published_time":"1999-11-08T11:29:00+00:00","article_modified_time":"2024-01-06T11:33:03+00:00","author":"Bozsogi Attila","twitter_card":"summary_large_image","twitter_misc":{"Szerz\u0151:":"Bozsogi Attila"},"schema":{"@context":"https:\/\/schema.org","@graph":[{"@type":"WebPage","@id":"https:\/\/bozsogiattila.hu\/?p=243","url":"https:\/\/bozsogiattila.hu\/?p=243","name":"AMIKOR MI TAL\u00c1LKOZTUNK - Bozsogi Attila","isPartOf":{"@id":"https:\/\/bozsogiattila.hu\/#website"},"datePublished":"1999-11-08T11:29:00+00:00","dateModified":"2024-01-06T11:33:03+00:00","author":{"@id":"https:\/\/bozsogiattila.hu\/#\/schema\/person\/488c99f554a8c4039201260dd5eb795e"},"breadcrumb":{"@id":"https:\/\/bozsogiattila.hu\/?p=243#breadcrumb"},"inLanguage":"hu","potentialAction":[{"@type":"ReadAction","target":["https:\/\/bozsogiattila.hu\/?p=243"]}]},{"@type":"BreadcrumbList","@id":"https:\/\/bozsogiattila.hu\/?p=243#breadcrumb","itemListElement":[{"@type":"ListItem","position":1,"name":"Kezd\u0151lap","item":"https:\/\/bozsogiattila.hu\/"},{"@type":"ListItem","position":2,"name":"AMIKOR MI TAL\u00c1LKOZTUNK"}]},{"@type":"WebSite","@id":"https:\/\/bozsogiattila.hu\/#website","url":"https:\/\/bozsogiattila.hu\/","name":"Bozsogi Attila","description":"a zen\u00e9sz, \u00edr\u00f3 munk\u00e1ss\u00e1g\u00e1nak \u00e9s a mak\u00f3i muzsikusok eml\u00e9k\u00e9t \u0151rz\u0151 oldal","potentialAction":[{"@type":"SearchAction","target":{"@type":"EntryPoint","urlTemplate":"https:\/\/bozsogiattila.hu\/?s={search_term_string}"},"query-input":"required name=search_term_string"}],"inLanguage":"hu"},{"@type":"Person","@id":"https:\/\/bozsogiattila.hu\/#\/schema\/person\/488c99f554a8c4039201260dd5eb795e","name":"Bozsogi Attila","image":{"@type":"ImageObject","inLanguage":"hu","@id":"https:\/\/bozsogiattila.hu\/#\/schema\/person\/image\/","url":"https:\/\/secure.gravatar.com\/avatar\/7da6b5985e34ed798d1670c54ce7d20e6a53b800bb0c07945c64b09392f3dbfd?s=96&d=mm&r=g","contentUrl":"https:\/\/secure.gravatar.com\/avatar\/7da6b5985e34ed798d1670c54ce7d20e6a53b800bb0c07945c64b09392f3dbfd?s=96&d=mm&r=g","caption":"Bozsogi Attila"},"sameAs":["http:\/\/www.boszogiattila.hu"],"url":"https:\/\/bozsogiattila.hu\/?author=3"}]}},"jetpack_featured_media_url":"","_links":{"self":[{"href":"https:\/\/bozsogiattila.hu\/index.php?rest_route=\/wp\/v2\/posts\/243","targetHints":{"allow":["GET"]}}],"collection":[{"href":"https:\/\/bozsogiattila.hu\/index.php?rest_route=\/wp\/v2\/posts"}],"about":[{"href":"https:\/\/bozsogiattila.hu\/index.php?rest_route=\/wp\/v2\/types\/post"}],"author":[{"embeddable":true,"href":"https:\/\/bozsogiattila.hu\/index.php?rest_route=\/wp\/v2\/users\/3"}],"replies":[{"embeddable":true,"href":"https:\/\/bozsogiattila.hu\/index.php?rest_route=%2Fwp%2Fv2%2Fcomments&post=243"}],"version-history":[{"count":1,"href":"https:\/\/bozsogiattila.hu\/index.php?rest_route=\/wp\/v2\/posts\/243\/revisions"}],"predecessor-version":[{"id":244,"href":"https:\/\/bozsogiattila.hu\/index.php?rest_route=\/wp\/v2\/posts\/243\/revisions\/244"}],"wp:attachment":[{"href":"https:\/\/bozsogiattila.hu\/index.php?rest_route=%2Fwp%2Fv2%2Fmedia&parent=243"}],"wp:term":[{"taxonomy":"category","embeddable":true,"href":"https:\/\/bozsogiattila.hu\/index.php?rest_route=%2Fwp%2Fv2%2Fcategories&post=243"},{"taxonomy":"post_tag","embeddable":true,"href":"https:\/\/bozsogiattila.hu\/index.php?rest_route=%2Fwp%2Fv2%2Ftags&post=243"}],"curies":[{"name":"wp","href":"https:\/\/api.w.org\/{rel}","templated":true}]}}