{"id":269,"date":"1998-11-02T11:59:00","date_gmt":"1998-11-02T11:59:00","guid":{"rendered":"https:\/\/bozsogiattila.hu\/?p=269"},"modified":"2024-01-06T12:01:03","modified_gmt":"2024-01-06T12:01:03","slug":"bucsu-dal","status":"publish","type":"post","link":"https:\/\/bozsogiattila.hu\/?p=269","title":{"rendered":"B\u00daCS\u00da DAL"},"content":{"rendered":"\n<p class=\"wp-block-paragraph\">B\u00daCS\u00da DAL<\/p>\n\n\n\n<p class=\"wp-block-paragraph\">Tovat\u0171nt a napf\u00e9ny,<br>J\u00f6n az est az \u00e9j v\u00e1r,<br>Nincs tov\u00e1bb, m\u00e1r v\u00e9ge van<br>Az id\u0151 nem v\u00e1r!<\/p>\n\n\n\n<p class=\"wp-block-paragraph\">\u00cdgy rohan az \u00e9let,<br>Elsz\u00e1llnak az \u00e9vek,<br>Egy reggel arra \u00e9bredsz,<br>Hogy b\u00facs\u00fazni kell.<\/p>\n\n\n\n<p class=\"wp-block-paragraph\">Az id\u0151, ha lej\u00e1r<br>Menni kell,<br>Nincs vissza\u00fat,<br>Soha senkinek<\/p>\n\n\n\n<p class=\"wp-block-paragraph\">Elrohan az \u00e9let,<br>Nincs tov\u00e1bb.<br>Az \u00f3ra csak j\u00e1r,<br>\u00c9nr\u00e1m nem v\u00e1r.<\/p>\n\n\n\n<p class=\"wp-block-paragraph\">Elmegyek, elmegyek,<br>Szerettem, szerettek,<br>Hossz\u00fa\u00fatra elmegyek,<br>H\u00e1t Isten veletek!<\/p>\n\n\n\n<p class=\"wp-block-paragraph\">Mak\u00f3, 1998. 11. 02.<\/p>\n","protected":false},"excerpt":{"rendered":"<p>B\u00daCS\u00da DAL Tovat\u0171nt a napf\u00e9ny,J\u00f6n az est az \u00e9j v\u00e1r,Nincs tov\u00e1bb, m\u00e1r v\u00e9ge vanAz id\u0151 nem v\u00e1r! \u00cdgy rohan az \u00e9let,Elsz\u00e1llnak az \u00e9vek,Egy reggel arra \u00e9bredsz,Hogy b\u00facs\u00fazni kell. Az id\u0151, ha lej\u00e1rMenni kell,Nincs vissza\u00fat,Soha senkinek Elrohan az \u00e9let,Nincs tov\u00e1bb.Az \u00f3ra csak j\u00e1r,\u00c9nr\u00e1m nem v\u00e1r. Elmegyek, elmegyek,Szerettem, szerettek,Hossz\u00fa\u00fatra elmegyek,H\u00e1t Isten veletek! Mak\u00f3, 1998. 11. 02.<\/p>\n","protected":false},"author":3,"featured_media":0,"comment_status":"closed","ping_status":"open","sticky":false,"template":"","format":"standard","meta":{"footnotes":""},"categories":[4],"tags":[42,68,70,29,12],"class_list":["post-269","post","type-post","status-publish","format-standard","hentry","category-versek","tag-42","tag-bucsu","tag-elmulas","tag-ido","tag-mako"],"yoast_head":"<!-- This site is optimized with the Yoast SEO plugin v21.8 - https:\/\/yoast.com\/wordpress\/plugins\/seo\/ -->\n<title>B\u00daCS\u00da DAL - Bozsogi Attila<\/title>\n<meta name=\"robots\" content=\"index, follow, max-snippet:-1, max-image-preview:large, max-video-preview:-1\" \/>\n<link rel=\"canonical\" href=\"https:\/\/bozsogiattila.hu\/?p=269\" \/>\n<meta property=\"og:locale\" content=\"hu_HU\" \/>\n<meta property=\"og:type\" content=\"article\" \/>\n<meta property=\"og:title\" content=\"B\u00daCS\u00da DAL - Bozsogi Attila\" \/>\n<meta property=\"og:description\" content=\"B\u00daCS\u00da DAL Tovat\u0171nt a napf\u00e9ny,J\u00f6n az est az \u00e9j v\u00e1r,Nincs tov\u00e1bb, m\u00e1r v\u00e9ge vanAz id\u0151 nem v\u00e1r! \u00cdgy rohan az \u00e9let,Elsz\u00e1llnak az \u00e9vek,Egy reggel arra \u00e9bredsz,Hogy b\u00facs\u00fazni kell. Az id\u0151, ha lej\u00e1rMenni kell,Nincs vissza\u00fat,Soha senkinek Elrohan az \u00e9let,Nincs tov\u00e1bb.Az \u00f3ra csak j\u00e1r,\u00c9nr\u00e1m nem v\u00e1r. Elmegyek, elmegyek,Szerettem, szerettek,Hossz\u00fa\u00fatra elmegyek,H\u00e1t Isten veletek! Mak\u00f3, 1998. 11. 02.\" \/>\n<meta property=\"og:url\" content=\"https:\/\/bozsogiattila.hu\/?p=269\" \/>\n<meta property=\"og:site_name\" content=\"Bozsogi Attila\" \/>\n<meta property=\"article:published_time\" content=\"1998-11-02T11:59:00+00:00\" \/>\n<meta property=\"article:modified_time\" content=\"2024-01-06T12:01:03+00:00\" \/>\n<meta name=\"author\" content=\"Bozsogi Attila\" \/>\n<meta name=\"twitter:card\" content=\"summary_large_image\" \/>\n<meta name=\"twitter:label1\" content=\"Szerz\u0151:\" \/>\n\t<meta name=\"twitter:data1\" content=\"Bozsogi Attila\" \/>\n<script type=\"application\/ld+json\" class=\"yoast-schema-graph\">{\"@context\":\"https:\/\/schema.org\",\"@graph\":[{\"@type\":\"WebPage\",\"@id\":\"https:\/\/bozsogiattila.hu\/?p=269\",\"url\":\"https:\/\/bozsogiattila.hu\/?p=269\",\"name\":\"B\u00daCS\u00da DAL - Bozsogi Attila\",\"isPartOf\":{\"@id\":\"https:\/\/bozsogiattila.hu\/#website\"},\"datePublished\":\"1998-11-02T11:59:00+00:00\",\"dateModified\":\"2024-01-06T12:01:03+00:00\",\"author\":{\"@id\":\"https:\/\/bozsogiattila.hu\/#\/schema\/person\/488c99f554a8c4039201260dd5eb795e\"},\"breadcrumb\":{\"@id\":\"https:\/\/bozsogiattila.hu\/?p=269#breadcrumb\"},\"inLanguage\":\"hu\",\"potentialAction\":[{\"@type\":\"ReadAction\",\"target\":[\"https:\/\/bozsogiattila.hu\/?p=269\"]}]},{\"@type\":\"BreadcrumbList\",\"@id\":\"https:\/\/bozsogiattila.hu\/?p=269#breadcrumb\",\"itemListElement\":[{\"@type\":\"ListItem\",\"position\":1,\"name\":\"Kezd\u0151lap\",\"item\":\"https:\/\/bozsogiattila.hu\/\"},{\"@type\":\"ListItem\",\"position\":2,\"name\":\"B\u00daCS\u00da DAL\"}]},{\"@type\":\"WebSite\",\"@id\":\"https:\/\/bozsogiattila.hu\/#website\",\"url\":\"https:\/\/bozsogiattila.hu\/\",\"name\":\"Bozsogi Attila\",\"description\":\"a zen\u00e9sz, \u00edr\u00f3 munk\u00e1ss\u00e1g\u00e1nak \u00e9s a mak\u00f3i muzsikusok eml\u00e9k\u00e9t \u0151rz\u0151 oldal\",\"potentialAction\":[{\"@type\":\"SearchAction\",\"target\":{\"@type\":\"EntryPoint\",\"urlTemplate\":\"https:\/\/bozsogiattila.hu\/?s={search_term_string}\"},\"query-input\":\"required name=search_term_string\"}],\"inLanguage\":\"hu\"},{\"@type\":\"Person\",\"@id\":\"https:\/\/bozsogiattila.hu\/#\/schema\/person\/488c99f554a8c4039201260dd5eb795e\",\"name\":\"Bozsogi Attila\",\"image\":{\"@type\":\"ImageObject\",\"inLanguage\":\"hu\",\"@id\":\"https:\/\/bozsogiattila.hu\/#\/schema\/person\/image\/\",\"url\":\"https:\/\/secure.gravatar.com\/avatar\/7da6b5985e34ed798d1670c54ce7d20e6a53b800bb0c07945c64b09392f3dbfd?s=96&d=mm&r=g\",\"contentUrl\":\"https:\/\/secure.gravatar.com\/avatar\/7da6b5985e34ed798d1670c54ce7d20e6a53b800bb0c07945c64b09392f3dbfd?s=96&d=mm&r=g\",\"caption\":\"Bozsogi Attila\"},\"sameAs\":[\"http:\/\/www.boszogiattila.hu\"],\"url\":\"https:\/\/bozsogiattila.hu\/?author=3\"}]}<\/script>\n<!-- \/ Yoast SEO plugin. -->","yoast_head_json":{"title":"B\u00daCS\u00da DAL - Bozsogi Attila","robots":{"index":"index","follow":"follow","max-snippet":"max-snippet:-1","max-image-preview":"max-image-preview:large","max-video-preview":"max-video-preview:-1"},"canonical":"https:\/\/bozsogiattila.hu\/?p=269","og_locale":"hu_HU","og_type":"article","og_title":"B\u00daCS\u00da DAL - Bozsogi Attila","og_description":"B\u00daCS\u00da DAL Tovat\u0171nt a napf\u00e9ny,J\u00f6n az est az \u00e9j v\u00e1r,Nincs tov\u00e1bb, m\u00e1r v\u00e9ge vanAz id\u0151 nem v\u00e1r! \u00cdgy rohan az \u00e9let,Elsz\u00e1llnak az \u00e9vek,Egy reggel arra \u00e9bredsz,Hogy b\u00facs\u00fazni kell. Az id\u0151, ha lej\u00e1rMenni kell,Nincs vissza\u00fat,Soha senkinek Elrohan az \u00e9let,Nincs tov\u00e1bb.Az \u00f3ra csak j\u00e1r,\u00c9nr\u00e1m nem v\u00e1r. Elmegyek, elmegyek,Szerettem, szerettek,Hossz\u00fa\u00fatra elmegyek,H\u00e1t Isten veletek! Mak\u00f3, 1998. 11. 02.","og_url":"https:\/\/bozsogiattila.hu\/?p=269","og_site_name":"Bozsogi Attila","article_published_time":"1998-11-02T11:59:00+00:00","article_modified_time":"2024-01-06T12:01:03+00:00","author":"Bozsogi Attila","twitter_card":"summary_large_image","twitter_misc":{"Szerz\u0151:":"Bozsogi Attila"},"schema":{"@context":"https:\/\/schema.org","@graph":[{"@type":"WebPage","@id":"https:\/\/bozsogiattila.hu\/?p=269","url":"https:\/\/bozsogiattila.hu\/?p=269","name":"B\u00daCS\u00da DAL - Bozsogi Attila","isPartOf":{"@id":"https:\/\/bozsogiattila.hu\/#website"},"datePublished":"1998-11-02T11:59:00+00:00","dateModified":"2024-01-06T12:01:03+00:00","author":{"@id":"https:\/\/bozsogiattila.hu\/#\/schema\/person\/488c99f554a8c4039201260dd5eb795e"},"breadcrumb":{"@id":"https:\/\/bozsogiattila.hu\/?p=269#breadcrumb"},"inLanguage":"hu","potentialAction":[{"@type":"ReadAction","target":["https:\/\/bozsogiattila.hu\/?p=269"]}]},{"@type":"BreadcrumbList","@id":"https:\/\/bozsogiattila.hu\/?p=269#breadcrumb","itemListElement":[{"@type":"ListItem","position":1,"name":"Kezd\u0151lap","item":"https:\/\/bozsogiattila.hu\/"},{"@type":"ListItem","position":2,"name":"B\u00daCS\u00da DAL"}]},{"@type":"WebSite","@id":"https:\/\/bozsogiattila.hu\/#website","url":"https:\/\/bozsogiattila.hu\/","name":"Bozsogi Attila","description":"a zen\u00e9sz, \u00edr\u00f3 munk\u00e1ss\u00e1g\u00e1nak \u00e9s a mak\u00f3i muzsikusok eml\u00e9k\u00e9t \u0151rz\u0151 oldal","potentialAction":[{"@type":"SearchAction","target":{"@type":"EntryPoint","urlTemplate":"https:\/\/bozsogiattila.hu\/?s={search_term_string}"},"query-input":"required name=search_term_string"}],"inLanguage":"hu"},{"@type":"Person","@id":"https:\/\/bozsogiattila.hu\/#\/schema\/person\/488c99f554a8c4039201260dd5eb795e","name":"Bozsogi Attila","image":{"@type":"ImageObject","inLanguage":"hu","@id":"https:\/\/bozsogiattila.hu\/#\/schema\/person\/image\/","url":"https:\/\/secure.gravatar.com\/avatar\/7da6b5985e34ed798d1670c54ce7d20e6a53b800bb0c07945c64b09392f3dbfd?s=96&d=mm&r=g","contentUrl":"https:\/\/secure.gravatar.com\/avatar\/7da6b5985e34ed798d1670c54ce7d20e6a53b800bb0c07945c64b09392f3dbfd?s=96&d=mm&r=g","caption":"Bozsogi Attila"},"sameAs":["http:\/\/www.boszogiattila.hu"],"url":"https:\/\/bozsogiattila.hu\/?author=3"}]}},"jetpack_featured_media_url":"","_links":{"self":[{"href":"https:\/\/bozsogiattila.hu\/index.php?rest_route=\/wp\/v2\/posts\/269","targetHints":{"allow":["GET"]}}],"collection":[{"href":"https:\/\/bozsogiattila.hu\/index.php?rest_route=\/wp\/v2\/posts"}],"about":[{"href":"https:\/\/bozsogiattila.hu\/index.php?rest_route=\/wp\/v2\/types\/post"}],"author":[{"embeddable":true,"href":"https:\/\/bozsogiattila.hu\/index.php?rest_route=\/wp\/v2\/users\/3"}],"replies":[{"embeddable":true,"href":"https:\/\/bozsogiattila.hu\/index.php?rest_route=%2Fwp%2Fv2%2Fcomments&post=269"}],"version-history":[{"count":1,"href":"https:\/\/bozsogiattila.hu\/index.php?rest_route=\/wp\/v2\/posts\/269\/revisions"}],"predecessor-version":[{"id":270,"href":"https:\/\/bozsogiattila.hu\/index.php?rest_route=\/wp\/v2\/posts\/269\/revisions\/270"}],"wp:attachment":[{"href":"https:\/\/bozsogiattila.hu\/index.php?rest_route=%2Fwp%2Fv2%2Fmedia&parent=269"}],"wp:term":[{"taxonomy":"category","embeddable":true,"href":"https:\/\/bozsogiattila.hu\/index.php?rest_route=%2Fwp%2Fv2%2Fcategories&post=269"},{"taxonomy":"post_tag","embeddable":true,"href":"https:\/\/bozsogiattila.hu\/index.php?rest_route=%2Fwp%2Fv2%2Ftags&post=269"}],"curies":[{"name":"wp","href":"https:\/\/api.w.org\/{rel}","templated":true}]}}