{"id":285,"date":"2001-03-05T12:10:00","date_gmt":"2001-03-05T12:10:00","guid":{"rendered":"https:\/\/bozsogiattila.hu\/?p=285"},"modified":"2024-01-07T10:49:43","modified_gmt":"2024-01-07T10:49:43","slug":"ebredj-fel","status":"publish","type":"post","link":"https:\/\/bozsogiattila.hu\/?p=285","title":{"rendered":"\u00c9BREDJ FEL"},"content":{"rendered":"\n<p class=\"wp-block-paragraph\">\u00c9BREDJ FEL<\/p>\n\n\n\n<p class=\"wp-block-paragraph\">\u00c9bredj fel, ne aludj, kelj fel m\u00e1r,<br>F\u00fcty\u00fcl a kis mad\u00e1r \u00e9s r\u00e1d v\u00e1r.<br>Cs\u00f6r\u00f6g az \u00f3ra is, \u00e9bredj fel,<br>Ne aludj, nyisd ki a szemedet<br>Hasadra s\u00fct a Nap, kelj, nah\u00e1t,<br>B\u00faj ki az \u00e1gyadb\u00f3l v\u00e9gre m\u00e1r.<br>Reggel van kivirradt, kelni kell,<br>A mad\u00e1r csak neked \u00e9nekel!<\/p>\n\n\n\n<p class=\"wp-block-paragraph\">\u00c1lmodt\u00e1l sok sz\u00e9pet?<br>Mes\u00e9ld el mind n\u00e9kem!<br>Am\u00edg te aludt\u00e1l, vigy\u00e1ztam re\u00e1d.<br>A t\u00fcnd\u00e9rek orsz\u00e1g\u00e1t,<br>L\u00e1ttad-e \u00e1lmodban,<br>Vagy csak a vasorr\u00fa bany\u00e1t?<\/p>\n\n\n\n<p class=\"wp-block-paragraph\">\u00c9bredj fel kisfiam,<br>\u00c9bred a v\u00e1ros is, reggel van.<br>Indul m\u00e1r a s\u00e1rga villamos,<br>\u00datra kel rajta sok utas.<br>\u00c9bredj fel v\u00e1r ter\u00e1d,<br>\u00d3v\u00f3 n\u00e9ni boldogan.<br>Nem alszik m\u00e1r r\u00e9gen a j\u00e1t\u00e9k,<br>Induljunk el sz\u00e9pen, &#8211; gyere kisfiam!<\/p>\n\n\n\n<p class=\"wp-block-paragraph\">\u00cdgy van ez reggel,<br>Ha k\u00e9l a Nap.<br>V\u00e9get \u00e9r akkor,<br>Az \u00e1lmod\u00e1s.<br>\u00c9bren majd \u00e1lmodunk mi tov\u00e1bb.<br>Az \u00e9let ily csod\u00e1s!<\/p>\n\n\n\n<p class=\"wp-block-paragraph\">\u00c9bredj fel kisfiam,<br>\u00c9bred a v\u00e1ros is reggel van.<br>Indul m\u00e1r a s\u00e1rga villamos,<br>\u00datra kel rajta sok utas.<br>\u00c9bred fel v\u00e1r ter\u00e1d,<br>\u00d3v\u00f3 n\u00e9ni boldogan.<br>Nem alszik m\u00e1r r\u00e9gen a j\u00e1t\u00e9k, &#8211;<br>Induljunk el sz\u00e9pen, &#8211; gyere kisfiam!<br>Mak\u00f3, 2001. 03. 05.<\/p>\n","protected":false},"excerpt":{"rendered":"<p>\u00c9BREDJ FEL \u00c9bredj fel, ne aludj, kelj fel m\u00e1r,F\u00fcty\u00fcl a kis mad\u00e1r \u00e9s r\u00e1d v\u00e1r.Cs\u00f6r\u00f6g az \u00f3ra is, \u00e9bredj fel,Ne aludj, nyisd ki a szemedetHasadra s\u00fct a Nap, kelj, nah\u00e1t,B\u00faj ki az \u00e1gyadb\u00f3l v\u00e9gre m\u00e1r.Reggel van kivirradt, kelni kell,A mad\u00e1r csak neked \u00e9nekel! \u00c1lmodt\u00e1l sok sz\u00e9pet?Mes\u00e9ld el mind n\u00e9kem!Am\u00edg te aludt\u00e1l, vigy\u00e1ztam re\u00e1d.A t\u00fcnd\u00e9rek orsz\u00e1g\u00e1t,L\u00e1ttad-e &#8230; <a title=\"\u00c9BREDJ FEL\" class=\"read-more\" href=\"https:\/\/bozsogiattila.hu\/?p=285\" aria-label=\"Tov\u00e1bbiak \u00c9BREDJ FEL\">Olvass tov\u00e1bb<\/a><\/p>\n","protected":false},"author":3,"featured_media":0,"comment_status":"closed","ping_status":"open","sticky":false,"template":"","format":"standard","meta":{"footnotes":""},"categories":[4],"tags":[47,80,83,12,82,81],"class_list":["post-285","post","type-post","status-publish","format-standard","hentry","category-versek","tag-alom","tag-ebredes","tag-fiam","tag-mako","tag-reggel","tag-villamos"],"yoast_head":"<!-- This site is optimized with the Yoast SEO plugin v21.8 - https:\/\/yoast.com\/wordpress\/plugins\/seo\/ -->\n<title>\u00c9BREDJ FEL - Bozsogi Attila<\/title>\n<meta name=\"robots\" content=\"index, follow, max-snippet:-1, max-image-preview:large, max-video-preview:-1\" \/>\n<link rel=\"canonical\" href=\"https:\/\/bozsogiattila.hu\/?p=285\" \/>\n<meta property=\"og:locale\" content=\"hu_HU\" \/>\n<meta property=\"og:type\" content=\"article\" \/>\n<meta property=\"og:title\" content=\"\u00c9BREDJ FEL - Bozsogi Attila\" \/>\n<meta property=\"og:description\" content=\"\u00c9BREDJ FEL \u00c9bredj fel, ne aludj, kelj fel m\u00e1r,F\u00fcty\u00fcl a kis mad\u00e1r \u00e9s r\u00e1d v\u00e1r.Cs\u00f6r\u00f6g az \u00f3ra is, \u00e9bredj fel,Ne aludj, nyisd ki a szemedetHasadra s\u00fct a Nap, kelj, nah\u00e1t,B\u00faj ki az \u00e1gyadb\u00f3l v\u00e9gre m\u00e1r.Reggel van kivirradt, kelni kell,A mad\u00e1r csak neked \u00e9nekel! \u00c1lmodt\u00e1l sok sz\u00e9pet?Mes\u00e9ld el mind n\u00e9kem!Am\u00edg te aludt\u00e1l, vigy\u00e1ztam re\u00e1d.A t\u00fcnd\u00e9rek orsz\u00e1g\u00e1t,L\u00e1ttad-e ... Olvass tov\u00e1bb\" \/>\n<meta property=\"og:url\" content=\"https:\/\/bozsogiattila.hu\/?p=285\" \/>\n<meta property=\"og:site_name\" content=\"Bozsogi Attila\" \/>\n<meta property=\"article:published_time\" content=\"2001-03-05T12:10:00+00:00\" \/>\n<meta property=\"article:modified_time\" content=\"2024-01-07T10:49:43+00:00\" \/>\n<meta name=\"author\" content=\"Bozsogi Attila\" \/>\n<meta name=\"twitter:card\" content=\"summary_large_image\" \/>\n<meta name=\"twitter:label1\" content=\"Szerz\u0151:\" \/>\n\t<meta name=\"twitter:data1\" content=\"Bozsogi Attila\" \/>\n\t<meta name=\"twitter:label2\" content=\"Becs\u00fclt olvas\u00e1si id\u0151\" \/>\n\t<meta name=\"twitter:data2\" content=\"1 perc\" \/>\n<script type=\"application\/ld+json\" class=\"yoast-schema-graph\">{\"@context\":\"https:\/\/schema.org\",\"@graph\":[{\"@type\":\"WebPage\",\"@id\":\"https:\/\/bozsogiattila.hu\/?p=285\",\"url\":\"https:\/\/bozsogiattila.hu\/?p=285\",\"name\":\"\u00c9BREDJ FEL - Bozsogi Attila\",\"isPartOf\":{\"@id\":\"https:\/\/bozsogiattila.hu\/#website\"},\"datePublished\":\"2001-03-05T12:10:00+00:00\",\"dateModified\":\"2024-01-07T10:49:43+00:00\",\"author\":{\"@id\":\"https:\/\/bozsogiattila.hu\/#\/schema\/person\/488c99f554a8c4039201260dd5eb795e\"},\"breadcrumb\":{\"@id\":\"https:\/\/bozsogiattila.hu\/?p=285#breadcrumb\"},\"inLanguage\":\"hu\",\"potentialAction\":[{\"@type\":\"ReadAction\",\"target\":[\"https:\/\/bozsogiattila.hu\/?p=285\"]}]},{\"@type\":\"BreadcrumbList\",\"@id\":\"https:\/\/bozsogiattila.hu\/?p=285#breadcrumb\",\"itemListElement\":[{\"@type\":\"ListItem\",\"position\":1,\"name\":\"Kezd\u0151lap\",\"item\":\"https:\/\/bozsogiattila.hu\/\"},{\"@type\":\"ListItem\",\"position\":2,\"name\":\"\u00c9BREDJ FEL\"}]},{\"@type\":\"WebSite\",\"@id\":\"https:\/\/bozsogiattila.hu\/#website\",\"url\":\"https:\/\/bozsogiattila.hu\/\",\"name\":\"Bozsogi Attila\",\"description\":\"a zen\u00e9sz, \u00edr\u00f3 munk\u00e1ss\u00e1g\u00e1nak \u00e9s a mak\u00f3i muzsikusok eml\u00e9k\u00e9t \u0151rz\u0151 oldal\",\"potentialAction\":[{\"@type\":\"SearchAction\",\"target\":{\"@type\":\"EntryPoint\",\"urlTemplate\":\"https:\/\/bozsogiattila.hu\/?s={search_term_string}\"},\"query-input\":\"required name=search_term_string\"}],\"inLanguage\":\"hu\"},{\"@type\":\"Person\",\"@id\":\"https:\/\/bozsogiattila.hu\/#\/schema\/person\/488c99f554a8c4039201260dd5eb795e\",\"name\":\"Bozsogi Attila\",\"image\":{\"@type\":\"ImageObject\",\"inLanguage\":\"hu\",\"@id\":\"https:\/\/bozsogiattila.hu\/#\/schema\/person\/image\/\",\"url\":\"https:\/\/secure.gravatar.com\/avatar\/7da6b5985e34ed798d1670c54ce7d20e6a53b800bb0c07945c64b09392f3dbfd?s=96&d=mm&r=g\",\"contentUrl\":\"https:\/\/secure.gravatar.com\/avatar\/7da6b5985e34ed798d1670c54ce7d20e6a53b800bb0c07945c64b09392f3dbfd?s=96&d=mm&r=g\",\"caption\":\"Bozsogi Attila\"},\"sameAs\":[\"http:\/\/www.boszogiattila.hu\"],\"url\":\"https:\/\/bozsogiattila.hu\/?author=3\"}]}<\/script>\n<!-- \/ Yoast SEO plugin. -->","yoast_head_json":{"title":"\u00c9BREDJ FEL - Bozsogi Attila","robots":{"index":"index","follow":"follow","max-snippet":"max-snippet:-1","max-image-preview":"max-image-preview:large","max-video-preview":"max-video-preview:-1"},"canonical":"https:\/\/bozsogiattila.hu\/?p=285","og_locale":"hu_HU","og_type":"article","og_title":"\u00c9BREDJ FEL - Bozsogi Attila","og_description":"\u00c9BREDJ FEL \u00c9bredj fel, ne aludj, kelj fel m\u00e1r,F\u00fcty\u00fcl a kis mad\u00e1r \u00e9s r\u00e1d v\u00e1r.Cs\u00f6r\u00f6g az \u00f3ra is, \u00e9bredj fel,Ne aludj, nyisd ki a szemedetHasadra s\u00fct a Nap, kelj, nah\u00e1t,B\u00faj ki az \u00e1gyadb\u00f3l v\u00e9gre m\u00e1r.Reggel van kivirradt, kelni kell,A mad\u00e1r csak neked \u00e9nekel! \u00c1lmodt\u00e1l sok sz\u00e9pet?Mes\u00e9ld el mind n\u00e9kem!Am\u00edg te aludt\u00e1l, vigy\u00e1ztam re\u00e1d.A t\u00fcnd\u00e9rek orsz\u00e1g\u00e1t,L\u00e1ttad-e ... Olvass tov\u00e1bb","og_url":"https:\/\/bozsogiattila.hu\/?p=285","og_site_name":"Bozsogi Attila","article_published_time":"2001-03-05T12:10:00+00:00","article_modified_time":"2024-01-07T10:49:43+00:00","author":"Bozsogi Attila","twitter_card":"summary_large_image","twitter_misc":{"Szerz\u0151:":"Bozsogi Attila","Becs\u00fclt olvas\u00e1si id\u0151":"1 perc"},"schema":{"@context":"https:\/\/schema.org","@graph":[{"@type":"WebPage","@id":"https:\/\/bozsogiattila.hu\/?p=285","url":"https:\/\/bozsogiattila.hu\/?p=285","name":"\u00c9BREDJ FEL - Bozsogi Attila","isPartOf":{"@id":"https:\/\/bozsogiattila.hu\/#website"},"datePublished":"2001-03-05T12:10:00+00:00","dateModified":"2024-01-07T10:49:43+00:00","author":{"@id":"https:\/\/bozsogiattila.hu\/#\/schema\/person\/488c99f554a8c4039201260dd5eb795e"},"breadcrumb":{"@id":"https:\/\/bozsogiattila.hu\/?p=285#breadcrumb"},"inLanguage":"hu","potentialAction":[{"@type":"ReadAction","target":["https:\/\/bozsogiattila.hu\/?p=285"]}]},{"@type":"BreadcrumbList","@id":"https:\/\/bozsogiattila.hu\/?p=285#breadcrumb","itemListElement":[{"@type":"ListItem","position":1,"name":"Kezd\u0151lap","item":"https:\/\/bozsogiattila.hu\/"},{"@type":"ListItem","position":2,"name":"\u00c9BREDJ FEL"}]},{"@type":"WebSite","@id":"https:\/\/bozsogiattila.hu\/#website","url":"https:\/\/bozsogiattila.hu\/","name":"Bozsogi Attila","description":"a zen\u00e9sz, \u00edr\u00f3 munk\u00e1ss\u00e1g\u00e1nak \u00e9s a mak\u00f3i muzsikusok eml\u00e9k\u00e9t \u0151rz\u0151 oldal","potentialAction":[{"@type":"SearchAction","target":{"@type":"EntryPoint","urlTemplate":"https:\/\/bozsogiattila.hu\/?s={search_term_string}"},"query-input":"required name=search_term_string"}],"inLanguage":"hu"},{"@type":"Person","@id":"https:\/\/bozsogiattila.hu\/#\/schema\/person\/488c99f554a8c4039201260dd5eb795e","name":"Bozsogi Attila","image":{"@type":"ImageObject","inLanguage":"hu","@id":"https:\/\/bozsogiattila.hu\/#\/schema\/person\/image\/","url":"https:\/\/secure.gravatar.com\/avatar\/7da6b5985e34ed798d1670c54ce7d20e6a53b800bb0c07945c64b09392f3dbfd?s=96&d=mm&r=g","contentUrl":"https:\/\/secure.gravatar.com\/avatar\/7da6b5985e34ed798d1670c54ce7d20e6a53b800bb0c07945c64b09392f3dbfd?s=96&d=mm&r=g","caption":"Bozsogi Attila"},"sameAs":["http:\/\/www.boszogiattila.hu"],"url":"https:\/\/bozsogiattila.hu\/?author=3"}]}},"jetpack_featured_media_url":"","_links":{"self":[{"href":"https:\/\/bozsogiattila.hu\/index.php?rest_route=\/wp\/v2\/posts\/285","targetHints":{"allow":["GET"]}}],"collection":[{"href":"https:\/\/bozsogiattila.hu\/index.php?rest_route=\/wp\/v2\/posts"}],"about":[{"href":"https:\/\/bozsogiattila.hu\/index.php?rest_route=\/wp\/v2\/types\/post"}],"author":[{"embeddable":true,"href":"https:\/\/bozsogiattila.hu\/index.php?rest_route=\/wp\/v2\/users\/3"}],"replies":[{"embeddable":true,"href":"https:\/\/bozsogiattila.hu\/index.php?rest_route=%2Fwp%2Fv2%2Fcomments&post=285"}],"version-history":[{"count":1,"href":"https:\/\/bozsogiattila.hu\/index.php?rest_route=\/wp\/v2\/posts\/285\/revisions"}],"predecessor-version":[{"id":286,"href":"https:\/\/bozsogiattila.hu\/index.php?rest_route=\/wp\/v2\/posts\/285\/revisions\/286"}],"wp:attachment":[{"href":"https:\/\/bozsogiattila.hu\/index.php?rest_route=%2Fwp%2Fv2%2Fmedia&parent=285"}],"wp:term":[{"taxonomy":"category","embeddable":true,"href":"https:\/\/bozsogiattila.hu\/index.php?rest_route=%2Fwp%2Fv2%2Fcategories&post=285"},{"taxonomy":"post_tag","embeddable":true,"href":"https:\/\/bozsogiattila.hu\/index.php?rest_route=%2Fwp%2Fv2%2Ftags&post=285"}],"curies":[{"name":"wp","href":"https:\/\/api.w.org\/{rel}","templated":true}]}}