{"id":331,"date":"2002-12-05T12:43:00","date_gmt":"2002-12-05T12:43:00","guid":{"rendered":"https:\/\/bozsogiattila.hu\/?p=331"},"modified":"2024-01-06T12:44:32","modified_gmt":"2024-01-06T12:44:32","slug":"gondolatok","status":"publish","type":"post","link":"https:\/\/bozsogiattila.hu\/?p=331","title":{"rendered":"GONDOLATOK"},"content":{"rendered":"\n<p class=\"wp-block-paragraph\">GONDOLATOK<\/p>\n\n\n\n<p class=\"wp-block-paragraph\">Az \u00e9vek gyorsan elsz\u00e1llnak, az id\u0151 elj\u00e1r,<br>A tegnapb\u00f3l holnap lesz, \u00e9s elsz\u00f6kik a ny\u00e1r.<br>Le\u00e1ldozik a f\u00e9nyl\u0151 Nap, j\u0151 a holdsug\u00e1r,<br>Az \u00e9let\u00fcnknek alkonya, &#8211; kegyetlen\u00fcl v\u00e1r.<br>\u0150szbe borul a term\u00e9szet, bek\u00f6sz\u00f6nt a t\u00e9l,<br>Elm\u00falik a fiatals\u00e1g, s v\u00e9g\u00e9hez \u00e9r,<br>Az \u00f6regkor, ha elj\u00f6n, csak tr\u00e9f\u00e1b\u00f3l \u00edg\u00e9r.<br>A j\u00f6v\u0151nk m\u00e1r a m\u00faltunk lett s eml\u00e9k\u00fcnkben \u00e9l,<br>Aj\u00e1nd\u00e9kk\u00e1 v\u00e1lt a holnap \u00e9s a f\u00e9nysug\u00e1r,<br>Amit ny\u00fajt a sors m\u00e9g nek\u00fcnk, &#8211; aj\u00e1nd\u00e9k az m\u00e1r.<br>Aj\u00e1nd\u00e9k a boldogs\u00e1g is, amit kapunk m\u00e9g,<br>Aj\u00e1nd\u00e9k, ha k\u00e9r\u00e9s\u00fcnket, &#8211; megad\u00e1 az \u00e9g.<br>Furcs\u00e1n rendez\u00e9 az Isten ezt az \u00e9letet,<br>Tett\u00e9re nincs magyar\u00e1zat, &#8211; nincsen felelet!<br>Feln\u0151nek a gyermekeink, s magunk maradunk,<br>Hogy ez \u00edgy ne legyen soha, &#8211; arr\u00f3l \u00e1lmodunk.<br>Lehetsz gazdag, lehet kincsed, ez semmit sem \u00e9r,<br>Ha nincs, ki\u00e9rt \u00e9lj, akkor az \u00e9leted mit \u00e9r?<br>Bej\u00e1rhatod a vil\u00e1got, l\u00e1thatsz sz\u00e1z csod\u00e1t,<br>De a boldogs\u00e1g az nem m\u00e1s, csakis a csal\u00e1d.<br>Gondolataim \u00edgy cik\u00e1ztak, sok-sok \u00e9ven \u00e1t,<br>Rohantak az \u00e9vek gyorsan, &#8211; hogyan is lesz tov\u00e1bb?<br>A b\u00f6lcs\u0151t\u0151l t\u00e1volodva egyre \u00f6regsz\u00fcnk,<br>Ha bek\u00f6sz\u00f6nt egy \u00fajsz\u00fcl\u00f6tt, &#8211; visszat\u00e9r kedv\u00fcnk!<br>Az \u00e9letemben, ami volt, a m\u00faltam m\u00e1r az,<br>De unok\u00e1m j\u00f6vetele sz\u00e1momra vigasz.<br>Tervezgetem az \u00e9letet, mint egykor: \u00fajra,<br>\u00c9veim feledv\u00e9n, megfiatalodva.<br>H\u00e1l\u00e1t adok a sorsnak, ami\u00e9rt r\u00e1m mosolygott,<br>E kis cs\u00f6pps\u00e9g majd mindent bearanyoz.<br>Kacag\u00e1sa f\u00fclemnek lesz a legszebb zene,<br>F\u00e9nyl\u0151 k\u00e9t szeme, a lelk\u00e9nek t\u00fckre.<br>\u00d6lel\u0151 k\u00e9t karja majd szeretet ny\u00fajt,<br>Mindent feledtetve, ami rossz, ami a m\u00falt.<br>M\u00edg b\u00e9k\u00e9sen alszik, \u00e1lm\u00e1t vigy\u00e1zom majd \u00e9n,<br>B\u00f6lcs\u0151j\u00e9n\u00e9l \u00fclve, j\u00f6v\u0151j\u00e9t tervezgetv\u00e9n.<br>\u00c9bren, ha gagyar\u00e1szik \u0150 valamit nekem,<br>Kiskez\u00e9t megfogva, gondolat\u00e1t k\u00f6vetem.<br>Mes\u00e9lek sokat a t\u00fcnd\u00e9rek orsz\u00e1g\u00e1r\u00f3l,<br>Hol \u00e1lm\u00e1ban j\u00e1r, s \u00e9bren minden megval\u00f3sul.<br>Ha j\u00e1tszik, szalad \u00e9s fut boldog \u00f6nfeledten,<\/p>\n\n\n\n<p class=\"wp-block-paragraph\">Elesve, mag\u00e1t meg\u00fctve, &#8211; f\u00e1jni fog nekem!<br>Hogyha s\u00edr \u00e9s r\u00f3zs\u00e1s arc\u00e1n a k\u00f6nnye csorog,<br>Egy\u00fctt s\u00edrok vele \u00e9s a lelkem is zokog.<br>Mikor el\u0151sz\u00f6r sz\u00f3l \u00e9s mondja: anya, apa,<br>V\u00e1rom t\u00fcrelemmel, hogy kimondja: &#8211; nagyapa!<br>Mennyi gondolat, ami most eszembe nem jut,<br>De sz\u00edvemben \u0150, kinyitotta a kiskaput.<br>Bes\u00e9t\u00e1lt rajta \u00e9s ott marad mind\u00f6r\u00f6kre,<br>Am\u00edg \u00e9lek \u00e9n, \u00e9s azon t\u00fal sem feledve.<br>Ha egy napon \u00f6r\u00f6m\u00f6met megunja Isten,<br>Mag\u00e1hoz sz\u00f3l\u00edtva: elmegyek, &#8211; nincs mit tennem!<br>Nem l\u00e1zadozom most m\u00e1r a sorsom ellen \u00e9n,<br>Mert unok\u00e1mban tov\u00e1bb \u00e9l, bel\u0151lem sok g\u00e9n.<br>Eml\u00e9kem megmarad, mit egy\u00fctt \u00e9p\u00edtett\u00fcnk,<br>A sok-sok terv, amit kettesben tervezgett\u00fcnk.<br>\u00cdgy van ez rendj\u00e9n, ki sz\u00fcletik: az meg is hal,<br>Hely\u00e9t \u00e1tadva annak, &#8211; aki fiatal.<br>V\u00e1ltoztatni ezen nem lehet, &#8211; nem akarok,<br>Szeretni foglak, am\u00edg csak a sz\u00edvem dobog.<br>Ha l\u00e9tezik t\u00falvil\u00e1g \u00e9s egy \u00faj \u00e9let ott,<br>L\u00e9pteid onnan figyelem \u00e9s R\u00e1d vigy\u00e1zok!<br>Elfoglalom helyem majd a nagy zenekarban,<br>S \u00edrok Neked egy dalt, egy sz\u00e9p mel\u00f3di\u00e1ban.<br>Elj\u00e1tszom odafent, az \u00e9gi nagy zongor\u00e1n,<br>Hogy legyen nagyon boldog, &#8211; az \u00e9n kis unok\u00e1m!<\/p>\n\n\n\n<p class=\"wp-block-paragraph\">Mak\u00f3, 2002. 12. 05.<\/p>\n","protected":false},"excerpt":{"rendered":"<p>GONDOLATOK Az \u00e9vek gyorsan elsz\u00e1llnak, az id\u0151 elj\u00e1r,A tegnapb\u00f3l holnap lesz, \u00e9s elsz\u00f6kik a ny\u00e1r.Le\u00e1ldozik a f\u00e9nyl\u0151 Nap, j\u0151 a holdsug\u00e1r,Az \u00e9let\u00fcnknek alkonya, &#8211; kegyetlen\u00fcl v\u00e1r.\u0150szbe borul a term\u00e9szet, bek\u00f6sz\u00f6nt a t\u00e9l,Elm\u00falik a fiatals\u00e1g, s v\u00e9g\u00e9hez \u00e9r,Az \u00f6regkor, ha elj\u00f6n, csak tr\u00e9f\u00e1b\u00f3l \u00edg\u00e9r.A j\u00f6v\u0151nk m\u00e1r a m\u00faltunk lett s eml\u00e9k\u00fcnkben \u00e9l,Aj\u00e1nd\u00e9kk\u00e1 v\u00e1lt a holnap \u00e9s &#8230; <a title=\"GONDOLATOK\" class=\"read-more\" href=\"https:\/\/bozsogiattila.hu\/?p=331\" aria-label=\"Tov\u00e1bbiak GONDOLATOK\">Olvass tov\u00e1bb<\/a><\/p>\n","protected":false},"author":3,"featured_media":0,"comment_status":"closed","ping_status":"open","sticky":false,"template":"","format":"standard","meta":{"footnotes":""},"categories":[4],"tags":[44,122,102,12,103],"class_list":["post-331","post","type-post","status-publish","format-standard","hentry","category-versek","tag-44","tag-ajandek","tag-anna","tag-mako","tag-unoka"],"yoast_head":"<!-- This site is optimized with the Yoast SEO plugin v21.8 - https:\/\/yoast.com\/wordpress\/plugins\/seo\/ -->\n<title>GONDOLATOK - Bozsogi Attila<\/title>\n<meta name=\"robots\" content=\"index, follow, max-snippet:-1, max-image-preview:large, max-video-preview:-1\" \/>\n<link rel=\"canonical\" href=\"https:\/\/bozsogiattila.hu\/?p=331\" \/>\n<meta property=\"og:locale\" content=\"hu_HU\" \/>\n<meta property=\"og:type\" content=\"article\" \/>\n<meta property=\"og:title\" content=\"GONDOLATOK - Bozsogi Attila\" \/>\n<meta property=\"og:description\" content=\"GONDOLATOK Az \u00e9vek gyorsan elsz\u00e1llnak, az id\u0151 elj\u00e1r,A tegnapb\u00f3l holnap lesz, \u00e9s elsz\u00f6kik a ny\u00e1r.Le\u00e1ldozik a f\u00e9nyl\u0151 Nap, j\u0151 a holdsug\u00e1r,Az \u00e9let\u00fcnknek alkonya, &#8211; kegyetlen\u00fcl v\u00e1r.\u0150szbe borul a term\u00e9szet, bek\u00f6sz\u00f6nt a t\u00e9l,Elm\u00falik a fiatals\u00e1g, s v\u00e9g\u00e9hez \u00e9r,Az \u00f6regkor, ha elj\u00f6n, csak tr\u00e9f\u00e1b\u00f3l \u00edg\u00e9r.A j\u00f6v\u0151nk m\u00e1r a m\u00faltunk lett s eml\u00e9k\u00fcnkben \u00e9l,Aj\u00e1nd\u00e9kk\u00e1 v\u00e1lt a holnap \u00e9s ... Olvass tov\u00e1bb\" \/>\n<meta property=\"og:url\" content=\"https:\/\/bozsogiattila.hu\/?p=331\" \/>\n<meta property=\"og:site_name\" content=\"Bozsogi Attila\" \/>\n<meta property=\"article:published_time\" content=\"2002-12-05T12:43:00+00:00\" \/>\n<meta property=\"article:modified_time\" content=\"2024-01-06T12:44:32+00:00\" \/>\n<meta name=\"author\" content=\"Bozsogi Attila\" \/>\n<meta name=\"twitter:card\" content=\"summary_large_image\" \/>\n<meta name=\"twitter:label1\" content=\"Szerz\u0151:\" \/>\n\t<meta name=\"twitter:data1\" content=\"Bozsogi Attila\" \/>\n\t<meta name=\"twitter:label2\" content=\"Becs\u00fclt olvas\u00e1si id\u0151\" \/>\n\t<meta name=\"twitter:data2\" content=\"3 perc\" \/>\n<script type=\"application\/ld+json\" class=\"yoast-schema-graph\">{\"@context\":\"https:\/\/schema.org\",\"@graph\":[{\"@type\":\"WebPage\",\"@id\":\"https:\/\/bozsogiattila.hu\/?p=331\",\"url\":\"https:\/\/bozsogiattila.hu\/?p=331\",\"name\":\"GONDOLATOK - Bozsogi Attila\",\"isPartOf\":{\"@id\":\"https:\/\/bozsogiattila.hu\/#website\"},\"datePublished\":\"2002-12-05T12:43:00+00:00\",\"dateModified\":\"2024-01-06T12:44:32+00:00\",\"author\":{\"@id\":\"https:\/\/bozsogiattila.hu\/#\/schema\/person\/488c99f554a8c4039201260dd5eb795e\"},\"breadcrumb\":{\"@id\":\"https:\/\/bozsogiattila.hu\/?p=331#breadcrumb\"},\"inLanguage\":\"hu\",\"potentialAction\":[{\"@type\":\"ReadAction\",\"target\":[\"https:\/\/bozsogiattila.hu\/?p=331\"]}]},{\"@type\":\"BreadcrumbList\",\"@id\":\"https:\/\/bozsogiattila.hu\/?p=331#breadcrumb\",\"itemListElement\":[{\"@type\":\"ListItem\",\"position\":1,\"name\":\"Kezd\u0151lap\",\"item\":\"https:\/\/bozsogiattila.hu\/\"},{\"@type\":\"ListItem\",\"position\":2,\"name\":\"GONDOLATOK\"}]},{\"@type\":\"WebSite\",\"@id\":\"https:\/\/bozsogiattila.hu\/#website\",\"url\":\"https:\/\/bozsogiattila.hu\/\",\"name\":\"Bozsogi Attila\",\"description\":\"a zen\u00e9sz, \u00edr\u00f3 munk\u00e1ss\u00e1g\u00e1nak \u00e9s a mak\u00f3i muzsikusok eml\u00e9k\u00e9t \u0151rz\u0151 oldal\",\"potentialAction\":[{\"@type\":\"SearchAction\",\"target\":{\"@type\":\"EntryPoint\",\"urlTemplate\":\"https:\/\/bozsogiattila.hu\/?s={search_term_string}\"},\"query-input\":\"required name=search_term_string\"}],\"inLanguage\":\"hu\"},{\"@type\":\"Person\",\"@id\":\"https:\/\/bozsogiattila.hu\/#\/schema\/person\/488c99f554a8c4039201260dd5eb795e\",\"name\":\"Bozsogi Attila\",\"image\":{\"@type\":\"ImageObject\",\"inLanguage\":\"hu\",\"@id\":\"https:\/\/bozsogiattila.hu\/#\/schema\/person\/image\/\",\"url\":\"https:\/\/secure.gravatar.com\/avatar\/7da6b5985e34ed798d1670c54ce7d20e6a53b800bb0c07945c64b09392f3dbfd?s=96&d=mm&r=g\",\"contentUrl\":\"https:\/\/secure.gravatar.com\/avatar\/7da6b5985e34ed798d1670c54ce7d20e6a53b800bb0c07945c64b09392f3dbfd?s=96&d=mm&r=g\",\"caption\":\"Bozsogi Attila\"},\"sameAs\":[\"http:\/\/www.boszogiattila.hu\"],\"url\":\"https:\/\/bozsogiattila.hu\/?author=3\"}]}<\/script>\n<!-- \/ Yoast SEO plugin. -->","yoast_head_json":{"title":"GONDOLATOK - Bozsogi Attila","robots":{"index":"index","follow":"follow","max-snippet":"max-snippet:-1","max-image-preview":"max-image-preview:large","max-video-preview":"max-video-preview:-1"},"canonical":"https:\/\/bozsogiattila.hu\/?p=331","og_locale":"hu_HU","og_type":"article","og_title":"GONDOLATOK - Bozsogi Attila","og_description":"GONDOLATOK Az \u00e9vek gyorsan elsz\u00e1llnak, az id\u0151 elj\u00e1r,A tegnapb\u00f3l holnap lesz, \u00e9s elsz\u00f6kik a ny\u00e1r.Le\u00e1ldozik a f\u00e9nyl\u0151 Nap, j\u0151 a holdsug\u00e1r,Az \u00e9let\u00fcnknek alkonya, &#8211; kegyetlen\u00fcl v\u00e1r.\u0150szbe borul a term\u00e9szet, bek\u00f6sz\u00f6nt a t\u00e9l,Elm\u00falik a fiatals\u00e1g, s v\u00e9g\u00e9hez \u00e9r,Az \u00f6regkor, ha elj\u00f6n, csak tr\u00e9f\u00e1b\u00f3l \u00edg\u00e9r.A j\u00f6v\u0151nk m\u00e1r a m\u00faltunk lett s eml\u00e9k\u00fcnkben \u00e9l,Aj\u00e1nd\u00e9kk\u00e1 v\u00e1lt a holnap \u00e9s ... Olvass tov\u00e1bb","og_url":"https:\/\/bozsogiattila.hu\/?p=331","og_site_name":"Bozsogi Attila","article_published_time":"2002-12-05T12:43:00+00:00","article_modified_time":"2024-01-06T12:44:32+00:00","author":"Bozsogi Attila","twitter_card":"summary_large_image","twitter_misc":{"Szerz\u0151:":"Bozsogi Attila","Becs\u00fclt olvas\u00e1si id\u0151":"3 perc"},"schema":{"@context":"https:\/\/schema.org","@graph":[{"@type":"WebPage","@id":"https:\/\/bozsogiattila.hu\/?p=331","url":"https:\/\/bozsogiattila.hu\/?p=331","name":"GONDOLATOK - Bozsogi Attila","isPartOf":{"@id":"https:\/\/bozsogiattila.hu\/#website"},"datePublished":"2002-12-05T12:43:00+00:00","dateModified":"2024-01-06T12:44:32+00:00","author":{"@id":"https:\/\/bozsogiattila.hu\/#\/schema\/person\/488c99f554a8c4039201260dd5eb795e"},"breadcrumb":{"@id":"https:\/\/bozsogiattila.hu\/?p=331#breadcrumb"},"inLanguage":"hu","potentialAction":[{"@type":"ReadAction","target":["https:\/\/bozsogiattila.hu\/?p=331"]}]},{"@type":"BreadcrumbList","@id":"https:\/\/bozsogiattila.hu\/?p=331#breadcrumb","itemListElement":[{"@type":"ListItem","position":1,"name":"Kezd\u0151lap","item":"https:\/\/bozsogiattila.hu\/"},{"@type":"ListItem","position":2,"name":"GONDOLATOK"}]},{"@type":"WebSite","@id":"https:\/\/bozsogiattila.hu\/#website","url":"https:\/\/bozsogiattila.hu\/","name":"Bozsogi Attila","description":"a zen\u00e9sz, \u00edr\u00f3 munk\u00e1ss\u00e1g\u00e1nak \u00e9s a mak\u00f3i muzsikusok eml\u00e9k\u00e9t \u0151rz\u0151 oldal","potentialAction":[{"@type":"SearchAction","target":{"@type":"EntryPoint","urlTemplate":"https:\/\/bozsogiattila.hu\/?s={search_term_string}"},"query-input":"required name=search_term_string"}],"inLanguage":"hu"},{"@type":"Person","@id":"https:\/\/bozsogiattila.hu\/#\/schema\/person\/488c99f554a8c4039201260dd5eb795e","name":"Bozsogi Attila","image":{"@type":"ImageObject","inLanguage":"hu","@id":"https:\/\/bozsogiattila.hu\/#\/schema\/person\/image\/","url":"https:\/\/secure.gravatar.com\/avatar\/7da6b5985e34ed798d1670c54ce7d20e6a53b800bb0c07945c64b09392f3dbfd?s=96&d=mm&r=g","contentUrl":"https:\/\/secure.gravatar.com\/avatar\/7da6b5985e34ed798d1670c54ce7d20e6a53b800bb0c07945c64b09392f3dbfd?s=96&d=mm&r=g","caption":"Bozsogi Attila"},"sameAs":["http:\/\/www.boszogiattila.hu"],"url":"https:\/\/bozsogiattila.hu\/?author=3"}]}},"jetpack_featured_media_url":"","_links":{"self":[{"href":"https:\/\/bozsogiattila.hu\/index.php?rest_route=\/wp\/v2\/posts\/331","targetHints":{"allow":["GET"]}}],"collection":[{"href":"https:\/\/bozsogiattila.hu\/index.php?rest_route=\/wp\/v2\/posts"}],"about":[{"href":"https:\/\/bozsogiattila.hu\/index.php?rest_route=\/wp\/v2\/types\/post"}],"author":[{"embeddable":true,"href":"https:\/\/bozsogiattila.hu\/index.php?rest_route=\/wp\/v2\/users\/3"}],"replies":[{"embeddable":true,"href":"https:\/\/bozsogiattila.hu\/index.php?rest_route=%2Fwp%2Fv2%2Fcomments&post=331"}],"version-history":[{"count":1,"href":"https:\/\/bozsogiattila.hu\/index.php?rest_route=\/wp\/v2\/posts\/331\/revisions"}],"predecessor-version":[{"id":333,"href":"https:\/\/bozsogiattila.hu\/index.php?rest_route=\/wp\/v2\/posts\/331\/revisions\/333"}],"wp:attachment":[{"href":"https:\/\/bozsogiattila.hu\/index.php?rest_route=%2Fwp%2Fv2%2Fmedia&parent=331"}],"wp:term":[{"taxonomy":"category","embeddable":true,"href":"https:\/\/bozsogiattila.hu\/index.php?rest_route=%2Fwp%2Fv2%2Fcategories&post=331"},{"taxonomy":"post_tag","embeddable":true,"href":"https:\/\/bozsogiattila.hu\/index.php?rest_route=%2Fwp%2Fv2%2Ftags&post=331"}],"curies":[{"name":"wp","href":"https:\/\/api.w.org\/{rel}","templated":true}]}}