{"id":347,"date":"2003-08-14T12:58:00","date_gmt":"2003-08-14T12:58:00","guid":{"rendered":"https:\/\/bozsogiattila.hu\/?p=347"},"modified":"2024-01-06T13:02:25","modified_gmt":"2024-01-06T13:02:25","slug":"halottak-napjara","status":"publish","type":"post","link":"https:\/\/bozsogiattila.hu\/?p=347","title":{"rendered":"HALOTTAK NAPJ\u00c1RA"},"content":{"rendered":"\n<p class=\"wp-block-paragraph\">HALOTTAK NAPJ\u00c1RA<\/p>\n\n\n\n<p class=\"wp-block-paragraph\">A falevelek lehullnak,<br>B\u00facs\u00fazik a ny\u00e1rut\u00f3.<br>A term\u00e9szet pihenni t\u00e9r,<br>S az \u0151szi sz\u00e9l v\u00e1rhat\u00f3.<\/p>\n\n\n\n<p class=\"wp-block-paragraph\">A f\u00e1k csupasz \u00e1gaikkal,<br>Az \u00e9g fel\u00e9 merednek,<br>T\u00e9li \u00e1lmukat alussz\u00e1k,<br>S kop\u00e1r lett a kikelet.<\/p>\n\n\n\n<p class=\"wp-block-paragraph\">K\u00f6d bor\u00edtja be a t\u00e1jat,<br>Fagyos, rideg \/a\/ hangulat,<br>A tavasznak \u00e9s a ny\u00e1rnak,<br>H\u00edrmond\u00f3ja sem maradt.<\/p>\n\n\n\n<p class=\"wp-block-paragraph\">Egy hely van, hol a csend honol,<br>Mit sok vir\u00e1g \u00e9kes\u00edt,<br>Gyerty\u00e1k f\u00e9nye vil\u00e1g\u00edtja,<br>Szeretteink nyughelyit.<\/p>\n\n\n\n<p class=\"wp-block-paragraph\">Egym\u00e1s mellett nyugszik csendben,<br>Pand\u00far, rabl\u00f3 \u00e9s b\u00edr\u00f3.<br>Ap\u00e1ca \u00e9s a kokott n\u0151,<br>Pap \u00e9s Isten tagad\u00f3.<\/p>\n\n\n\n<p class=\"wp-block-paragraph\">Orvos mellett a betege,<br>\u00c1pol\u00f3 \u00e9s az \u00e1polt.<br>Bank\u00e1r, koldus, szeg\u00e9ny ember,<br>\u00c9s ki egykor gazdag volt.<\/p>\n\n\n\n<p class=\"wp-block-paragraph\">\u00cdr\u00f3 \u00e9s analfab\u00e9ta,<br>H\u00f3h\u00e9r \u00e9s az akasztott,<br>Tan\u00e1r \u00e9s a tan\u00edtv\u00e1nya,<br>S az is, aki megbukott.<\/p>\n\n\n\n<p class=\"wp-block-paragraph\">Zen\u00e9sz \u00e9s a botf\u00fcl\u0171ek,<br>Dalnok \u00e9s siketn\u00e9ma,<br>Kocsm\u00e1ros \u00e9s a pinc\u00e9rek,<br>S a becsapottak hada.<\/p>\n\n\n\n<p class=\"wp-block-paragraph\">H\u0151si halott, vit\u00e9z, gy\u00e1va,<br>\u00c1rul\u00f3 \u00e9s el\u00e1rult.<br>Miniszter \u00e9s k\u00e9pvisel\u0151,<br>Sanyargatott, el\u00e1rvult.<\/p>\n\n\n\n<p class=\"wp-block-paragraph\">Filiszter \u00e9s polg\u00e1rmester,<br>\u00dcgyv\u00e9d \u00e9s \u00fcgyv\u00e9dbojt\u00e1r.<br>Tervez\u0151 \u00e9s terveztet\u0151,<br>\u00c9s aki hozz\u00e1juk j\u00e1r.<\/p>\n\n\n\n<p class=\"wp-block-paragraph\">V\u00e1llalkoz\u00f3, munkaad\u00f3<br>\u00c9s munkan\u00e9lk\u00fcliek.<br>T\u0171zolt\u00f3 \u00e9s gy\u00fajtogat\u00f3,<br>Egy\u00fctt itt mind megf\u00e9rnek.<\/p>\n\n\n\n<p class=\"wp-block-paragraph\">Mikor r\u00e1juk eml\u00e9kez\u00fcnk,<br>Sz\u00edv\u00fcnk \u00e9rt\u00fck megdobban,<br>A szeretet visz hozz\u00e1juk,<br>Halottaknak-napja van.<\/p>\n\n\n\n<p class=\"wp-block-paragraph\">S\u00edrhantjukn\u00e1l fejet hajtunk,<br>K\u00f6nnyes szemmel \u00e1llunk ott,<br>Nem felejtj\u00fck soha azt el,<br>Aki \u00e9rt\u00fcnk dolgozott.<\/p>\n\n\n\n<p class=\"wp-block-paragraph\">Gyerty\u00e1t gy\u00fajtunk tisztelettel,<br>A koszor\u00faik mellett,<br>\u00dcnnep van a temet\u0151ben,<br>F\u00e1j\u00f3 n\u00e9ma kegyelet.<\/p>\n\n\n\n<p class=\"wp-block-paragraph\">Sz\u00fcl\u0151nek nincs rossz gyermeke,<br>S ott mindenki egyforma,<br>Egyenl\u0151s\u00e9g uralkodik,<br>Minden egyes s\u00edrhantba\u2019.<\/p>\n\n\n\n<p class=\"wp-block-paragraph\">\u0150seink kik \u00e9rt\u00fcnk haltak,<br>B\u00e9kess\u00e9gben nyughatnak,<br>Szeretet \u00f6vezi \u0151ket,<br>Nem csak egy, &#8211; de minden nap!<\/p>\n\n\n\n<p class=\"wp-block-paragraph\">Mak\u00f3, 2003. 08. 14<\/p>\n\n\n\n<p class=\"wp-block-paragraph\">.<\/p>\n","protected":false},"excerpt":{"rendered":"<p>HALOTTAK NAPJ\u00c1RA A falevelek lehullnak,B\u00facs\u00fazik a ny\u00e1rut\u00f3.A term\u00e9szet pihenni t\u00e9r,S az \u0151szi sz\u00e9l v\u00e1rhat\u00f3. A f\u00e1k csupasz \u00e1gaikkal,Az \u00e9g fel\u00e9 merednek,T\u00e9li \u00e1lmukat alussz\u00e1k,S kop\u00e1r lett a kikelet. K\u00f6d bor\u00edtja be a t\u00e1jat,Fagyos, rideg \/a\/ hangulat,A tavasznak \u00e9s a ny\u00e1rnak,H\u00edrmond\u00f3ja sem maradt. Egy hely van, hol a csend honol,Mit sok vir\u00e1g \u00e9kes\u00edt,Gyerty\u00e1k f\u00e9nye vil\u00e1g\u00edtja,Szeretteink nyughelyit. Egym\u00e1s &#8230; <a title=\"HALOTTAK NAPJ\u00c1RA\" class=\"read-more\" href=\"https:\/\/bozsogiattila.hu\/?p=347\" aria-label=\"Tov\u00e1bbiak HALOTTAK NAPJ\u00c1RA\">Olvass tov\u00e1bb<\/a><\/p>\n","protected":false},"author":3,"featured_media":0,"comment_status":"closed","ping_status":"open","sticky":false,"template":"","format":"standard","meta":{"footnotes":""},"categories":[4],"tags":[11,70,130,12],"class_list":["post-347","post","type-post","status-publish","format-standard","hentry","category-versek","tag-11","tag-elmulas","tag-halottak-napja","tag-mako"],"yoast_head":"<!-- This site is optimized with the Yoast SEO plugin v21.8 - https:\/\/yoast.com\/wordpress\/plugins\/seo\/ -->\n<title>HALOTTAK NAPJ\u00c1RA - Bozsogi Attila<\/title>\n<meta name=\"robots\" content=\"index, follow, max-snippet:-1, max-image-preview:large, max-video-preview:-1\" \/>\n<link rel=\"canonical\" href=\"https:\/\/bozsogiattila.hu\/?p=347\" \/>\n<meta property=\"og:locale\" content=\"hu_HU\" \/>\n<meta property=\"og:type\" content=\"article\" \/>\n<meta property=\"og:title\" content=\"HALOTTAK NAPJ\u00c1RA - Bozsogi Attila\" \/>\n<meta property=\"og:description\" content=\"HALOTTAK NAPJ\u00c1RA A falevelek lehullnak,B\u00facs\u00fazik a ny\u00e1rut\u00f3.A term\u00e9szet pihenni t\u00e9r,S az \u0151szi sz\u00e9l v\u00e1rhat\u00f3. A f\u00e1k csupasz \u00e1gaikkal,Az \u00e9g fel\u00e9 merednek,T\u00e9li \u00e1lmukat alussz\u00e1k,S kop\u00e1r lett a kikelet. K\u00f6d bor\u00edtja be a t\u00e1jat,Fagyos, rideg \/a\/ hangulat,A tavasznak \u00e9s a ny\u00e1rnak,H\u00edrmond\u00f3ja sem maradt. Egy hely van, hol a csend honol,Mit sok vir\u00e1g \u00e9kes\u00edt,Gyerty\u00e1k f\u00e9nye vil\u00e1g\u00edtja,Szeretteink nyughelyit. Egym\u00e1s ... Olvass tov\u00e1bb\" \/>\n<meta property=\"og:url\" content=\"https:\/\/bozsogiattila.hu\/?p=347\" \/>\n<meta property=\"og:site_name\" content=\"Bozsogi Attila\" \/>\n<meta property=\"article:published_time\" content=\"2003-08-14T12:58:00+00:00\" \/>\n<meta property=\"article:modified_time\" content=\"2024-01-06T13:02:25+00:00\" \/>\n<meta name=\"author\" content=\"Bozsogi Attila\" \/>\n<meta name=\"twitter:card\" content=\"summary_large_image\" \/>\n<meta name=\"twitter:label1\" content=\"Szerz\u0151:\" \/>\n\t<meta name=\"twitter:data1\" content=\"Bozsogi Attila\" \/>\n\t<meta name=\"twitter:label2\" content=\"Becs\u00fclt olvas\u00e1si id\u0151\" \/>\n\t<meta name=\"twitter:data2\" content=\"2 perc\" \/>\n<script type=\"application\/ld+json\" class=\"yoast-schema-graph\">{\"@context\":\"https:\/\/schema.org\",\"@graph\":[{\"@type\":\"WebPage\",\"@id\":\"https:\/\/bozsogiattila.hu\/?p=347\",\"url\":\"https:\/\/bozsogiattila.hu\/?p=347\",\"name\":\"HALOTTAK NAPJ\u00c1RA - Bozsogi Attila\",\"isPartOf\":{\"@id\":\"https:\/\/bozsogiattila.hu\/#website\"},\"datePublished\":\"2003-08-14T12:58:00+00:00\",\"dateModified\":\"2024-01-06T13:02:25+00:00\",\"author\":{\"@id\":\"https:\/\/bozsogiattila.hu\/#\/schema\/person\/488c99f554a8c4039201260dd5eb795e\"},\"breadcrumb\":{\"@id\":\"https:\/\/bozsogiattila.hu\/?p=347#breadcrumb\"},\"inLanguage\":\"hu\",\"potentialAction\":[{\"@type\":\"ReadAction\",\"target\":[\"https:\/\/bozsogiattila.hu\/?p=347\"]}]},{\"@type\":\"BreadcrumbList\",\"@id\":\"https:\/\/bozsogiattila.hu\/?p=347#breadcrumb\",\"itemListElement\":[{\"@type\":\"ListItem\",\"position\":1,\"name\":\"Kezd\u0151lap\",\"item\":\"https:\/\/bozsogiattila.hu\/\"},{\"@type\":\"ListItem\",\"position\":2,\"name\":\"HALOTTAK NAPJ\u00c1RA\"}]},{\"@type\":\"WebSite\",\"@id\":\"https:\/\/bozsogiattila.hu\/#website\",\"url\":\"https:\/\/bozsogiattila.hu\/\",\"name\":\"Bozsogi Attila\",\"description\":\"a zen\u00e9sz, \u00edr\u00f3 munk\u00e1ss\u00e1g\u00e1nak \u00e9s a mak\u00f3i muzsikusok eml\u00e9k\u00e9t \u0151rz\u0151 oldal\",\"potentialAction\":[{\"@type\":\"SearchAction\",\"target\":{\"@type\":\"EntryPoint\",\"urlTemplate\":\"https:\/\/bozsogiattila.hu\/?s={search_term_string}\"},\"query-input\":\"required name=search_term_string\"}],\"inLanguage\":\"hu\"},{\"@type\":\"Person\",\"@id\":\"https:\/\/bozsogiattila.hu\/#\/schema\/person\/488c99f554a8c4039201260dd5eb795e\",\"name\":\"Bozsogi Attila\",\"image\":{\"@type\":\"ImageObject\",\"inLanguage\":\"hu\",\"@id\":\"https:\/\/bozsogiattila.hu\/#\/schema\/person\/image\/\",\"url\":\"https:\/\/secure.gravatar.com\/avatar\/7da6b5985e34ed798d1670c54ce7d20e6a53b800bb0c07945c64b09392f3dbfd?s=96&d=mm&r=g\",\"contentUrl\":\"https:\/\/secure.gravatar.com\/avatar\/7da6b5985e34ed798d1670c54ce7d20e6a53b800bb0c07945c64b09392f3dbfd?s=96&d=mm&r=g\",\"caption\":\"Bozsogi Attila\"},\"sameAs\":[\"http:\/\/www.boszogiattila.hu\"],\"url\":\"https:\/\/bozsogiattila.hu\/?author=3\"}]}<\/script>\n<!-- \/ Yoast SEO plugin. -->","yoast_head_json":{"title":"HALOTTAK NAPJ\u00c1RA - Bozsogi Attila","robots":{"index":"index","follow":"follow","max-snippet":"max-snippet:-1","max-image-preview":"max-image-preview:large","max-video-preview":"max-video-preview:-1"},"canonical":"https:\/\/bozsogiattila.hu\/?p=347","og_locale":"hu_HU","og_type":"article","og_title":"HALOTTAK NAPJ\u00c1RA - Bozsogi Attila","og_description":"HALOTTAK NAPJ\u00c1RA A falevelek lehullnak,B\u00facs\u00fazik a ny\u00e1rut\u00f3.A term\u00e9szet pihenni t\u00e9r,S az \u0151szi sz\u00e9l v\u00e1rhat\u00f3. A f\u00e1k csupasz \u00e1gaikkal,Az \u00e9g fel\u00e9 merednek,T\u00e9li \u00e1lmukat alussz\u00e1k,S kop\u00e1r lett a kikelet. K\u00f6d bor\u00edtja be a t\u00e1jat,Fagyos, rideg \/a\/ hangulat,A tavasznak \u00e9s a ny\u00e1rnak,H\u00edrmond\u00f3ja sem maradt. Egy hely van, hol a csend honol,Mit sok vir\u00e1g \u00e9kes\u00edt,Gyerty\u00e1k f\u00e9nye vil\u00e1g\u00edtja,Szeretteink nyughelyit. Egym\u00e1s ... Olvass tov\u00e1bb","og_url":"https:\/\/bozsogiattila.hu\/?p=347","og_site_name":"Bozsogi Attila","article_published_time":"2003-08-14T12:58:00+00:00","article_modified_time":"2024-01-06T13:02:25+00:00","author":"Bozsogi Attila","twitter_card":"summary_large_image","twitter_misc":{"Szerz\u0151:":"Bozsogi Attila","Becs\u00fclt olvas\u00e1si id\u0151":"2 perc"},"schema":{"@context":"https:\/\/schema.org","@graph":[{"@type":"WebPage","@id":"https:\/\/bozsogiattila.hu\/?p=347","url":"https:\/\/bozsogiattila.hu\/?p=347","name":"HALOTTAK NAPJ\u00c1RA - Bozsogi Attila","isPartOf":{"@id":"https:\/\/bozsogiattila.hu\/#website"},"datePublished":"2003-08-14T12:58:00+00:00","dateModified":"2024-01-06T13:02:25+00:00","author":{"@id":"https:\/\/bozsogiattila.hu\/#\/schema\/person\/488c99f554a8c4039201260dd5eb795e"},"breadcrumb":{"@id":"https:\/\/bozsogiattila.hu\/?p=347#breadcrumb"},"inLanguage":"hu","potentialAction":[{"@type":"ReadAction","target":["https:\/\/bozsogiattila.hu\/?p=347"]}]},{"@type":"BreadcrumbList","@id":"https:\/\/bozsogiattila.hu\/?p=347#breadcrumb","itemListElement":[{"@type":"ListItem","position":1,"name":"Kezd\u0151lap","item":"https:\/\/bozsogiattila.hu\/"},{"@type":"ListItem","position":2,"name":"HALOTTAK NAPJ\u00c1RA"}]},{"@type":"WebSite","@id":"https:\/\/bozsogiattila.hu\/#website","url":"https:\/\/bozsogiattila.hu\/","name":"Bozsogi Attila","description":"a zen\u00e9sz, \u00edr\u00f3 munk\u00e1ss\u00e1g\u00e1nak \u00e9s a mak\u00f3i muzsikusok eml\u00e9k\u00e9t \u0151rz\u0151 oldal","potentialAction":[{"@type":"SearchAction","target":{"@type":"EntryPoint","urlTemplate":"https:\/\/bozsogiattila.hu\/?s={search_term_string}"},"query-input":"required name=search_term_string"}],"inLanguage":"hu"},{"@type":"Person","@id":"https:\/\/bozsogiattila.hu\/#\/schema\/person\/488c99f554a8c4039201260dd5eb795e","name":"Bozsogi Attila","image":{"@type":"ImageObject","inLanguage":"hu","@id":"https:\/\/bozsogiattila.hu\/#\/schema\/person\/image\/","url":"https:\/\/secure.gravatar.com\/avatar\/7da6b5985e34ed798d1670c54ce7d20e6a53b800bb0c07945c64b09392f3dbfd?s=96&d=mm&r=g","contentUrl":"https:\/\/secure.gravatar.com\/avatar\/7da6b5985e34ed798d1670c54ce7d20e6a53b800bb0c07945c64b09392f3dbfd?s=96&d=mm&r=g","caption":"Bozsogi Attila"},"sameAs":["http:\/\/www.boszogiattila.hu"],"url":"https:\/\/bozsogiattila.hu\/?author=3"}]}},"jetpack_featured_media_url":"","_links":{"self":[{"href":"https:\/\/bozsogiattila.hu\/index.php?rest_route=\/wp\/v2\/posts\/347","targetHints":{"allow":["GET"]}}],"collection":[{"href":"https:\/\/bozsogiattila.hu\/index.php?rest_route=\/wp\/v2\/posts"}],"about":[{"href":"https:\/\/bozsogiattila.hu\/index.php?rest_route=\/wp\/v2\/types\/post"}],"author":[{"embeddable":true,"href":"https:\/\/bozsogiattila.hu\/index.php?rest_route=\/wp\/v2\/users\/3"}],"replies":[{"embeddable":true,"href":"https:\/\/bozsogiattila.hu\/index.php?rest_route=%2Fwp%2Fv2%2Fcomments&post=347"}],"version-history":[{"count":1,"href":"https:\/\/bozsogiattila.hu\/index.php?rest_route=\/wp\/v2\/posts\/347\/revisions"}],"predecessor-version":[{"id":353,"href":"https:\/\/bozsogiattila.hu\/index.php?rest_route=\/wp\/v2\/posts\/347\/revisions\/353"}],"wp:attachment":[{"href":"https:\/\/bozsogiattila.hu\/index.php?rest_route=%2Fwp%2Fv2%2Fmedia&parent=347"}],"wp:term":[{"taxonomy":"category","embeddable":true,"href":"https:\/\/bozsogiattila.hu\/index.php?rest_route=%2Fwp%2Fv2%2Fcategories&post=347"},{"taxonomy":"post_tag","embeddable":true,"href":"https:\/\/bozsogiattila.hu\/index.php?rest_route=%2Fwp%2Fv2%2Ftags&post=347"}],"curies":[{"name":"wp","href":"https:\/\/api.w.org\/{rel}","templated":true}]}}